{"id":4714,"date":"2022-06-17T18:00:00","date_gmt":"2022-06-17T21:00:00","guid":{"rendered":"https:\/\/fadeu.urantiacos.cl\/?p=4714"},"modified":"2023-09-04T18:05:06","modified_gmt":"2023-09-04T21:05:06","slug":"planes-metropolitanos-en-iberoamerica-culturas-e-instrumentos-lanzamiento-de-libro","status":"publish","type":"post","link":"https:\/\/fadeu.urantiacos.cl\/en\/2022\/06\/17\/planes-metropolitanos-en-iberoamerica-culturas-e-instrumentos-lanzamiento-de-libro\/","title":{"rendered":"Planes Metropolitanos en Iberoam\u00e9rica: Culturas e Instrumentos | Lanzamiento de libro"},"content":{"rendered":"\n<figure class=\"wp-block-image size-full\"><img decoding=\"async\" width=\"350\" height=\"250\" src=\"https:\/\/fadeu.urantiacos.cl\/wp-content\/uploads\/2023\/09\/MANE_LANZAMIENTO_LIBRO.png\" alt=\"\" class=\"wp-image-4715\" srcset=\"https:\/\/fadeu.urantiacos.cl\/wp-content\/uploads\/2023\/09\/MANE_LANZAMIENTO_LIBRO.png 350w, https:\/\/fadeu.urantiacos.cl\/wp-content\/uploads\/2023\/09\/MANE_LANZAMIENTO_LIBRO-300x214.png 300w\" sizes=\"(max-width: 350px) 100vw, 350px\" \/><\/figure>\n\n\n\n<p>La actividad fue encabezada por el Decano de la Facultad de Arquitectura, Dise\u00f1o y Estudios Urbanos, Mario Ubilla; una de las editoras y presentadora del libro, adem\u00e1s de Directora de Investigaci\u00f3n y Postgrado FADEU, Magdalena Vicu\u00f1a; la Directora de Comunicaciones de la Facultad, Macarena Cort\u00e9s; el Director del Instituto de Estudios Urbanos y Territoriales, Luis Fuentes; acad\u00e9micos\/as y estudiantes. Adem\u00e1s, cont\u00f3 con los comentarios del profesor de Geograf\u00eda de la Universidad Aut\u00f3noma de Barcelona, Oriol Nel-lo.<\/p>\n\n\n\n<p>Rese\u00f1a del libro<\/p>\n\n\n\n<p>Si bien las \u00e1reas metropolitanas han sido ampliamente estudiadas, las pol\u00edticas e instrumentos de planeamiento que han intentado conducir el devenir de estas enormes aglomeraciones urbanas han sido objeto de menor atenci\u00f3n, especialmente en el contexto iberoamericano.<\/p>\n\n\n\n<p>Este libro tiene como fin comprender el alcance de los planes metropolitanos y sus componentes, el proceso que deriva en su concreci\u00f3n, as\u00ed como la cr\u00edtica asociada a sus logros y limitaciones. Se compilan aqu\u00ed diecinueve estudios de caso, incluyendo colaboraciones de Argentina (Buenos Aires y Rosario), Brasil (Curitiba, R\u00edo de Janeiro y S\u00e3o Paulo), Chile (Concepci\u00f3n y Santiago), Colombia (Medell\u00edn), Espa\u00f1a (Barcelona, Madrid, Granada y Valencia), M\u00e9xico (Ciudad de M\u00e9xico y Guadalajara), Portugal (Lisboa y Oporto), Uruguay (Montevideo) y Venezuela (Caracas).<\/p>\n\n\n\n<p>Impresiones<\/p>\n\n\n\n<p>\u201cCon este libro se mantiene la rigurosa persistencia del Instituto de Estudios Urbanos por adentrarse en los problemas de la ciudad y el territorio\u201d, afirm\u00f3 el Decano Ubilla, agregando, adem\u00e1s, que \u201ces un libro tan t\u00e9cnico como acad\u00e9mico, que no solo propone an\u00e1lisis, sino tambi\u00e9n una mirada adelantada hacia lo que las metr\u00f3polis o regiones podr\u00e1n ser\u201d.<\/p>\n\n\n\n<p>\u201cSabemos de lo sublime de la ciudad en el contexto universal para el desarrollo bueno de la humanidad, y por eso le exigimos mucho, y de alguna manera este libro es un espacio de tiempo donde hay arquitectura, urbanismo y paisaje, y para reflexionar en un marco acad\u00e9mico para generar nuevo conocimiento en los estudios urbanos y en materia de planificaci\u00f3n urbana. Este libro reconoce la necesidad del enfoque integrado, amplio e interdisciplinario para el ejercicio de la planificaci\u00f3n y la proyecci\u00f3n de las ciudades futuras\u201d, agreg\u00f3 Ubilla.<\/p>\n\n\n\n<p>Magdalena Vicu\u00f1a, en el contexto de la presentaci\u00f3n del libro, advirti\u00f3 que \u201cen el contexto latinoamericano, la mayor\u00eda de los trabajos se han enfocado en estudios de casos individuales o en miradas sectoriales, econ\u00f3micas e institucionales asociadas a dimensiones como gobernanza y competitividad. En el contexto iberoamericano, los referentes conceptuales y profesionales del planeamiento no han consolidado necesariamente un campo de investigaci\u00f3n en planificaci\u00f3n metropolitana. Los aportes en castellano o en portugu\u00e9s tienen escaso impacto global o cuentan con un menor contenido conceptual y metodol\u00f3gico respecto a la tradici\u00f3n del Norte Global que despliega un entramado te\u00f3rico bastante m\u00e1s consolidado, y transversalmente reconocido en el \u00e1mbito cient\u00edfico del planning\u201d.<\/p>\n\n\n\n<p>De esta manera, dijo, \u201clos objetivos que nos planteamos para este libro han sido Relevar el enorme acervo en materia de planeamiento metropolitano en la Regi\u00f3n y recoger elementos que posteriormente permitir\u00e1n sistematizar y conceptualizar los planes metropolitanos, en tanto productos de una determinada cultura y geograf\u00eda, promoviendo el conocimiento comparado como objeto metodol\u00f3gico de investigaci\u00f3n\u201d.<\/p>\n\n\n\n<p>\u201cEsperamos contribuir con una casu\u00edstica s\u00f3lida, que permita identificar o dar pistas de los rasgos de una posible cultura o culturas del planeamiento en Iberoam\u00e9rica, basadas precisamente en la premisa de que la complejidad de la escala metropolitana y los contextos pol\u00edtico-administrativos particulares conllevan respuestas institucionales espec\u00edficas\u201d, agreg\u00f3 Vicu\u00f1a.<\/p>\n\n\n\n<p>Puedes ver el lanzamiento completo nuevamente a trav\u00e9s de nuestro Canal de YouTube:&nbsp;<a href=\"https:\/\/www.youtube.com\/watch?v=Cgnqqi4-M0g\">https:\/\/www.youtube.com\/watch?v=Cgnqqi4-M0g<\/a><\/p>\n\n\n\n<h4 class=\"wp-block-heading\">Si quieres tener acceso al libro, puedes obtenerlo a trav\u00e9s de RIL Editores:\u00a0<a href=\"https:\/\/rileditores.com\/\">https:\/\/rileditores.com\/<\/a><\/h4>\n\n\n\n<figure class=\"wp-block-image size-large\"><img decoding=\"async\" width=\"932\" height=\"1024\" src=\"https:\/\/fadeu.urantiacos.cl\/wp-content\/uploads\/2023\/09\/WhatsApp-Image-2022-06-16-at-9.54.02-AM-932x1024.jpg\" alt=\"\" class=\"wp-image-4716\" srcset=\"https:\/\/fadeu.urantiacos.cl\/wp-content\/uploads\/2023\/09\/WhatsApp-Image-2022-06-16-at-9.54.02-AM-932x1024.jpg 932w, https:\/\/fadeu.urantiacos.cl\/wp-content\/uploads\/2023\/09\/WhatsApp-Image-2022-06-16-at-9.54.02-AM-273x300.jpg 273w, https:\/\/fadeu.urantiacos.cl\/wp-content\/uploads\/2023\/09\/WhatsApp-Image-2022-06-16-at-9.54.02-AM-768x844.jpg 768w, https:\/\/fadeu.urantiacos.cl\/wp-content\/uploads\/2023\/09\/WhatsApp-Image-2022-06-16-at-9.54.02-AM.jpg 1092w\" sizes=\"(max-width: 932px) 100vw, 932px\" \/><\/figure>\n","protected":false},"excerpt":{"rendered":"<p>En el auditorio Fernando Castillo Velasco, de la escuela de Arquitectura UC, fue lanzado el libro titulado \u201cPlanes Metropolitanos en Iberoam\u00e9rica: Culturas e Instrumentos\u201d, editado por Magdalena Vicu\u00f1a, Luis Miguel Valenzuela y Pablo Elinbaum, en conjunto con RIL Editores y el Instituto de Estudios Urbanos y Territoriales, al alero de la Colecci\u00f3n Estudios Urbanos.<\/p>\n","protected":false},"author":1,"featured_media":4715,"comment_status":"open","ping_status":"open","sticky":false,"template":"","format":"standard","meta":{"_acf_changed":false,"footnotes":""},"categories":[1],"tags":[],"class_list":["post-4714","post","type-post","status-publish","format-standard","has-post-thumbnail","hentry","category-sin-categorizar"],"acf":[],"yoast_head":"<!-- This site is optimized with the Yoast SEO plugin v27.1.1 - https:\/\/yoast.com\/product\/yoast-seo-wordpress\/ -->\n<title>Planes Metropolitanos en Iberoam\u00e9rica: Culturas e Instrumentos | Lanzamiento de libro - Facultad de Arquitectura, Dise\u00f1o y Estudios Urbanos<\/title>\n<meta name=\"description\" content=\"En el auditorio Fernando Castillo Velasco, de la escuela de Arquitectura UC, fue lanzado el libro titulado \u201cPlanes Metropolitanos en Iberoam\u00e9rica: Culturas e Instrumentos\u201d, editado por Magdalena Vicu\u00f1a, Luis Miguel Valenzuela y Pablo Elinbaum, en conjunto con RIL Editores y el Instituto de Estudios Urbanos y Territoriales, al alero de la Colecci\u00f3n Estudios Urbanos.\" \/>\n<meta name=\"robots\" content=\"index, follow, max-snippet:-1, max-image-preview:large, max-video-preview:-1\" \/>\n<link rel=\"canonical\" href=\"https:\/\/fadeu.urantiacos.cl\/en\/2022\/06\/17\/planes-metropolitanos-en-iberoamerica-culturas-e-instrumentos-lanzamiento-de-libro\/\" \/>\n<meta property=\"og:locale\" content=\"en_US\" \/>\n<meta property=\"og:type\" content=\"article\" \/>\n<meta property=\"og:title\" content=\"Planes Metropolitanos en Iberoam\u00e9rica: Culturas e Instrumentos | Lanzamiento de libro - Facultad de Arquitectura, Dise\u00f1o y Estudios Urbanos\" \/>\n<meta property=\"og:description\" content=\"En el auditorio Fernando Castillo Velasco, de la escuela de Arquitectura UC, fue lanzado el libro titulado \u201cPlanes Metropolitanos en Iberoam\u00e9rica: Culturas e Instrumentos\u201d, editado por Magdalena Vicu\u00f1a, Luis Miguel Valenzuela y Pablo Elinbaum, en conjunto con RIL Editores y el Instituto de Estudios Urbanos y Territoriales, al alero de la Colecci\u00f3n Estudios Urbanos.\" \/>\n<meta property=\"og:url\" content=\"https:\/\/fadeu.urantiacos.cl\/en\/2022\/06\/17\/planes-metropolitanos-en-iberoamerica-culturas-e-instrumentos-lanzamiento-de-libro\/\" \/>\n<meta property=\"og:site_name\" content=\"Facultad de Arquitectura, Dise\u00f1o y Estudios Urbanos\" \/>\n<meta property=\"article:published_time\" content=\"2022-06-17T21:00:00+00:00\" \/>\n<meta property=\"article:modified_time\" content=\"2023-09-04T21:05:06+00:00\" \/>\n<meta property=\"og:image\" content=\"https:\/\/fadeu.urantiacos.cl\/wp-content\/uploads\/2023\/09\/MANE_LANZAMIENTO_LIBRO.png\" \/>\n\t<meta property=\"og:image:width\" content=\"350\" \/>\n\t<meta property=\"og:image:height\" content=\"250\" \/>\n\t<meta property=\"og:image:type\" content=\"image\/png\" \/>\n<meta name=\"author\" content=\"manadmin\" \/>\n<meta name=\"twitter:card\" content=\"summary_large_image\" \/>\n<meta name=\"twitter:label1\" content=\"Written by\" \/>\n\t<meta name=\"twitter:data1\" content=\"manadmin\" \/>\n\t<meta name=\"twitter:label2\" content=\"Est. reading time\" \/>\n\t<meta name=\"twitter:data2\" content=\"3 minutes\" \/>\n<script type=\"application\/ld+json\" class=\"yoast-schema-graph\">{\"@context\":\"https:\/\/schema.org\",\"@graph\":[{\"@type\":\"Article\",\"@id\":\"https:\/\/fadeu.urantiacos.cl\/en\/2022\/06\/17\/planes-metropolitanos-en-iberoamerica-culturas-e-instrumentos-lanzamiento-de-libro\/#article\",\"isPartOf\":{\"@id\":\"https:\/\/fadeu.urantiacos.cl\/en\/2022\/06\/17\/planes-metropolitanos-en-iberoamerica-culturas-e-instrumentos-lanzamiento-de-libro\/\"},\"author\":{\"name\":\"manadmin\",\"@id\":\"https:\/\/fadeu.urantiacos.cl\/en\/#\/schema\/person\/d203e2e84b1c40275eac77b3061a19a2\"},\"headline\":\"Planes Metropolitanos en Iberoam\u00e9rica: Culturas e Instrumentos | Lanzamiento de libro\",\"datePublished\":\"2022-06-17T21:00:00+00:00\",\"dateModified\":\"2023-09-04T21:05:06+00:00\",\"mainEntityOfPage\":{\"@id\":\"https:\/\/fadeu.urantiacos.cl\/en\/2022\/06\/17\/planes-metropolitanos-en-iberoamerica-culturas-e-instrumentos-lanzamiento-de-libro\/\"},\"wordCount\":666,\"commentCount\":0,\"image\":{\"@id\":\"https:\/\/fadeu.urantiacos.cl\/en\/2022\/06\/17\/planes-metropolitanos-en-iberoamerica-culturas-e-instrumentos-lanzamiento-de-libro\/#primaryimage\"},\"thumbnailUrl\":\"https:\/\/fadeu.urantiacos.cl\/wp-content\/uploads\/2023\/09\/MANE_LANZAMIENTO_LIBRO.png\",\"articleSection\":[\"Sin categorizar\"],\"inLanguage\":\"en-US\",\"potentialAction\":[{\"@type\":\"CommentAction\",\"name\":\"Comment\",\"target\":[\"https:\/\/fadeu.urantiacos.cl\/en\/2022\/06\/17\/planes-metropolitanos-en-iberoamerica-culturas-e-instrumentos-lanzamiento-de-libro\/#respond\"]}]},{\"@type\":\"WebPage\",\"@id\":\"https:\/\/fadeu.urantiacos.cl\/en\/2022\/06\/17\/planes-metropolitanos-en-iberoamerica-culturas-e-instrumentos-lanzamiento-de-libro\/\",\"url\":\"https:\/\/fadeu.urantiacos.cl\/en\/2022\/06\/17\/planes-metropolitanos-en-iberoamerica-culturas-e-instrumentos-lanzamiento-de-libro\/\",\"name\":\"Planes Metropolitanos en Iberoam\u00e9rica: Culturas e Instrumentos | Lanzamiento de libro - Facultad de Arquitectura, Dise\u00f1o y Estudios Urbanos\",\"isPartOf\":{\"@id\":\"https:\/\/fadeu.urantiacos.cl\/en\/#website\"},\"primaryImageOfPage\":{\"@id\":\"https:\/\/fadeu.urantiacos.cl\/en\/2022\/06\/17\/planes-metropolitanos-en-iberoamerica-culturas-e-instrumentos-lanzamiento-de-libro\/#primaryimage\"},\"image\":{\"@id\":\"https:\/\/fadeu.urantiacos.cl\/en\/2022\/06\/17\/planes-metropolitanos-en-iberoamerica-culturas-e-instrumentos-lanzamiento-de-libro\/#primaryimage\"},\"thumbnailUrl\":\"https:\/\/fadeu.urantiacos.cl\/wp-content\/uploads\/2023\/09\/MANE_LANZAMIENTO_LIBRO.png\",\"datePublished\":\"2022-06-17T21:00:00+00:00\",\"dateModified\":\"2023-09-04T21:05:06+00:00\",\"author\":{\"@id\":\"https:\/\/fadeu.urantiacos.cl\/en\/#\/schema\/person\/d203e2e84b1c40275eac77b3061a19a2\"},\"description\":\"En el auditorio Fernando Castillo Velasco, de la escuela de Arquitectura UC, fue lanzado el libro titulado \u201cPlanes Metropolitanos en Iberoam\u00e9rica: Culturas e Instrumentos\u201d, editado por Magdalena Vicu\u00f1a, Luis Miguel Valenzuela y Pablo Elinbaum, en conjunto con RIL Editores y el Instituto de Estudios Urbanos y Territoriales, al alero de la Colecci\u00f3n Estudios Urbanos.\",\"breadcrumb\":{\"@id\":\"https:\/\/fadeu.urantiacos.cl\/en\/2022\/06\/17\/planes-metropolitanos-en-iberoamerica-culturas-e-instrumentos-lanzamiento-de-libro\/#breadcrumb\"},\"inLanguage\":\"en-US\",\"potentialAction\":[{\"@type\":\"ReadAction\",\"target\":[\"https:\/\/fadeu.urantiacos.cl\/en\/2022\/06\/17\/planes-metropolitanos-en-iberoamerica-culturas-e-instrumentos-lanzamiento-de-libro\/\"]}]},{\"@type\":\"ImageObject\",\"inLanguage\":\"en-US\",\"@id\":\"https:\/\/fadeu.urantiacos.cl\/en\/2022\/06\/17\/planes-metropolitanos-en-iberoamerica-culturas-e-instrumentos-lanzamiento-de-libro\/#primaryimage\",\"url\":\"https:\/\/fadeu.urantiacos.cl\/wp-content\/uploads\/2023\/09\/MANE_LANZAMIENTO_LIBRO.png\",\"contentUrl\":\"https:\/\/fadeu.urantiacos.cl\/wp-content\/uploads\/2023\/09\/MANE_LANZAMIENTO_LIBRO.png\",\"width\":350,\"height\":250},{\"@type\":\"BreadcrumbList\",\"@id\":\"https:\/\/fadeu.urantiacos.cl\/en\/2022\/06\/17\/planes-metropolitanos-en-iberoamerica-culturas-e-instrumentos-lanzamiento-de-libro\/#breadcrumb\",\"itemListElement\":[{\"@type\":\"ListItem\",\"position\":1,\"name\":\"Portada\",\"item\":\"https:\/\/fadeu.urantiacos.cl\/en\/\"},{\"@type\":\"ListItem\",\"position\":2,\"name\":\"Planes Metropolitanos en Iberoam\u00e9rica: Culturas e Instrumentos | Lanzamiento de libro\"}]},{\"@type\":\"WebSite\",\"@id\":\"https:\/\/fadeu.urantiacos.cl\/en\/#website\",\"url\":\"https:\/\/fadeu.urantiacos.cl\/en\/\",\"name\":\"Facultad de Arquitectura, Dise\u00f1o y Estudios Urbanos\",\"description\":\"Campus Lo Contador\",\"potentialAction\":[{\"@type\":\"SearchAction\",\"target\":{\"@type\":\"EntryPoint\",\"urlTemplate\":\"https:\/\/fadeu.urantiacos.cl\/en\/?s={search_term_string}\"},\"query-input\":{\"@type\":\"PropertyValueSpecification\",\"valueRequired\":true,\"valueName\":\"search_term_string\"}}],\"inLanguage\":\"en-US\"},{\"@type\":\"Person\",\"@id\":\"https:\/\/fadeu.urantiacos.cl\/en\/#\/schema\/person\/d203e2e84b1c40275eac77b3061a19a2\",\"name\":\"manadmin\",\"image\":{\"@type\":\"ImageObject\",\"inLanguage\":\"en-US\",\"@id\":\"https:\/\/fadeu.urantiacos.cl\/en\/#\/schema\/person\/image\/\",\"url\":\"https:\/\/secure.gravatar.com\/avatar\/4b1d8e3303b4a9d8968ac578947d8bc80d9aea359f388cdd4aac15cadc0e8447?s=96&d=mm&r=g\",\"contentUrl\":\"https:\/\/secure.gravatar.com\/avatar\/4b1d8e3303b4a9d8968ac578947d8bc80d9aea359f388cdd4aac15cadc0e8447?s=96&d=mm&r=g\",\"caption\":\"manadmin\"},\"sameAs\":[\"https:\/\/fadeu.urantiacos.cl\"]}]}<\/script>\n<!-- \/ Yoast SEO plugin. -->","yoast_head_json":{"title":"Planes Metropolitanos en Iberoam\u00e9rica: Culturas e Instrumentos | Lanzamiento de libro - Facultad de Arquitectura, Dise\u00f1o y Estudios Urbanos","description":"En el auditorio Fernando Castillo Velasco, de la escuela de Arquitectura UC, fue lanzado el libro titulado \u201cPlanes Metropolitanos en Iberoam\u00e9rica: Culturas e Instrumentos\u201d, editado por Magdalena Vicu\u00f1a, Luis Miguel Valenzuela y Pablo Elinbaum, en conjunto con RIL Editores y el Instituto de Estudios Urbanos y Territoriales, al alero de la Colecci\u00f3n Estudios Urbanos.","robots":{"index":"index","follow":"follow","max-snippet":"max-snippet:-1","max-image-preview":"max-image-preview:large","max-video-preview":"max-video-preview:-1"},"canonical":"https:\/\/fadeu.urantiacos.cl\/en\/2022\/06\/17\/planes-metropolitanos-en-iberoamerica-culturas-e-instrumentos-lanzamiento-de-libro\/","og_locale":"en_US","og_type":"article","og_title":"Planes Metropolitanos en Iberoam\u00e9rica: Culturas e Instrumentos | Lanzamiento de libro - Facultad de Arquitectura, Dise\u00f1o y Estudios Urbanos","og_description":"En el auditorio Fernando Castillo Velasco, de la escuela de Arquitectura UC, fue lanzado el libro titulado \u201cPlanes Metropolitanos en Iberoam\u00e9rica: Culturas e Instrumentos\u201d, editado por Magdalena Vicu\u00f1a, Luis Miguel Valenzuela y Pablo Elinbaum, en conjunto con RIL Editores y el Instituto de Estudios Urbanos y Territoriales, al alero de la Colecci\u00f3n Estudios Urbanos.","og_url":"https:\/\/fadeu.urantiacos.cl\/en\/2022\/06\/17\/planes-metropolitanos-en-iberoamerica-culturas-e-instrumentos-lanzamiento-de-libro\/","og_site_name":"Facultad de Arquitectura, Dise\u00f1o y Estudios Urbanos","article_published_time":"2022-06-17T21:00:00+00:00","article_modified_time":"2023-09-04T21:05:06+00:00","og_image":[{"width":350,"height":250,"url":"https:\/\/fadeu.urantiacos.cl\/wp-content\/uploads\/2023\/09\/MANE_LANZAMIENTO_LIBRO.png","type":"image\/png"}],"author":"manadmin","twitter_card":"summary_large_image","twitter_misc":{"Written by":"manadmin","Est. reading time":"3 minutes"},"schema":{"@context":"https:\/\/schema.org","@graph":[{"@type":"Article","@id":"https:\/\/fadeu.urantiacos.cl\/en\/2022\/06\/17\/planes-metropolitanos-en-iberoamerica-culturas-e-instrumentos-lanzamiento-de-libro\/#article","isPartOf":{"@id":"https:\/\/fadeu.urantiacos.cl\/en\/2022\/06\/17\/planes-metropolitanos-en-iberoamerica-culturas-e-instrumentos-lanzamiento-de-libro\/"},"author":{"name":"manadmin","@id":"https:\/\/fadeu.urantiacos.cl\/en\/#\/schema\/person\/d203e2e84b1c40275eac77b3061a19a2"},"headline":"Planes Metropolitanos en Iberoam\u00e9rica: Culturas e Instrumentos | Lanzamiento de libro","datePublished":"2022-06-17T21:00:00+00:00","dateModified":"2023-09-04T21:05:06+00:00","mainEntityOfPage":{"@id":"https:\/\/fadeu.urantiacos.cl\/en\/2022\/06\/17\/planes-metropolitanos-en-iberoamerica-culturas-e-instrumentos-lanzamiento-de-libro\/"},"wordCount":666,"commentCount":0,"image":{"@id":"https:\/\/fadeu.urantiacos.cl\/en\/2022\/06\/17\/planes-metropolitanos-en-iberoamerica-culturas-e-instrumentos-lanzamiento-de-libro\/#primaryimage"},"thumbnailUrl":"https:\/\/fadeu.urantiacos.cl\/wp-content\/uploads\/2023\/09\/MANE_LANZAMIENTO_LIBRO.png","articleSection":["Sin categorizar"],"inLanguage":"en-US","potentialAction":[{"@type":"CommentAction","name":"Comment","target":["https:\/\/fadeu.urantiacos.cl\/en\/2022\/06\/17\/planes-metropolitanos-en-iberoamerica-culturas-e-instrumentos-lanzamiento-de-libro\/#respond"]}]},{"@type":"WebPage","@id":"https:\/\/fadeu.urantiacos.cl\/en\/2022\/06\/17\/planes-metropolitanos-en-iberoamerica-culturas-e-instrumentos-lanzamiento-de-libro\/","url":"https:\/\/fadeu.urantiacos.cl\/en\/2022\/06\/17\/planes-metropolitanos-en-iberoamerica-culturas-e-instrumentos-lanzamiento-de-libro\/","name":"Planes Metropolitanos en Iberoam\u00e9rica: Culturas e Instrumentos | Lanzamiento de libro - Facultad de Arquitectura, Dise\u00f1o y Estudios Urbanos","isPartOf":{"@id":"https:\/\/fadeu.urantiacos.cl\/en\/#website"},"primaryImageOfPage":{"@id":"https:\/\/fadeu.urantiacos.cl\/en\/2022\/06\/17\/planes-metropolitanos-en-iberoamerica-culturas-e-instrumentos-lanzamiento-de-libro\/#primaryimage"},"image":{"@id":"https:\/\/fadeu.urantiacos.cl\/en\/2022\/06\/17\/planes-metropolitanos-en-iberoamerica-culturas-e-instrumentos-lanzamiento-de-libro\/#primaryimage"},"thumbnailUrl":"https:\/\/fadeu.urantiacos.cl\/wp-content\/uploads\/2023\/09\/MANE_LANZAMIENTO_LIBRO.png","datePublished":"2022-06-17T21:00:00+00:00","dateModified":"2023-09-04T21:05:06+00:00","author":{"@id":"https:\/\/fadeu.urantiacos.cl\/en\/#\/schema\/person\/d203e2e84b1c40275eac77b3061a19a2"},"description":"En el auditorio Fernando Castillo Velasco, de la escuela de Arquitectura UC, fue lanzado el libro titulado \u201cPlanes Metropolitanos en Iberoam\u00e9rica: Culturas e Instrumentos\u201d, editado por Magdalena Vicu\u00f1a, Luis Miguel Valenzuela y Pablo Elinbaum, en conjunto con RIL Editores y el Instituto de Estudios Urbanos y Territoriales, al alero de la Colecci\u00f3n Estudios Urbanos.","breadcrumb":{"@id":"https:\/\/fadeu.urantiacos.cl\/en\/2022\/06\/17\/planes-metropolitanos-en-iberoamerica-culturas-e-instrumentos-lanzamiento-de-libro\/#breadcrumb"},"inLanguage":"en-US","potentialAction":[{"@type":"ReadAction","target":["https:\/\/fadeu.urantiacos.cl\/en\/2022\/06\/17\/planes-metropolitanos-en-iberoamerica-culturas-e-instrumentos-lanzamiento-de-libro\/"]}]},{"@type":"ImageObject","inLanguage":"en-US","@id":"https:\/\/fadeu.urantiacos.cl\/en\/2022\/06\/17\/planes-metropolitanos-en-iberoamerica-culturas-e-instrumentos-lanzamiento-de-libro\/#primaryimage","url":"https:\/\/fadeu.urantiacos.cl\/wp-content\/uploads\/2023\/09\/MANE_LANZAMIENTO_LIBRO.png","contentUrl":"https:\/\/fadeu.urantiacos.cl\/wp-content\/uploads\/2023\/09\/MANE_LANZAMIENTO_LIBRO.png","width":350,"height":250},{"@type":"BreadcrumbList","@id":"https:\/\/fadeu.urantiacos.cl\/en\/2022\/06\/17\/planes-metropolitanos-en-iberoamerica-culturas-e-instrumentos-lanzamiento-de-libro\/#breadcrumb","itemListElement":[{"@type":"ListItem","position":1,"name":"Portada","item":"https:\/\/fadeu.urantiacos.cl\/en\/"},{"@type":"ListItem","position":2,"name":"Planes Metropolitanos en Iberoam\u00e9rica: Culturas e Instrumentos | Lanzamiento de libro"}]},{"@type":"WebSite","@id":"https:\/\/fadeu.urantiacos.cl\/en\/#website","url":"https:\/\/fadeu.urantiacos.cl\/en\/","name":"Facultad de Arquitectura, Dise\u00f1o y Estudios Urbanos","description":"Campus Lo Contador","potentialAction":[{"@type":"SearchAction","target":{"@type":"EntryPoint","urlTemplate":"https:\/\/fadeu.urantiacos.cl\/en\/?s={search_term_string}"},"query-input":{"@type":"PropertyValueSpecification","valueRequired":true,"valueName":"search_term_string"}}],"inLanguage":"en-US"},{"@type":"Person","@id":"https:\/\/fadeu.urantiacos.cl\/en\/#\/schema\/person\/d203e2e84b1c40275eac77b3061a19a2","name":"manadmin","image":{"@type":"ImageObject","inLanguage":"en-US","@id":"https:\/\/fadeu.urantiacos.cl\/en\/#\/schema\/person\/image\/","url":"https:\/\/secure.gravatar.com\/avatar\/4b1d8e3303b4a9d8968ac578947d8bc80d9aea359f388cdd4aac15cadc0e8447?s=96&d=mm&r=g","contentUrl":"https:\/\/secure.gravatar.com\/avatar\/4b1d8e3303b4a9d8968ac578947d8bc80d9aea359f388cdd4aac15cadc0e8447?s=96&d=mm&r=g","caption":"manadmin"},"sameAs":["https:\/\/fadeu.urantiacos.cl"]}]}},"_links":{"self":[{"href":"https:\/\/fadeu.urantiacos.cl\/en\/wp-json\/wp\/v2\/posts\/4714","targetHints":{"allow":["GET"]}}],"collection":[{"href":"https:\/\/fadeu.urantiacos.cl\/en\/wp-json\/wp\/v2\/posts"}],"about":[{"href":"https:\/\/fadeu.urantiacos.cl\/en\/wp-json\/wp\/v2\/types\/post"}],"author":[{"embeddable":true,"href":"https:\/\/fadeu.urantiacos.cl\/en\/wp-json\/wp\/v2\/users\/1"}],"replies":[{"embeddable":true,"href":"https:\/\/fadeu.urantiacos.cl\/en\/wp-json\/wp\/v2\/comments?post=4714"}],"version-history":[{"count":1,"href":"https:\/\/fadeu.urantiacos.cl\/en\/wp-json\/wp\/v2\/posts\/4714\/revisions"}],"predecessor-version":[{"id":4717,"href":"https:\/\/fadeu.urantiacos.cl\/en\/wp-json\/wp\/v2\/posts\/4714\/revisions\/4717"}],"wp:featuredmedia":[{"embeddable":true,"href":"https:\/\/fadeu.urantiacos.cl\/en\/wp-json\/wp\/v2\/media\/4715"}],"wp:attachment":[{"href":"https:\/\/fadeu.urantiacos.cl\/en\/wp-json\/wp\/v2\/media?parent=4714"}],"wp:term":[{"taxonomy":"category","embeddable":true,"href":"https:\/\/fadeu.urantiacos.cl\/en\/wp-json\/wp\/v2\/categories?post=4714"},{"taxonomy":"post_tag","embeddable":true,"href":"https:\/\/fadeu.urantiacos.cl\/en\/wp-json\/wp\/v2\/tags?post=4714"}],"curies":[{"name":"wp","href":"https:\/\/api.w.org\/{rel}","templated":true}]}}