{"id":4711,"date":"2022-06-17T17:58:00","date_gmt":"2022-06-17T20:58:00","guid":{"rendered":"https:\/\/fadeu.urantiacos.cl\/?p=4711"},"modified":"2023-11-14T11:22:36","modified_gmt":"2023-11-14T14:22:36","slug":"academica-romy-hecht-asume-como-nueva-directora-de-college-uc","status":"publish","type":"post","link":"https:\/\/fadeu.urantiacos.cl\/en\/2022\/06\/17\/academica-romy-hecht-asume-como-nueva-directora-de-college-uc\/","title":{"rendered":"Acad\u00e9mica Romy Hecht asume como nueva directora de College UC"},"content":{"rendered":"\n<p>En el Consejo Superior de este viernes, el rector Ignacio S\u00e1nchez confirm\u00f3 a la acad\u00e9mica Romy Hecht como nueva directora de College UC tras la elecci\u00f3n de Loreto Valenzuela como decana de la Facultad de Ingenier\u00eda.<\/p>\n\n\n\n<p>Romy Hecht es arquitecta y mag\u00edster en Arquitectura de la Universidad Cat\u00f3lica. Adem\u00e1s, realiz\u00f3 un doctorado en Historia y Teor\u00eda de la Arquitectura en la Universidad de Princeton, Estados Unidos. Actualmente es profesora titular de la Facultad de Arquitectura, Dise\u00f1o y Estudios Urbanos en cursos de pregrado y postgrado en historia y teor\u00eda del paisaje, y ha desarrollado una labor fundamental en el \u00e1mbito te\u00f3rico y metodol\u00f3gico para el avance de estudios de paisaje en Latinoam\u00e9rica. Tambi\u00e9n ha sido profesora invitada en el programa de Arquitectura del Paisaje de la Universidad de Harvard e investigadora en Dumbarton Oaks, Washington, DC.<\/p>\n\n\n\n<p>Sobre su nombramiento, la nueva directora se\u00f1al\u00f3 que \u201cme honra pasar a formar parte de la comunidad College UC, un referente en la formaci\u00f3n interdisciplinaria de pregrado, que cada a\u00f1o acoge a m\u00e1s de 800 nuevos estudiantes. Asimismo, estoy profundamente entusiasmada en la oportunidad de avanzar en la construcci\u00f3n de un sendero acad\u00e9mico desde una perspectiva inter y multidisciplinaria. Es algo en lo que creo profundamente y que he podido experimentar en mi propia trayectoria, dedicada a los estudios de paisaje, lo que me ha permitido ir m\u00e1s all\u00e1 de talleres de arquitectura y metodolog\u00edas de composici\u00f3n convencional para involucrarme en aproximaciones territoriales establecidas, por ejemplo, por los estudios medioambientales, la historia de las ciencias, las artes y la ecolog\u00eda.\u201d<\/p>\n\n\n\n<p>\u201cEste nombramiento es un orgullo para nuestra Universidad, la Facultad y la escuela de Arquitectura, por cuanto se trata de una gran acad\u00e9mica, profesional y capaz como es la profesora Romy Hecht\u201d, afirm\u00f3 el Decano Mario Ubilla, agregando que \u201cadem\u00e1s de sus capacidades acad\u00e9micas e intelectuales, la profesora Hecht tiene capacidades de gesti\u00f3n probadas, siendo muchos a\u00f1os subdirectora de la escuela de Arquitectura, por ende, no me cabe la menor duda que en un programa interdisciplinario, donde adem\u00e1s como Facultad estamos presentes con el pregrado en Planificaci\u00f3n Urbana, ella tendr\u00e1 una gesti\u00f3n extraordinaria e impecable\u201d.<\/p>\n\n\n\n<p>La nueva directora asumir\u00e1 sus funciones el pr\u00f3ximo viernes 1 de julio. Mientras tanto, el acad\u00e9mico Daniel Party, actual subdirector acad\u00e9mico de la Licenciatura en Artes y Humanidades de College, ser\u00e1 director interino hasta el cambio de mando.<\/p>\n\n\n\n<p>INFORMACI\u00d3N PERIOD\u00cdSTICA<br>COLLEGE UC<\/p>\n","protected":false},"excerpt":{"rendered":"<p>La profesora titular de la Facultad de Arquitectura, Dise\u00f1o y Estudios Urbanos encabezar\u00e1 el Programa a partir del pr\u00f3ximo 1 de julio, reemplazando en el cargo a Loreto Valenzuela, quien asumi\u00f3 recientemente como decana de la Facultad de Ingenier\u00eda.<\/p>\n","protected":false},"author":1,"featured_media":4712,"comment_status":"open","ping_status":"open","sticky":false,"template":"","format":"standard","meta":{"_acf_changed":false,"footnotes":""},"categories":[1],"tags":[],"class_list":["post-4711","post","type-post","status-publish","format-standard","has-post-thumbnail","hentry","category-sin-categorizar"],"acf":[],"yoast_head":"<!-- This site is optimized with the Yoast SEO plugin v27.1.1 - https:\/\/yoast.com\/product\/yoast-seo-wordpress\/ -->\n<title>Acad\u00e9mica Romy Hecht asume como nueva directora de College UC - Facultad de Arquitectura, Dise\u00f1o y Estudios Urbanos<\/title>\n<meta name=\"description\" content=\"La profesora titular de la Facultad de Arquitectura, Dise\u00f1o y Estudios Urbanos encabezar\u00e1 el Programa a partir del pr\u00f3ximo 1 de julio, reemplazando en el cargo a Loreto Valenzuela, quien asumi\u00f3 recientemente como decana de la Facultad de Ingenier\u00eda.\" \/>\n<meta name=\"robots\" content=\"index, follow, max-snippet:-1, max-image-preview:large, max-video-preview:-1\" \/>\n<link rel=\"canonical\" href=\"https:\/\/fadeu.urantiacos.cl\/en\/2022\/06\/17\/academica-romy-hecht-asume-como-nueva-directora-de-college-uc\/\" \/>\n<meta property=\"og:locale\" content=\"en_US\" \/>\n<meta property=\"og:type\" content=\"article\" \/>\n<meta property=\"og:title\" content=\"Acad\u00e9mica Romy Hecht asume como nueva directora de College UC - Facultad de Arquitectura, Dise\u00f1o y Estudios Urbanos\" \/>\n<meta property=\"og:description\" content=\"La profesora titular de la Facultad de Arquitectura, Dise\u00f1o y Estudios Urbanos encabezar\u00e1 el Programa a partir del pr\u00f3ximo 1 de julio, reemplazando en el cargo a Loreto Valenzuela, quien asumi\u00f3 recientemente como decana de la Facultad de Ingenier\u00eda.\" \/>\n<meta property=\"og:url\" content=\"https:\/\/fadeu.urantiacos.cl\/en\/2022\/06\/17\/academica-romy-hecht-asume-como-nueva-directora-de-college-uc\/\" \/>\n<meta property=\"og:site_name\" content=\"Facultad de Arquitectura, Dise\u00f1o y Estudios Urbanos\" \/>\n<meta property=\"article:published_time\" content=\"2022-06-17T20:58:00+00:00\" \/>\n<meta property=\"article:modified_time\" content=\"2023-11-14T14:22:36+00:00\" \/>\n<meta property=\"og:image\" content=\"https:\/\/fadeu.urantiacos.cl\/wp-content\/uploads\/2023\/09\/Romy_Hetch_web.jpg\" \/>\n\t<meta property=\"og:image:width\" content=\"350\" \/>\n\t<meta property=\"og:image:height\" content=\"250\" \/>\n\t<meta property=\"og:image:type\" content=\"image\/jpeg\" \/>\n<meta name=\"author\" content=\"manadmin\" \/>\n<meta name=\"twitter:card\" content=\"summary_large_image\" \/>\n<meta name=\"twitter:label1\" content=\"Written by\" \/>\n\t<meta name=\"twitter:data1\" content=\"manadmin\" \/>\n<script type=\"application\/ld+json\" class=\"yoast-schema-graph\">{\"@context\":\"https:\/\/schema.org\",\"@graph\":[{\"@type\":\"Article\",\"@id\":\"https:\/\/fadeu.urantiacos.cl\/en\/2022\/06\/17\/academica-romy-hecht-asume-como-nueva-directora-de-college-uc\/#article\",\"isPartOf\":{\"@id\":\"https:\/\/fadeu.urantiacos.cl\/en\/2022\/06\/17\/academica-romy-hecht-asume-como-nueva-directora-de-college-uc\/\"},\"author\":{\"name\":\"manadmin\",\"@id\":\"https:\/\/fadeu.urantiacos.cl\/en\/#\/schema\/person\/d203e2e84b1c40275eac77b3061a19a2\"},\"headline\":\"Acad\u00e9mica Romy Hecht asume como nueva directora de College UC\",\"datePublished\":\"2022-06-17T20:58:00+00:00\",\"dateModified\":\"2023-11-14T14:22:36+00:00\",\"mainEntityOfPage\":{\"@id\":\"https:\/\/fadeu.urantiacos.cl\/en\/2022\/06\/17\/academica-romy-hecht-asume-como-nueva-directora-de-college-uc\/\"},\"wordCount\":438,\"commentCount\":0,\"image\":{\"@id\":\"https:\/\/fadeu.urantiacos.cl\/en\/2022\/06\/17\/academica-romy-hecht-asume-como-nueva-directora-de-college-uc\/#primaryimage\"},\"thumbnailUrl\":\"https:\/\/fadeu.urantiacos.cl\/wp-content\/uploads\/2023\/09\/Romy_Hetch_web.jpg\",\"articleSection\":[\"Sin categorizar\"],\"inLanguage\":\"en-US\",\"potentialAction\":[{\"@type\":\"CommentAction\",\"name\":\"Comment\",\"target\":[\"https:\/\/fadeu.urantiacos.cl\/en\/2022\/06\/17\/academica-romy-hecht-asume-como-nueva-directora-de-college-uc\/#respond\"]}]},{\"@type\":\"WebPage\",\"@id\":\"https:\/\/fadeu.urantiacos.cl\/en\/2022\/06\/17\/academica-romy-hecht-asume-como-nueva-directora-de-college-uc\/\",\"url\":\"https:\/\/fadeu.urantiacos.cl\/en\/2022\/06\/17\/academica-romy-hecht-asume-como-nueva-directora-de-college-uc\/\",\"name\":\"Acad\u00e9mica Romy Hecht asume como nueva directora de College UC - Facultad de Arquitectura, Dise\u00f1o y Estudios Urbanos\",\"isPartOf\":{\"@id\":\"https:\/\/fadeu.urantiacos.cl\/en\/#website\"},\"primaryImageOfPage\":{\"@id\":\"https:\/\/fadeu.urantiacos.cl\/en\/2022\/06\/17\/academica-romy-hecht-asume-como-nueva-directora-de-college-uc\/#primaryimage\"},\"image\":{\"@id\":\"https:\/\/fadeu.urantiacos.cl\/en\/2022\/06\/17\/academica-romy-hecht-asume-como-nueva-directora-de-college-uc\/#primaryimage\"},\"thumbnailUrl\":\"https:\/\/fadeu.urantiacos.cl\/wp-content\/uploads\/2023\/09\/Romy_Hetch_web.jpg\",\"datePublished\":\"2022-06-17T20:58:00+00:00\",\"dateModified\":\"2023-11-14T14:22:36+00:00\",\"author\":{\"@id\":\"https:\/\/fadeu.urantiacos.cl\/en\/#\/schema\/person\/d203e2e84b1c40275eac77b3061a19a2\"},\"description\":\"La profesora titular de la Facultad de Arquitectura, Dise\u00f1o y Estudios Urbanos encabezar\u00e1 el Programa a partir del pr\u00f3ximo 1 de julio, reemplazando en el cargo a Loreto Valenzuela, quien asumi\u00f3 recientemente como decana de la Facultad de Ingenier\u00eda.\",\"breadcrumb\":{\"@id\":\"https:\/\/fadeu.urantiacos.cl\/en\/2022\/06\/17\/academica-romy-hecht-asume-como-nueva-directora-de-college-uc\/#breadcrumb\"},\"inLanguage\":\"en-US\",\"potentialAction\":[{\"@type\":\"ReadAction\",\"target\":[\"https:\/\/fadeu.urantiacos.cl\/en\/2022\/06\/17\/academica-romy-hecht-asume-como-nueva-directora-de-college-uc\/\"]}]},{\"@type\":\"ImageObject\",\"inLanguage\":\"en-US\",\"@id\":\"https:\/\/fadeu.urantiacos.cl\/en\/2022\/06\/17\/academica-romy-hecht-asume-como-nueva-directora-de-college-uc\/#primaryimage\",\"url\":\"https:\/\/fadeu.urantiacos.cl\/wp-content\/uploads\/2023\/09\/Romy_Hetch_web.jpg\",\"contentUrl\":\"https:\/\/fadeu.urantiacos.cl\/wp-content\/uploads\/2023\/09\/Romy_Hetch_web.jpg\",\"width\":350,\"height\":250},{\"@type\":\"BreadcrumbList\",\"@id\":\"https:\/\/fadeu.urantiacos.cl\/en\/2022\/06\/17\/academica-romy-hecht-asume-como-nueva-directora-de-college-uc\/#breadcrumb\",\"itemListElement\":[{\"@type\":\"ListItem\",\"position\":1,\"name\":\"Portada\",\"item\":\"https:\/\/fadeu.urantiacos.cl\/en\/\"},{\"@type\":\"ListItem\",\"position\":2,\"name\":\"Acad\u00e9mica Romy Hecht asume como nueva directora de College UC\"}]},{\"@type\":\"WebSite\",\"@id\":\"https:\/\/fadeu.urantiacos.cl\/en\/#website\",\"url\":\"https:\/\/fadeu.urantiacos.cl\/en\/\",\"name\":\"Facultad de Arquitectura, Dise\u00f1o y Estudios Urbanos\",\"description\":\"Campus Lo Contador\",\"potentialAction\":[{\"@type\":\"SearchAction\",\"target\":{\"@type\":\"EntryPoint\",\"urlTemplate\":\"https:\/\/fadeu.urantiacos.cl\/en\/?s={search_term_string}\"},\"query-input\":{\"@type\":\"PropertyValueSpecification\",\"valueRequired\":true,\"valueName\":\"search_term_string\"}}],\"inLanguage\":\"en-US\"},{\"@type\":\"Person\",\"@id\":\"https:\/\/fadeu.urantiacos.cl\/en\/#\/schema\/person\/d203e2e84b1c40275eac77b3061a19a2\",\"name\":\"manadmin\",\"image\":{\"@type\":\"ImageObject\",\"inLanguage\":\"en-US\",\"@id\":\"https:\/\/fadeu.urantiacos.cl\/en\/#\/schema\/person\/image\/\",\"url\":\"https:\/\/secure.gravatar.com\/avatar\/4b1d8e3303b4a9d8968ac578947d8bc80d9aea359f388cdd4aac15cadc0e8447?s=96&d=mm&r=g\",\"contentUrl\":\"https:\/\/secure.gravatar.com\/avatar\/4b1d8e3303b4a9d8968ac578947d8bc80d9aea359f388cdd4aac15cadc0e8447?s=96&d=mm&r=g\",\"caption\":\"manadmin\"},\"sameAs\":[\"https:\/\/fadeu.urantiacos.cl\"]}]}<\/script>\n<!-- \/ Yoast SEO plugin. -->","yoast_head_json":{"title":"Acad\u00e9mica Romy Hecht asume como nueva directora de College UC - Facultad de Arquitectura, Dise\u00f1o y Estudios Urbanos","description":"La profesora titular de la Facultad de Arquitectura, Dise\u00f1o y Estudios Urbanos encabezar\u00e1 el Programa a partir del pr\u00f3ximo 1 de julio, reemplazando en el cargo a Loreto Valenzuela, quien asumi\u00f3 recientemente como decana de la Facultad de Ingenier\u00eda.","robots":{"index":"index","follow":"follow","max-snippet":"max-snippet:-1","max-image-preview":"max-image-preview:large","max-video-preview":"max-video-preview:-1"},"canonical":"https:\/\/fadeu.urantiacos.cl\/en\/2022\/06\/17\/academica-romy-hecht-asume-como-nueva-directora-de-college-uc\/","og_locale":"en_US","og_type":"article","og_title":"Acad\u00e9mica Romy Hecht asume como nueva directora de College UC - Facultad de Arquitectura, Dise\u00f1o y Estudios Urbanos","og_description":"La profesora titular de la Facultad de Arquitectura, Dise\u00f1o y Estudios Urbanos encabezar\u00e1 el Programa a partir del pr\u00f3ximo 1 de julio, reemplazando en el cargo a Loreto Valenzuela, quien asumi\u00f3 recientemente como decana de la Facultad de Ingenier\u00eda.","og_url":"https:\/\/fadeu.urantiacos.cl\/en\/2022\/06\/17\/academica-romy-hecht-asume-como-nueva-directora-de-college-uc\/","og_site_name":"Facultad de Arquitectura, Dise\u00f1o y Estudios Urbanos","article_published_time":"2022-06-17T20:58:00+00:00","article_modified_time":"2023-11-14T14:22:36+00:00","og_image":[{"width":350,"height":250,"url":"https:\/\/fadeu.urantiacos.cl\/wp-content\/uploads\/2023\/09\/Romy_Hetch_web.jpg","type":"image\/jpeg"}],"author":"manadmin","twitter_card":"summary_large_image","twitter_misc":{"Written by":"manadmin"},"schema":{"@context":"https:\/\/schema.org","@graph":[{"@type":"Article","@id":"https:\/\/fadeu.urantiacos.cl\/en\/2022\/06\/17\/academica-romy-hecht-asume-como-nueva-directora-de-college-uc\/#article","isPartOf":{"@id":"https:\/\/fadeu.urantiacos.cl\/en\/2022\/06\/17\/academica-romy-hecht-asume-como-nueva-directora-de-college-uc\/"},"author":{"name":"manadmin","@id":"https:\/\/fadeu.urantiacos.cl\/en\/#\/schema\/person\/d203e2e84b1c40275eac77b3061a19a2"},"headline":"Acad\u00e9mica Romy Hecht asume como nueva directora de College UC","datePublished":"2022-06-17T20:58:00+00:00","dateModified":"2023-11-14T14:22:36+00:00","mainEntityOfPage":{"@id":"https:\/\/fadeu.urantiacos.cl\/en\/2022\/06\/17\/academica-romy-hecht-asume-como-nueva-directora-de-college-uc\/"},"wordCount":438,"commentCount":0,"image":{"@id":"https:\/\/fadeu.urantiacos.cl\/en\/2022\/06\/17\/academica-romy-hecht-asume-como-nueva-directora-de-college-uc\/#primaryimage"},"thumbnailUrl":"https:\/\/fadeu.urantiacos.cl\/wp-content\/uploads\/2023\/09\/Romy_Hetch_web.jpg","articleSection":["Sin categorizar"],"inLanguage":"en-US","potentialAction":[{"@type":"CommentAction","name":"Comment","target":["https:\/\/fadeu.urantiacos.cl\/en\/2022\/06\/17\/academica-romy-hecht-asume-como-nueva-directora-de-college-uc\/#respond"]}]},{"@type":"WebPage","@id":"https:\/\/fadeu.urantiacos.cl\/en\/2022\/06\/17\/academica-romy-hecht-asume-como-nueva-directora-de-college-uc\/","url":"https:\/\/fadeu.urantiacos.cl\/en\/2022\/06\/17\/academica-romy-hecht-asume-como-nueva-directora-de-college-uc\/","name":"Acad\u00e9mica Romy Hecht asume como nueva directora de College UC - Facultad de Arquitectura, Dise\u00f1o y Estudios Urbanos","isPartOf":{"@id":"https:\/\/fadeu.urantiacos.cl\/en\/#website"},"primaryImageOfPage":{"@id":"https:\/\/fadeu.urantiacos.cl\/en\/2022\/06\/17\/academica-romy-hecht-asume-como-nueva-directora-de-college-uc\/#primaryimage"},"image":{"@id":"https:\/\/fadeu.urantiacos.cl\/en\/2022\/06\/17\/academica-romy-hecht-asume-como-nueva-directora-de-college-uc\/#primaryimage"},"thumbnailUrl":"https:\/\/fadeu.urantiacos.cl\/wp-content\/uploads\/2023\/09\/Romy_Hetch_web.jpg","datePublished":"2022-06-17T20:58:00+00:00","dateModified":"2023-11-14T14:22:36+00:00","author":{"@id":"https:\/\/fadeu.urantiacos.cl\/en\/#\/schema\/person\/d203e2e84b1c40275eac77b3061a19a2"},"description":"La profesora titular de la Facultad de Arquitectura, Dise\u00f1o y Estudios Urbanos encabezar\u00e1 el Programa a partir del pr\u00f3ximo 1 de julio, reemplazando en el cargo a Loreto Valenzuela, quien asumi\u00f3 recientemente como decana de la Facultad de Ingenier\u00eda.","breadcrumb":{"@id":"https:\/\/fadeu.urantiacos.cl\/en\/2022\/06\/17\/academica-romy-hecht-asume-como-nueva-directora-de-college-uc\/#breadcrumb"},"inLanguage":"en-US","potentialAction":[{"@type":"ReadAction","target":["https:\/\/fadeu.urantiacos.cl\/en\/2022\/06\/17\/academica-romy-hecht-asume-como-nueva-directora-de-college-uc\/"]}]},{"@type":"ImageObject","inLanguage":"en-US","@id":"https:\/\/fadeu.urantiacos.cl\/en\/2022\/06\/17\/academica-romy-hecht-asume-como-nueva-directora-de-college-uc\/#primaryimage","url":"https:\/\/fadeu.urantiacos.cl\/wp-content\/uploads\/2023\/09\/Romy_Hetch_web.jpg","contentUrl":"https:\/\/fadeu.urantiacos.cl\/wp-content\/uploads\/2023\/09\/Romy_Hetch_web.jpg","width":350,"height":250},{"@type":"BreadcrumbList","@id":"https:\/\/fadeu.urantiacos.cl\/en\/2022\/06\/17\/academica-romy-hecht-asume-como-nueva-directora-de-college-uc\/#breadcrumb","itemListElement":[{"@type":"ListItem","position":1,"name":"Portada","item":"https:\/\/fadeu.urantiacos.cl\/en\/"},{"@type":"ListItem","position":2,"name":"Acad\u00e9mica Romy Hecht asume como nueva directora de College UC"}]},{"@type":"WebSite","@id":"https:\/\/fadeu.urantiacos.cl\/en\/#website","url":"https:\/\/fadeu.urantiacos.cl\/en\/","name":"Facultad de Arquitectura, Dise\u00f1o y Estudios Urbanos","description":"Campus Lo Contador","potentialAction":[{"@type":"SearchAction","target":{"@type":"EntryPoint","urlTemplate":"https:\/\/fadeu.urantiacos.cl\/en\/?s={search_term_string}"},"query-input":{"@type":"PropertyValueSpecification","valueRequired":true,"valueName":"search_term_string"}}],"inLanguage":"en-US"},{"@type":"Person","@id":"https:\/\/fadeu.urantiacos.cl\/en\/#\/schema\/person\/d203e2e84b1c40275eac77b3061a19a2","name":"manadmin","image":{"@type":"ImageObject","inLanguage":"en-US","@id":"https:\/\/fadeu.urantiacos.cl\/en\/#\/schema\/person\/image\/","url":"https:\/\/secure.gravatar.com\/avatar\/4b1d8e3303b4a9d8968ac578947d8bc80d9aea359f388cdd4aac15cadc0e8447?s=96&d=mm&r=g","contentUrl":"https:\/\/secure.gravatar.com\/avatar\/4b1d8e3303b4a9d8968ac578947d8bc80d9aea359f388cdd4aac15cadc0e8447?s=96&d=mm&r=g","caption":"manadmin"},"sameAs":["https:\/\/fadeu.urantiacos.cl"]}]}},"_links":{"self":[{"href":"https:\/\/fadeu.urantiacos.cl\/en\/wp-json\/wp\/v2\/posts\/4711","targetHints":{"allow":["GET"]}}],"collection":[{"href":"https:\/\/fadeu.urantiacos.cl\/en\/wp-json\/wp\/v2\/posts"}],"about":[{"href":"https:\/\/fadeu.urantiacos.cl\/en\/wp-json\/wp\/v2\/types\/post"}],"author":[{"embeddable":true,"href":"https:\/\/fadeu.urantiacos.cl\/en\/wp-json\/wp\/v2\/users\/1"}],"replies":[{"embeddable":true,"href":"https:\/\/fadeu.urantiacos.cl\/en\/wp-json\/wp\/v2\/comments?post=4711"}],"version-history":[{"count":2,"href":"https:\/\/fadeu.urantiacos.cl\/en\/wp-json\/wp\/v2\/posts\/4711\/revisions"}],"predecessor-version":[{"id":18108,"href":"https:\/\/fadeu.urantiacos.cl\/en\/wp-json\/wp\/v2\/posts\/4711\/revisions\/18108"}],"wp:featuredmedia":[{"embeddable":true,"href":"https:\/\/fadeu.urantiacos.cl\/en\/wp-json\/wp\/v2\/media\/4712"}],"wp:attachment":[{"href":"https:\/\/fadeu.urantiacos.cl\/en\/wp-json\/wp\/v2\/media?parent=4711"}],"wp:term":[{"taxonomy":"category","embeddable":true,"href":"https:\/\/fadeu.urantiacos.cl\/en\/wp-json\/wp\/v2\/categories?post=4711"},{"taxonomy":"post_tag","embeddable":true,"href":"https:\/\/fadeu.urantiacos.cl\/en\/wp-json\/wp\/v2\/tags?post=4711"}],"curies":[{"name":"wp","href":"https:\/\/api.w.org\/{rel}","templated":true}]}}