{"id":4707,"date":"2022-06-20T17:56:00","date_gmt":"2022-06-20T20:56:00","guid":{"rendered":"https:\/\/fadeu.urantiacos.cl\/?p=4707"},"modified":"2023-09-04T17:58:26","modified_gmt":"2023-09-04T20:58:26","slug":"horacio-torrent-participa-en-lanzamiento-de-la-pontificia-universidad-catolica-de-valparaiso","status":"publish","type":"post","link":"https:\/\/fadeu.urantiacos.cl\/en\/2022\/06\/20\/horacio-torrent-participa-en-lanzamiento-de-la-pontificia-universidad-catolica-de-valparaiso\/","title":{"rendered":"Horacio Torrent participa en lanzamiento de la Pontificia Universidad Cat\u00f3lica de Valpara\u00edso"},"content":{"rendered":"\n<figure class=\"wp-block-image size-full\"><img decoding=\"async\" width=\"350\" height=\"250\" src=\"https:\/\/fadeu.urantiacos.cl\/wp-content\/uploads\/2023\/09\/wweb-17.06.22Torrent_lanzamiento_libro.jpg\" alt=\"\" class=\"wp-image-4708\" srcset=\"https:\/\/fadeu.urantiacos.cl\/wp-content\/uploads\/2023\/09\/wweb-17.06.22Torrent_lanzamiento_libro.jpg 350w, https:\/\/fadeu.urantiacos.cl\/wp-content\/uploads\/2023\/09\/wweb-17.06.22Torrent_lanzamiento_libro-300x214.jpg 300w\" sizes=\"(max-width: 350px) 100vw, 350px\" \/><\/figure>\n\n\n\n<p>Participaron del panel de forma presencial, el profesor ARQ UC Horacio Torrent, la arquitecta de la Universidad de Chile Jadille Baza y la autora del libro, la profesora de la Pontificia Universidad Cat\u00f3lica de Valpara\u00edso (PUCV) Ursula Exss.<\/p>\n\n\n\n<p>La publicaci\u00f3n deriva de la tesis doctoral de Exss, realizada en el Doctorado en Arquitectura y Estudios Urbanos UC y se centra en las dimensiones arquitect\u00f3nicas de un volumen importante de edificios escolares que se construyeron en el contexto de la reforma educacional de 1965. As\u00ed, el libro presenta y relaciona pol\u00edticas educativas con operaciones de proyecto y ejecuci\u00f3n y, en un sentido amplio, otras motivaciones disciplinares de la arquitectura que interactuaron con la construcci\u00f3n escolar de ese momento hist\u00f3rico.<\/p>\n\n\n\n<p>Durante el evento \u2014que realiz\u00f3 en formato h\u00edbrido el 7 de junio de 2022\u2014 el profesor Torrent destac\u00f3: &#8220;Se va a convertir en poco tiempo en una obra fundamental para muchas m\u00e1s cosas que la arquitectura, ya que pone un tema clave que no ten\u00eda reconocimiento c\u00edvico en los estudios hist\u00f3ricos ni te\u00f3ricos. Propone una lectura de una experiencia bella, fant\u00e1stica \u2014si uno vuelve casi sesenta a\u00f1os atr\u00e1s\u2014 cuando en el pa\u00eds hab\u00eda un desaf\u00edo incre\u00edble que era lograr la escolarizaci\u00f3n de casi todos los ni\u00f1os\u201d.<\/p>\n\n\n\n<p>M\u00e1s sobre el lanzamiento en el siguiente&nbsp;<a href=\"https:\/\/www.ead.pucv.cl\/2022\/lanzamiento-libro-escuelas-para-todos-de-ursula-exss\/\" target=\"_blank\" rel=\"noreferrer noopener\">link<\/a>&nbsp;<br>M\u00e1s sobre la tesis doctoral UC de Exss en el siguiente&nbsp;<a href=\"https:\/\/repositorio.uc.cl\/handle\/11534\/22290\" target=\"_blank\" rel=\"noreferrer noopener\">link<\/a>&nbsp;<\/p>\n\n\n\n<figure class=\"wp-block-image size-full\"><img decoding=\"async\" width=\"846\" height=\"475\" src=\"https:\/\/fadeu.urantiacos.cl\/wp-content\/uploads\/2023\/09\/17.06.22Torrent_lanzamiento_libro.jpg\" alt=\"\" class=\"wp-image-4709\" srcset=\"https:\/\/fadeu.urantiacos.cl\/wp-content\/uploads\/2023\/09\/17.06.22Torrent_lanzamiento_libro.jpg 846w, https:\/\/fadeu.urantiacos.cl\/wp-content\/uploads\/2023\/09\/17.06.22Torrent_lanzamiento_libro-300x168.jpg 300w, https:\/\/fadeu.urantiacos.cl\/wp-content\/uploads\/2023\/09\/17.06.22Torrent_lanzamiento_libro-768x431.jpg 768w\" sizes=\"(max-width: 846px) 100vw, 846px\" \/><\/figure>\n\n\n\n<p>Fotograf\u00eda del lanzamiento, extra\u00edda la p\u00e1gina de la&nbsp;<a href=\"https:\/\/www.ead.pucv.cl\/2022\/lanzamiento-libro-escuelas-para-todos-de-ursula-exss\/\" target=\"_blank\" rel=\"noreferrer noopener\">Escuela de Arquitectura PUCV<\/a><\/p>\n\n\n\n<p>Noticias<br>Contacto:&nbsp;<a href=\"mailto:redesarq@uc.cl\">redesarq@uc.cl<\/a>&nbsp;| +56 2 2354 7747<br>www.arquitectura.uc.cl&nbsp;<\/p>\n","protected":false},"excerpt":{"rendered":"<p>El profesor ARQ UC fue invitado a la presentaci\u00f3n del libro Escuelas para todos: de la racionalizaci\u00f3n constructiva a la arquitectura sistem\u00e1tica para la reforma educacional de 1965 (Editorial PUCV, 2022) de la acad\u00e9mica Ursula Exss, doctora en Arquitectura y Estudios Urbanos UC.<\/p>\n","protected":false},"author":1,"featured_media":4708,"comment_status":"open","ping_status":"open","sticky":false,"template":"","format":"standard","meta":{"_acf_changed":false,"footnotes":""},"categories":[1],"tags":[],"class_list":["post-4707","post","type-post","status-publish","format-standard","has-post-thumbnail","hentry","category-sin-categorizar"],"acf":[],"yoast_head":"<!-- This site is optimized with the Yoast SEO plugin v27.1.1 - https:\/\/yoast.com\/product\/yoast-seo-wordpress\/ -->\n<title>Horacio Torrent participa en lanzamiento de la Pontificia Universidad Cat\u00f3lica de Valpara\u00edso - Facultad de Arquitectura, Dise\u00f1o y Estudios Urbanos<\/title>\n<meta name=\"description\" content=\"El profesor ARQ UC fue invitado a la presentaci\u00f3n del libro Escuelas para todos: de la racionalizaci\u00f3n constructiva a la arquitectura sistem\u00e1tica para la reforma educacional de 1965 (Editorial PUCV, 2022) de la acad\u00e9mica Ursula Exss, doctora en Arquitectura y Estudios Urbanos UC.\" \/>\n<meta name=\"robots\" content=\"index, follow, max-snippet:-1, max-image-preview:large, max-video-preview:-1\" \/>\n<link rel=\"canonical\" href=\"https:\/\/fadeu.urantiacos.cl\/en\/2022\/06\/20\/horacio-torrent-participa-en-lanzamiento-de-la-pontificia-universidad-catolica-de-valparaiso\/\" \/>\n<meta property=\"og:locale\" content=\"en_US\" \/>\n<meta property=\"og:type\" content=\"article\" \/>\n<meta property=\"og:title\" content=\"Horacio Torrent participa en lanzamiento de la Pontificia Universidad Cat\u00f3lica de Valpara\u00edso - Facultad de Arquitectura, Dise\u00f1o y Estudios Urbanos\" \/>\n<meta property=\"og:description\" content=\"El profesor ARQ UC fue invitado a la presentaci\u00f3n del libro Escuelas para todos: de la racionalizaci\u00f3n constructiva a la arquitectura sistem\u00e1tica para la reforma educacional de 1965 (Editorial PUCV, 2022) de la acad\u00e9mica Ursula Exss, doctora en Arquitectura y Estudios Urbanos UC.\" \/>\n<meta property=\"og:url\" content=\"https:\/\/fadeu.urantiacos.cl\/en\/2022\/06\/20\/horacio-torrent-participa-en-lanzamiento-de-la-pontificia-universidad-catolica-de-valparaiso\/\" \/>\n<meta property=\"og:site_name\" content=\"Facultad de Arquitectura, Dise\u00f1o y Estudios Urbanos\" \/>\n<meta property=\"article:published_time\" content=\"2022-06-20T20:56:00+00:00\" \/>\n<meta property=\"article:modified_time\" content=\"2023-09-04T20:58:26+00:00\" \/>\n<meta property=\"og:image\" content=\"https:\/\/fadeu.urantiacos.cl\/wp-content\/uploads\/2023\/09\/wweb-17.06.22Torrent_lanzamiento_libro.jpg\" \/>\n\t<meta property=\"og:image:width\" content=\"350\" \/>\n\t<meta property=\"og:image:height\" content=\"250\" \/>\n\t<meta property=\"og:image:type\" content=\"image\/jpeg\" \/>\n<meta name=\"author\" content=\"manadmin\" \/>\n<meta name=\"twitter:card\" content=\"summary_large_image\" \/>\n<meta name=\"twitter:label1\" content=\"Written by\" \/>\n\t<meta name=\"twitter:data1\" content=\"manadmin\" \/>\n\t<meta name=\"twitter:label2\" content=\"Est. reading time\" \/>\n\t<meta name=\"twitter:data2\" content=\"1 minute\" \/>\n<script type=\"application\/ld+json\" class=\"yoast-schema-graph\">{\"@context\":\"https:\/\/schema.org\",\"@graph\":[{\"@type\":\"Article\",\"@id\":\"https:\/\/fadeu.urantiacos.cl\/en\/2022\/06\/20\/horacio-torrent-participa-en-lanzamiento-de-la-pontificia-universidad-catolica-de-valparaiso\/#article\",\"isPartOf\":{\"@id\":\"https:\/\/fadeu.urantiacos.cl\/en\/2022\/06\/20\/horacio-torrent-participa-en-lanzamiento-de-la-pontificia-universidad-catolica-de-valparaiso\/\"},\"author\":{\"name\":\"manadmin\",\"@id\":\"https:\/\/fadeu.urantiacos.cl\/en\/#\/schema\/person\/d203e2e84b1c40275eac77b3061a19a2\"},\"headline\":\"Horacio Torrent participa en lanzamiento de la Pontificia Universidad Cat\u00f3lica de Valpara\u00edso\",\"datePublished\":\"2022-06-20T20:56:00+00:00\",\"dateModified\":\"2023-09-04T20:58:26+00:00\",\"mainEntityOfPage\":{\"@id\":\"https:\/\/fadeu.urantiacos.cl\/en\/2022\/06\/20\/horacio-torrent-participa-en-lanzamiento-de-la-pontificia-universidad-catolica-de-valparaiso\/\"},\"wordCount\":291,\"commentCount\":0,\"image\":{\"@id\":\"https:\/\/fadeu.urantiacos.cl\/en\/2022\/06\/20\/horacio-torrent-participa-en-lanzamiento-de-la-pontificia-universidad-catolica-de-valparaiso\/#primaryimage\"},\"thumbnailUrl\":\"https:\/\/fadeu.urantiacos.cl\/wp-content\/uploads\/2023\/09\/wweb-17.06.22Torrent_lanzamiento_libro.jpg\",\"articleSection\":[\"Sin categorizar\"],\"inLanguage\":\"en-US\",\"potentialAction\":[{\"@type\":\"CommentAction\",\"name\":\"Comment\",\"target\":[\"https:\/\/fadeu.urantiacos.cl\/en\/2022\/06\/20\/horacio-torrent-participa-en-lanzamiento-de-la-pontificia-universidad-catolica-de-valparaiso\/#respond\"]}]},{\"@type\":\"WebPage\",\"@id\":\"https:\/\/fadeu.urantiacos.cl\/en\/2022\/06\/20\/horacio-torrent-participa-en-lanzamiento-de-la-pontificia-universidad-catolica-de-valparaiso\/\",\"url\":\"https:\/\/fadeu.urantiacos.cl\/en\/2022\/06\/20\/horacio-torrent-participa-en-lanzamiento-de-la-pontificia-universidad-catolica-de-valparaiso\/\",\"name\":\"Horacio Torrent participa en lanzamiento de la Pontificia Universidad Cat\u00f3lica de Valpara\u00edso - Facultad de Arquitectura, Dise\u00f1o y Estudios Urbanos\",\"isPartOf\":{\"@id\":\"https:\/\/fadeu.urantiacos.cl\/en\/#website\"},\"primaryImageOfPage\":{\"@id\":\"https:\/\/fadeu.urantiacos.cl\/en\/2022\/06\/20\/horacio-torrent-participa-en-lanzamiento-de-la-pontificia-universidad-catolica-de-valparaiso\/#primaryimage\"},\"image\":{\"@id\":\"https:\/\/fadeu.urantiacos.cl\/en\/2022\/06\/20\/horacio-torrent-participa-en-lanzamiento-de-la-pontificia-universidad-catolica-de-valparaiso\/#primaryimage\"},\"thumbnailUrl\":\"https:\/\/fadeu.urantiacos.cl\/wp-content\/uploads\/2023\/09\/wweb-17.06.22Torrent_lanzamiento_libro.jpg\",\"datePublished\":\"2022-06-20T20:56:00+00:00\",\"dateModified\":\"2023-09-04T20:58:26+00:00\",\"author\":{\"@id\":\"https:\/\/fadeu.urantiacos.cl\/en\/#\/schema\/person\/d203e2e84b1c40275eac77b3061a19a2\"},\"description\":\"El profesor ARQ UC fue invitado a la presentaci\u00f3n del libro Escuelas para todos: de la racionalizaci\u00f3n constructiva a la arquitectura sistem\u00e1tica para la reforma educacional de 1965 (Editorial PUCV, 2022) de la acad\u00e9mica Ursula Exss, doctora en Arquitectura y Estudios Urbanos UC.\",\"breadcrumb\":{\"@id\":\"https:\/\/fadeu.urantiacos.cl\/en\/2022\/06\/20\/horacio-torrent-participa-en-lanzamiento-de-la-pontificia-universidad-catolica-de-valparaiso\/#breadcrumb\"},\"inLanguage\":\"en-US\",\"potentialAction\":[{\"@type\":\"ReadAction\",\"target\":[\"https:\/\/fadeu.urantiacos.cl\/en\/2022\/06\/20\/horacio-torrent-participa-en-lanzamiento-de-la-pontificia-universidad-catolica-de-valparaiso\/\"]}]},{\"@type\":\"ImageObject\",\"inLanguage\":\"en-US\",\"@id\":\"https:\/\/fadeu.urantiacos.cl\/en\/2022\/06\/20\/horacio-torrent-participa-en-lanzamiento-de-la-pontificia-universidad-catolica-de-valparaiso\/#primaryimage\",\"url\":\"https:\/\/fadeu.urantiacos.cl\/wp-content\/uploads\/2023\/09\/wweb-17.06.22Torrent_lanzamiento_libro.jpg\",\"contentUrl\":\"https:\/\/fadeu.urantiacos.cl\/wp-content\/uploads\/2023\/09\/wweb-17.06.22Torrent_lanzamiento_libro.jpg\",\"width\":350,\"height\":250},{\"@type\":\"BreadcrumbList\",\"@id\":\"https:\/\/fadeu.urantiacos.cl\/en\/2022\/06\/20\/horacio-torrent-participa-en-lanzamiento-de-la-pontificia-universidad-catolica-de-valparaiso\/#breadcrumb\",\"itemListElement\":[{\"@type\":\"ListItem\",\"position\":1,\"name\":\"Portada\",\"item\":\"https:\/\/fadeu.urantiacos.cl\/en\/\"},{\"@type\":\"ListItem\",\"position\":2,\"name\":\"Horacio Torrent participa en lanzamiento de la Pontificia Universidad Cat\u00f3lica de Valpara\u00edso\"}]},{\"@type\":\"WebSite\",\"@id\":\"https:\/\/fadeu.urantiacos.cl\/en\/#website\",\"url\":\"https:\/\/fadeu.urantiacos.cl\/en\/\",\"name\":\"Facultad de Arquitectura, Dise\u00f1o y Estudios Urbanos\",\"description\":\"Campus Lo Contador\",\"potentialAction\":[{\"@type\":\"SearchAction\",\"target\":{\"@type\":\"EntryPoint\",\"urlTemplate\":\"https:\/\/fadeu.urantiacos.cl\/en\/?s={search_term_string}\"},\"query-input\":{\"@type\":\"PropertyValueSpecification\",\"valueRequired\":true,\"valueName\":\"search_term_string\"}}],\"inLanguage\":\"en-US\"},{\"@type\":\"Person\",\"@id\":\"https:\/\/fadeu.urantiacos.cl\/en\/#\/schema\/person\/d203e2e84b1c40275eac77b3061a19a2\",\"name\":\"manadmin\",\"image\":{\"@type\":\"ImageObject\",\"inLanguage\":\"en-US\",\"@id\":\"https:\/\/fadeu.urantiacos.cl\/en\/#\/schema\/person\/image\/\",\"url\":\"https:\/\/secure.gravatar.com\/avatar\/4b1d8e3303b4a9d8968ac578947d8bc80d9aea359f388cdd4aac15cadc0e8447?s=96&d=mm&r=g\",\"contentUrl\":\"https:\/\/secure.gravatar.com\/avatar\/4b1d8e3303b4a9d8968ac578947d8bc80d9aea359f388cdd4aac15cadc0e8447?s=96&d=mm&r=g\",\"caption\":\"manadmin\"},\"sameAs\":[\"https:\/\/fadeu.urantiacos.cl\"]}]}<\/script>\n<!-- \/ Yoast SEO plugin. -->","yoast_head_json":{"title":"Horacio Torrent participa en lanzamiento de la Pontificia Universidad Cat\u00f3lica de Valpara\u00edso - Facultad de Arquitectura, Dise\u00f1o y Estudios Urbanos","description":"El profesor ARQ UC fue invitado a la presentaci\u00f3n del libro Escuelas para todos: de la racionalizaci\u00f3n constructiva a la arquitectura sistem\u00e1tica para la reforma educacional de 1965 (Editorial PUCV, 2022) de la acad\u00e9mica Ursula Exss, doctora en Arquitectura y Estudios Urbanos UC.","robots":{"index":"index","follow":"follow","max-snippet":"max-snippet:-1","max-image-preview":"max-image-preview:large","max-video-preview":"max-video-preview:-1"},"canonical":"https:\/\/fadeu.urantiacos.cl\/en\/2022\/06\/20\/horacio-torrent-participa-en-lanzamiento-de-la-pontificia-universidad-catolica-de-valparaiso\/","og_locale":"en_US","og_type":"article","og_title":"Horacio Torrent participa en lanzamiento de la Pontificia Universidad Cat\u00f3lica de Valpara\u00edso - Facultad de Arquitectura, Dise\u00f1o y Estudios Urbanos","og_description":"El profesor ARQ UC fue invitado a la presentaci\u00f3n del libro Escuelas para todos: de la racionalizaci\u00f3n constructiva a la arquitectura sistem\u00e1tica para la reforma educacional de 1965 (Editorial PUCV, 2022) de la acad\u00e9mica Ursula Exss, doctora en Arquitectura y Estudios Urbanos UC.","og_url":"https:\/\/fadeu.urantiacos.cl\/en\/2022\/06\/20\/horacio-torrent-participa-en-lanzamiento-de-la-pontificia-universidad-catolica-de-valparaiso\/","og_site_name":"Facultad de Arquitectura, Dise\u00f1o y Estudios Urbanos","article_published_time":"2022-06-20T20:56:00+00:00","article_modified_time":"2023-09-04T20:58:26+00:00","og_image":[{"width":350,"height":250,"url":"https:\/\/fadeu.urantiacos.cl\/wp-content\/uploads\/2023\/09\/wweb-17.06.22Torrent_lanzamiento_libro.jpg","type":"image\/jpeg"}],"author":"manadmin","twitter_card":"summary_large_image","twitter_misc":{"Written by":"manadmin","Est. reading time":"1 minute"},"schema":{"@context":"https:\/\/schema.org","@graph":[{"@type":"Article","@id":"https:\/\/fadeu.urantiacos.cl\/en\/2022\/06\/20\/horacio-torrent-participa-en-lanzamiento-de-la-pontificia-universidad-catolica-de-valparaiso\/#article","isPartOf":{"@id":"https:\/\/fadeu.urantiacos.cl\/en\/2022\/06\/20\/horacio-torrent-participa-en-lanzamiento-de-la-pontificia-universidad-catolica-de-valparaiso\/"},"author":{"name":"manadmin","@id":"https:\/\/fadeu.urantiacos.cl\/en\/#\/schema\/person\/d203e2e84b1c40275eac77b3061a19a2"},"headline":"Horacio Torrent participa en lanzamiento de la Pontificia Universidad Cat\u00f3lica de Valpara\u00edso","datePublished":"2022-06-20T20:56:00+00:00","dateModified":"2023-09-04T20:58:26+00:00","mainEntityOfPage":{"@id":"https:\/\/fadeu.urantiacos.cl\/en\/2022\/06\/20\/horacio-torrent-participa-en-lanzamiento-de-la-pontificia-universidad-catolica-de-valparaiso\/"},"wordCount":291,"commentCount":0,"image":{"@id":"https:\/\/fadeu.urantiacos.cl\/en\/2022\/06\/20\/horacio-torrent-participa-en-lanzamiento-de-la-pontificia-universidad-catolica-de-valparaiso\/#primaryimage"},"thumbnailUrl":"https:\/\/fadeu.urantiacos.cl\/wp-content\/uploads\/2023\/09\/wweb-17.06.22Torrent_lanzamiento_libro.jpg","articleSection":["Sin categorizar"],"inLanguage":"en-US","potentialAction":[{"@type":"CommentAction","name":"Comment","target":["https:\/\/fadeu.urantiacos.cl\/en\/2022\/06\/20\/horacio-torrent-participa-en-lanzamiento-de-la-pontificia-universidad-catolica-de-valparaiso\/#respond"]}]},{"@type":"WebPage","@id":"https:\/\/fadeu.urantiacos.cl\/en\/2022\/06\/20\/horacio-torrent-participa-en-lanzamiento-de-la-pontificia-universidad-catolica-de-valparaiso\/","url":"https:\/\/fadeu.urantiacos.cl\/en\/2022\/06\/20\/horacio-torrent-participa-en-lanzamiento-de-la-pontificia-universidad-catolica-de-valparaiso\/","name":"Horacio Torrent participa en lanzamiento de la Pontificia Universidad Cat\u00f3lica de Valpara\u00edso - Facultad de Arquitectura, Dise\u00f1o y Estudios Urbanos","isPartOf":{"@id":"https:\/\/fadeu.urantiacos.cl\/en\/#website"},"primaryImageOfPage":{"@id":"https:\/\/fadeu.urantiacos.cl\/en\/2022\/06\/20\/horacio-torrent-participa-en-lanzamiento-de-la-pontificia-universidad-catolica-de-valparaiso\/#primaryimage"},"image":{"@id":"https:\/\/fadeu.urantiacos.cl\/en\/2022\/06\/20\/horacio-torrent-participa-en-lanzamiento-de-la-pontificia-universidad-catolica-de-valparaiso\/#primaryimage"},"thumbnailUrl":"https:\/\/fadeu.urantiacos.cl\/wp-content\/uploads\/2023\/09\/wweb-17.06.22Torrent_lanzamiento_libro.jpg","datePublished":"2022-06-20T20:56:00+00:00","dateModified":"2023-09-04T20:58:26+00:00","author":{"@id":"https:\/\/fadeu.urantiacos.cl\/en\/#\/schema\/person\/d203e2e84b1c40275eac77b3061a19a2"},"description":"El profesor ARQ UC fue invitado a la presentaci\u00f3n del libro Escuelas para todos: de la racionalizaci\u00f3n constructiva a la arquitectura sistem\u00e1tica para la reforma educacional de 1965 (Editorial PUCV, 2022) de la acad\u00e9mica Ursula Exss, doctora en Arquitectura y Estudios Urbanos UC.","breadcrumb":{"@id":"https:\/\/fadeu.urantiacos.cl\/en\/2022\/06\/20\/horacio-torrent-participa-en-lanzamiento-de-la-pontificia-universidad-catolica-de-valparaiso\/#breadcrumb"},"inLanguage":"en-US","potentialAction":[{"@type":"ReadAction","target":["https:\/\/fadeu.urantiacos.cl\/en\/2022\/06\/20\/horacio-torrent-participa-en-lanzamiento-de-la-pontificia-universidad-catolica-de-valparaiso\/"]}]},{"@type":"ImageObject","inLanguage":"en-US","@id":"https:\/\/fadeu.urantiacos.cl\/en\/2022\/06\/20\/horacio-torrent-participa-en-lanzamiento-de-la-pontificia-universidad-catolica-de-valparaiso\/#primaryimage","url":"https:\/\/fadeu.urantiacos.cl\/wp-content\/uploads\/2023\/09\/wweb-17.06.22Torrent_lanzamiento_libro.jpg","contentUrl":"https:\/\/fadeu.urantiacos.cl\/wp-content\/uploads\/2023\/09\/wweb-17.06.22Torrent_lanzamiento_libro.jpg","width":350,"height":250},{"@type":"BreadcrumbList","@id":"https:\/\/fadeu.urantiacos.cl\/en\/2022\/06\/20\/horacio-torrent-participa-en-lanzamiento-de-la-pontificia-universidad-catolica-de-valparaiso\/#breadcrumb","itemListElement":[{"@type":"ListItem","position":1,"name":"Portada","item":"https:\/\/fadeu.urantiacos.cl\/en\/"},{"@type":"ListItem","position":2,"name":"Horacio Torrent participa en lanzamiento de la Pontificia Universidad Cat\u00f3lica de Valpara\u00edso"}]},{"@type":"WebSite","@id":"https:\/\/fadeu.urantiacos.cl\/en\/#website","url":"https:\/\/fadeu.urantiacos.cl\/en\/","name":"Facultad de Arquitectura, Dise\u00f1o y Estudios Urbanos","description":"Campus Lo Contador","potentialAction":[{"@type":"SearchAction","target":{"@type":"EntryPoint","urlTemplate":"https:\/\/fadeu.urantiacos.cl\/en\/?s={search_term_string}"},"query-input":{"@type":"PropertyValueSpecification","valueRequired":true,"valueName":"search_term_string"}}],"inLanguage":"en-US"},{"@type":"Person","@id":"https:\/\/fadeu.urantiacos.cl\/en\/#\/schema\/person\/d203e2e84b1c40275eac77b3061a19a2","name":"manadmin","image":{"@type":"ImageObject","inLanguage":"en-US","@id":"https:\/\/fadeu.urantiacos.cl\/en\/#\/schema\/person\/image\/","url":"https:\/\/secure.gravatar.com\/avatar\/4b1d8e3303b4a9d8968ac578947d8bc80d9aea359f388cdd4aac15cadc0e8447?s=96&d=mm&r=g","contentUrl":"https:\/\/secure.gravatar.com\/avatar\/4b1d8e3303b4a9d8968ac578947d8bc80d9aea359f388cdd4aac15cadc0e8447?s=96&d=mm&r=g","caption":"manadmin"},"sameAs":["https:\/\/fadeu.urantiacos.cl"]}]}},"_links":{"self":[{"href":"https:\/\/fadeu.urantiacos.cl\/en\/wp-json\/wp\/v2\/posts\/4707","targetHints":{"allow":["GET"]}}],"collection":[{"href":"https:\/\/fadeu.urantiacos.cl\/en\/wp-json\/wp\/v2\/posts"}],"about":[{"href":"https:\/\/fadeu.urantiacos.cl\/en\/wp-json\/wp\/v2\/types\/post"}],"author":[{"embeddable":true,"href":"https:\/\/fadeu.urantiacos.cl\/en\/wp-json\/wp\/v2\/users\/1"}],"replies":[{"embeddable":true,"href":"https:\/\/fadeu.urantiacos.cl\/en\/wp-json\/wp\/v2\/comments?post=4707"}],"version-history":[{"count":1,"href":"https:\/\/fadeu.urantiacos.cl\/en\/wp-json\/wp\/v2\/posts\/4707\/revisions"}],"predecessor-version":[{"id":4710,"href":"https:\/\/fadeu.urantiacos.cl\/en\/wp-json\/wp\/v2\/posts\/4707\/revisions\/4710"}],"wp:featuredmedia":[{"embeddable":true,"href":"https:\/\/fadeu.urantiacos.cl\/en\/wp-json\/wp\/v2\/media\/4708"}],"wp:attachment":[{"href":"https:\/\/fadeu.urantiacos.cl\/en\/wp-json\/wp\/v2\/media?parent=4707"}],"wp:term":[{"taxonomy":"category","embeddable":true,"href":"https:\/\/fadeu.urantiacos.cl\/en\/wp-json\/wp\/v2\/categories?post=4707"},{"taxonomy":"post_tag","embeddable":true,"href":"https:\/\/fadeu.urantiacos.cl\/en\/wp-json\/wp\/v2\/tags?post=4707"}],"curies":[{"name":"wp","href":"https:\/\/api.w.org\/{rel}","templated":true}]}}