{"id":4685,"date":"2022-06-22T17:41:00","date_gmt":"2022-06-22T20:41:00","guid":{"rendered":"https:\/\/fadeu.urantiacos.cl\/?p=4685"},"modified":"2023-09-04T17:43:35","modified_gmt":"2023-09-04T20:43:35","slug":"hugo-palmarola-y-pedro-alonso-en-mit","status":"publish","type":"post","link":"https:\/\/fadeu.urantiacos.cl\/en\/2022\/06\/22\/hugo-palmarola-y-pedro-alonso-en-mit\/","title":{"rendered":"Hugo Palmarola y Pedro Alonso en MIT"},"content":{"rendered":"\n<figure class=\"wp-block-image size-full\"><img decoding=\"async\" width=\"350\" height=\"250\" src=\"https:\/\/fadeu.urantiacos.cl\/wp-content\/uploads\/2023\/09\/web_Hugo_Palmarola_y_Pedro_Alonso_en_MIT.jpg\" alt=\"\" class=\"wp-image-4686\" srcset=\"https:\/\/fadeu.urantiacos.cl\/wp-content\/uploads\/2023\/09\/web_Hugo_Palmarola_y_Pedro_Alonso_en_MIT.jpg 350w, https:\/\/fadeu.urantiacos.cl\/wp-content\/uploads\/2023\/09\/web_Hugo_Palmarola_y_Pedro_Alonso_en_MIT-300x214.jpg 300w\" sizes=\"(max-width: 350px) 100vw, 350px\" \/><\/figure>\n\n\n\n<p>El proyecto permiti\u00f3 reunir en Estados Unidos al equipo de trabajo, formado por los profesores Hugo Palmarola (Escuela de Dise\u00f1o UC), Eden Medina (Programa STS MIT) y Pedro Alonso (Jefe Programa Doctorado FADEU), as\u00ed como a Javier Mu\u00f1oz (estudiante MADA UC).&nbsp;<\/p>\n\n\n\n<p>Designing a Revolution: Histories of Design and Political Change in Chile es un proyecto curatorial y editorial sobre el rol del dise\u00f1o en experimentos pol\u00edticos, sociales y econ\u00f3micos durante la historia reciente de Chile. La investigaci\u00f3n explora c\u00f3mo las culturas materiales y visuales moldean y son moldeadas por los procesos de cambio pol\u00edtico.<\/p>\n\n\n\n<p>En diciembre de este a\u00f1o el equipo realizar\u00e1 en Chile la tercera reuni\u00f3n de trabajo presencial.<\/p>\n\n\n\n<p><a href=\"https:\/\/misti.mit.edu\/\" target=\"_blank\" rel=\"noreferrer noopener\">Link MIT MISTI Global Seed&nbsp;Funds<\/a><\/p>\n","protected":false},"excerpt":{"rendered":"<p>Entre el el 13 y el 17 de junio se desarroll\u00f3 en Cambridge, Massachusetts, la segunda sesi\u00f3n de trabajo presencial del proyecto Designing a Revolution: Histories of Design and Political Change in Chile, perteneciente al Global Seed Funds, MIT International Science &#038; Technology Initiatives MISTI (2021-23).<\/p>\n","protected":false},"author":1,"featured_media":4686,"comment_status":"open","ping_status":"open","sticky":false,"template":"","format":"standard","meta":{"_acf_changed":false,"footnotes":""},"categories":[1],"tags":[],"class_list":["post-4685","post","type-post","status-publish","format-standard","has-post-thumbnail","hentry","category-sin-categorizar"],"acf":[],"yoast_head":"<!-- This site is optimized with the Yoast SEO plugin v27.1.1 - https:\/\/yoast.com\/product\/yoast-seo-wordpress\/ -->\n<title>Hugo Palmarola y Pedro Alonso en MIT - Facultad de Arquitectura, Dise\u00f1o y Estudios Urbanos<\/title>\n<meta name=\"description\" content=\"Entre el el 13 y el 17 de junio se desarroll\u00f3 en Cambridge, Massachusetts, la segunda sesi\u00f3n de trabajo presencial del proyecto Designing a Revolution: Histories of Design and Political Change in Chile, perteneciente al Global Seed Funds, MIT International Science &amp; Technology Initiatives MISTI (2021-23).\" \/>\n<meta name=\"robots\" content=\"index, follow, max-snippet:-1, max-image-preview:large, max-video-preview:-1\" \/>\n<link rel=\"canonical\" href=\"https:\/\/fadeu.urantiacos.cl\/en\/2022\/06\/22\/hugo-palmarola-y-pedro-alonso-en-mit\/\" \/>\n<meta property=\"og:locale\" content=\"en_US\" \/>\n<meta property=\"og:type\" content=\"article\" \/>\n<meta property=\"og:title\" content=\"Hugo Palmarola y Pedro Alonso en MIT - Facultad de Arquitectura, Dise\u00f1o y Estudios Urbanos\" \/>\n<meta property=\"og:description\" content=\"Entre el el 13 y el 17 de junio se desarroll\u00f3 en Cambridge, Massachusetts, la segunda sesi\u00f3n de trabajo presencial del proyecto Designing a Revolution: Histories of Design and Political Change in Chile, perteneciente al Global Seed Funds, MIT International Science &amp; Technology Initiatives MISTI (2021-23).\" \/>\n<meta property=\"og:url\" content=\"https:\/\/fadeu.urantiacos.cl\/en\/2022\/06\/22\/hugo-palmarola-y-pedro-alonso-en-mit\/\" \/>\n<meta property=\"og:site_name\" content=\"Facultad de Arquitectura, Dise\u00f1o y Estudios Urbanos\" \/>\n<meta property=\"article:published_time\" content=\"2022-06-22T20:41:00+00:00\" \/>\n<meta property=\"article:modified_time\" content=\"2023-09-04T20:43:35+00:00\" \/>\n<meta property=\"og:image\" content=\"https:\/\/fadeu.urantiacos.cl\/wp-content\/uploads\/2023\/09\/web_Hugo_Palmarola_y_Pedro_Alonso_en_MIT.jpg\" \/>\n\t<meta property=\"og:image:width\" content=\"350\" \/>\n\t<meta property=\"og:image:height\" content=\"250\" \/>\n\t<meta property=\"og:image:type\" content=\"image\/jpeg\" \/>\n<meta name=\"author\" content=\"manadmin\" \/>\n<meta name=\"twitter:card\" content=\"summary_large_image\" \/>\n<meta name=\"twitter:label1\" content=\"Written by\" \/>\n\t<meta name=\"twitter:data1\" content=\"manadmin\" \/>\n\t<meta name=\"twitter:label2\" content=\"Est. reading time\" \/>\n\t<meta name=\"twitter:data2\" content=\"1 minute\" \/>\n<script type=\"application\/ld+json\" class=\"yoast-schema-graph\">{\"@context\":\"https:\/\/schema.org\",\"@graph\":[{\"@type\":\"Article\",\"@id\":\"https:\/\/fadeu.urantiacos.cl\/en\/2022\/06\/22\/hugo-palmarola-y-pedro-alonso-en-mit\/#article\",\"isPartOf\":{\"@id\":\"https:\/\/fadeu.urantiacos.cl\/en\/2022\/06\/22\/hugo-palmarola-y-pedro-alonso-en-mit\/\"},\"author\":{\"name\":\"manadmin\",\"@id\":\"https:\/\/fadeu.urantiacos.cl\/en\/#\/schema\/person\/d203e2e84b1c40275eac77b3061a19a2\"},\"headline\":\"Hugo Palmarola y Pedro Alonso en MIT\",\"datePublished\":\"2022-06-22T20:41:00+00:00\",\"dateModified\":\"2023-09-04T20:43:35+00:00\",\"mainEntityOfPage\":{\"@id\":\"https:\/\/fadeu.urantiacos.cl\/en\/2022\/06\/22\/hugo-palmarola-y-pedro-alonso-en-mit\/\"},\"wordCount\":135,\"commentCount\":0,\"image\":{\"@id\":\"https:\/\/fadeu.urantiacos.cl\/en\/2022\/06\/22\/hugo-palmarola-y-pedro-alonso-en-mit\/#primaryimage\"},\"thumbnailUrl\":\"https:\/\/fadeu.urantiacos.cl\/wp-content\/uploads\/2023\/09\/web_Hugo_Palmarola_y_Pedro_Alonso_en_MIT.jpg\",\"articleSection\":[\"Sin categorizar\"],\"inLanguage\":\"en-US\",\"potentialAction\":[{\"@type\":\"CommentAction\",\"name\":\"Comment\",\"target\":[\"https:\/\/fadeu.urantiacos.cl\/en\/2022\/06\/22\/hugo-palmarola-y-pedro-alonso-en-mit\/#respond\"]}]},{\"@type\":\"WebPage\",\"@id\":\"https:\/\/fadeu.urantiacos.cl\/en\/2022\/06\/22\/hugo-palmarola-y-pedro-alonso-en-mit\/\",\"url\":\"https:\/\/fadeu.urantiacos.cl\/en\/2022\/06\/22\/hugo-palmarola-y-pedro-alonso-en-mit\/\",\"name\":\"Hugo Palmarola y Pedro Alonso en MIT - Facultad de Arquitectura, Dise\u00f1o y Estudios Urbanos\",\"isPartOf\":{\"@id\":\"https:\/\/fadeu.urantiacos.cl\/en\/#website\"},\"primaryImageOfPage\":{\"@id\":\"https:\/\/fadeu.urantiacos.cl\/en\/2022\/06\/22\/hugo-palmarola-y-pedro-alonso-en-mit\/#primaryimage\"},\"image\":{\"@id\":\"https:\/\/fadeu.urantiacos.cl\/en\/2022\/06\/22\/hugo-palmarola-y-pedro-alonso-en-mit\/#primaryimage\"},\"thumbnailUrl\":\"https:\/\/fadeu.urantiacos.cl\/wp-content\/uploads\/2023\/09\/web_Hugo_Palmarola_y_Pedro_Alonso_en_MIT.jpg\",\"datePublished\":\"2022-06-22T20:41:00+00:00\",\"dateModified\":\"2023-09-04T20:43:35+00:00\",\"author\":{\"@id\":\"https:\/\/fadeu.urantiacos.cl\/en\/#\/schema\/person\/d203e2e84b1c40275eac77b3061a19a2\"},\"description\":\"Entre el el 13 y el 17 de junio se desarroll\u00f3 en Cambridge, Massachusetts, la segunda sesi\u00f3n de trabajo presencial del proyecto Designing a Revolution: Histories of Design and Political Change in Chile, perteneciente al Global Seed Funds, MIT International Science & Technology Initiatives MISTI (2021-23).\",\"breadcrumb\":{\"@id\":\"https:\/\/fadeu.urantiacos.cl\/en\/2022\/06\/22\/hugo-palmarola-y-pedro-alonso-en-mit\/#breadcrumb\"},\"inLanguage\":\"en-US\",\"potentialAction\":[{\"@type\":\"ReadAction\",\"target\":[\"https:\/\/fadeu.urantiacos.cl\/en\/2022\/06\/22\/hugo-palmarola-y-pedro-alonso-en-mit\/\"]}]},{\"@type\":\"ImageObject\",\"inLanguage\":\"en-US\",\"@id\":\"https:\/\/fadeu.urantiacos.cl\/en\/2022\/06\/22\/hugo-palmarola-y-pedro-alonso-en-mit\/#primaryimage\",\"url\":\"https:\/\/fadeu.urantiacos.cl\/wp-content\/uploads\/2023\/09\/web_Hugo_Palmarola_y_Pedro_Alonso_en_MIT.jpg\",\"contentUrl\":\"https:\/\/fadeu.urantiacos.cl\/wp-content\/uploads\/2023\/09\/web_Hugo_Palmarola_y_Pedro_Alonso_en_MIT.jpg\",\"width\":350,\"height\":250},{\"@type\":\"BreadcrumbList\",\"@id\":\"https:\/\/fadeu.urantiacos.cl\/en\/2022\/06\/22\/hugo-palmarola-y-pedro-alonso-en-mit\/#breadcrumb\",\"itemListElement\":[{\"@type\":\"ListItem\",\"position\":1,\"name\":\"Portada\",\"item\":\"https:\/\/fadeu.urantiacos.cl\/en\/\"},{\"@type\":\"ListItem\",\"position\":2,\"name\":\"Hugo Palmarola y Pedro Alonso en MIT\"}]},{\"@type\":\"WebSite\",\"@id\":\"https:\/\/fadeu.urantiacos.cl\/en\/#website\",\"url\":\"https:\/\/fadeu.urantiacos.cl\/en\/\",\"name\":\"Facultad de Arquitectura, Dise\u00f1o y Estudios Urbanos\",\"description\":\"Campus Lo Contador\",\"potentialAction\":[{\"@type\":\"SearchAction\",\"target\":{\"@type\":\"EntryPoint\",\"urlTemplate\":\"https:\/\/fadeu.urantiacos.cl\/en\/?s={search_term_string}\"},\"query-input\":{\"@type\":\"PropertyValueSpecification\",\"valueRequired\":true,\"valueName\":\"search_term_string\"}}],\"inLanguage\":\"en-US\"},{\"@type\":\"Person\",\"@id\":\"https:\/\/fadeu.urantiacos.cl\/en\/#\/schema\/person\/d203e2e84b1c40275eac77b3061a19a2\",\"name\":\"manadmin\",\"image\":{\"@type\":\"ImageObject\",\"inLanguage\":\"en-US\",\"@id\":\"https:\/\/fadeu.urantiacos.cl\/en\/#\/schema\/person\/image\/\",\"url\":\"https:\/\/secure.gravatar.com\/avatar\/4b1d8e3303b4a9d8968ac578947d8bc80d9aea359f388cdd4aac15cadc0e8447?s=96&d=mm&r=g\",\"contentUrl\":\"https:\/\/secure.gravatar.com\/avatar\/4b1d8e3303b4a9d8968ac578947d8bc80d9aea359f388cdd4aac15cadc0e8447?s=96&d=mm&r=g\",\"caption\":\"manadmin\"},\"sameAs\":[\"https:\/\/fadeu.urantiacos.cl\"]}]}<\/script>\n<!-- \/ Yoast SEO plugin. -->","yoast_head_json":{"title":"Hugo Palmarola y Pedro Alonso en MIT - Facultad de Arquitectura, Dise\u00f1o y Estudios Urbanos","description":"Entre el el 13 y el 17 de junio se desarroll\u00f3 en Cambridge, Massachusetts, la segunda sesi\u00f3n de trabajo presencial del proyecto Designing a Revolution: Histories of Design and Political Change in Chile, perteneciente al Global Seed Funds, MIT International Science & Technology Initiatives MISTI (2021-23).","robots":{"index":"index","follow":"follow","max-snippet":"max-snippet:-1","max-image-preview":"max-image-preview:large","max-video-preview":"max-video-preview:-1"},"canonical":"https:\/\/fadeu.urantiacos.cl\/en\/2022\/06\/22\/hugo-palmarola-y-pedro-alonso-en-mit\/","og_locale":"en_US","og_type":"article","og_title":"Hugo Palmarola y Pedro Alonso en MIT - Facultad de Arquitectura, Dise\u00f1o y Estudios Urbanos","og_description":"Entre el el 13 y el 17 de junio se desarroll\u00f3 en Cambridge, Massachusetts, la segunda sesi\u00f3n de trabajo presencial del proyecto Designing a Revolution: Histories of Design and Political Change in Chile, perteneciente al Global Seed Funds, MIT International Science & Technology Initiatives MISTI (2021-23).","og_url":"https:\/\/fadeu.urantiacos.cl\/en\/2022\/06\/22\/hugo-palmarola-y-pedro-alonso-en-mit\/","og_site_name":"Facultad de Arquitectura, Dise\u00f1o y Estudios Urbanos","article_published_time":"2022-06-22T20:41:00+00:00","article_modified_time":"2023-09-04T20:43:35+00:00","og_image":[{"width":350,"height":250,"url":"https:\/\/fadeu.urantiacos.cl\/wp-content\/uploads\/2023\/09\/web_Hugo_Palmarola_y_Pedro_Alonso_en_MIT.jpg","type":"image\/jpeg"}],"author":"manadmin","twitter_card":"summary_large_image","twitter_misc":{"Written by":"manadmin","Est. reading time":"1 minute"},"schema":{"@context":"https:\/\/schema.org","@graph":[{"@type":"Article","@id":"https:\/\/fadeu.urantiacos.cl\/en\/2022\/06\/22\/hugo-palmarola-y-pedro-alonso-en-mit\/#article","isPartOf":{"@id":"https:\/\/fadeu.urantiacos.cl\/en\/2022\/06\/22\/hugo-palmarola-y-pedro-alonso-en-mit\/"},"author":{"name":"manadmin","@id":"https:\/\/fadeu.urantiacos.cl\/en\/#\/schema\/person\/d203e2e84b1c40275eac77b3061a19a2"},"headline":"Hugo Palmarola y Pedro Alonso en MIT","datePublished":"2022-06-22T20:41:00+00:00","dateModified":"2023-09-04T20:43:35+00:00","mainEntityOfPage":{"@id":"https:\/\/fadeu.urantiacos.cl\/en\/2022\/06\/22\/hugo-palmarola-y-pedro-alonso-en-mit\/"},"wordCount":135,"commentCount":0,"image":{"@id":"https:\/\/fadeu.urantiacos.cl\/en\/2022\/06\/22\/hugo-palmarola-y-pedro-alonso-en-mit\/#primaryimage"},"thumbnailUrl":"https:\/\/fadeu.urantiacos.cl\/wp-content\/uploads\/2023\/09\/web_Hugo_Palmarola_y_Pedro_Alonso_en_MIT.jpg","articleSection":["Sin categorizar"],"inLanguage":"en-US","potentialAction":[{"@type":"CommentAction","name":"Comment","target":["https:\/\/fadeu.urantiacos.cl\/en\/2022\/06\/22\/hugo-palmarola-y-pedro-alonso-en-mit\/#respond"]}]},{"@type":"WebPage","@id":"https:\/\/fadeu.urantiacos.cl\/en\/2022\/06\/22\/hugo-palmarola-y-pedro-alonso-en-mit\/","url":"https:\/\/fadeu.urantiacos.cl\/en\/2022\/06\/22\/hugo-palmarola-y-pedro-alonso-en-mit\/","name":"Hugo Palmarola y Pedro Alonso en MIT - Facultad de Arquitectura, Dise\u00f1o y Estudios Urbanos","isPartOf":{"@id":"https:\/\/fadeu.urantiacos.cl\/en\/#website"},"primaryImageOfPage":{"@id":"https:\/\/fadeu.urantiacos.cl\/en\/2022\/06\/22\/hugo-palmarola-y-pedro-alonso-en-mit\/#primaryimage"},"image":{"@id":"https:\/\/fadeu.urantiacos.cl\/en\/2022\/06\/22\/hugo-palmarola-y-pedro-alonso-en-mit\/#primaryimage"},"thumbnailUrl":"https:\/\/fadeu.urantiacos.cl\/wp-content\/uploads\/2023\/09\/web_Hugo_Palmarola_y_Pedro_Alonso_en_MIT.jpg","datePublished":"2022-06-22T20:41:00+00:00","dateModified":"2023-09-04T20:43:35+00:00","author":{"@id":"https:\/\/fadeu.urantiacos.cl\/en\/#\/schema\/person\/d203e2e84b1c40275eac77b3061a19a2"},"description":"Entre el el 13 y el 17 de junio se desarroll\u00f3 en Cambridge, Massachusetts, la segunda sesi\u00f3n de trabajo presencial del proyecto Designing a Revolution: Histories of Design and Political Change in Chile, perteneciente al Global Seed Funds, MIT International Science & Technology Initiatives MISTI (2021-23).","breadcrumb":{"@id":"https:\/\/fadeu.urantiacos.cl\/en\/2022\/06\/22\/hugo-palmarola-y-pedro-alonso-en-mit\/#breadcrumb"},"inLanguage":"en-US","potentialAction":[{"@type":"ReadAction","target":["https:\/\/fadeu.urantiacos.cl\/en\/2022\/06\/22\/hugo-palmarola-y-pedro-alonso-en-mit\/"]}]},{"@type":"ImageObject","inLanguage":"en-US","@id":"https:\/\/fadeu.urantiacos.cl\/en\/2022\/06\/22\/hugo-palmarola-y-pedro-alonso-en-mit\/#primaryimage","url":"https:\/\/fadeu.urantiacos.cl\/wp-content\/uploads\/2023\/09\/web_Hugo_Palmarola_y_Pedro_Alonso_en_MIT.jpg","contentUrl":"https:\/\/fadeu.urantiacos.cl\/wp-content\/uploads\/2023\/09\/web_Hugo_Palmarola_y_Pedro_Alonso_en_MIT.jpg","width":350,"height":250},{"@type":"BreadcrumbList","@id":"https:\/\/fadeu.urantiacos.cl\/en\/2022\/06\/22\/hugo-palmarola-y-pedro-alonso-en-mit\/#breadcrumb","itemListElement":[{"@type":"ListItem","position":1,"name":"Portada","item":"https:\/\/fadeu.urantiacos.cl\/en\/"},{"@type":"ListItem","position":2,"name":"Hugo Palmarola y Pedro Alonso en MIT"}]},{"@type":"WebSite","@id":"https:\/\/fadeu.urantiacos.cl\/en\/#website","url":"https:\/\/fadeu.urantiacos.cl\/en\/","name":"Facultad de Arquitectura, Dise\u00f1o y Estudios Urbanos","description":"Campus Lo Contador","potentialAction":[{"@type":"SearchAction","target":{"@type":"EntryPoint","urlTemplate":"https:\/\/fadeu.urantiacos.cl\/en\/?s={search_term_string}"},"query-input":{"@type":"PropertyValueSpecification","valueRequired":true,"valueName":"search_term_string"}}],"inLanguage":"en-US"},{"@type":"Person","@id":"https:\/\/fadeu.urantiacos.cl\/en\/#\/schema\/person\/d203e2e84b1c40275eac77b3061a19a2","name":"manadmin","image":{"@type":"ImageObject","inLanguage":"en-US","@id":"https:\/\/fadeu.urantiacos.cl\/en\/#\/schema\/person\/image\/","url":"https:\/\/secure.gravatar.com\/avatar\/4b1d8e3303b4a9d8968ac578947d8bc80d9aea359f388cdd4aac15cadc0e8447?s=96&d=mm&r=g","contentUrl":"https:\/\/secure.gravatar.com\/avatar\/4b1d8e3303b4a9d8968ac578947d8bc80d9aea359f388cdd4aac15cadc0e8447?s=96&d=mm&r=g","caption":"manadmin"},"sameAs":["https:\/\/fadeu.urantiacos.cl"]}]}},"_links":{"self":[{"href":"https:\/\/fadeu.urantiacos.cl\/en\/wp-json\/wp\/v2\/posts\/4685","targetHints":{"allow":["GET"]}}],"collection":[{"href":"https:\/\/fadeu.urantiacos.cl\/en\/wp-json\/wp\/v2\/posts"}],"about":[{"href":"https:\/\/fadeu.urantiacos.cl\/en\/wp-json\/wp\/v2\/types\/post"}],"author":[{"embeddable":true,"href":"https:\/\/fadeu.urantiacos.cl\/en\/wp-json\/wp\/v2\/users\/1"}],"replies":[{"embeddable":true,"href":"https:\/\/fadeu.urantiacos.cl\/en\/wp-json\/wp\/v2\/comments?post=4685"}],"version-history":[{"count":1,"href":"https:\/\/fadeu.urantiacos.cl\/en\/wp-json\/wp\/v2\/posts\/4685\/revisions"}],"predecessor-version":[{"id":4687,"href":"https:\/\/fadeu.urantiacos.cl\/en\/wp-json\/wp\/v2\/posts\/4685\/revisions\/4687"}],"wp:featuredmedia":[{"embeddable":true,"href":"https:\/\/fadeu.urantiacos.cl\/en\/wp-json\/wp\/v2\/media\/4686"}],"wp:attachment":[{"href":"https:\/\/fadeu.urantiacos.cl\/en\/wp-json\/wp\/v2\/media?parent=4685"}],"wp:term":[{"taxonomy":"category","embeddable":true,"href":"https:\/\/fadeu.urantiacos.cl\/en\/wp-json\/wp\/v2\/categories?post=4685"},{"taxonomy":"post_tag","embeddable":true,"href":"https:\/\/fadeu.urantiacos.cl\/en\/wp-json\/wp\/v2\/tags?post=4685"}],"curies":[{"name":"wp","href":"https:\/\/api.w.org\/{rel}","templated":true}]}}