{"id":4676,"date":"2022-06-27T17:35:00","date_gmt":"2022-06-27T20:35:00","guid":{"rendered":"https:\/\/fadeu.urantiacos.cl\/?p=4676"},"modified":"2023-09-04T17:37:27","modified_gmt":"2023-09-04T20:37:27","slug":"margarita-greene-sera-parte-del-comite-directivo-del-un-habitat-world-urban-campaign","status":"publish","type":"post","link":"https:\/\/fadeu.urantiacos.cl\/en\/2022\/06\/27\/margarita-greene-sera-parte-del-comite-directivo-del-un-habitat-world-urban-campaign\/","title":{"rendered":"Margarita Greene ser\u00e1 parte del comit\u00e9 directivo del UN-Habitat World Urban Campaign"},"content":{"rendered":"\n<figure class=\"wp-block-image size-full\"><img decoding=\"async\" width=\"350\" height=\"250\" src=\"https:\/\/fadeu.urantiacos.cl\/wp-content\/uploads\/2023\/09\/web_Captura_de_Pantalla_2022-06-28_a_las_08.37.35.png\" alt=\"\" class=\"wp-image-4677\" srcset=\"https:\/\/fadeu.urantiacos.cl\/wp-content\/uploads\/2023\/09\/web_Captura_de_Pantalla_2022-06-28_a_las_08.37.35.png 350w, https:\/\/fadeu.urantiacos.cl\/wp-content\/uploads\/2023\/09\/web_Captura_de_Pantalla_2022-06-28_a_las_08.37.35-300x214.png 300w\" sizes=\"(max-width: 350px) 100vw, 350px\" \/><\/figure>\n\n\n\n<p>El World Urban Campaign (WUC) \u2014coordinado por el programa UN-Habitat de las Naciones Unidas (ONU)\u2014 es una plataforma internacional que busca promover el di\u00e1logo, el intercambio y el aprendizaje para mejorar el futuro urbano. La iniciativa, que fue lanzada en 2010 en el marco del quinto World Urban Forum (WUF), est\u00e1 impulsado por m\u00e1s de 200 organizaciones de la sociedad civil, autoridades locales, el sector privado, instituciones de investigaci\u00f3n, profesionales, acad\u00e9micos, parlamentarios, sindicatos, grupos de j\u00f3venes y los medios de comunicaci\u00f3n.<\/p>\n\n\n\n<p>De esta manera, la profesora ARQ UC Margarita Greene formar\u00e1 parte en nombre de CEDEUS del grupo que representa la investigaci\u00f3n y el trabajo acad\u00e9mico, desarrollando sus labores en el comit\u00e9 directivo por un periodo de dos a\u00f1os. Los resultados de las votaciones que llevaron a la definici\u00f3n del nuevo comit\u00e9 directivo y sus distintos grupos ser\u00e1 presentado oficialmente en la pr\u00f3xima versi\u00f3n del WUF, que en su edici\u00f3n decimoprimera se realiza entre el 26 y el 30 de junio en la ciudad de Katowice, Polonia.<\/p>\n\n\n\n<p>Ver p\u00e1gina web del WUC en el siguiente&nbsp;<a href=\"https:\/\/www.worldurbancampaign.org\/\" target=\"_blank\" rel=\"noreferrer noopener\">enlace<\/a>&nbsp;<br>Ver p\u00e1gina web del WUF en el siguiente&nbsp;<a href=\"https:\/\/wuf.unhabitat.org\/\" target=\"_blank\" rel=\"noreferrer noopener\">enlace<\/a>&nbsp;<\/p>\n\n\n\n<p>Noticias<br>Contacto:&nbsp;<a href=\"mailto:redesarq@uc.cl\">redesarq@uc.cl<\/a>&nbsp;| +56 2 2354 7747<br>www.arquitectura.uc.cl&nbsp;<\/p>\n","protected":false},"excerpt":{"rendered":"<p>La profesora ARQ UC fue elegida \u2014en representaci\u00f3n del Centro de Desarrollo Urbano Sustentable UC (CEDEUS)\u2014 como parte del grupo \u201cResearch and Academia\u201d del World Urban Campaign (WUC), coordinado por UN-Habitat.<\/p>\n","protected":false},"author":1,"featured_media":4677,"comment_status":"open","ping_status":"open","sticky":false,"template":"","format":"standard","meta":{"_acf_changed":false,"footnotes":""},"categories":[1],"tags":[],"class_list":["post-4676","post","type-post","status-publish","format-standard","has-post-thumbnail","hentry","category-sin-categorizar"],"acf":[],"yoast_head":"<!-- This site is optimized with the Yoast SEO plugin v27.1.1 - https:\/\/yoast.com\/product\/yoast-seo-wordpress\/ -->\n<title>Margarita Greene ser\u00e1 parte del comit\u00e9 directivo del UN-Habitat World Urban Campaign - Facultad de Arquitectura, Dise\u00f1o y Estudios Urbanos<\/title>\n<meta name=\"description\" content=\"La profesora ARQ UC fue elegida \u2014en representaci\u00f3n del Centro de Desarrollo Urbano Sustentable UC (CEDEUS)\u2014 como parte del grupo \u201cResearch and Academia\u201d del World Urban Campaign (WUC), coordinado por UN-Habitat.\" \/>\n<meta name=\"robots\" content=\"index, follow, max-snippet:-1, max-image-preview:large, max-video-preview:-1\" \/>\n<link rel=\"canonical\" href=\"https:\/\/fadeu.urantiacos.cl\/en\/2022\/06\/27\/margarita-greene-sera-parte-del-comite-directivo-del-un-habitat-world-urban-campaign\/\" \/>\n<meta property=\"og:locale\" content=\"en_US\" \/>\n<meta property=\"og:type\" content=\"article\" \/>\n<meta property=\"og:title\" content=\"Margarita Greene ser\u00e1 parte del comit\u00e9 directivo del UN-Habitat World Urban Campaign - Facultad de Arquitectura, Dise\u00f1o y Estudios Urbanos\" \/>\n<meta property=\"og:description\" content=\"La profesora ARQ UC fue elegida \u2014en representaci\u00f3n del Centro de Desarrollo Urbano Sustentable UC (CEDEUS)\u2014 como parte del grupo \u201cResearch and Academia\u201d del World Urban Campaign (WUC), coordinado por UN-Habitat.\" \/>\n<meta property=\"og:url\" content=\"https:\/\/fadeu.urantiacos.cl\/en\/2022\/06\/27\/margarita-greene-sera-parte-del-comite-directivo-del-un-habitat-world-urban-campaign\/\" \/>\n<meta property=\"og:site_name\" content=\"Facultad de Arquitectura, Dise\u00f1o y Estudios Urbanos\" \/>\n<meta property=\"article:published_time\" content=\"2022-06-27T20:35:00+00:00\" \/>\n<meta property=\"article:modified_time\" content=\"2023-09-04T20:37:27+00:00\" \/>\n<meta property=\"og:image\" content=\"https:\/\/fadeu.urantiacos.cl\/wp-content\/uploads\/2023\/09\/web_Captura_de_Pantalla_2022-06-28_a_las_08.37.35.png\" \/>\n\t<meta property=\"og:image:width\" content=\"350\" \/>\n\t<meta property=\"og:image:height\" content=\"250\" \/>\n\t<meta property=\"og:image:type\" content=\"image\/png\" \/>\n<meta name=\"author\" content=\"manadmin\" \/>\n<meta name=\"twitter:card\" content=\"summary_large_image\" \/>\n<meta name=\"twitter:label1\" content=\"Written by\" \/>\n\t<meta name=\"twitter:data1\" content=\"manadmin\" \/>\n\t<meta name=\"twitter:label2\" content=\"Est. reading time\" \/>\n\t<meta name=\"twitter:data2\" content=\"1 minute\" \/>\n<script type=\"application\/ld+json\" class=\"yoast-schema-graph\">{\"@context\":\"https:\/\/schema.org\",\"@graph\":[{\"@type\":\"Article\",\"@id\":\"https:\/\/fadeu.urantiacos.cl\/en\/2022\/06\/27\/margarita-greene-sera-parte-del-comite-directivo-del-un-habitat-world-urban-campaign\/#article\",\"isPartOf\":{\"@id\":\"https:\/\/fadeu.urantiacos.cl\/en\/2022\/06\/27\/margarita-greene-sera-parte-del-comite-directivo-del-un-habitat-world-urban-campaign\/\"},\"author\":{\"name\":\"manadmin\",\"@id\":\"https:\/\/fadeu.urantiacos.cl\/en\/#\/schema\/person\/d203e2e84b1c40275eac77b3061a19a2\"},\"headline\":\"Margarita Greene ser\u00e1 parte del comit\u00e9 directivo del UN-Habitat World Urban Campaign\",\"datePublished\":\"2022-06-27T20:35:00+00:00\",\"dateModified\":\"2023-09-04T20:37:27+00:00\",\"mainEntityOfPage\":{\"@id\":\"https:\/\/fadeu.urantiacos.cl\/en\/2022\/06\/27\/margarita-greene-sera-parte-del-comite-directivo-del-un-habitat-world-urban-campaign\/\"},\"wordCount\":223,\"commentCount\":0,\"image\":{\"@id\":\"https:\/\/fadeu.urantiacos.cl\/en\/2022\/06\/27\/margarita-greene-sera-parte-del-comite-directivo-del-un-habitat-world-urban-campaign\/#primaryimage\"},\"thumbnailUrl\":\"https:\/\/fadeu.urantiacos.cl\/wp-content\/uploads\/2023\/09\/web_Captura_de_Pantalla_2022-06-28_a_las_08.37.35.png\",\"articleSection\":[\"Sin categorizar\"],\"inLanguage\":\"en-US\",\"potentialAction\":[{\"@type\":\"CommentAction\",\"name\":\"Comment\",\"target\":[\"https:\/\/fadeu.urantiacos.cl\/en\/2022\/06\/27\/margarita-greene-sera-parte-del-comite-directivo-del-un-habitat-world-urban-campaign\/#respond\"]}]},{\"@type\":\"WebPage\",\"@id\":\"https:\/\/fadeu.urantiacos.cl\/en\/2022\/06\/27\/margarita-greene-sera-parte-del-comite-directivo-del-un-habitat-world-urban-campaign\/\",\"url\":\"https:\/\/fadeu.urantiacos.cl\/en\/2022\/06\/27\/margarita-greene-sera-parte-del-comite-directivo-del-un-habitat-world-urban-campaign\/\",\"name\":\"Margarita Greene ser\u00e1 parte del comit\u00e9 directivo del UN-Habitat World Urban Campaign - Facultad de Arquitectura, Dise\u00f1o y Estudios Urbanos\",\"isPartOf\":{\"@id\":\"https:\/\/fadeu.urantiacos.cl\/en\/#website\"},\"primaryImageOfPage\":{\"@id\":\"https:\/\/fadeu.urantiacos.cl\/en\/2022\/06\/27\/margarita-greene-sera-parte-del-comite-directivo-del-un-habitat-world-urban-campaign\/#primaryimage\"},\"image\":{\"@id\":\"https:\/\/fadeu.urantiacos.cl\/en\/2022\/06\/27\/margarita-greene-sera-parte-del-comite-directivo-del-un-habitat-world-urban-campaign\/#primaryimage\"},\"thumbnailUrl\":\"https:\/\/fadeu.urantiacos.cl\/wp-content\/uploads\/2023\/09\/web_Captura_de_Pantalla_2022-06-28_a_las_08.37.35.png\",\"datePublished\":\"2022-06-27T20:35:00+00:00\",\"dateModified\":\"2023-09-04T20:37:27+00:00\",\"author\":{\"@id\":\"https:\/\/fadeu.urantiacos.cl\/en\/#\/schema\/person\/d203e2e84b1c40275eac77b3061a19a2\"},\"description\":\"La profesora ARQ UC fue elegida \u2014en representaci\u00f3n del Centro de Desarrollo Urbano Sustentable UC (CEDEUS)\u2014 como parte del grupo \u201cResearch and Academia\u201d del World Urban Campaign (WUC), coordinado por UN-Habitat.\",\"breadcrumb\":{\"@id\":\"https:\/\/fadeu.urantiacos.cl\/en\/2022\/06\/27\/margarita-greene-sera-parte-del-comite-directivo-del-un-habitat-world-urban-campaign\/#breadcrumb\"},\"inLanguage\":\"en-US\",\"potentialAction\":[{\"@type\":\"ReadAction\",\"target\":[\"https:\/\/fadeu.urantiacos.cl\/en\/2022\/06\/27\/margarita-greene-sera-parte-del-comite-directivo-del-un-habitat-world-urban-campaign\/\"]}]},{\"@type\":\"ImageObject\",\"inLanguage\":\"en-US\",\"@id\":\"https:\/\/fadeu.urantiacos.cl\/en\/2022\/06\/27\/margarita-greene-sera-parte-del-comite-directivo-del-un-habitat-world-urban-campaign\/#primaryimage\",\"url\":\"https:\/\/fadeu.urantiacos.cl\/wp-content\/uploads\/2023\/09\/web_Captura_de_Pantalla_2022-06-28_a_las_08.37.35.png\",\"contentUrl\":\"https:\/\/fadeu.urantiacos.cl\/wp-content\/uploads\/2023\/09\/web_Captura_de_Pantalla_2022-06-28_a_las_08.37.35.png\",\"width\":350,\"height\":250},{\"@type\":\"BreadcrumbList\",\"@id\":\"https:\/\/fadeu.urantiacos.cl\/en\/2022\/06\/27\/margarita-greene-sera-parte-del-comite-directivo-del-un-habitat-world-urban-campaign\/#breadcrumb\",\"itemListElement\":[{\"@type\":\"ListItem\",\"position\":1,\"name\":\"Portada\",\"item\":\"https:\/\/fadeu.urantiacos.cl\/en\/\"},{\"@type\":\"ListItem\",\"position\":2,\"name\":\"Margarita Greene ser\u00e1 parte del comit\u00e9 directivo del UN-Habitat World Urban Campaign\"}]},{\"@type\":\"WebSite\",\"@id\":\"https:\/\/fadeu.urantiacos.cl\/en\/#website\",\"url\":\"https:\/\/fadeu.urantiacos.cl\/en\/\",\"name\":\"Facultad de Arquitectura, Dise\u00f1o y Estudios Urbanos\",\"description\":\"Campus Lo Contador\",\"potentialAction\":[{\"@type\":\"SearchAction\",\"target\":{\"@type\":\"EntryPoint\",\"urlTemplate\":\"https:\/\/fadeu.urantiacos.cl\/en\/?s={search_term_string}\"},\"query-input\":{\"@type\":\"PropertyValueSpecification\",\"valueRequired\":true,\"valueName\":\"search_term_string\"}}],\"inLanguage\":\"en-US\"},{\"@type\":\"Person\",\"@id\":\"https:\/\/fadeu.urantiacos.cl\/en\/#\/schema\/person\/d203e2e84b1c40275eac77b3061a19a2\",\"name\":\"manadmin\",\"image\":{\"@type\":\"ImageObject\",\"inLanguage\":\"en-US\",\"@id\":\"https:\/\/fadeu.urantiacos.cl\/en\/#\/schema\/person\/image\/\",\"url\":\"https:\/\/secure.gravatar.com\/avatar\/4b1d8e3303b4a9d8968ac578947d8bc80d9aea359f388cdd4aac15cadc0e8447?s=96&d=mm&r=g\",\"contentUrl\":\"https:\/\/secure.gravatar.com\/avatar\/4b1d8e3303b4a9d8968ac578947d8bc80d9aea359f388cdd4aac15cadc0e8447?s=96&d=mm&r=g\",\"caption\":\"manadmin\"},\"sameAs\":[\"https:\/\/fadeu.urantiacos.cl\"]}]}<\/script>\n<!-- \/ Yoast SEO plugin. -->","yoast_head_json":{"title":"Margarita Greene ser\u00e1 parte del comit\u00e9 directivo del UN-Habitat World Urban Campaign - Facultad de Arquitectura, Dise\u00f1o y Estudios Urbanos","description":"La profesora ARQ UC fue elegida \u2014en representaci\u00f3n del Centro de Desarrollo Urbano Sustentable UC (CEDEUS)\u2014 como parte del grupo \u201cResearch and Academia\u201d del World Urban Campaign (WUC), coordinado por UN-Habitat.","robots":{"index":"index","follow":"follow","max-snippet":"max-snippet:-1","max-image-preview":"max-image-preview:large","max-video-preview":"max-video-preview:-1"},"canonical":"https:\/\/fadeu.urantiacos.cl\/en\/2022\/06\/27\/margarita-greene-sera-parte-del-comite-directivo-del-un-habitat-world-urban-campaign\/","og_locale":"en_US","og_type":"article","og_title":"Margarita Greene ser\u00e1 parte del comit\u00e9 directivo del UN-Habitat World Urban Campaign - Facultad de Arquitectura, Dise\u00f1o y Estudios Urbanos","og_description":"La profesora ARQ UC fue elegida \u2014en representaci\u00f3n del Centro de Desarrollo Urbano Sustentable UC (CEDEUS)\u2014 como parte del grupo \u201cResearch and Academia\u201d del World Urban Campaign (WUC), coordinado por UN-Habitat.","og_url":"https:\/\/fadeu.urantiacos.cl\/en\/2022\/06\/27\/margarita-greene-sera-parte-del-comite-directivo-del-un-habitat-world-urban-campaign\/","og_site_name":"Facultad de Arquitectura, Dise\u00f1o y Estudios Urbanos","article_published_time":"2022-06-27T20:35:00+00:00","article_modified_time":"2023-09-04T20:37:27+00:00","og_image":[{"width":350,"height":250,"url":"https:\/\/fadeu.urantiacos.cl\/wp-content\/uploads\/2023\/09\/web_Captura_de_Pantalla_2022-06-28_a_las_08.37.35.png","type":"image\/png"}],"author":"manadmin","twitter_card":"summary_large_image","twitter_misc":{"Written by":"manadmin","Est. reading time":"1 minute"},"schema":{"@context":"https:\/\/schema.org","@graph":[{"@type":"Article","@id":"https:\/\/fadeu.urantiacos.cl\/en\/2022\/06\/27\/margarita-greene-sera-parte-del-comite-directivo-del-un-habitat-world-urban-campaign\/#article","isPartOf":{"@id":"https:\/\/fadeu.urantiacos.cl\/en\/2022\/06\/27\/margarita-greene-sera-parte-del-comite-directivo-del-un-habitat-world-urban-campaign\/"},"author":{"name":"manadmin","@id":"https:\/\/fadeu.urantiacos.cl\/en\/#\/schema\/person\/d203e2e84b1c40275eac77b3061a19a2"},"headline":"Margarita Greene ser\u00e1 parte del comit\u00e9 directivo del UN-Habitat World Urban Campaign","datePublished":"2022-06-27T20:35:00+00:00","dateModified":"2023-09-04T20:37:27+00:00","mainEntityOfPage":{"@id":"https:\/\/fadeu.urantiacos.cl\/en\/2022\/06\/27\/margarita-greene-sera-parte-del-comite-directivo-del-un-habitat-world-urban-campaign\/"},"wordCount":223,"commentCount":0,"image":{"@id":"https:\/\/fadeu.urantiacos.cl\/en\/2022\/06\/27\/margarita-greene-sera-parte-del-comite-directivo-del-un-habitat-world-urban-campaign\/#primaryimage"},"thumbnailUrl":"https:\/\/fadeu.urantiacos.cl\/wp-content\/uploads\/2023\/09\/web_Captura_de_Pantalla_2022-06-28_a_las_08.37.35.png","articleSection":["Sin categorizar"],"inLanguage":"en-US","potentialAction":[{"@type":"CommentAction","name":"Comment","target":["https:\/\/fadeu.urantiacos.cl\/en\/2022\/06\/27\/margarita-greene-sera-parte-del-comite-directivo-del-un-habitat-world-urban-campaign\/#respond"]}]},{"@type":"WebPage","@id":"https:\/\/fadeu.urantiacos.cl\/en\/2022\/06\/27\/margarita-greene-sera-parte-del-comite-directivo-del-un-habitat-world-urban-campaign\/","url":"https:\/\/fadeu.urantiacos.cl\/en\/2022\/06\/27\/margarita-greene-sera-parte-del-comite-directivo-del-un-habitat-world-urban-campaign\/","name":"Margarita Greene ser\u00e1 parte del comit\u00e9 directivo del UN-Habitat World Urban Campaign - Facultad de Arquitectura, Dise\u00f1o y Estudios Urbanos","isPartOf":{"@id":"https:\/\/fadeu.urantiacos.cl\/en\/#website"},"primaryImageOfPage":{"@id":"https:\/\/fadeu.urantiacos.cl\/en\/2022\/06\/27\/margarita-greene-sera-parte-del-comite-directivo-del-un-habitat-world-urban-campaign\/#primaryimage"},"image":{"@id":"https:\/\/fadeu.urantiacos.cl\/en\/2022\/06\/27\/margarita-greene-sera-parte-del-comite-directivo-del-un-habitat-world-urban-campaign\/#primaryimage"},"thumbnailUrl":"https:\/\/fadeu.urantiacos.cl\/wp-content\/uploads\/2023\/09\/web_Captura_de_Pantalla_2022-06-28_a_las_08.37.35.png","datePublished":"2022-06-27T20:35:00+00:00","dateModified":"2023-09-04T20:37:27+00:00","author":{"@id":"https:\/\/fadeu.urantiacos.cl\/en\/#\/schema\/person\/d203e2e84b1c40275eac77b3061a19a2"},"description":"La profesora ARQ UC fue elegida \u2014en representaci\u00f3n del Centro de Desarrollo Urbano Sustentable UC (CEDEUS)\u2014 como parte del grupo \u201cResearch and Academia\u201d del World Urban Campaign (WUC), coordinado por UN-Habitat.","breadcrumb":{"@id":"https:\/\/fadeu.urantiacos.cl\/en\/2022\/06\/27\/margarita-greene-sera-parte-del-comite-directivo-del-un-habitat-world-urban-campaign\/#breadcrumb"},"inLanguage":"en-US","potentialAction":[{"@type":"ReadAction","target":["https:\/\/fadeu.urantiacos.cl\/en\/2022\/06\/27\/margarita-greene-sera-parte-del-comite-directivo-del-un-habitat-world-urban-campaign\/"]}]},{"@type":"ImageObject","inLanguage":"en-US","@id":"https:\/\/fadeu.urantiacos.cl\/en\/2022\/06\/27\/margarita-greene-sera-parte-del-comite-directivo-del-un-habitat-world-urban-campaign\/#primaryimage","url":"https:\/\/fadeu.urantiacos.cl\/wp-content\/uploads\/2023\/09\/web_Captura_de_Pantalla_2022-06-28_a_las_08.37.35.png","contentUrl":"https:\/\/fadeu.urantiacos.cl\/wp-content\/uploads\/2023\/09\/web_Captura_de_Pantalla_2022-06-28_a_las_08.37.35.png","width":350,"height":250},{"@type":"BreadcrumbList","@id":"https:\/\/fadeu.urantiacos.cl\/en\/2022\/06\/27\/margarita-greene-sera-parte-del-comite-directivo-del-un-habitat-world-urban-campaign\/#breadcrumb","itemListElement":[{"@type":"ListItem","position":1,"name":"Portada","item":"https:\/\/fadeu.urantiacos.cl\/en\/"},{"@type":"ListItem","position":2,"name":"Margarita Greene ser\u00e1 parte del comit\u00e9 directivo del UN-Habitat World Urban Campaign"}]},{"@type":"WebSite","@id":"https:\/\/fadeu.urantiacos.cl\/en\/#website","url":"https:\/\/fadeu.urantiacos.cl\/en\/","name":"Facultad de Arquitectura, Dise\u00f1o y Estudios Urbanos","description":"Campus Lo Contador","potentialAction":[{"@type":"SearchAction","target":{"@type":"EntryPoint","urlTemplate":"https:\/\/fadeu.urantiacos.cl\/en\/?s={search_term_string}"},"query-input":{"@type":"PropertyValueSpecification","valueRequired":true,"valueName":"search_term_string"}}],"inLanguage":"en-US"},{"@type":"Person","@id":"https:\/\/fadeu.urantiacos.cl\/en\/#\/schema\/person\/d203e2e84b1c40275eac77b3061a19a2","name":"manadmin","image":{"@type":"ImageObject","inLanguage":"en-US","@id":"https:\/\/fadeu.urantiacos.cl\/en\/#\/schema\/person\/image\/","url":"https:\/\/secure.gravatar.com\/avatar\/4b1d8e3303b4a9d8968ac578947d8bc80d9aea359f388cdd4aac15cadc0e8447?s=96&d=mm&r=g","contentUrl":"https:\/\/secure.gravatar.com\/avatar\/4b1d8e3303b4a9d8968ac578947d8bc80d9aea359f388cdd4aac15cadc0e8447?s=96&d=mm&r=g","caption":"manadmin"},"sameAs":["https:\/\/fadeu.urantiacos.cl"]}]}},"_links":{"self":[{"href":"https:\/\/fadeu.urantiacos.cl\/en\/wp-json\/wp\/v2\/posts\/4676","targetHints":{"allow":["GET"]}}],"collection":[{"href":"https:\/\/fadeu.urantiacos.cl\/en\/wp-json\/wp\/v2\/posts"}],"about":[{"href":"https:\/\/fadeu.urantiacos.cl\/en\/wp-json\/wp\/v2\/types\/post"}],"author":[{"embeddable":true,"href":"https:\/\/fadeu.urantiacos.cl\/en\/wp-json\/wp\/v2\/users\/1"}],"replies":[{"embeddable":true,"href":"https:\/\/fadeu.urantiacos.cl\/en\/wp-json\/wp\/v2\/comments?post=4676"}],"version-history":[{"count":1,"href":"https:\/\/fadeu.urantiacos.cl\/en\/wp-json\/wp\/v2\/posts\/4676\/revisions"}],"predecessor-version":[{"id":4678,"href":"https:\/\/fadeu.urantiacos.cl\/en\/wp-json\/wp\/v2\/posts\/4676\/revisions\/4678"}],"wp:featuredmedia":[{"embeddable":true,"href":"https:\/\/fadeu.urantiacos.cl\/en\/wp-json\/wp\/v2\/media\/4677"}],"wp:attachment":[{"href":"https:\/\/fadeu.urantiacos.cl\/en\/wp-json\/wp\/v2\/media?parent=4676"}],"wp:term":[{"taxonomy":"category","embeddable":true,"href":"https:\/\/fadeu.urantiacos.cl\/en\/wp-json\/wp\/v2\/categories?post=4676"},{"taxonomy":"post_tag","embeddable":true,"href":"https:\/\/fadeu.urantiacos.cl\/en\/wp-json\/wp\/v2\/tags?post=4676"}],"curies":[{"name":"wp","href":"https:\/\/api.w.org\/{rel}","templated":true}]}}