{"id":4667,"date":"2022-06-28T17:30:00","date_gmt":"2022-06-28T20:30:00","guid":{"rendered":"https:\/\/fadeu.urantiacos.cl\/?p=4667"},"modified":"2023-09-04T17:32:12","modified_gmt":"2023-09-04T20:32:12","slug":"horacio-torrent-participo-en-la-vii-conferencia-de-la-eahn-y-en-la-xiv-edicion-del-siiu","status":"publish","type":"post","link":"https:\/\/fadeu.urantiacos.cl\/en\/2022\/06\/28\/horacio-torrent-participo-en-la-vii-conferencia-de-la-eahn-y-en-la-xiv-edicion-del-siiu\/","title":{"rendered":"Horacio Torrent particip\u00f3 en la VII conferencia de la EAHN y en la XIV edici\u00f3n del SIIU"},"content":{"rendered":"\n<figure class=\"wp-block-image size-full\"><img decoding=\"async\" width=\"350\" height=\"250\" src=\"https:\/\/fadeu.urantiacos.cl\/wp-content\/uploads\/2023\/09\/web_Captura_de_Pantalla_2022-06-28_a_las_08.42.02.png\" alt=\"\" class=\"wp-image-4668\" srcset=\"https:\/\/fadeu.urantiacos.cl\/wp-content\/uploads\/2023\/09\/web_Captura_de_Pantalla_2022-06-28_a_las_08.42.02.png 350w, https:\/\/fadeu.urantiacos.cl\/wp-content\/uploads\/2023\/09\/web_Captura_de_Pantalla_2022-06-28_a_las_08.42.02-300x214.png 300w\" sizes=\"(max-width: 350px) 100vw, 350px\" \/><\/figure>\n\n\n\n<p>EAHN 2022_<br>Este a\u00f1o la \u201cSeventh International Conference\u201d del European Architectural History Network (EAHN) fue realizada en Espa\u00f1a \u2014espec\u00edficamente en la Universidad Polit\u00e9cnica de Madrid (UPM)\u2014 y tuvo como objetivo fomentar el intercambio de investigaci\u00f3n multicultural e interdisciplinario: entendiendo la Pen\u00ednsula Ib\u00e9rica como el cruce de las rutas que unen Europa con \u00c1frica, el Mediterr\u00e1neo con el Atl\u00e1ntico, junto con el papel fundamental de encuentro entre Europa y Am\u00e9rica.<\/p>\n\n\n\n<p>En ese contexto, el profesor ARQ UC Horacio Torrent present\u00f3 el trabajo \u201cRetrotransference: 1929, Le Corbusier in Asunci\u00f3n, Paraguay\u201d en la reuni\u00f3n del grupo \u201cEurope\/Latin America Exchanges Interest\u201d, mesa que tambi\u00e9n coordin\u00f3. Asimismo, coordin\u00f3 la sesi\u00f3n \u2014junto a Ruth Verde Zein de la Universidade Mackenzie de S\u00e3o Paulo\u2014 &#8220;Countercultural Trends: Contemporary Readings on Late 20th Century Architectural Texts and Works&#8221;, que puso en tensi\u00f3n la historia can\u00f3nica de la arquitectura.<\/p>\n\n\n\n<p>SIIU 2022_<br>El Seminario Internacional de Investigaci\u00f3n en Urbanismo (SIIU) busca reunir profesionales e investigadores de diferentes universidades internacionales, fomentando el intercambio de ideas para profundizar en la reflexi\u00f3n ante nuevos retos urban\u00edsticos. En su edici\u00f3n XIV, se celebr\u00f3 de forma conjunta entre Espa\u00f1a y Brasil, a trav\u00e9s de las universidades Polit\u00e9cnica de Madrid (UPM) y Federal del Paran\u00e1 (UFPR). En ese contexto, el acad\u00e9mico ARQ UC present\u00f3 el trabajo &#8220;Dial\u00e9cticas instrumentales del proyecto urbano. Planes reguladores y planes seccionales en Arica, 1950-1980&#8221;, realizado en el marco del proyecto Fondecyt (1221316) que dirige.<\/p>\n\n\n\n<p>Ver m\u00e1s sobre la EAHN en el siguiente&nbsp;<a href=\"https:\/\/eahn2022conference.aq.upm.es\/\" target=\"_blank\" rel=\"noreferrer noopener\">link<\/a><br>Ver m\u00e1s sobre el SIIU en el siguiente&nbsp;<a href=\"https:\/\/eventos.upm.es\/73448\/detail\/seminario-internacional-de-investigacion-en-urbanismo.html\" target=\"_blank\" rel=\"noreferrer noopener\">link<\/a><\/p>\n\n\n\n<p>Noticias<br>Contacto:&nbsp;<a href=\"mailto:redesarq@uc.cl\">redesarq@uc.cl<\/a>&nbsp;| +56 2 2354 7747<br>www.arquitectura.uc.cl&nbsp;<\/p>\n","protected":false},"excerpt":{"rendered":"<p>El profesor ARQ UC fue invitado a la conferencia internacional de historia de la arquitectura de la European Architectural History Network (EAHN) y al XIV Seminario Internacional de Investigaci\u00f3n en Urbanismo (SIIU).<\/p>\n","protected":false},"author":1,"featured_media":4668,"comment_status":"open","ping_status":"open","sticky":false,"template":"","format":"standard","meta":{"_acf_changed":false,"footnotes":""},"categories":[1],"tags":[],"class_list":["post-4667","post","type-post","status-publish","format-standard","has-post-thumbnail","hentry","category-sin-categorizar"],"acf":[],"yoast_head":"<!-- This site is optimized with the Yoast SEO plugin v27.1.1 - https:\/\/yoast.com\/product\/yoast-seo-wordpress\/ -->\n<title>Horacio Torrent particip\u00f3 en la VII conferencia de la EAHN y en la XIV edici\u00f3n del SIIU - Facultad de Arquitectura, Dise\u00f1o y Estudios Urbanos<\/title>\n<meta name=\"description\" content=\"El profesor ARQ UC fue invitado a la conferencia internacional de historia de la arquitectura de la European Architectural History Network (EAHN) y al XIV Seminario Internacional de Investigaci\u00f3n en Urbanismo (SIIU).\" \/>\n<meta name=\"robots\" content=\"index, follow, max-snippet:-1, max-image-preview:large, max-video-preview:-1\" \/>\n<link rel=\"canonical\" href=\"https:\/\/fadeu.urantiacos.cl\/en\/2022\/06\/28\/horacio-torrent-participo-en-la-vii-conferencia-de-la-eahn-y-en-la-xiv-edicion-del-siiu\/\" \/>\n<meta property=\"og:locale\" content=\"en_US\" \/>\n<meta property=\"og:type\" content=\"article\" \/>\n<meta property=\"og:title\" content=\"Horacio Torrent particip\u00f3 en la VII conferencia de la EAHN y en la XIV edici\u00f3n del SIIU - Facultad de Arquitectura, Dise\u00f1o y Estudios Urbanos\" \/>\n<meta property=\"og:description\" content=\"El profesor ARQ UC fue invitado a la conferencia internacional de historia de la arquitectura de la European Architectural History Network (EAHN) y al XIV Seminario Internacional de Investigaci\u00f3n en Urbanismo (SIIU).\" \/>\n<meta property=\"og:url\" content=\"https:\/\/fadeu.urantiacos.cl\/en\/2022\/06\/28\/horacio-torrent-participo-en-la-vii-conferencia-de-la-eahn-y-en-la-xiv-edicion-del-siiu\/\" \/>\n<meta property=\"og:site_name\" content=\"Facultad de Arquitectura, Dise\u00f1o y Estudios Urbanos\" \/>\n<meta property=\"article:published_time\" content=\"2022-06-28T20:30:00+00:00\" \/>\n<meta property=\"article:modified_time\" content=\"2023-09-04T20:32:12+00:00\" \/>\n<meta property=\"og:image\" content=\"https:\/\/fadeu.urantiacos.cl\/wp-content\/uploads\/2023\/09\/web_Captura_de_Pantalla_2022-06-28_a_las_08.42.02.png\" \/>\n\t<meta property=\"og:image:width\" content=\"350\" \/>\n\t<meta property=\"og:image:height\" content=\"250\" \/>\n\t<meta property=\"og:image:type\" content=\"image\/png\" \/>\n<meta name=\"author\" content=\"manadmin\" \/>\n<meta name=\"twitter:card\" content=\"summary_large_image\" \/>\n<meta name=\"twitter:label1\" content=\"Written by\" \/>\n\t<meta name=\"twitter:data1\" content=\"manadmin\" \/>\n\t<meta name=\"twitter:label2\" content=\"Est. reading time\" \/>\n\t<meta name=\"twitter:data2\" content=\"1 minute\" \/>\n<script type=\"application\/ld+json\" class=\"yoast-schema-graph\">{\"@context\":\"https:\/\/schema.org\",\"@graph\":[{\"@type\":\"Article\",\"@id\":\"https:\/\/fadeu.urantiacos.cl\/en\/2022\/06\/28\/horacio-torrent-participo-en-la-vii-conferencia-de-la-eahn-y-en-la-xiv-edicion-del-siiu\/#article\",\"isPartOf\":{\"@id\":\"https:\/\/fadeu.urantiacos.cl\/en\/2022\/06\/28\/horacio-torrent-participo-en-la-vii-conferencia-de-la-eahn-y-en-la-xiv-edicion-del-siiu\/\"},\"author\":{\"name\":\"manadmin\",\"@id\":\"https:\/\/fadeu.urantiacos.cl\/en\/#\/schema\/person\/d203e2e84b1c40275eac77b3061a19a2\"},\"headline\":\"Horacio Torrent particip\u00f3 en la VII conferencia de la EAHN y en la XIV edici\u00f3n del SIIU\",\"datePublished\":\"2022-06-28T20:30:00+00:00\",\"dateModified\":\"2023-09-04T20:32:12+00:00\",\"mainEntityOfPage\":{\"@id\":\"https:\/\/fadeu.urantiacos.cl\/en\/2022\/06\/28\/horacio-torrent-participo-en-la-vii-conferencia-de-la-eahn-y-en-la-xiv-edicion-del-siiu\/\"},\"wordCount\":306,\"commentCount\":0,\"image\":{\"@id\":\"https:\/\/fadeu.urantiacos.cl\/en\/2022\/06\/28\/horacio-torrent-participo-en-la-vii-conferencia-de-la-eahn-y-en-la-xiv-edicion-del-siiu\/#primaryimage\"},\"thumbnailUrl\":\"https:\/\/fadeu.urantiacos.cl\/wp-content\/uploads\/2023\/09\/web_Captura_de_Pantalla_2022-06-28_a_las_08.42.02.png\",\"articleSection\":[\"Sin categorizar\"],\"inLanguage\":\"en-US\",\"potentialAction\":[{\"@type\":\"CommentAction\",\"name\":\"Comment\",\"target\":[\"https:\/\/fadeu.urantiacos.cl\/en\/2022\/06\/28\/horacio-torrent-participo-en-la-vii-conferencia-de-la-eahn-y-en-la-xiv-edicion-del-siiu\/#respond\"]}]},{\"@type\":\"WebPage\",\"@id\":\"https:\/\/fadeu.urantiacos.cl\/en\/2022\/06\/28\/horacio-torrent-participo-en-la-vii-conferencia-de-la-eahn-y-en-la-xiv-edicion-del-siiu\/\",\"url\":\"https:\/\/fadeu.urantiacos.cl\/en\/2022\/06\/28\/horacio-torrent-participo-en-la-vii-conferencia-de-la-eahn-y-en-la-xiv-edicion-del-siiu\/\",\"name\":\"Horacio Torrent particip\u00f3 en la VII conferencia de la EAHN y en la XIV edici\u00f3n del SIIU - Facultad de Arquitectura, Dise\u00f1o y Estudios Urbanos\",\"isPartOf\":{\"@id\":\"https:\/\/fadeu.urantiacos.cl\/en\/#website\"},\"primaryImageOfPage\":{\"@id\":\"https:\/\/fadeu.urantiacos.cl\/en\/2022\/06\/28\/horacio-torrent-participo-en-la-vii-conferencia-de-la-eahn-y-en-la-xiv-edicion-del-siiu\/#primaryimage\"},\"image\":{\"@id\":\"https:\/\/fadeu.urantiacos.cl\/en\/2022\/06\/28\/horacio-torrent-participo-en-la-vii-conferencia-de-la-eahn-y-en-la-xiv-edicion-del-siiu\/#primaryimage\"},\"thumbnailUrl\":\"https:\/\/fadeu.urantiacos.cl\/wp-content\/uploads\/2023\/09\/web_Captura_de_Pantalla_2022-06-28_a_las_08.42.02.png\",\"datePublished\":\"2022-06-28T20:30:00+00:00\",\"dateModified\":\"2023-09-04T20:32:12+00:00\",\"author\":{\"@id\":\"https:\/\/fadeu.urantiacos.cl\/en\/#\/schema\/person\/d203e2e84b1c40275eac77b3061a19a2\"},\"description\":\"El profesor ARQ UC fue invitado a la conferencia internacional de historia de la arquitectura de la European Architectural History Network (EAHN) y al XIV Seminario Internacional de Investigaci\u00f3n en Urbanismo (SIIU).\",\"breadcrumb\":{\"@id\":\"https:\/\/fadeu.urantiacos.cl\/en\/2022\/06\/28\/horacio-torrent-participo-en-la-vii-conferencia-de-la-eahn-y-en-la-xiv-edicion-del-siiu\/#breadcrumb\"},\"inLanguage\":\"en-US\",\"potentialAction\":[{\"@type\":\"ReadAction\",\"target\":[\"https:\/\/fadeu.urantiacos.cl\/en\/2022\/06\/28\/horacio-torrent-participo-en-la-vii-conferencia-de-la-eahn-y-en-la-xiv-edicion-del-siiu\/\"]}]},{\"@type\":\"ImageObject\",\"inLanguage\":\"en-US\",\"@id\":\"https:\/\/fadeu.urantiacos.cl\/en\/2022\/06\/28\/horacio-torrent-participo-en-la-vii-conferencia-de-la-eahn-y-en-la-xiv-edicion-del-siiu\/#primaryimage\",\"url\":\"https:\/\/fadeu.urantiacos.cl\/wp-content\/uploads\/2023\/09\/web_Captura_de_Pantalla_2022-06-28_a_las_08.42.02.png\",\"contentUrl\":\"https:\/\/fadeu.urantiacos.cl\/wp-content\/uploads\/2023\/09\/web_Captura_de_Pantalla_2022-06-28_a_las_08.42.02.png\",\"width\":350,\"height\":250},{\"@type\":\"BreadcrumbList\",\"@id\":\"https:\/\/fadeu.urantiacos.cl\/en\/2022\/06\/28\/horacio-torrent-participo-en-la-vii-conferencia-de-la-eahn-y-en-la-xiv-edicion-del-siiu\/#breadcrumb\",\"itemListElement\":[{\"@type\":\"ListItem\",\"position\":1,\"name\":\"Portada\",\"item\":\"https:\/\/fadeu.urantiacos.cl\/en\/\"},{\"@type\":\"ListItem\",\"position\":2,\"name\":\"Horacio Torrent particip\u00f3 en la VII conferencia de la EAHN y en la XIV edici\u00f3n del SIIU\"}]},{\"@type\":\"WebSite\",\"@id\":\"https:\/\/fadeu.urantiacos.cl\/en\/#website\",\"url\":\"https:\/\/fadeu.urantiacos.cl\/en\/\",\"name\":\"Facultad de Arquitectura, Dise\u00f1o y Estudios Urbanos\",\"description\":\"Campus Lo Contador\",\"potentialAction\":[{\"@type\":\"SearchAction\",\"target\":{\"@type\":\"EntryPoint\",\"urlTemplate\":\"https:\/\/fadeu.urantiacos.cl\/en\/?s={search_term_string}\"},\"query-input\":{\"@type\":\"PropertyValueSpecification\",\"valueRequired\":true,\"valueName\":\"search_term_string\"}}],\"inLanguage\":\"en-US\"},{\"@type\":\"Person\",\"@id\":\"https:\/\/fadeu.urantiacos.cl\/en\/#\/schema\/person\/d203e2e84b1c40275eac77b3061a19a2\",\"name\":\"manadmin\",\"image\":{\"@type\":\"ImageObject\",\"inLanguage\":\"en-US\",\"@id\":\"https:\/\/fadeu.urantiacos.cl\/en\/#\/schema\/person\/image\/\",\"url\":\"https:\/\/secure.gravatar.com\/avatar\/4b1d8e3303b4a9d8968ac578947d8bc80d9aea359f388cdd4aac15cadc0e8447?s=96&d=mm&r=g\",\"contentUrl\":\"https:\/\/secure.gravatar.com\/avatar\/4b1d8e3303b4a9d8968ac578947d8bc80d9aea359f388cdd4aac15cadc0e8447?s=96&d=mm&r=g\",\"caption\":\"manadmin\"},\"sameAs\":[\"https:\/\/fadeu.urantiacos.cl\"]}]}<\/script>\n<!-- \/ Yoast SEO plugin. -->","yoast_head_json":{"title":"Horacio Torrent particip\u00f3 en la VII conferencia de la EAHN y en la XIV edici\u00f3n del SIIU - Facultad de Arquitectura, Dise\u00f1o y Estudios Urbanos","description":"El profesor ARQ UC fue invitado a la conferencia internacional de historia de la arquitectura de la European Architectural History Network (EAHN) y al XIV Seminario Internacional de Investigaci\u00f3n en Urbanismo (SIIU).","robots":{"index":"index","follow":"follow","max-snippet":"max-snippet:-1","max-image-preview":"max-image-preview:large","max-video-preview":"max-video-preview:-1"},"canonical":"https:\/\/fadeu.urantiacos.cl\/en\/2022\/06\/28\/horacio-torrent-participo-en-la-vii-conferencia-de-la-eahn-y-en-la-xiv-edicion-del-siiu\/","og_locale":"en_US","og_type":"article","og_title":"Horacio Torrent particip\u00f3 en la VII conferencia de la EAHN y en la XIV edici\u00f3n del SIIU - Facultad de Arquitectura, Dise\u00f1o y Estudios Urbanos","og_description":"El profesor ARQ UC fue invitado a la conferencia internacional de historia de la arquitectura de la European Architectural History Network (EAHN) y al XIV Seminario Internacional de Investigaci\u00f3n en Urbanismo (SIIU).","og_url":"https:\/\/fadeu.urantiacos.cl\/en\/2022\/06\/28\/horacio-torrent-participo-en-la-vii-conferencia-de-la-eahn-y-en-la-xiv-edicion-del-siiu\/","og_site_name":"Facultad de Arquitectura, Dise\u00f1o y Estudios Urbanos","article_published_time":"2022-06-28T20:30:00+00:00","article_modified_time":"2023-09-04T20:32:12+00:00","og_image":[{"width":350,"height":250,"url":"https:\/\/fadeu.urantiacos.cl\/wp-content\/uploads\/2023\/09\/web_Captura_de_Pantalla_2022-06-28_a_las_08.42.02.png","type":"image\/png"}],"author":"manadmin","twitter_card":"summary_large_image","twitter_misc":{"Written by":"manadmin","Est. reading time":"1 minute"},"schema":{"@context":"https:\/\/schema.org","@graph":[{"@type":"Article","@id":"https:\/\/fadeu.urantiacos.cl\/en\/2022\/06\/28\/horacio-torrent-participo-en-la-vii-conferencia-de-la-eahn-y-en-la-xiv-edicion-del-siiu\/#article","isPartOf":{"@id":"https:\/\/fadeu.urantiacos.cl\/en\/2022\/06\/28\/horacio-torrent-participo-en-la-vii-conferencia-de-la-eahn-y-en-la-xiv-edicion-del-siiu\/"},"author":{"name":"manadmin","@id":"https:\/\/fadeu.urantiacos.cl\/en\/#\/schema\/person\/d203e2e84b1c40275eac77b3061a19a2"},"headline":"Horacio Torrent particip\u00f3 en la VII conferencia de la EAHN y en la XIV edici\u00f3n del SIIU","datePublished":"2022-06-28T20:30:00+00:00","dateModified":"2023-09-04T20:32:12+00:00","mainEntityOfPage":{"@id":"https:\/\/fadeu.urantiacos.cl\/en\/2022\/06\/28\/horacio-torrent-participo-en-la-vii-conferencia-de-la-eahn-y-en-la-xiv-edicion-del-siiu\/"},"wordCount":306,"commentCount":0,"image":{"@id":"https:\/\/fadeu.urantiacos.cl\/en\/2022\/06\/28\/horacio-torrent-participo-en-la-vii-conferencia-de-la-eahn-y-en-la-xiv-edicion-del-siiu\/#primaryimage"},"thumbnailUrl":"https:\/\/fadeu.urantiacos.cl\/wp-content\/uploads\/2023\/09\/web_Captura_de_Pantalla_2022-06-28_a_las_08.42.02.png","articleSection":["Sin categorizar"],"inLanguage":"en-US","potentialAction":[{"@type":"CommentAction","name":"Comment","target":["https:\/\/fadeu.urantiacos.cl\/en\/2022\/06\/28\/horacio-torrent-participo-en-la-vii-conferencia-de-la-eahn-y-en-la-xiv-edicion-del-siiu\/#respond"]}]},{"@type":"WebPage","@id":"https:\/\/fadeu.urantiacos.cl\/en\/2022\/06\/28\/horacio-torrent-participo-en-la-vii-conferencia-de-la-eahn-y-en-la-xiv-edicion-del-siiu\/","url":"https:\/\/fadeu.urantiacos.cl\/en\/2022\/06\/28\/horacio-torrent-participo-en-la-vii-conferencia-de-la-eahn-y-en-la-xiv-edicion-del-siiu\/","name":"Horacio Torrent particip\u00f3 en la VII conferencia de la EAHN y en la XIV edici\u00f3n del SIIU - Facultad de Arquitectura, Dise\u00f1o y Estudios Urbanos","isPartOf":{"@id":"https:\/\/fadeu.urantiacos.cl\/en\/#website"},"primaryImageOfPage":{"@id":"https:\/\/fadeu.urantiacos.cl\/en\/2022\/06\/28\/horacio-torrent-participo-en-la-vii-conferencia-de-la-eahn-y-en-la-xiv-edicion-del-siiu\/#primaryimage"},"image":{"@id":"https:\/\/fadeu.urantiacos.cl\/en\/2022\/06\/28\/horacio-torrent-participo-en-la-vii-conferencia-de-la-eahn-y-en-la-xiv-edicion-del-siiu\/#primaryimage"},"thumbnailUrl":"https:\/\/fadeu.urantiacos.cl\/wp-content\/uploads\/2023\/09\/web_Captura_de_Pantalla_2022-06-28_a_las_08.42.02.png","datePublished":"2022-06-28T20:30:00+00:00","dateModified":"2023-09-04T20:32:12+00:00","author":{"@id":"https:\/\/fadeu.urantiacos.cl\/en\/#\/schema\/person\/d203e2e84b1c40275eac77b3061a19a2"},"description":"El profesor ARQ UC fue invitado a la conferencia internacional de historia de la arquitectura de la European Architectural History Network (EAHN) y al XIV Seminario Internacional de Investigaci\u00f3n en Urbanismo (SIIU).","breadcrumb":{"@id":"https:\/\/fadeu.urantiacos.cl\/en\/2022\/06\/28\/horacio-torrent-participo-en-la-vii-conferencia-de-la-eahn-y-en-la-xiv-edicion-del-siiu\/#breadcrumb"},"inLanguage":"en-US","potentialAction":[{"@type":"ReadAction","target":["https:\/\/fadeu.urantiacos.cl\/en\/2022\/06\/28\/horacio-torrent-participo-en-la-vii-conferencia-de-la-eahn-y-en-la-xiv-edicion-del-siiu\/"]}]},{"@type":"ImageObject","inLanguage":"en-US","@id":"https:\/\/fadeu.urantiacos.cl\/en\/2022\/06\/28\/horacio-torrent-participo-en-la-vii-conferencia-de-la-eahn-y-en-la-xiv-edicion-del-siiu\/#primaryimage","url":"https:\/\/fadeu.urantiacos.cl\/wp-content\/uploads\/2023\/09\/web_Captura_de_Pantalla_2022-06-28_a_las_08.42.02.png","contentUrl":"https:\/\/fadeu.urantiacos.cl\/wp-content\/uploads\/2023\/09\/web_Captura_de_Pantalla_2022-06-28_a_las_08.42.02.png","width":350,"height":250},{"@type":"BreadcrumbList","@id":"https:\/\/fadeu.urantiacos.cl\/en\/2022\/06\/28\/horacio-torrent-participo-en-la-vii-conferencia-de-la-eahn-y-en-la-xiv-edicion-del-siiu\/#breadcrumb","itemListElement":[{"@type":"ListItem","position":1,"name":"Portada","item":"https:\/\/fadeu.urantiacos.cl\/en\/"},{"@type":"ListItem","position":2,"name":"Horacio Torrent particip\u00f3 en la VII conferencia de la EAHN y en la XIV edici\u00f3n del SIIU"}]},{"@type":"WebSite","@id":"https:\/\/fadeu.urantiacos.cl\/en\/#website","url":"https:\/\/fadeu.urantiacos.cl\/en\/","name":"Facultad de Arquitectura, Dise\u00f1o y Estudios Urbanos","description":"Campus Lo Contador","potentialAction":[{"@type":"SearchAction","target":{"@type":"EntryPoint","urlTemplate":"https:\/\/fadeu.urantiacos.cl\/en\/?s={search_term_string}"},"query-input":{"@type":"PropertyValueSpecification","valueRequired":true,"valueName":"search_term_string"}}],"inLanguage":"en-US"},{"@type":"Person","@id":"https:\/\/fadeu.urantiacos.cl\/en\/#\/schema\/person\/d203e2e84b1c40275eac77b3061a19a2","name":"manadmin","image":{"@type":"ImageObject","inLanguage":"en-US","@id":"https:\/\/fadeu.urantiacos.cl\/en\/#\/schema\/person\/image\/","url":"https:\/\/secure.gravatar.com\/avatar\/4b1d8e3303b4a9d8968ac578947d8bc80d9aea359f388cdd4aac15cadc0e8447?s=96&d=mm&r=g","contentUrl":"https:\/\/secure.gravatar.com\/avatar\/4b1d8e3303b4a9d8968ac578947d8bc80d9aea359f388cdd4aac15cadc0e8447?s=96&d=mm&r=g","caption":"manadmin"},"sameAs":["https:\/\/fadeu.urantiacos.cl"]}]}},"_links":{"self":[{"href":"https:\/\/fadeu.urantiacos.cl\/en\/wp-json\/wp\/v2\/posts\/4667","targetHints":{"allow":["GET"]}}],"collection":[{"href":"https:\/\/fadeu.urantiacos.cl\/en\/wp-json\/wp\/v2\/posts"}],"about":[{"href":"https:\/\/fadeu.urantiacos.cl\/en\/wp-json\/wp\/v2\/types\/post"}],"author":[{"embeddable":true,"href":"https:\/\/fadeu.urantiacos.cl\/en\/wp-json\/wp\/v2\/users\/1"}],"replies":[{"embeddable":true,"href":"https:\/\/fadeu.urantiacos.cl\/en\/wp-json\/wp\/v2\/comments?post=4667"}],"version-history":[{"count":1,"href":"https:\/\/fadeu.urantiacos.cl\/en\/wp-json\/wp\/v2\/posts\/4667\/revisions"}],"predecessor-version":[{"id":4669,"href":"https:\/\/fadeu.urantiacos.cl\/en\/wp-json\/wp\/v2\/posts\/4667\/revisions\/4669"}],"wp:featuredmedia":[{"embeddable":true,"href":"https:\/\/fadeu.urantiacos.cl\/en\/wp-json\/wp\/v2\/media\/4668"}],"wp:attachment":[{"href":"https:\/\/fadeu.urantiacos.cl\/en\/wp-json\/wp\/v2\/media?parent=4667"}],"wp:term":[{"taxonomy":"category","embeddable":true,"href":"https:\/\/fadeu.urantiacos.cl\/en\/wp-json\/wp\/v2\/categories?post=4667"},{"taxonomy":"post_tag","embeddable":true,"href":"https:\/\/fadeu.urantiacos.cl\/en\/wp-json\/wp\/v2\/tags?post=4667"}],"curies":[{"name":"wp","href":"https:\/\/api.w.org\/{rel}","templated":true}]}}