{"id":4663,"date":"2022-06-28T17:27:00","date_gmt":"2022-06-28T20:27:00","guid":{"rendered":"https:\/\/fadeu.urantiacos.cl\/?p=4663"},"modified":"2023-09-04T17:30:23","modified_gmt":"2023-09-04T20:30:23","slug":"profesores-arq-uc-presentan-iniciativa-para-potenciar-la-construccion-de-viviendas-sociales-de-madera-en-uruguay","status":"publish","type":"post","link":"https:\/\/fadeu.urantiacos.cl\/en\/2022\/06\/28\/profesores-arq-uc-presentan-iniciativa-para-potenciar-la-construccion-de-viviendas-sociales-de-madera-en-uruguay\/","title":{"rendered":"Profesores ARQ UC presentan iniciativa para potenciar la construcci\u00f3n de viviendas sociales de madera en Uruguay"},"content":{"rendered":"\n<figure class=\"wp-block-image size-full\"><img decoding=\"async\" width=\"350\" height=\"250\" src=\"https:\/\/fadeu.urantiacos.cl\/wp-content\/uploads\/2023\/09\/web_22.06.22_Sierra_Ugarte.jpg\" alt=\"\" class=\"wp-image-4664\" srcset=\"https:\/\/fadeu.urantiacos.cl\/wp-content\/uploads\/2023\/09\/web_22.06.22_Sierra_Ugarte.jpg 350w, https:\/\/fadeu.urantiacos.cl\/wp-content\/uploads\/2023\/09\/web_22.06.22_Sierra_Ugarte-300x214.jpg 300w\" sizes=\"(max-width: 350px) 100vw, 350px\" \/><\/figure>\n\n\n\n<p>La hoja de ruta propone diez l\u00edneas de acci\u00f3n espec\u00edficas \u2014a desarrollar en plazos de 6 meses, 2 y 4 a\u00f1os\u2014 para potenciar la construcci\u00f3n de viviendas sociales en madera. Dichas l\u00edneas fueron acordadas en un comit\u00e9 de trabajo, compuesto por representantes de los diferentes sectores involucrados, a trav\u00e9s de un modelo de co-creaci\u00f3n con una amplia participaci\u00f3n intersectorial que fue liderado por el equipo de consultores Tallwood. Este proceso incluy\u00f3 entrevistas telem\u00e1ticas, reuniones con gobiernos locales, conversaciones con usuarios de proyectos de vivienda social en madera, y visitas a terreno de los departamentos con mayor incidencia forestal, conociendo tanto pymes como grandes empresas e infraestructura acad\u00e9mica.<\/p>\n\n\n\n<p>El evento de lanzamiento de la iniciativa se realiz\u00f3 en el Palacio Legislativo de Uruguay, con la participaci\u00f3n de diversas autoridades, entre ellas, la Ministra de Vivienda y Ordenamiento Territorial, Irene Moreira; el subsecretario uruguayo Tabar\u00e9 Hackenbruch; el representante del BID en Uruguay, Mat\u00edas Bendersky; junto a miembros del parlamento y embajadores de pa\u00edses afines al proyecto.<\/p>\n\n\n\n<figure class=\"wp-block-image size-large\"><img decoding=\"async\" width=\"1024\" height=\"768\" src=\"https:\/\/fadeu.urantiacos.cl\/wp-content\/uploads\/2023\/09\/22.06.22_Sierra_Ugarte-1024x768.jpg\" alt=\"\" class=\"wp-image-4665\" srcset=\"https:\/\/fadeu.urantiacos.cl\/wp-content\/uploads\/2023\/09\/22.06.22_Sierra_Ugarte-1024x768.jpg 1024w, https:\/\/fadeu.urantiacos.cl\/wp-content\/uploads\/2023\/09\/22.06.22_Sierra_Ugarte-300x225.jpg 300w, https:\/\/fadeu.urantiacos.cl\/wp-content\/uploads\/2023\/09\/22.06.22_Sierra_Ugarte-768x576.jpg 768w, https:\/\/fadeu.urantiacos.cl\/wp-content\/uploads\/2023\/09\/22.06.22_Sierra_Ugarte-1536x1151.jpg 1536w, https:\/\/fadeu.urantiacos.cl\/wp-content\/uploads\/2023\/09\/22.06.22_Sierra_Ugarte.jpg 1600w\" sizes=\"(max-width: 1024px) 100vw, 1024px\" \/><\/figure>\n\n\n\n<p>Noticias<br>Contacto:&nbsp;<a href=\"mailto:redesarq@uc.cl\">redesarq@uc.cl<\/a>&nbsp;| +56 2 2354 7747<br>www.arquitectura.uc.cl&nbsp;<\/p>\n","protected":false},"excerpt":{"rendered":"<p>Los profesores ARQ UC Juan Jos\u00e9 Ugarte y Andr\u00e9s Sierra \u2014junto a la arquitecta UC Keren Codriansky\u2014 expusieron en Montevideo la \u201cHoja de ruta para la construcci\u00f3n de vivienda social en madera en Uruguay\u201d, iniciativa en conjunto con el Ministerio de Vivienda y Ordenamiento Territorial de Uruguay y el Banco Interamericano de Desarrollo (BID).<\/p>\n","protected":false},"author":1,"featured_media":4664,"comment_status":"open","ping_status":"open","sticky":false,"template":"","format":"standard","meta":{"_acf_changed":false,"footnotes":""},"categories":[1],"tags":[],"class_list":["post-4663","post","type-post","status-publish","format-standard","has-post-thumbnail","hentry","category-sin-categorizar"],"acf":[],"yoast_head":"<!-- This site is optimized with the Yoast SEO plugin v27.1.1 - https:\/\/yoast.com\/product\/yoast-seo-wordpress\/ -->\n<title>Profesores ARQ UC presentan iniciativa para potenciar la construcci\u00f3n de viviendas sociales de madera en Uruguay - Facultad de Arquitectura, Dise\u00f1o y Estudios Urbanos<\/title>\n<meta name=\"description\" content=\"Los profesores ARQ UC Juan Jos\u00e9 Ugarte y Andr\u00e9s Sierra \u2014junto a la arquitecta UC Keren Codriansky\u2014 expusieron en Montevideo la \u201cHoja de ruta para la construcci\u00f3n de vivienda social en madera en Uruguay\u201d, iniciativa en conjunto con el Ministerio de Vivienda y Ordenamiento Territorial de Uruguay y el Banco Interamericano de Desarrollo (BID).\" \/>\n<meta name=\"robots\" content=\"index, follow, max-snippet:-1, max-image-preview:large, max-video-preview:-1\" \/>\n<link rel=\"canonical\" href=\"https:\/\/fadeu.urantiacos.cl\/en\/2022\/06\/28\/profesores-arq-uc-presentan-iniciativa-para-potenciar-la-construccion-de-viviendas-sociales-de-madera-en-uruguay\/\" \/>\n<meta property=\"og:locale\" content=\"en_US\" \/>\n<meta property=\"og:type\" content=\"article\" \/>\n<meta property=\"og:title\" content=\"Profesores ARQ UC presentan iniciativa para potenciar la construcci\u00f3n de viviendas sociales de madera en Uruguay - Facultad de Arquitectura, Dise\u00f1o y Estudios Urbanos\" \/>\n<meta property=\"og:description\" content=\"Los profesores ARQ UC Juan Jos\u00e9 Ugarte y Andr\u00e9s Sierra \u2014junto a la arquitecta UC Keren Codriansky\u2014 expusieron en Montevideo la \u201cHoja de ruta para la construcci\u00f3n de vivienda social en madera en Uruguay\u201d, iniciativa en conjunto con el Ministerio de Vivienda y Ordenamiento Territorial de Uruguay y el Banco Interamericano de Desarrollo (BID).\" \/>\n<meta property=\"og:url\" content=\"https:\/\/fadeu.urantiacos.cl\/en\/2022\/06\/28\/profesores-arq-uc-presentan-iniciativa-para-potenciar-la-construccion-de-viviendas-sociales-de-madera-en-uruguay\/\" \/>\n<meta property=\"og:site_name\" content=\"Facultad de Arquitectura, Dise\u00f1o y Estudios Urbanos\" \/>\n<meta property=\"article:published_time\" content=\"2022-06-28T20:27:00+00:00\" \/>\n<meta property=\"article:modified_time\" content=\"2023-09-04T20:30:23+00:00\" \/>\n<meta property=\"og:image\" content=\"https:\/\/fadeu.urantiacos.cl\/wp-content\/uploads\/2023\/09\/web_22.06.22_Sierra_Ugarte.jpg\" \/>\n\t<meta property=\"og:image:width\" content=\"350\" \/>\n\t<meta property=\"og:image:height\" content=\"250\" \/>\n\t<meta property=\"og:image:type\" content=\"image\/jpeg\" \/>\n<meta name=\"author\" content=\"manadmin\" \/>\n<meta name=\"twitter:card\" content=\"summary_large_image\" \/>\n<meta name=\"twitter:label1\" content=\"Written by\" \/>\n\t<meta name=\"twitter:data1\" content=\"manadmin\" \/>\n\t<meta name=\"twitter:label2\" content=\"Est. reading time\" \/>\n\t<meta name=\"twitter:data2\" content=\"1 minute\" \/>\n<script type=\"application\/ld+json\" class=\"yoast-schema-graph\">{\"@context\":\"https:\/\/schema.org\",\"@graph\":[{\"@type\":\"Article\",\"@id\":\"https:\/\/fadeu.urantiacos.cl\/en\/2022\/06\/28\/profesores-arq-uc-presentan-iniciativa-para-potenciar-la-construccion-de-viviendas-sociales-de-madera-en-uruguay\/#article\",\"isPartOf\":{\"@id\":\"https:\/\/fadeu.urantiacos.cl\/en\/2022\/06\/28\/profesores-arq-uc-presentan-iniciativa-para-potenciar-la-construccion-de-viviendas-sociales-de-madera-en-uruguay\/\"},\"author\":{\"name\":\"manadmin\",\"@id\":\"https:\/\/fadeu.urantiacos.cl\/en\/#\/schema\/person\/d203e2e84b1c40275eac77b3061a19a2\"},\"headline\":\"Profesores ARQ UC presentan iniciativa para potenciar la construcci\u00f3n de viviendas sociales de madera en Uruguay\",\"datePublished\":\"2022-06-28T20:27:00+00:00\",\"dateModified\":\"2023-09-04T20:30:23+00:00\",\"mainEntityOfPage\":{\"@id\":\"https:\/\/fadeu.urantiacos.cl\/en\/2022\/06\/28\/profesores-arq-uc-presentan-iniciativa-para-potenciar-la-construccion-de-viviendas-sociales-de-madera-en-uruguay\/\"},\"wordCount\":203,\"commentCount\":0,\"image\":{\"@id\":\"https:\/\/fadeu.urantiacos.cl\/en\/2022\/06\/28\/profesores-arq-uc-presentan-iniciativa-para-potenciar-la-construccion-de-viviendas-sociales-de-madera-en-uruguay\/#primaryimage\"},\"thumbnailUrl\":\"https:\/\/fadeu.urantiacos.cl\/wp-content\/uploads\/2023\/09\/web_22.06.22_Sierra_Ugarte.jpg\",\"articleSection\":[\"Sin categorizar\"],\"inLanguage\":\"en-US\",\"potentialAction\":[{\"@type\":\"CommentAction\",\"name\":\"Comment\",\"target\":[\"https:\/\/fadeu.urantiacos.cl\/en\/2022\/06\/28\/profesores-arq-uc-presentan-iniciativa-para-potenciar-la-construccion-de-viviendas-sociales-de-madera-en-uruguay\/#respond\"]}]},{\"@type\":\"WebPage\",\"@id\":\"https:\/\/fadeu.urantiacos.cl\/en\/2022\/06\/28\/profesores-arq-uc-presentan-iniciativa-para-potenciar-la-construccion-de-viviendas-sociales-de-madera-en-uruguay\/\",\"url\":\"https:\/\/fadeu.urantiacos.cl\/en\/2022\/06\/28\/profesores-arq-uc-presentan-iniciativa-para-potenciar-la-construccion-de-viviendas-sociales-de-madera-en-uruguay\/\",\"name\":\"Profesores ARQ UC presentan iniciativa para potenciar la construcci\u00f3n de viviendas sociales de madera en Uruguay - Facultad de Arquitectura, Dise\u00f1o y Estudios Urbanos\",\"isPartOf\":{\"@id\":\"https:\/\/fadeu.urantiacos.cl\/en\/#website\"},\"primaryImageOfPage\":{\"@id\":\"https:\/\/fadeu.urantiacos.cl\/en\/2022\/06\/28\/profesores-arq-uc-presentan-iniciativa-para-potenciar-la-construccion-de-viviendas-sociales-de-madera-en-uruguay\/#primaryimage\"},\"image\":{\"@id\":\"https:\/\/fadeu.urantiacos.cl\/en\/2022\/06\/28\/profesores-arq-uc-presentan-iniciativa-para-potenciar-la-construccion-de-viviendas-sociales-de-madera-en-uruguay\/#primaryimage\"},\"thumbnailUrl\":\"https:\/\/fadeu.urantiacos.cl\/wp-content\/uploads\/2023\/09\/web_22.06.22_Sierra_Ugarte.jpg\",\"datePublished\":\"2022-06-28T20:27:00+00:00\",\"dateModified\":\"2023-09-04T20:30:23+00:00\",\"author\":{\"@id\":\"https:\/\/fadeu.urantiacos.cl\/en\/#\/schema\/person\/d203e2e84b1c40275eac77b3061a19a2\"},\"description\":\"Los profesores ARQ UC Juan Jos\u00e9 Ugarte y Andr\u00e9s Sierra \u2014junto a la arquitecta UC Keren Codriansky\u2014 expusieron en Montevideo la \u201cHoja de ruta para la construcci\u00f3n de vivienda social en madera en Uruguay\u201d, iniciativa en conjunto con el Ministerio de Vivienda y Ordenamiento Territorial de Uruguay y el Banco Interamericano de Desarrollo (BID).\",\"breadcrumb\":{\"@id\":\"https:\/\/fadeu.urantiacos.cl\/en\/2022\/06\/28\/profesores-arq-uc-presentan-iniciativa-para-potenciar-la-construccion-de-viviendas-sociales-de-madera-en-uruguay\/#breadcrumb\"},\"inLanguage\":\"en-US\",\"potentialAction\":[{\"@type\":\"ReadAction\",\"target\":[\"https:\/\/fadeu.urantiacos.cl\/en\/2022\/06\/28\/profesores-arq-uc-presentan-iniciativa-para-potenciar-la-construccion-de-viviendas-sociales-de-madera-en-uruguay\/\"]}]},{\"@type\":\"ImageObject\",\"inLanguage\":\"en-US\",\"@id\":\"https:\/\/fadeu.urantiacos.cl\/en\/2022\/06\/28\/profesores-arq-uc-presentan-iniciativa-para-potenciar-la-construccion-de-viviendas-sociales-de-madera-en-uruguay\/#primaryimage\",\"url\":\"https:\/\/fadeu.urantiacos.cl\/wp-content\/uploads\/2023\/09\/web_22.06.22_Sierra_Ugarte.jpg\",\"contentUrl\":\"https:\/\/fadeu.urantiacos.cl\/wp-content\/uploads\/2023\/09\/web_22.06.22_Sierra_Ugarte.jpg\",\"width\":350,\"height\":250},{\"@type\":\"BreadcrumbList\",\"@id\":\"https:\/\/fadeu.urantiacos.cl\/en\/2022\/06\/28\/profesores-arq-uc-presentan-iniciativa-para-potenciar-la-construccion-de-viviendas-sociales-de-madera-en-uruguay\/#breadcrumb\",\"itemListElement\":[{\"@type\":\"ListItem\",\"position\":1,\"name\":\"Portada\",\"item\":\"https:\/\/fadeu.urantiacos.cl\/en\/\"},{\"@type\":\"ListItem\",\"position\":2,\"name\":\"Profesores ARQ UC presentan iniciativa para potenciar la construcci\u00f3n de viviendas sociales de madera en Uruguay\"}]},{\"@type\":\"WebSite\",\"@id\":\"https:\/\/fadeu.urantiacos.cl\/en\/#website\",\"url\":\"https:\/\/fadeu.urantiacos.cl\/en\/\",\"name\":\"Facultad de Arquitectura, Dise\u00f1o y Estudios Urbanos\",\"description\":\"Campus Lo Contador\",\"potentialAction\":[{\"@type\":\"SearchAction\",\"target\":{\"@type\":\"EntryPoint\",\"urlTemplate\":\"https:\/\/fadeu.urantiacos.cl\/en\/?s={search_term_string}\"},\"query-input\":{\"@type\":\"PropertyValueSpecification\",\"valueRequired\":true,\"valueName\":\"search_term_string\"}}],\"inLanguage\":\"en-US\"},{\"@type\":\"Person\",\"@id\":\"https:\/\/fadeu.urantiacos.cl\/en\/#\/schema\/person\/d203e2e84b1c40275eac77b3061a19a2\",\"name\":\"manadmin\",\"image\":{\"@type\":\"ImageObject\",\"inLanguage\":\"en-US\",\"@id\":\"https:\/\/fadeu.urantiacos.cl\/en\/#\/schema\/person\/image\/\",\"url\":\"https:\/\/secure.gravatar.com\/avatar\/4b1d8e3303b4a9d8968ac578947d8bc80d9aea359f388cdd4aac15cadc0e8447?s=96&d=mm&r=g\",\"contentUrl\":\"https:\/\/secure.gravatar.com\/avatar\/4b1d8e3303b4a9d8968ac578947d8bc80d9aea359f388cdd4aac15cadc0e8447?s=96&d=mm&r=g\",\"caption\":\"manadmin\"},\"sameAs\":[\"https:\/\/fadeu.urantiacos.cl\"]}]}<\/script>\n<!-- \/ Yoast SEO plugin. -->","yoast_head_json":{"title":"Profesores ARQ UC presentan iniciativa para potenciar la construcci\u00f3n de viviendas sociales de madera en Uruguay - Facultad de Arquitectura, Dise\u00f1o y Estudios Urbanos","description":"Los profesores ARQ UC Juan Jos\u00e9 Ugarte y Andr\u00e9s Sierra \u2014junto a la arquitecta UC Keren Codriansky\u2014 expusieron en Montevideo la \u201cHoja de ruta para la construcci\u00f3n de vivienda social en madera en Uruguay\u201d, iniciativa en conjunto con el Ministerio de Vivienda y Ordenamiento Territorial de Uruguay y el Banco Interamericano de Desarrollo (BID).","robots":{"index":"index","follow":"follow","max-snippet":"max-snippet:-1","max-image-preview":"max-image-preview:large","max-video-preview":"max-video-preview:-1"},"canonical":"https:\/\/fadeu.urantiacos.cl\/en\/2022\/06\/28\/profesores-arq-uc-presentan-iniciativa-para-potenciar-la-construccion-de-viviendas-sociales-de-madera-en-uruguay\/","og_locale":"en_US","og_type":"article","og_title":"Profesores ARQ UC presentan iniciativa para potenciar la construcci\u00f3n de viviendas sociales de madera en Uruguay - Facultad de Arquitectura, Dise\u00f1o y Estudios Urbanos","og_description":"Los profesores ARQ UC Juan Jos\u00e9 Ugarte y Andr\u00e9s Sierra \u2014junto a la arquitecta UC Keren Codriansky\u2014 expusieron en Montevideo la \u201cHoja de ruta para la construcci\u00f3n de vivienda social en madera en Uruguay\u201d, iniciativa en conjunto con el Ministerio de Vivienda y Ordenamiento Territorial de Uruguay y el Banco Interamericano de Desarrollo (BID).","og_url":"https:\/\/fadeu.urantiacos.cl\/en\/2022\/06\/28\/profesores-arq-uc-presentan-iniciativa-para-potenciar-la-construccion-de-viviendas-sociales-de-madera-en-uruguay\/","og_site_name":"Facultad de Arquitectura, Dise\u00f1o y Estudios Urbanos","article_published_time":"2022-06-28T20:27:00+00:00","article_modified_time":"2023-09-04T20:30:23+00:00","og_image":[{"width":350,"height":250,"url":"https:\/\/fadeu.urantiacos.cl\/wp-content\/uploads\/2023\/09\/web_22.06.22_Sierra_Ugarte.jpg","type":"image\/jpeg"}],"author":"manadmin","twitter_card":"summary_large_image","twitter_misc":{"Written by":"manadmin","Est. reading time":"1 minute"},"schema":{"@context":"https:\/\/schema.org","@graph":[{"@type":"Article","@id":"https:\/\/fadeu.urantiacos.cl\/en\/2022\/06\/28\/profesores-arq-uc-presentan-iniciativa-para-potenciar-la-construccion-de-viviendas-sociales-de-madera-en-uruguay\/#article","isPartOf":{"@id":"https:\/\/fadeu.urantiacos.cl\/en\/2022\/06\/28\/profesores-arq-uc-presentan-iniciativa-para-potenciar-la-construccion-de-viviendas-sociales-de-madera-en-uruguay\/"},"author":{"name":"manadmin","@id":"https:\/\/fadeu.urantiacos.cl\/en\/#\/schema\/person\/d203e2e84b1c40275eac77b3061a19a2"},"headline":"Profesores ARQ UC presentan iniciativa para potenciar la construcci\u00f3n de viviendas sociales de madera en Uruguay","datePublished":"2022-06-28T20:27:00+00:00","dateModified":"2023-09-04T20:30:23+00:00","mainEntityOfPage":{"@id":"https:\/\/fadeu.urantiacos.cl\/en\/2022\/06\/28\/profesores-arq-uc-presentan-iniciativa-para-potenciar-la-construccion-de-viviendas-sociales-de-madera-en-uruguay\/"},"wordCount":203,"commentCount":0,"image":{"@id":"https:\/\/fadeu.urantiacos.cl\/en\/2022\/06\/28\/profesores-arq-uc-presentan-iniciativa-para-potenciar-la-construccion-de-viviendas-sociales-de-madera-en-uruguay\/#primaryimage"},"thumbnailUrl":"https:\/\/fadeu.urantiacos.cl\/wp-content\/uploads\/2023\/09\/web_22.06.22_Sierra_Ugarte.jpg","articleSection":["Sin categorizar"],"inLanguage":"en-US","potentialAction":[{"@type":"CommentAction","name":"Comment","target":["https:\/\/fadeu.urantiacos.cl\/en\/2022\/06\/28\/profesores-arq-uc-presentan-iniciativa-para-potenciar-la-construccion-de-viviendas-sociales-de-madera-en-uruguay\/#respond"]}]},{"@type":"WebPage","@id":"https:\/\/fadeu.urantiacos.cl\/en\/2022\/06\/28\/profesores-arq-uc-presentan-iniciativa-para-potenciar-la-construccion-de-viviendas-sociales-de-madera-en-uruguay\/","url":"https:\/\/fadeu.urantiacos.cl\/en\/2022\/06\/28\/profesores-arq-uc-presentan-iniciativa-para-potenciar-la-construccion-de-viviendas-sociales-de-madera-en-uruguay\/","name":"Profesores ARQ UC presentan iniciativa para potenciar la construcci\u00f3n de viviendas sociales de madera en Uruguay - Facultad de Arquitectura, Dise\u00f1o y Estudios Urbanos","isPartOf":{"@id":"https:\/\/fadeu.urantiacos.cl\/en\/#website"},"primaryImageOfPage":{"@id":"https:\/\/fadeu.urantiacos.cl\/en\/2022\/06\/28\/profesores-arq-uc-presentan-iniciativa-para-potenciar-la-construccion-de-viviendas-sociales-de-madera-en-uruguay\/#primaryimage"},"image":{"@id":"https:\/\/fadeu.urantiacos.cl\/en\/2022\/06\/28\/profesores-arq-uc-presentan-iniciativa-para-potenciar-la-construccion-de-viviendas-sociales-de-madera-en-uruguay\/#primaryimage"},"thumbnailUrl":"https:\/\/fadeu.urantiacos.cl\/wp-content\/uploads\/2023\/09\/web_22.06.22_Sierra_Ugarte.jpg","datePublished":"2022-06-28T20:27:00+00:00","dateModified":"2023-09-04T20:30:23+00:00","author":{"@id":"https:\/\/fadeu.urantiacos.cl\/en\/#\/schema\/person\/d203e2e84b1c40275eac77b3061a19a2"},"description":"Los profesores ARQ UC Juan Jos\u00e9 Ugarte y Andr\u00e9s Sierra \u2014junto a la arquitecta UC Keren Codriansky\u2014 expusieron en Montevideo la \u201cHoja de ruta para la construcci\u00f3n de vivienda social en madera en Uruguay\u201d, iniciativa en conjunto con el Ministerio de Vivienda y Ordenamiento Territorial de Uruguay y el Banco Interamericano de Desarrollo (BID).","breadcrumb":{"@id":"https:\/\/fadeu.urantiacos.cl\/en\/2022\/06\/28\/profesores-arq-uc-presentan-iniciativa-para-potenciar-la-construccion-de-viviendas-sociales-de-madera-en-uruguay\/#breadcrumb"},"inLanguage":"en-US","potentialAction":[{"@type":"ReadAction","target":["https:\/\/fadeu.urantiacos.cl\/en\/2022\/06\/28\/profesores-arq-uc-presentan-iniciativa-para-potenciar-la-construccion-de-viviendas-sociales-de-madera-en-uruguay\/"]}]},{"@type":"ImageObject","inLanguage":"en-US","@id":"https:\/\/fadeu.urantiacos.cl\/en\/2022\/06\/28\/profesores-arq-uc-presentan-iniciativa-para-potenciar-la-construccion-de-viviendas-sociales-de-madera-en-uruguay\/#primaryimage","url":"https:\/\/fadeu.urantiacos.cl\/wp-content\/uploads\/2023\/09\/web_22.06.22_Sierra_Ugarte.jpg","contentUrl":"https:\/\/fadeu.urantiacos.cl\/wp-content\/uploads\/2023\/09\/web_22.06.22_Sierra_Ugarte.jpg","width":350,"height":250},{"@type":"BreadcrumbList","@id":"https:\/\/fadeu.urantiacos.cl\/en\/2022\/06\/28\/profesores-arq-uc-presentan-iniciativa-para-potenciar-la-construccion-de-viviendas-sociales-de-madera-en-uruguay\/#breadcrumb","itemListElement":[{"@type":"ListItem","position":1,"name":"Portada","item":"https:\/\/fadeu.urantiacos.cl\/en\/"},{"@type":"ListItem","position":2,"name":"Profesores ARQ UC presentan iniciativa para potenciar la construcci\u00f3n de viviendas sociales de madera en Uruguay"}]},{"@type":"WebSite","@id":"https:\/\/fadeu.urantiacos.cl\/en\/#website","url":"https:\/\/fadeu.urantiacos.cl\/en\/","name":"Facultad de Arquitectura, Dise\u00f1o y Estudios Urbanos","description":"Campus Lo Contador","potentialAction":[{"@type":"SearchAction","target":{"@type":"EntryPoint","urlTemplate":"https:\/\/fadeu.urantiacos.cl\/en\/?s={search_term_string}"},"query-input":{"@type":"PropertyValueSpecification","valueRequired":true,"valueName":"search_term_string"}}],"inLanguage":"en-US"},{"@type":"Person","@id":"https:\/\/fadeu.urantiacos.cl\/en\/#\/schema\/person\/d203e2e84b1c40275eac77b3061a19a2","name":"manadmin","image":{"@type":"ImageObject","inLanguage":"en-US","@id":"https:\/\/fadeu.urantiacos.cl\/en\/#\/schema\/person\/image\/","url":"https:\/\/secure.gravatar.com\/avatar\/4b1d8e3303b4a9d8968ac578947d8bc80d9aea359f388cdd4aac15cadc0e8447?s=96&d=mm&r=g","contentUrl":"https:\/\/secure.gravatar.com\/avatar\/4b1d8e3303b4a9d8968ac578947d8bc80d9aea359f388cdd4aac15cadc0e8447?s=96&d=mm&r=g","caption":"manadmin"},"sameAs":["https:\/\/fadeu.urantiacos.cl"]}]}},"_links":{"self":[{"href":"https:\/\/fadeu.urantiacos.cl\/en\/wp-json\/wp\/v2\/posts\/4663","targetHints":{"allow":["GET"]}}],"collection":[{"href":"https:\/\/fadeu.urantiacos.cl\/en\/wp-json\/wp\/v2\/posts"}],"about":[{"href":"https:\/\/fadeu.urantiacos.cl\/en\/wp-json\/wp\/v2\/types\/post"}],"author":[{"embeddable":true,"href":"https:\/\/fadeu.urantiacos.cl\/en\/wp-json\/wp\/v2\/users\/1"}],"replies":[{"embeddable":true,"href":"https:\/\/fadeu.urantiacos.cl\/en\/wp-json\/wp\/v2\/comments?post=4663"}],"version-history":[{"count":1,"href":"https:\/\/fadeu.urantiacos.cl\/en\/wp-json\/wp\/v2\/posts\/4663\/revisions"}],"predecessor-version":[{"id":4666,"href":"https:\/\/fadeu.urantiacos.cl\/en\/wp-json\/wp\/v2\/posts\/4663\/revisions\/4666"}],"wp:featuredmedia":[{"embeddable":true,"href":"https:\/\/fadeu.urantiacos.cl\/en\/wp-json\/wp\/v2\/media\/4664"}],"wp:attachment":[{"href":"https:\/\/fadeu.urantiacos.cl\/en\/wp-json\/wp\/v2\/media?parent=4663"}],"wp:term":[{"taxonomy":"category","embeddable":true,"href":"https:\/\/fadeu.urantiacos.cl\/en\/wp-json\/wp\/v2\/categories?post=4663"},{"taxonomy":"post_tag","embeddable":true,"href":"https:\/\/fadeu.urantiacos.cl\/en\/wp-json\/wp\/v2\/tags?post=4663"}],"curies":[{"name":"wp","href":"https:\/\/api.w.org\/{rel}","templated":true}]}}