{"id":4648,"date":"2022-07-04T17:13:00","date_gmt":"2022-07-04T20:13:00","guid":{"rendered":"https:\/\/fadeu.urantiacos.cl\/?p=4648"},"modified":"2023-10-24T13:53:34","modified_gmt":"2023-10-24T16:53:34","slug":"paisaje-y-proyecto-trayectoria-destacada-de-teodoro-fernandez","status":"publish","type":"post","link":"https:\/\/fadeu.urantiacos.cl\/en\/2022\/07\/04\/paisaje-y-proyecto-trayectoria-destacada-de-teodoro-fernandez\/","title":{"rendered":"Paisaje y Proyecto: Trayectoria destacada de Teodoro Fern\u00e1ndez"},"content":{"rendered":"\n<figure class=\"wp-block-image size-full\"><img decoding=\"async\" width=\"350\" height=\"250\" src=\"https:\/\/fadeu.urantiacos.cl\/wp-content\/uploads\/2023\/09\/IMAGEN_2_EXPO_TEO_WEB.png\" alt=\"\" class=\"wp-image-4649\" srcset=\"https:\/\/fadeu.urantiacos.cl\/wp-content\/uploads\/2023\/09\/IMAGEN_2_EXPO_TEO_WEB.png 350w, https:\/\/fadeu.urantiacos.cl\/wp-content\/uploads\/2023\/09\/IMAGEN_2_EXPO_TEO_WEB-300x214.png 300w\" sizes=\"(max-width: 350px) 100vw, 350px\" \/><\/figure>\n\n\n\n<p>La propuesta de circulaci\u00f3n nacional, es un proyecto Fondart postulado por Macarena Cort\u00e9s y Felipe Ladr\u00f3n de Guevara, ambos docentes de la Escuela de Arquitectura, que cont\u00f3 con el apoyo \u00e9sta y de la Facultad de Arquitectura, Dise\u00f1o y Estudios Urbanos, impulsando un trabajo colaborativo entre la Direcci\u00f3n de Investigaci\u00f3n y Postgrado y la Direcci\u00f3n de Extensi\u00f3n y Comunicaciones de la Facultad. El equipo tambi\u00e9n est\u00e1 conformado por Isabel Garc\u00eda, Jefa de los Archivos Originales de la FADEU, quien curar\u00e1 la exposici\u00f3n.<\/p>\n\n\n\n<p>La exhibici\u00f3n propone revisar las obras m\u00e1s relevantes del arquitecto en el territorio nacional realizadas durante los \u00faltimos 10 a\u00f1os, con el objetivo de difundir y poner en valor los parques, espacios p\u00fablicos y edificios m\u00e1s relevantes de su producci\u00f3n.<\/p>\n\n\n\n<p>El equipo organizador afirm\u00f3 que: \u201cla enorme producci\u00f3n de Teodoro Fern\u00e1ndez se caracteriza por la creaci\u00f3n de espacios p\u00fablicos de calidad, sofisticado dise\u00f1o y particular sensibilidad con los espacios naturales. Por ello, su obra es un referente fundamental para la arquitectura nacional, y nos pareci\u00f3 necesario realizar esta muestra, no solo para difundir su trabajo en una plataforma expositiva, si no que tambi\u00e9n reconocer su invaluable trabajo y dedicaci\u00f3n que inspira a las nuevas generaciones\u201d. La muestra contempla la realizaci\u00f3n de material audiovisual y maquetas, que complementar\u00e1n una comprensi\u00f3n de su obra desde una perspectiva vivencial y atmosf\u00e9rica.<\/p>\n\n\n\n<p>Teodoro Fern\u00e1ndez es Arquitecto de la Pontificia Universidad Cat\u00f3lica de Chile (1972) con estudios de Post\u00edtulo de Arquitectura del Paisaje UC (1990-1991).<\/p>\n\n\n\n<p>Es docente de la Escuela de Arquitectura UC desde inicios de los a\u00f1os 90, donde imparte el Taller de Formaci\u00f3n y Representaci\u00f3n, siendo maestro de generaciones de destacados arquitectos.<\/p>\n\n\n\n<p>Su trabajo profesional inicia en los a\u00f1os 70 en Espa\u00f1a, en colaboraci\u00f3n con Fernando Domeyko y Jes\u00fas Bermejo. De regreso a Chile, en la d\u00e9cada los 80 y 90, realiza diversas obras en coautor\u00eda con destacados arquitectos como Mario P\u00e9rez de Arce Lav\u00edn, Montserrat Palmer, Mario P\u00e9rez De Arce Antonic, Rodrigo P\u00e9rez de Arce, Ram\u00f3n L\u00f3pez, Cecilia Puga y Smiljan Radic. En 1997 funda la oficina Fern\u00e1ndez Courard Arquitectos, donde desarrolla proyectos de arquitectura, paisaje y arquitectura interior.<\/p>\n\n\n\n<p>Entre sus obras m\u00e1s significativas, es posible mencionar el Polideportivo (1988), la remodelaci\u00f3n del Centro Cultural Estaci\u00f3n Mapocho (1994), el Parque In\u00e9s de Su\u00e1rez (1994), el Parque Bicentenario (2007), la Scuola Italiana &#8220;Vittorio Montiglio&#8221; (2009) la restauraci\u00f3n del Parque Quinta Normal (2011), y el Edificio Moneda Bicentenario (2014).<\/p>\n\n\n\n<p>Ha dise\u00f1ado diversos edificios y espacios para los Campus de la Pontificia Universidad Cat\u00f3lica de Chile, como la remodelaci\u00f3n del patio del Centro de Extensi\u00f3n en Casa Central (1990), el Templo de San Joaqu\u00edn (1997), el Hall Universitario (2003) y el Centro de Documentaci\u00f3n Sergio Larra\u00edn Garc\u00eda Moreno en el Campus Lo Contador (1997). Edificio Jos\u00e9 Luis del R\u00edo Rondanelli PUC (2006).<\/p>\n\n\n\n<p>La relevancia de su obra fue reconocida en 2014 con el Premio Nacional de Arquitectura, al cual se suman diversos galardones a lo largo de su carrera profesional. Entre estos se encuentra el Premio &#8220;Ferm\u00edn Vivaceta&#8221; (2002), el Premio Internacional Reina Sof\u00eda de Patrimonio Cultural por Centro Cultural Estaci\u00f3n Mapocho (2008), Reconocimiento a la Excelencia Acad\u00e9mica (2008), Gran Medalla AOA (2013), el nombramiento como Miembro de Honor del American Institute of Architects, Estados Unidos (2016), y el reciente Premio a la Excelencia en la Creaci\u00f3n Art\u00edstica de la Pontificia Universidad Cat\u00f3lica de Chile (2017).<\/p>\n\n\n\n<figure class=\"wp-block-image size-full\"><img decoding=\"async\" width=\"960\" height=\"720\" src=\"https:\/\/fadeu.urantiacos.cl\/wp-content\/uploads\/2023\/10\/IMAGEN_1_EXPO_TEO.png\" alt=\"\" class=\"wp-image-17819\" srcset=\"https:\/\/fadeu.urantiacos.cl\/wp-content\/uploads\/2023\/10\/IMAGEN_1_EXPO_TEO.png 960w, https:\/\/fadeu.urantiacos.cl\/wp-content\/uploads\/2023\/10\/IMAGEN_1_EXPO_TEO-300x225.png 300w, https:\/\/fadeu.urantiacos.cl\/wp-content\/uploads\/2023\/10\/IMAGEN_1_EXPO_TEO-768x576.png 768w\" sizes=\"(max-width: 960px) 100vw, 960px\" \/><\/figure>\n\n\n\n<figure class=\"wp-block-image size-full\"><img decoding=\"async\" width=\"960\" height=\"720\" src=\"https:\/\/fadeu.urantiacos.cl\/wp-content\/uploads\/2023\/09\/IMAGEN_2_EXPO_TEO.png\" alt=\"\" class=\"wp-image-4651\" srcset=\"https:\/\/fadeu.urantiacos.cl\/wp-content\/uploads\/2023\/09\/IMAGEN_2_EXPO_TEO.png 960w, https:\/\/fadeu.urantiacos.cl\/wp-content\/uploads\/2023\/09\/IMAGEN_2_EXPO_TEO-300x225.png 300w, https:\/\/fadeu.urantiacos.cl\/wp-content\/uploads\/2023\/09\/IMAGEN_2_EXPO_TEO-768x576.png 768w\" sizes=\"(max-width: 960px) 100vw, 960px\" \/><\/figure>\n\n\n\n<p>FUENTE:<br>MACARENA CORT\u00c9S Y FELIPE LADR\u00d3N DE GUEVARA<\/p>\n","protected":false},"excerpt":{"rendered":"<p>En el mes de octubre se realizar\u00e1 la exposici\u00f3n que reconoce la trayectoria del destacado arquitecto y profesor de la Escuela de Arquitectura Teodoro Fern\u00e1ndez, muestra que recoge los principales proyectos del Premio Nacional de Arquitectura, y que incluye proyectos de arquitectura, urbanos y de paisaje.<\/p>\n","protected":false},"author":1,"featured_media":4649,"comment_status":"open","ping_status":"open","sticky":false,"template":"","format":"standard","meta":{"_acf_changed":false,"footnotes":""},"categories":[1],"tags":[],"class_list":["post-4648","post","type-post","status-publish","format-standard","has-post-thumbnail","hentry","category-sin-categorizar"],"acf":[],"yoast_head":"<!-- This site is optimized with the Yoast SEO plugin v27.1.1 - https:\/\/yoast.com\/product\/yoast-seo-wordpress\/ -->\n<title>Paisaje y Proyecto: Trayectoria destacada de Teodoro Fern\u00e1ndez - Facultad de Arquitectura, Dise\u00f1o y Estudios Urbanos<\/title>\n<meta name=\"description\" content=\"En el mes de octubre se realizar\u00e1 la exposici\u00f3n que reconoce la trayectoria del destacado arquitecto y profesor de la Escuela de Arquitectura Teodoro Fern\u00e1ndez, muestra que recoge los principales proyectos del Premio Nacional de Arquitectura, y que incluye proyectos de arquitectura, urbanos y de paisaje.\" \/>\n<meta name=\"robots\" content=\"index, follow, max-snippet:-1, max-image-preview:large, max-video-preview:-1\" \/>\n<link rel=\"canonical\" href=\"https:\/\/fadeu.urantiacos.cl\/en\/2022\/07\/04\/paisaje-y-proyecto-trayectoria-destacada-de-teodoro-fernandez\/\" \/>\n<meta property=\"og:locale\" content=\"en_US\" \/>\n<meta property=\"og:type\" content=\"article\" \/>\n<meta property=\"og:title\" content=\"Paisaje y Proyecto: Trayectoria destacada de Teodoro Fern\u00e1ndez - Facultad de Arquitectura, Dise\u00f1o y Estudios Urbanos\" \/>\n<meta property=\"og:description\" content=\"En el mes de octubre se realizar\u00e1 la exposici\u00f3n que reconoce la trayectoria del destacado arquitecto y profesor de la Escuela de Arquitectura Teodoro Fern\u00e1ndez, muestra que recoge los principales proyectos del Premio Nacional de Arquitectura, y que incluye proyectos de arquitectura, urbanos y de paisaje.\" \/>\n<meta property=\"og:url\" content=\"https:\/\/fadeu.urantiacos.cl\/en\/2022\/07\/04\/paisaje-y-proyecto-trayectoria-destacada-de-teodoro-fernandez\/\" \/>\n<meta property=\"og:site_name\" content=\"Facultad de Arquitectura, Dise\u00f1o y Estudios Urbanos\" \/>\n<meta property=\"article:published_time\" content=\"2022-07-04T20:13:00+00:00\" \/>\n<meta property=\"article:modified_time\" content=\"2023-10-24T16:53:34+00:00\" \/>\n<meta property=\"og:image\" content=\"https:\/\/fadeu.urantiacos.cl\/wp-content\/uploads\/2023\/09\/IMAGEN_2_EXPO_TEO_WEB.png\" \/>\n\t<meta property=\"og:image:width\" content=\"350\" \/>\n\t<meta property=\"og:image:height\" content=\"250\" \/>\n\t<meta property=\"og:image:type\" content=\"image\/png\" \/>\n<meta name=\"author\" content=\"manadmin\" \/>\n<meta name=\"twitter:card\" content=\"summary_large_image\" \/>\n<meta name=\"twitter:label1\" content=\"Written by\" \/>\n\t<meta name=\"twitter:data1\" content=\"manadmin\" \/>\n\t<meta name=\"twitter:label2\" content=\"Est. reading time\" \/>\n\t<meta name=\"twitter:data2\" content=\"4 minutes\" \/>\n<script type=\"application\/ld+json\" class=\"yoast-schema-graph\">{\"@context\":\"https:\/\/schema.org\",\"@graph\":[{\"@type\":\"Article\",\"@id\":\"https:\/\/fadeu.urantiacos.cl\/en\/2022\/07\/04\/paisaje-y-proyecto-trayectoria-destacada-de-teodoro-fernandez\/#article\",\"isPartOf\":{\"@id\":\"https:\/\/fadeu.urantiacos.cl\/en\/2022\/07\/04\/paisaje-y-proyecto-trayectoria-destacada-de-teodoro-fernandez\/\"},\"author\":{\"name\":\"manadmin\",\"@id\":\"https:\/\/fadeu.urantiacos.cl\/en\/#\/schema\/person\/d203e2e84b1c40275eac77b3061a19a2\"},\"headline\":\"Paisaje y Proyecto: Trayectoria destacada de Teodoro Fern\u00e1ndez\",\"datePublished\":\"2022-07-04T20:13:00+00:00\",\"dateModified\":\"2023-10-24T16:53:34+00:00\",\"mainEntityOfPage\":{\"@id\":\"https:\/\/fadeu.urantiacos.cl\/en\/2022\/07\/04\/paisaje-y-proyecto-trayectoria-destacada-de-teodoro-fernandez\/\"},\"wordCount\":615,\"commentCount\":0,\"image\":{\"@id\":\"https:\/\/fadeu.urantiacos.cl\/en\/2022\/07\/04\/paisaje-y-proyecto-trayectoria-destacada-de-teodoro-fernandez\/#primaryimage\"},\"thumbnailUrl\":\"https:\/\/fadeu.urantiacos.cl\/wp-content\/uploads\/2023\/09\/IMAGEN_2_EXPO_TEO_WEB.png\",\"articleSection\":[\"Sin categorizar\"],\"inLanguage\":\"en-US\",\"potentialAction\":[{\"@type\":\"CommentAction\",\"name\":\"Comment\",\"target\":[\"https:\/\/fadeu.urantiacos.cl\/en\/2022\/07\/04\/paisaje-y-proyecto-trayectoria-destacada-de-teodoro-fernandez\/#respond\"]}]},{\"@type\":\"WebPage\",\"@id\":\"https:\/\/fadeu.urantiacos.cl\/en\/2022\/07\/04\/paisaje-y-proyecto-trayectoria-destacada-de-teodoro-fernandez\/\",\"url\":\"https:\/\/fadeu.urantiacos.cl\/en\/2022\/07\/04\/paisaje-y-proyecto-trayectoria-destacada-de-teodoro-fernandez\/\",\"name\":\"Paisaje y Proyecto: Trayectoria destacada de Teodoro Fern\u00e1ndez - Facultad de Arquitectura, Dise\u00f1o y Estudios Urbanos\",\"isPartOf\":{\"@id\":\"https:\/\/fadeu.urantiacos.cl\/en\/#website\"},\"primaryImageOfPage\":{\"@id\":\"https:\/\/fadeu.urantiacos.cl\/en\/2022\/07\/04\/paisaje-y-proyecto-trayectoria-destacada-de-teodoro-fernandez\/#primaryimage\"},\"image\":{\"@id\":\"https:\/\/fadeu.urantiacos.cl\/en\/2022\/07\/04\/paisaje-y-proyecto-trayectoria-destacada-de-teodoro-fernandez\/#primaryimage\"},\"thumbnailUrl\":\"https:\/\/fadeu.urantiacos.cl\/wp-content\/uploads\/2023\/09\/IMAGEN_2_EXPO_TEO_WEB.png\",\"datePublished\":\"2022-07-04T20:13:00+00:00\",\"dateModified\":\"2023-10-24T16:53:34+00:00\",\"author\":{\"@id\":\"https:\/\/fadeu.urantiacos.cl\/en\/#\/schema\/person\/d203e2e84b1c40275eac77b3061a19a2\"},\"description\":\"En el mes de octubre se realizar\u00e1 la exposici\u00f3n que reconoce la trayectoria del destacado arquitecto y profesor de la Escuela de Arquitectura Teodoro Fern\u00e1ndez, muestra que recoge los principales proyectos del Premio Nacional de Arquitectura, y que incluye proyectos de arquitectura, urbanos y de paisaje.\",\"breadcrumb\":{\"@id\":\"https:\/\/fadeu.urantiacos.cl\/en\/2022\/07\/04\/paisaje-y-proyecto-trayectoria-destacada-de-teodoro-fernandez\/#breadcrumb\"},\"inLanguage\":\"en-US\",\"potentialAction\":[{\"@type\":\"ReadAction\",\"target\":[\"https:\/\/fadeu.urantiacos.cl\/en\/2022\/07\/04\/paisaje-y-proyecto-trayectoria-destacada-de-teodoro-fernandez\/\"]}]},{\"@type\":\"ImageObject\",\"inLanguage\":\"en-US\",\"@id\":\"https:\/\/fadeu.urantiacos.cl\/en\/2022\/07\/04\/paisaje-y-proyecto-trayectoria-destacada-de-teodoro-fernandez\/#primaryimage\",\"url\":\"https:\/\/fadeu.urantiacos.cl\/wp-content\/uploads\/2023\/09\/IMAGEN_2_EXPO_TEO_WEB.png\",\"contentUrl\":\"https:\/\/fadeu.urantiacos.cl\/wp-content\/uploads\/2023\/09\/IMAGEN_2_EXPO_TEO_WEB.png\",\"width\":350,\"height\":250},{\"@type\":\"BreadcrumbList\",\"@id\":\"https:\/\/fadeu.urantiacos.cl\/en\/2022\/07\/04\/paisaje-y-proyecto-trayectoria-destacada-de-teodoro-fernandez\/#breadcrumb\",\"itemListElement\":[{\"@type\":\"ListItem\",\"position\":1,\"name\":\"Portada\",\"item\":\"https:\/\/fadeu.urantiacos.cl\/en\/\"},{\"@type\":\"ListItem\",\"position\":2,\"name\":\"Paisaje y Proyecto: Trayectoria destacada de Teodoro Fern\u00e1ndez\"}]},{\"@type\":\"WebSite\",\"@id\":\"https:\/\/fadeu.urantiacos.cl\/en\/#website\",\"url\":\"https:\/\/fadeu.urantiacos.cl\/en\/\",\"name\":\"Facultad de Arquitectura, Dise\u00f1o y Estudios Urbanos\",\"description\":\"Campus Lo Contador\",\"potentialAction\":[{\"@type\":\"SearchAction\",\"target\":{\"@type\":\"EntryPoint\",\"urlTemplate\":\"https:\/\/fadeu.urantiacos.cl\/en\/?s={search_term_string}\"},\"query-input\":{\"@type\":\"PropertyValueSpecification\",\"valueRequired\":true,\"valueName\":\"search_term_string\"}}],\"inLanguage\":\"en-US\"},{\"@type\":\"Person\",\"@id\":\"https:\/\/fadeu.urantiacos.cl\/en\/#\/schema\/person\/d203e2e84b1c40275eac77b3061a19a2\",\"name\":\"manadmin\",\"image\":{\"@type\":\"ImageObject\",\"inLanguage\":\"en-US\",\"@id\":\"https:\/\/fadeu.urantiacos.cl\/en\/#\/schema\/person\/image\/\",\"url\":\"https:\/\/secure.gravatar.com\/avatar\/4b1d8e3303b4a9d8968ac578947d8bc80d9aea359f388cdd4aac15cadc0e8447?s=96&d=mm&r=g\",\"contentUrl\":\"https:\/\/secure.gravatar.com\/avatar\/4b1d8e3303b4a9d8968ac578947d8bc80d9aea359f388cdd4aac15cadc0e8447?s=96&d=mm&r=g\",\"caption\":\"manadmin\"},\"sameAs\":[\"https:\/\/fadeu.urantiacos.cl\"]}]}<\/script>\n<!-- \/ Yoast SEO plugin. -->","yoast_head_json":{"title":"Paisaje y Proyecto: Trayectoria destacada de Teodoro Fern\u00e1ndez - Facultad de Arquitectura, Dise\u00f1o y Estudios Urbanos","description":"En el mes de octubre se realizar\u00e1 la exposici\u00f3n que reconoce la trayectoria del destacado arquitecto y profesor de la Escuela de Arquitectura Teodoro Fern\u00e1ndez, muestra que recoge los principales proyectos del Premio Nacional de Arquitectura, y que incluye proyectos de arquitectura, urbanos y de paisaje.","robots":{"index":"index","follow":"follow","max-snippet":"max-snippet:-1","max-image-preview":"max-image-preview:large","max-video-preview":"max-video-preview:-1"},"canonical":"https:\/\/fadeu.urantiacos.cl\/en\/2022\/07\/04\/paisaje-y-proyecto-trayectoria-destacada-de-teodoro-fernandez\/","og_locale":"en_US","og_type":"article","og_title":"Paisaje y Proyecto: Trayectoria destacada de Teodoro Fern\u00e1ndez - Facultad de Arquitectura, Dise\u00f1o y Estudios Urbanos","og_description":"En el mes de octubre se realizar\u00e1 la exposici\u00f3n que reconoce la trayectoria del destacado arquitecto y profesor de la Escuela de Arquitectura Teodoro Fern\u00e1ndez, muestra que recoge los principales proyectos del Premio Nacional de Arquitectura, y que incluye proyectos de arquitectura, urbanos y de paisaje.","og_url":"https:\/\/fadeu.urantiacos.cl\/en\/2022\/07\/04\/paisaje-y-proyecto-trayectoria-destacada-de-teodoro-fernandez\/","og_site_name":"Facultad de Arquitectura, Dise\u00f1o y Estudios Urbanos","article_published_time":"2022-07-04T20:13:00+00:00","article_modified_time":"2023-10-24T16:53:34+00:00","og_image":[{"width":350,"height":250,"url":"https:\/\/fadeu.urantiacos.cl\/wp-content\/uploads\/2023\/09\/IMAGEN_2_EXPO_TEO_WEB.png","type":"image\/png"}],"author":"manadmin","twitter_card":"summary_large_image","twitter_misc":{"Written by":"manadmin","Est. reading time":"4 minutes"},"schema":{"@context":"https:\/\/schema.org","@graph":[{"@type":"Article","@id":"https:\/\/fadeu.urantiacos.cl\/en\/2022\/07\/04\/paisaje-y-proyecto-trayectoria-destacada-de-teodoro-fernandez\/#article","isPartOf":{"@id":"https:\/\/fadeu.urantiacos.cl\/en\/2022\/07\/04\/paisaje-y-proyecto-trayectoria-destacada-de-teodoro-fernandez\/"},"author":{"name":"manadmin","@id":"https:\/\/fadeu.urantiacos.cl\/en\/#\/schema\/person\/d203e2e84b1c40275eac77b3061a19a2"},"headline":"Paisaje y Proyecto: Trayectoria destacada de Teodoro Fern\u00e1ndez","datePublished":"2022-07-04T20:13:00+00:00","dateModified":"2023-10-24T16:53:34+00:00","mainEntityOfPage":{"@id":"https:\/\/fadeu.urantiacos.cl\/en\/2022\/07\/04\/paisaje-y-proyecto-trayectoria-destacada-de-teodoro-fernandez\/"},"wordCount":615,"commentCount":0,"image":{"@id":"https:\/\/fadeu.urantiacos.cl\/en\/2022\/07\/04\/paisaje-y-proyecto-trayectoria-destacada-de-teodoro-fernandez\/#primaryimage"},"thumbnailUrl":"https:\/\/fadeu.urantiacos.cl\/wp-content\/uploads\/2023\/09\/IMAGEN_2_EXPO_TEO_WEB.png","articleSection":["Sin categorizar"],"inLanguage":"en-US","potentialAction":[{"@type":"CommentAction","name":"Comment","target":["https:\/\/fadeu.urantiacos.cl\/en\/2022\/07\/04\/paisaje-y-proyecto-trayectoria-destacada-de-teodoro-fernandez\/#respond"]}]},{"@type":"WebPage","@id":"https:\/\/fadeu.urantiacos.cl\/en\/2022\/07\/04\/paisaje-y-proyecto-trayectoria-destacada-de-teodoro-fernandez\/","url":"https:\/\/fadeu.urantiacos.cl\/en\/2022\/07\/04\/paisaje-y-proyecto-trayectoria-destacada-de-teodoro-fernandez\/","name":"Paisaje y Proyecto: Trayectoria destacada de Teodoro Fern\u00e1ndez - Facultad de Arquitectura, Dise\u00f1o y Estudios Urbanos","isPartOf":{"@id":"https:\/\/fadeu.urantiacos.cl\/en\/#website"},"primaryImageOfPage":{"@id":"https:\/\/fadeu.urantiacos.cl\/en\/2022\/07\/04\/paisaje-y-proyecto-trayectoria-destacada-de-teodoro-fernandez\/#primaryimage"},"image":{"@id":"https:\/\/fadeu.urantiacos.cl\/en\/2022\/07\/04\/paisaje-y-proyecto-trayectoria-destacada-de-teodoro-fernandez\/#primaryimage"},"thumbnailUrl":"https:\/\/fadeu.urantiacos.cl\/wp-content\/uploads\/2023\/09\/IMAGEN_2_EXPO_TEO_WEB.png","datePublished":"2022-07-04T20:13:00+00:00","dateModified":"2023-10-24T16:53:34+00:00","author":{"@id":"https:\/\/fadeu.urantiacos.cl\/en\/#\/schema\/person\/d203e2e84b1c40275eac77b3061a19a2"},"description":"En el mes de octubre se realizar\u00e1 la exposici\u00f3n que reconoce la trayectoria del destacado arquitecto y profesor de la Escuela de Arquitectura Teodoro Fern\u00e1ndez, muestra que recoge los principales proyectos del Premio Nacional de Arquitectura, y que incluye proyectos de arquitectura, urbanos y de paisaje.","breadcrumb":{"@id":"https:\/\/fadeu.urantiacos.cl\/en\/2022\/07\/04\/paisaje-y-proyecto-trayectoria-destacada-de-teodoro-fernandez\/#breadcrumb"},"inLanguage":"en-US","potentialAction":[{"@type":"ReadAction","target":["https:\/\/fadeu.urantiacos.cl\/en\/2022\/07\/04\/paisaje-y-proyecto-trayectoria-destacada-de-teodoro-fernandez\/"]}]},{"@type":"ImageObject","inLanguage":"en-US","@id":"https:\/\/fadeu.urantiacos.cl\/en\/2022\/07\/04\/paisaje-y-proyecto-trayectoria-destacada-de-teodoro-fernandez\/#primaryimage","url":"https:\/\/fadeu.urantiacos.cl\/wp-content\/uploads\/2023\/09\/IMAGEN_2_EXPO_TEO_WEB.png","contentUrl":"https:\/\/fadeu.urantiacos.cl\/wp-content\/uploads\/2023\/09\/IMAGEN_2_EXPO_TEO_WEB.png","width":350,"height":250},{"@type":"BreadcrumbList","@id":"https:\/\/fadeu.urantiacos.cl\/en\/2022\/07\/04\/paisaje-y-proyecto-trayectoria-destacada-de-teodoro-fernandez\/#breadcrumb","itemListElement":[{"@type":"ListItem","position":1,"name":"Portada","item":"https:\/\/fadeu.urantiacos.cl\/en\/"},{"@type":"ListItem","position":2,"name":"Paisaje y Proyecto: Trayectoria destacada de Teodoro Fern\u00e1ndez"}]},{"@type":"WebSite","@id":"https:\/\/fadeu.urantiacos.cl\/en\/#website","url":"https:\/\/fadeu.urantiacos.cl\/en\/","name":"Facultad de Arquitectura, Dise\u00f1o y Estudios Urbanos","description":"Campus Lo Contador","potentialAction":[{"@type":"SearchAction","target":{"@type":"EntryPoint","urlTemplate":"https:\/\/fadeu.urantiacos.cl\/en\/?s={search_term_string}"},"query-input":{"@type":"PropertyValueSpecification","valueRequired":true,"valueName":"search_term_string"}}],"inLanguage":"en-US"},{"@type":"Person","@id":"https:\/\/fadeu.urantiacos.cl\/en\/#\/schema\/person\/d203e2e84b1c40275eac77b3061a19a2","name":"manadmin","image":{"@type":"ImageObject","inLanguage":"en-US","@id":"https:\/\/fadeu.urantiacos.cl\/en\/#\/schema\/person\/image\/","url":"https:\/\/secure.gravatar.com\/avatar\/4b1d8e3303b4a9d8968ac578947d8bc80d9aea359f388cdd4aac15cadc0e8447?s=96&d=mm&r=g","contentUrl":"https:\/\/secure.gravatar.com\/avatar\/4b1d8e3303b4a9d8968ac578947d8bc80d9aea359f388cdd4aac15cadc0e8447?s=96&d=mm&r=g","caption":"manadmin"},"sameAs":["https:\/\/fadeu.urantiacos.cl"]}]}},"_links":{"self":[{"href":"https:\/\/fadeu.urantiacos.cl\/en\/wp-json\/wp\/v2\/posts\/4648","targetHints":{"allow":["GET"]}}],"collection":[{"href":"https:\/\/fadeu.urantiacos.cl\/en\/wp-json\/wp\/v2\/posts"}],"about":[{"href":"https:\/\/fadeu.urantiacos.cl\/en\/wp-json\/wp\/v2\/types\/post"}],"author":[{"embeddable":true,"href":"https:\/\/fadeu.urantiacos.cl\/en\/wp-json\/wp\/v2\/users\/1"}],"replies":[{"embeddable":true,"href":"https:\/\/fadeu.urantiacos.cl\/en\/wp-json\/wp\/v2\/comments?post=4648"}],"version-history":[{"count":2,"href":"https:\/\/fadeu.urantiacos.cl\/en\/wp-json\/wp\/v2\/posts\/4648\/revisions"}],"predecessor-version":[{"id":17820,"href":"https:\/\/fadeu.urantiacos.cl\/en\/wp-json\/wp\/v2\/posts\/4648\/revisions\/17820"}],"wp:featuredmedia":[{"embeddable":true,"href":"https:\/\/fadeu.urantiacos.cl\/en\/wp-json\/wp\/v2\/media\/4649"}],"wp:attachment":[{"href":"https:\/\/fadeu.urantiacos.cl\/en\/wp-json\/wp\/v2\/media?parent=4648"}],"wp:term":[{"taxonomy":"category","embeddable":true,"href":"https:\/\/fadeu.urantiacos.cl\/en\/wp-json\/wp\/v2\/categories?post=4648"},{"taxonomy":"post_tag","embeddable":true,"href":"https:\/\/fadeu.urantiacos.cl\/en\/wp-json\/wp\/v2\/tags?post=4648"}],"curies":[{"name":"wp","href":"https:\/\/api.w.org\/{rel}","templated":true}]}}