{"id":4632,"date":"2022-07-04T17:04:00","date_gmt":"2022-07-04T20:04:00","guid":{"rendered":"https:\/\/fadeu.urantiacos.cl\/?p=4632"},"modified":"2023-09-04T17:05:46","modified_gmt":"2023-09-04T20:05:46","slug":"felipe-link-presento-en-la-comision-de-vivienda-y-urbanismo-del-senado-su-propuesta-de-intermediacion-para-el-acceso-a-la-vivienda-en-arriendo-con-interes-social","status":"publish","type":"post","link":"https:\/\/fadeu.urantiacos.cl\/en\/2022\/07\/04\/felipe-link-presento-en-la-comision-de-vivienda-y-urbanismo-del-senado-su-propuesta-de-intermediacion-para-el-acceso-a-la-vivienda-en-arriendo-con-interes-social\/","title":{"rendered":"Felipe Link present\u00f3 en la Comisi\u00f3n de Vivienda y Urbanismo del Senado su Propuesta de intermediaci\u00f3n para el acceso a la vivienda en arriendo con Inter\u00e9s Social"},"content":{"rendered":"\n<figure class=\"wp-block-image size-full\"><img decoding=\"async\" width=\"350\" height=\"250\" src=\"https:\/\/fadeu.urantiacos.cl\/wp-content\/uploads\/2023\/09\/WEB_FWWOVa0XkAc8T5Z.jpg\" alt=\"\" class=\"wp-image-4633\" srcset=\"https:\/\/fadeu.urantiacos.cl\/wp-content\/uploads\/2023\/09\/WEB_FWWOVa0XkAc8T5Z.jpg 350w, https:\/\/fadeu.urantiacos.cl\/wp-content\/uploads\/2023\/09\/WEB_FWWOVa0XkAc8T5Z-300x214.jpg 300w\" sizes=\"(max-width: 350px) 100vw, 350px\" \/><\/figure>\n\n\n\n<p>El proyecto finaliz\u00f3 en marzo del presente a\u00f1o, y tuvo como objetivo general el proponer un modelo de intermediaci\u00f3n para la accesibilidad de la vivienda en arriendo con inter\u00e9s social, basado en la evidencia de oferentes y la diversidad de perfiles de los arrendatarios.<\/p>\n\n\n\n<p>Para eso, se focaliz\u00f3 el estudio en tres comunas del \u00c1rea Metropolitana de Santiago (AMS), en las que se identific\u00f3 la oferta de vivienda existente en arriendo y accesible a subsidio y se caracterizaron los perfiles de la oferta, junto a las condiciones y expectativas por parte de los due\u00f1os de las viviendas en arriendo. Adem\u00e1s, se profundiz\u00f3 en un an\u00e1lisis de las condiciones actuales presentes en la pol\u00edtica habitacional.<\/p>\n\n\n\n<p>La propuesta de pol\u00edtica p\u00fablica formada por el equipo se sustenta sobre la hip\u00f3tesis de que existe una oferta disponible de vivienda para el arriendo, que se ajusta a los montos del subsidio, y con buena cobertura y dispersi\u00f3n territorial en la RM, pero que el problema se centra en que hace falta una eficiente conexi\u00f3n con la demanda, ya que no existen en la actualidad los incentivos suficientes para su asociaci\u00f3n con la pol\u00edtica habitacional de manera coordinada y segura para las partes.<\/p>\n\n\n\n<p>Sobre este problema, lo que se propone son lienamientos para la consolidaci\u00f3n de una&nbsp;pol\u00edtica de intermediaci\u00f3n. Entendiendo intermediaci\u00f3n como \u00abun proceso en el cual uno o m\u00e1s agentes est\u00e1n encargados de informar, vincular y comunicar partes interesadas para llegar a un acuerdo de participaci\u00f3n en el programa de arriendo\u00bb.<\/p>\n\n\n\n<p>El documento presentado, propone lineamientos organizados en el corto, mediano y largo plazo con acciones que permitir\u00edan crear un&nbsp;sistema de conexi\u00f3n o de intermediaci\u00f3n entre oferta y demanda.<\/p>\n\n\n\n<p>INFORMACI\u00d3N PERIOD\u00cdSTICA<br>INSTITUTO DE ESTUDIOS URBANOS<\/p>\n","protected":false},"excerpt":{"rendered":"<p>La presentaci\u00f3n es parte del proyecto financiado por el Concurso de Pol\u00edticas P\u00fablicas UC 2021. Realizada junto al equipo de investigaci\u00f3n compuesto por Luis Fuentes y Adriana Mar\u00edn. Tres investigadores parte del N\u00facleo de Investigaci\u00f3n, Observatorio del Arriendo UC.<\/p>\n","protected":false},"author":1,"featured_media":4633,"comment_status":"open","ping_status":"open","sticky":false,"template":"","format":"standard","meta":{"_acf_changed":false,"footnotes":""},"categories":[1],"tags":[],"class_list":["post-4632","post","type-post","status-publish","format-standard","has-post-thumbnail","hentry","category-sin-categorizar"],"acf":[],"yoast_head":"<!-- This site is optimized with the Yoast SEO plugin v27.1.1 - https:\/\/yoast.com\/product\/yoast-seo-wordpress\/ -->\n<title>Felipe Link present\u00f3 en la Comisi\u00f3n de Vivienda y Urbanismo del Senado su Propuesta de intermediaci\u00f3n para el acceso a la vivienda en arriendo con Inter\u00e9s Social - Facultad de Arquitectura, Dise\u00f1o y Estudios Urbanos<\/title>\n<meta name=\"description\" content=\"La presentaci\u00f3n es parte del proyecto financiado por el Concurso de Pol\u00edticas P\u00fablicas UC 2021. Realizada junto al equipo de investigaci\u00f3n compuesto por Luis Fuentes y Adriana Mar\u00edn. Tres investigadores parte del N\u00facleo de Investigaci\u00f3n, Observatorio del Arriendo UC.\" \/>\n<meta name=\"robots\" content=\"index, follow, max-snippet:-1, max-image-preview:large, max-video-preview:-1\" \/>\n<link rel=\"canonical\" href=\"https:\/\/fadeu.urantiacos.cl\/en\/2022\/07\/04\/felipe-link-presento-en-la-comision-de-vivienda-y-urbanismo-del-senado-su-propuesta-de-intermediacion-para-el-acceso-a-la-vivienda-en-arriendo-con-interes-social\/\" \/>\n<meta property=\"og:locale\" content=\"en_US\" \/>\n<meta property=\"og:type\" content=\"article\" \/>\n<meta property=\"og:title\" content=\"Felipe Link present\u00f3 en la Comisi\u00f3n de Vivienda y Urbanismo del Senado su Propuesta de intermediaci\u00f3n para el acceso a la vivienda en arriendo con Inter\u00e9s Social - Facultad de Arquitectura, Dise\u00f1o y Estudios Urbanos\" \/>\n<meta property=\"og:description\" content=\"La presentaci\u00f3n es parte del proyecto financiado por el Concurso de Pol\u00edticas P\u00fablicas UC 2021. Realizada junto al equipo de investigaci\u00f3n compuesto por Luis Fuentes y Adriana Mar\u00edn. Tres investigadores parte del N\u00facleo de Investigaci\u00f3n, Observatorio del Arriendo UC.\" \/>\n<meta property=\"og:url\" content=\"https:\/\/fadeu.urantiacos.cl\/en\/2022\/07\/04\/felipe-link-presento-en-la-comision-de-vivienda-y-urbanismo-del-senado-su-propuesta-de-intermediacion-para-el-acceso-a-la-vivienda-en-arriendo-con-interes-social\/\" \/>\n<meta property=\"og:site_name\" content=\"Facultad de Arquitectura, Dise\u00f1o y Estudios Urbanos\" \/>\n<meta property=\"article:published_time\" content=\"2022-07-04T20:04:00+00:00\" \/>\n<meta property=\"article:modified_time\" content=\"2023-09-04T20:05:46+00:00\" \/>\n<meta property=\"og:image\" content=\"https:\/\/fadeu.urantiacos.cl\/wp-content\/uploads\/2023\/09\/WEB_FWWOVa0XkAc8T5Z.jpg\" \/>\n\t<meta property=\"og:image:width\" content=\"350\" \/>\n\t<meta property=\"og:image:height\" content=\"250\" \/>\n\t<meta property=\"og:image:type\" content=\"image\/jpeg\" \/>\n<meta name=\"author\" content=\"manadmin\" \/>\n<meta name=\"twitter:card\" content=\"summary_large_image\" \/>\n<meta name=\"twitter:label1\" content=\"Written by\" \/>\n\t<meta name=\"twitter:data1\" content=\"manadmin\" \/>\n\t<meta name=\"twitter:label2\" content=\"Est. reading time\" \/>\n\t<meta name=\"twitter:data2\" content=\"2 minutes\" \/>\n<script type=\"application\/ld+json\" class=\"yoast-schema-graph\">{\"@context\":\"https:\/\/schema.org\",\"@graph\":[{\"@type\":\"Article\",\"@id\":\"https:\/\/fadeu.urantiacos.cl\/en\/2022\/07\/04\/felipe-link-presento-en-la-comision-de-vivienda-y-urbanismo-del-senado-su-propuesta-de-intermediacion-para-el-acceso-a-la-vivienda-en-arriendo-con-interes-social\/#article\",\"isPartOf\":{\"@id\":\"https:\/\/fadeu.urantiacos.cl\/en\/2022\/07\/04\/felipe-link-presento-en-la-comision-de-vivienda-y-urbanismo-del-senado-su-propuesta-de-intermediacion-para-el-acceso-a-la-vivienda-en-arriendo-con-interes-social\/\"},\"author\":{\"name\":\"manadmin\",\"@id\":\"https:\/\/fadeu.urantiacos.cl\/en\/#\/schema\/person\/d203e2e84b1c40275eac77b3061a19a2\"},\"headline\":\"Felipe Link present\u00f3 en la Comisi\u00f3n de Vivienda y Urbanismo del Senado su Propuesta de intermediaci\u00f3n para el acceso a la vivienda en arriendo con Inter\u00e9s Social\",\"datePublished\":\"2022-07-04T20:04:00+00:00\",\"dateModified\":\"2023-09-04T20:05:46+00:00\",\"mainEntityOfPage\":{\"@id\":\"https:\/\/fadeu.urantiacos.cl\/en\/2022\/07\/04\/felipe-link-presento-en-la-comision-de-vivienda-y-urbanismo-del-senado-su-propuesta-de-intermediacion-para-el-acceso-a-la-vivienda-en-arriendo-con-interes-social\/\"},\"wordCount\":340,\"commentCount\":0,\"image\":{\"@id\":\"https:\/\/fadeu.urantiacos.cl\/en\/2022\/07\/04\/felipe-link-presento-en-la-comision-de-vivienda-y-urbanismo-del-senado-su-propuesta-de-intermediacion-para-el-acceso-a-la-vivienda-en-arriendo-con-interes-social\/#primaryimage\"},\"thumbnailUrl\":\"https:\/\/fadeu.urantiacos.cl\/wp-content\/uploads\/2023\/09\/WEB_FWWOVa0XkAc8T5Z.jpg\",\"articleSection\":[\"Sin categorizar\"],\"inLanguage\":\"en-US\",\"potentialAction\":[{\"@type\":\"CommentAction\",\"name\":\"Comment\",\"target\":[\"https:\/\/fadeu.urantiacos.cl\/en\/2022\/07\/04\/felipe-link-presento-en-la-comision-de-vivienda-y-urbanismo-del-senado-su-propuesta-de-intermediacion-para-el-acceso-a-la-vivienda-en-arriendo-con-interes-social\/#respond\"]}]},{\"@type\":\"WebPage\",\"@id\":\"https:\/\/fadeu.urantiacos.cl\/en\/2022\/07\/04\/felipe-link-presento-en-la-comision-de-vivienda-y-urbanismo-del-senado-su-propuesta-de-intermediacion-para-el-acceso-a-la-vivienda-en-arriendo-con-interes-social\/\",\"url\":\"https:\/\/fadeu.urantiacos.cl\/en\/2022\/07\/04\/felipe-link-presento-en-la-comision-de-vivienda-y-urbanismo-del-senado-su-propuesta-de-intermediacion-para-el-acceso-a-la-vivienda-en-arriendo-con-interes-social\/\",\"name\":\"Felipe Link present\u00f3 en la Comisi\u00f3n de Vivienda y Urbanismo del Senado su Propuesta de intermediaci\u00f3n para el acceso a la vivienda en arriendo con Inter\u00e9s Social - Facultad de Arquitectura, Dise\u00f1o y Estudios Urbanos\",\"isPartOf\":{\"@id\":\"https:\/\/fadeu.urantiacos.cl\/en\/#website\"},\"primaryImageOfPage\":{\"@id\":\"https:\/\/fadeu.urantiacos.cl\/en\/2022\/07\/04\/felipe-link-presento-en-la-comision-de-vivienda-y-urbanismo-del-senado-su-propuesta-de-intermediacion-para-el-acceso-a-la-vivienda-en-arriendo-con-interes-social\/#primaryimage\"},\"image\":{\"@id\":\"https:\/\/fadeu.urantiacos.cl\/en\/2022\/07\/04\/felipe-link-presento-en-la-comision-de-vivienda-y-urbanismo-del-senado-su-propuesta-de-intermediacion-para-el-acceso-a-la-vivienda-en-arriendo-con-interes-social\/#primaryimage\"},\"thumbnailUrl\":\"https:\/\/fadeu.urantiacos.cl\/wp-content\/uploads\/2023\/09\/WEB_FWWOVa0XkAc8T5Z.jpg\",\"datePublished\":\"2022-07-04T20:04:00+00:00\",\"dateModified\":\"2023-09-04T20:05:46+00:00\",\"author\":{\"@id\":\"https:\/\/fadeu.urantiacos.cl\/en\/#\/schema\/person\/d203e2e84b1c40275eac77b3061a19a2\"},\"description\":\"La presentaci\u00f3n es parte del proyecto financiado por el Concurso de Pol\u00edticas P\u00fablicas UC 2021. Realizada junto al equipo de investigaci\u00f3n compuesto por Luis Fuentes y Adriana Mar\u00edn. Tres investigadores parte del N\u00facleo de Investigaci\u00f3n, Observatorio del Arriendo UC.\",\"breadcrumb\":{\"@id\":\"https:\/\/fadeu.urantiacos.cl\/en\/2022\/07\/04\/felipe-link-presento-en-la-comision-de-vivienda-y-urbanismo-del-senado-su-propuesta-de-intermediacion-para-el-acceso-a-la-vivienda-en-arriendo-con-interes-social\/#breadcrumb\"},\"inLanguage\":\"en-US\",\"potentialAction\":[{\"@type\":\"ReadAction\",\"target\":[\"https:\/\/fadeu.urantiacos.cl\/en\/2022\/07\/04\/felipe-link-presento-en-la-comision-de-vivienda-y-urbanismo-del-senado-su-propuesta-de-intermediacion-para-el-acceso-a-la-vivienda-en-arriendo-con-interes-social\/\"]}]},{\"@type\":\"ImageObject\",\"inLanguage\":\"en-US\",\"@id\":\"https:\/\/fadeu.urantiacos.cl\/en\/2022\/07\/04\/felipe-link-presento-en-la-comision-de-vivienda-y-urbanismo-del-senado-su-propuesta-de-intermediacion-para-el-acceso-a-la-vivienda-en-arriendo-con-interes-social\/#primaryimage\",\"url\":\"https:\/\/fadeu.urantiacos.cl\/wp-content\/uploads\/2023\/09\/WEB_FWWOVa0XkAc8T5Z.jpg\",\"contentUrl\":\"https:\/\/fadeu.urantiacos.cl\/wp-content\/uploads\/2023\/09\/WEB_FWWOVa0XkAc8T5Z.jpg\",\"width\":350,\"height\":250},{\"@type\":\"BreadcrumbList\",\"@id\":\"https:\/\/fadeu.urantiacos.cl\/en\/2022\/07\/04\/felipe-link-presento-en-la-comision-de-vivienda-y-urbanismo-del-senado-su-propuesta-de-intermediacion-para-el-acceso-a-la-vivienda-en-arriendo-con-interes-social\/#breadcrumb\",\"itemListElement\":[{\"@type\":\"ListItem\",\"position\":1,\"name\":\"Portada\",\"item\":\"https:\/\/fadeu.urantiacos.cl\/en\/\"},{\"@type\":\"ListItem\",\"position\":2,\"name\":\"Felipe Link present\u00f3 en la Comisi\u00f3n de Vivienda y Urbanismo del Senado su Propuesta de intermediaci\u00f3n para el acceso a la vivienda en arriendo con Inter\u00e9s Social\"}]},{\"@type\":\"WebSite\",\"@id\":\"https:\/\/fadeu.urantiacos.cl\/en\/#website\",\"url\":\"https:\/\/fadeu.urantiacos.cl\/en\/\",\"name\":\"Facultad de Arquitectura, Dise\u00f1o y Estudios Urbanos\",\"description\":\"Campus Lo Contador\",\"potentialAction\":[{\"@type\":\"SearchAction\",\"target\":{\"@type\":\"EntryPoint\",\"urlTemplate\":\"https:\/\/fadeu.urantiacos.cl\/en\/?s={search_term_string}\"},\"query-input\":{\"@type\":\"PropertyValueSpecification\",\"valueRequired\":true,\"valueName\":\"search_term_string\"}}],\"inLanguage\":\"en-US\"},{\"@type\":\"Person\",\"@id\":\"https:\/\/fadeu.urantiacos.cl\/en\/#\/schema\/person\/d203e2e84b1c40275eac77b3061a19a2\",\"name\":\"manadmin\",\"image\":{\"@type\":\"ImageObject\",\"inLanguage\":\"en-US\",\"@id\":\"https:\/\/fadeu.urantiacos.cl\/en\/#\/schema\/person\/image\/\",\"url\":\"https:\/\/secure.gravatar.com\/avatar\/4b1d8e3303b4a9d8968ac578947d8bc80d9aea359f388cdd4aac15cadc0e8447?s=96&d=mm&r=g\",\"contentUrl\":\"https:\/\/secure.gravatar.com\/avatar\/4b1d8e3303b4a9d8968ac578947d8bc80d9aea359f388cdd4aac15cadc0e8447?s=96&d=mm&r=g\",\"caption\":\"manadmin\"},\"sameAs\":[\"https:\/\/fadeu.urantiacos.cl\"]}]}<\/script>\n<!-- \/ Yoast SEO plugin. -->","yoast_head_json":{"title":"Felipe Link present\u00f3 en la Comisi\u00f3n de Vivienda y Urbanismo del Senado su Propuesta de intermediaci\u00f3n para el acceso a la vivienda en arriendo con Inter\u00e9s Social - Facultad de Arquitectura, Dise\u00f1o y Estudios Urbanos","description":"La presentaci\u00f3n es parte del proyecto financiado por el Concurso de Pol\u00edticas P\u00fablicas UC 2021. Realizada junto al equipo de investigaci\u00f3n compuesto por Luis Fuentes y Adriana Mar\u00edn. Tres investigadores parte del N\u00facleo de Investigaci\u00f3n, Observatorio del Arriendo UC.","robots":{"index":"index","follow":"follow","max-snippet":"max-snippet:-1","max-image-preview":"max-image-preview:large","max-video-preview":"max-video-preview:-1"},"canonical":"https:\/\/fadeu.urantiacos.cl\/en\/2022\/07\/04\/felipe-link-presento-en-la-comision-de-vivienda-y-urbanismo-del-senado-su-propuesta-de-intermediacion-para-el-acceso-a-la-vivienda-en-arriendo-con-interes-social\/","og_locale":"en_US","og_type":"article","og_title":"Felipe Link present\u00f3 en la Comisi\u00f3n de Vivienda y Urbanismo del Senado su Propuesta de intermediaci\u00f3n para el acceso a la vivienda en arriendo con Inter\u00e9s Social - Facultad de Arquitectura, Dise\u00f1o y Estudios Urbanos","og_description":"La presentaci\u00f3n es parte del proyecto financiado por el Concurso de Pol\u00edticas P\u00fablicas UC 2021. Realizada junto al equipo de investigaci\u00f3n compuesto por Luis Fuentes y Adriana Mar\u00edn. Tres investigadores parte del N\u00facleo de Investigaci\u00f3n, Observatorio del Arriendo UC.","og_url":"https:\/\/fadeu.urantiacos.cl\/en\/2022\/07\/04\/felipe-link-presento-en-la-comision-de-vivienda-y-urbanismo-del-senado-su-propuesta-de-intermediacion-para-el-acceso-a-la-vivienda-en-arriendo-con-interes-social\/","og_site_name":"Facultad de Arquitectura, Dise\u00f1o y Estudios Urbanos","article_published_time":"2022-07-04T20:04:00+00:00","article_modified_time":"2023-09-04T20:05:46+00:00","og_image":[{"width":350,"height":250,"url":"https:\/\/fadeu.urantiacos.cl\/wp-content\/uploads\/2023\/09\/WEB_FWWOVa0XkAc8T5Z.jpg","type":"image\/jpeg"}],"author":"manadmin","twitter_card":"summary_large_image","twitter_misc":{"Written by":"manadmin","Est. reading time":"2 minutes"},"schema":{"@context":"https:\/\/schema.org","@graph":[{"@type":"Article","@id":"https:\/\/fadeu.urantiacos.cl\/en\/2022\/07\/04\/felipe-link-presento-en-la-comision-de-vivienda-y-urbanismo-del-senado-su-propuesta-de-intermediacion-para-el-acceso-a-la-vivienda-en-arriendo-con-interes-social\/#article","isPartOf":{"@id":"https:\/\/fadeu.urantiacos.cl\/en\/2022\/07\/04\/felipe-link-presento-en-la-comision-de-vivienda-y-urbanismo-del-senado-su-propuesta-de-intermediacion-para-el-acceso-a-la-vivienda-en-arriendo-con-interes-social\/"},"author":{"name":"manadmin","@id":"https:\/\/fadeu.urantiacos.cl\/en\/#\/schema\/person\/d203e2e84b1c40275eac77b3061a19a2"},"headline":"Felipe Link present\u00f3 en la Comisi\u00f3n de Vivienda y Urbanismo del Senado su Propuesta de intermediaci\u00f3n para el acceso a la vivienda en arriendo con Inter\u00e9s Social","datePublished":"2022-07-04T20:04:00+00:00","dateModified":"2023-09-04T20:05:46+00:00","mainEntityOfPage":{"@id":"https:\/\/fadeu.urantiacos.cl\/en\/2022\/07\/04\/felipe-link-presento-en-la-comision-de-vivienda-y-urbanismo-del-senado-su-propuesta-de-intermediacion-para-el-acceso-a-la-vivienda-en-arriendo-con-interes-social\/"},"wordCount":340,"commentCount":0,"image":{"@id":"https:\/\/fadeu.urantiacos.cl\/en\/2022\/07\/04\/felipe-link-presento-en-la-comision-de-vivienda-y-urbanismo-del-senado-su-propuesta-de-intermediacion-para-el-acceso-a-la-vivienda-en-arriendo-con-interes-social\/#primaryimage"},"thumbnailUrl":"https:\/\/fadeu.urantiacos.cl\/wp-content\/uploads\/2023\/09\/WEB_FWWOVa0XkAc8T5Z.jpg","articleSection":["Sin categorizar"],"inLanguage":"en-US","potentialAction":[{"@type":"CommentAction","name":"Comment","target":["https:\/\/fadeu.urantiacos.cl\/en\/2022\/07\/04\/felipe-link-presento-en-la-comision-de-vivienda-y-urbanismo-del-senado-su-propuesta-de-intermediacion-para-el-acceso-a-la-vivienda-en-arriendo-con-interes-social\/#respond"]}]},{"@type":"WebPage","@id":"https:\/\/fadeu.urantiacos.cl\/en\/2022\/07\/04\/felipe-link-presento-en-la-comision-de-vivienda-y-urbanismo-del-senado-su-propuesta-de-intermediacion-para-el-acceso-a-la-vivienda-en-arriendo-con-interes-social\/","url":"https:\/\/fadeu.urantiacos.cl\/en\/2022\/07\/04\/felipe-link-presento-en-la-comision-de-vivienda-y-urbanismo-del-senado-su-propuesta-de-intermediacion-para-el-acceso-a-la-vivienda-en-arriendo-con-interes-social\/","name":"Felipe Link present\u00f3 en la Comisi\u00f3n de Vivienda y Urbanismo del Senado su Propuesta de intermediaci\u00f3n para el acceso a la vivienda en arriendo con Inter\u00e9s Social - Facultad de Arquitectura, Dise\u00f1o y Estudios Urbanos","isPartOf":{"@id":"https:\/\/fadeu.urantiacos.cl\/en\/#website"},"primaryImageOfPage":{"@id":"https:\/\/fadeu.urantiacos.cl\/en\/2022\/07\/04\/felipe-link-presento-en-la-comision-de-vivienda-y-urbanismo-del-senado-su-propuesta-de-intermediacion-para-el-acceso-a-la-vivienda-en-arriendo-con-interes-social\/#primaryimage"},"image":{"@id":"https:\/\/fadeu.urantiacos.cl\/en\/2022\/07\/04\/felipe-link-presento-en-la-comision-de-vivienda-y-urbanismo-del-senado-su-propuesta-de-intermediacion-para-el-acceso-a-la-vivienda-en-arriendo-con-interes-social\/#primaryimage"},"thumbnailUrl":"https:\/\/fadeu.urantiacos.cl\/wp-content\/uploads\/2023\/09\/WEB_FWWOVa0XkAc8T5Z.jpg","datePublished":"2022-07-04T20:04:00+00:00","dateModified":"2023-09-04T20:05:46+00:00","author":{"@id":"https:\/\/fadeu.urantiacos.cl\/en\/#\/schema\/person\/d203e2e84b1c40275eac77b3061a19a2"},"description":"La presentaci\u00f3n es parte del proyecto financiado por el Concurso de Pol\u00edticas P\u00fablicas UC 2021. Realizada junto al equipo de investigaci\u00f3n compuesto por Luis Fuentes y Adriana Mar\u00edn. Tres investigadores parte del N\u00facleo de Investigaci\u00f3n, Observatorio del Arriendo UC.","breadcrumb":{"@id":"https:\/\/fadeu.urantiacos.cl\/en\/2022\/07\/04\/felipe-link-presento-en-la-comision-de-vivienda-y-urbanismo-del-senado-su-propuesta-de-intermediacion-para-el-acceso-a-la-vivienda-en-arriendo-con-interes-social\/#breadcrumb"},"inLanguage":"en-US","potentialAction":[{"@type":"ReadAction","target":["https:\/\/fadeu.urantiacos.cl\/en\/2022\/07\/04\/felipe-link-presento-en-la-comision-de-vivienda-y-urbanismo-del-senado-su-propuesta-de-intermediacion-para-el-acceso-a-la-vivienda-en-arriendo-con-interes-social\/"]}]},{"@type":"ImageObject","inLanguage":"en-US","@id":"https:\/\/fadeu.urantiacos.cl\/en\/2022\/07\/04\/felipe-link-presento-en-la-comision-de-vivienda-y-urbanismo-del-senado-su-propuesta-de-intermediacion-para-el-acceso-a-la-vivienda-en-arriendo-con-interes-social\/#primaryimage","url":"https:\/\/fadeu.urantiacos.cl\/wp-content\/uploads\/2023\/09\/WEB_FWWOVa0XkAc8T5Z.jpg","contentUrl":"https:\/\/fadeu.urantiacos.cl\/wp-content\/uploads\/2023\/09\/WEB_FWWOVa0XkAc8T5Z.jpg","width":350,"height":250},{"@type":"BreadcrumbList","@id":"https:\/\/fadeu.urantiacos.cl\/en\/2022\/07\/04\/felipe-link-presento-en-la-comision-de-vivienda-y-urbanismo-del-senado-su-propuesta-de-intermediacion-para-el-acceso-a-la-vivienda-en-arriendo-con-interes-social\/#breadcrumb","itemListElement":[{"@type":"ListItem","position":1,"name":"Portada","item":"https:\/\/fadeu.urantiacos.cl\/en\/"},{"@type":"ListItem","position":2,"name":"Felipe Link present\u00f3 en la Comisi\u00f3n de Vivienda y Urbanismo del Senado su Propuesta de intermediaci\u00f3n para el acceso a la vivienda en arriendo con Inter\u00e9s Social"}]},{"@type":"WebSite","@id":"https:\/\/fadeu.urantiacos.cl\/en\/#website","url":"https:\/\/fadeu.urantiacos.cl\/en\/","name":"Facultad de Arquitectura, Dise\u00f1o y Estudios Urbanos","description":"Campus Lo Contador","potentialAction":[{"@type":"SearchAction","target":{"@type":"EntryPoint","urlTemplate":"https:\/\/fadeu.urantiacos.cl\/en\/?s={search_term_string}"},"query-input":{"@type":"PropertyValueSpecification","valueRequired":true,"valueName":"search_term_string"}}],"inLanguage":"en-US"},{"@type":"Person","@id":"https:\/\/fadeu.urantiacos.cl\/en\/#\/schema\/person\/d203e2e84b1c40275eac77b3061a19a2","name":"manadmin","image":{"@type":"ImageObject","inLanguage":"en-US","@id":"https:\/\/fadeu.urantiacos.cl\/en\/#\/schema\/person\/image\/","url":"https:\/\/secure.gravatar.com\/avatar\/4b1d8e3303b4a9d8968ac578947d8bc80d9aea359f388cdd4aac15cadc0e8447?s=96&d=mm&r=g","contentUrl":"https:\/\/secure.gravatar.com\/avatar\/4b1d8e3303b4a9d8968ac578947d8bc80d9aea359f388cdd4aac15cadc0e8447?s=96&d=mm&r=g","caption":"manadmin"},"sameAs":["https:\/\/fadeu.urantiacos.cl"]}]}},"_links":{"self":[{"href":"https:\/\/fadeu.urantiacos.cl\/en\/wp-json\/wp\/v2\/posts\/4632","targetHints":{"allow":["GET"]}}],"collection":[{"href":"https:\/\/fadeu.urantiacos.cl\/en\/wp-json\/wp\/v2\/posts"}],"about":[{"href":"https:\/\/fadeu.urantiacos.cl\/en\/wp-json\/wp\/v2\/types\/post"}],"author":[{"embeddable":true,"href":"https:\/\/fadeu.urantiacos.cl\/en\/wp-json\/wp\/v2\/users\/1"}],"replies":[{"embeddable":true,"href":"https:\/\/fadeu.urantiacos.cl\/en\/wp-json\/wp\/v2\/comments?post=4632"}],"version-history":[{"count":1,"href":"https:\/\/fadeu.urantiacos.cl\/en\/wp-json\/wp\/v2\/posts\/4632\/revisions"}],"predecessor-version":[{"id":4634,"href":"https:\/\/fadeu.urantiacos.cl\/en\/wp-json\/wp\/v2\/posts\/4632\/revisions\/4634"}],"wp:featuredmedia":[{"embeddable":true,"href":"https:\/\/fadeu.urantiacos.cl\/en\/wp-json\/wp\/v2\/media\/4633"}],"wp:attachment":[{"href":"https:\/\/fadeu.urantiacos.cl\/en\/wp-json\/wp\/v2\/media?parent=4632"}],"wp:term":[{"taxonomy":"category","embeddable":true,"href":"https:\/\/fadeu.urantiacos.cl\/en\/wp-json\/wp\/v2\/categories?post=4632"},{"taxonomy":"post_tag","embeddable":true,"href":"https:\/\/fadeu.urantiacos.cl\/en\/wp-json\/wp\/v2\/tags?post=4632"}],"curies":[{"name":"wp","href":"https:\/\/api.w.org\/{rel}","templated":true}]}}