{"id":4619,"date":"2022-07-04T16:54:00","date_gmt":"2022-07-04T19:54:00","guid":{"rendered":"https:\/\/fadeu.urantiacos.cl\/?p=4619"},"modified":"2023-09-04T16:59:39","modified_gmt":"2023-09-04T19:59:39","slug":"disenador-felipe-taborda-visito-el-campus-lo-contador-y-expuso-su-trabajo-en-la-galeria-gallo","status":"publish","type":"post","link":"https:\/\/fadeu.urantiacos.cl\/en\/2022\/07\/04\/disenador-felipe-taborda-visito-el-campus-lo-contador-y-expuso-su-trabajo-en-la-galeria-gallo\/","title":{"rendered":"Dise\u00f1ador Felipe Taborda visit\u00f3 el campus Lo Contador y expuso su trabajo en la Galer\u00eda Gallo"},"content":{"rendered":"\n<figure class=\"wp-block-image size-full\"><img decoding=\"async\" width=\"350\" height=\"250\" src=\"https:\/\/fadeu.urantiacos.cl\/wp-content\/uploads\/2023\/09\/FELIPE_TABORDA_WEB.jpg\" alt=\"\" class=\"wp-image-4620\" srcset=\"https:\/\/fadeu.urantiacos.cl\/wp-content\/uploads\/2023\/09\/FELIPE_TABORDA_WEB.jpg 350w, https:\/\/fadeu.urantiacos.cl\/wp-content\/uploads\/2023\/09\/FELIPE_TABORDA_WEB-300x214.jpg 300w\" sizes=\"(max-width: 350px) 100vw, 350px\" \/><\/figure>\n\n\n\n<p>Adem\u00e1s, Taborda realiz\u00f3 la charla \u201cInnovaci\u00f3n\u201d, en la que abord\u00f3 algunos de los principales hitos que han marcado la historia del dise\u00f1o en el mundo contempor\u00e1neo, con experiencias americanas y europeas de distintas escalas y usos.<\/p>\n\n\n\n<p>La charla qued\u00f3 alojada en el canal Youtube FADEU y se puede revisar en el siguiente link:&nbsp;<a href=\"https:\/\/www.youtube.com\/watch?v=Dm3WP-fTuSo&amp;t=436s\">https:\/\/www.youtube.com\/watch?v=Dm3WP-fTuSo&amp;t=436s<\/a><\/p>\n\n\n\n<p>Taborda estuvo acompa\u00f1ado, en ambas instancias, por el Decano FADEU, Mario Ubilla&nbsp;y los directores de la galer\u00eda Gallo, Macarena Cort\u00e9s y Patricio Pozo.<\/p>\n\n\n\n<p>El Decano Ubilla celebr\u00f3 la visita de \u201cun exponente del dise\u00f1o mundial\u201d, dijo, advirtiendo, adem\u00e1s, que su trabajo da cuenta de que \u201cse trata de un amigo de la disciplina en Chile y fundamentalmente de un gran creador\u201d.<\/p>\n\n\n\n<p>\u201cLa visita de Felipe Taborda se da en un a\u00f1o en que hemos inaugurado la Galer\u00eda GALLO, que, en lo fundamental, tiene un rol formador, dedicado a los estudiantes, a los que est\u00e1n en permanente b\u00fasqueda, a los que van alumbrando con ideas nuevas a nuestras disciplinas, que son la arquitectura, el dise\u00f1o, la planificaci\u00f3n y los estudios urbanos\u201d, agreg\u00f3 Ubilla.<\/p>\n\n\n\n<p>Por su parte el curador de la muestra, Patricio Pozo, comentando sobre el trabajo del dise\u00f1ador, dijo: \u201cEl caso de Felipe Taborda es un ejemplo concluyente, en cuanto a arte gr\u00e1ficos se sintetizan las lecciones de dise\u00f1o cosmopolitas aprendidas, mensaje directo en hgeneral y tipogr\u00e1fico en particular, con la voluntad sensual de la imaginer\u00eda del Brasil m\u00e1s querido\u201d.<\/p>\n\n\n\n<p>El dise\u00f1ador ser\u00e1 entrevistado el martes 5 de julio, por Rodrigo Guendelman, en el programa Santiago Adicto, transmitido por radio Duna:<\/p>\n\n\n\n<figure class=\"wp-block-embed is-type-wp-embed is-provider-radio-duna wp-block-embed-radio-duna\"><div class=\"wp-block-embed__wrapper\">\n<blockquote class=\"wp-embedded-content\" data-secret=\"2LNoRWoD5t\"><a href=\"https:\/\/www.duna.cl\/programas\/santiago-adicto\/\">Santiago Adicto<\/a><\/blockquote><iframe loading=\"lazy\" class=\"wp-embedded-content\" sandbox=\"allow-scripts\" security=\"restricted\" style=\"position: absolute; clip: rect(1px, 1px, 1px, 1px);\" title=\"&#8220;Santiago Adicto&#8221; &#8212; Radio Duna\" src=\"https:\/\/www.duna.cl\/programas\/santiago-adicto\/embed\/#?secret=v7vCEOQRyX#?secret=2LNoRWoD5t\" data-secret=\"2LNoRWoD5t\" width=\"500\" height=\"282\" frameborder=\"0\" marginwidth=\"0\" marginheight=\"0\" scrolling=\"no\"><\/iframe>\n<\/div><\/figure>\n\n\n\n<p><strong>Felipe Taborda<\/strong><\/p>\n\n\n\n<p>Felipe Taborda es dise\u00f1ador gr\u00e1fico, editor, curador y agitador cultural de R\u00edo de Janeiro (Brasil). Formado en la PUC \/ RJ, estudi\u00f3 cine y fotograf\u00eda en la London International Film School (Inglaterra), Communication Arts en el New York Institute of Technology y Graphic Design en la School of Visual Arts (USA). Desde 1990 tiene su propio estudio, actuando principalmente en el \u00e1rea cultural, editorial y fonogr\u00e1fica.<\/p>\n\n\n\n<p>En 2008 public\u00f3 su libro Latin American Graphic Design con la editorial Taschen (Alemania). En 2014 la Universidad St John\u2019s, de Nueva York, organiz\u00f3 la muestra Another Point of View, una extensa retrospectiva de sus 30 a\u00f1os de trabajo gr\u00e1fico. Comisari\u00f3 el evento Footb-All Mix \/ 32 Carteles para un Juego Apasionante para el Mundial de F\u00fatbol de Rusia 2018, con muestras en varios pa\u00edses del mundo. En octubre 2018 ha tenido dos exposiciones retrospectivas simult\u00e1neas: Todo al Rev\u00e9s \/ La Obra Gr\u00e1fica de Felipe Taborda, en Espa\u00f1a, con motivo de Madrid Gr\u00e1fica 2018; y Cara a Tapa \/ La M\u00fasica Visual de Felipe Taborda, como una de las muestras oficiales de la Bienal Internacional del Cartel de M\u00e9xico. Durante m\u00e1s de 40 a\u00f1os ha sido corresponsal internacional de las revistas Novum (Alemania) y Print (USA). Actualmente escribe regularmente para las revistas Experimenta (Espa\u00f1a) y Grafikmagazin (Alemania).<\/p>\n\n\n\n<p>La museograf\u00eda y montaje de la muestra fue dise\u00f1ada por&nbsp;<a href=\"http:\/\/www.not.cl\/\" target=\"_blank\" rel=\"noreferrer noopener\">www.not.cl<\/a><\/p>\n\n\n\n<figure class=\"wp-block-image size-large\"><img decoding=\"async\" width=\"1024\" height=\"683\" src=\"https:\/\/fadeu.urantiacos.cl\/wp-content\/uploads\/2023\/09\/IMG_8882-1024x683.jpg\" alt=\"\" class=\"wp-image-4621\" srcset=\"https:\/\/fadeu.urantiacos.cl\/wp-content\/uploads\/2023\/09\/IMG_8882-1024x683.jpg 1024w, https:\/\/fadeu.urantiacos.cl\/wp-content\/uploads\/2023\/09\/IMG_8882-300x200.jpg 300w, https:\/\/fadeu.urantiacos.cl\/wp-content\/uploads\/2023\/09\/IMG_8882-768x512.jpg 768w, https:\/\/fadeu.urantiacos.cl\/wp-content\/uploads\/2023\/09\/IMG_8882-1536x1024.jpg 1536w, https:\/\/fadeu.urantiacos.cl\/wp-content\/uploads\/2023\/09\/IMG_8882-2048x1365.jpg 2048w, https:\/\/fadeu.urantiacos.cl\/wp-content\/uploads\/2023\/09\/IMG_8882-scaled.jpg 1600w\" sizes=\"(max-width: 1024px) 100vw, 1024px\" \/><\/figure>\n\n\n\n<figure class=\"wp-block-image size-large\"><img decoding=\"async\" width=\"1024\" height=\"683\" src=\"https:\/\/fadeu.urantiacos.cl\/wp-content\/uploads\/2023\/09\/3Y2B0063-1024x683.jpg\" alt=\"\" class=\"wp-image-4622\" srcset=\"https:\/\/fadeu.urantiacos.cl\/wp-content\/uploads\/2023\/09\/3Y2B0063-1024x683.jpg 1024w, https:\/\/fadeu.urantiacos.cl\/wp-content\/uploads\/2023\/09\/3Y2B0063-300x200.jpg 300w, https:\/\/fadeu.urantiacos.cl\/wp-content\/uploads\/2023\/09\/3Y2B0063-768x512.jpg 768w, https:\/\/fadeu.urantiacos.cl\/wp-content\/uploads\/2023\/09\/3Y2B0063-1536x1024.jpg 1536w, https:\/\/fadeu.urantiacos.cl\/wp-content\/uploads\/2023\/09\/3Y2B0063-2048x1365.jpg 2048w, https:\/\/fadeu.urantiacos.cl\/wp-content\/uploads\/2023\/09\/3Y2B0063-scaled.jpg 1600w\" sizes=\"(max-width: 1024px) 100vw, 1024px\" \/><\/figure>\n\n\n\n<figure class=\"wp-block-image size-large\"><img decoding=\"async\" width=\"1024\" height=\"683\" src=\"https:\/\/fadeu.urantiacos.cl\/wp-content\/uploads\/2023\/09\/3Y2B0112-1024x683.jpg\" alt=\"\" class=\"wp-image-4623\" srcset=\"https:\/\/fadeu.urantiacos.cl\/wp-content\/uploads\/2023\/09\/3Y2B0112-1024x683.jpg 1024w, https:\/\/fadeu.urantiacos.cl\/wp-content\/uploads\/2023\/09\/3Y2B0112-300x200.jpg 300w, https:\/\/fadeu.urantiacos.cl\/wp-content\/uploads\/2023\/09\/3Y2B0112-768x512.jpg 768w, https:\/\/fadeu.urantiacos.cl\/wp-content\/uploads\/2023\/09\/3Y2B0112-1536x1024.jpg 1536w, https:\/\/fadeu.urantiacos.cl\/wp-content\/uploads\/2023\/09\/3Y2B0112-2048x1365.jpg 2048w, https:\/\/fadeu.urantiacos.cl\/wp-content\/uploads\/2023\/09\/3Y2B0112-scaled.jpg 1600w\" sizes=\"(max-width: 1024px) 100vw, 1024px\" \/><\/figure>\n\n\n\n<p>INFORMACI\u00d3N PERIOD\u00cdSTICA<br>JUAN ANDR\u00c9S INZUNZA<\/p>\n","protected":false},"excerpt":{"rendered":"<p>La semana pasada, la Facultad de Arquitectura, Dise\u00f1o y Estudios Urbanos (FADEU) recibi\u00f3 la visita del reconocido dise\u00f1ador gr\u00e1fico brasilero, Felipe Taborda, quien estuvo en Chile para la inauguraci\u00f3n de la exposici\u00f3n \u201cEl Dise\u00f1o es el mensaje: El arte gr\u00e1fico de Felipe Taborda\u201d, la cual se encuentra en la Galer\u00eda GALLO del campus Lo Contador hasta el 5 de agosto.<\/p>\n","protected":false},"author":1,"featured_media":4620,"comment_status":"open","ping_status":"open","sticky":false,"template":"","format":"standard","meta":{"_acf_changed":false,"footnotes":""},"categories":[1],"tags":[],"class_list":["post-4619","post","type-post","status-publish","format-standard","has-post-thumbnail","hentry","category-sin-categorizar"],"acf":[],"yoast_head":"<!-- This site is optimized with the Yoast SEO plugin v27.1.1 - https:\/\/yoast.com\/product\/yoast-seo-wordpress\/ -->\n<title>Dise\u00f1ador Felipe Taborda visit\u00f3 el campus Lo Contador y expuso su trabajo en la Galer\u00eda Gallo - Facultad de Arquitectura, Dise\u00f1o y Estudios Urbanos<\/title>\n<meta name=\"description\" content=\"La semana pasada, la Facultad de Arquitectura, Dise\u00f1o y Estudios Urbanos (FADEU) recibi\u00f3 la visita del reconocido dise\u00f1ador gr\u00e1fico brasilero, Felipe Taborda, quien estuvo en Chile para la inauguraci\u00f3n de la exposici\u00f3n \u201cEl Dise\u00f1o es el mensaje: El arte gr\u00e1fico de Felipe Taborda\u201d, la cual se encuentra en la Galer\u00eda GALLO del campus Lo Contador hasta el 5 de agosto.\" \/>\n<meta name=\"robots\" content=\"index, follow, max-snippet:-1, max-image-preview:large, max-video-preview:-1\" \/>\n<link rel=\"canonical\" href=\"https:\/\/fadeu.urantiacos.cl\/en\/2022\/07\/04\/disenador-felipe-taborda-visito-el-campus-lo-contador-y-expuso-su-trabajo-en-la-galeria-gallo\/\" \/>\n<meta property=\"og:locale\" content=\"en_US\" \/>\n<meta property=\"og:type\" content=\"article\" \/>\n<meta property=\"og:title\" content=\"Dise\u00f1ador Felipe Taborda visit\u00f3 el campus Lo Contador y expuso su trabajo en la Galer\u00eda Gallo - Facultad de Arquitectura, Dise\u00f1o y Estudios Urbanos\" \/>\n<meta property=\"og:description\" content=\"La semana pasada, la Facultad de Arquitectura, Dise\u00f1o y Estudios Urbanos (FADEU) recibi\u00f3 la visita del reconocido dise\u00f1ador gr\u00e1fico brasilero, Felipe Taborda, quien estuvo en Chile para la inauguraci\u00f3n de la exposici\u00f3n \u201cEl Dise\u00f1o es el mensaje: El arte gr\u00e1fico de Felipe Taborda\u201d, la cual se encuentra en la Galer\u00eda GALLO del campus Lo Contador hasta el 5 de agosto.\" \/>\n<meta property=\"og:url\" content=\"https:\/\/fadeu.urantiacos.cl\/en\/2022\/07\/04\/disenador-felipe-taborda-visito-el-campus-lo-contador-y-expuso-su-trabajo-en-la-galeria-gallo\/\" \/>\n<meta property=\"og:site_name\" content=\"Facultad de Arquitectura, Dise\u00f1o y Estudios Urbanos\" \/>\n<meta property=\"article:published_time\" content=\"2022-07-04T19:54:00+00:00\" \/>\n<meta property=\"article:modified_time\" content=\"2023-09-04T19:59:39+00:00\" \/>\n<meta property=\"og:image\" content=\"https:\/\/fadeu.urantiacos.cl\/wp-content\/uploads\/2023\/09\/FELIPE_TABORDA_WEB.jpg\" \/>\n\t<meta property=\"og:image:width\" content=\"350\" \/>\n\t<meta property=\"og:image:height\" content=\"250\" \/>\n\t<meta property=\"og:image:type\" content=\"image\/jpeg\" \/>\n<meta name=\"author\" content=\"manadmin\" \/>\n<meta name=\"twitter:card\" content=\"summary_large_image\" \/>\n<meta name=\"twitter:label1\" content=\"Written by\" \/>\n\t<meta name=\"twitter:data1\" content=\"manadmin\" \/>\n\t<meta name=\"twitter:label2\" content=\"Est. reading time\" \/>\n\t<meta name=\"twitter:data2\" content=\"3 minutes\" \/>\n<script type=\"application\/ld+json\" class=\"yoast-schema-graph\">{\"@context\":\"https:\/\/schema.org\",\"@graph\":[{\"@type\":\"Article\",\"@id\":\"https:\/\/fadeu.urantiacos.cl\/en\/2022\/07\/04\/disenador-felipe-taborda-visito-el-campus-lo-contador-y-expuso-su-trabajo-en-la-galeria-gallo\/#article\",\"isPartOf\":{\"@id\":\"https:\/\/fadeu.urantiacos.cl\/en\/2022\/07\/04\/disenador-felipe-taborda-visito-el-campus-lo-contador-y-expuso-su-trabajo-en-la-galeria-gallo\/\"},\"author\":{\"name\":\"manadmin\",\"@id\":\"https:\/\/fadeu.urantiacos.cl\/en\/#\/schema\/person\/d203e2e84b1c40275eac77b3061a19a2\"},\"headline\":\"Dise\u00f1ador Felipe Taborda visit\u00f3 el campus Lo Contador y expuso su trabajo en la Galer\u00eda Gallo\",\"datePublished\":\"2022-07-04T19:54:00+00:00\",\"dateModified\":\"2023-09-04T19:59:39+00:00\",\"mainEntityOfPage\":{\"@id\":\"https:\/\/fadeu.urantiacos.cl\/en\/2022\/07\/04\/disenador-felipe-taborda-visito-el-campus-lo-contador-y-expuso-su-trabajo-en-la-galeria-gallo\/\"},\"wordCount\":558,\"commentCount\":0,\"image\":{\"@id\":\"https:\/\/fadeu.urantiacos.cl\/en\/2022\/07\/04\/disenador-felipe-taborda-visito-el-campus-lo-contador-y-expuso-su-trabajo-en-la-galeria-gallo\/#primaryimage\"},\"thumbnailUrl\":\"https:\/\/fadeu.urantiacos.cl\/wp-content\/uploads\/2023\/09\/FELIPE_TABORDA_WEB.jpg\",\"articleSection\":[\"Sin categorizar\"],\"inLanguage\":\"en-US\",\"potentialAction\":[{\"@type\":\"CommentAction\",\"name\":\"Comment\",\"target\":[\"https:\/\/fadeu.urantiacos.cl\/en\/2022\/07\/04\/disenador-felipe-taborda-visito-el-campus-lo-contador-y-expuso-su-trabajo-en-la-galeria-gallo\/#respond\"]}]},{\"@type\":\"WebPage\",\"@id\":\"https:\/\/fadeu.urantiacos.cl\/en\/2022\/07\/04\/disenador-felipe-taborda-visito-el-campus-lo-contador-y-expuso-su-trabajo-en-la-galeria-gallo\/\",\"url\":\"https:\/\/fadeu.urantiacos.cl\/en\/2022\/07\/04\/disenador-felipe-taborda-visito-el-campus-lo-contador-y-expuso-su-trabajo-en-la-galeria-gallo\/\",\"name\":\"Dise\u00f1ador Felipe Taborda visit\u00f3 el campus Lo Contador y expuso su trabajo en la Galer\u00eda Gallo - Facultad de Arquitectura, Dise\u00f1o y Estudios Urbanos\",\"isPartOf\":{\"@id\":\"https:\/\/fadeu.urantiacos.cl\/en\/#website\"},\"primaryImageOfPage\":{\"@id\":\"https:\/\/fadeu.urantiacos.cl\/en\/2022\/07\/04\/disenador-felipe-taborda-visito-el-campus-lo-contador-y-expuso-su-trabajo-en-la-galeria-gallo\/#primaryimage\"},\"image\":{\"@id\":\"https:\/\/fadeu.urantiacos.cl\/en\/2022\/07\/04\/disenador-felipe-taborda-visito-el-campus-lo-contador-y-expuso-su-trabajo-en-la-galeria-gallo\/#primaryimage\"},\"thumbnailUrl\":\"https:\/\/fadeu.urantiacos.cl\/wp-content\/uploads\/2023\/09\/FELIPE_TABORDA_WEB.jpg\",\"datePublished\":\"2022-07-04T19:54:00+00:00\",\"dateModified\":\"2023-09-04T19:59:39+00:00\",\"author\":{\"@id\":\"https:\/\/fadeu.urantiacos.cl\/en\/#\/schema\/person\/d203e2e84b1c40275eac77b3061a19a2\"},\"description\":\"La semana pasada, la Facultad de Arquitectura, Dise\u00f1o y Estudios Urbanos (FADEU) recibi\u00f3 la visita del reconocido dise\u00f1ador gr\u00e1fico brasilero, Felipe Taborda, quien estuvo en Chile para la inauguraci\u00f3n de la exposici\u00f3n \u201cEl Dise\u00f1o es el mensaje: El arte gr\u00e1fico de Felipe Taborda\u201d, la cual se encuentra en la Galer\u00eda GALLO del campus Lo Contador hasta el 5 de agosto.\",\"breadcrumb\":{\"@id\":\"https:\/\/fadeu.urantiacos.cl\/en\/2022\/07\/04\/disenador-felipe-taborda-visito-el-campus-lo-contador-y-expuso-su-trabajo-en-la-galeria-gallo\/#breadcrumb\"},\"inLanguage\":\"en-US\",\"potentialAction\":[{\"@type\":\"ReadAction\",\"target\":[\"https:\/\/fadeu.urantiacos.cl\/en\/2022\/07\/04\/disenador-felipe-taborda-visito-el-campus-lo-contador-y-expuso-su-trabajo-en-la-galeria-gallo\/\"]}]},{\"@type\":\"ImageObject\",\"inLanguage\":\"en-US\",\"@id\":\"https:\/\/fadeu.urantiacos.cl\/en\/2022\/07\/04\/disenador-felipe-taborda-visito-el-campus-lo-contador-y-expuso-su-trabajo-en-la-galeria-gallo\/#primaryimage\",\"url\":\"https:\/\/fadeu.urantiacos.cl\/wp-content\/uploads\/2023\/09\/FELIPE_TABORDA_WEB.jpg\",\"contentUrl\":\"https:\/\/fadeu.urantiacos.cl\/wp-content\/uploads\/2023\/09\/FELIPE_TABORDA_WEB.jpg\",\"width\":350,\"height\":250},{\"@type\":\"BreadcrumbList\",\"@id\":\"https:\/\/fadeu.urantiacos.cl\/en\/2022\/07\/04\/disenador-felipe-taborda-visito-el-campus-lo-contador-y-expuso-su-trabajo-en-la-galeria-gallo\/#breadcrumb\",\"itemListElement\":[{\"@type\":\"ListItem\",\"position\":1,\"name\":\"Portada\",\"item\":\"https:\/\/fadeu.urantiacos.cl\/en\/\"},{\"@type\":\"ListItem\",\"position\":2,\"name\":\"Dise\u00f1ador Felipe Taborda visit\u00f3 el campus Lo Contador y expuso su trabajo en la Galer\u00eda Gallo\"}]},{\"@type\":\"WebSite\",\"@id\":\"https:\/\/fadeu.urantiacos.cl\/en\/#website\",\"url\":\"https:\/\/fadeu.urantiacos.cl\/en\/\",\"name\":\"Facultad de Arquitectura, Dise\u00f1o y Estudios Urbanos\",\"description\":\"Campus Lo Contador\",\"potentialAction\":[{\"@type\":\"SearchAction\",\"target\":{\"@type\":\"EntryPoint\",\"urlTemplate\":\"https:\/\/fadeu.urantiacos.cl\/en\/?s={search_term_string}\"},\"query-input\":{\"@type\":\"PropertyValueSpecification\",\"valueRequired\":true,\"valueName\":\"search_term_string\"}}],\"inLanguage\":\"en-US\"},{\"@type\":\"Person\",\"@id\":\"https:\/\/fadeu.urantiacos.cl\/en\/#\/schema\/person\/d203e2e84b1c40275eac77b3061a19a2\",\"name\":\"manadmin\",\"image\":{\"@type\":\"ImageObject\",\"inLanguage\":\"en-US\",\"@id\":\"https:\/\/fadeu.urantiacos.cl\/en\/#\/schema\/person\/image\/\",\"url\":\"https:\/\/secure.gravatar.com\/avatar\/4b1d8e3303b4a9d8968ac578947d8bc80d9aea359f388cdd4aac15cadc0e8447?s=96&d=mm&r=g\",\"contentUrl\":\"https:\/\/secure.gravatar.com\/avatar\/4b1d8e3303b4a9d8968ac578947d8bc80d9aea359f388cdd4aac15cadc0e8447?s=96&d=mm&r=g\",\"caption\":\"manadmin\"},\"sameAs\":[\"https:\/\/fadeu.urantiacos.cl\"]}]}<\/script>\n<!-- \/ Yoast SEO plugin. -->","yoast_head_json":{"title":"Dise\u00f1ador Felipe Taborda visit\u00f3 el campus Lo Contador y expuso su trabajo en la Galer\u00eda Gallo - Facultad de Arquitectura, Dise\u00f1o y Estudios Urbanos","description":"La semana pasada, la Facultad de Arquitectura, Dise\u00f1o y Estudios Urbanos (FADEU) recibi\u00f3 la visita del reconocido dise\u00f1ador gr\u00e1fico brasilero, Felipe Taborda, quien estuvo en Chile para la inauguraci\u00f3n de la exposici\u00f3n \u201cEl Dise\u00f1o es el mensaje: El arte gr\u00e1fico de Felipe Taborda\u201d, la cual se encuentra en la Galer\u00eda GALLO del campus Lo Contador hasta el 5 de agosto.","robots":{"index":"index","follow":"follow","max-snippet":"max-snippet:-1","max-image-preview":"max-image-preview:large","max-video-preview":"max-video-preview:-1"},"canonical":"https:\/\/fadeu.urantiacos.cl\/en\/2022\/07\/04\/disenador-felipe-taborda-visito-el-campus-lo-contador-y-expuso-su-trabajo-en-la-galeria-gallo\/","og_locale":"en_US","og_type":"article","og_title":"Dise\u00f1ador Felipe Taborda visit\u00f3 el campus Lo Contador y expuso su trabajo en la Galer\u00eda Gallo - Facultad de Arquitectura, Dise\u00f1o y Estudios Urbanos","og_description":"La semana pasada, la Facultad de Arquitectura, Dise\u00f1o y Estudios Urbanos (FADEU) recibi\u00f3 la visita del reconocido dise\u00f1ador gr\u00e1fico brasilero, Felipe Taborda, quien estuvo en Chile para la inauguraci\u00f3n de la exposici\u00f3n \u201cEl Dise\u00f1o es el mensaje: El arte gr\u00e1fico de Felipe Taborda\u201d, la cual se encuentra en la Galer\u00eda GALLO del campus Lo Contador hasta el 5 de agosto.","og_url":"https:\/\/fadeu.urantiacos.cl\/en\/2022\/07\/04\/disenador-felipe-taborda-visito-el-campus-lo-contador-y-expuso-su-trabajo-en-la-galeria-gallo\/","og_site_name":"Facultad de Arquitectura, Dise\u00f1o y Estudios Urbanos","article_published_time":"2022-07-04T19:54:00+00:00","article_modified_time":"2023-09-04T19:59:39+00:00","og_image":[{"width":350,"height":250,"url":"https:\/\/fadeu.urantiacos.cl\/wp-content\/uploads\/2023\/09\/FELIPE_TABORDA_WEB.jpg","type":"image\/jpeg"}],"author":"manadmin","twitter_card":"summary_large_image","twitter_misc":{"Written by":"manadmin","Est. reading time":"3 minutes"},"schema":{"@context":"https:\/\/schema.org","@graph":[{"@type":"Article","@id":"https:\/\/fadeu.urantiacos.cl\/en\/2022\/07\/04\/disenador-felipe-taborda-visito-el-campus-lo-contador-y-expuso-su-trabajo-en-la-galeria-gallo\/#article","isPartOf":{"@id":"https:\/\/fadeu.urantiacos.cl\/en\/2022\/07\/04\/disenador-felipe-taborda-visito-el-campus-lo-contador-y-expuso-su-trabajo-en-la-galeria-gallo\/"},"author":{"name":"manadmin","@id":"https:\/\/fadeu.urantiacos.cl\/en\/#\/schema\/person\/d203e2e84b1c40275eac77b3061a19a2"},"headline":"Dise\u00f1ador Felipe Taborda visit\u00f3 el campus Lo Contador y expuso su trabajo en la Galer\u00eda Gallo","datePublished":"2022-07-04T19:54:00+00:00","dateModified":"2023-09-04T19:59:39+00:00","mainEntityOfPage":{"@id":"https:\/\/fadeu.urantiacos.cl\/en\/2022\/07\/04\/disenador-felipe-taborda-visito-el-campus-lo-contador-y-expuso-su-trabajo-en-la-galeria-gallo\/"},"wordCount":558,"commentCount":0,"image":{"@id":"https:\/\/fadeu.urantiacos.cl\/en\/2022\/07\/04\/disenador-felipe-taborda-visito-el-campus-lo-contador-y-expuso-su-trabajo-en-la-galeria-gallo\/#primaryimage"},"thumbnailUrl":"https:\/\/fadeu.urantiacos.cl\/wp-content\/uploads\/2023\/09\/FELIPE_TABORDA_WEB.jpg","articleSection":["Sin categorizar"],"inLanguage":"en-US","potentialAction":[{"@type":"CommentAction","name":"Comment","target":["https:\/\/fadeu.urantiacos.cl\/en\/2022\/07\/04\/disenador-felipe-taborda-visito-el-campus-lo-contador-y-expuso-su-trabajo-en-la-galeria-gallo\/#respond"]}]},{"@type":"WebPage","@id":"https:\/\/fadeu.urantiacos.cl\/en\/2022\/07\/04\/disenador-felipe-taborda-visito-el-campus-lo-contador-y-expuso-su-trabajo-en-la-galeria-gallo\/","url":"https:\/\/fadeu.urantiacos.cl\/en\/2022\/07\/04\/disenador-felipe-taborda-visito-el-campus-lo-contador-y-expuso-su-trabajo-en-la-galeria-gallo\/","name":"Dise\u00f1ador Felipe Taborda visit\u00f3 el campus Lo Contador y expuso su trabajo en la Galer\u00eda Gallo - Facultad de Arquitectura, Dise\u00f1o y Estudios Urbanos","isPartOf":{"@id":"https:\/\/fadeu.urantiacos.cl\/en\/#website"},"primaryImageOfPage":{"@id":"https:\/\/fadeu.urantiacos.cl\/en\/2022\/07\/04\/disenador-felipe-taborda-visito-el-campus-lo-contador-y-expuso-su-trabajo-en-la-galeria-gallo\/#primaryimage"},"image":{"@id":"https:\/\/fadeu.urantiacos.cl\/en\/2022\/07\/04\/disenador-felipe-taborda-visito-el-campus-lo-contador-y-expuso-su-trabajo-en-la-galeria-gallo\/#primaryimage"},"thumbnailUrl":"https:\/\/fadeu.urantiacos.cl\/wp-content\/uploads\/2023\/09\/FELIPE_TABORDA_WEB.jpg","datePublished":"2022-07-04T19:54:00+00:00","dateModified":"2023-09-04T19:59:39+00:00","author":{"@id":"https:\/\/fadeu.urantiacos.cl\/en\/#\/schema\/person\/d203e2e84b1c40275eac77b3061a19a2"},"description":"La semana pasada, la Facultad de Arquitectura, Dise\u00f1o y Estudios Urbanos (FADEU) recibi\u00f3 la visita del reconocido dise\u00f1ador gr\u00e1fico brasilero, Felipe Taborda, quien estuvo en Chile para la inauguraci\u00f3n de la exposici\u00f3n \u201cEl Dise\u00f1o es el mensaje: El arte gr\u00e1fico de Felipe Taborda\u201d, la cual se encuentra en la Galer\u00eda GALLO del campus Lo Contador hasta el 5 de agosto.","breadcrumb":{"@id":"https:\/\/fadeu.urantiacos.cl\/en\/2022\/07\/04\/disenador-felipe-taborda-visito-el-campus-lo-contador-y-expuso-su-trabajo-en-la-galeria-gallo\/#breadcrumb"},"inLanguage":"en-US","potentialAction":[{"@type":"ReadAction","target":["https:\/\/fadeu.urantiacos.cl\/en\/2022\/07\/04\/disenador-felipe-taborda-visito-el-campus-lo-contador-y-expuso-su-trabajo-en-la-galeria-gallo\/"]}]},{"@type":"ImageObject","inLanguage":"en-US","@id":"https:\/\/fadeu.urantiacos.cl\/en\/2022\/07\/04\/disenador-felipe-taborda-visito-el-campus-lo-contador-y-expuso-su-trabajo-en-la-galeria-gallo\/#primaryimage","url":"https:\/\/fadeu.urantiacos.cl\/wp-content\/uploads\/2023\/09\/FELIPE_TABORDA_WEB.jpg","contentUrl":"https:\/\/fadeu.urantiacos.cl\/wp-content\/uploads\/2023\/09\/FELIPE_TABORDA_WEB.jpg","width":350,"height":250},{"@type":"BreadcrumbList","@id":"https:\/\/fadeu.urantiacos.cl\/en\/2022\/07\/04\/disenador-felipe-taborda-visito-el-campus-lo-contador-y-expuso-su-trabajo-en-la-galeria-gallo\/#breadcrumb","itemListElement":[{"@type":"ListItem","position":1,"name":"Portada","item":"https:\/\/fadeu.urantiacos.cl\/en\/"},{"@type":"ListItem","position":2,"name":"Dise\u00f1ador Felipe Taborda visit\u00f3 el campus Lo Contador y expuso su trabajo en la Galer\u00eda Gallo"}]},{"@type":"WebSite","@id":"https:\/\/fadeu.urantiacos.cl\/en\/#website","url":"https:\/\/fadeu.urantiacos.cl\/en\/","name":"Facultad de Arquitectura, Dise\u00f1o y Estudios Urbanos","description":"Campus Lo Contador","potentialAction":[{"@type":"SearchAction","target":{"@type":"EntryPoint","urlTemplate":"https:\/\/fadeu.urantiacos.cl\/en\/?s={search_term_string}"},"query-input":{"@type":"PropertyValueSpecification","valueRequired":true,"valueName":"search_term_string"}}],"inLanguage":"en-US"},{"@type":"Person","@id":"https:\/\/fadeu.urantiacos.cl\/en\/#\/schema\/person\/d203e2e84b1c40275eac77b3061a19a2","name":"manadmin","image":{"@type":"ImageObject","inLanguage":"en-US","@id":"https:\/\/fadeu.urantiacos.cl\/en\/#\/schema\/person\/image\/","url":"https:\/\/secure.gravatar.com\/avatar\/4b1d8e3303b4a9d8968ac578947d8bc80d9aea359f388cdd4aac15cadc0e8447?s=96&d=mm&r=g","contentUrl":"https:\/\/secure.gravatar.com\/avatar\/4b1d8e3303b4a9d8968ac578947d8bc80d9aea359f388cdd4aac15cadc0e8447?s=96&d=mm&r=g","caption":"manadmin"},"sameAs":["https:\/\/fadeu.urantiacos.cl"]}]}},"_links":{"self":[{"href":"https:\/\/fadeu.urantiacos.cl\/en\/wp-json\/wp\/v2\/posts\/4619","targetHints":{"allow":["GET"]}}],"collection":[{"href":"https:\/\/fadeu.urantiacos.cl\/en\/wp-json\/wp\/v2\/posts"}],"about":[{"href":"https:\/\/fadeu.urantiacos.cl\/en\/wp-json\/wp\/v2\/types\/post"}],"author":[{"embeddable":true,"href":"https:\/\/fadeu.urantiacos.cl\/en\/wp-json\/wp\/v2\/users\/1"}],"replies":[{"embeddable":true,"href":"https:\/\/fadeu.urantiacos.cl\/en\/wp-json\/wp\/v2\/comments?post=4619"}],"version-history":[{"count":1,"href":"https:\/\/fadeu.urantiacos.cl\/en\/wp-json\/wp\/v2\/posts\/4619\/revisions"}],"predecessor-version":[{"id":4624,"href":"https:\/\/fadeu.urantiacos.cl\/en\/wp-json\/wp\/v2\/posts\/4619\/revisions\/4624"}],"wp:featuredmedia":[{"embeddable":true,"href":"https:\/\/fadeu.urantiacos.cl\/en\/wp-json\/wp\/v2\/media\/4620"}],"wp:attachment":[{"href":"https:\/\/fadeu.urantiacos.cl\/en\/wp-json\/wp\/v2\/media?parent=4619"}],"wp:term":[{"taxonomy":"category","embeddable":true,"href":"https:\/\/fadeu.urantiacos.cl\/en\/wp-json\/wp\/v2\/categories?post=4619"},{"taxonomy":"post_tag","embeddable":true,"href":"https:\/\/fadeu.urantiacos.cl\/en\/wp-json\/wp\/v2\/tags?post=4619"}],"curies":[{"name":"wp","href":"https:\/\/api.w.org\/{rel}","templated":true}]}}