{"id":4613,"date":"2022-07-04T16:50:00","date_gmt":"2022-07-04T19:50:00","guid":{"rendered":"https:\/\/fadeu.urantiacos.cl\/?p=4613"},"modified":"2023-09-04T16:54:18","modified_gmt":"2023-09-04T19:54:18","slug":"estudiantes-de-magister-reciben-mencion-honrosa-en-concurso-cumulus-green","status":"publish","type":"post","link":"https:\/\/fadeu.urantiacos.cl\/en\/2022\/07\/04\/estudiantes-de-magister-reciben-mencion-honrosa-en-concurso-cumulus-green\/","title":{"rendered":"Estudiantes de Mag\u00cdster reciben menci\u00f3n honrosa en Concurso Cumulus Green"},"content":{"rendered":"\n<figure class=\"wp-block-image size-full\"><img decoding=\"async\" width=\"350\" height=\"250\" src=\"https:\/\/fadeu.urantiacos.cl\/wp-content\/uploads\/2023\/09\/web_Captura-de-Pantalla-2022-06-29-a-las-16.04.44.png\" alt=\"\" class=\"wp-image-4614\" srcset=\"https:\/\/fadeu.urantiacos.cl\/wp-content\/uploads\/2023\/09\/web_Captura-de-Pantalla-2022-06-29-a-las-16.04.44.png 350w, https:\/\/fadeu.urantiacos.cl\/wp-content\/uploads\/2023\/09\/web_Captura-de-Pantalla-2022-06-29-a-las-16.04.44-300x214.png 300w\" sizes=\"(max-width: 350px) 100vw, 350px\" \/><\/figure>\n\n\n\n<p>Como copresidentes de la competencia, el acad\u00e9mico de Dise\u00f1o UC,&nbsp;<a href=\"https:\/\/diseno.uc.cl\/persona\/allard-jose-manuel\/\">Jose Allard&nbsp;<\/a>y Anne Pikkov, Vicerrectora de Asuntos Acad\u00e9micos&nbsp;de la Academia de Arte de Estonia&nbsp;comentaron: \u201cEn tiempos de crisis y cambios acelerados, Cumulus Green representa una invitaci\u00f3n a repensar el significado y el prop\u00f3sito del Dise\u00f1o al enfrentar los desaf\u00edos \u201cpara el mundo real\u201d basado en los Objetivos de Desarrollo Sostenible de la ONU. Cumulus Green 2022 se centra en SDG2: Zero Hunger. La competencia lo invita a asumir las muchas oportunidades interrelacionadas que vienen con el desaf\u00edo de imaginar lo que se necesitar\u00eda para garantizar que 9 mil millones de personas en todo el mundo no pasen hambre. M\u00e1s que una competencia para estudiantes de dise\u00f1o, Cumulus Green es una ventana global hacia el futuro del dise\u00f1o\u201d.<\/p>\n\n\n\n<p>Bajo esta premisa, el concurso Cumulus Green&nbsp;<a href=\"https:\/\/cumulusgreen.org\/\">Nurturing Our Planet<\/a>, busc\u00f3 identificar ideas y proyectos que promovieran la seguridad alimentaria, mejorar la nutrici\u00f3n, adem\u00e1s de la agricultura sostenible.<\/p>\n\n\n\n<p><strong>El proyecto<\/strong><br><br>AirGardens.NutritingOurPlanet, se llama el proyecto que obtuvo una de las Menciones Honrosas del concurso. Se trata de un sistema modular de cultivos flotantes que, a trav\u00e9s de tensoestructuras textiles, permite captar la niebla, aumentando el espacio \u00fatil de desierto.<\/p>\n\n\n\n<p>El proyecto naci\u00f3 dentro del workshop internacional de cinco d\u00edas, AgroLab, a cargo de Freddy Zapata y la profesora&nbsp;<a href=\"https:\/\/diseno.uc.cl\/persona\/rios-camila\/\">Camila R\u00edos<\/a>&nbsp;el a\u00f1o 2021.<\/p>\n\n\n\n<figure class=\"wp-block-image size-full is-resized\"><img decoding=\"async\" src=\"https:\/\/fadeu.urantiacos.cl\/wp-content\/uploads\/2023\/09\/Captura-de-Pantalla-2022-06-29-a-las-16.04.44.png\" alt=\"\" class=\"wp-image-4615\" style=\"width:1051px;height:440px\" width=\"1051\" height=\"440\"\/><\/figure>\n\n\n\n<figure class=\"wp-block-image size-full\"><img decoding=\"async\" width=\"842\" height=\"428\" src=\"https:\/\/fadeu.urantiacos.cl\/wp-content\/uploads\/2023\/09\/Captura-de-Pantalla-2022-06-29-a-las-16.04.58.png\" alt=\"\" class=\"wp-image-4616\" srcset=\"https:\/\/fadeu.urantiacos.cl\/wp-content\/uploads\/2023\/09\/Captura-de-Pantalla-2022-06-29-a-las-16.04.58.png 842w, https:\/\/fadeu.urantiacos.cl\/wp-content\/uploads\/2023\/09\/Captura-de-Pantalla-2022-06-29-a-las-16.04.58-300x152.png 300w, https:\/\/fadeu.urantiacos.cl\/wp-content\/uploads\/2023\/09\/Captura-de-Pantalla-2022-06-29-a-las-16.04.58-768x390.png 768w\" sizes=\"(max-width: 842px) 100vw, 842px\" \/><\/figure>\n\n\n\n<figure class=\"wp-block-image size-full\"><img decoding=\"async\" width=\"839\" height=\"342\" src=\"https:\/\/fadeu.urantiacos.cl\/wp-content\/uploads\/2023\/09\/Captura-de-Pantalla-2022-06-29-a-las-16.12.19.png\" alt=\"\" class=\"wp-image-4617\" srcset=\"https:\/\/fadeu.urantiacos.cl\/wp-content\/uploads\/2023\/09\/Captura-de-Pantalla-2022-06-29-a-las-16.12.19.png 839w, https:\/\/fadeu.urantiacos.cl\/wp-content\/uploads\/2023\/09\/Captura-de-Pantalla-2022-06-29-a-las-16.12.19-300x122.png 300w, https:\/\/fadeu.urantiacos.cl\/wp-content\/uploads\/2023\/09\/Captura-de-Pantalla-2022-06-29-a-las-16.12.19-768x313.png 768w\" sizes=\"(max-width: 839px) 100vw, 839px\" \/><\/figure>\n","protected":false},"excerpt":{"rendered":"<p>Los estudiantes del Magister en Dise\u00f1o Avanzado UC, Javier Mu\u00f1oz, Ana Mar\u00eda Montero y Jos\u00e9 Tom\u00e1s Marchant, fueron reconocidos con una menci\u00f3n honrosa en el concurso internacional Cumulus Green 2022, cuyo foco se centra en el segundo de los Objetivos de Desarrollo Sostenible planteado por la ONU, Hambre Cero.<\/p>\n","protected":false},"author":1,"featured_media":4614,"comment_status":"open","ping_status":"open","sticky":false,"template":"","format":"standard","meta":{"_acf_changed":false,"footnotes":""},"categories":[1],"tags":[],"class_list":["post-4613","post","type-post","status-publish","format-standard","has-post-thumbnail","hentry","category-sin-categorizar"],"acf":[],"yoast_head":"<!-- This site is optimized with the Yoast SEO plugin v27.1.1 - https:\/\/yoast.com\/product\/yoast-seo-wordpress\/ -->\n<title>Estudiantes de Mag\u00cdster reciben menci\u00f3n honrosa en Concurso Cumulus Green - Facultad de Arquitectura, Dise\u00f1o y Estudios Urbanos<\/title>\n<meta name=\"description\" content=\"Los estudiantes del Magister en Dise\u00f1o Avanzado UC, Javier Mu\u00f1oz, Ana Mar\u00eda Montero y Jos\u00e9 Tom\u00e1s Marchant, fueron reconocidos con una menci\u00f3n honrosa en el concurso internacional Cumulus Green 2022, cuyo foco se centra en el segundo de los Objetivos de Desarrollo Sostenible planteado por la ONU, Hambre Cero.\" \/>\n<meta name=\"robots\" content=\"index, follow, max-snippet:-1, max-image-preview:large, max-video-preview:-1\" \/>\n<link rel=\"canonical\" href=\"https:\/\/fadeu.urantiacos.cl\/en\/2022\/07\/04\/estudiantes-de-magister-reciben-mencion-honrosa-en-concurso-cumulus-green\/\" \/>\n<meta property=\"og:locale\" content=\"en_US\" \/>\n<meta property=\"og:type\" content=\"article\" \/>\n<meta property=\"og:title\" content=\"Estudiantes de Mag\u00cdster reciben menci\u00f3n honrosa en Concurso Cumulus Green - Facultad de Arquitectura, Dise\u00f1o y Estudios Urbanos\" \/>\n<meta property=\"og:description\" content=\"Los estudiantes del Magister en Dise\u00f1o Avanzado UC, Javier Mu\u00f1oz, Ana Mar\u00eda Montero y Jos\u00e9 Tom\u00e1s Marchant, fueron reconocidos con una menci\u00f3n honrosa en el concurso internacional Cumulus Green 2022, cuyo foco se centra en el segundo de los Objetivos de Desarrollo Sostenible planteado por la ONU, Hambre Cero.\" \/>\n<meta property=\"og:url\" content=\"https:\/\/fadeu.urantiacos.cl\/en\/2022\/07\/04\/estudiantes-de-magister-reciben-mencion-honrosa-en-concurso-cumulus-green\/\" \/>\n<meta property=\"og:site_name\" content=\"Facultad de Arquitectura, Dise\u00f1o y Estudios Urbanos\" \/>\n<meta property=\"article:published_time\" content=\"2022-07-04T19:50:00+00:00\" \/>\n<meta property=\"article:modified_time\" content=\"2023-09-04T19:54:18+00:00\" \/>\n<meta property=\"og:image\" content=\"https:\/\/fadeu.urantiacos.cl\/wp-content\/uploads\/2023\/09\/web_Captura-de-Pantalla-2022-06-29-a-las-16.04.44.png\" \/>\n\t<meta property=\"og:image:width\" content=\"350\" \/>\n\t<meta property=\"og:image:height\" content=\"250\" \/>\n\t<meta property=\"og:image:type\" content=\"image\/png\" \/>\n<meta name=\"author\" content=\"manadmin\" \/>\n<meta name=\"twitter:card\" content=\"summary_large_image\" \/>\n<meta name=\"twitter:label1\" content=\"Written by\" \/>\n\t<meta name=\"twitter:data1\" content=\"manadmin\" \/>\n\t<meta name=\"twitter:label2\" content=\"Est. reading time\" \/>\n\t<meta name=\"twitter:data2\" content=\"1 minute\" \/>\n<script type=\"application\/ld+json\" class=\"yoast-schema-graph\">{\"@context\":\"https:\/\/schema.org\",\"@graph\":[{\"@type\":\"Article\",\"@id\":\"https:\/\/fadeu.urantiacos.cl\/en\/2022\/07\/04\/estudiantes-de-magister-reciben-mencion-honrosa-en-concurso-cumulus-green\/#article\",\"isPartOf\":{\"@id\":\"https:\/\/fadeu.urantiacos.cl\/en\/2022\/07\/04\/estudiantes-de-magister-reciben-mencion-honrosa-en-concurso-cumulus-green\/\"},\"author\":{\"name\":\"manadmin\",\"@id\":\"https:\/\/fadeu.urantiacos.cl\/en\/#\/schema\/person\/d203e2e84b1c40275eac77b3061a19a2\"},\"headline\":\"Estudiantes de Mag\u00cdster reciben menci\u00f3n honrosa en Concurso Cumulus Green\",\"datePublished\":\"2022-07-04T19:50:00+00:00\",\"dateModified\":\"2023-09-04T19:54:18+00:00\",\"mainEntityOfPage\":{\"@id\":\"https:\/\/fadeu.urantiacos.cl\/en\/2022\/07\/04\/estudiantes-de-magister-reciben-mencion-honrosa-en-concurso-cumulus-green\/\"},\"wordCount\":258,\"commentCount\":0,\"image\":{\"@id\":\"https:\/\/fadeu.urantiacos.cl\/en\/2022\/07\/04\/estudiantes-de-magister-reciben-mencion-honrosa-en-concurso-cumulus-green\/#primaryimage\"},\"thumbnailUrl\":\"https:\/\/fadeu.urantiacos.cl\/wp-content\/uploads\/2023\/09\/web_Captura-de-Pantalla-2022-06-29-a-las-16.04.44.png\",\"articleSection\":[\"Sin categorizar\"],\"inLanguage\":\"en-US\",\"potentialAction\":[{\"@type\":\"CommentAction\",\"name\":\"Comment\",\"target\":[\"https:\/\/fadeu.urantiacos.cl\/en\/2022\/07\/04\/estudiantes-de-magister-reciben-mencion-honrosa-en-concurso-cumulus-green\/#respond\"]}]},{\"@type\":\"WebPage\",\"@id\":\"https:\/\/fadeu.urantiacos.cl\/en\/2022\/07\/04\/estudiantes-de-magister-reciben-mencion-honrosa-en-concurso-cumulus-green\/\",\"url\":\"https:\/\/fadeu.urantiacos.cl\/en\/2022\/07\/04\/estudiantes-de-magister-reciben-mencion-honrosa-en-concurso-cumulus-green\/\",\"name\":\"Estudiantes de Mag\u00cdster reciben menci\u00f3n honrosa en Concurso Cumulus Green - Facultad de Arquitectura, Dise\u00f1o y Estudios Urbanos\",\"isPartOf\":{\"@id\":\"https:\/\/fadeu.urantiacos.cl\/en\/#website\"},\"primaryImageOfPage\":{\"@id\":\"https:\/\/fadeu.urantiacos.cl\/en\/2022\/07\/04\/estudiantes-de-magister-reciben-mencion-honrosa-en-concurso-cumulus-green\/#primaryimage\"},\"image\":{\"@id\":\"https:\/\/fadeu.urantiacos.cl\/en\/2022\/07\/04\/estudiantes-de-magister-reciben-mencion-honrosa-en-concurso-cumulus-green\/#primaryimage\"},\"thumbnailUrl\":\"https:\/\/fadeu.urantiacos.cl\/wp-content\/uploads\/2023\/09\/web_Captura-de-Pantalla-2022-06-29-a-las-16.04.44.png\",\"datePublished\":\"2022-07-04T19:50:00+00:00\",\"dateModified\":\"2023-09-04T19:54:18+00:00\",\"author\":{\"@id\":\"https:\/\/fadeu.urantiacos.cl\/en\/#\/schema\/person\/d203e2e84b1c40275eac77b3061a19a2\"},\"description\":\"Los estudiantes del Magister en Dise\u00f1o Avanzado UC, Javier Mu\u00f1oz, Ana Mar\u00eda Montero y Jos\u00e9 Tom\u00e1s Marchant, fueron reconocidos con una menci\u00f3n honrosa en el concurso internacional Cumulus Green 2022, cuyo foco se centra en el segundo de los Objetivos de Desarrollo Sostenible planteado por la ONU, Hambre Cero.\",\"breadcrumb\":{\"@id\":\"https:\/\/fadeu.urantiacos.cl\/en\/2022\/07\/04\/estudiantes-de-magister-reciben-mencion-honrosa-en-concurso-cumulus-green\/#breadcrumb\"},\"inLanguage\":\"en-US\",\"potentialAction\":[{\"@type\":\"ReadAction\",\"target\":[\"https:\/\/fadeu.urantiacos.cl\/en\/2022\/07\/04\/estudiantes-de-magister-reciben-mencion-honrosa-en-concurso-cumulus-green\/\"]}]},{\"@type\":\"ImageObject\",\"inLanguage\":\"en-US\",\"@id\":\"https:\/\/fadeu.urantiacos.cl\/en\/2022\/07\/04\/estudiantes-de-magister-reciben-mencion-honrosa-en-concurso-cumulus-green\/#primaryimage\",\"url\":\"https:\/\/fadeu.urantiacos.cl\/wp-content\/uploads\/2023\/09\/web_Captura-de-Pantalla-2022-06-29-a-las-16.04.44.png\",\"contentUrl\":\"https:\/\/fadeu.urantiacos.cl\/wp-content\/uploads\/2023\/09\/web_Captura-de-Pantalla-2022-06-29-a-las-16.04.44.png\",\"width\":350,\"height\":250},{\"@type\":\"BreadcrumbList\",\"@id\":\"https:\/\/fadeu.urantiacos.cl\/en\/2022\/07\/04\/estudiantes-de-magister-reciben-mencion-honrosa-en-concurso-cumulus-green\/#breadcrumb\",\"itemListElement\":[{\"@type\":\"ListItem\",\"position\":1,\"name\":\"Portada\",\"item\":\"https:\/\/fadeu.urantiacos.cl\/en\/\"},{\"@type\":\"ListItem\",\"position\":2,\"name\":\"Estudiantes de Mag\u00cdster reciben menci\u00f3n honrosa en Concurso Cumulus Green\"}]},{\"@type\":\"WebSite\",\"@id\":\"https:\/\/fadeu.urantiacos.cl\/en\/#website\",\"url\":\"https:\/\/fadeu.urantiacos.cl\/en\/\",\"name\":\"Facultad de Arquitectura, Dise\u00f1o y Estudios Urbanos\",\"description\":\"Campus Lo Contador\",\"potentialAction\":[{\"@type\":\"SearchAction\",\"target\":{\"@type\":\"EntryPoint\",\"urlTemplate\":\"https:\/\/fadeu.urantiacos.cl\/en\/?s={search_term_string}\"},\"query-input\":{\"@type\":\"PropertyValueSpecification\",\"valueRequired\":true,\"valueName\":\"search_term_string\"}}],\"inLanguage\":\"en-US\"},{\"@type\":\"Person\",\"@id\":\"https:\/\/fadeu.urantiacos.cl\/en\/#\/schema\/person\/d203e2e84b1c40275eac77b3061a19a2\",\"name\":\"manadmin\",\"image\":{\"@type\":\"ImageObject\",\"inLanguage\":\"en-US\",\"@id\":\"https:\/\/fadeu.urantiacos.cl\/en\/#\/schema\/person\/image\/\",\"url\":\"https:\/\/secure.gravatar.com\/avatar\/4b1d8e3303b4a9d8968ac578947d8bc80d9aea359f388cdd4aac15cadc0e8447?s=96&d=mm&r=g\",\"contentUrl\":\"https:\/\/secure.gravatar.com\/avatar\/4b1d8e3303b4a9d8968ac578947d8bc80d9aea359f388cdd4aac15cadc0e8447?s=96&d=mm&r=g\",\"caption\":\"manadmin\"},\"sameAs\":[\"https:\/\/fadeu.urantiacos.cl\"]}]}<\/script>\n<!-- \/ Yoast SEO plugin. -->","yoast_head_json":{"title":"Estudiantes de Mag\u00cdster reciben menci\u00f3n honrosa en Concurso Cumulus Green - Facultad de Arquitectura, Dise\u00f1o y Estudios Urbanos","description":"Los estudiantes del Magister en Dise\u00f1o Avanzado UC, Javier Mu\u00f1oz, Ana Mar\u00eda Montero y Jos\u00e9 Tom\u00e1s Marchant, fueron reconocidos con una menci\u00f3n honrosa en el concurso internacional Cumulus Green 2022, cuyo foco se centra en el segundo de los Objetivos de Desarrollo Sostenible planteado por la ONU, Hambre Cero.","robots":{"index":"index","follow":"follow","max-snippet":"max-snippet:-1","max-image-preview":"max-image-preview:large","max-video-preview":"max-video-preview:-1"},"canonical":"https:\/\/fadeu.urantiacos.cl\/en\/2022\/07\/04\/estudiantes-de-magister-reciben-mencion-honrosa-en-concurso-cumulus-green\/","og_locale":"en_US","og_type":"article","og_title":"Estudiantes de Mag\u00cdster reciben menci\u00f3n honrosa en Concurso Cumulus Green - Facultad de Arquitectura, Dise\u00f1o y Estudios Urbanos","og_description":"Los estudiantes del Magister en Dise\u00f1o Avanzado UC, Javier Mu\u00f1oz, Ana Mar\u00eda Montero y Jos\u00e9 Tom\u00e1s Marchant, fueron reconocidos con una menci\u00f3n honrosa en el concurso internacional Cumulus Green 2022, cuyo foco se centra en el segundo de los Objetivos de Desarrollo Sostenible planteado por la ONU, Hambre Cero.","og_url":"https:\/\/fadeu.urantiacos.cl\/en\/2022\/07\/04\/estudiantes-de-magister-reciben-mencion-honrosa-en-concurso-cumulus-green\/","og_site_name":"Facultad de Arquitectura, Dise\u00f1o y Estudios Urbanos","article_published_time":"2022-07-04T19:50:00+00:00","article_modified_time":"2023-09-04T19:54:18+00:00","og_image":[{"width":350,"height":250,"url":"https:\/\/fadeu.urantiacos.cl\/wp-content\/uploads\/2023\/09\/web_Captura-de-Pantalla-2022-06-29-a-las-16.04.44.png","type":"image\/png"}],"author":"manadmin","twitter_card":"summary_large_image","twitter_misc":{"Written by":"manadmin","Est. reading time":"1 minute"},"schema":{"@context":"https:\/\/schema.org","@graph":[{"@type":"Article","@id":"https:\/\/fadeu.urantiacos.cl\/en\/2022\/07\/04\/estudiantes-de-magister-reciben-mencion-honrosa-en-concurso-cumulus-green\/#article","isPartOf":{"@id":"https:\/\/fadeu.urantiacos.cl\/en\/2022\/07\/04\/estudiantes-de-magister-reciben-mencion-honrosa-en-concurso-cumulus-green\/"},"author":{"name":"manadmin","@id":"https:\/\/fadeu.urantiacos.cl\/en\/#\/schema\/person\/d203e2e84b1c40275eac77b3061a19a2"},"headline":"Estudiantes de Mag\u00cdster reciben menci\u00f3n honrosa en Concurso Cumulus Green","datePublished":"2022-07-04T19:50:00+00:00","dateModified":"2023-09-04T19:54:18+00:00","mainEntityOfPage":{"@id":"https:\/\/fadeu.urantiacos.cl\/en\/2022\/07\/04\/estudiantes-de-magister-reciben-mencion-honrosa-en-concurso-cumulus-green\/"},"wordCount":258,"commentCount":0,"image":{"@id":"https:\/\/fadeu.urantiacos.cl\/en\/2022\/07\/04\/estudiantes-de-magister-reciben-mencion-honrosa-en-concurso-cumulus-green\/#primaryimage"},"thumbnailUrl":"https:\/\/fadeu.urantiacos.cl\/wp-content\/uploads\/2023\/09\/web_Captura-de-Pantalla-2022-06-29-a-las-16.04.44.png","articleSection":["Sin categorizar"],"inLanguage":"en-US","potentialAction":[{"@type":"CommentAction","name":"Comment","target":["https:\/\/fadeu.urantiacos.cl\/en\/2022\/07\/04\/estudiantes-de-magister-reciben-mencion-honrosa-en-concurso-cumulus-green\/#respond"]}]},{"@type":"WebPage","@id":"https:\/\/fadeu.urantiacos.cl\/en\/2022\/07\/04\/estudiantes-de-magister-reciben-mencion-honrosa-en-concurso-cumulus-green\/","url":"https:\/\/fadeu.urantiacos.cl\/en\/2022\/07\/04\/estudiantes-de-magister-reciben-mencion-honrosa-en-concurso-cumulus-green\/","name":"Estudiantes de Mag\u00cdster reciben menci\u00f3n honrosa en Concurso Cumulus Green - Facultad de Arquitectura, Dise\u00f1o y Estudios Urbanos","isPartOf":{"@id":"https:\/\/fadeu.urantiacos.cl\/en\/#website"},"primaryImageOfPage":{"@id":"https:\/\/fadeu.urantiacos.cl\/en\/2022\/07\/04\/estudiantes-de-magister-reciben-mencion-honrosa-en-concurso-cumulus-green\/#primaryimage"},"image":{"@id":"https:\/\/fadeu.urantiacos.cl\/en\/2022\/07\/04\/estudiantes-de-magister-reciben-mencion-honrosa-en-concurso-cumulus-green\/#primaryimage"},"thumbnailUrl":"https:\/\/fadeu.urantiacos.cl\/wp-content\/uploads\/2023\/09\/web_Captura-de-Pantalla-2022-06-29-a-las-16.04.44.png","datePublished":"2022-07-04T19:50:00+00:00","dateModified":"2023-09-04T19:54:18+00:00","author":{"@id":"https:\/\/fadeu.urantiacos.cl\/en\/#\/schema\/person\/d203e2e84b1c40275eac77b3061a19a2"},"description":"Los estudiantes del Magister en Dise\u00f1o Avanzado UC, Javier Mu\u00f1oz, Ana Mar\u00eda Montero y Jos\u00e9 Tom\u00e1s Marchant, fueron reconocidos con una menci\u00f3n honrosa en el concurso internacional Cumulus Green 2022, cuyo foco se centra en el segundo de los Objetivos de Desarrollo Sostenible planteado por la ONU, Hambre Cero.","breadcrumb":{"@id":"https:\/\/fadeu.urantiacos.cl\/en\/2022\/07\/04\/estudiantes-de-magister-reciben-mencion-honrosa-en-concurso-cumulus-green\/#breadcrumb"},"inLanguage":"en-US","potentialAction":[{"@type":"ReadAction","target":["https:\/\/fadeu.urantiacos.cl\/en\/2022\/07\/04\/estudiantes-de-magister-reciben-mencion-honrosa-en-concurso-cumulus-green\/"]}]},{"@type":"ImageObject","inLanguage":"en-US","@id":"https:\/\/fadeu.urantiacos.cl\/en\/2022\/07\/04\/estudiantes-de-magister-reciben-mencion-honrosa-en-concurso-cumulus-green\/#primaryimage","url":"https:\/\/fadeu.urantiacos.cl\/wp-content\/uploads\/2023\/09\/web_Captura-de-Pantalla-2022-06-29-a-las-16.04.44.png","contentUrl":"https:\/\/fadeu.urantiacos.cl\/wp-content\/uploads\/2023\/09\/web_Captura-de-Pantalla-2022-06-29-a-las-16.04.44.png","width":350,"height":250},{"@type":"BreadcrumbList","@id":"https:\/\/fadeu.urantiacos.cl\/en\/2022\/07\/04\/estudiantes-de-magister-reciben-mencion-honrosa-en-concurso-cumulus-green\/#breadcrumb","itemListElement":[{"@type":"ListItem","position":1,"name":"Portada","item":"https:\/\/fadeu.urantiacos.cl\/en\/"},{"@type":"ListItem","position":2,"name":"Estudiantes de Mag\u00cdster reciben menci\u00f3n honrosa en Concurso Cumulus Green"}]},{"@type":"WebSite","@id":"https:\/\/fadeu.urantiacos.cl\/en\/#website","url":"https:\/\/fadeu.urantiacos.cl\/en\/","name":"Facultad de Arquitectura, Dise\u00f1o y Estudios Urbanos","description":"Campus Lo Contador","potentialAction":[{"@type":"SearchAction","target":{"@type":"EntryPoint","urlTemplate":"https:\/\/fadeu.urantiacos.cl\/en\/?s={search_term_string}"},"query-input":{"@type":"PropertyValueSpecification","valueRequired":true,"valueName":"search_term_string"}}],"inLanguage":"en-US"},{"@type":"Person","@id":"https:\/\/fadeu.urantiacos.cl\/en\/#\/schema\/person\/d203e2e84b1c40275eac77b3061a19a2","name":"manadmin","image":{"@type":"ImageObject","inLanguage":"en-US","@id":"https:\/\/fadeu.urantiacos.cl\/en\/#\/schema\/person\/image\/","url":"https:\/\/secure.gravatar.com\/avatar\/4b1d8e3303b4a9d8968ac578947d8bc80d9aea359f388cdd4aac15cadc0e8447?s=96&d=mm&r=g","contentUrl":"https:\/\/secure.gravatar.com\/avatar\/4b1d8e3303b4a9d8968ac578947d8bc80d9aea359f388cdd4aac15cadc0e8447?s=96&d=mm&r=g","caption":"manadmin"},"sameAs":["https:\/\/fadeu.urantiacos.cl"]}]}},"_links":{"self":[{"href":"https:\/\/fadeu.urantiacos.cl\/en\/wp-json\/wp\/v2\/posts\/4613","targetHints":{"allow":["GET"]}}],"collection":[{"href":"https:\/\/fadeu.urantiacos.cl\/en\/wp-json\/wp\/v2\/posts"}],"about":[{"href":"https:\/\/fadeu.urantiacos.cl\/en\/wp-json\/wp\/v2\/types\/post"}],"author":[{"embeddable":true,"href":"https:\/\/fadeu.urantiacos.cl\/en\/wp-json\/wp\/v2\/users\/1"}],"replies":[{"embeddable":true,"href":"https:\/\/fadeu.urantiacos.cl\/en\/wp-json\/wp\/v2\/comments?post=4613"}],"version-history":[{"count":1,"href":"https:\/\/fadeu.urantiacos.cl\/en\/wp-json\/wp\/v2\/posts\/4613\/revisions"}],"predecessor-version":[{"id":4618,"href":"https:\/\/fadeu.urantiacos.cl\/en\/wp-json\/wp\/v2\/posts\/4613\/revisions\/4618"}],"wp:featuredmedia":[{"embeddable":true,"href":"https:\/\/fadeu.urantiacos.cl\/en\/wp-json\/wp\/v2\/media\/4614"}],"wp:attachment":[{"href":"https:\/\/fadeu.urantiacos.cl\/en\/wp-json\/wp\/v2\/media?parent=4613"}],"wp:term":[{"taxonomy":"category","embeddable":true,"href":"https:\/\/fadeu.urantiacos.cl\/en\/wp-json\/wp\/v2\/categories?post=4613"},{"taxonomy":"post_tag","embeddable":true,"href":"https:\/\/fadeu.urantiacos.cl\/en\/wp-json\/wp\/v2\/tags?post=4613"}],"curies":[{"name":"wp","href":"https:\/\/api.w.org\/{rel}","templated":true}]}}