{"id":4609,"date":"2022-07-04T16:45:00","date_gmt":"2022-07-04T19:45:00","guid":{"rendered":"https:\/\/fadeu.urantiacos.cl\/?p=4609"},"modified":"2023-09-04T16:50:31","modified_gmt":"2023-09-04T19:50:31","slug":"martin-tironi-y-pablo-hermansen-presentes-en-design-reasearch-society","status":"publish","type":"post","link":"https:\/\/fadeu.urantiacos.cl\/en\/2022\/07\/04\/martin-tironi-y-pablo-hermansen-presentes-en-design-reasearch-society\/","title":{"rendered":"Mart\u00edn Tironi y Pablo Hermansen presentes en Design Reasearch Society"},"content":{"rendered":"\n<figure class=\"wp-block-image size-full\"><img decoding=\"async\" width=\"350\" height=\"250\" src=\"https:\/\/fadeu.urantiacos.cl\/wp-content\/uploads\/2023\/09\/WEB_WhatsApp-Image-2022-06-29-at-10.55.22-AM.jpg\" alt=\"\" class=\"wp-image-4610\" srcset=\"https:\/\/fadeu.urantiacos.cl\/wp-content\/uploads\/2023\/09\/WEB_WhatsApp-Image-2022-06-29-at-10.55.22-AM.jpg 350w, https:\/\/fadeu.urantiacos.cl\/wp-content\/uploads\/2023\/09\/WEB_WhatsApp-Image-2022-06-29-at-10.55.22-AM-300x214.jpg 300w\" sizes=\"(max-width: 350px) 100vw, 350px\" \/><\/figure>\n\n\n\n<p>Este track re\u00fane trabajos de investigadores de diferentes partes del mundo (Francia, Suiza, Espa\u00f1a, Noruega, Dinamarca, Finlandia, UK, Chile) interesados en explorar los desaf\u00edos de una perspectiva pos-antropoc\u00e9ntrica desde el dise\u00f1o. Este campo de investigaci\u00f3n emergente propone indagar en los m\u00e9todos, pr\u00e1cticas y conceptos que permitan interpelar el paradigma \u2013hasta hoy hegem\u00f3nico\u2013 del dise\u00f1o centrado en el humano, abri\u00e9ndose a ensayar pr\u00e1cticas de dise\u00f1o que hagan frente al antropoceno y al desastre socioambiental de escala planetaria.<\/p>\n\n\n\n<p>Adem\u00e1s, Hermansen y Tironi presentar\u00e1n el art\u00edculo&nbsp;\u201cDesigning &amp; Worlding: Prototyping Equivocal Encounters\u201d. Continuando su trabajo de investigaci\u00f3n de dise\u00f1o interespecie, los acad\u00e9micos expondr\u00e1n los aprendizajes generados a partir de un proceso de prototipado entre humanos y animales en cautiverio.<\/p>\n\n\n\n<figure class=\"wp-block-image size-full\"><img decoding=\"async\" width=\"1024\" height=\"768\" src=\"https:\/\/fadeu.urantiacos.cl\/wp-content\/uploads\/2023\/09\/WhatsApp-Image-2022-06-29-at-10.55.22-AM.jpeg\" alt=\"\" class=\"wp-image-4611\" srcset=\"https:\/\/fadeu.urantiacos.cl\/wp-content\/uploads\/2023\/09\/WhatsApp-Image-2022-06-29-at-10.55.22-AM.jpeg 1024w, https:\/\/fadeu.urantiacos.cl\/wp-content\/uploads\/2023\/09\/WhatsApp-Image-2022-06-29-at-10.55.22-AM-300x225.jpeg 300w, https:\/\/fadeu.urantiacos.cl\/wp-content\/uploads\/2023\/09\/WhatsApp-Image-2022-06-29-at-10.55.22-AM-768x576.jpeg 768w\" sizes=\"(max-width: 1024px) 100vw, 1024px\" \/><\/figure>\n\n\n\n<p>INFORMACI\u00d3N PERIOD\u00cdSTICA<br>ESCUELA DE DISE\u00d1O UC<\/p>\n","protected":false},"excerpt":{"rendered":"<p>En la presente versi\u00f3n del Design Research Society (DRS 2022) los profesores Mart\u00edn Tironi y Pablo Hermansen de Dise\u00f1o UC, junto con los acad\u00e9micos Li J\u00f6nsson (Malm\u00f6 University)  y Alex Wilkie (Goldsmiths University) conducir\u00e1n el Theam Track  Doing and Undoing Post-Anthropocentric Design.<\/p>\n","protected":false},"author":1,"featured_media":4610,"comment_status":"open","ping_status":"open","sticky":false,"template":"","format":"standard","meta":{"_acf_changed":false,"footnotes":""},"categories":[1],"tags":[],"class_list":["post-4609","post","type-post","status-publish","format-standard","has-post-thumbnail","hentry","category-sin-categorizar"],"acf":[],"yoast_head":"<!-- This site is optimized with the Yoast SEO plugin v27.1.1 - https:\/\/yoast.com\/product\/yoast-seo-wordpress\/ -->\n<title>Mart\u00edn Tironi y Pablo Hermansen presentes en Design Reasearch Society - Facultad de Arquitectura, Dise\u00f1o y Estudios Urbanos<\/title>\n<meta name=\"description\" content=\"En la presente versi\u00f3n del Design Research Society (DRS 2022) los profesores Mart\u00edn Tironi y Pablo Hermansen de Dise\u00f1o UC, junto con los acad\u00e9micos Li J\u00f6nsson (Malm\u00f6 University) y Alex Wilkie (Goldsmiths University) conducir\u00e1n el Theam Track Doing and Undoing Post-Anthropocentric Design.\" \/>\n<meta name=\"robots\" content=\"index, follow, max-snippet:-1, max-image-preview:large, max-video-preview:-1\" \/>\n<link rel=\"canonical\" href=\"https:\/\/fadeu.urantiacos.cl\/en\/2022\/07\/04\/martin-tironi-y-pablo-hermansen-presentes-en-design-reasearch-society\/\" \/>\n<meta property=\"og:locale\" content=\"en_US\" \/>\n<meta property=\"og:type\" content=\"article\" \/>\n<meta property=\"og:title\" content=\"Mart\u00edn Tironi y Pablo Hermansen presentes en Design Reasearch Society - Facultad de Arquitectura, Dise\u00f1o y Estudios Urbanos\" \/>\n<meta property=\"og:description\" content=\"En la presente versi\u00f3n del Design Research Society (DRS 2022) los profesores Mart\u00edn Tironi y Pablo Hermansen de Dise\u00f1o UC, junto con los acad\u00e9micos Li J\u00f6nsson (Malm\u00f6 University) y Alex Wilkie (Goldsmiths University) conducir\u00e1n el Theam Track Doing and Undoing Post-Anthropocentric Design.\" \/>\n<meta property=\"og:url\" content=\"https:\/\/fadeu.urantiacos.cl\/en\/2022\/07\/04\/martin-tironi-y-pablo-hermansen-presentes-en-design-reasearch-society\/\" \/>\n<meta property=\"og:site_name\" content=\"Facultad de Arquitectura, Dise\u00f1o y Estudios Urbanos\" \/>\n<meta property=\"article:published_time\" content=\"2022-07-04T19:45:00+00:00\" \/>\n<meta property=\"article:modified_time\" content=\"2023-09-04T19:50:31+00:00\" \/>\n<meta property=\"og:image\" content=\"https:\/\/fadeu.urantiacos.cl\/wp-content\/uploads\/2023\/09\/WEB_WhatsApp-Image-2022-06-29-at-10.55.22-AM.jpg\" \/>\n\t<meta property=\"og:image:width\" content=\"350\" \/>\n\t<meta property=\"og:image:height\" content=\"250\" \/>\n\t<meta property=\"og:image:type\" content=\"image\/jpeg\" \/>\n<meta name=\"author\" content=\"manadmin\" \/>\n<meta name=\"twitter:card\" content=\"summary_large_image\" \/>\n<meta name=\"twitter:label1\" content=\"Written by\" \/>\n\t<meta name=\"twitter:data1\" content=\"manadmin\" \/>\n\t<meta name=\"twitter:label2\" content=\"Est. reading time\" \/>\n\t<meta name=\"twitter:data2\" content=\"1 minute\" \/>\n<script type=\"application\/ld+json\" class=\"yoast-schema-graph\">{\"@context\":\"https:\/\/schema.org\",\"@graph\":[{\"@type\":\"Article\",\"@id\":\"https:\/\/fadeu.urantiacos.cl\/en\/2022\/07\/04\/martin-tironi-y-pablo-hermansen-presentes-en-design-reasearch-society\/#article\",\"isPartOf\":{\"@id\":\"https:\/\/fadeu.urantiacos.cl\/en\/2022\/07\/04\/martin-tironi-y-pablo-hermansen-presentes-en-design-reasearch-society\/\"},\"author\":{\"name\":\"manadmin\",\"@id\":\"https:\/\/fadeu.urantiacos.cl\/en\/#\/schema\/person\/d203e2e84b1c40275eac77b3061a19a2\"},\"headline\":\"Mart\u00edn Tironi y Pablo Hermansen presentes en Design Reasearch Society\",\"datePublished\":\"2022-07-04T19:45:00+00:00\",\"dateModified\":\"2023-09-04T19:50:31+00:00\",\"mainEntityOfPage\":{\"@id\":\"https:\/\/fadeu.urantiacos.cl\/en\/2022\/07\/04\/martin-tironi-y-pablo-hermansen-presentes-en-design-reasearch-society\/\"},\"wordCount\":156,\"commentCount\":0,\"image\":{\"@id\":\"https:\/\/fadeu.urantiacos.cl\/en\/2022\/07\/04\/martin-tironi-y-pablo-hermansen-presentes-en-design-reasearch-society\/#primaryimage\"},\"thumbnailUrl\":\"https:\/\/fadeu.urantiacos.cl\/wp-content\/uploads\/2023\/09\/WEB_WhatsApp-Image-2022-06-29-at-10.55.22-AM.jpg\",\"articleSection\":[\"Sin categorizar\"],\"inLanguage\":\"en-US\",\"potentialAction\":[{\"@type\":\"CommentAction\",\"name\":\"Comment\",\"target\":[\"https:\/\/fadeu.urantiacos.cl\/en\/2022\/07\/04\/martin-tironi-y-pablo-hermansen-presentes-en-design-reasearch-society\/#respond\"]}]},{\"@type\":\"WebPage\",\"@id\":\"https:\/\/fadeu.urantiacos.cl\/en\/2022\/07\/04\/martin-tironi-y-pablo-hermansen-presentes-en-design-reasearch-society\/\",\"url\":\"https:\/\/fadeu.urantiacos.cl\/en\/2022\/07\/04\/martin-tironi-y-pablo-hermansen-presentes-en-design-reasearch-society\/\",\"name\":\"Mart\u00edn Tironi y Pablo Hermansen presentes en Design Reasearch Society - Facultad de Arquitectura, Dise\u00f1o y Estudios Urbanos\",\"isPartOf\":{\"@id\":\"https:\/\/fadeu.urantiacos.cl\/en\/#website\"},\"primaryImageOfPage\":{\"@id\":\"https:\/\/fadeu.urantiacos.cl\/en\/2022\/07\/04\/martin-tironi-y-pablo-hermansen-presentes-en-design-reasearch-society\/#primaryimage\"},\"image\":{\"@id\":\"https:\/\/fadeu.urantiacos.cl\/en\/2022\/07\/04\/martin-tironi-y-pablo-hermansen-presentes-en-design-reasearch-society\/#primaryimage\"},\"thumbnailUrl\":\"https:\/\/fadeu.urantiacos.cl\/wp-content\/uploads\/2023\/09\/WEB_WhatsApp-Image-2022-06-29-at-10.55.22-AM.jpg\",\"datePublished\":\"2022-07-04T19:45:00+00:00\",\"dateModified\":\"2023-09-04T19:50:31+00:00\",\"author\":{\"@id\":\"https:\/\/fadeu.urantiacos.cl\/en\/#\/schema\/person\/d203e2e84b1c40275eac77b3061a19a2\"},\"description\":\"En la presente versi\u00f3n del Design Research Society (DRS 2022) los profesores Mart\u00edn Tironi y Pablo Hermansen de Dise\u00f1o UC, junto con los acad\u00e9micos Li J\u00f6nsson (Malm\u00f6 University) y Alex Wilkie (Goldsmiths University) conducir\u00e1n el Theam Track Doing and Undoing Post-Anthropocentric Design.\",\"breadcrumb\":{\"@id\":\"https:\/\/fadeu.urantiacos.cl\/en\/2022\/07\/04\/martin-tironi-y-pablo-hermansen-presentes-en-design-reasearch-society\/#breadcrumb\"},\"inLanguage\":\"en-US\",\"potentialAction\":[{\"@type\":\"ReadAction\",\"target\":[\"https:\/\/fadeu.urantiacos.cl\/en\/2022\/07\/04\/martin-tironi-y-pablo-hermansen-presentes-en-design-reasearch-society\/\"]}]},{\"@type\":\"ImageObject\",\"inLanguage\":\"en-US\",\"@id\":\"https:\/\/fadeu.urantiacos.cl\/en\/2022\/07\/04\/martin-tironi-y-pablo-hermansen-presentes-en-design-reasearch-society\/#primaryimage\",\"url\":\"https:\/\/fadeu.urantiacos.cl\/wp-content\/uploads\/2023\/09\/WEB_WhatsApp-Image-2022-06-29-at-10.55.22-AM.jpg\",\"contentUrl\":\"https:\/\/fadeu.urantiacos.cl\/wp-content\/uploads\/2023\/09\/WEB_WhatsApp-Image-2022-06-29-at-10.55.22-AM.jpg\",\"width\":350,\"height\":250},{\"@type\":\"BreadcrumbList\",\"@id\":\"https:\/\/fadeu.urantiacos.cl\/en\/2022\/07\/04\/martin-tironi-y-pablo-hermansen-presentes-en-design-reasearch-society\/#breadcrumb\",\"itemListElement\":[{\"@type\":\"ListItem\",\"position\":1,\"name\":\"Portada\",\"item\":\"https:\/\/fadeu.urantiacos.cl\/en\/\"},{\"@type\":\"ListItem\",\"position\":2,\"name\":\"Mart\u00edn Tironi y Pablo Hermansen presentes en Design Reasearch Society\"}]},{\"@type\":\"WebSite\",\"@id\":\"https:\/\/fadeu.urantiacos.cl\/en\/#website\",\"url\":\"https:\/\/fadeu.urantiacos.cl\/en\/\",\"name\":\"Facultad de Arquitectura, Dise\u00f1o y Estudios Urbanos\",\"description\":\"Campus Lo Contador\",\"potentialAction\":[{\"@type\":\"SearchAction\",\"target\":{\"@type\":\"EntryPoint\",\"urlTemplate\":\"https:\/\/fadeu.urantiacos.cl\/en\/?s={search_term_string}\"},\"query-input\":{\"@type\":\"PropertyValueSpecification\",\"valueRequired\":true,\"valueName\":\"search_term_string\"}}],\"inLanguage\":\"en-US\"},{\"@type\":\"Person\",\"@id\":\"https:\/\/fadeu.urantiacos.cl\/en\/#\/schema\/person\/d203e2e84b1c40275eac77b3061a19a2\",\"name\":\"manadmin\",\"image\":{\"@type\":\"ImageObject\",\"inLanguage\":\"en-US\",\"@id\":\"https:\/\/fadeu.urantiacos.cl\/en\/#\/schema\/person\/image\/\",\"url\":\"https:\/\/secure.gravatar.com\/avatar\/4b1d8e3303b4a9d8968ac578947d8bc80d9aea359f388cdd4aac15cadc0e8447?s=96&d=mm&r=g\",\"contentUrl\":\"https:\/\/secure.gravatar.com\/avatar\/4b1d8e3303b4a9d8968ac578947d8bc80d9aea359f388cdd4aac15cadc0e8447?s=96&d=mm&r=g\",\"caption\":\"manadmin\"},\"sameAs\":[\"https:\/\/fadeu.urantiacos.cl\"]}]}<\/script>\n<!-- \/ Yoast SEO plugin. -->","yoast_head_json":{"title":"Mart\u00edn Tironi y Pablo Hermansen presentes en Design Reasearch Society - Facultad de Arquitectura, Dise\u00f1o y Estudios Urbanos","description":"En la presente versi\u00f3n del Design Research Society (DRS 2022) los profesores Mart\u00edn Tironi y Pablo Hermansen de Dise\u00f1o UC, junto con los acad\u00e9micos Li J\u00f6nsson (Malm\u00f6 University) y Alex Wilkie (Goldsmiths University) conducir\u00e1n el Theam Track Doing and Undoing Post-Anthropocentric Design.","robots":{"index":"index","follow":"follow","max-snippet":"max-snippet:-1","max-image-preview":"max-image-preview:large","max-video-preview":"max-video-preview:-1"},"canonical":"https:\/\/fadeu.urantiacos.cl\/en\/2022\/07\/04\/martin-tironi-y-pablo-hermansen-presentes-en-design-reasearch-society\/","og_locale":"en_US","og_type":"article","og_title":"Mart\u00edn Tironi y Pablo Hermansen presentes en Design Reasearch Society - Facultad de Arquitectura, Dise\u00f1o y Estudios Urbanos","og_description":"En la presente versi\u00f3n del Design Research Society (DRS 2022) los profesores Mart\u00edn Tironi y Pablo Hermansen de Dise\u00f1o UC, junto con los acad\u00e9micos Li J\u00f6nsson (Malm\u00f6 University) y Alex Wilkie (Goldsmiths University) conducir\u00e1n el Theam Track Doing and Undoing Post-Anthropocentric Design.","og_url":"https:\/\/fadeu.urantiacos.cl\/en\/2022\/07\/04\/martin-tironi-y-pablo-hermansen-presentes-en-design-reasearch-society\/","og_site_name":"Facultad de Arquitectura, Dise\u00f1o y Estudios Urbanos","article_published_time":"2022-07-04T19:45:00+00:00","article_modified_time":"2023-09-04T19:50:31+00:00","og_image":[{"width":350,"height":250,"url":"https:\/\/fadeu.urantiacos.cl\/wp-content\/uploads\/2023\/09\/WEB_WhatsApp-Image-2022-06-29-at-10.55.22-AM.jpg","type":"image\/jpeg"}],"author":"manadmin","twitter_card":"summary_large_image","twitter_misc":{"Written by":"manadmin","Est. reading time":"1 minute"},"schema":{"@context":"https:\/\/schema.org","@graph":[{"@type":"Article","@id":"https:\/\/fadeu.urantiacos.cl\/en\/2022\/07\/04\/martin-tironi-y-pablo-hermansen-presentes-en-design-reasearch-society\/#article","isPartOf":{"@id":"https:\/\/fadeu.urantiacos.cl\/en\/2022\/07\/04\/martin-tironi-y-pablo-hermansen-presentes-en-design-reasearch-society\/"},"author":{"name":"manadmin","@id":"https:\/\/fadeu.urantiacos.cl\/en\/#\/schema\/person\/d203e2e84b1c40275eac77b3061a19a2"},"headline":"Mart\u00edn Tironi y Pablo Hermansen presentes en Design Reasearch Society","datePublished":"2022-07-04T19:45:00+00:00","dateModified":"2023-09-04T19:50:31+00:00","mainEntityOfPage":{"@id":"https:\/\/fadeu.urantiacos.cl\/en\/2022\/07\/04\/martin-tironi-y-pablo-hermansen-presentes-en-design-reasearch-society\/"},"wordCount":156,"commentCount":0,"image":{"@id":"https:\/\/fadeu.urantiacos.cl\/en\/2022\/07\/04\/martin-tironi-y-pablo-hermansen-presentes-en-design-reasearch-society\/#primaryimage"},"thumbnailUrl":"https:\/\/fadeu.urantiacos.cl\/wp-content\/uploads\/2023\/09\/WEB_WhatsApp-Image-2022-06-29-at-10.55.22-AM.jpg","articleSection":["Sin categorizar"],"inLanguage":"en-US","potentialAction":[{"@type":"CommentAction","name":"Comment","target":["https:\/\/fadeu.urantiacos.cl\/en\/2022\/07\/04\/martin-tironi-y-pablo-hermansen-presentes-en-design-reasearch-society\/#respond"]}]},{"@type":"WebPage","@id":"https:\/\/fadeu.urantiacos.cl\/en\/2022\/07\/04\/martin-tironi-y-pablo-hermansen-presentes-en-design-reasearch-society\/","url":"https:\/\/fadeu.urantiacos.cl\/en\/2022\/07\/04\/martin-tironi-y-pablo-hermansen-presentes-en-design-reasearch-society\/","name":"Mart\u00edn Tironi y Pablo Hermansen presentes en Design Reasearch Society - Facultad de Arquitectura, Dise\u00f1o y Estudios Urbanos","isPartOf":{"@id":"https:\/\/fadeu.urantiacos.cl\/en\/#website"},"primaryImageOfPage":{"@id":"https:\/\/fadeu.urantiacos.cl\/en\/2022\/07\/04\/martin-tironi-y-pablo-hermansen-presentes-en-design-reasearch-society\/#primaryimage"},"image":{"@id":"https:\/\/fadeu.urantiacos.cl\/en\/2022\/07\/04\/martin-tironi-y-pablo-hermansen-presentes-en-design-reasearch-society\/#primaryimage"},"thumbnailUrl":"https:\/\/fadeu.urantiacos.cl\/wp-content\/uploads\/2023\/09\/WEB_WhatsApp-Image-2022-06-29-at-10.55.22-AM.jpg","datePublished":"2022-07-04T19:45:00+00:00","dateModified":"2023-09-04T19:50:31+00:00","author":{"@id":"https:\/\/fadeu.urantiacos.cl\/en\/#\/schema\/person\/d203e2e84b1c40275eac77b3061a19a2"},"description":"En la presente versi\u00f3n del Design Research Society (DRS 2022) los profesores Mart\u00edn Tironi y Pablo Hermansen de Dise\u00f1o UC, junto con los acad\u00e9micos Li J\u00f6nsson (Malm\u00f6 University) y Alex Wilkie (Goldsmiths University) conducir\u00e1n el Theam Track Doing and Undoing Post-Anthropocentric Design.","breadcrumb":{"@id":"https:\/\/fadeu.urantiacos.cl\/en\/2022\/07\/04\/martin-tironi-y-pablo-hermansen-presentes-en-design-reasearch-society\/#breadcrumb"},"inLanguage":"en-US","potentialAction":[{"@type":"ReadAction","target":["https:\/\/fadeu.urantiacos.cl\/en\/2022\/07\/04\/martin-tironi-y-pablo-hermansen-presentes-en-design-reasearch-society\/"]}]},{"@type":"ImageObject","inLanguage":"en-US","@id":"https:\/\/fadeu.urantiacos.cl\/en\/2022\/07\/04\/martin-tironi-y-pablo-hermansen-presentes-en-design-reasearch-society\/#primaryimage","url":"https:\/\/fadeu.urantiacos.cl\/wp-content\/uploads\/2023\/09\/WEB_WhatsApp-Image-2022-06-29-at-10.55.22-AM.jpg","contentUrl":"https:\/\/fadeu.urantiacos.cl\/wp-content\/uploads\/2023\/09\/WEB_WhatsApp-Image-2022-06-29-at-10.55.22-AM.jpg","width":350,"height":250},{"@type":"BreadcrumbList","@id":"https:\/\/fadeu.urantiacos.cl\/en\/2022\/07\/04\/martin-tironi-y-pablo-hermansen-presentes-en-design-reasearch-society\/#breadcrumb","itemListElement":[{"@type":"ListItem","position":1,"name":"Portada","item":"https:\/\/fadeu.urantiacos.cl\/en\/"},{"@type":"ListItem","position":2,"name":"Mart\u00edn Tironi y Pablo Hermansen presentes en Design Reasearch Society"}]},{"@type":"WebSite","@id":"https:\/\/fadeu.urantiacos.cl\/en\/#website","url":"https:\/\/fadeu.urantiacos.cl\/en\/","name":"Facultad de Arquitectura, Dise\u00f1o y Estudios Urbanos","description":"Campus Lo Contador","potentialAction":[{"@type":"SearchAction","target":{"@type":"EntryPoint","urlTemplate":"https:\/\/fadeu.urantiacos.cl\/en\/?s={search_term_string}"},"query-input":{"@type":"PropertyValueSpecification","valueRequired":true,"valueName":"search_term_string"}}],"inLanguage":"en-US"},{"@type":"Person","@id":"https:\/\/fadeu.urantiacos.cl\/en\/#\/schema\/person\/d203e2e84b1c40275eac77b3061a19a2","name":"manadmin","image":{"@type":"ImageObject","inLanguage":"en-US","@id":"https:\/\/fadeu.urantiacos.cl\/en\/#\/schema\/person\/image\/","url":"https:\/\/secure.gravatar.com\/avatar\/4b1d8e3303b4a9d8968ac578947d8bc80d9aea359f388cdd4aac15cadc0e8447?s=96&d=mm&r=g","contentUrl":"https:\/\/secure.gravatar.com\/avatar\/4b1d8e3303b4a9d8968ac578947d8bc80d9aea359f388cdd4aac15cadc0e8447?s=96&d=mm&r=g","caption":"manadmin"},"sameAs":["https:\/\/fadeu.urantiacos.cl"]}]}},"_links":{"self":[{"href":"https:\/\/fadeu.urantiacos.cl\/en\/wp-json\/wp\/v2\/posts\/4609","targetHints":{"allow":["GET"]}}],"collection":[{"href":"https:\/\/fadeu.urantiacos.cl\/en\/wp-json\/wp\/v2\/posts"}],"about":[{"href":"https:\/\/fadeu.urantiacos.cl\/en\/wp-json\/wp\/v2\/types\/post"}],"author":[{"embeddable":true,"href":"https:\/\/fadeu.urantiacos.cl\/en\/wp-json\/wp\/v2\/users\/1"}],"replies":[{"embeddable":true,"href":"https:\/\/fadeu.urantiacos.cl\/en\/wp-json\/wp\/v2\/comments?post=4609"}],"version-history":[{"count":1,"href":"https:\/\/fadeu.urantiacos.cl\/en\/wp-json\/wp\/v2\/posts\/4609\/revisions"}],"predecessor-version":[{"id":4612,"href":"https:\/\/fadeu.urantiacos.cl\/en\/wp-json\/wp\/v2\/posts\/4609\/revisions\/4612"}],"wp:featuredmedia":[{"embeddable":true,"href":"https:\/\/fadeu.urantiacos.cl\/en\/wp-json\/wp\/v2\/media\/4610"}],"wp:attachment":[{"href":"https:\/\/fadeu.urantiacos.cl\/en\/wp-json\/wp\/v2\/media?parent=4609"}],"wp:term":[{"taxonomy":"category","embeddable":true,"href":"https:\/\/fadeu.urantiacos.cl\/en\/wp-json\/wp\/v2\/categories?post=4609"},{"taxonomy":"post_tag","embeddable":true,"href":"https:\/\/fadeu.urantiacos.cl\/en\/wp-json\/wp\/v2\/tags?post=4609"}],"curies":[{"name":"wp","href":"https:\/\/api.w.org\/{rel}","templated":true}]}}