{"id":4594,"date":"2022-07-10T16:29:00","date_gmt":"2022-07-10T19:29:00","guid":{"rendered":"https:\/\/fadeu.urantiacos.cl\/?p=4594"},"modified":"2023-09-04T16:36:41","modified_gmt":"2023-09-04T19:36:41","slug":"escuela-de-arquitectura-uc-rinde-homenaje-a-manuel-corrada","status":"publish","type":"post","link":"https:\/\/fadeu.urantiacos.cl\/en\/2022\/07\/10\/escuela-de-arquitectura-uc-rinde-homenaje-a-manuel-corrada\/","title":{"rendered":"Escuela de Arquitectura UC rinde homenaje a Manuel Corrada"},"content":{"rendered":"\n<figure class=\"wp-block-image size-full\"><img decoding=\"async\" width=\"350\" height=\"250\" src=\"https:\/\/fadeu.urantiacos.cl\/wp-content\/uploads\/2023\/09\/DSCF8298_web.png\" alt=\"\" class=\"wp-image-4595\" srcset=\"https:\/\/fadeu.urantiacos.cl\/wp-content\/uploads\/2023\/09\/DSCF8298_web.png 350w, https:\/\/fadeu.urantiacos.cl\/wp-content\/uploads\/2023\/09\/DSCF8298_web-300x214.png 300w\" sizes=\"(max-width: 350px) 100vw, 350px\" \/><\/figure>\n\n\n\n<p>El jueves 30 de junio de 2022 se realiz\u00f3 en Lo Contador un acto para conmemorar y despedir al acad\u00e9mico, matem\u00e1tico y cr\u00edtico Manuel Corrada. El evento, encabezado por el director ARQ UC Luis Eduardo Bresciani, cont\u00f3 con las palabras de los profesores ARQ UC Emilio de la Cerda y Fernando P\u00e9rez, quienes, junto con expresar su pesar por la abrupta partida del profesor, lo recordaron afectuosamente, compartiendo experiencias y an\u00e9cdotas.<\/p>\n\n\n\n<p>De esta manera, y desde distintas perspectivas \u2014desde la institucionalidad, desde la vida acad\u00e9mica y desde la amistad\u2014, se celebr\u00f3 la trayectoria de Manuel Corrada. Como lo sintetiz\u00f3 P\u00e9rez hacia el final de su discurso, no s\u00f3lo fue un destacado intelectual, sino para muchos un amigo entra\u00f1able: \u201cSu inteligencia, su lucidez, su iron\u00eda y su mordacidad permanecer\u00e1n vivas para todos los que lo conocimos\u201d.<\/p>\n\n\n\n<p>A modo de cierre del homenaje y en un acto simb\u00f3lico de su paso por nuestro campus, los asistentes salieron al patio junto al Sal\u00f3n Sergio Larra\u00edn Garc\u00eda-Moreno, lugar en el que el director ARQ UC plant\u00f3 uno de los \u00e1rboles favoritos de Manuel Corrada: un Cercidium, tambi\u00e9n conocido como Parkinsonia.<\/p>\n\n\n\n<p>Manuel Corrada se licenci\u00f3 en Matem\u00e1ticas de la Universidad de Chile y fue investigador en l\u00f3gica, metamatem\u00e1tica de la teor\u00eda de conjuntos, m\u00e9todos de aritmetizaci\u00f3n de G\u00f6del y m\u00e1quinas de Turing. Fue un prol\u00edfico acad\u00e9mico y cr\u00edtico, publicando m\u00e1s de cuarenta art\u00edculos cient\u00edficos, junto a decenas de escritos y ensayos sobre la relaci\u00f3n entre ciencia y artes visuales, el dise\u00f1o, la percepci\u00f3n y la arquitectura, adem\u00e1s de cr\u00edticas en medios como&nbsp;El Mercurio, The Structurist, Leviatan&nbsp;y el diario espa\u00f1ol&nbsp;El Pa\u00eds. Su versatilidad y pensamiento lo llevaron a ser profesor e investigador invitado en universidades europeas y americanas y \u2014por m\u00e1s de treinta a\u00f1os\u2014 a ense\u00f1ar en nuestra escuela, participando constantemente en diferentes instancias acad\u00e9micas y de la comunidad ARQ UC.<\/p>\n\n\n\n<p>Por lo mismo, la Escuela de Arquitectura UC recordar\u00e1 siempre su labor como docente, su calidad humana y su agudo sentido del humor, agradeciendo el gran privilegio de haber contado con su enorme creatividad, capacidad reflexiva y amistad.<\/p>\n\n\n\n<figure class=\"wp-block-image size-full\"><img decoding=\"async\" width=\"1024\" height=\"683\" src=\"https:\/\/fadeu.urantiacos.cl\/wp-content\/uploads\/2023\/09\/DSCF8298.jpg\" alt=\"\" class=\"wp-image-4596\" srcset=\"https:\/\/fadeu.urantiacos.cl\/wp-content\/uploads\/2023\/09\/DSCF8298.jpg 1024w, https:\/\/fadeu.urantiacos.cl\/wp-content\/uploads\/2023\/09\/DSCF8298-300x200.jpg 300w, https:\/\/fadeu.urantiacos.cl\/wp-content\/uploads\/2023\/09\/DSCF8298-768x512.jpg 768w\" sizes=\"(max-width: 1024px) 100vw, 1024px\" \/><\/figure>\n\n\n\n<figure class=\"wp-block-image size-full\"><img decoding=\"async\" width=\"1024\" height=\"412\" src=\"https:\/\/fadeu.urantiacos.cl\/wp-content\/uploads\/2023\/09\/DSCF8387-Pano.jpg\" alt=\"\" class=\"wp-image-4597\" srcset=\"https:\/\/fadeu.urantiacos.cl\/wp-content\/uploads\/2023\/09\/DSCF8387-Pano.jpg 1024w, https:\/\/fadeu.urantiacos.cl\/wp-content\/uploads\/2023\/09\/DSCF8387-Pano-300x121.jpg 300w, https:\/\/fadeu.urantiacos.cl\/wp-content\/uploads\/2023\/09\/DSCF8387-Pano-768x309.jpg 768w\" sizes=\"(max-width: 1024px) 100vw, 1024px\" \/><\/figure>\n\n\n\n<p>Noticias<br>Contacto:&nbsp;<a href=\"mailto:redesarq@uc.cl\">redesarq@uc.cl<\/a>&nbsp;| +56 2 2354 7747<br>www.arquitectura.uc.cl&nbsp;<\/p>\n","protected":false},"excerpt":{"rendered":"<p>Ante el sensible fallecimiento de Manuel Corrada \u2014profesor de matem\u00e1ticas y geometr\u00eda quien ense\u00f1\u00f3 en la Escuela de Arquitectura UC por m\u00e1s de 30 a\u00f1os\u2014 la comunidad rindi\u00f3 un homenaje en su memoria con un acto en el que participaron autoridades, acad\u00e9micos y exalumnos.<\/p>\n","protected":false},"author":1,"featured_media":4595,"comment_status":"open","ping_status":"open","sticky":false,"template":"","format":"standard","meta":{"_acf_changed":false,"footnotes":""},"categories":[1],"tags":[],"class_list":["post-4594","post","type-post","status-publish","format-standard","has-post-thumbnail","hentry","category-sin-categorizar"],"acf":[],"yoast_head":"<!-- This site is optimized with the Yoast SEO plugin v27.1.1 - https:\/\/yoast.com\/product\/yoast-seo-wordpress\/ -->\n<title>Escuela de Arquitectura UC rinde homenaje a Manuel Corrada - Facultad de Arquitectura, Dise\u00f1o y Estudios Urbanos<\/title>\n<meta name=\"description\" content=\"Ante el sensible fallecimiento de Manuel Corrada \u2014profesor de matem\u00e1ticas y geometr\u00eda quien ense\u00f1\u00f3 en la Escuela de Arquitectura UC por m\u00e1s de 30 a\u00f1os\u2014 la comunidad rindi\u00f3 un homenaje en su memoria con un acto en el que participaron autoridades, acad\u00e9micos y exalumnos.\" \/>\n<meta name=\"robots\" content=\"index, follow, max-snippet:-1, max-image-preview:large, max-video-preview:-1\" \/>\n<link rel=\"canonical\" href=\"https:\/\/fadeu.urantiacos.cl\/en\/2022\/07\/10\/escuela-de-arquitectura-uc-rinde-homenaje-a-manuel-corrada\/\" \/>\n<meta property=\"og:locale\" content=\"en_US\" \/>\n<meta property=\"og:type\" content=\"article\" \/>\n<meta property=\"og:title\" content=\"Escuela de Arquitectura UC rinde homenaje a Manuel Corrada - Facultad de Arquitectura, Dise\u00f1o y Estudios Urbanos\" \/>\n<meta property=\"og:description\" content=\"Ante el sensible fallecimiento de Manuel Corrada \u2014profesor de matem\u00e1ticas y geometr\u00eda quien ense\u00f1\u00f3 en la Escuela de Arquitectura UC por m\u00e1s de 30 a\u00f1os\u2014 la comunidad rindi\u00f3 un homenaje en su memoria con un acto en el que participaron autoridades, acad\u00e9micos y exalumnos.\" \/>\n<meta property=\"og:url\" content=\"https:\/\/fadeu.urantiacos.cl\/en\/2022\/07\/10\/escuela-de-arquitectura-uc-rinde-homenaje-a-manuel-corrada\/\" \/>\n<meta property=\"og:site_name\" content=\"Facultad de Arquitectura, Dise\u00f1o y Estudios Urbanos\" \/>\n<meta property=\"article:published_time\" content=\"2022-07-10T19:29:00+00:00\" \/>\n<meta property=\"article:modified_time\" content=\"2023-09-04T19:36:41+00:00\" \/>\n<meta property=\"og:image\" content=\"https:\/\/fadeu.urantiacos.cl\/wp-content\/uploads\/2023\/09\/DSCF8298_web.png\" \/>\n\t<meta property=\"og:image:width\" content=\"350\" \/>\n\t<meta property=\"og:image:height\" content=\"250\" \/>\n\t<meta property=\"og:image:type\" content=\"image\/png\" \/>\n<meta name=\"author\" content=\"manadmin\" \/>\n<meta name=\"twitter:card\" content=\"summary_large_image\" \/>\n<meta name=\"twitter:label1\" content=\"Written by\" \/>\n\t<meta name=\"twitter:data1\" content=\"manadmin\" \/>\n\t<meta name=\"twitter:label2\" content=\"Est. reading time\" \/>\n\t<meta name=\"twitter:data2\" content=\"2 minutes\" \/>\n<script type=\"application\/ld+json\" class=\"yoast-schema-graph\">{\"@context\":\"https:\/\/schema.org\",\"@graph\":[{\"@type\":\"Article\",\"@id\":\"https:\/\/fadeu.urantiacos.cl\/en\/2022\/07\/10\/escuela-de-arquitectura-uc-rinde-homenaje-a-manuel-corrada\/#article\",\"isPartOf\":{\"@id\":\"https:\/\/fadeu.urantiacos.cl\/en\/2022\/07\/10\/escuela-de-arquitectura-uc-rinde-homenaje-a-manuel-corrada\/\"},\"author\":{\"name\":\"manadmin\",\"@id\":\"https:\/\/fadeu.urantiacos.cl\/en\/#\/schema\/person\/d203e2e84b1c40275eac77b3061a19a2\"},\"headline\":\"Escuela de Arquitectura UC rinde homenaje a Manuel Corrada\",\"datePublished\":\"2022-07-10T19:29:00+00:00\",\"dateModified\":\"2023-09-04T19:36:41+00:00\",\"mainEntityOfPage\":{\"@id\":\"https:\/\/fadeu.urantiacos.cl\/en\/2022\/07\/10\/escuela-de-arquitectura-uc-rinde-homenaje-a-manuel-corrada\/\"},\"wordCount\":408,\"commentCount\":0,\"image\":{\"@id\":\"https:\/\/fadeu.urantiacos.cl\/en\/2022\/07\/10\/escuela-de-arquitectura-uc-rinde-homenaje-a-manuel-corrada\/#primaryimage\"},\"thumbnailUrl\":\"https:\/\/fadeu.urantiacos.cl\/wp-content\/uploads\/2023\/09\/DSCF8298_web.png\",\"articleSection\":[\"Sin categorizar\"],\"inLanguage\":\"en-US\",\"potentialAction\":[{\"@type\":\"CommentAction\",\"name\":\"Comment\",\"target\":[\"https:\/\/fadeu.urantiacos.cl\/en\/2022\/07\/10\/escuela-de-arquitectura-uc-rinde-homenaje-a-manuel-corrada\/#respond\"]}]},{\"@type\":\"WebPage\",\"@id\":\"https:\/\/fadeu.urantiacos.cl\/en\/2022\/07\/10\/escuela-de-arquitectura-uc-rinde-homenaje-a-manuel-corrada\/\",\"url\":\"https:\/\/fadeu.urantiacos.cl\/en\/2022\/07\/10\/escuela-de-arquitectura-uc-rinde-homenaje-a-manuel-corrada\/\",\"name\":\"Escuela de Arquitectura UC rinde homenaje a Manuel Corrada - Facultad de Arquitectura, Dise\u00f1o y Estudios Urbanos\",\"isPartOf\":{\"@id\":\"https:\/\/fadeu.urantiacos.cl\/en\/#website\"},\"primaryImageOfPage\":{\"@id\":\"https:\/\/fadeu.urantiacos.cl\/en\/2022\/07\/10\/escuela-de-arquitectura-uc-rinde-homenaje-a-manuel-corrada\/#primaryimage\"},\"image\":{\"@id\":\"https:\/\/fadeu.urantiacos.cl\/en\/2022\/07\/10\/escuela-de-arquitectura-uc-rinde-homenaje-a-manuel-corrada\/#primaryimage\"},\"thumbnailUrl\":\"https:\/\/fadeu.urantiacos.cl\/wp-content\/uploads\/2023\/09\/DSCF8298_web.png\",\"datePublished\":\"2022-07-10T19:29:00+00:00\",\"dateModified\":\"2023-09-04T19:36:41+00:00\",\"author\":{\"@id\":\"https:\/\/fadeu.urantiacos.cl\/en\/#\/schema\/person\/d203e2e84b1c40275eac77b3061a19a2\"},\"description\":\"Ante el sensible fallecimiento de Manuel Corrada \u2014profesor de matem\u00e1ticas y geometr\u00eda quien ense\u00f1\u00f3 en la Escuela de Arquitectura UC por m\u00e1s de 30 a\u00f1os\u2014 la comunidad rindi\u00f3 un homenaje en su memoria con un acto en el que participaron autoridades, acad\u00e9micos y exalumnos.\",\"breadcrumb\":{\"@id\":\"https:\/\/fadeu.urantiacos.cl\/en\/2022\/07\/10\/escuela-de-arquitectura-uc-rinde-homenaje-a-manuel-corrada\/#breadcrumb\"},\"inLanguage\":\"en-US\",\"potentialAction\":[{\"@type\":\"ReadAction\",\"target\":[\"https:\/\/fadeu.urantiacos.cl\/en\/2022\/07\/10\/escuela-de-arquitectura-uc-rinde-homenaje-a-manuel-corrada\/\"]}]},{\"@type\":\"ImageObject\",\"inLanguage\":\"en-US\",\"@id\":\"https:\/\/fadeu.urantiacos.cl\/en\/2022\/07\/10\/escuela-de-arquitectura-uc-rinde-homenaje-a-manuel-corrada\/#primaryimage\",\"url\":\"https:\/\/fadeu.urantiacos.cl\/wp-content\/uploads\/2023\/09\/DSCF8298_web.png\",\"contentUrl\":\"https:\/\/fadeu.urantiacos.cl\/wp-content\/uploads\/2023\/09\/DSCF8298_web.png\",\"width\":350,\"height\":250},{\"@type\":\"BreadcrumbList\",\"@id\":\"https:\/\/fadeu.urantiacos.cl\/en\/2022\/07\/10\/escuela-de-arquitectura-uc-rinde-homenaje-a-manuel-corrada\/#breadcrumb\",\"itemListElement\":[{\"@type\":\"ListItem\",\"position\":1,\"name\":\"Portada\",\"item\":\"https:\/\/fadeu.urantiacos.cl\/en\/\"},{\"@type\":\"ListItem\",\"position\":2,\"name\":\"Escuela de Arquitectura UC rinde homenaje a Manuel Corrada\"}]},{\"@type\":\"WebSite\",\"@id\":\"https:\/\/fadeu.urantiacos.cl\/en\/#website\",\"url\":\"https:\/\/fadeu.urantiacos.cl\/en\/\",\"name\":\"Facultad de Arquitectura, Dise\u00f1o y Estudios Urbanos\",\"description\":\"Campus Lo Contador\",\"potentialAction\":[{\"@type\":\"SearchAction\",\"target\":{\"@type\":\"EntryPoint\",\"urlTemplate\":\"https:\/\/fadeu.urantiacos.cl\/en\/?s={search_term_string}\"},\"query-input\":{\"@type\":\"PropertyValueSpecification\",\"valueRequired\":true,\"valueName\":\"search_term_string\"}}],\"inLanguage\":\"en-US\"},{\"@type\":\"Person\",\"@id\":\"https:\/\/fadeu.urantiacos.cl\/en\/#\/schema\/person\/d203e2e84b1c40275eac77b3061a19a2\",\"name\":\"manadmin\",\"image\":{\"@type\":\"ImageObject\",\"inLanguage\":\"en-US\",\"@id\":\"https:\/\/fadeu.urantiacos.cl\/en\/#\/schema\/person\/image\/\",\"url\":\"https:\/\/secure.gravatar.com\/avatar\/4b1d8e3303b4a9d8968ac578947d8bc80d9aea359f388cdd4aac15cadc0e8447?s=96&d=mm&r=g\",\"contentUrl\":\"https:\/\/secure.gravatar.com\/avatar\/4b1d8e3303b4a9d8968ac578947d8bc80d9aea359f388cdd4aac15cadc0e8447?s=96&d=mm&r=g\",\"caption\":\"manadmin\"},\"sameAs\":[\"https:\/\/fadeu.urantiacos.cl\"]}]}<\/script>\n<!-- \/ Yoast SEO plugin. -->","yoast_head_json":{"title":"Escuela de Arquitectura UC rinde homenaje a Manuel Corrada - Facultad de Arquitectura, Dise\u00f1o y Estudios Urbanos","description":"Ante el sensible fallecimiento de Manuel Corrada \u2014profesor de matem\u00e1ticas y geometr\u00eda quien ense\u00f1\u00f3 en la Escuela de Arquitectura UC por m\u00e1s de 30 a\u00f1os\u2014 la comunidad rindi\u00f3 un homenaje en su memoria con un acto en el que participaron autoridades, acad\u00e9micos y exalumnos.","robots":{"index":"index","follow":"follow","max-snippet":"max-snippet:-1","max-image-preview":"max-image-preview:large","max-video-preview":"max-video-preview:-1"},"canonical":"https:\/\/fadeu.urantiacos.cl\/en\/2022\/07\/10\/escuela-de-arquitectura-uc-rinde-homenaje-a-manuel-corrada\/","og_locale":"en_US","og_type":"article","og_title":"Escuela de Arquitectura UC rinde homenaje a Manuel Corrada - Facultad de Arquitectura, Dise\u00f1o y Estudios Urbanos","og_description":"Ante el sensible fallecimiento de Manuel Corrada \u2014profesor de matem\u00e1ticas y geometr\u00eda quien ense\u00f1\u00f3 en la Escuela de Arquitectura UC por m\u00e1s de 30 a\u00f1os\u2014 la comunidad rindi\u00f3 un homenaje en su memoria con un acto en el que participaron autoridades, acad\u00e9micos y exalumnos.","og_url":"https:\/\/fadeu.urantiacos.cl\/en\/2022\/07\/10\/escuela-de-arquitectura-uc-rinde-homenaje-a-manuel-corrada\/","og_site_name":"Facultad de Arquitectura, Dise\u00f1o y Estudios Urbanos","article_published_time":"2022-07-10T19:29:00+00:00","article_modified_time":"2023-09-04T19:36:41+00:00","og_image":[{"width":350,"height":250,"url":"https:\/\/fadeu.urantiacos.cl\/wp-content\/uploads\/2023\/09\/DSCF8298_web.png","type":"image\/png"}],"author":"manadmin","twitter_card":"summary_large_image","twitter_misc":{"Written by":"manadmin","Est. reading time":"2 minutes"},"schema":{"@context":"https:\/\/schema.org","@graph":[{"@type":"Article","@id":"https:\/\/fadeu.urantiacos.cl\/en\/2022\/07\/10\/escuela-de-arquitectura-uc-rinde-homenaje-a-manuel-corrada\/#article","isPartOf":{"@id":"https:\/\/fadeu.urantiacos.cl\/en\/2022\/07\/10\/escuela-de-arquitectura-uc-rinde-homenaje-a-manuel-corrada\/"},"author":{"name":"manadmin","@id":"https:\/\/fadeu.urantiacos.cl\/en\/#\/schema\/person\/d203e2e84b1c40275eac77b3061a19a2"},"headline":"Escuela de Arquitectura UC rinde homenaje a Manuel Corrada","datePublished":"2022-07-10T19:29:00+00:00","dateModified":"2023-09-04T19:36:41+00:00","mainEntityOfPage":{"@id":"https:\/\/fadeu.urantiacos.cl\/en\/2022\/07\/10\/escuela-de-arquitectura-uc-rinde-homenaje-a-manuel-corrada\/"},"wordCount":408,"commentCount":0,"image":{"@id":"https:\/\/fadeu.urantiacos.cl\/en\/2022\/07\/10\/escuela-de-arquitectura-uc-rinde-homenaje-a-manuel-corrada\/#primaryimage"},"thumbnailUrl":"https:\/\/fadeu.urantiacos.cl\/wp-content\/uploads\/2023\/09\/DSCF8298_web.png","articleSection":["Sin categorizar"],"inLanguage":"en-US","potentialAction":[{"@type":"CommentAction","name":"Comment","target":["https:\/\/fadeu.urantiacos.cl\/en\/2022\/07\/10\/escuela-de-arquitectura-uc-rinde-homenaje-a-manuel-corrada\/#respond"]}]},{"@type":"WebPage","@id":"https:\/\/fadeu.urantiacos.cl\/en\/2022\/07\/10\/escuela-de-arquitectura-uc-rinde-homenaje-a-manuel-corrada\/","url":"https:\/\/fadeu.urantiacos.cl\/en\/2022\/07\/10\/escuela-de-arquitectura-uc-rinde-homenaje-a-manuel-corrada\/","name":"Escuela de Arquitectura UC rinde homenaje a Manuel Corrada - Facultad de Arquitectura, Dise\u00f1o y Estudios Urbanos","isPartOf":{"@id":"https:\/\/fadeu.urantiacos.cl\/en\/#website"},"primaryImageOfPage":{"@id":"https:\/\/fadeu.urantiacos.cl\/en\/2022\/07\/10\/escuela-de-arquitectura-uc-rinde-homenaje-a-manuel-corrada\/#primaryimage"},"image":{"@id":"https:\/\/fadeu.urantiacos.cl\/en\/2022\/07\/10\/escuela-de-arquitectura-uc-rinde-homenaje-a-manuel-corrada\/#primaryimage"},"thumbnailUrl":"https:\/\/fadeu.urantiacos.cl\/wp-content\/uploads\/2023\/09\/DSCF8298_web.png","datePublished":"2022-07-10T19:29:00+00:00","dateModified":"2023-09-04T19:36:41+00:00","author":{"@id":"https:\/\/fadeu.urantiacos.cl\/en\/#\/schema\/person\/d203e2e84b1c40275eac77b3061a19a2"},"description":"Ante el sensible fallecimiento de Manuel Corrada \u2014profesor de matem\u00e1ticas y geometr\u00eda quien ense\u00f1\u00f3 en la Escuela de Arquitectura UC por m\u00e1s de 30 a\u00f1os\u2014 la comunidad rindi\u00f3 un homenaje en su memoria con un acto en el que participaron autoridades, acad\u00e9micos y exalumnos.","breadcrumb":{"@id":"https:\/\/fadeu.urantiacos.cl\/en\/2022\/07\/10\/escuela-de-arquitectura-uc-rinde-homenaje-a-manuel-corrada\/#breadcrumb"},"inLanguage":"en-US","potentialAction":[{"@type":"ReadAction","target":["https:\/\/fadeu.urantiacos.cl\/en\/2022\/07\/10\/escuela-de-arquitectura-uc-rinde-homenaje-a-manuel-corrada\/"]}]},{"@type":"ImageObject","inLanguage":"en-US","@id":"https:\/\/fadeu.urantiacos.cl\/en\/2022\/07\/10\/escuela-de-arquitectura-uc-rinde-homenaje-a-manuel-corrada\/#primaryimage","url":"https:\/\/fadeu.urantiacos.cl\/wp-content\/uploads\/2023\/09\/DSCF8298_web.png","contentUrl":"https:\/\/fadeu.urantiacos.cl\/wp-content\/uploads\/2023\/09\/DSCF8298_web.png","width":350,"height":250},{"@type":"BreadcrumbList","@id":"https:\/\/fadeu.urantiacos.cl\/en\/2022\/07\/10\/escuela-de-arquitectura-uc-rinde-homenaje-a-manuel-corrada\/#breadcrumb","itemListElement":[{"@type":"ListItem","position":1,"name":"Portada","item":"https:\/\/fadeu.urantiacos.cl\/en\/"},{"@type":"ListItem","position":2,"name":"Escuela de Arquitectura UC rinde homenaje a Manuel Corrada"}]},{"@type":"WebSite","@id":"https:\/\/fadeu.urantiacos.cl\/en\/#website","url":"https:\/\/fadeu.urantiacos.cl\/en\/","name":"Facultad de Arquitectura, Dise\u00f1o y Estudios Urbanos","description":"Campus Lo Contador","potentialAction":[{"@type":"SearchAction","target":{"@type":"EntryPoint","urlTemplate":"https:\/\/fadeu.urantiacos.cl\/en\/?s={search_term_string}"},"query-input":{"@type":"PropertyValueSpecification","valueRequired":true,"valueName":"search_term_string"}}],"inLanguage":"en-US"},{"@type":"Person","@id":"https:\/\/fadeu.urantiacos.cl\/en\/#\/schema\/person\/d203e2e84b1c40275eac77b3061a19a2","name":"manadmin","image":{"@type":"ImageObject","inLanguage":"en-US","@id":"https:\/\/fadeu.urantiacos.cl\/en\/#\/schema\/person\/image\/","url":"https:\/\/secure.gravatar.com\/avatar\/4b1d8e3303b4a9d8968ac578947d8bc80d9aea359f388cdd4aac15cadc0e8447?s=96&d=mm&r=g","contentUrl":"https:\/\/secure.gravatar.com\/avatar\/4b1d8e3303b4a9d8968ac578947d8bc80d9aea359f388cdd4aac15cadc0e8447?s=96&d=mm&r=g","caption":"manadmin"},"sameAs":["https:\/\/fadeu.urantiacos.cl"]}]}},"_links":{"self":[{"href":"https:\/\/fadeu.urantiacos.cl\/en\/wp-json\/wp\/v2\/posts\/4594","targetHints":{"allow":["GET"]}}],"collection":[{"href":"https:\/\/fadeu.urantiacos.cl\/en\/wp-json\/wp\/v2\/posts"}],"about":[{"href":"https:\/\/fadeu.urantiacos.cl\/en\/wp-json\/wp\/v2\/types\/post"}],"author":[{"embeddable":true,"href":"https:\/\/fadeu.urantiacos.cl\/en\/wp-json\/wp\/v2\/users\/1"}],"replies":[{"embeddable":true,"href":"https:\/\/fadeu.urantiacos.cl\/en\/wp-json\/wp\/v2\/comments?post=4594"}],"version-history":[{"count":1,"href":"https:\/\/fadeu.urantiacos.cl\/en\/wp-json\/wp\/v2\/posts\/4594\/revisions"}],"predecessor-version":[{"id":4598,"href":"https:\/\/fadeu.urantiacos.cl\/en\/wp-json\/wp\/v2\/posts\/4594\/revisions\/4598"}],"wp:featuredmedia":[{"embeddable":true,"href":"https:\/\/fadeu.urantiacos.cl\/en\/wp-json\/wp\/v2\/media\/4595"}],"wp:attachment":[{"href":"https:\/\/fadeu.urantiacos.cl\/en\/wp-json\/wp\/v2\/media?parent=4594"}],"wp:term":[{"taxonomy":"category","embeddable":true,"href":"https:\/\/fadeu.urantiacos.cl\/en\/wp-json\/wp\/v2\/categories?post=4594"},{"taxonomy":"post_tag","embeddable":true,"href":"https:\/\/fadeu.urantiacos.cl\/en\/wp-json\/wp\/v2\/tags?post=4594"}],"curies":[{"name":"wp","href":"https:\/\/api.w.org\/{rel}","templated":true}]}}