{"id":4591,"date":"2022-07-10T16:27:00","date_gmt":"2022-07-10T19:27:00","guid":{"rendered":"https:\/\/fadeu.urantiacos.cl\/?p=4591"},"modified":"2023-09-04T16:29:13","modified_gmt":"2023-09-04T19:29:13","slug":"ediciones-arq-y-profesores-arq-uc-entre-los-finalistas-de-la-xii-biau","status":"publish","type":"post","link":"https:\/\/fadeu.urantiacos.cl\/en\/2022\/07\/10\/ediciones-arq-y-profesores-arq-uc-entre-los-finalistas-de-la-xii-biau\/","title":{"rendered":"Ediciones ARQ y profesores ARQ UC entre los finalistas de la XII BIAU"},"content":{"rendered":"\n<figure class=\"wp-block-image size-full\"><img decoding=\"async\" width=\"350\" height=\"250\" src=\"https:\/\/fadeu.urantiacos.cl\/wp-content\/uploads\/2023\/09\/web_Captura_de_Pantalla_2022-07-10_a_las_18.30.32.png\" alt=\"\" class=\"wp-image-4592\" srcset=\"https:\/\/fadeu.urantiacos.cl\/wp-content\/uploads\/2023\/09\/web_Captura_de_Pantalla_2022-07-10_a_las_18.30.32.png 350w, https:\/\/fadeu.urantiacos.cl\/wp-content\/uploads\/2023\/09\/web_Captura_de_Pantalla_2022-07-10_a_las_18.30.32-300x214.png 300w\" sizes=\"(max-width: 350px) 100vw, 350px\" \/><\/figure>\n\n\n\n<p>La Bienal Iberoamericana de Arquitectura y Urbanismo (BIAU) es una iniciativa del Gobierno de Espa\u00f1a que se ha consolidado como una de las referencias para conocer el estado del arte de la arquitectura y el urbanismo iberoamericano. As\u00ed, la BIAU reconoce trayectorias profesionales y de obras significativas, destaca las mejores publicaciones disciplinares y celebra los trabajos de investigaci\u00f3n m\u00e1s sobresalientes o las mejores ideas de docentes.<\/p>\n\n\n\n<p>Si bien los proyectos premiados se dar\u00e1n a conocer en septiembre \u2014durante la celebraci\u00f3n de la XII BIAU en el marco del festival MEXTR\u00d3POLI en Ciudad de M\u00e9xico\u2014, recientemente se dieron a conocer los finalistas en las distintas categor\u00edas, incluyendo:<\/p>\n\n\n\n<p>Categor\u00eda \u201cObras\u201d_<br>&#8211; \u201cEdificio Estaci\u00f3n Metro Plaza de Armas\u201d | Loreto Lyon, Alejandro Beals (Beals Lyon Arquitectos). Esta obra de los profesores ARQ UC \u2014con la que Metro implementa una nueva estrategia de intervenci\u00f3n urbana\u2014 fue la \u00fanica chilena seleccionada en la categor\u00eda.<\/p>\n\n\n\n<p>Ver ficha de la obra en el siguiente&nbsp;<a href=\"http:\/\/www.bienalesdearquitectura.es\/index.php\/es\/?option=com_content&amp;view=article&amp;id=10559\" target=\"_blank\" rel=\"noreferrer noopener\">enlace<\/a>&nbsp;<\/p>\n\n\n\n<p>Categor\u00eda \u201cPublicaciones\u201d_<br>&#8211; Los n\u00fameros 106 (&#8220;Coexistencia&#8221;), 107 (&#8220;20\/21&#8221;) y 108 (&#8220;Vegetaci\u00f3n&#8221;) de revista ARQ | Ediciones ARQ<br>&#8211; \u201cLithium. Estados de Agotamiento\u201d; que incluye adem\u00e1s textos de los profesores ARQ UC Francisco D\u00edaz y Pedro Alonso | Ediciones ARQ<br>&#8211; ARQ Docs: Ana Mar\u00eda Le\u00f3n; con los ensayos &#8220;Una ruina al rev\u00e9s&#8221; y &#8220;Huesos de la naci\u00f3n\u201d | Ediciones ARQ<\/p>\n\n\n\n<p>Ver ficha de publicaciones peri\u00f3dicas ARQ en el siguiente&nbsp;<a href=\"http:\/\/www.bienalesdearquitectura.es\/index.php\/es\/?option=com_content&amp;view=article&amp;id=10712\" target=\"_blank\" rel=\"noreferrer noopener\">enlace<\/a>&nbsp;<br>Ver ficha de \u201cLithium\u201d en el siguiente&nbsp;<a href=\"http:\/\/www.bienalesdearquitectura.es\/index.php\/es\/?option=com_content&amp;view=article&amp;id=10704\" target=\"_blank\" rel=\"noreferrer noopener\">enlace<\/a>&nbsp;<br>Ver ficha del ARQ Docs de Ana Mar\u00eda Le\u00f3n en el siguiente&nbsp;<a href=\"http:\/\/www.bienalesdearquitectura.es\/index.php\/es\/?option=com_content&amp;view=article&amp;id=10708\" target=\"_blank\" rel=\"noreferrer noopener\">enlace<\/a>&nbsp;<\/p>\n\n\n\n<p>Ver todos los proyectos seleccionados en el siguiente&nbsp;<a href=\"https:\/\/bienaliberoamericana.org\/wp-content\/uploads\/2022\/07\/xiibiau-seleccionados.pdf\" target=\"_blank\" rel=\"noreferrer noopener\">enlace<\/a>&nbsp;<a href=\"https:\/\/bienaliberoamericana.org\/wp-content\/uploads\/2022\/07\/xiibiau-seleccionados.pdf\"><\/a><\/p>\n\n\n\n<p>Noticias<br>Contacto:&nbsp;<a href=\"mailto:redesarq@uc.cl\">redesarq@uc.cl<\/a>&nbsp;| +56 2 2354 7747<br>www.arquitectura.uc.cl&nbsp;<\/p>\n","protected":false},"excerpt":{"rendered":"<p>Proyectos ligados a la Escuela de Arquitectura UC fueron anunciados como finalistas de la XII Bienal Iberoamericana de Arquitectura y Urbanismo (BIAU): \u201cHabitar al margen\u201d. La lista incluye tres publicaciones de Ediciones ARQ y una obra de los profesores ARQ UC Loreto Lyon y Alejandro Beals.<\/p>\n","protected":false},"author":1,"featured_media":4592,"comment_status":"open","ping_status":"open","sticky":false,"template":"","format":"standard","meta":{"_acf_changed":false,"footnotes":""},"categories":[1],"tags":[],"class_list":["post-4591","post","type-post","status-publish","format-standard","has-post-thumbnail","hentry","category-sin-categorizar"],"acf":[],"yoast_head":"<!-- This site is optimized with the Yoast SEO plugin v27.1.1 - https:\/\/yoast.com\/product\/yoast-seo-wordpress\/ -->\n<title>Ediciones ARQ y profesores ARQ UC entre los finalistas de la XII BIAU - Facultad de Arquitectura, Dise\u00f1o y Estudios Urbanos<\/title>\n<meta name=\"description\" content=\"Proyectos ligados a la Escuela de Arquitectura UC fueron anunciados como finalistas de la XII Bienal Iberoamericana de Arquitectura y Urbanismo (BIAU): \u201cHabitar al margen\u201d. La lista incluye tres publicaciones de Ediciones ARQ y una obra de los profesores ARQ UC Loreto Lyon y Alejandro Beals.\" \/>\n<meta name=\"robots\" content=\"index, follow, max-snippet:-1, max-image-preview:large, max-video-preview:-1\" \/>\n<link rel=\"canonical\" href=\"https:\/\/fadeu.urantiacos.cl\/en\/2022\/07\/10\/ediciones-arq-y-profesores-arq-uc-entre-los-finalistas-de-la-xii-biau\/\" \/>\n<meta property=\"og:locale\" content=\"en_US\" \/>\n<meta property=\"og:type\" content=\"article\" \/>\n<meta property=\"og:title\" content=\"Ediciones ARQ y profesores ARQ UC entre los finalistas de la XII BIAU - Facultad de Arquitectura, Dise\u00f1o y Estudios Urbanos\" \/>\n<meta property=\"og:description\" content=\"Proyectos ligados a la Escuela de Arquitectura UC fueron anunciados como finalistas de la XII Bienal Iberoamericana de Arquitectura y Urbanismo (BIAU): \u201cHabitar al margen\u201d. La lista incluye tres publicaciones de Ediciones ARQ y una obra de los profesores ARQ UC Loreto Lyon y Alejandro Beals.\" \/>\n<meta property=\"og:url\" content=\"https:\/\/fadeu.urantiacos.cl\/en\/2022\/07\/10\/ediciones-arq-y-profesores-arq-uc-entre-los-finalistas-de-la-xii-biau\/\" \/>\n<meta property=\"og:site_name\" content=\"Facultad de Arquitectura, Dise\u00f1o y Estudios Urbanos\" \/>\n<meta property=\"article:published_time\" content=\"2022-07-10T19:27:00+00:00\" \/>\n<meta property=\"article:modified_time\" content=\"2023-09-04T19:29:13+00:00\" \/>\n<meta property=\"og:image\" content=\"https:\/\/fadeu.urantiacos.cl\/wp-content\/uploads\/2023\/09\/web_Captura_de_Pantalla_2022-07-10_a_las_18.30.32.png\" \/>\n\t<meta property=\"og:image:width\" content=\"350\" \/>\n\t<meta property=\"og:image:height\" content=\"250\" \/>\n\t<meta property=\"og:image:type\" content=\"image\/png\" \/>\n<meta name=\"author\" content=\"manadmin\" \/>\n<meta name=\"twitter:card\" content=\"summary_large_image\" \/>\n<meta name=\"twitter:label1\" content=\"Written by\" \/>\n\t<meta name=\"twitter:data1\" content=\"manadmin\" \/>\n\t<meta name=\"twitter:label2\" content=\"Est. reading time\" \/>\n\t<meta name=\"twitter:data2\" content=\"1 minute\" \/>\n<script type=\"application\/ld+json\" class=\"yoast-schema-graph\">{\"@context\":\"https:\/\/schema.org\",\"@graph\":[{\"@type\":\"Article\",\"@id\":\"https:\/\/fadeu.urantiacos.cl\/en\/2022\/07\/10\/ediciones-arq-y-profesores-arq-uc-entre-los-finalistas-de-la-xii-biau\/#article\",\"isPartOf\":{\"@id\":\"https:\/\/fadeu.urantiacos.cl\/en\/2022\/07\/10\/ediciones-arq-y-profesores-arq-uc-entre-los-finalistas-de-la-xii-biau\/\"},\"author\":{\"name\":\"manadmin\",\"@id\":\"https:\/\/fadeu.urantiacos.cl\/en\/#\/schema\/person\/d203e2e84b1c40275eac77b3061a19a2\"},\"headline\":\"Ediciones ARQ y profesores ARQ UC entre los finalistas de la XII BIAU\",\"datePublished\":\"2022-07-10T19:27:00+00:00\",\"dateModified\":\"2023-09-04T19:29:13+00:00\",\"mainEntityOfPage\":{\"@id\":\"https:\/\/fadeu.urantiacos.cl\/en\/2022\/07\/10\/ediciones-arq-y-profesores-arq-uc-entre-los-finalistas-de-la-xii-biau\/\"},\"wordCount\":307,\"commentCount\":0,\"image\":{\"@id\":\"https:\/\/fadeu.urantiacos.cl\/en\/2022\/07\/10\/ediciones-arq-y-profesores-arq-uc-entre-los-finalistas-de-la-xii-biau\/#primaryimage\"},\"thumbnailUrl\":\"https:\/\/fadeu.urantiacos.cl\/wp-content\/uploads\/2023\/09\/web_Captura_de_Pantalla_2022-07-10_a_las_18.30.32.png\",\"articleSection\":[\"Sin categorizar\"],\"inLanguage\":\"en-US\",\"potentialAction\":[{\"@type\":\"CommentAction\",\"name\":\"Comment\",\"target\":[\"https:\/\/fadeu.urantiacos.cl\/en\/2022\/07\/10\/ediciones-arq-y-profesores-arq-uc-entre-los-finalistas-de-la-xii-biau\/#respond\"]}]},{\"@type\":\"WebPage\",\"@id\":\"https:\/\/fadeu.urantiacos.cl\/en\/2022\/07\/10\/ediciones-arq-y-profesores-arq-uc-entre-los-finalistas-de-la-xii-biau\/\",\"url\":\"https:\/\/fadeu.urantiacos.cl\/en\/2022\/07\/10\/ediciones-arq-y-profesores-arq-uc-entre-los-finalistas-de-la-xii-biau\/\",\"name\":\"Ediciones ARQ y profesores ARQ UC entre los finalistas de la XII BIAU - Facultad de Arquitectura, Dise\u00f1o y Estudios Urbanos\",\"isPartOf\":{\"@id\":\"https:\/\/fadeu.urantiacos.cl\/en\/#website\"},\"primaryImageOfPage\":{\"@id\":\"https:\/\/fadeu.urantiacos.cl\/en\/2022\/07\/10\/ediciones-arq-y-profesores-arq-uc-entre-los-finalistas-de-la-xii-biau\/#primaryimage\"},\"image\":{\"@id\":\"https:\/\/fadeu.urantiacos.cl\/en\/2022\/07\/10\/ediciones-arq-y-profesores-arq-uc-entre-los-finalistas-de-la-xii-biau\/#primaryimage\"},\"thumbnailUrl\":\"https:\/\/fadeu.urantiacos.cl\/wp-content\/uploads\/2023\/09\/web_Captura_de_Pantalla_2022-07-10_a_las_18.30.32.png\",\"datePublished\":\"2022-07-10T19:27:00+00:00\",\"dateModified\":\"2023-09-04T19:29:13+00:00\",\"author\":{\"@id\":\"https:\/\/fadeu.urantiacos.cl\/en\/#\/schema\/person\/d203e2e84b1c40275eac77b3061a19a2\"},\"description\":\"Proyectos ligados a la Escuela de Arquitectura UC fueron anunciados como finalistas de la XII Bienal Iberoamericana de Arquitectura y Urbanismo (BIAU): \u201cHabitar al margen\u201d. La lista incluye tres publicaciones de Ediciones ARQ y una obra de los profesores ARQ UC Loreto Lyon y Alejandro Beals.\",\"breadcrumb\":{\"@id\":\"https:\/\/fadeu.urantiacos.cl\/en\/2022\/07\/10\/ediciones-arq-y-profesores-arq-uc-entre-los-finalistas-de-la-xii-biau\/#breadcrumb\"},\"inLanguage\":\"en-US\",\"potentialAction\":[{\"@type\":\"ReadAction\",\"target\":[\"https:\/\/fadeu.urantiacos.cl\/en\/2022\/07\/10\/ediciones-arq-y-profesores-arq-uc-entre-los-finalistas-de-la-xii-biau\/\"]}]},{\"@type\":\"ImageObject\",\"inLanguage\":\"en-US\",\"@id\":\"https:\/\/fadeu.urantiacos.cl\/en\/2022\/07\/10\/ediciones-arq-y-profesores-arq-uc-entre-los-finalistas-de-la-xii-biau\/#primaryimage\",\"url\":\"https:\/\/fadeu.urantiacos.cl\/wp-content\/uploads\/2023\/09\/web_Captura_de_Pantalla_2022-07-10_a_las_18.30.32.png\",\"contentUrl\":\"https:\/\/fadeu.urantiacos.cl\/wp-content\/uploads\/2023\/09\/web_Captura_de_Pantalla_2022-07-10_a_las_18.30.32.png\",\"width\":350,\"height\":250},{\"@type\":\"BreadcrumbList\",\"@id\":\"https:\/\/fadeu.urantiacos.cl\/en\/2022\/07\/10\/ediciones-arq-y-profesores-arq-uc-entre-los-finalistas-de-la-xii-biau\/#breadcrumb\",\"itemListElement\":[{\"@type\":\"ListItem\",\"position\":1,\"name\":\"Portada\",\"item\":\"https:\/\/fadeu.urantiacos.cl\/en\/\"},{\"@type\":\"ListItem\",\"position\":2,\"name\":\"Ediciones ARQ y profesores ARQ UC entre los finalistas de la XII BIAU\"}]},{\"@type\":\"WebSite\",\"@id\":\"https:\/\/fadeu.urantiacos.cl\/en\/#website\",\"url\":\"https:\/\/fadeu.urantiacos.cl\/en\/\",\"name\":\"Facultad de Arquitectura, Dise\u00f1o y Estudios Urbanos\",\"description\":\"Campus Lo Contador\",\"potentialAction\":[{\"@type\":\"SearchAction\",\"target\":{\"@type\":\"EntryPoint\",\"urlTemplate\":\"https:\/\/fadeu.urantiacos.cl\/en\/?s={search_term_string}\"},\"query-input\":{\"@type\":\"PropertyValueSpecification\",\"valueRequired\":true,\"valueName\":\"search_term_string\"}}],\"inLanguage\":\"en-US\"},{\"@type\":\"Person\",\"@id\":\"https:\/\/fadeu.urantiacos.cl\/en\/#\/schema\/person\/d203e2e84b1c40275eac77b3061a19a2\",\"name\":\"manadmin\",\"image\":{\"@type\":\"ImageObject\",\"inLanguage\":\"en-US\",\"@id\":\"https:\/\/fadeu.urantiacos.cl\/en\/#\/schema\/person\/image\/\",\"url\":\"https:\/\/secure.gravatar.com\/avatar\/4b1d8e3303b4a9d8968ac578947d8bc80d9aea359f388cdd4aac15cadc0e8447?s=96&d=mm&r=g\",\"contentUrl\":\"https:\/\/secure.gravatar.com\/avatar\/4b1d8e3303b4a9d8968ac578947d8bc80d9aea359f388cdd4aac15cadc0e8447?s=96&d=mm&r=g\",\"caption\":\"manadmin\"},\"sameAs\":[\"https:\/\/fadeu.urantiacos.cl\"]}]}<\/script>\n<!-- \/ Yoast SEO plugin. -->","yoast_head_json":{"title":"Ediciones ARQ y profesores ARQ UC entre los finalistas de la XII BIAU - Facultad de Arquitectura, Dise\u00f1o y Estudios Urbanos","description":"Proyectos ligados a la Escuela de Arquitectura UC fueron anunciados como finalistas de la XII Bienal Iberoamericana de Arquitectura y Urbanismo (BIAU): \u201cHabitar al margen\u201d. La lista incluye tres publicaciones de Ediciones ARQ y una obra de los profesores ARQ UC Loreto Lyon y Alejandro Beals.","robots":{"index":"index","follow":"follow","max-snippet":"max-snippet:-1","max-image-preview":"max-image-preview:large","max-video-preview":"max-video-preview:-1"},"canonical":"https:\/\/fadeu.urantiacos.cl\/en\/2022\/07\/10\/ediciones-arq-y-profesores-arq-uc-entre-los-finalistas-de-la-xii-biau\/","og_locale":"en_US","og_type":"article","og_title":"Ediciones ARQ y profesores ARQ UC entre los finalistas de la XII BIAU - Facultad de Arquitectura, Dise\u00f1o y Estudios Urbanos","og_description":"Proyectos ligados a la Escuela de Arquitectura UC fueron anunciados como finalistas de la XII Bienal Iberoamericana de Arquitectura y Urbanismo (BIAU): \u201cHabitar al margen\u201d. La lista incluye tres publicaciones de Ediciones ARQ y una obra de los profesores ARQ UC Loreto Lyon y Alejandro Beals.","og_url":"https:\/\/fadeu.urantiacos.cl\/en\/2022\/07\/10\/ediciones-arq-y-profesores-arq-uc-entre-los-finalistas-de-la-xii-biau\/","og_site_name":"Facultad de Arquitectura, Dise\u00f1o y Estudios Urbanos","article_published_time":"2022-07-10T19:27:00+00:00","article_modified_time":"2023-09-04T19:29:13+00:00","og_image":[{"width":350,"height":250,"url":"https:\/\/fadeu.urantiacos.cl\/wp-content\/uploads\/2023\/09\/web_Captura_de_Pantalla_2022-07-10_a_las_18.30.32.png","type":"image\/png"}],"author":"manadmin","twitter_card":"summary_large_image","twitter_misc":{"Written by":"manadmin","Est. reading time":"1 minute"},"schema":{"@context":"https:\/\/schema.org","@graph":[{"@type":"Article","@id":"https:\/\/fadeu.urantiacos.cl\/en\/2022\/07\/10\/ediciones-arq-y-profesores-arq-uc-entre-los-finalistas-de-la-xii-biau\/#article","isPartOf":{"@id":"https:\/\/fadeu.urantiacos.cl\/en\/2022\/07\/10\/ediciones-arq-y-profesores-arq-uc-entre-los-finalistas-de-la-xii-biau\/"},"author":{"name":"manadmin","@id":"https:\/\/fadeu.urantiacos.cl\/en\/#\/schema\/person\/d203e2e84b1c40275eac77b3061a19a2"},"headline":"Ediciones ARQ y profesores ARQ UC entre los finalistas de la XII BIAU","datePublished":"2022-07-10T19:27:00+00:00","dateModified":"2023-09-04T19:29:13+00:00","mainEntityOfPage":{"@id":"https:\/\/fadeu.urantiacos.cl\/en\/2022\/07\/10\/ediciones-arq-y-profesores-arq-uc-entre-los-finalistas-de-la-xii-biau\/"},"wordCount":307,"commentCount":0,"image":{"@id":"https:\/\/fadeu.urantiacos.cl\/en\/2022\/07\/10\/ediciones-arq-y-profesores-arq-uc-entre-los-finalistas-de-la-xii-biau\/#primaryimage"},"thumbnailUrl":"https:\/\/fadeu.urantiacos.cl\/wp-content\/uploads\/2023\/09\/web_Captura_de_Pantalla_2022-07-10_a_las_18.30.32.png","articleSection":["Sin categorizar"],"inLanguage":"en-US","potentialAction":[{"@type":"CommentAction","name":"Comment","target":["https:\/\/fadeu.urantiacos.cl\/en\/2022\/07\/10\/ediciones-arq-y-profesores-arq-uc-entre-los-finalistas-de-la-xii-biau\/#respond"]}]},{"@type":"WebPage","@id":"https:\/\/fadeu.urantiacos.cl\/en\/2022\/07\/10\/ediciones-arq-y-profesores-arq-uc-entre-los-finalistas-de-la-xii-biau\/","url":"https:\/\/fadeu.urantiacos.cl\/en\/2022\/07\/10\/ediciones-arq-y-profesores-arq-uc-entre-los-finalistas-de-la-xii-biau\/","name":"Ediciones ARQ y profesores ARQ UC entre los finalistas de la XII BIAU - Facultad de Arquitectura, Dise\u00f1o y Estudios Urbanos","isPartOf":{"@id":"https:\/\/fadeu.urantiacos.cl\/en\/#website"},"primaryImageOfPage":{"@id":"https:\/\/fadeu.urantiacos.cl\/en\/2022\/07\/10\/ediciones-arq-y-profesores-arq-uc-entre-los-finalistas-de-la-xii-biau\/#primaryimage"},"image":{"@id":"https:\/\/fadeu.urantiacos.cl\/en\/2022\/07\/10\/ediciones-arq-y-profesores-arq-uc-entre-los-finalistas-de-la-xii-biau\/#primaryimage"},"thumbnailUrl":"https:\/\/fadeu.urantiacos.cl\/wp-content\/uploads\/2023\/09\/web_Captura_de_Pantalla_2022-07-10_a_las_18.30.32.png","datePublished":"2022-07-10T19:27:00+00:00","dateModified":"2023-09-04T19:29:13+00:00","author":{"@id":"https:\/\/fadeu.urantiacos.cl\/en\/#\/schema\/person\/d203e2e84b1c40275eac77b3061a19a2"},"description":"Proyectos ligados a la Escuela de Arquitectura UC fueron anunciados como finalistas de la XII Bienal Iberoamericana de Arquitectura y Urbanismo (BIAU): \u201cHabitar al margen\u201d. La lista incluye tres publicaciones de Ediciones ARQ y una obra de los profesores ARQ UC Loreto Lyon y Alejandro Beals.","breadcrumb":{"@id":"https:\/\/fadeu.urantiacos.cl\/en\/2022\/07\/10\/ediciones-arq-y-profesores-arq-uc-entre-los-finalistas-de-la-xii-biau\/#breadcrumb"},"inLanguage":"en-US","potentialAction":[{"@type":"ReadAction","target":["https:\/\/fadeu.urantiacos.cl\/en\/2022\/07\/10\/ediciones-arq-y-profesores-arq-uc-entre-los-finalistas-de-la-xii-biau\/"]}]},{"@type":"ImageObject","inLanguage":"en-US","@id":"https:\/\/fadeu.urantiacos.cl\/en\/2022\/07\/10\/ediciones-arq-y-profesores-arq-uc-entre-los-finalistas-de-la-xii-biau\/#primaryimage","url":"https:\/\/fadeu.urantiacos.cl\/wp-content\/uploads\/2023\/09\/web_Captura_de_Pantalla_2022-07-10_a_las_18.30.32.png","contentUrl":"https:\/\/fadeu.urantiacos.cl\/wp-content\/uploads\/2023\/09\/web_Captura_de_Pantalla_2022-07-10_a_las_18.30.32.png","width":350,"height":250},{"@type":"BreadcrumbList","@id":"https:\/\/fadeu.urantiacos.cl\/en\/2022\/07\/10\/ediciones-arq-y-profesores-arq-uc-entre-los-finalistas-de-la-xii-biau\/#breadcrumb","itemListElement":[{"@type":"ListItem","position":1,"name":"Portada","item":"https:\/\/fadeu.urantiacos.cl\/en\/"},{"@type":"ListItem","position":2,"name":"Ediciones ARQ y profesores ARQ UC entre los finalistas de la XII BIAU"}]},{"@type":"WebSite","@id":"https:\/\/fadeu.urantiacos.cl\/en\/#website","url":"https:\/\/fadeu.urantiacos.cl\/en\/","name":"Facultad de Arquitectura, Dise\u00f1o y Estudios Urbanos","description":"Campus Lo Contador","potentialAction":[{"@type":"SearchAction","target":{"@type":"EntryPoint","urlTemplate":"https:\/\/fadeu.urantiacos.cl\/en\/?s={search_term_string}"},"query-input":{"@type":"PropertyValueSpecification","valueRequired":true,"valueName":"search_term_string"}}],"inLanguage":"en-US"},{"@type":"Person","@id":"https:\/\/fadeu.urantiacos.cl\/en\/#\/schema\/person\/d203e2e84b1c40275eac77b3061a19a2","name":"manadmin","image":{"@type":"ImageObject","inLanguage":"en-US","@id":"https:\/\/fadeu.urantiacos.cl\/en\/#\/schema\/person\/image\/","url":"https:\/\/secure.gravatar.com\/avatar\/4b1d8e3303b4a9d8968ac578947d8bc80d9aea359f388cdd4aac15cadc0e8447?s=96&d=mm&r=g","contentUrl":"https:\/\/secure.gravatar.com\/avatar\/4b1d8e3303b4a9d8968ac578947d8bc80d9aea359f388cdd4aac15cadc0e8447?s=96&d=mm&r=g","caption":"manadmin"},"sameAs":["https:\/\/fadeu.urantiacos.cl"]}]}},"_links":{"self":[{"href":"https:\/\/fadeu.urantiacos.cl\/en\/wp-json\/wp\/v2\/posts\/4591","targetHints":{"allow":["GET"]}}],"collection":[{"href":"https:\/\/fadeu.urantiacos.cl\/en\/wp-json\/wp\/v2\/posts"}],"about":[{"href":"https:\/\/fadeu.urantiacos.cl\/en\/wp-json\/wp\/v2\/types\/post"}],"author":[{"embeddable":true,"href":"https:\/\/fadeu.urantiacos.cl\/en\/wp-json\/wp\/v2\/users\/1"}],"replies":[{"embeddable":true,"href":"https:\/\/fadeu.urantiacos.cl\/en\/wp-json\/wp\/v2\/comments?post=4591"}],"version-history":[{"count":1,"href":"https:\/\/fadeu.urantiacos.cl\/en\/wp-json\/wp\/v2\/posts\/4591\/revisions"}],"predecessor-version":[{"id":4593,"href":"https:\/\/fadeu.urantiacos.cl\/en\/wp-json\/wp\/v2\/posts\/4591\/revisions\/4593"}],"wp:featuredmedia":[{"embeddable":true,"href":"https:\/\/fadeu.urantiacos.cl\/en\/wp-json\/wp\/v2\/media\/4592"}],"wp:attachment":[{"href":"https:\/\/fadeu.urantiacos.cl\/en\/wp-json\/wp\/v2\/media?parent=4591"}],"wp:term":[{"taxonomy":"category","embeddable":true,"href":"https:\/\/fadeu.urantiacos.cl\/en\/wp-json\/wp\/v2\/categories?post=4591"},{"taxonomy":"post_tag","embeddable":true,"href":"https:\/\/fadeu.urantiacos.cl\/en\/wp-json\/wp\/v2\/tags?post=4591"}],"curies":[{"name":"wp","href":"https:\/\/api.w.org\/{rel}","templated":true}]}}