{"id":4588,"date":"2022-07-10T16:25:00","date_gmt":"2022-07-10T19:25:00","guid":{"rendered":"https:\/\/fadeu.urantiacos.cl\/?p=4588"},"modified":"2023-09-04T16:27:21","modified_gmt":"2023-09-04T19:27:21","slug":"libro-de-ensayos-de-olmsted-editado-por-romy-hecht-se-lanzo-en-el-gam","status":"publish","type":"post","link":"https:\/\/fadeu.urantiacos.cl\/en\/2022\/07\/10\/libro-de-ensayos-de-olmsted-editado-por-romy-hecht-se-lanzo-en-el-gam\/","title":{"rendered":"Libro de ensayos de Olmsted editado por Romy Hecht se lanz\u00f3 en el GAM"},"content":{"rendered":"\n<figure class=\"wp-block-image size-full\"><img decoding=\"async\" width=\"350\" height=\"250\" src=\"https:\/\/fadeu.urantiacos.cl\/wp-content\/uploads\/2023\/09\/9789569058516_web.jpg\" alt=\"\" class=\"wp-image-4589\" srcset=\"https:\/\/fadeu.urantiacos.cl\/wp-content\/uploads\/2023\/09\/9789569058516_web.jpg 350w, https:\/\/fadeu.urantiacos.cl\/wp-content\/uploads\/2023\/09\/9789569058516_web-300x214.jpg 300w\" sizes=\"(max-width: 350px) 100vw, 350px\" \/><\/figure>\n\n\n\n<p>Compilando cuatro ensayos,&nbsp;Paisajes para el pueblo&#8230;&nbsp;es la primera traducci\u00f3n al castellano de estos escritos del arquitecto paisajista, periodista y cr\u00edtico social estadounidense Frederick Law Olmsted (1822-1903). Los textos fueron seleccionados por \u201csu capacidad de exponer desaf\u00edos hist\u00f3ricos de la arquitectura del paisaje como profesi\u00f3n y campo de estudio\u201d, considerando adem\u00e1s su pertinencia para Chile y las crisis sanitarias, clim\u00e1ticas y pol\u00edticas que vive el pa\u00eds. El trabajo comenz\u00f3 en 2017, impulsado por la profesora ARQ UC Romy Hecht en colaboraci\u00f3n con las entonces estudiantes del MAPA Lucy Araya, Josefina Cedano, Andrea Latrille, Agustina Poggione, junto a Octavia Silva y Javiera Gonz\u00e1lez. En el equipo que apoy\u00f3 la producci\u00f3n de la publicaci\u00f3n particip\u00f3 tambi\u00e9n el acad\u00e9mico del Mag\u00edster en Traducci\u00f3n de la Facultad de Letras UC, Pablo Saavedra.<\/p>\n\n\n\n<p>Los cuatro ensayos son:<br>&#8211; \u201cEl Parque del Pueblo en Birkenhead\u201d de 1851 (traducido por Agustina Poggione);<br>&#8211; \u201cYosemite y Mariposa Grove: un informe preliminar\u201d de 1865 (traducido por Andrea Latrille);<br>&#8211; \u201cParques p\u00fablicos y la expansi\u00f3n de las ciudades\u201d de 1870 (traducido por Lucy Araya);<br>&#8211; \u201cReflexiones sobre el tratamiento de plantaciones p\u00fablicas, especialmente relacionadas al uso del hacha\u201d de 1889 (traducido por Josefina Cedano).<\/p>\n\n\n\n<p>El lanzamiento se realiz\u00f3 \u2014de forma presencial\u2014 el jueves 30 de junio de 2022 en BiblioGAM.<\/p>\n\n\n\n<p>Noticias<br>Contacto:&nbsp;<a href=\"mailto:redesarq@uc.cl\">redesarq@uc.cl<\/a>&nbsp;| +56 2 2354 7747<br>www.arquitectura.uc.cl&nbsp;<\/p>\n","protected":false},"excerpt":{"rendered":"<p>Paisajes para el pueblo: Ensayos de Frederick Law Olmsted (Orjikh editores, 2022) \u2014compilado y editado por la profesora ARQ UC Romy Hecht con participaci\u00f3n de exalumnas del Mag\u00edster en Arquitectura del Paisaje UC (MAPA)\u2014 se lanz\u00f3 en BiblioGAM. El libro fue presentado por Rodrigo Guendelman, periodista y fundador de Santiago Adicto.<\/p>\n","protected":false},"author":1,"featured_media":4589,"comment_status":"open","ping_status":"open","sticky":false,"template":"","format":"standard","meta":{"_acf_changed":false,"footnotes":""},"categories":[1],"tags":[],"class_list":["post-4588","post","type-post","status-publish","format-standard","has-post-thumbnail","hentry","category-sin-categorizar"],"acf":[],"yoast_head":"<!-- This site is optimized with the Yoast SEO plugin v27.1.1 - https:\/\/yoast.com\/product\/yoast-seo-wordpress\/ -->\n<title>Libro de ensayos de Olmsted editado por Romy Hecht se lanz\u00f3 en el GAM - Facultad de Arquitectura, Dise\u00f1o y Estudios Urbanos<\/title>\n<meta name=\"description\" content=\"Paisajes para el pueblo: Ensayos de Frederick Law Olmsted (Orjikh editores, 2022) \u2014compilado y editado por la profesora ARQ UC Romy Hecht con participaci\u00f3n de exalumnas del Mag\u00edster en Arquitectura del Paisaje UC (MAPA)\u2014 se lanz\u00f3 en BiblioGAM. El libro fue presentado por Rodrigo Guendelman, periodista y fundador de Santiago Adicto.\" \/>\n<meta name=\"robots\" content=\"index, follow, max-snippet:-1, max-image-preview:large, max-video-preview:-1\" \/>\n<link rel=\"canonical\" href=\"https:\/\/fadeu.urantiacos.cl\/en\/2022\/07\/10\/libro-de-ensayos-de-olmsted-editado-por-romy-hecht-se-lanzo-en-el-gam\/\" \/>\n<meta property=\"og:locale\" content=\"en_US\" \/>\n<meta property=\"og:type\" content=\"article\" \/>\n<meta property=\"og:title\" content=\"Libro de ensayos de Olmsted editado por Romy Hecht se lanz\u00f3 en el GAM - Facultad de Arquitectura, Dise\u00f1o y Estudios Urbanos\" \/>\n<meta property=\"og:description\" content=\"Paisajes para el pueblo: Ensayos de Frederick Law Olmsted (Orjikh editores, 2022) \u2014compilado y editado por la profesora ARQ UC Romy Hecht con participaci\u00f3n de exalumnas del Mag\u00edster en Arquitectura del Paisaje UC (MAPA)\u2014 se lanz\u00f3 en BiblioGAM. El libro fue presentado por Rodrigo Guendelman, periodista y fundador de Santiago Adicto.\" \/>\n<meta property=\"og:url\" content=\"https:\/\/fadeu.urantiacos.cl\/en\/2022\/07\/10\/libro-de-ensayos-de-olmsted-editado-por-romy-hecht-se-lanzo-en-el-gam\/\" \/>\n<meta property=\"og:site_name\" content=\"Facultad de Arquitectura, Dise\u00f1o y Estudios Urbanos\" \/>\n<meta property=\"article:published_time\" content=\"2022-07-10T19:25:00+00:00\" \/>\n<meta property=\"article:modified_time\" content=\"2023-09-04T19:27:21+00:00\" \/>\n<meta property=\"og:image\" content=\"https:\/\/fadeu.urantiacos.cl\/wp-content\/uploads\/2023\/09\/9789569058516_web.jpg\" \/>\n\t<meta property=\"og:image:width\" content=\"350\" \/>\n\t<meta property=\"og:image:height\" content=\"250\" \/>\n\t<meta property=\"og:image:type\" content=\"image\/jpeg\" \/>\n<meta name=\"author\" content=\"manadmin\" \/>\n<meta name=\"twitter:card\" content=\"summary_large_image\" \/>\n<meta name=\"twitter:label1\" content=\"Written by\" \/>\n\t<meta name=\"twitter:data1\" content=\"manadmin\" \/>\n\t<meta name=\"twitter:label2\" content=\"Est. reading time\" \/>\n\t<meta name=\"twitter:data2\" content=\"1 minute\" \/>\n<script type=\"application\/ld+json\" class=\"yoast-schema-graph\">{\"@context\":\"https:\/\/schema.org\",\"@graph\":[{\"@type\":\"Article\",\"@id\":\"https:\/\/fadeu.urantiacos.cl\/en\/2022\/07\/10\/libro-de-ensayos-de-olmsted-editado-por-romy-hecht-se-lanzo-en-el-gam\/#article\",\"isPartOf\":{\"@id\":\"https:\/\/fadeu.urantiacos.cl\/en\/2022\/07\/10\/libro-de-ensayos-de-olmsted-editado-por-romy-hecht-se-lanzo-en-el-gam\/\"},\"author\":{\"name\":\"manadmin\",\"@id\":\"https:\/\/fadeu.urantiacos.cl\/en\/#\/schema\/person\/d203e2e84b1c40275eac77b3061a19a2\"},\"headline\":\"Libro de ensayos de Olmsted editado por Romy Hecht se lanz\u00f3 en el GAM\",\"datePublished\":\"2022-07-10T19:25:00+00:00\",\"dateModified\":\"2023-09-04T19:27:21+00:00\",\"mainEntityOfPage\":{\"@id\":\"https:\/\/fadeu.urantiacos.cl\/en\/2022\/07\/10\/libro-de-ensayos-de-olmsted-editado-por-romy-hecht-se-lanzo-en-el-gam\/\"},\"wordCount\":251,\"commentCount\":0,\"image\":{\"@id\":\"https:\/\/fadeu.urantiacos.cl\/en\/2022\/07\/10\/libro-de-ensayos-de-olmsted-editado-por-romy-hecht-se-lanzo-en-el-gam\/#primaryimage\"},\"thumbnailUrl\":\"https:\/\/fadeu.urantiacos.cl\/wp-content\/uploads\/2023\/09\/9789569058516_web.jpg\",\"articleSection\":[\"Sin categorizar\"],\"inLanguage\":\"en-US\",\"potentialAction\":[{\"@type\":\"CommentAction\",\"name\":\"Comment\",\"target\":[\"https:\/\/fadeu.urantiacos.cl\/en\/2022\/07\/10\/libro-de-ensayos-de-olmsted-editado-por-romy-hecht-se-lanzo-en-el-gam\/#respond\"]}]},{\"@type\":\"WebPage\",\"@id\":\"https:\/\/fadeu.urantiacos.cl\/en\/2022\/07\/10\/libro-de-ensayos-de-olmsted-editado-por-romy-hecht-se-lanzo-en-el-gam\/\",\"url\":\"https:\/\/fadeu.urantiacos.cl\/en\/2022\/07\/10\/libro-de-ensayos-de-olmsted-editado-por-romy-hecht-se-lanzo-en-el-gam\/\",\"name\":\"Libro de ensayos de Olmsted editado por Romy Hecht se lanz\u00f3 en el GAM - Facultad de Arquitectura, Dise\u00f1o y Estudios Urbanos\",\"isPartOf\":{\"@id\":\"https:\/\/fadeu.urantiacos.cl\/en\/#website\"},\"primaryImageOfPage\":{\"@id\":\"https:\/\/fadeu.urantiacos.cl\/en\/2022\/07\/10\/libro-de-ensayos-de-olmsted-editado-por-romy-hecht-se-lanzo-en-el-gam\/#primaryimage\"},\"image\":{\"@id\":\"https:\/\/fadeu.urantiacos.cl\/en\/2022\/07\/10\/libro-de-ensayos-de-olmsted-editado-por-romy-hecht-se-lanzo-en-el-gam\/#primaryimage\"},\"thumbnailUrl\":\"https:\/\/fadeu.urantiacos.cl\/wp-content\/uploads\/2023\/09\/9789569058516_web.jpg\",\"datePublished\":\"2022-07-10T19:25:00+00:00\",\"dateModified\":\"2023-09-04T19:27:21+00:00\",\"author\":{\"@id\":\"https:\/\/fadeu.urantiacos.cl\/en\/#\/schema\/person\/d203e2e84b1c40275eac77b3061a19a2\"},\"description\":\"Paisajes para el pueblo: Ensayos de Frederick Law Olmsted (Orjikh editores, 2022) \u2014compilado y editado por la profesora ARQ UC Romy Hecht con participaci\u00f3n de exalumnas del Mag\u00edster en Arquitectura del Paisaje UC (MAPA)\u2014 se lanz\u00f3 en BiblioGAM. El libro fue presentado por Rodrigo Guendelman, periodista y fundador de Santiago Adicto.\",\"breadcrumb\":{\"@id\":\"https:\/\/fadeu.urantiacos.cl\/en\/2022\/07\/10\/libro-de-ensayos-de-olmsted-editado-por-romy-hecht-se-lanzo-en-el-gam\/#breadcrumb\"},\"inLanguage\":\"en-US\",\"potentialAction\":[{\"@type\":\"ReadAction\",\"target\":[\"https:\/\/fadeu.urantiacos.cl\/en\/2022\/07\/10\/libro-de-ensayos-de-olmsted-editado-por-romy-hecht-se-lanzo-en-el-gam\/\"]}]},{\"@type\":\"ImageObject\",\"inLanguage\":\"en-US\",\"@id\":\"https:\/\/fadeu.urantiacos.cl\/en\/2022\/07\/10\/libro-de-ensayos-de-olmsted-editado-por-romy-hecht-se-lanzo-en-el-gam\/#primaryimage\",\"url\":\"https:\/\/fadeu.urantiacos.cl\/wp-content\/uploads\/2023\/09\/9789569058516_web.jpg\",\"contentUrl\":\"https:\/\/fadeu.urantiacos.cl\/wp-content\/uploads\/2023\/09\/9789569058516_web.jpg\",\"width\":350,\"height\":250},{\"@type\":\"BreadcrumbList\",\"@id\":\"https:\/\/fadeu.urantiacos.cl\/en\/2022\/07\/10\/libro-de-ensayos-de-olmsted-editado-por-romy-hecht-se-lanzo-en-el-gam\/#breadcrumb\",\"itemListElement\":[{\"@type\":\"ListItem\",\"position\":1,\"name\":\"Portada\",\"item\":\"https:\/\/fadeu.urantiacos.cl\/en\/\"},{\"@type\":\"ListItem\",\"position\":2,\"name\":\"Libro de ensayos de Olmsted editado por Romy Hecht se lanz\u00f3 en el GAM\"}]},{\"@type\":\"WebSite\",\"@id\":\"https:\/\/fadeu.urantiacos.cl\/en\/#website\",\"url\":\"https:\/\/fadeu.urantiacos.cl\/en\/\",\"name\":\"Facultad de Arquitectura, Dise\u00f1o y Estudios Urbanos\",\"description\":\"Campus Lo Contador\",\"potentialAction\":[{\"@type\":\"SearchAction\",\"target\":{\"@type\":\"EntryPoint\",\"urlTemplate\":\"https:\/\/fadeu.urantiacos.cl\/en\/?s={search_term_string}\"},\"query-input\":{\"@type\":\"PropertyValueSpecification\",\"valueRequired\":true,\"valueName\":\"search_term_string\"}}],\"inLanguage\":\"en-US\"},{\"@type\":\"Person\",\"@id\":\"https:\/\/fadeu.urantiacos.cl\/en\/#\/schema\/person\/d203e2e84b1c40275eac77b3061a19a2\",\"name\":\"manadmin\",\"image\":{\"@type\":\"ImageObject\",\"inLanguage\":\"en-US\",\"@id\":\"https:\/\/fadeu.urantiacos.cl\/en\/#\/schema\/person\/image\/\",\"url\":\"https:\/\/secure.gravatar.com\/avatar\/4b1d8e3303b4a9d8968ac578947d8bc80d9aea359f388cdd4aac15cadc0e8447?s=96&d=mm&r=g\",\"contentUrl\":\"https:\/\/secure.gravatar.com\/avatar\/4b1d8e3303b4a9d8968ac578947d8bc80d9aea359f388cdd4aac15cadc0e8447?s=96&d=mm&r=g\",\"caption\":\"manadmin\"},\"sameAs\":[\"https:\/\/fadeu.urantiacos.cl\"]}]}<\/script>\n<!-- \/ Yoast SEO plugin. -->","yoast_head_json":{"title":"Libro de ensayos de Olmsted editado por Romy Hecht se lanz\u00f3 en el GAM - Facultad de Arquitectura, Dise\u00f1o y Estudios Urbanos","description":"Paisajes para el pueblo: Ensayos de Frederick Law Olmsted (Orjikh editores, 2022) \u2014compilado y editado por la profesora ARQ UC Romy Hecht con participaci\u00f3n de exalumnas del Mag\u00edster en Arquitectura del Paisaje UC (MAPA)\u2014 se lanz\u00f3 en BiblioGAM. El libro fue presentado por Rodrigo Guendelman, periodista y fundador de Santiago Adicto.","robots":{"index":"index","follow":"follow","max-snippet":"max-snippet:-1","max-image-preview":"max-image-preview:large","max-video-preview":"max-video-preview:-1"},"canonical":"https:\/\/fadeu.urantiacos.cl\/en\/2022\/07\/10\/libro-de-ensayos-de-olmsted-editado-por-romy-hecht-se-lanzo-en-el-gam\/","og_locale":"en_US","og_type":"article","og_title":"Libro de ensayos de Olmsted editado por Romy Hecht se lanz\u00f3 en el GAM - Facultad de Arquitectura, Dise\u00f1o y Estudios Urbanos","og_description":"Paisajes para el pueblo: Ensayos de Frederick Law Olmsted (Orjikh editores, 2022) \u2014compilado y editado por la profesora ARQ UC Romy Hecht con participaci\u00f3n de exalumnas del Mag\u00edster en Arquitectura del Paisaje UC (MAPA)\u2014 se lanz\u00f3 en BiblioGAM. El libro fue presentado por Rodrigo Guendelman, periodista y fundador de Santiago Adicto.","og_url":"https:\/\/fadeu.urantiacos.cl\/en\/2022\/07\/10\/libro-de-ensayos-de-olmsted-editado-por-romy-hecht-se-lanzo-en-el-gam\/","og_site_name":"Facultad de Arquitectura, Dise\u00f1o y Estudios Urbanos","article_published_time":"2022-07-10T19:25:00+00:00","article_modified_time":"2023-09-04T19:27:21+00:00","og_image":[{"width":350,"height":250,"url":"https:\/\/fadeu.urantiacos.cl\/wp-content\/uploads\/2023\/09\/9789569058516_web.jpg","type":"image\/jpeg"}],"author":"manadmin","twitter_card":"summary_large_image","twitter_misc":{"Written by":"manadmin","Est. reading time":"1 minute"},"schema":{"@context":"https:\/\/schema.org","@graph":[{"@type":"Article","@id":"https:\/\/fadeu.urantiacos.cl\/en\/2022\/07\/10\/libro-de-ensayos-de-olmsted-editado-por-romy-hecht-se-lanzo-en-el-gam\/#article","isPartOf":{"@id":"https:\/\/fadeu.urantiacos.cl\/en\/2022\/07\/10\/libro-de-ensayos-de-olmsted-editado-por-romy-hecht-se-lanzo-en-el-gam\/"},"author":{"name":"manadmin","@id":"https:\/\/fadeu.urantiacos.cl\/en\/#\/schema\/person\/d203e2e84b1c40275eac77b3061a19a2"},"headline":"Libro de ensayos de Olmsted editado por Romy Hecht se lanz\u00f3 en el GAM","datePublished":"2022-07-10T19:25:00+00:00","dateModified":"2023-09-04T19:27:21+00:00","mainEntityOfPage":{"@id":"https:\/\/fadeu.urantiacos.cl\/en\/2022\/07\/10\/libro-de-ensayos-de-olmsted-editado-por-romy-hecht-se-lanzo-en-el-gam\/"},"wordCount":251,"commentCount":0,"image":{"@id":"https:\/\/fadeu.urantiacos.cl\/en\/2022\/07\/10\/libro-de-ensayos-de-olmsted-editado-por-romy-hecht-se-lanzo-en-el-gam\/#primaryimage"},"thumbnailUrl":"https:\/\/fadeu.urantiacos.cl\/wp-content\/uploads\/2023\/09\/9789569058516_web.jpg","articleSection":["Sin categorizar"],"inLanguage":"en-US","potentialAction":[{"@type":"CommentAction","name":"Comment","target":["https:\/\/fadeu.urantiacos.cl\/en\/2022\/07\/10\/libro-de-ensayos-de-olmsted-editado-por-romy-hecht-se-lanzo-en-el-gam\/#respond"]}]},{"@type":"WebPage","@id":"https:\/\/fadeu.urantiacos.cl\/en\/2022\/07\/10\/libro-de-ensayos-de-olmsted-editado-por-romy-hecht-se-lanzo-en-el-gam\/","url":"https:\/\/fadeu.urantiacos.cl\/en\/2022\/07\/10\/libro-de-ensayos-de-olmsted-editado-por-romy-hecht-se-lanzo-en-el-gam\/","name":"Libro de ensayos de Olmsted editado por Romy Hecht se lanz\u00f3 en el GAM - Facultad de Arquitectura, Dise\u00f1o y Estudios Urbanos","isPartOf":{"@id":"https:\/\/fadeu.urantiacos.cl\/en\/#website"},"primaryImageOfPage":{"@id":"https:\/\/fadeu.urantiacos.cl\/en\/2022\/07\/10\/libro-de-ensayos-de-olmsted-editado-por-romy-hecht-se-lanzo-en-el-gam\/#primaryimage"},"image":{"@id":"https:\/\/fadeu.urantiacos.cl\/en\/2022\/07\/10\/libro-de-ensayos-de-olmsted-editado-por-romy-hecht-se-lanzo-en-el-gam\/#primaryimage"},"thumbnailUrl":"https:\/\/fadeu.urantiacos.cl\/wp-content\/uploads\/2023\/09\/9789569058516_web.jpg","datePublished":"2022-07-10T19:25:00+00:00","dateModified":"2023-09-04T19:27:21+00:00","author":{"@id":"https:\/\/fadeu.urantiacos.cl\/en\/#\/schema\/person\/d203e2e84b1c40275eac77b3061a19a2"},"description":"Paisajes para el pueblo: Ensayos de Frederick Law Olmsted (Orjikh editores, 2022) \u2014compilado y editado por la profesora ARQ UC Romy Hecht con participaci\u00f3n de exalumnas del Mag\u00edster en Arquitectura del Paisaje UC (MAPA)\u2014 se lanz\u00f3 en BiblioGAM. El libro fue presentado por Rodrigo Guendelman, periodista y fundador de Santiago Adicto.","breadcrumb":{"@id":"https:\/\/fadeu.urantiacos.cl\/en\/2022\/07\/10\/libro-de-ensayos-de-olmsted-editado-por-romy-hecht-se-lanzo-en-el-gam\/#breadcrumb"},"inLanguage":"en-US","potentialAction":[{"@type":"ReadAction","target":["https:\/\/fadeu.urantiacos.cl\/en\/2022\/07\/10\/libro-de-ensayos-de-olmsted-editado-por-romy-hecht-se-lanzo-en-el-gam\/"]}]},{"@type":"ImageObject","inLanguage":"en-US","@id":"https:\/\/fadeu.urantiacos.cl\/en\/2022\/07\/10\/libro-de-ensayos-de-olmsted-editado-por-romy-hecht-se-lanzo-en-el-gam\/#primaryimage","url":"https:\/\/fadeu.urantiacos.cl\/wp-content\/uploads\/2023\/09\/9789569058516_web.jpg","contentUrl":"https:\/\/fadeu.urantiacos.cl\/wp-content\/uploads\/2023\/09\/9789569058516_web.jpg","width":350,"height":250},{"@type":"BreadcrumbList","@id":"https:\/\/fadeu.urantiacos.cl\/en\/2022\/07\/10\/libro-de-ensayos-de-olmsted-editado-por-romy-hecht-se-lanzo-en-el-gam\/#breadcrumb","itemListElement":[{"@type":"ListItem","position":1,"name":"Portada","item":"https:\/\/fadeu.urantiacos.cl\/en\/"},{"@type":"ListItem","position":2,"name":"Libro de ensayos de Olmsted editado por Romy Hecht se lanz\u00f3 en el GAM"}]},{"@type":"WebSite","@id":"https:\/\/fadeu.urantiacos.cl\/en\/#website","url":"https:\/\/fadeu.urantiacos.cl\/en\/","name":"Facultad de Arquitectura, Dise\u00f1o y Estudios Urbanos","description":"Campus Lo Contador","potentialAction":[{"@type":"SearchAction","target":{"@type":"EntryPoint","urlTemplate":"https:\/\/fadeu.urantiacos.cl\/en\/?s={search_term_string}"},"query-input":{"@type":"PropertyValueSpecification","valueRequired":true,"valueName":"search_term_string"}}],"inLanguage":"en-US"},{"@type":"Person","@id":"https:\/\/fadeu.urantiacos.cl\/en\/#\/schema\/person\/d203e2e84b1c40275eac77b3061a19a2","name":"manadmin","image":{"@type":"ImageObject","inLanguage":"en-US","@id":"https:\/\/fadeu.urantiacos.cl\/en\/#\/schema\/person\/image\/","url":"https:\/\/secure.gravatar.com\/avatar\/4b1d8e3303b4a9d8968ac578947d8bc80d9aea359f388cdd4aac15cadc0e8447?s=96&d=mm&r=g","contentUrl":"https:\/\/secure.gravatar.com\/avatar\/4b1d8e3303b4a9d8968ac578947d8bc80d9aea359f388cdd4aac15cadc0e8447?s=96&d=mm&r=g","caption":"manadmin"},"sameAs":["https:\/\/fadeu.urantiacos.cl"]}]}},"_links":{"self":[{"href":"https:\/\/fadeu.urantiacos.cl\/en\/wp-json\/wp\/v2\/posts\/4588","targetHints":{"allow":["GET"]}}],"collection":[{"href":"https:\/\/fadeu.urantiacos.cl\/en\/wp-json\/wp\/v2\/posts"}],"about":[{"href":"https:\/\/fadeu.urantiacos.cl\/en\/wp-json\/wp\/v2\/types\/post"}],"author":[{"embeddable":true,"href":"https:\/\/fadeu.urantiacos.cl\/en\/wp-json\/wp\/v2\/users\/1"}],"replies":[{"embeddable":true,"href":"https:\/\/fadeu.urantiacos.cl\/en\/wp-json\/wp\/v2\/comments?post=4588"}],"version-history":[{"count":1,"href":"https:\/\/fadeu.urantiacos.cl\/en\/wp-json\/wp\/v2\/posts\/4588\/revisions"}],"predecessor-version":[{"id":4590,"href":"https:\/\/fadeu.urantiacos.cl\/en\/wp-json\/wp\/v2\/posts\/4588\/revisions\/4590"}],"wp:featuredmedia":[{"embeddable":true,"href":"https:\/\/fadeu.urantiacos.cl\/en\/wp-json\/wp\/v2\/media\/4589"}],"wp:attachment":[{"href":"https:\/\/fadeu.urantiacos.cl\/en\/wp-json\/wp\/v2\/media?parent=4588"}],"wp:term":[{"taxonomy":"category","embeddable":true,"href":"https:\/\/fadeu.urantiacos.cl\/en\/wp-json\/wp\/v2\/categories?post=4588"},{"taxonomy":"post_tag","embeddable":true,"href":"https:\/\/fadeu.urantiacos.cl\/en\/wp-json\/wp\/v2\/tags?post=4588"}],"curies":[{"name":"wp","href":"https:\/\/api.w.org\/{rel}","templated":true}]}}