{"id":4579,"date":"2022-07-13T16:21:00","date_gmt":"2022-07-13T19:21:00","guid":{"rendered":"https:\/\/fadeu.urantiacos.cl\/?p=4579"},"modified":"2023-09-04T16:22:43","modified_gmt":"2023-09-04T19:22:43","slug":"profesor-martin-tironi-asumio-como-director-de-la-escuela-de-diseno-uc","status":"publish","type":"post","link":"https:\/\/fadeu.urantiacos.cl\/en\/2022\/07\/13\/profesor-martin-tironi-asumio-como-director-de-la-escuela-de-diseno-uc\/","title":{"rendered":"Profesor Mart\u00edn Tironi asumi\u00f3 como Director de la escuela de Dise\u00f1o UC"},"content":{"rendered":"\n<figure class=\"wp-block-image size-full\"><img decoding=\"async\" width=\"350\" height=\"250\" src=\"https:\/\/fadeu.urantiacos.cl\/wp-content\/uploads\/2023\/09\/WEB_WhatsApp_Image_2022-07-08_at_12.49.11_PM.jpg\" alt=\"\" class=\"wp-image-4580\" srcset=\"https:\/\/fadeu.urantiacos.cl\/wp-content\/uploads\/2023\/09\/WEB_WhatsApp_Image_2022-07-08_at_12.49.11_PM.jpg 350w, https:\/\/fadeu.urantiacos.cl\/wp-content\/uploads\/2023\/09\/WEB_WhatsApp_Image_2022-07-08_at_12.49.11_PM-300x214.jpg 300w\" sizes=\"(max-width: 350px) 100vw, 350px\" \/><\/figure>\n\n\n\n<p>La instancia fue presidida por el Decano FADEU, Mario Ubilla; el Director saliente de la escuela de Dise\u00f1o, Rodrigo Ram\u00edrez; autoridades del Decanato; acad\u00e9micos\/as, estudiantes y funcionarios\/as.<\/p>\n\n\n\n<p>El Decano Mario Ubilla felicit\u00f3 al Director saliente y elogi\u00f3 la figura de Mart\u00edn Tironi encabezando la nueva Direcci\u00f3n. \u201cRodrigo Ram\u00edrez supo confundirse con su equipo e invisibilizarse con \u00e9l, poniendo en valor el talento y el aporte que hacen otros, lo que da cuenta de una gesti\u00f3n mancomunada y transversal, que incluye a todos los estamentos de una unidad acad\u00e9mica, con los profesores, profesionales y personal administrativos. A Rodrigo y equipo debemos agradecer por haber conducido un trabajo con mucha humildad y mucha fe y constancia en la tarea del d\u00eda a d\u00eda\u201d, advirti\u00f3.<\/p>\n\n\n\n<p>\u201cQuiero desearle el mayor de los \u00e9xitos al profesor Mart\u00edn Tironi y su nuevo equipo de Direcci\u00f3n para la tarea que viene, en el v\u00e9rtigo y la emoci\u00f3n de una nueva tarea, relevando al proyecto, a la creaci\u00f3n, a la materializaci\u00f3n de nuevas iniciativas y a la innovaci\u00f3n. Mart\u00edn tiene un enorme desaf\u00edo, y contar\u00e1 con el respaldo total, comprometido y leal de toda la escuela, algo que nos parece completamente importante, y contar\u00e1 en su tarea con todo el apoyo de la Facultad\u201d, agreg\u00f3 el Decano.<\/p>\n\n\n\n<p>Por su parte, el exdirector, Rodrigo Ram\u00edrez, expres\u00f3 su agradecimiento a la comunidad de la escuela de Dise\u00f1o \u201cpor habernos acompa\u00f1ado en un per\u00edodo complejo de tres a\u00f1os y medio, con una pandemia de por medio, porque acentuaron su compromiso con la comunidad de la escuela, y estamos muy contentos con los logros alcanzados, por la conformaci\u00f3n de un equipo diverso, por los lazos que se lograron establecer con las otras unidades acad\u00e9micas y con el decanato\u201d.<\/p>\n\n\n\n<p>\u201cTenemos una escuela robusta en su pregrado, ampliando sus horizontes en el postgrado y con posibilidades ciertas de incorporarse al Doctorado de nuestra Facultad, y eso es gracias a todos y todas quienes estuvieron ah\u00ed para aportar desde su esfuerzo y dedicaci\u00f3n, y a todos los equipos de personas de las cuales aprend\u00ed much\u00edsimo, lo mismo en el caso de la Facultad, en quienes siempre encontramos apoyo para nuestra gesti\u00f3n\u201d, agreg\u00f3 Ram\u00edrez.&nbsp;<\/p>\n\n\n\n<p><strong>Proyectar un dise\u00f1o m\u00e1s \u00e9tico desde Latinoam\u00e9rica<\/strong><\/p>\n\n\n\n<p>\u201cQuiero comenzar agradeciendo a toda la comunidad por la confianza, cari\u00f1o y entusiasmo que he recibido, lo que constituye una enorme responsabilidad por los desaf\u00edos que ello implica. Es una comunidad cada vez m\u00e1s compleja y heterog\u00e9nea donde conviven distintas maneras y culturas para hacer las cosas, y en esta ocasi\u00f3n tambi\u00e9n debemos agradecer al equipo dirigido por el profesor Rodrigo Ram\u00edrez, no solo por su apoyo constante en el per\u00edodo de instalaci\u00f3n, sino por haber conducido nuestra escuela quiz\u00e1s en los momentos m\u00e1s cr\u00edticos de su historia\u201d, advirti\u00f3 el nuevo Director, Mart\u00edn Tironi.<\/p>\n\n\n\n<p>Tironi hizo un llamado a mirar la escuela como un motor capaz de promover cambios e innovaci\u00f3n desde el Cono Sur, tomando en cuenta, dijo, \u201clos momentos complejos que hoy vive el mundo en medio de una crisis socioambiental, atravesando globalmente una transici\u00f3n que permita redise\u00f1ar la manera en que los humanos nos relacionamos unos con otros, pero tambi\u00e9n con el medioambiente, y me parece que esa ilusi\u00f3n de vivir en un mundo m\u00e1s inclusivo y sustentable la que debemos canalizar para proyectar un dise\u00f1o m\u00e1s \u00e9tico desde Latinoam\u00e9rica, esa es la esperanza que tenemos que movilizar para redireccionar la manera de innovar y producir, de proyectar y hacer sociedad; esa es la esperanza que nos invita a desarrollar m\u00e9todos m\u00e1s creativos, sensibles y necesarios para un futuro a la altura de los desaf\u00edos en materia de inclusi\u00f3n, g\u00e9nero, participaci\u00f3n, pueblos originarios y otras tem\u00e1ticas\u201d.<\/p>\n\n\n\n<p>Durante la ceremonia, Tironi anunci\u00f3, adem\u00e1s, los nombres de quienes le acompa\u00f1ar\u00e1n en la direcci\u00f3n: Zinnia Silva, en la Direcci\u00f3n del MADA; Manuela Garret\u00f3n en la Subdirecci\u00f3n de Investigaci\u00f3n, Creaci\u00f3n y Posgrado; Constanza Almarza en la Subdirecci\u00f3n de Comunicaciones, Extensi\u00f3n y Educaci\u00f3n Contin\u00faa; Patricia Manns en la Coordinaci\u00f3n de Titulaci\u00f3n; Carolina Salazar, como Coordinadora de Gesti\u00f3n Acad\u00e9mica; Katherine Mollenhauer como Coordinadora del Comit\u00e9 de Doctoras y Doctores de la escuela; Renato Bernasconi como Director de la Revista Dise\u00f1a; Jos\u00e9 Manuel Allard en la Coordinaci\u00f3n de internacionalizaci\u00f3n; Marcos Chilet en la nueva Subdirecci\u00f3n de Desarrollo Institucional y Nuevos Proyectos; y Andr\u00e9s Villela en la Subdirecci\u00f3n Acad\u00e9mica.<\/p>\n\n\n\n<p><strong>Carrera acad\u00e9mica<\/strong><\/p>\n\n\n\n<p>Mart\u00edn Tironi es Soci\u00f3logo de la Pontificia Universidad Cat\u00f3lica de Chile, Master en Paris Descartes, PhD en Centre de Sociologie de l\u2019Innovation (CSI), Escuela de Minas de Paris, y Post-Doctorante de este mismo centro de investigaci\u00f3n. Durante el 2018 fue Visiting Fellowship en el Centre for Invention and Social Process de Goldsmiths, University of London.<\/p>\n\n\n\n<p>Es acad\u00e9mico de la Escuela de Dise\u00f1o, y dicta los cursos Urban Hacking (pregrado); De la Smart City a la Social City: dise\u00f1o y futuros emergentes (Magister); y Ecolog\u00eda, tecnolog\u00edas y pr\u00e1cticas urbanas: aproximaciones desde los Estudios de Ciencia y Tecnolog\u00eda (Doctorado).<\/p>\n\n\n\n<p>Es investigador asociado del Centro de Desarrollo Urbano Sustentable (CEDEUS) y ha sido investigador responsable del Proyecto Fondecyt (N\u00ba 1180062) sobre procesos de datificaci\u00f3n digital y del Proyecto Fondecyt (N\u00ba 11140042) sobre la circulaci\u00f3n y dise\u00f1o del concepto de \u2018Smart Cities\u2019; y del proyecto VRI-UC sobre dise\u00f1o interespecie.<\/p>\n\n\n\n<p>Actualmente dirige el Proyecto Fondecyt (N\u00b01210006) sobre Dise\u00f1o de futuros en la era de la Inteligencia Artificial. Asimismo, actualmente realiza el proyecto de investigaci\u00f3n \u201cIdentidades algor\u00edtmicas: Temas y reacciones a la recolecci\u00f3n de datos digitales e inferencias algor\u00edtmicas en la vida cotidiana\u201d, en colaboraci\u00f3n con el Centro de M\u00e9todos Interdisciplinarios de la Universidad de Warwick. Ha expuesto la instalaci\u00f3n \u201cCenizas de coexistencia\u201d, Museo de Arte Contempor\u00e1neo, Bienal de Artes Mediales (2019).<\/p>\n\n\n\n<p>Tironi, junto al equipo curatorial compuesto por Marcos Chilet, Pablo Hermansen y Carola Ureta, obtuvieron la medalla en la London Design Bienale (2021) con el Pabell\u00f3n titulado Resonancias Tectonicas: del dise\u00f1o centrado en el humano al dise\u00f1o centrado en el planeta.<\/p>\n\n\n\n<p>Es miembro del International Advisory Board de la Serie Dis-positions: Troubling Methods and Theory in STS, de Bristol University Press; del Comit\u00e9 Editorial de la Revista ARQ y Revista Dise\u00f1a.<\/p>\n\n\n\n<p>INFORMACI\u00d3N PERIOD\u00cdSTICA<br>JUAN ANDR\u00c9S INZUNZA<\/p>\n","protected":false},"excerpt":{"rendered":"<p>En una ceremonia realizada en la sala Capilla del campus Lo Contador, se reuni\u00f3 la comunidad de la Facultad de Arquitectura, Dise\u00f1o y Estudios Urbanos (FADEU), para  realizar el cambio de mando y asumir oficialmente como Director de la escuela de Dise\u00f1o, el profesor Mart\u00edn Tironi.<\/p>\n","protected":false},"author":1,"featured_media":4580,"comment_status":"open","ping_status":"open","sticky":false,"template":"","format":"standard","meta":{"_acf_changed":false,"footnotes":""},"categories":[1],"tags":[],"class_list":["post-4579","post","type-post","status-publish","format-standard","has-post-thumbnail","hentry","category-sin-categorizar"],"acf":[],"yoast_head":"<!-- This site is optimized with the Yoast SEO plugin v27.1.1 - https:\/\/yoast.com\/product\/yoast-seo-wordpress\/ -->\n<title>Profesor Mart\u00edn Tironi asumi\u00f3 como Director de la escuela de Dise\u00f1o UC - Facultad de Arquitectura, Dise\u00f1o y Estudios Urbanos<\/title>\n<meta name=\"description\" content=\"En una ceremonia realizada en la sala Capilla del campus Lo Contador, se reuni\u00f3 la comunidad de la Facultad de Arquitectura, Dise\u00f1o y Estudios Urbanos (FADEU), para realizar el cambio de mando y asumir oficialmente como Director de la escuela de Dise\u00f1o, el profesor Mart\u00edn Tironi.\" \/>\n<meta name=\"robots\" content=\"index, follow, max-snippet:-1, max-image-preview:large, max-video-preview:-1\" \/>\n<link rel=\"canonical\" href=\"https:\/\/fadeu.urantiacos.cl\/en\/2022\/07\/13\/profesor-martin-tironi-asumio-como-director-de-la-escuela-de-diseno-uc\/\" \/>\n<meta property=\"og:locale\" content=\"en_US\" \/>\n<meta property=\"og:type\" content=\"article\" \/>\n<meta property=\"og:title\" content=\"Profesor Mart\u00edn Tironi asumi\u00f3 como Director de la escuela de Dise\u00f1o UC - Facultad de Arquitectura, Dise\u00f1o y Estudios Urbanos\" \/>\n<meta property=\"og:description\" content=\"En una ceremonia realizada en la sala Capilla del campus Lo Contador, se reuni\u00f3 la comunidad de la Facultad de Arquitectura, Dise\u00f1o y Estudios Urbanos (FADEU), para realizar el cambio de mando y asumir oficialmente como Director de la escuela de Dise\u00f1o, el profesor Mart\u00edn Tironi.\" \/>\n<meta property=\"og:url\" content=\"https:\/\/fadeu.urantiacos.cl\/en\/2022\/07\/13\/profesor-martin-tironi-asumio-como-director-de-la-escuela-de-diseno-uc\/\" \/>\n<meta property=\"og:site_name\" content=\"Facultad de Arquitectura, Dise\u00f1o y Estudios Urbanos\" \/>\n<meta property=\"article:published_time\" content=\"2022-07-13T19:21:00+00:00\" \/>\n<meta property=\"article:modified_time\" content=\"2023-09-04T19:22:43+00:00\" \/>\n<meta property=\"og:image\" content=\"https:\/\/fadeu.urantiacos.cl\/wp-content\/uploads\/2023\/09\/WEB_WhatsApp_Image_2022-07-08_at_12.49.11_PM.jpg\" \/>\n\t<meta property=\"og:image:width\" content=\"350\" \/>\n\t<meta property=\"og:image:height\" content=\"250\" \/>\n\t<meta property=\"og:image:type\" content=\"image\/jpeg\" \/>\n<meta name=\"author\" content=\"manadmin\" \/>\n<meta name=\"twitter:card\" content=\"summary_large_image\" \/>\n<meta name=\"twitter:label1\" content=\"Written by\" \/>\n\t<meta name=\"twitter:data1\" content=\"manadmin\" \/>\n\t<meta name=\"twitter:label2\" content=\"Est. reading time\" \/>\n\t<meta name=\"twitter:data2\" content=\"6 minutes\" \/>\n<script type=\"application\/ld+json\" class=\"yoast-schema-graph\">{\"@context\":\"https:\/\/schema.org\",\"@graph\":[{\"@type\":\"Article\",\"@id\":\"https:\/\/fadeu.urantiacos.cl\/en\/2022\/07\/13\/profesor-martin-tironi-asumio-como-director-de-la-escuela-de-diseno-uc\/#article\",\"isPartOf\":{\"@id\":\"https:\/\/fadeu.urantiacos.cl\/en\/2022\/07\/13\/profesor-martin-tironi-asumio-como-director-de-la-escuela-de-diseno-uc\/\"},\"author\":{\"name\":\"manadmin\",\"@id\":\"https:\/\/fadeu.urantiacos.cl\/en\/#\/schema\/person\/d203e2e84b1c40275eac77b3061a19a2\"},\"headline\":\"Profesor Mart\u00edn Tironi asumi\u00f3 como Director de la escuela de Dise\u00f1o UC\",\"datePublished\":\"2022-07-13T19:21:00+00:00\",\"dateModified\":\"2023-09-04T19:22:43+00:00\",\"mainEntityOfPage\":{\"@id\":\"https:\/\/fadeu.urantiacos.cl\/en\/2022\/07\/13\/profesor-martin-tironi-asumio-como-director-de-la-escuela-de-diseno-uc\/\"},\"wordCount\":1133,\"commentCount\":0,\"image\":{\"@id\":\"https:\/\/fadeu.urantiacos.cl\/en\/2022\/07\/13\/profesor-martin-tironi-asumio-como-director-de-la-escuela-de-diseno-uc\/#primaryimage\"},\"thumbnailUrl\":\"https:\/\/fadeu.urantiacos.cl\/wp-content\/uploads\/2023\/09\/WEB_WhatsApp_Image_2022-07-08_at_12.49.11_PM.jpg\",\"articleSection\":[\"Sin categorizar\"],\"inLanguage\":\"en-US\",\"potentialAction\":[{\"@type\":\"CommentAction\",\"name\":\"Comment\",\"target\":[\"https:\/\/fadeu.urantiacos.cl\/en\/2022\/07\/13\/profesor-martin-tironi-asumio-como-director-de-la-escuela-de-diseno-uc\/#respond\"]}]},{\"@type\":\"WebPage\",\"@id\":\"https:\/\/fadeu.urantiacos.cl\/en\/2022\/07\/13\/profesor-martin-tironi-asumio-como-director-de-la-escuela-de-diseno-uc\/\",\"url\":\"https:\/\/fadeu.urantiacos.cl\/en\/2022\/07\/13\/profesor-martin-tironi-asumio-como-director-de-la-escuela-de-diseno-uc\/\",\"name\":\"Profesor Mart\u00edn Tironi asumi\u00f3 como Director de la escuela de Dise\u00f1o UC - Facultad de Arquitectura, Dise\u00f1o y Estudios Urbanos\",\"isPartOf\":{\"@id\":\"https:\/\/fadeu.urantiacos.cl\/en\/#website\"},\"primaryImageOfPage\":{\"@id\":\"https:\/\/fadeu.urantiacos.cl\/en\/2022\/07\/13\/profesor-martin-tironi-asumio-como-director-de-la-escuela-de-diseno-uc\/#primaryimage\"},\"image\":{\"@id\":\"https:\/\/fadeu.urantiacos.cl\/en\/2022\/07\/13\/profesor-martin-tironi-asumio-como-director-de-la-escuela-de-diseno-uc\/#primaryimage\"},\"thumbnailUrl\":\"https:\/\/fadeu.urantiacos.cl\/wp-content\/uploads\/2023\/09\/WEB_WhatsApp_Image_2022-07-08_at_12.49.11_PM.jpg\",\"datePublished\":\"2022-07-13T19:21:00+00:00\",\"dateModified\":\"2023-09-04T19:22:43+00:00\",\"author\":{\"@id\":\"https:\/\/fadeu.urantiacos.cl\/en\/#\/schema\/person\/d203e2e84b1c40275eac77b3061a19a2\"},\"description\":\"En una ceremonia realizada en la sala Capilla del campus Lo Contador, se reuni\u00f3 la comunidad de la Facultad de Arquitectura, Dise\u00f1o y Estudios Urbanos (FADEU), para realizar el cambio de mando y asumir oficialmente como Director de la escuela de Dise\u00f1o, el profesor Mart\u00edn Tironi.\",\"breadcrumb\":{\"@id\":\"https:\/\/fadeu.urantiacos.cl\/en\/2022\/07\/13\/profesor-martin-tironi-asumio-como-director-de-la-escuela-de-diseno-uc\/#breadcrumb\"},\"inLanguage\":\"en-US\",\"potentialAction\":[{\"@type\":\"ReadAction\",\"target\":[\"https:\/\/fadeu.urantiacos.cl\/en\/2022\/07\/13\/profesor-martin-tironi-asumio-como-director-de-la-escuela-de-diseno-uc\/\"]}]},{\"@type\":\"ImageObject\",\"inLanguage\":\"en-US\",\"@id\":\"https:\/\/fadeu.urantiacos.cl\/en\/2022\/07\/13\/profesor-martin-tironi-asumio-como-director-de-la-escuela-de-diseno-uc\/#primaryimage\",\"url\":\"https:\/\/fadeu.urantiacos.cl\/wp-content\/uploads\/2023\/09\/WEB_WhatsApp_Image_2022-07-08_at_12.49.11_PM.jpg\",\"contentUrl\":\"https:\/\/fadeu.urantiacos.cl\/wp-content\/uploads\/2023\/09\/WEB_WhatsApp_Image_2022-07-08_at_12.49.11_PM.jpg\",\"width\":350,\"height\":250},{\"@type\":\"BreadcrumbList\",\"@id\":\"https:\/\/fadeu.urantiacos.cl\/en\/2022\/07\/13\/profesor-martin-tironi-asumio-como-director-de-la-escuela-de-diseno-uc\/#breadcrumb\",\"itemListElement\":[{\"@type\":\"ListItem\",\"position\":1,\"name\":\"Portada\",\"item\":\"https:\/\/fadeu.urantiacos.cl\/en\/\"},{\"@type\":\"ListItem\",\"position\":2,\"name\":\"Profesor Mart\u00edn Tironi asumi\u00f3 como Director de la escuela de Dise\u00f1o UC\"}]},{\"@type\":\"WebSite\",\"@id\":\"https:\/\/fadeu.urantiacos.cl\/en\/#website\",\"url\":\"https:\/\/fadeu.urantiacos.cl\/en\/\",\"name\":\"Facultad de Arquitectura, Dise\u00f1o y Estudios Urbanos\",\"description\":\"Campus Lo Contador\",\"potentialAction\":[{\"@type\":\"SearchAction\",\"target\":{\"@type\":\"EntryPoint\",\"urlTemplate\":\"https:\/\/fadeu.urantiacos.cl\/en\/?s={search_term_string}\"},\"query-input\":{\"@type\":\"PropertyValueSpecification\",\"valueRequired\":true,\"valueName\":\"search_term_string\"}}],\"inLanguage\":\"en-US\"},{\"@type\":\"Person\",\"@id\":\"https:\/\/fadeu.urantiacos.cl\/en\/#\/schema\/person\/d203e2e84b1c40275eac77b3061a19a2\",\"name\":\"manadmin\",\"image\":{\"@type\":\"ImageObject\",\"inLanguage\":\"en-US\",\"@id\":\"https:\/\/fadeu.urantiacos.cl\/en\/#\/schema\/person\/image\/\",\"url\":\"https:\/\/secure.gravatar.com\/avatar\/4b1d8e3303b4a9d8968ac578947d8bc80d9aea359f388cdd4aac15cadc0e8447?s=96&d=mm&r=g\",\"contentUrl\":\"https:\/\/secure.gravatar.com\/avatar\/4b1d8e3303b4a9d8968ac578947d8bc80d9aea359f388cdd4aac15cadc0e8447?s=96&d=mm&r=g\",\"caption\":\"manadmin\"},\"sameAs\":[\"https:\/\/fadeu.urantiacos.cl\"]}]}<\/script>\n<!-- \/ Yoast SEO plugin. -->","yoast_head_json":{"title":"Profesor Mart\u00edn Tironi asumi\u00f3 como Director de la escuela de Dise\u00f1o UC - Facultad de Arquitectura, Dise\u00f1o y Estudios Urbanos","description":"En una ceremonia realizada en la sala Capilla del campus Lo Contador, se reuni\u00f3 la comunidad de la Facultad de Arquitectura, Dise\u00f1o y Estudios Urbanos (FADEU), para realizar el cambio de mando y asumir oficialmente como Director de la escuela de Dise\u00f1o, el profesor Mart\u00edn Tironi.","robots":{"index":"index","follow":"follow","max-snippet":"max-snippet:-1","max-image-preview":"max-image-preview:large","max-video-preview":"max-video-preview:-1"},"canonical":"https:\/\/fadeu.urantiacos.cl\/en\/2022\/07\/13\/profesor-martin-tironi-asumio-como-director-de-la-escuela-de-diseno-uc\/","og_locale":"en_US","og_type":"article","og_title":"Profesor Mart\u00edn Tironi asumi\u00f3 como Director de la escuela de Dise\u00f1o UC - Facultad de Arquitectura, Dise\u00f1o y Estudios Urbanos","og_description":"En una ceremonia realizada en la sala Capilla del campus Lo Contador, se reuni\u00f3 la comunidad de la Facultad de Arquitectura, Dise\u00f1o y Estudios Urbanos (FADEU), para realizar el cambio de mando y asumir oficialmente como Director de la escuela de Dise\u00f1o, el profesor Mart\u00edn Tironi.","og_url":"https:\/\/fadeu.urantiacos.cl\/en\/2022\/07\/13\/profesor-martin-tironi-asumio-como-director-de-la-escuela-de-diseno-uc\/","og_site_name":"Facultad de Arquitectura, Dise\u00f1o y Estudios Urbanos","article_published_time":"2022-07-13T19:21:00+00:00","article_modified_time":"2023-09-04T19:22:43+00:00","og_image":[{"width":350,"height":250,"url":"https:\/\/fadeu.urantiacos.cl\/wp-content\/uploads\/2023\/09\/WEB_WhatsApp_Image_2022-07-08_at_12.49.11_PM.jpg","type":"image\/jpeg"}],"author":"manadmin","twitter_card":"summary_large_image","twitter_misc":{"Written by":"manadmin","Est. reading time":"6 minutes"},"schema":{"@context":"https:\/\/schema.org","@graph":[{"@type":"Article","@id":"https:\/\/fadeu.urantiacos.cl\/en\/2022\/07\/13\/profesor-martin-tironi-asumio-como-director-de-la-escuela-de-diseno-uc\/#article","isPartOf":{"@id":"https:\/\/fadeu.urantiacos.cl\/en\/2022\/07\/13\/profesor-martin-tironi-asumio-como-director-de-la-escuela-de-diseno-uc\/"},"author":{"name":"manadmin","@id":"https:\/\/fadeu.urantiacos.cl\/en\/#\/schema\/person\/d203e2e84b1c40275eac77b3061a19a2"},"headline":"Profesor Mart\u00edn Tironi asumi\u00f3 como Director de la escuela de Dise\u00f1o UC","datePublished":"2022-07-13T19:21:00+00:00","dateModified":"2023-09-04T19:22:43+00:00","mainEntityOfPage":{"@id":"https:\/\/fadeu.urantiacos.cl\/en\/2022\/07\/13\/profesor-martin-tironi-asumio-como-director-de-la-escuela-de-diseno-uc\/"},"wordCount":1133,"commentCount":0,"image":{"@id":"https:\/\/fadeu.urantiacos.cl\/en\/2022\/07\/13\/profesor-martin-tironi-asumio-como-director-de-la-escuela-de-diseno-uc\/#primaryimage"},"thumbnailUrl":"https:\/\/fadeu.urantiacos.cl\/wp-content\/uploads\/2023\/09\/WEB_WhatsApp_Image_2022-07-08_at_12.49.11_PM.jpg","articleSection":["Sin categorizar"],"inLanguage":"en-US","potentialAction":[{"@type":"CommentAction","name":"Comment","target":["https:\/\/fadeu.urantiacos.cl\/en\/2022\/07\/13\/profesor-martin-tironi-asumio-como-director-de-la-escuela-de-diseno-uc\/#respond"]}]},{"@type":"WebPage","@id":"https:\/\/fadeu.urantiacos.cl\/en\/2022\/07\/13\/profesor-martin-tironi-asumio-como-director-de-la-escuela-de-diseno-uc\/","url":"https:\/\/fadeu.urantiacos.cl\/en\/2022\/07\/13\/profesor-martin-tironi-asumio-como-director-de-la-escuela-de-diseno-uc\/","name":"Profesor Mart\u00edn Tironi asumi\u00f3 como Director de la escuela de Dise\u00f1o UC - Facultad de Arquitectura, Dise\u00f1o y Estudios Urbanos","isPartOf":{"@id":"https:\/\/fadeu.urantiacos.cl\/en\/#website"},"primaryImageOfPage":{"@id":"https:\/\/fadeu.urantiacos.cl\/en\/2022\/07\/13\/profesor-martin-tironi-asumio-como-director-de-la-escuela-de-diseno-uc\/#primaryimage"},"image":{"@id":"https:\/\/fadeu.urantiacos.cl\/en\/2022\/07\/13\/profesor-martin-tironi-asumio-como-director-de-la-escuela-de-diseno-uc\/#primaryimage"},"thumbnailUrl":"https:\/\/fadeu.urantiacos.cl\/wp-content\/uploads\/2023\/09\/WEB_WhatsApp_Image_2022-07-08_at_12.49.11_PM.jpg","datePublished":"2022-07-13T19:21:00+00:00","dateModified":"2023-09-04T19:22:43+00:00","author":{"@id":"https:\/\/fadeu.urantiacos.cl\/en\/#\/schema\/person\/d203e2e84b1c40275eac77b3061a19a2"},"description":"En una ceremonia realizada en la sala Capilla del campus Lo Contador, se reuni\u00f3 la comunidad de la Facultad de Arquitectura, Dise\u00f1o y Estudios Urbanos (FADEU), para realizar el cambio de mando y asumir oficialmente como Director de la escuela de Dise\u00f1o, el profesor Mart\u00edn Tironi.","breadcrumb":{"@id":"https:\/\/fadeu.urantiacos.cl\/en\/2022\/07\/13\/profesor-martin-tironi-asumio-como-director-de-la-escuela-de-diseno-uc\/#breadcrumb"},"inLanguage":"en-US","potentialAction":[{"@type":"ReadAction","target":["https:\/\/fadeu.urantiacos.cl\/en\/2022\/07\/13\/profesor-martin-tironi-asumio-como-director-de-la-escuela-de-diseno-uc\/"]}]},{"@type":"ImageObject","inLanguage":"en-US","@id":"https:\/\/fadeu.urantiacos.cl\/en\/2022\/07\/13\/profesor-martin-tironi-asumio-como-director-de-la-escuela-de-diseno-uc\/#primaryimage","url":"https:\/\/fadeu.urantiacos.cl\/wp-content\/uploads\/2023\/09\/WEB_WhatsApp_Image_2022-07-08_at_12.49.11_PM.jpg","contentUrl":"https:\/\/fadeu.urantiacos.cl\/wp-content\/uploads\/2023\/09\/WEB_WhatsApp_Image_2022-07-08_at_12.49.11_PM.jpg","width":350,"height":250},{"@type":"BreadcrumbList","@id":"https:\/\/fadeu.urantiacos.cl\/en\/2022\/07\/13\/profesor-martin-tironi-asumio-como-director-de-la-escuela-de-diseno-uc\/#breadcrumb","itemListElement":[{"@type":"ListItem","position":1,"name":"Portada","item":"https:\/\/fadeu.urantiacos.cl\/en\/"},{"@type":"ListItem","position":2,"name":"Profesor Mart\u00edn Tironi asumi\u00f3 como Director de la escuela de Dise\u00f1o UC"}]},{"@type":"WebSite","@id":"https:\/\/fadeu.urantiacos.cl\/en\/#website","url":"https:\/\/fadeu.urantiacos.cl\/en\/","name":"Facultad de Arquitectura, Dise\u00f1o y Estudios Urbanos","description":"Campus Lo Contador","potentialAction":[{"@type":"SearchAction","target":{"@type":"EntryPoint","urlTemplate":"https:\/\/fadeu.urantiacos.cl\/en\/?s={search_term_string}"},"query-input":{"@type":"PropertyValueSpecification","valueRequired":true,"valueName":"search_term_string"}}],"inLanguage":"en-US"},{"@type":"Person","@id":"https:\/\/fadeu.urantiacos.cl\/en\/#\/schema\/person\/d203e2e84b1c40275eac77b3061a19a2","name":"manadmin","image":{"@type":"ImageObject","inLanguage":"en-US","@id":"https:\/\/fadeu.urantiacos.cl\/en\/#\/schema\/person\/image\/","url":"https:\/\/secure.gravatar.com\/avatar\/4b1d8e3303b4a9d8968ac578947d8bc80d9aea359f388cdd4aac15cadc0e8447?s=96&d=mm&r=g","contentUrl":"https:\/\/secure.gravatar.com\/avatar\/4b1d8e3303b4a9d8968ac578947d8bc80d9aea359f388cdd4aac15cadc0e8447?s=96&d=mm&r=g","caption":"manadmin"},"sameAs":["https:\/\/fadeu.urantiacos.cl"]}]}},"_links":{"self":[{"href":"https:\/\/fadeu.urantiacos.cl\/en\/wp-json\/wp\/v2\/posts\/4579","targetHints":{"allow":["GET"]}}],"collection":[{"href":"https:\/\/fadeu.urantiacos.cl\/en\/wp-json\/wp\/v2\/posts"}],"about":[{"href":"https:\/\/fadeu.urantiacos.cl\/en\/wp-json\/wp\/v2\/types\/post"}],"author":[{"embeddable":true,"href":"https:\/\/fadeu.urantiacos.cl\/en\/wp-json\/wp\/v2\/users\/1"}],"replies":[{"embeddable":true,"href":"https:\/\/fadeu.urantiacos.cl\/en\/wp-json\/wp\/v2\/comments?post=4579"}],"version-history":[{"count":1,"href":"https:\/\/fadeu.urantiacos.cl\/en\/wp-json\/wp\/v2\/posts\/4579\/revisions"}],"predecessor-version":[{"id":4581,"href":"https:\/\/fadeu.urantiacos.cl\/en\/wp-json\/wp\/v2\/posts\/4579\/revisions\/4581"}],"wp:featuredmedia":[{"embeddable":true,"href":"https:\/\/fadeu.urantiacos.cl\/en\/wp-json\/wp\/v2\/media\/4580"}],"wp:attachment":[{"href":"https:\/\/fadeu.urantiacos.cl\/en\/wp-json\/wp\/v2\/media?parent=4579"}],"wp:term":[{"taxonomy":"category","embeddable":true,"href":"https:\/\/fadeu.urantiacos.cl\/en\/wp-json\/wp\/v2\/categories?post=4579"},{"taxonomy":"post_tag","embeddable":true,"href":"https:\/\/fadeu.urantiacos.cl\/en\/wp-json\/wp\/v2\/tags?post=4579"}],"curies":[{"name":"wp","href":"https:\/\/api.w.org\/{rel}","templated":true}]}}