{"id":4576,"date":"2022-07-15T16:19:00","date_gmt":"2022-07-15T19:19:00","guid":{"rendered":"https:\/\/fadeu.urantiacos.cl\/?p=4576"},"modified":"2023-09-04T16:21:03","modified_gmt":"2023-09-04T19:21:03","slug":"cecilia-puga-y-dino-bozzi-participaron-en-conversatorio-de-barco-galeria-sobre-ruinas","status":"publish","type":"post","link":"https:\/\/fadeu.urantiacos.cl\/en\/2022\/07\/15\/cecilia-puga-y-dino-bozzi-participaron-en-conversatorio-de-barco-galeria-sobre-ruinas\/","title":{"rendered":"Cecilia Puga y Dino Bozzi participaron en conversatorio de Barco galer\u00eda sobre ruinas"},"content":{"rendered":"\n<figure class=\"wp-block-image size-full\"><img decoding=\"async\" width=\"350\" height=\"250\" src=\"https:\/\/fadeu.urantiacos.cl\/wp-content\/uploads\/2023\/09\/GALERIA_BARCO_17JULIO.png\" alt=\"\" class=\"wp-image-4577\" srcset=\"https:\/\/fadeu.urantiacos.cl\/wp-content\/uploads\/2023\/09\/GALERIA_BARCO_17JULIO.png 350w, https:\/\/fadeu.urantiacos.cl\/wp-content\/uploads\/2023\/09\/GALERIA_BARCO_17JULIO-300x214.png 300w\" sizes=\"(max-width: 350px) 100vw, 350px\" \/><\/figure>\n\n\n\n<p>A ra\u00edz de la muestra hom\u00f3nima en este espacio de exhibici\u00f3n \u2014que despliega y revitaliza la experiencia de la ruina a trav\u00e9s de archivos audiovisuales\u2014, y en un di\u00e1logo abierto con los profesores ARQ UC Cecilia Puga y Dino Bozzi \u2014quien adem\u00e1s es jefe del Mag\u00edster en Patrimonio Cultural UC (MAPC)\u2014, la conversaci\u00f3n en el marco del ciclo explor\u00f3 diferentes aproximaciones proyectuales a la ruina, indagando tambi\u00e9n en los problemas asociados a su conservaci\u00f3n.<\/p>\n\n\n\n<p>De esta manera, la discusi\u00f3n se bas\u00f3 en la experiencia de dos proyectos de recuperaci\u00f3n patrimonial: La Bas\u00edlica El Salvador, obra en curso liderada por Bozzi, y el caso del Palacio Pereira, liderado por Cecilia Puga e inaugurado en 2021.<\/p>\n\n\n\n<p>Puga, junto con abordar el palacio, profundiz\u00f3 en el contexto y el car\u00e1cter hist\u00f3rico que acompa\u00f1a a la ruina, precisando que no se trata de algo fijo, sino que est\u00e1 en movimiento. Sobre esto, sostuvo: \u201cLa ruina, la valoraci\u00f3n y la lectura que nosotros hacemos de ella, incluso la valoraci\u00f3n que hacemos del pasado y de la memoria, son elementos culturales y han variado en la historia\u201d. En esa l\u00ednea, agreg\u00f3: \u201cProbablemente hay momentos en la historia de la arquitectura y del urbanismo donde la valoraci\u00f3n del pasado no exist\u00eda del modo que existe hoy d\u00eda, la identidad no se constru\u00eda sobre esos cimiento, sino sobre las posibilidades futuras\u201d.<\/p>\n\n\n\n<p>Bozzi, por su lado, habl\u00f3 sobre el problema que representan las ruinas en la ciudad, destacando tambi\u00e9n un punto com\u00fan entre la Bas\u00edlica El Salvador y el Palacio Pereira: que siempre fueron edificios valorados desde afuera, sin estar realmente abiertos al p\u00fablico. Sobre este tema, se\u00f1al\u00f3: \u201cEl desaf\u00edo contempor\u00e1neo es la apertura de estos proyectos que no fueron pensados como p\u00fablicos\u201d, enfatizando esa condici\u00f3n de edificio \u201carruinado\u201d, entregando as\u00ed \u201cla posibilidad de abrirlos para compartirlos con la sociedad\u201d.<\/p>\n\n\n\n<p>Sobre \u201cRuinas urbanas\u201d_<br>La muestra es un proyecto colaborativo desarrollado entre Barco galer\u00eda y la Universidad Alberto Hurtado. Se basa en la investigaci\u00f3n de la antrop\u00f3loga Francisca M\u00e1rquez y el desarrollo audiovisual de diversos colaboradores, observando la irrupci\u00f3n de ruinas en ciudades latinoamericanas como elementos que articulan procesos hist\u00f3ricos, memorias colectivas y conflictos urbanos. Colaboran en la exhibici\u00f3n el Museo Nacional de Colombia, Bronx Distrito Creativo, Flacso Ecuador y la Universidad Cat\u00f3lica de Ecuador.<\/p>\n\n\n\n<p>Noticias<br>Contacto:&nbsp;<a href=\"mailto:redesarq@uc.cl\">redesarq@uc.cl<\/a>&nbsp;| +56 2 2354 7747<br>www.arquitectura.uc.cl&nbsp;<\/p>\n","protected":false},"excerpt":{"rendered":"<p>Los profesores ARQ UC fueron invitados en el marco del ciclo \u201cRuinas urbanas\u201d, organizado por Barco, galer\u00eda para la arquitectura en colaboraci\u00f3n con la antrop\u00f3loga Francisca M\u00e1rquez, acad\u00e9mica de la Universidad Alberto Hurtado.<\/p>\n","protected":false},"author":1,"featured_media":4577,"comment_status":"open","ping_status":"open","sticky":false,"template":"","format":"standard","meta":{"_acf_changed":false,"footnotes":""},"categories":[1],"tags":[],"class_list":["post-4576","post","type-post","status-publish","format-standard","has-post-thumbnail","hentry","category-sin-categorizar"],"acf":[],"yoast_head":"<!-- This site is optimized with the Yoast SEO plugin v27.1.1 - https:\/\/yoast.com\/product\/yoast-seo-wordpress\/ -->\n<title>Cecilia Puga y Dino Bozzi participaron en conversatorio de Barco galer\u00eda sobre ruinas - Facultad de Arquitectura, Dise\u00f1o y Estudios Urbanos<\/title>\n<meta name=\"description\" content=\"Los profesores ARQ UC fueron invitados en el marco del ciclo \u201cRuinas urbanas\u201d, organizado por Barco, galer\u00eda para la arquitectura en colaboraci\u00f3n con la antrop\u00f3loga Francisca M\u00e1rquez, acad\u00e9mica de la Universidad Alberto Hurtado.\" \/>\n<meta name=\"robots\" content=\"index, follow, max-snippet:-1, max-image-preview:large, max-video-preview:-1\" \/>\n<link rel=\"canonical\" href=\"https:\/\/fadeu.urantiacos.cl\/en\/2022\/07\/15\/cecilia-puga-y-dino-bozzi-participaron-en-conversatorio-de-barco-galeria-sobre-ruinas\/\" \/>\n<meta property=\"og:locale\" content=\"en_US\" \/>\n<meta property=\"og:type\" content=\"article\" \/>\n<meta property=\"og:title\" content=\"Cecilia Puga y Dino Bozzi participaron en conversatorio de Barco galer\u00eda sobre ruinas - Facultad de Arquitectura, Dise\u00f1o y Estudios Urbanos\" \/>\n<meta property=\"og:description\" content=\"Los profesores ARQ UC fueron invitados en el marco del ciclo \u201cRuinas urbanas\u201d, organizado por Barco, galer\u00eda para la arquitectura en colaboraci\u00f3n con la antrop\u00f3loga Francisca M\u00e1rquez, acad\u00e9mica de la Universidad Alberto Hurtado.\" \/>\n<meta property=\"og:url\" content=\"https:\/\/fadeu.urantiacos.cl\/en\/2022\/07\/15\/cecilia-puga-y-dino-bozzi-participaron-en-conversatorio-de-barco-galeria-sobre-ruinas\/\" \/>\n<meta property=\"og:site_name\" content=\"Facultad de Arquitectura, Dise\u00f1o y Estudios Urbanos\" \/>\n<meta property=\"article:published_time\" content=\"2022-07-15T19:19:00+00:00\" \/>\n<meta property=\"article:modified_time\" content=\"2023-09-04T19:21:03+00:00\" \/>\n<meta property=\"og:image\" content=\"https:\/\/fadeu.urantiacos.cl\/wp-content\/uploads\/2023\/09\/GALERIA_BARCO_17JULIO.png\" \/>\n\t<meta property=\"og:image:width\" content=\"350\" \/>\n\t<meta property=\"og:image:height\" content=\"250\" \/>\n\t<meta property=\"og:image:type\" content=\"image\/png\" \/>\n<meta name=\"author\" content=\"manadmin\" \/>\n<meta name=\"twitter:card\" content=\"summary_large_image\" \/>\n<meta name=\"twitter:label1\" content=\"Written by\" \/>\n\t<meta name=\"twitter:data1\" content=\"manadmin\" \/>\n\t<meta name=\"twitter:label2\" content=\"Est. reading time\" \/>\n\t<meta name=\"twitter:data2\" content=\"2 minutes\" \/>\n<script type=\"application\/ld+json\" class=\"yoast-schema-graph\">{\"@context\":\"https:\/\/schema.org\",\"@graph\":[{\"@type\":\"Article\",\"@id\":\"https:\/\/fadeu.urantiacos.cl\/en\/2022\/07\/15\/cecilia-puga-y-dino-bozzi-participaron-en-conversatorio-de-barco-galeria-sobre-ruinas\/#article\",\"isPartOf\":{\"@id\":\"https:\/\/fadeu.urantiacos.cl\/en\/2022\/07\/15\/cecilia-puga-y-dino-bozzi-participaron-en-conversatorio-de-barco-galeria-sobre-ruinas\/\"},\"author\":{\"name\":\"manadmin\",\"@id\":\"https:\/\/fadeu.urantiacos.cl\/en\/#\/schema\/person\/d203e2e84b1c40275eac77b3061a19a2\"},\"headline\":\"Cecilia Puga y Dino Bozzi participaron en conversatorio de Barco galer\u00eda sobre ruinas\",\"datePublished\":\"2022-07-15T19:19:00+00:00\",\"dateModified\":\"2023-09-04T19:21:03+00:00\",\"mainEntityOfPage\":{\"@id\":\"https:\/\/fadeu.urantiacos.cl\/en\/2022\/07\/15\/cecilia-puga-y-dino-bozzi-participaron-en-conversatorio-de-barco-galeria-sobre-ruinas\/\"},\"wordCount\":439,\"commentCount\":0,\"image\":{\"@id\":\"https:\/\/fadeu.urantiacos.cl\/en\/2022\/07\/15\/cecilia-puga-y-dino-bozzi-participaron-en-conversatorio-de-barco-galeria-sobre-ruinas\/#primaryimage\"},\"thumbnailUrl\":\"https:\/\/fadeu.urantiacos.cl\/wp-content\/uploads\/2023\/09\/GALERIA_BARCO_17JULIO.png\",\"articleSection\":[\"Sin categorizar\"],\"inLanguage\":\"en-US\",\"potentialAction\":[{\"@type\":\"CommentAction\",\"name\":\"Comment\",\"target\":[\"https:\/\/fadeu.urantiacos.cl\/en\/2022\/07\/15\/cecilia-puga-y-dino-bozzi-participaron-en-conversatorio-de-barco-galeria-sobre-ruinas\/#respond\"]}]},{\"@type\":\"WebPage\",\"@id\":\"https:\/\/fadeu.urantiacos.cl\/en\/2022\/07\/15\/cecilia-puga-y-dino-bozzi-participaron-en-conversatorio-de-barco-galeria-sobre-ruinas\/\",\"url\":\"https:\/\/fadeu.urantiacos.cl\/en\/2022\/07\/15\/cecilia-puga-y-dino-bozzi-participaron-en-conversatorio-de-barco-galeria-sobre-ruinas\/\",\"name\":\"Cecilia Puga y Dino Bozzi participaron en conversatorio de Barco galer\u00eda sobre ruinas - Facultad de Arquitectura, Dise\u00f1o y Estudios Urbanos\",\"isPartOf\":{\"@id\":\"https:\/\/fadeu.urantiacos.cl\/en\/#website\"},\"primaryImageOfPage\":{\"@id\":\"https:\/\/fadeu.urantiacos.cl\/en\/2022\/07\/15\/cecilia-puga-y-dino-bozzi-participaron-en-conversatorio-de-barco-galeria-sobre-ruinas\/#primaryimage\"},\"image\":{\"@id\":\"https:\/\/fadeu.urantiacos.cl\/en\/2022\/07\/15\/cecilia-puga-y-dino-bozzi-participaron-en-conversatorio-de-barco-galeria-sobre-ruinas\/#primaryimage\"},\"thumbnailUrl\":\"https:\/\/fadeu.urantiacos.cl\/wp-content\/uploads\/2023\/09\/GALERIA_BARCO_17JULIO.png\",\"datePublished\":\"2022-07-15T19:19:00+00:00\",\"dateModified\":\"2023-09-04T19:21:03+00:00\",\"author\":{\"@id\":\"https:\/\/fadeu.urantiacos.cl\/en\/#\/schema\/person\/d203e2e84b1c40275eac77b3061a19a2\"},\"description\":\"Los profesores ARQ UC fueron invitados en el marco del ciclo \u201cRuinas urbanas\u201d, organizado por Barco, galer\u00eda para la arquitectura en colaboraci\u00f3n con la antrop\u00f3loga Francisca M\u00e1rquez, acad\u00e9mica de la Universidad Alberto Hurtado.\",\"breadcrumb\":{\"@id\":\"https:\/\/fadeu.urantiacos.cl\/en\/2022\/07\/15\/cecilia-puga-y-dino-bozzi-participaron-en-conversatorio-de-barco-galeria-sobre-ruinas\/#breadcrumb\"},\"inLanguage\":\"en-US\",\"potentialAction\":[{\"@type\":\"ReadAction\",\"target\":[\"https:\/\/fadeu.urantiacos.cl\/en\/2022\/07\/15\/cecilia-puga-y-dino-bozzi-participaron-en-conversatorio-de-barco-galeria-sobre-ruinas\/\"]}]},{\"@type\":\"ImageObject\",\"inLanguage\":\"en-US\",\"@id\":\"https:\/\/fadeu.urantiacos.cl\/en\/2022\/07\/15\/cecilia-puga-y-dino-bozzi-participaron-en-conversatorio-de-barco-galeria-sobre-ruinas\/#primaryimage\",\"url\":\"https:\/\/fadeu.urantiacos.cl\/wp-content\/uploads\/2023\/09\/GALERIA_BARCO_17JULIO.png\",\"contentUrl\":\"https:\/\/fadeu.urantiacos.cl\/wp-content\/uploads\/2023\/09\/GALERIA_BARCO_17JULIO.png\",\"width\":350,\"height\":250},{\"@type\":\"BreadcrumbList\",\"@id\":\"https:\/\/fadeu.urantiacos.cl\/en\/2022\/07\/15\/cecilia-puga-y-dino-bozzi-participaron-en-conversatorio-de-barco-galeria-sobre-ruinas\/#breadcrumb\",\"itemListElement\":[{\"@type\":\"ListItem\",\"position\":1,\"name\":\"Portada\",\"item\":\"https:\/\/fadeu.urantiacos.cl\/en\/\"},{\"@type\":\"ListItem\",\"position\":2,\"name\":\"Cecilia Puga y Dino Bozzi participaron en conversatorio de Barco galer\u00eda sobre ruinas\"}]},{\"@type\":\"WebSite\",\"@id\":\"https:\/\/fadeu.urantiacos.cl\/en\/#website\",\"url\":\"https:\/\/fadeu.urantiacos.cl\/en\/\",\"name\":\"Facultad de Arquitectura, Dise\u00f1o y Estudios Urbanos\",\"description\":\"Campus Lo Contador\",\"potentialAction\":[{\"@type\":\"SearchAction\",\"target\":{\"@type\":\"EntryPoint\",\"urlTemplate\":\"https:\/\/fadeu.urantiacos.cl\/en\/?s={search_term_string}\"},\"query-input\":{\"@type\":\"PropertyValueSpecification\",\"valueRequired\":true,\"valueName\":\"search_term_string\"}}],\"inLanguage\":\"en-US\"},{\"@type\":\"Person\",\"@id\":\"https:\/\/fadeu.urantiacos.cl\/en\/#\/schema\/person\/d203e2e84b1c40275eac77b3061a19a2\",\"name\":\"manadmin\",\"image\":{\"@type\":\"ImageObject\",\"inLanguage\":\"en-US\",\"@id\":\"https:\/\/fadeu.urantiacos.cl\/en\/#\/schema\/person\/image\/\",\"url\":\"https:\/\/secure.gravatar.com\/avatar\/4b1d8e3303b4a9d8968ac578947d8bc80d9aea359f388cdd4aac15cadc0e8447?s=96&d=mm&r=g\",\"contentUrl\":\"https:\/\/secure.gravatar.com\/avatar\/4b1d8e3303b4a9d8968ac578947d8bc80d9aea359f388cdd4aac15cadc0e8447?s=96&d=mm&r=g\",\"caption\":\"manadmin\"},\"sameAs\":[\"https:\/\/fadeu.urantiacos.cl\"]}]}<\/script>\n<!-- \/ Yoast SEO plugin. -->","yoast_head_json":{"title":"Cecilia Puga y Dino Bozzi participaron en conversatorio de Barco galer\u00eda sobre ruinas - Facultad de Arquitectura, Dise\u00f1o y Estudios Urbanos","description":"Los profesores ARQ UC fueron invitados en el marco del ciclo \u201cRuinas urbanas\u201d, organizado por Barco, galer\u00eda para la arquitectura en colaboraci\u00f3n con la antrop\u00f3loga Francisca M\u00e1rquez, acad\u00e9mica de la Universidad Alberto Hurtado.","robots":{"index":"index","follow":"follow","max-snippet":"max-snippet:-1","max-image-preview":"max-image-preview:large","max-video-preview":"max-video-preview:-1"},"canonical":"https:\/\/fadeu.urantiacos.cl\/en\/2022\/07\/15\/cecilia-puga-y-dino-bozzi-participaron-en-conversatorio-de-barco-galeria-sobre-ruinas\/","og_locale":"en_US","og_type":"article","og_title":"Cecilia Puga y Dino Bozzi participaron en conversatorio de Barco galer\u00eda sobre ruinas - Facultad de Arquitectura, Dise\u00f1o y Estudios Urbanos","og_description":"Los profesores ARQ UC fueron invitados en el marco del ciclo \u201cRuinas urbanas\u201d, organizado por Barco, galer\u00eda para la arquitectura en colaboraci\u00f3n con la antrop\u00f3loga Francisca M\u00e1rquez, acad\u00e9mica de la Universidad Alberto Hurtado.","og_url":"https:\/\/fadeu.urantiacos.cl\/en\/2022\/07\/15\/cecilia-puga-y-dino-bozzi-participaron-en-conversatorio-de-barco-galeria-sobre-ruinas\/","og_site_name":"Facultad de Arquitectura, Dise\u00f1o y Estudios Urbanos","article_published_time":"2022-07-15T19:19:00+00:00","article_modified_time":"2023-09-04T19:21:03+00:00","og_image":[{"width":350,"height":250,"url":"https:\/\/fadeu.urantiacos.cl\/wp-content\/uploads\/2023\/09\/GALERIA_BARCO_17JULIO.png","type":"image\/png"}],"author":"manadmin","twitter_card":"summary_large_image","twitter_misc":{"Written by":"manadmin","Est. reading time":"2 minutes"},"schema":{"@context":"https:\/\/schema.org","@graph":[{"@type":"Article","@id":"https:\/\/fadeu.urantiacos.cl\/en\/2022\/07\/15\/cecilia-puga-y-dino-bozzi-participaron-en-conversatorio-de-barco-galeria-sobre-ruinas\/#article","isPartOf":{"@id":"https:\/\/fadeu.urantiacos.cl\/en\/2022\/07\/15\/cecilia-puga-y-dino-bozzi-participaron-en-conversatorio-de-barco-galeria-sobre-ruinas\/"},"author":{"name":"manadmin","@id":"https:\/\/fadeu.urantiacos.cl\/en\/#\/schema\/person\/d203e2e84b1c40275eac77b3061a19a2"},"headline":"Cecilia Puga y Dino Bozzi participaron en conversatorio de Barco galer\u00eda sobre ruinas","datePublished":"2022-07-15T19:19:00+00:00","dateModified":"2023-09-04T19:21:03+00:00","mainEntityOfPage":{"@id":"https:\/\/fadeu.urantiacos.cl\/en\/2022\/07\/15\/cecilia-puga-y-dino-bozzi-participaron-en-conversatorio-de-barco-galeria-sobre-ruinas\/"},"wordCount":439,"commentCount":0,"image":{"@id":"https:\/\/fadeu.urantiacos.cl\/en\/2022\/07\/15\/cecilia-puga-y-dino-bozzi-participaron-en-conversatorio-de-barco-galeria-sobre-ruinas\/#primaryimage"},"thumbnailUrl":"https:\/\/fadeu.urantiacos.cl\/wp-content\/uploads\/2023\/09\/GALERIA_BARCO_17JULIO.png","articleSection":["Sin categorizar"],"inLanguage":"en-US","potentialAction":[{"@type":"CommentAction","name":"Comment","target":["https:\/\/fadeu.urantiacos.cl\/en\/2022\/07\/15\/cecilia-puga-y-dino-bozzi-participaron-en-conversatorio-de-barco-galeria-sobre-ruinas\/#respond"]}]},{"@type":"WebPage","@id":"https:\/\/fadeu.urantiacos.cl\/en\/2022\/07\/15\/cecilia-puga-y-dino-bozzi-participaron-en-conversatorio-de-barco-galeria-sobre-ruinas\/","url":"https:\/\/fadeu.urantiacos.cl\/en\/2022\/07\/15\/cecilia-puga-y-dino-bozzi-participaron-en-conversatorio-de-barco-galeria-sobre-ruinas\/","name":"Cecilia Puga y Dino Bozzi participaron en conversatorio de Barco galer\u00eda sobre ruinas - Facultad de Arquitectura, Dise\u00f1o y Estudios Urbanos","isPartOf":{"@id":"https:\/\/fadeu.urantiacos.cl\/en\/#website"},"primaryImageOfPage":{"@id":"https:\/\/fadeu.urantiacos.cl\/en\/2022\/07\/15\/cecilia-puga-y-dino-bozzi-participaron-en-conversatorio-de-barco-galeria-sobre-ruinas\/#primaryimage"},"image":{"@id":"https:\/\/fadeu.urantiacos.cl\/en\/2022\/07\/15\/cecilia-puga-y-dino-bozzi-participaron-en-conversatorio-de-barco-galeria-sobre-ruinas\/#primaryimage"},"thumbnailUrl":"https:\/\/fadeu.urantiacos.cl\/wp-content\/uploads\/2023\/09\/GALERIA_BARCO_17JULIO.png","datePublished":"2022-07-15T19:19:00+00:00","dateModified":"2023-09-04T19:21:03+00:00","author":{"@id":"https:\/\/fadeu.urantiacos.cl\/en\/#\/schema\/person\/d203e2e84b1c40275eac77b3061a19a2"},"description":"Los profesores ARQ UC fueron invitados en el marco del ciclo \u201cRuinas urbanas\u201d, organizado por Barco, galer\u00eda para la arquitectura en colaboraci\u00f3n con la antrop\u00f3loga Francisca M\u00e1rquez, acad\u00e9mica de la Universidad Alberto Hurtado.","breadcrumb":{"@id":"https:\/\/fadeu.urantiacos.cl\/en\/2022\/07\/15\/cecilia-puga-y-dino-bozzi-participaron-en-conversatorio-de-barco-galeria-sobre-ruinas\/#breadcrumb"},"inLanguage":"en-US","potentialAction":[{"@type":"ReadAction","target":["https:\/\/fadeu.urantiacos.cl\/en\/2022\/07\/15\/cecilia-puga-y-dino-bozzi-participaron-en-conversatorio-de-barco-galeria-sobre-ruinas\/"]}]},{"@type":"ImageObject","inLanguage":"en-US","@id":"https:\/\/fadeu.urantiacos.cl\/en\/2022\/07\/15\/cecilia-puga-y-dino-bozzi-participaron-en-conversatorio-de-barco-galeria-sobre-ruinas\/#primaryimage","url":"https:\/\/fadeu.urantiacos.cl\/wp-content\/uploads\/2023\/09\/GALERIA_BARCO_17JULIO.png","contentUrl":"https:\/\/fadeu.urantiacos.cl\/wp-content\/uploads\/2023\/09\/GALERIA_BARCO_17JULIO.png","width":350,"height":250},{"@type":"BreadcrumbList","@id":"https:\/\/fadeu.urantiacos.cl\/en\/2022\/07\/15\/cecilia-puga-y-dino-bozzi-participaron-en-conversatorio-de-barco-galeria-sobre-ruinas\/#breadcrumb","itemListElement":[{"@type":"ListItem","position":1,"name":"Portada","item":"https:\/\/fadeu.urantiacos.cl\/en\/"},{"@type":"ListItem","position":2,"name":"Cecilia Puga y Dino Bozzi participaron en conversatorio de Barco galer\u00eda sobre ruinas"}]},{"@type":"WebSite","@id":"https:\/\/fadeu.urantiacos.cl\/en\/#website","url":"https:\/\/fadeu.urantiacos.cl\/en\/","name":"Facultad de Arquitectura, Dise\u00f1o y Estudios Urbanos","description":"Campus Lo Contador","potentialAction":[{"@type":"SearchAction","target":{"@type":"EntryPoint","urlTemplate":"https:\/\/fadeu.urantiacos.cl\/en\/?s={search_term_string}"},"query-input":{"@type":"PropertyValueSpecification","valueRequired":true,"valueName":"search_term_string"}}],"inLanguage":"en-US"},{"@type":"Person","@id":"https:\/\/fadeu.urantiacos.cl\/en\/#\/schema\/person\/d203e2e84b1c40275eac77b3061a19a2","name":"manadmin","image":{"@type":"ImageObject","inLanguage":"en-US","@id":"https:\/\/fadeu.urantiacos.cl\/en\/#\/schema\/person\/image\/","url":"https:\/\/secure.gravatar.com\/avatar\/4b1d8e3303b4a9d8968ac578947d8bc80d9aea359f388cdd4aac15cadc0e8447?s=96&d=mm&r=g","contentUrl":"https:\/\/secure.gravatar.com\/avatar\/4b1d8e3303b4a9d8968ac578947d8bc80d9aea359f388cdd4aac15cadc0e8447?s=96&d=mm&r=g","caption":"manadmin"},"sameAs":["https:\/\/fadeu.urantiacos.cl"]}]}},"_links":{"self":[{"href":"https:\/\/fadeu.urantiacos.cl\/en\/wp-json\/wp\/v2\/posts\/4576","targetHints":{"allow":["GET"]}}],"collection":[{"href":"https:\/\/fadeu.urantiacos.cl\/en\/wp-json\/wp\/v2\/posts"}],"about":[{"href":"https:\/\/fadeu.urantiacos.cl\/en\/wp-json\/wp\/v2\/types\/post"}],"author":[{"embeddable":true,"href":"https:\/\/fadeu.urantiacos.cl\/en\/wp-json\/wp\/v2\/users\/1"}],"replies":[{"embeddable":true,"href":"https:\/\/fadeu.urantiacos.cl\/en\/wp-json\/wp\/v2\/comments?post=4576"}],"version-history":[{"count":1,"href":"https:\/\/fadeu.urantiacos.cl\/en\/wp-json\/wp\/v2\/posts\/4576\/revisions"}],"predecessor-version":[{"id":4578,"href":"https:\/\/fadeu.urantiacos.cl\/en\/wp-json\/wp\/v2\/posts\/4576\/revisions\/4578"}],"wp:featuredmedia":[{"embeddable":true,"href":"https:\/\/fadeu.urantiacos.cl\/en\/wp-json\/wp\/v2\/media\/4577"}],"wp:attachment":[{"href":"https:\/\/fadeu.urantiacos.cl\/en\/wp-json\/wp\/v2\/media?parent=4576"}],"wp:term":[{"taxonomy":"category","embeddable":true,"href":"https:\/\/fadeu.urantiacos.cl\/en\/wp-json\/wp\/v2\/categories?post=4576"},{"taxonomy":"post_tag","embeddable":true,"href":"https:\/\/fadeu.urantiacos.cl\/en\/wp-json\/wp\/v2\/tags?post=4576"}],"curies":[{"name":"wp","href":"https:\/\/api.w.org\/{rel}","templated":true}]}}