{"id":4570,"date":"2022-07-15T16:16:00","date_gmt":"2022-07-15T19:16:00","guid":{"rendered":"https:\/\/fadeu.urantiacos.cl\/?p=4570"},"modified":"2023-09-04T16:17:43","modified_gmt":"2023-09-04T19:17:43","slug":"fondart-regional-de-gabriela-sandoval-comienza-implementacion","status":"publish","type":"post","link":"https:\/\/fadeu.urantiacos.cl\/en\/2022\/07\/15\/fondart-regional-de-gabriela-sandoval-comienza-implementacion\/","title":{"rendered":"Fondart Regional de Gabriela Sandoval comienza implementaci\u00f3n"},"content":{"rendered":"\n<figure class=\"wp-block-image size-full\"><img decoding=\"async\" width=\"350\" height=\"250\" src=\"https:\/\/fadeu.urantiacos.cl\/wp-content\/uploads\/2023\/09\/web_Captura-de-Pantalla-2022-07-06-a-las-13.38.38.png\" alt=\"\" class=\"wp-image-4571\" srcset=\"https:\/\/fadeu.urantiacos.cl\/wp-content\/uploads\/2023\/09\/web_Captura-de-Pantalla-2022-07-06-a-las-13.38.38.png 350w, https:\/\/fadeu.urantiacos.cl\/wp-content\/uploads\/2023\/09\/web_Captura-de-Pantalla-2022-07-06-a-las-13.38.38-300x214.png 300w\" sizes=\"(max-width: 350px) 100vw, 350px\" \/><\/figure>\n\n\n\n<p>El proyecto, desarrollado en conjunto con las artesanas textiles&nbsp;Malvina Garc\u00eda y Ver\u00f3nica Molina, es un recurso educativo que fomenta la lectura y que permite conocer, junto a ni\u00f1os y ni\u00f1as de m\u00e1s 3 a\u00f1os, a 11 personajes t\u00edpicos del archipi\u00e9lago de Chilo\u00e9 a trav\u00e9s de adivinanzas. Iniciativa busca, mediante juego, rimas y versos, acercar a ni\u00f1os y ni\u00f1as a vivir experiencias de calidad y disfrutar el goce por la literatura.<\/p>\n\n\n\n<p>La inspiraci\u00f3n principal de este proyecto es otorgar momentos memorables, significativos y divertidos, promoviendo una atm\u00f3sfera c\u00e1lida y acogedora. Durante su busca fomentar aprendizajes ligados a: conocimiento de algunas individualidades t\u00edpicas del archipi\u00e9lago; reconocimiento de flora y fauna; descubrimiento de mitos y leyendas que habitan en la cultura popular; y aproximaci\u00f3n a las costumbres que rescatan el patrimonio natural y cultural de Chilo\u00e9.<\/p>\n\n\n\n<p>\u201cEstamos muy contentas con el resultado del proyecto: con esta iniciativa queremos aportar a que los ni\u00f1os y ni\u00f1as de la regi\u00f3n de Los Lagos y Chile en general puedan valorar y conocer el patrimonio natural y cultural del archipi\u00e9lago de Chilo\u00e9 a trav\u00e9s del juego y la lectura. Adem\u00e1s, quisimos hacer dialogar las disciplinas, como el dise\u00f1o, la artesan\u00eda y la literatura, para poner en valor el oficio artesanal de la creaci\u00f3n de mu\u00f1ecos textiles; y esperamos poder crear momentos memorables para los ni\u00f1os y las ni\u00f1as que usen el set\u201d comenta Gabriela Sandoval, responsable del proyecto.<\/p>\n\n\n\n<p>El set contiene los siguientes elementos:<\/p>\n\n\n\n<ul class=\"wp-block-list\">\n<li>Una mu\u00f1eca Panchita tejida en lana de oveja&nbsp;<\/li>\n\n\n\n<li>Once tarjetas l\u00fadicas de personajes t\u00edpicos de Chilo\u00e9<\/li>\n\n\n\n<li>Un afiche del mapa del archipi\u00e9lago de Chilo\u00e9 y las sugerencias de uso e informaci\u00f3n complementaria<\/li>\n\n\n\n<li>Una tarjeta de bienvenida<\/li>\n<\/ul>\n\n\n\n<p>El set cuenta con un sitio&nbsp;<em>web&nbsp;<\/em>que contiene m\u00e1s informaci\u00f3n sobre el proyecto,&nbsp;<a href=\"https:\/\/panchitarecorrechiloe.com\/\">https:\/\/panchitarecorrechiloe.com\/<\/a>&nbsp;en el cual hay material audiovisual para ver el proceso productivo y tambi\u00e9n un taller de mediaci\u00f3n disponible para comprender distintas estrategias para usar el material.<\/p>\n","protected":false},"excerpt":{"rendered":"<p>\u201cPanchita recorre Chilo\u00e9\u201c, proyecto financiado por el FONDART Regional Los Lagos 2021, de la responsable Gabriela Sandoval, acad\u00e9mica de la Escuela y dise\u00f1adora del Programa de Artesan\u00eda UC, comienza las actividades de implementaci\u00f3n.<\/p>\n","protected":false},"author":1,"featured_media":4571,"comment_status":"open","ping_status":"open","sticky":false,"template":"","format":"standard","meta":{"_acf_changed":false,"footnotes":""},"categories":[1],"tags":[],"class_list":["post-4570","post","type-post","status-publish","format-standard","has-post-thumbnail","hentry","category-sin-categorizar"],"acf":[],"yoast_head":"<!-- This site is optimized with the Yoast SEO plugin v27.1.1 - https:\/\/yoast.com\/product\/yoast-seo-wordpress\/ -->\n<title>Fondart Regional de Gabriela Sandoval comienza implementaci\u00f3n - Facultad de Arquitectura, Dise\u00f1o y Estudios Urbanos<\/title>\n<meta name=\"description\" content=\"\u201cPanchita recorre Chilo\u00e9\u201c, proyecto financiado por el FONDART Regional Los Lagos 2021, de la responsable Gabriela Sandoval, acad\u00e9mica de la Escuela y dise\u00f1adora del Programa de Artesan\u00eda UC, comienza las actividades de implementaci\u00f3n.\" \/>\n<meta name=\"robots\" content=\"index, follow, max-snippet:-1, max-image-preview:large, max-video-preview:-1\" \/>\n<link rel=\"canonical\" href=\"https:\/\/fadeu.urantiacos.cl\/en\/2022\/07\/15\/fondart-regional-de-gabriela-sandoval-comienza-implementacion\/\" \/>\n<meta property=\"og:locale\" content=\"en_US\" \/>\n<meta property=\"og:type\" content=\"article\" \/>\n<meta property=\"og:title\" content=\"Fondart Regional de Gabriela Sandoval comienza implementaci\u00f3n - Facultad de Arquitectura, Dise\u00f1o y Estudios Urbanos\" \/>\n<meta property=\"og:description\" content=\"\u201cPanchita recorre Chilo\u00e9\u201c, proyecto financiado por el FONDART Regional Los Lagos 2021, de la responsable Gabriela Sandoval, acad\u00e9mica de la Escuela y dise\u00f1adora del Programa de Artesan\u00eda UC, comienza las actividades de implementaci\u00f3n.\" \/>\n<meta property=\"og:url\" content=\"https:\/\/fadeu.urantiacos.cl\/en\/2022\/07\/15\/fondart-regional-de-gabriela-sandoval-comienza-implementacion\/\" \/>\n<meta property=\"og:site_name\" content=\"Facultad de Arquitectura, Dise\u00f1o y Estudios Urbanos\" \/>\n<meta property=\"article:published_time\" content=\"2022-07-15T19:16:00+00:00\" \/>\n<meta property=\"article:modified_time\" content=\"2023-09-04T19:17:43+00:00\" \/>\n<meta property=\"og:image\" content=\"https:\/\/fadeu.urantiacos.cl\/wp-content\/uploads\/2023\/09\/web_Captura-de-Pantalla-2022-07-06-a-las-13.38.38.png\" \/>\n\t<meta property=\"og:image:width\" content=\"350\" \/>\n\t<meta property=\"og:image:height\" content=\"250\" \/>\n\t<meta property=\"og:image:type\" content=\"image\/png\" \/>\n<meta name=\"author\" content=\"manadmin\" \/>\n<meta name=\"twitter:card\" content=\"summary_large_image\" \/>\n<meta name=\"twitter:label1\" content=\"Written by\" \/>\n\t<meta name=\"twitter:data1\" content=\"manadmin\" \/>\n\t<meta name=\"twitter:label2\" content=\"Est. reading time\" \/>\n\t<meta name=\"twitter:data2\" content=\"2 minutes\" \/>\n<script type=\"application\/ld+json\" class=\"yoast-schema-graph\">{\"@context\":\"https:\/\/schema.org\",\"@graph\":[{\"@type\":\"Article\",\"@id\":\"https:\/\/fadeu.urantiacos.cl\/en\/2022\/07\/15\/fondart-regional-de-gabriela-sandoval-comienza-implementacion\/#article\",\"isPartOf\":{\"@id\":\"https:\/\/fadeu.urantiacos.cl\/en\/2022\/07\/15\/fondart-regional-de-gabriela-sandoval-comienza-implementacion\/\"},\"author\":{\"name\":\"manadmin\",\"@id\":\"https:\/\/fadeu.urantiacos.cl\/en\/#\/schema\/person\/d203e2e84b1c40275eac77b3061a19a2\"},\"headline\":\"Fondart Regional de Gabriela Sandoval comienza implementaci\u00f3n\",\"datePublished\":\"2022-07-15T19:16:00+00:00\",\"dateModified\":\"2023-09-04T19:17:43+00:00\",\"mainEntityOfPage\":{\"@id\":\"https:\/\/fadeu.urantiacos.cl\/en\/2022\/07\/15\/fondart-regional-de-gabriela-sandoval-comienza-implementacion\/\"},\"wordCount\":367,\"commentCount\":0,\"image\":{\"@id\":\"https:\/\/fadeu.urantiacos.cl\/en\/2022\/07\/15\/fondart-regional-de-gabriela-sandoval-comienza-implementacion\/#primaryimage\"},\"thumbnailUrl\":\"https:\/\/fadeu.urantiacos.cl\/wp-content\/uploads\/2023\/09\/web_Captura-de-Pantalla-2022-07-06-a-las-13.38.38.png\",\"articleSection\":[\"Sin categorizar\"],\"inLanguage\":\"en-US\",\"potentialAction\":[{\"@type\":\"CommentAction\",\"name\":\"Comment\",\"target\":[\"https:\/\/fadeu.urantiacos.cl\/en\/2022\/07\/15\/fondart-regional-de-gabriela-sandoval-comienza-implementacion\/#respond\"]}]},{\"@type\":\"WebPage\",\"@id\":\"https:\/\/fadeu.urantiacos.cl\/en\/2022\/07\/15\/fondart-regional-de-gabriela-sandoval-comienza-implementacion\/\",\"url\":\"https:\/\/fadeu.urantiacos.cl\/en\/2022\/07\/15\/fondart-regional-de-gabriela-sandoval-comienza-implementacion\/\",\"name\":\"Fondart Regional de Gabriela Sandoval comienza implementaci\u00f3n - Facultad de Arquitectura, Dise\u00f1o y Estudios Urbanos\",\"isPartOf\":{\"@id\":\"https:\/\/fadeu.urantiacos.cl\/en\/#website\"},\"primaryImageOfPage\":{\"@id\":\"https:\/\/fadeu.urantiacos.cl\/en\/2022\/07\/15\/fondart-regional-de-gabriela-sandoval-comienza-implementacion\/#primaryimage\"},\"image\":{\"@id\":\"https:\/\/fadeu.urantiacos.cl\/en\/2022\/07\/15\/fondart-regional-de-gabriela-sandoval-comienza-implementacion\/#primaryimage\"},\"thumbnailUrl\":\"https:\/\/fadeu.urantiacos.cl\/wp-content\/uploads\/2023\/09\/web_Captura-de-Pantalla-2022-07-06-a-las-13.38.38.png\",\"datePublished\":\"2022-07-15T19:16:00+00:00\",\"dateModified\":\"2023-09-04T19:17:43+00:00\",\"author\":{\"@id\":\"https:\/\/fadeu.urantiacos.cl\/en\/#\/schema\/person\/d203e2e84b1c40275eac77b3061a19a2\"},\"description\":\"\u201cPanchita recorre Chilo\u00e9\u201c, proyecto financiado por el FONDART Regional Los Lagos 2021, de la responsable Gabriela Sandoval, acad\u00e9mica de la Escuela y dise\u00f1adora del Programa de Artesan\u00eda UC, comienza las actividades de implementaci\u00f3n.\",\"breadcrumb\":{\"@id\":\"https:\/\/fadeu.urantiacos.cl\/en\/2022\/07\/15\/fondart-regional-de-gabriela-sandoval-comienza-implementacion\/#breadcrumb\"},\"inLanguage\":\"en-US\",\"potentialAction\":[{\"@type\":\"ReadAction\",\"target\":[\"https:\/\/fadeu.urantiacos.cl\/en\/2022\/07\/15\/fondart-regional-de-gabriela-sandoval-comienza-implementacion\/\"]}]},{\"@type\":\"ImageObject\",\"inLanguage\":\"en-US\",\"@id\":\"https:\/\/fadeu.urantiacos.cl\/en\/2022\/07\/15\/fondart-regional-de-gabriela-sandoval-comienza-implementacion\/#primaryimage\",\"url\":\"https:\/\/fadeu.urantiacos.cl\/wp-content\/uploads\/2023\/09\/web_Captura-de-Pantalla-2022-07-06-a-las-13.38.38.png\",\"contentUrl\":\"https:\/\/fadeu.urantiacos.cl\/wp-content\/uploads\/2023\/09\/web_Captura-de-Pantalla-2022-07-06-a-las-13.38.38.png\",\"width\":350,\"height\":250},{\"@type\":\"BreadcrumbList\",\"@id\":\"https:\/\/fadeu.urantiacos.cl\/en\/2022\/07\/15\/fondart-regional-de-gabriela-sandoval-comienza-implementacion\/#breadcrumb\",\"itemListElement\":[{\"@type\":\"ListItem\",\"position\":1,\"name\":\"Portada\",\"item\":\"https:\/\/fadeu.urantiacos.cl\/en\/\"},{\"@type\":\"ListItem\",\"position\":2,\"name\":\"Fondart Regional de Gabriela Sandoval comienza implementaci\u00f3n\"}]},{\"@type\":\"WebSite\",\"@id\":\"https:\/\/fadeu.urantiacos.cl\/en\/#website\",\"url\":\"https:\/\/fadeu.urantiacos.cl\/en\/\",\"name\":\"Facultad de Arquitectura, Dise\u00f1o y Estudios Urbanos\",\"description\":\"Campus Lo Contador\",\"potentialAction\":[{\"@type\":\"SearchAction\",\"target\":{\"@type\":\"EntryPoint\",\"urlTemplate\":\"https:\/\/fadeu.urantiacos.cl\/en\/?s={search_term_string}\"},\"query-input\":{\"@type\":\"PropertyValueSpecification\",\"valueRequired\":true,\"valueName\":\"search_term_string\"}}],\"inLanguage\":\"en-US\"},{\"@type\":\"Person\",\"@id\":\"https:\/\/fadeu.urantiacos.cl\/en\/#\/schema\/person\/d203e2e84b1c40275eac77b3061a19a2\",\"name\":\"manadmin\",\"image\":{\"@type\":\"ImageObject\",\"inLanguage\":\"en-US\",\"@id\":\"https:\/\/fadeu.urantiacos.cl\/en\/#\/schema\/person\/image\/\",\"url\":\"https:\/\/secure.gravatar.com\/avatar\/4b1d8e3303b4a9d8968ac578947d8bc80d9aea359f388cdd4aac15cadc0e8447?s=96&d=mm&r=g\",\"contentUrl\":\"https:\/\/secure.gravatar.com\/avatar\/4b1d8e3303b4a9d8968ac578947d8bc80d9aea359f388cdd4aac15cadc0e8447?s=96&d=mm&r=g\",\"caption\":\"manadmin\"},\"sameAs\":[\"https:\/\/fadeu.urantiacos.cl\"]}]}<\/script>\n<!-- \/ Yoast SEO plugin. -->","yoast_head_json":{"title":"Fondart Regional de Gabriela Sandoval comienza implementaci\u00f3n - Facultad de Arquitectura, Dise\u00f1o y Estudios Urbanos","description":"\u201cPanchita recorre Chilo\u00e9\u201c, proyecto financiado por el FONDART Regional Los Lagos 2021, de la responsable Gabriela Sandoval, acad\u00e9mica de la Escuela y dise\u00f1adora del Programa de Artesan\u00eda UC, comienza las actividades de implementaci\u00f3n.","robots":{"index":"index","follow":"follow","max-snippet":"max-snippet:-1","max-image-preview":"max-image-preview:large","max-video-preview":"max-video-preview:-1"},"canonical":"https:\/\/fadeu.urantiacos.cl\/en\/2022\/07\/15\/fondart-regional-de-gabriela-sandoval-comienza-implementacion\/","og_locale":"en_US","og_type":"article","og_title":"Fondart Regional de Gabriela Sandoval comienza implementaci\u00f3n - Facultad de Arquitectura, Dise\u00f1o y Estudios Urbanos","og_description":"\u201cPanchita recorre Chilo\u00e9\u201c, proyecto financiado por el FONDART Regional Los Lagos 2021, de la responsable Gabriela Sandoval, acad\u00e9mica de la Escuela y dise\u00f1adora del Programa de Artesan\u00eda UC, comienza las actividades de implementaci\u00f3n.","og_url":"https:\/\/fadeu.urantiacos.cl\/en\/2022\/07\/15\/fondart-regional-de-gabriela-sandoval-comienza-implementacion\/","og_site_name":"Facultad de Arquitectura, Dise\u00f1o y Estudios Urbanos","article_published_time":"2022-07-15T19:16:00+00:00","article_modified_time":"2023-09-04T19:17:43+00:00","og_image":[{"width":350,"height":250,"url":"https:\/\/fadeu.urantiacos.cl\/wp-content\/uploads\/2023\/09\/web_Captura-de-Pantalla-2022-07-06-a-las-13.38.38.png","type":"image\/png"}],"author":"manadmin","twitter_card":"summary_large_image","twitter_misc":{"Written by":"manadmin","Est. reading time":"2 minutes"},"schema":{"@context":"https:\/\/schema.org","@graph":[{"@type":"Article","@id":"https:\/\/fadeu.urantiacos.cl\/en\/2022\/07\/15\/fondart-regional-de-gabriela-sandoval-comienza-implementacion\/#article","isPartOf":{"@id":"https:\/\/fadeu.urantiacos.cl\/en\/2022\/07\/15\/fondart-regional-de-gabriela-sandoval-comienza-implementacion\/"},"author":{"name":"manadmin","@id":"https:\/\/fadeu.urantiacos.cl\/en\/#\/schema\/person\/d203e2e84b1c40275eac77b3061a19a2"},"headline":"Fondart Regional de Gabriela Sandoval comienza implementaci\u00f3n","datePublished":"2022-07-15T19:16:00+00:00","dateModified":"2023-09-04T19:17:43+00:00","mainEntityOfPage":{"@id":"https:\/\/fadeu.urantiacos.cl\/en\/2022\/07\/15\/fondart-regional-de-gabriela-sandoval-comienza-implementacion\/"},"wordCount":367,"commentCount":0,"image":{"@id":"https:\/\/fadeu.urantiacos.cl\/en\/2022\/07\/15\/fondart-regional-de-gabriela-sandoval-comienza-implementacion\/#primaryimage"},"thumbnailUrl":"https:\/\/fadeu.urantiacos.cl\/wp-content\/uploads\/2023\/09\/web_Captura-de-Pantalla-2022-07-06-a-las-13.38.38.png","articleSection":["Sin categorizar"],"inLanguage":"en-US","potentialAction":[{"@type":"CommentAction","name":"Comment","target":["https:\/\/fadeu.urantiacos.cl\/en\/2022\/07\/15\/fondart-regional-de-gabriela-sandoval-comienza-implementacion\/#respond"]}]},{"@type":"WebPage","@id":"https:\/\/fadeu.urantiacos.cl\/en\/2022\/07\/15\/fondart-regional-de-gabriela-sandoval-comienza-implementacion\/","url":"https:\/\/fadeu.urantiacos.cl\/en\/2022\/07\/15\/fondart-regional-de-gabriela-sandoval-comienza-implementacion\/","name":"Fondart Regional de Gabriela Sandoval comienza implementaci\u00f3n - Facultad de Arquitectura, Dise\u00f1o y Estudios Urbanos","isPartOf":{"@id":"https:\/\/fadeu.urantiacos.cl\/en\/#website"},"primaryImageOfPage":{"@id":"https:\/\/fadeu.urantiacos.cl\/en\/2022\/07\/15\/fondart-regional-de-gabriela-sandoval-comienza-implementacion\/#primaryimage"},"image":{"@id":"https:\/\/fadeu.urantiacos.cl\/en\/2022\/07\/15\/fondart-regional-de-gabriela-sandoval-comienza-implementacion\/#primaryimage"},"thumbnailUrl":"https:\/\/fadeu.urantiacos.cl\/wp-content\/uploads\/2023\/09\/web_Captura-de-Pantalla-2022-07-06-a-las-13.38.38.png","datePublished":"2022-07-15T19:16:00+00:00","dateModified":"2023-09-04T19:17:43+00:00","author":{"@id":"https:\/\/fadeu.urantiacos.cl\/en\/#\/schema\/person\/d203e2e84b1c40275eac77b3061a19a2"},"description":"\u201cPanchita recorre Chilo\u00e9\u201c, proyecto financiado por el FONDART Regional Los Lagos 2021, de la responsable Gabriela Sandoval, acad\u00e9mica de la Escuela y dise\u00f1adora del Programa de Artesan\u00eda UC, comienza las actividades de implementaci\u00f3n.","breadcrumb":{"@id":"https:\/\/fadeu.urantiacos.cl\/en\/2022\/07\/15\/fondart-regional-de-gabriela-sandoval-comienza-implementacion\/#breadcrumb"},"inLanguage":"en-US","potentialAction":[{"@type":"ReadAction","target":["https:\/\/fadeu.urantiacos.cl\/en\/2022\/07\/15\/fondart-regional-de-gabriela-sandoval-comienza-implementacion\/"]}]},{"@type":"ImageObject","inLanguage":"en-US","@id":"https:\/\/fadeu.urantiacos.cl\/en\/2022\/07\/15\/fondart-regional-de-gabriela-sandoval-comienza-implementacion\/#primaryimage","url":"https:\/\/fadeu.urantiacos.cl\/wp-content\/uploads\/2023\/09\/web_Captura-de-Pantalla-2022-07-06-a-las-13.38.38.png","contentUrl":"https:\/\/fadeu.urantiacos.cl\/wp-content\/uploads\/2023\/09\/web_Captura-de-Pantalla-2022-07-06-a-las-13.38.38.png","width":350,"height":250},{"@type":"BreadcrumbList","@id":"https:\/\/fadeu.urantiacos.cl\/en\/2022\/07\/15\/fondart-regional-de-gabriela-sandoval-comienza-implementacion\/#breadcrumb","itemListElement":[{"@type":"ListItem","position":1,"name":"Portada","item":"https:\/\/fadeu.urantiacos.cl\/en\/"},{"@type":"ListItem","position":2,"name":"Fondart Regional de Gabriela Sandoval comienza implementaci\u00f3n"}]},{"@type":"WebSite","@id":"https:\/\/fadeu.urantiacos.cl\/en\/#website","url":"https:\/\/fadeu.urantiacos.cl\/en\/","name":"Facultad de Arquitectura, Dise\u00f1o y Estudios Urbanos","description":"Campus Lo Contador","potentialAction":[{"@type":"SearchAction","target":{"@type":"EntryPoint","urlTemplate":"https:\/\/fadeu.urantiacos.cl\/en\/?s={search_term_string}"},"query-input":{"@type":"PropertyValueSpecification","valueRequired":true,"valueName":"search_term_string"}}],"inLanguage":"en-US"},{"@type":"Person","@id":"https:\/\/fadeu.urantiacos.cl\/en\/#\/schema\/person\/d203e2e84b1c40275eac77b3061a19a2","name":"manadmin","image":{"@type":"ImageObject","inLanguage":"en-US","@id":"https:\/\/fadeu.urantiacos.cl\/en\/#\/schema\/person\/image\/","url":"https:\/\/secure.gravatar.com\/avatar\/4b1d8e3303b4a9d8968ac578947d8bc80d9aea359f388cdd4aac15cadc0e8447?s=96&d=mm&r=g","contentUrl":"https:\/\/secure.gravatar.com\/avatar\/4b1d8e3303b4a9d8968ac578947d8bc80d9aea359f388cdd4aac15cadc0e8447?s=96&d=mm&r=g","caption":"manadmin"},"sameAs":["https:\/\/fadeu.urantiacos.cl"]}]}},"_links":{"self":[{"href":"https:\/\/fadeu.urantiacos.cl\/en\/wp-json\/wp\/v2\/posts\/4570","targetHints":{"allow":["GET"]}}],"collection":[{"href":"https:\/\/fadeu.urantiacos.cl\/en\/wp-json\/wp\/v2\/posts"}],"about":[{"href":"https:\/\/fadeu.urantiacos.cl\/en\/wp-json\/wp\/v2\/types\/post"}],"author":[{"embeddable":true,"href":"https:\/\/fadeu.urantiacos.cl\/en\/wp-json\/wp\/v2\/users\/1"}],"replies":[{"embeddable":true,"href":"https:\/\/fadeu.urantiacos.cl\/en\/wp-json\/wp\/v2\/comments?post=4570"}],"version-history":[{"count":1,"href":"https:\/\/fadeu.urantiacos.cl\/en\/wp-json\/wp\/v2\/posts\/4570\/revisions"}],"predecessor-version":[{"id":4572,"href":"https:\/\/fadeu.urantiacos.cl\/en\/wp-json\/wp\/v2\/posts\/4570\/revisions\/4572"}],"wp:featuredmedia":[{"embeddable":true,"href":"https:\/\/fadeu.urantiacos.cl\/en\/wp-json\/wp\/v2\/media\/4571"}],"wp:attachment":[{"href":"https:\/\/fadeu.urantiacos.cl\/en\/wp-json\/wp\/v2\/media?parent=4570"}],"wp:term":[{"taxonomy":"category","embeddable":true,"href":"https:\/\/fadeu.urantiacos.cl\/en\/wp-json\/wp\/v2\/categories?post=4570"},{"taxonomy":"post_tag","embeddable":true,"href":"https:\/\/fadeu.urantiacos.cl\/en\/wp-json\/wp\/v2\/tags?post=4570"}],"curies":[{"name":"wp","href":"https:\/\/api.w.org\/{rel}","templated":true}]}}