{"id":4564,"date":"2022-07-17T16:10:00","date_gmt":"2022-07-17T19:10:00","guid":{"rendered":"https:\/\/fadeu.urantiacos.cl\/?p=4564"},"modified":"2023-09-04T16:14:09","modified_gmt":"2023-09-04T19:14:09","slug":"profesores-arq-uc-participan-en-seminario-sobre-historia-del-patrimonio","status":"publish","type":"post","link":"https:\/\/fadeu.urantiacos.cl\/en\/2022\/07\/17\/profesores-arq-uc-participan-en-seminario-sobre-historia-del-patrimonio\/","title":{"rendered":"Profesores ARQ UC participan en seminario sobre historia del patrimonio"},"content":{"rendered":"\n<figure class=\"wp-block-image size-full\"><img decoding=\"async\" width=\"350\" height=\"250\" src=\"https:\/\/fadeu.urantiacos.cl\/wp-content\/uploads\/2023\/09\/WEB_Captura_de_Pantalla_2022-07-17_a_las_20.20.18.png\" alt=\"\" class=\"wp-image-4565\" srcset=\"https:\/\/fadeu.urantiacos.cl\/wp-content\/uploads\/2023\/09\/WEB_Captura_de_Pantalla_2022-07-17_a_las_20.20.18.png 350w, https:\/\/fadeu.urantiacos.cl\/wp-content\/uploads\/2023\/09\/WEB_Captura_de_Pantalla_2022-07-17_a_las_20.20.18-300x214.png 300w\" sizes=\"(max-width: 350px) 100vw, 350px\" \/><\/figure>\n\n\n\n<p>El seminario, titulado \u201cHistoria de la conservaci\u00f3n del patrimonio edificado en Am\u00e9rica Latina y el Caribe\u201d, se plante\u00f3 como una actividad de intercambio, que involucr\u00f3 a investigadores de Argentina, Brasil, Colombia, M\u00e9xico, Per\u00fa y Chile, convocados a presentar el trabajo de sus equipos a una red regional. Esto, buscando analizar el estado de la investigaci\u00f3n sobre la historia del patrimonio arquitect\u00f3nico en Am\u00e9rica Latina y tambi\u00e9n construir un plan de trabajo para dar continuidad a esta red de investigadores.<\/p>\n\n\n\n<p>En ese contexto, presentaron sus experiencias de investigaci\u00f3n los profesores ARQ UC Jos\u00e9 de Nordenflycht y Elvira P\u00e9rez \u2014tambi\u00e9n subdirectora de Investigaci\u00f3n y Desarrollo de la escuela\u2014 y el estudiante del Mag\u00edster en Patrimonio Cultural UC (MAPC) Pablo Cuevas. De Nordenflycht \u2014en su calidad de acad\u00e9mico de la Universidad de Playa Ancha en Chile y organizador del seminario\u2014 estuvo a cargo adem\u00e1s de la coordinaci\u00f3n y moderaci\u00f3n del evento.<\/p>\n\n\n\n<p>En orden de aparici\u00f3n, las presentaciones de los miembros de la comunidad ARQ UC fueron:<br>&#8211; \u201cEl Consejo de Monumentos Nacionales y los or\u00edgenes de la protecci\u00f3n oficial del patrimonio monumental en Chile (1925-1942)\u201d (D\u00eda 1, min 15:00) | Pablo Cuevas, estudiante MAPC<br>&#8211; \u201cHistoria del patrimonio \/ Patrimonio de la historia: construcci\u00f3n de un concepto en Chile\u201d (D\u00eda 2, min 04:00) | Jos\u00e9 de Nordenflycht, profesor ARQ UC<br>&#8211; \u201cPatrimonio, proyecto y ciudad: casos de transformaci\u00f3n sostenible en el centro de Santiago de Chile\u201d (D\u00eda 2, min. 2:55:00) | Elvira P\u00e9rez, profesora ARQ UC<\/p>\n\n\n\n<p>El seminario se realiz\u00f3 en formato online los d\u00edas 12 y 13 de julio de 2022 y fue transmitido por el canal de YouTube de ICCROM.<\/p>\n\n\n\n<p>Visitar web de ICCROM en el siguiente&nbsp;<a href=\"https:\/\/www.iccrom.org\/es\/\" target=\"_blank\" rel=\"noreferrer noopener\">enlace<\/a>&nbsp;<\/p>\n\n\n\n<p>Seminario \u201cHistoria de la conservaci\u00f3n del patrimonio edificado en Am\u00e9rica Latina y el Caribe\u201d | D\u00eda 1, martes 12 de julio, 2022<\/p>\n\n\n\n<figure class=\"wp-block-embed is-type-video is-provider-youtube wp-block-embed-youtube wp-embed-aspect-16-9 wp-has-aspect-ratio\"><div class=\"wp-block-embed__wrapper\">\n<iframe loading=\"lazy\" title=\"Seminario Historia de la Conservaci\u00f3n del Patrimonio Edificado en Am\u00e9rica Latina y el Caribe - D\u00eda 1\" width=\"500\" height=\"281\" src=\"https:\/\/www.youtube.com\/embed\/FGf-xR9K2Bk?feature=oembed\" frameborder=\"0\" allow=\"accelerometer; autoplay; clipboard-write; encrypted-media; gyroscope; picture-in-picture; web-share\" referrerpolicy=\"strict-origin-when-cross-origin\" allowfullscreen><\/iframe>\n<\/div><\/figure>\n\n\n\n<p>Seminario \u201cHistoria de la conservaci\u00f3n del patrimonio edificado en Am\u00e9rica Latina y el Caribe\u201d | D\u00eda 2, mi\u00e9rcoles 13 de julio, 2022<br><\/p>\n\n\n\n<figure class=\"wp-block-embed is-type-video is-provider-youtube wp-block-embed-youtube wp-embed-aspect-16-9 wp-has-aspect-ratio\"><div class=\"wp-block-embed__wrapper\">\n<iframe loading=\"lazy\" title=\"Seminario Historia de la Conservaci\u00f3n del Patrimonio Edificado en Am\u00e9rica Latina y el Caribe - D\u00eda 2\" width=\"500\" height=\"281\" src=\"https:\/\/www.youtube.com\/embed\/1FaBX3cpE3s?feature=oembed\" frameborder=\"0\" allow=\"accelerometer; autoplay; clipboard-write; encrypted-media; gyroscope; picture-in-picture; web-share\" referrerpolicy=\"strict-origin-when-cross-origin\" allowfullscreen><\/iframe>\n<\/div><\/figure>\n\n\n\n<p>Noticias<br>Contacto:&nbsp;<a href=\"mailto:redesarq@uc.cl\">redesarq@uc.cl<\/a>&nbsp;| +56 2 2354 7747<br>www.arquitectura.uc.cl&nbsp;<\/p>\n","protected":false},"excerpt":{"rendered":"<p>El evento \u2014organizado por el Centro Internacional de Estudios de Conservaci\u00f3n y Restauraci\u00f3n de los Bienes Culturales (ICCROM), la Universidad Federal de Bah\u00eda (Brasil) y la Universidad de Playa Ancha (Chile)\u2014 cont\u00f3 con la colaboraci\u00f3n de Jos\u00e9 de Nordenflycht y la participaci\u00f3n de Elvira P\u00e9rez, subdirectora de Investigaci\u00f3n y Desarrollo de la escuela. Expuso tambi\u00e9n el estudiante del Mag\u00edster en Patrimonio Cultural UC (MAPC) Pablo Cuevas.<\/p>\n","protected":false},"author":1,"featured_media":4565,"comment_status":"open","ping_status":"open","sticky":false,"template":"","format":"standard","meta":{"_acf_changed":false,"footnotes":""},"categories":[1],"tags":[],"class_list":["post-4564","post","type-post","status-publish","format-standard","has-post-thumbnail","hentry","category-sin-categorizar"],"acf":[],"yoast_head":"<!-- This site is optimized with the Yoast SEO plugin v27.1.1 - https:\/\/yoast.com\/product\/yoast-seo-wordpress\/ -->\n<title>Profesores ARQ UC participan en seminario sobre historia del patrimonio - Facultad de Arquitectura, Dise\u00f1o y Estudios Urbanos<\/title>\n<meta name=\"description\" content=\"El evento \u2014organizado por el Centro Internacional de Estudios de Conservaci\u00f3n y Restauraci\u00f3n de los Bienes Culturales (ICCROM), la Universidad Federal de Bah\u00eda (Brasil) y la Universidad de Playa Ancha (Chile)\u2014 cont\u00f3 con la colaboraci\u00f3n de Jos\u00e9 de Nordenflycht y la participaci\u00f3n de Elvira P\u00e9rez, subdirectora de Investigaci\u00f3n y Desarrollo de la escuela. Expuso tambi\u00e9n el estudiante del Mag\u00edster en Patrimonio Cultural UC (MAPC) Pablo Cuevas.\" \/>\n<meta name=\"robots\" content=\"index, follow, max-snippet:-1, max-image-preview:large, max-video-preview:-1\" \/>\n<link rel=\"canonical\" href=\"https:\/\/fadeu.urantiacos.cl\/en\/2022\/07\/17\/profesores-arq-uc-participan-en-seminario-sobre-historia-del-patrimonio\/\" \/>\n<meta property=\"og:locale\" content=\"en_US\" \/>\n<meta property=\"og:type\" content=\"article\" \/>\n<meta property=\"og:title\" content=\"Profesores ARQ UC participan en seminario sobre historia del patrimonio - Facultad de Arquitectura, Dise\u00f1o y Estudios Urbanos\" \/>\n<meta property=\"og:description\" content=\"El evento \u2014organizado por el Centro Internacional de Estudios de Conservaci\u00f3n y Restauraci\u00f3n de los Bienes Culturales (ICCROM), la Universidad Federal de Bah\u00eda (Brasil) y la Universidad de Playa Ancha (Chile)\u2014 cont\u00f3 con la colaboraci\u00f3n de Jos\u00e9 de Nordenflycht y la participaci\u00f3n de Elvira P\u00e9rez, subdirectora de Investigaci\u00f3n y Desarrollo de la escuela. Expuso tambi\u00e9n el estudiante del Mag\u00edster en Patrimonio Cultural UC (MAPC) Pablo Cuevas.\" \/>\n<meta property=\"og:url\" content=\"https:\/\/fadeu.urantiacos.cl\/en\/2022\/07\/17\/profesores-arq-uc-participan-en-seminario-sobre-historia-del-patrimonio\/\" \/>\n<meta property=\"og:site_name\" content=\"Facultad de Arquitectura, Dise\u00f1o y Estudios Urbanos\" \/>\n<meta property=\"article:published_time\" content=\"2022-07-17T19:10:00+00:00\" \/>\n<meta property=\"article:modified_time\" content=\"2023-09-04T19:14:09+00:00\" \/>\n<meta property=\"og:image\" content=\"https:\/\/fadeu.urantiacos.cl\/wp-content\/uploads\/2023\/09\/WEB_Captura_de_Pantalla_2022-07-17_a_las_20.20.18.png\" \/>\n\t<meta property=\"og:image:width\" content=\"350\" \/>\n\t<meta property=\"og:image:height\" content=\"250\" \/>\n\t<meta property=\"og:image:type\" content=\"image\/png\" \/>\n<meta name=\"author\" content=\"manadmin\" \/>\n<meta name=\"twitter:card\" content=\"summary_large_image\" \/>\n<meta name=\"twitter:label1\" content=\"Written by\" \/>\n\t<meta name=\"twitter:data1\" content=\"manadmin\" \/>\n\t<meta name=\"twitter:label2\" content=\"Est. reading time\" \/>\n\t<meta name=\"twitter:data2\" content=\"2 minutes\" \/>\n<script type=\"application\/ld+json\" class=\"yoast-schema-graph\">{\"@context\":\"https:\/\/schema.org\",\"@graph\":[{\"@type\":\"Article\",\"@id\":\"https:\/\/fadeu.urantiacos.cl\/en\/2022\/07\/17\/profesores-arq-uc-participan-en-seminario-sobre-historia-del-patrimonio\/#article\",\"isPartOf\":{\"@id\":\"https:\/\/fadeu.urantiacos.cl\/en\/2022\/07\/17\/profesores-arq-uc-participan-en-seminario-sobre-historia-del-patrimonio\/\"},\"author\":{\"name\":\"manadmin\",\"@id\":\"https:\/\/fadeu.urantiacos.cl\/en\/#\/schema\/person\/d203e2e84b1c40275eac77b3061a19a2\"},\"headline\":\"Profesores ARQ UC participan en seminario sobre historia del patrimonio\",\"datePublished\":\"2022-07-17T19:10:00+00:00\",\"dateModified\":\"2023-09-04T19:14:09+00:00\",\"mainEntityOfPage\":{\"@id\":\"https:\/\/fadeu.urantiacos.cl\/en\/2022\/07\/17\/profesores-arq-uc-participan-en-seminario-sobre-historia-del-patrimonio\/\"},\"wordCount\":366,\"commentCount\":0,\"image\":{\"@id\":\"https:\/\/fadeu.urantiacos.cl\/en\/2022\/07\/17\/profesores-arq-uc-participan-en-seminario-sobre-historia-del-patrimonio\/#primaryimage\"},\"thumbnailUrl\":\"https:\/\/fadeu.urantiacos.cl\/wp-content\/uploads\/2023\/09\/WEB_Captura_de_Pantalla_2022-07-17_a_las_20.20.18.png\",\"articleSection\":[\"Sin categorizar\"],\"inLanguage\":\"en-US\",\"potentialAction\":[{\"@type\":\"CommentAction\",\"name\":\"Comment\",\"target\":[\"https:\/\/fadeu.urantiacos.cl\/en\/2022\/07\/17\/profesores-arq-uc-participan-en-seminario-sobre-historia-del-patrimonio\/#respond\"]}]},{\"@type\":\"WebPage\",\"@id\":\"https:\/\/fadeu.urantiacos.cl\/en\/2022\/07\/17\/profesores-arq-uc-participan-en-seminario-sobre-historia-del-patrimonio\/\",\"url\":\"https:\/\/fadeu.urantiacos.cl\/en\/2022\/07\/17\/profesores-arq-uc-participan-en-seminario-sobre-historia-del-patrimonio\/\",\"name\":\"Profesores ARQ UC participan en seminario sobre historia del patrimonio - Facultad de Arquitectura, Dise\u00f1o y Estudios Urbanos\",\"isPartOf\":{\"@id\":\"https:\/\/fadeu.urantiacos.cl\/en\/#website\"},\"primaryImageOfPage\":{\"@id\":\"https:\/\/fadeu.urantiacos.cl\/en\/2022\/07\/17\/profesores-arq-uc-participan-en-seminario-sobre-historia-del-patrimonio\/#primaryimage\"},\"image\":{\"@id\":\"https:\/\/fadeu.urantiacos.cl\/en\/2022\/07\/17\/profesores-arq-uc-participan-en-seminario-sobre-historia-del-patrimonio\/#primaryimage\"},\"thumbnailUrl\":\"https:\/\/fadeu.urantiacos.cl\/wp-content\/uploads\/2023\/09\/WEB_Captura_de_Pantalla_2022-07-17_a_las_20.20.18.png\",\"datePublished\":\"2022-07-17T19:10:00+00:00\",\"dateModified\":\"2023-09-04T19:14:09+00:00\",\"author\":{\"@id\":\"https:\/\/fadeu.urantiacos.cl\/en\/#\/schema\/person\/d203e2e84b1c40275eac77b3061a19a2\"},\"description\":\"El evento \u2014organizado por el Centro Internacional de Estudios de Conservaci\u00f3n y Restauraci\u00f3n de los Bienes Culturales (ICCROM), la Universidad Federal de Bah\u00eda (Brasil) y la Universidad de Playa Ancha (Chile)\u2014 cont\u00f3 con la colaboraci\u00f3n de Jos\u00e9 de Nordenflycht y la participaci\u00f3n de Elvira P\u00e9rez, subdirectora de Investigaci\u00f3n y Desarrollo de la escuela. Expuso tambi\u00e9n el estudiante del Mag\u00edster en Patrimonio Cultural UC (MAPC) Pablo Cuevas.\",\"breadcrumb\":{\"@id\":\"https:\/\/fadeu.urantiacos.cl\/en\/2022\/07\/17\/profesores-arq-uc-participan-en-seminario-sobre-historia-del-patrimonio\/#breadcrumb\"},\"inLanguage\":\"en-US\",\"potentialAction\":[{\"@type\":\"ReadAction\",\"target\":[\"https:\/\/fadeu.urantiacos.cl\/en\/2022\/07\/17\/profesores-arq-uc-participan-en-seminario-sobre-historia-del-patrimonio\/\"]}]},{\"@type\":\"ImageObject\",\"inLanguage\":\"en-US\",\"@id\":\"https:\/\/fadeu.urantiacos.cl\/en\/2022\/07\/17\/profesores-arq-uc-participan-en-seminario-sobre-historia-del-patrimonio\/#primaryimage\",\"url\":\"https:\/\/fadeu.urantiacos.cl\/wp-content\/uploads\/2023\/09\/WEB_Captura_de_Pantalla_2022-07-17_a_las_20.20.18.png\",\"contentUrl\":\"https:\/\/fadeu.urantiacos.cl\/wp-content\/uploads\/2023\/09\/WEB_Captura_de_Pantalla_2022-07-17_a_las_20.20.18.png\",\"width\":350,\"height\":250},{\"@type\":\"BreadcrumbList\",\"@id\":\"https:\/\/fadeu.urantiacos.cl\/en\/2022\/07\/17\/profesores-arq-uc-participan-en-seminario-sobre-historia-del-patrimonio\/#breadcrumb\",\"itemListElement\":[{\"@type\":\"ListItem\",\"position\":1,\"name\":\"Portada\",\"item\":\"https:\/\/fadeu.urantiacos.cl\/en\/\"},{\"@type\":\"ListItem\",\"position\":2,\"name\":\"Profesores ARQ UC participan en seminario sobre historia del patrimonio\"}]},{\"@type\":\"WebSite\",\"@id\":\"https:\/\/fadeu.urantiacos.cl\/en\/#website\",\"url\":\"https:\/\/fadeu.urantiacos.cl\/en\/\",\"name\":\"Facultad de Arquitectura, Dise\u00f1o y Estudios Urbanos\",\"description\":\"Campus Lo Contador\",\"potentialAction\":[{\"@type\":\"SearchAction\",\"target\":{\"@type\":\"EntryPoint\",\"urlTemplate\":\"https:\/\/fadeu.urantiacos.cl\/en\/?s={search_term_string}\"},\"query-input\":{\"@type\":\"PropertyValueSpecification\",\"valueRequired\":true,\"valueName\":\"search_term_string\"}}],\"inLanguage\":\"en-US\"},{\"@type\":\"Person\",\"@id\":\"https:\/\/fadeu.urantiacos.cl\/en\/#\/schema\/person\/d203e2e84b1c40275eac77b3061a19a2\",\"name\":\"manadmin\",\"image\":{\"@type\":\"ImageObject\",\"inLanguage\":\"en-US\",\"@id\":\"https:\/\/fadeu.urantiacos.cl\/en\/#\/schema\/person\/image\/\",\"url\":\"https:\/\/secure.gravatar.com\/avatar\/4b1d8e3303b4a9d8968ac578947d8bc80d9aea359f388cdd4aac15cadc0e8447?s=96&d=mm&r=g\",\"contentUrl\":\"https:\/\/secure.gravatar.com\/avatar\/4b1d8e3303b4a9d8968ac578947d8bc80d9aea359f388cdd4aac15cadc0e8447?s=96&d=mm&r=g\",\"caption\":\"manadmin\"},\"sameAs\":[\"https:\/\/fadeu.urantiacos.cl\"]}]}<\/script>\n<!-- \/ Yoast SEO plugin. -->","yoast_head_json":{"title":"Profesores ARQ UC participan en seminario sobre historia del patrimonio - Facultad de Arquitectura, Dise\u00f1o y Estudios Urbanos","description":"El evento \u2014organizado por el Centro Internacional de Estudios de Conservaci\u00f3n y Restauraci\u00f3n de los Bienes Culturales (ICCROM), la Universidad Federal de Bah\u00eda (Brasil) y la Universidad de Playa Ancha (Chile)\u2014 cont\u00f3 con la colaboraci\u00f3n de Jos\u00e9 de Nordenflycht y la participaci\u00f3n de Elvira P\u00e9rez, subdirectora de Investigaci\u00f3n y Desarrollo de la escuela. Expuso tambi\u00e9n el estudiante del Mag\u00edster en Patrimonio Cultural UC (MAPC) Pablo Cuevas.","robots":{"index":"index","follow":"follow","max-snippet":"max-snippet:-1","max-image-preview":"max-image-preview:large","max-video-preview":"max-video-preview:-1"},"canonical":"https:\/\/fadeu.urantiacos.cl\/en\/2022\/07\/17\/profesores-arq-uc-participan-en-seminario-sobre-historia-del-patrimonio\/","og_locale":"en_US","og_type":"article","og_title":"Profesores ARQ UC participan en seminario sobre historia del patrimonio - Facultad de Arquitectura, Dise\u00f1o y Estudios Urbanos","og_description":"El evento \u2014organizado por el Centro Internacional de Estudios de Conservaci\u00f3n y Restauraci\u00f3n de los Bienes Culturales (ICCROM), la Universidad Federal de Bah\u00eda (Brasil) y la Universidad de Playa Ancha (Chile)\u2014 cont\u00f3 con la colaboraci\u00f3n de Jos\u00e9 de Nordenflycht y la participaci\u00f3n de Elvira P\u00e9rez, subdirectora de Investigaci\u00f3n y Desarrollo de la escuela. Expuso tambi\u00e9n el estudiante del Mag\u00edster en Patrimonio Cultural UC (MAPC) Pablo Cuevas.","og_url":"https:\/\/fadeu.urantiacos.cl\/en\/2022\/07\/17\/profesores-arq-uc-participan-en-seminario-sobre-historia-del-patrimonio\/","og_site_name":"Facultad de Arquitectura, Dise\u00f1o y Estudios Urbanos","article_published_time":"2022-07-17T19:10:00+00:00","article_modified_time":"2023-09-04T19:14:09+00:00","og_image":[{"width":350,"height":250,"url":"https:\/\/fadeu.urantiacos.cl\/wp-content\/uploads\/2023\/09\/WEB_Captura_de_Pantalla_2022-07-17_a_las_20.20.18.png","type":"image\/png"}],"author":"manadmin","twitter_card":"summary_large_image","twitter_misc":{"Written by":"manadmin","Est. reading time":"2 minutes"},"schema":{"@context":"https:\/\/schema.org","@graph":[{"@type":"Article","@id":"https:\/\/fadeu.urantiacos.cl\/en\/2022\/07\/17\/profesores-arq-uc-participan-en-seminario-sobre-historia-del-patrimonio\/#article","isPartOf":{"@id":"https:\/\/fadeu.urantiacos.cl\/en\/2022\/07\/17\/profesores-arq-uc-participan-en-seminario-sobre-historia-del-patrimonio\/"},"author":{"name":"manadmin","@id":"https:\/\/fadeu.urantiacos.cl\/en\/#\/schema\/person\/d203e2e84b1c40275eac77b3061a19a2"},"headline":"Profesores ARQ UC participan en seminario sobre historia del patrimonio","datePublished":"2022-07-17T19:10:00+00:00","dateModified":"2023-09-04T19:14:09+00:00","mainEntityOfPage":{"@id":"https:\/\/fadeu.urantiacos.cl\/en\/2022\/07\/17\/profesores-arq-uc-participan-en-seminario-sobre-historia-del-patrimonio\/"},"wordCount":366,"commentCount":0,"image":{"@id":"https:\/\/fadeu.urantiacos.cl\/en\/2022\/07\/17\/profesores-arq-uc-participan-en-seminario-sobre-historia-del-patrimonio\/#primaryimage"},"thumbnailUrl":"https:\/\/fadeu.urantiacos.cl\/wp-content\/uploads\/2023\/09\/WEB_Captura_de_Pantalla_2022-07-17_a_las_20.20.18.png","articleSection":["Sin categorizar"],"inLanguage":"en-US","potentialAction":[{"@type":"CommentAction","name":"Comment","target":["https:\/\/fadeu.urantiacos.cl\/en\/2022\/07\/17\/profesores-arq-uc-participan-en-seminario-sobre-historia-del-patrimonio\/#respond"]}]},{"@type":"WebPage","@id":"https:\/\/fadeu.urantiacos.cl\/en\/2022\/07\/17\/profesores-arq-uc-participan-en-seminario-sobre-historia-del-patrimonio\/","url":"https:\/\/fadeu.urantiacos.cl\/en\/2022\/07\/17\/profesores-arq-uc-participan-en-seminario-sobre-historia-del-patrimonio\/","name":"Profesores ARQ UC participan en seminario sobre historia del patrimonio - Facultad de Arquitectura, Dise\u00f1o y Estudios Urbanos","isPartOf":{"@id":"https:\/\/fadeu.urantiacos.cl\/en\/#website"},"primaryImageOfPage":{"@id":"https:\/\/fadeu.urantiacos.cl\/en\/2022\/07\/17\/profesores-arq-uc-participan-en-seminario-sobre-historia-del-patrimonio\/#primaryimage"},"image":{"@id":"https:\/\/fadeu.urantiacos.cl\/en\/2022\/07\/17\/profesores-arq-uc-participan-en-seminario-sobre-historia-del-patrimonio\/#primaryimage"},"thumbnailUrl":"https:\/\/fadeu.urantiacos.cl\/wp-content\/uploads\/2023\/09\/WEB_Captura_de_Pantalla_2022-07-17_a_las_20.20.18.png","datePublished":"2022-07-17T19:10:00+00:00","dateModified":"2023-09-04T19:14:09+00:00","author":{"@id":"https:\/\/fadeu.urantiacos.cl\/en\/#\/schema\/person\/d203e2e84b1c40275eac77b3061a19a2"},"description":"El evento \u2014organizado por el Centro Internacional de Estudios de Conservaci\u00f3n y Restauraci\u00f3n de los Bienes Culturales (ICCROM), la Universidad Federal de Bah\u00eda (Brasil) y la Universidad de Playa Ancha (Chile)\u2014 cont\u00f3 con la colaboraci\u00f3n de Jos\u00e9 de Nordenflycht y la participaci\u00f3n de Elvira P\u00e9rez, subdirectora de Investigaci\u00f3n y Desarrollo de la escuela. Expuso tambi\u00e9n el estudiante del Mag\u00edster en Patrimonio Cultural UC (MAPC) Pablo Cuevas.","breadcrumb":{"@id":"https:\/\/fadeu.urantiacos.cl\/en\/2022\/07\/17\/profesores-arq-uc-participan-en-seminario-sobre-historia-del-patrimonio\/#breadcrumb"},"inLanguage":"en-US","potentialAction":[{"@type":"ReadAction","target":["https:\/\/fadeu.urantiacos.cl\/en\/2022\/07\/17\/profesores-arq-uc-participan-en-seminario-sobre-historia-del-patrimonio\/"]}]},{"@type":"ImageObject","inLanguage":"en-US","@id":"https:\/\/fadeu.urantiacos.cl\/en\/2022\/07\/17\/profesores-arq-uc-participan-en-seminario-sobre-historia-del-patrimonio\/#primaryimage","url":"https:\/\/fadeu.urantiacos.cl\/wp-content\/uploads\/2023\/09\/WEB_Captura_de_Pantalla_2022-07-17_a_las_20.20.18.png","contentUrl":"https:\/\/fadeu.urantiacos.cl\/wp-content\/uploads\/2023\/09\/WEB_Captura_de_Pantalla_2022-07-17_a_las_20.20.18.png","width":350,"height":250},{"@type":"BreadcrumbList","@id":"https:\/\/fadeu.urantiacos.cl\/en\/2022\/07\/17\/profesores-arq-uc-participan-en-seminario-sobre-historia-del-patrimonio\/#breadcrumb","itemListElement":[{"@type":"ListItem","position":1,"name":"Portada","item":"https:\/\/fadeu.urantiacos.cl\/en\/"},{"@type":"ListItem","position":2,"name":"Profesores ARQ UC participan en seminario sobre historia del patrimonio"}]},{"@type":"WebSite","@id":"https:\/\/fadeu.urantiacos.cl\/en\/#website","url":"https:\/\/fadeu.urantiacos.cl\/en\/","name":"Facultad de Arquitectura, Dise\u00f1o y Estudios Urbanos","description":"Campus Lo Contador","potentialAction":[{"@type":"SearchAction","target":{"@type":"EntryPoint","urlTemplate":"https:\/\/fadeu.urantiacos.cl\/en\/?s={search_term_string}"},"query-input":{"@type":"PropertyValueSpecification","valueRequired":true,"valueName":"search_term_string"}}],"inLanguage":"en-US"},{"@type":"Person","@id":"https:\/\/fadeu.urantiacos.cl\/en\/#\/schema\/person\/d203e2e84b1c40275eac77b3061a19a2","name":"manadmin","image":{"@type":"ImageObject","inLanguage":"en-US","@id":"https:\/\/fadeu.urantiacos.cl\/en\/#\/schema\/person\/image\/","url":"https:\/\/secure.gravatar.com\/avatar\/4b1d8e3303b4a9d8968ac578947d8bc80d9aea359f388cdd4aac15cadc0e8447?s=96&d=mm&r=g","contentUrl":"https:\/\/secure.gravatar.com\/avatar\/4b1d8e3303b4a9d8968ac578947d8bc80d9aea359f388cdd4aac15cadc0e8447?s=96&d=mm&r=g","caption":"manadmin"},"sameAs":["https:\/\/fadeu.urantiacos.cl"]}]}},"_links":{"self":[{"href":"https:\/\/fadeu.urantiacos.cl\/en\/wp-json\/wp\/v2\/posts\/4564","targetHints":{"allow":["GET"]}}],"collection":[{"href":"https:\/\/fadeu.urantiacos.cl\/en\/wp-json\/wp\/v2\/posts"}],"about":[{"href":"https:\/\/fadeu.urantiacos.cl\/en\/wp-json\/wp\/v2\/types\/post"}],"author":[{"embeddable":true,"href":"https:\/\/fadeu.urantiacos.cl\/en\/wp-json\/wp\/v2\/users\/1"}],"replies":[{"embeddable":true,"href":"https:\/\/fadeu.urantiacos.cl\/en\/wp-json\/wp\/v2\/comments?post=4564"}],"version-history":[{"count":1,"href":"https:\/\/fadeu.urantiacos.cl\/en\/wp-json\/wp\/v2\/posts\/4564\/revisions"}],"predecessor-version":[{"id":4566,"href":"https:\/\/fadeu.urantiacos.cl\/en\/wp-json\/wp\/v2\/posts\/4564\/revisions\/4566"}],"wp:featuredmedia":[{"embeddable":true,"href":"https:\/\/fadeu.urantiacos.cl\/en\/wp-json\/wp\/v2\/media\/4565"}],"wp:attachment":[{"href":"https:\/\/fadeu.urantiacos.cl\/en\/wp-json\/wp\/v2\/media?parent=4564"}],"wp:term":[{"taxonomy":"category","embeddable":true,"href":"https:\/\/fadeu.urantiacos.cl\/en\/wp-json\/wp\/v2\/categories?post=4564"},{"taxonomy":"post_tag","embeddable":true,"href":"https:\/\/fadeu.urantiacos.cl\/en\/wp-json\/wp\/v2\/tags?post=4564"}],"curies":[{"name":"wp","href":"https:\/\/api.w.org\/{rel}","templated":true}]}}