{"id":4561,"date":"2022-07-18T16:08:00","date_gmt":"2022-07-18T19:08:00","guid":{"rendered":"https:\/\/fadeu.urantiacos.cl\/?p=4561"},"modified":"2023-09-04T16:10:52","modified_gmt":"2023-09-04T19:10:52","slug":"pedro-alonso-y-hugo-palmarola-exponen-en-portugal","status":"publish","type":"post","link":"https:\/\/fadeu.urantiacos.cl\/en\/2022\/07\/18\/pedro-alonso-y-hugo-palmarola-exponen-en-portugal\/","title":{"rendered":"Pedro Alonso y Hugo Palmarola exponen en Portugal"},"content":{"rendered":"\n<figure class=\"wp-block-image size-full\"><img decoding=\"async\" width=\"350\" height=\"250\" src=\"https:\/\/fadeu.urantiacos.cl\/wp-content\/uploads\/2023\/09\/web_HP1_4.png\" alt=\"\" class=\"wp-image-4562\" srcset=\"https:\/\/fadeu.urantiacos.cl\/wp-content\/uploads\/2023\/09\/web_HP1_4.png 350w, https:\/\/fadeu.urantiacos.cl\/wp-content\/uploads\/2023\/09\/web_HP1_4-300x214.png 300w\" sizes=\"(max-width: 350px) 100vw, 350px\" \/><\/figure>\n\n\n\n<p>Curada y dise\u00f1ada por el Summary Studio, la exposici\u00f3n cuenta con la participaci\u00f3n de Jorge Christie y Mart\u00edn Alvarez, Pablo Jimenez-Moreno y Yona Friedman, adem\u00e1s de los profesores Alonso y Palmarola.<\/p>\n\n\n\n<p>The Reasons Offsite ofrece una experiencia inmersiva a trav\u00e9s de la realidad virtual y trata sobre los sistemas constructivos de arquitectura modular y prefabricada.&nbsp;<\/p>\n\n\n\n<p>La exposici\u00f3n fue presentada durante 2019 en The Salt Gallery &#8211; Boston Society of Architects, Neufert Box Weimar &#8211; Bauhaus, y K\u00c9K &#8211; Contemporary Architecture Centre Budapest.<\/p>\n\n\n\n<figure class=\"wp-block-embed is-type-video is-provider-youtube wp-block-embed-youtube wp-embed-aspect-16-9 wp-has-aspect-ratio\"><div class=\"wp-block-embed__wrapper\">\n<iframe loading=\"lazy\" title=\"Making of | The Reasons Offsite\" width=\"500\" height=\"281\" src=\"https:\/\/www.youtube.com\/embed\/7cxWUfW-gdY?feature=oembed\" frameborder=\"0\" allow=\"accelerometer; autoplay; clipboard-write; encrypted-media; gyroscope; picture-in-picture; web-share\" referrerpolicy=\"strict-origin-when-cross-origin\" allowfullscreen><\/iframe>\n<\/div><\/figure>\n\n\n\n<p>Video:<br><a href=\"https:\/\/www.youtube.com\/watch?v=7cxWUfW-gdY\" target=\"_blank\" rel=\"noreferrer noopener\">https:\/\/www.youtube.com\/watch?<wbr>v=7cxWUfW-gdY<\/a><\/p>\n\n\n\n<p>Casa da Arquitectura:<br><a href=\"https:\/\/casadaarquitectura.pt\/pt\/programacao\/exposicoes\/the-reasons-offsite-2022-09-25\/\" target=\"_blank\" rel=\"noreferrer noopener\">https:\/\/casadaarquitectura.pt\/<wbr>pt\/programacao\/exposicoes\/the-<wbr>reasons-offsite-2022-09-25\/<\/a><\/p>\n\n\n\n<p>ArchDaily:<br><a href=\"https:\/\/www.archdaily.com\/985302\/exhibition-the-reasons-offsite-casa-da-arquitectura-matosinhos-portugal\" target=\"_blank\" rel=\"noreferrer noopener\">https:\/\/www.archdaily.com\/<wbr>985302\/exhibition-the-reasons-<wbr>offsite-casa-da-arquitectura-<wbr>matosinhos-portugal<\/a><\/p>\n","protected":false},"excerpt":{"rendered":"<p>Pedro Alonso y Hugo Palmarola participan en la exposici\u00f3n The Reasons Offsite en Portugal, muestra donde presentan varios modelos de arquitectura global de paneles prefabricados. La exposici\u00f3n se desarrolla en Galer\u00eda Casa da Arquitectura, Matosinhos, desde el 4 de junio al 25 de septiembre. <\/p>\n","protected":false},"author":1,"featured_media":4562,"comment_status":"open","ping_status":"open","sticky":false,"template":"","format":"standard","meta":{"_acf_changed":false,"footnotes":""},"categories":[1],"tags":[],"class_list":["post-4561","post","type-post","status-publish","format-standard","has-post-thumbnail","hentry","category-sin-categorizar"],"acf":[],"yoast_head":"<!-- This site is optimized with the Yoast SEO plugin v27.1.1 - https:\/\/yoast.com\/product\/yoast-seo-wordpress\/ -->\n<title>Pedro Alonso y Hugo Palmarola exponen en Portugal - Facultad de Arquitectura, Dise\u00f1o y Estudios Urbanos<\/title>\n<meta name=\"description\" content=\"Pedro Alonso y Hugo Palmarola participan en la exposici\u00f3n The Reasons Offsite en Portugal, muestra donde presentan varios modelos de arquitectura global de paneles prefabricados. La exposici\u00f3n se desarrolla en Galer\u00eda Casa da Arquitectura, Matosinhos, desde el 4 de junio al 25 de septiembre.\" \/>\n<meta name=\"robots\" content=\"index, follow, max-snippet:-1, max-image-preview:large, max-video-preview:-1\" \/>\n<link rel=\"canonical\" href=\"https:\/\/fadeu.urantiacos.cl\/en\/2022\/07\/18\/pedro-alonso-y-hugo-palmarola-exponen-en-portugal\/\" \/>\n<meta property=\"og:locale\" content=\"en_US\" \/>\n<meta property=\"og:type\" content=\"article\" \/>\n<meta property=\"og:title\" content=\"Pedro Alonso y Hugo Palmarola exponen en Portugal - Facultad de Arquitectura, Dise\u00f1o y Estudios Urbanos\" \/>\n<meta property=\"og:description\" content=\"Pedro Alonso y Hugo Palmarola participan en la exposici\u00f3n The Reasons Offsite en Portugal, muestra donde presentan varios modelos de arquitectura global de paneles prefabricados. La exposici\u00f3n se desarrolla en Galer\u00eda Casa da Arquitectura, Matosinhos, desde el 4 de junio al 25 de septiembre.\" \/>\n<meta property=\"og:url\" content=\"https:\/\/fadeu.urantiacos.cl\/en\/2022\/07\/18\/pedro-alonso-y-hugo-palmarola-exponen-en-portugal\/\" \/>\n<meta property=\"og:site_name\" content=\"Facultad de Arquitectura, Dise\u00f1o y Estudios Urbanos\" \/>\n<meta property=\"article:published_time\" content=\"2022-07-18T19:08:00+00:00\" \/>\n<meta property=\"article:modified_time\" content=\"2023-09-04T19:10:52+00:00\" \/>\n<meta property=\"og:image\" content=\"https:\/\/fadeu.urantiacos.cl\/wp-content\/uploads\/2023\/09\/web_HP1_4.png\" \/>\n\t<meta property=\"og:image:width\" content=\"350\" \/>\n\t<meta property=\"og:image:height\" content=\"250\" \/>\n\t<meta property=\"og:image:type\" content=\"image\/png\" \/>\n<meta name=\"author\" content=\"manadmin\" \/>\n<meta name=\"twitter:card\" content=\"summary_large_image\" \/>\n<meta name=\"twitter:label1\" content=\"Written by\" \/>\n\t<meta name=\"twitter:data1\" content=\"manadmin\" \/>\n\t<meta name=\"twitter:label2\" content=\"Est. reading time\" \/>\n\t<meta name=\"twitter:data2\" content=\"1 minute\" \/>\n<script type=\"application\/ld+json\" class=\"yoast-schema-graph\">{\"@context\":\"https:\/\/schema.org\",\"@graph\":[{\"@type\":\"Article\",\"@id\":\"https:\/\/fadeu.urantiacos.cl\/en\/2022\/07\/18\/pedro-alonso-y-hugo-palmarola-exponen-en-portugal\/#article\",\"isPartOf\":{\"@id\":\"https:\/\/fadeu.urantiacos.cl\/en\/2022\/07\/18\/pedro-alonso-y-hugo-palmarola-exponen-en-portugal\/\"},\"author\":{\"name\":\"manadmin\",\"@id\":\"https:\/\/fadeu.urantiacos.cl\/en\/#\/schema\/person\/d203e2e84b1c40275eac77b3061a19a2\"},\"headline\":\"Pedro Alonso y Hugo Palmarola exponen en Portugal\",\"datePublished\":\"2022-07-18T19:08:00+00:00\",\"dateModified\":\"2023-09-04T19:10:52+00:00\",\"mainEntityOfPage\":{\"@id\":\"https:\/\/fadeu.urantiacos.cl\/en\/2022\/07\/18\/pedro-alonso-y-hugo-palmarola-exponen-en-portugal\/\"},\"wordCount\":128,\"commentCount\":0,\"image\":{\"@id\":\"https:\/\/fadeu.urantiacos.cl\/en\/2022\/07\/18\/pedro-alonso-y-hugo-palmarola-exponen-en-portugal\/#primaryimage\"},\"thumbnailUrl\":\"https:\/\/fadeu.urantiacos.cl\/wp-content\/uploads\/2023\/09\/web_HP1_4.png\",\"articleSection\":[\"Sin categorizar\"],\"inLanguage\":\"en-US\",\"potentialAction\":[{\"@type\":\"CommentAction\",\"name\":\"Comment\",\"target\":[\"https:\/\/fadeu.urantiacos.cl\/en\/2022\/07\/18\/pedro-alonso-y-hugo-palmarola-exponen-en-portugal\/#respond\"]}]},{\"@type\":\"WebPage\",\"@id\":\"https:\/\/fadeu.urantiacos.cl\/en\/2022\/07\/18\/pedro-alonso-y-hugo-palmarola-exponen-en-portugal\/\",\"url\":\"https:\/\/fadeu.urantiacos.cl\/en\/2022\/07\/18\/pedro-alonso-y-hugo-palmarola-exponen-en-portugal\/\",\"name\":\"Pedro Alonso y Hugo Palmarola exponen en Portugal - Facultad de Arquitectura, Dise\u00f1o y Estudios Urbanos\",\"isPartOf\":{\"@id\":\"https:\/\/fadeu.urantiacos.cl\/en\/#website\"},\"primaryImageOfPage\":{\"@id\":\"https:\/\/fadeu.urantiacos.cl\/en\/2022\/07\/18\/pedro-alonso-y-hugo-palmarola-exponen-en-portugal\/#primaryimage\"},\"image\":{\"@id\":\"https:\/\/fadeu.urantiacos.cl\/en\/2022\/07\/18\/pedro-alonso-y-hugo-palmarola-exponen-en-portugal\/#primaryimage\"},\"thumbnailUrl\":\"https:\/\/fadeu.urantiacos.cl\/wp-content\/uploads\/2023\/09\/web_HP1_4.png\",\"datePublished\":\"2022-07-18T19:08:00+00:00\",\"dateModified\":\"2023-09-04T19:10:52+00:00\",\"author\":{\"@id\":\"https:\/\/fadeu.urantiacos.cl\/en\/#\/schema\/person\/d203e2e84b1c40275eac77b3061a19a2\"},\"description\":\"Pedro Alonso y Hugo Palmarola participan en la exposici\u00f3n The Reasons Offsite en Portugal, muestra donde presentan varios modelos de arquitectura global de paneles prefabricados. La exposici\u00f3n se desarrolla en Galer\u00eda Casa da Arquitectura, Matosinhos, desde el 4 de junio al 25 de septiembre.\",\"breadcrumb\":{\"@id\":\"https:\/\/fadeu.urantiacos.cl\/en\/2022\/07\/18\/pedro-alonso-y-hugo-palmarola-exponen-en-portugal\/#breadcrumb\"},\"inLanguage\":\"en-US\",\"potentialAction\":[{\"@type\":\"ReadAction\",\"target\":[\"https:\/\/fadeu.urantiacos.cl\/en\/2022\/07\/18\/pedro-alonso-y-hugo-palmarola-exponen-en-portugal\/\"]}]},{\"@type\":\"ImageObject\",\"inLanguage\":\"en-US\",\"@id\":\"https:\/\/fadeu.urantiacos.cl\/en\/2022\/07\/18\/pedro-alonso-y-hugo-palmarola-exponen-en-portugal\/#primaryimage\",\"url\":\"https:\/\/fadeu.urantiacos.cl\/wp-content\/uploads\/2023\/09\/web_HP1_4.png\",\"contentUrl\":\"https:\/\/fadeu.urantiacos.cl\/wp-content\/uploads\/2023\/09\/web_HP1_4.png\",\"width\":350,\"height\":250},{\"@type\":\"BreadcrumbList\",\"@id\":\"https:\/\/fadeu.urantiacos.cl\/en\/2022\/07\/18\/pedro-alonso-y-hugo-palmarola-exponen-en-portugal\/#breadcrumb\",\"itemListElement\":[{\"@type\":\"ListItem\",\"position\":1,\"name\":\"Portada\",\"item\":\"https:\/\/fadeu.urantiacos.cl\/en\/\"},{\"@type\":\"ListItem\",\"position\":2,\"name\":\"Pedro Alonso y Hugo Palmarola exponen en Portugal\"}]},{\"@type\":\"WebSite\",\"@id\":\"https:\/\/fadeu.urantiacos.cl\/en\/#website\",\"url\":\"https:\/\/fadeu.urantiacos.cl\/en\/\",\"name\":\"Facultad de Arquitectura, Dise\u00f1o y Estudios Urbanos\",\"description\":\"Campus Lo Contador\",\"potentialAction\":[{\"@type\":\"SearchAction\",\"target\":{\"@type\":\"EntryPoint\",\"urlTemplate\":\"https:\/\/fadeu.urantiacos.cl\/en\/?s={search_term_string}\"},\"query-input\":{\"@type\":\"PropertyValueSpecification\",\"valueRequired\":true,\"valueName\":\"search_term_string\"}}],\"inLanguage\":\"en-US\"},{\"@type\":\"Person\",\"@id\":\"https:\/\/fadeu.urantiacos.cl\/en\/#\/schema\/person\/d203e2e84b1c40275eac77b3061a19a2\",\"name\":\"manadmin\",\"image\":{\"@type\":\"ImageObject\",\"inLanguage\":\"en-US\",\"@id\":\"https:\/\/fadeu.urantiacos.cl\/en\/#\/schema\/person\/image\/\",\"url\":\"https:\/\/secure.gravatar.com\/avatar\/4b1d8e3303b4a9d8968ac578947d8bc80d9aea359f388cdd4aac15cadc0e8447?s=96&d=mm&r=g\",\"contentUrl\":\"https:\/\/secure.gravatar.com\/avatar\/4b1d8e3303b4a9d8968ac578947d8bc80d9aea359f388cdd4aac15cadc0e8447?s=96&d=mm&r=g\",\"caption\":\"manadmin\"},\"sameAs\":[\"https:\/\/fadeu.urantiacos.cl\"]}]}<\/script>\n<!-- \/ Yoast SEO plugin. -->","yoast_head_json":{"title":"Pedro Alonso y Hugo Palmarola exponen en Portugal - Facultad de Arquitectura, Dise\u00f1o y Estudios Urbanos","description":"Pedro Alonso y Hugo Palmarola participan en la exposici\u00f3n The Reasons Offsite en Portugal, muestra donde presentan varios modelos de arquitectura global de paneles prefabricados. La exposici\u00f3n se desarrolla en Galer\u00eda Casa da Arquitectura, Matosinhos, desde el 4 de junio al 25 de septiembre.","robots":{"index":"index","follow":"follow","max-snippet":"max-snippet:-1","max-image-preview":"max-image-preview:large","max-video-preview":"max-video-preview:-1"},"canonical":"https:\/\/fadeu.urantiacos.cl\/en\/2022\/07\/18\/pedro-alonso-y-hugo-palmarola-exponen-en-portugal\/","og_locale":"en_US","og_type":"article","og_title":"Pedro Alonso y Hugo Palmarola exponen en Portugal - Facultad de Arquitectura, Dise\u00f1o y Estudios Urbanos","og_description":"Pedro Alonso y Hugo Palmarola participan en la exposici\u00f3n The Reasons Offsite en Portugal, muestra donde presentan varios modelos de arquitectura global de paneles prefabricados. La exposici\u00f3n se desarrolla en Galer\u00eda Casa da Arquitectura, Matosinhos, desde el 4 de junio al 25 de septiembre.","og_url":"https:\/\/fadeu.urantiacos.cl\/en\/2022\/07\/18\/pedro-alonso-y-hugo-palmarola-exponen-en-portugal\/","og_site_name":"Facultad de Arquitectura, Dise\u00f1o y Estudios Urbanos","article_published_time":"2022-07-18T19:08:00+00:00","article_modified_time":"2023-09-04T19:10:52+00:00","og_image":[{"width":350,"height":250,"url":"https:\/\/fadeu.urantiacos.cl\/wp-content\/uploads\/2023\/09\/web_HP1_4.png","type":"image\/png"}],"author":"manadmin","twitter_card":"summary_large_image","twitter_misc":{"Written by":"manadmin","Est. reading time":"1 minute"},"schema":{"@context":"https:\/\/schema.org","@graph":[{"@type":"Article","@id":"https:\/\/fadeu.urantiacos.cl\/en\/2022\/07\/18\/pedro-alonso-y-hugo-palmarola-exponen-en-portugal\/#article","isPartOf":{"@id":"https:\/\/fadeu.urantiacos.cl\/en\/2022\/07\/18\/pedro-alonso-y-hugo-palmarola-exponen-en-portugal\/"},"author":{"name":"manadmin","@id":"https:\/\/fadeu.urantiacos.cl\/en\/#\/schema\/person\/d203e2e84b1c40275eac77b3061a19a2"},"headline":"Pedro Alonso y Hugo Palmarola exponen en Portugal","datePublished":"2022-07-18T19:08:00+00:00","dateModified":"2023-09-04T19:10:52+00:00","mainEntityOfPage":{"@id":"https:\/\/fadeu.urantiacos.cl\/en\/2022\/07\/18\/pedro-alonso-y-hugo-palmarola-exponen-en-portugal\/"},"wordCount":128,"commentCount":0,"image":{"@id":"https:\/\/fadeu.urantiacos.cl\/en\/2022\/07\/18\/pedro-alonso-y-hugo-palmarola-exponen-en-portugal\/#primaryimage"},"thumbnailUrl":"https:\/\/fadeu.urantiacos.cl\/wp-content\/uploads\/2023\/09\/web_HP1_4.png","articleSection":["Sin categorizar"],"inLanguage":"en-US","potentialAction":[{"@type":"CommentAction","name":"Comment","target":["https:\/\/fadeu.urantiacos.cl\/en\/2022\/07\/18\/pedro-alonso-y-hugo-palmarola-exponen-en-portugal\/#respond"]}]},{"@type":"WebPage","@id":"https:\/\/fadeu.urantiacos.cl\/en\/2022\/07\/18\/pedro-alonso-y-hugo-palmarola-exponen-en-portugal\/","url":"https:\/\/fadeu.urantiacos.cl\/en\/2022\/07\/18\/pedro-alonso-y-hugo-palmarola-exponen-en-portugal\/","name":"Pedro Alonso y Hugo Palmarola exponen en Portugal - Facultad de Arquitectura, Dise\u00f1o y Estudios Urbanos","isPartOf":{"@id":"https:\/\/fadeu.urantiacos.cl\/en\/#website"},"primaryImageOfPage":{"@id":"https:\/\/fadeu.urantiacos.cl\/en\/2022\/07\/18\/pedro-alonso-y-hugo-palmarola-exponen-en-portugal\/#primaryimage"},"image":{"@id":"https:\/\/fadeu.urantiacos.cl\/en\/2022\/07\/18\/pedro-alonso-y-hugo-palmarola-exponen-en-portugal\/#primaryimage"},"thumbnailUrl":"https:\/\/fadeu.urantiacos.cl\/wp-content\/uploads\/2023\/09\/web_HP1_4.png","datePublished":"2022-07-18T19:08:00+00:00","dateModified":"2023-09-04T19:10:52+00:00","author":{"@id":"https:\/\/fadeu.urantiacos.cl\/en\/#\/schema\/person\/d203e2e84b1c40275eac77b3061a19a2"},"description":"Pedro Alonso y Hugo Palmarola participan en la exposici\u00f3n The Reasons Offsite en Portugal, muestra donde presentan varios modelos de arquitectura global de paneles prefabricados. La exposici\u00f3n se desarrolla en Galer\u00eda Casa da Arquitectura, Matosinhos, desde el 4 de junio al 25 de septiembre.","breadcrumb":{"@id":"https:\/\/fadeu.urantiacos.cl\/en\/2022\/07\/18\/pedro-alonso-y-hugo-palmarola-exponen-en-portugal\/#breadcrumb"},"inLanguage":"en-US","potentialAction":[{"@type":"ReadAction","target":["https:\/\/fadeu.urantiacos.cl\/en\/2022\/07\/18\/pedro-alonso-y-hugo-palmarola-exponen-en-portugal\/"]}]},{"@type":"ImageObject","inLanguage":"en-US","@id":"https:\/\/fadeu.urantiacos.cl\/en\/2022\/07\/18\/pedro-alonso-y-hugo-palmarola-exponen-en-portugal\/#primaryimage","url":"https:\/\/fadeu.urantiacos.cl\/wp-content\/uploads\/2023\/09\/web_HP1_4.png","contentUrl":"https:\/\/fadeu.urantiacos.cl\/wp-content\/uploads\/2023\/09\/web_HP1_4.png","width":350,"height":250},{"@type":"BreadcrumbList","@id":"https:\/\/fadeu.urantiacos.cl\/en\/2022\/07\/18\/pedro-alonso-y-hugo-palmarola-exponen-en-portugal\/#breadcrumb","itemListElement":[{"@type":"ListItem","position":1,"name":"Portada","item":"https:\/\/fadeu.urantiacos.cl\/en\/"},{"@type":"ListItem","position":2,"name":"Pedro Alonso y Hugo Palmarola exponen en Portugal"}]},{"@type":"WebSite","@id":"https:\/\/fadeu.urantiacos.cl\/en\/#website","url":"https:\/\/fadeu.urantiacos.cl\/en\/","name":"Facultad de Arquitectura, Dise\u00f1o y Estudios Urbanos","description":"Campus Lo Contador","potentialAction":[{"@type":"SearchAction","target":{"@type":"EntryPoint","urlTemplate":"https:\/\/fadeu.urantiacos.cl\/en\/?s={search_term_string}"},"query-input":{"@type":"PropertyValueSpecification","valueRequired":true,"valueName":"search_term_string"}}],"inLanguage":"en-US"},{"@type":"Person","@id":"https:\/\/fadeu.urantiacos.cl\/en\/#\/schema\/person\/d203e2e84b1c40275eac77b3061a19a2","name":"manadmin","image":{"@type":"ImageObject","inLanguage":"en-US","@id":"https:\/\/fadeu.urantiacos.cl\/en\/#\/schema\/person\/image\/","url":"https:\/\/secure.gravatar.com\/avatar\/4b1d8e3303b4a9d8968ac578947d8bc80d9aea359f388cdd4aac15cadc0e8447?s=96&d=mm&r=g","contentUrl":"https:\/\/secure.gravatar.com\/avatar\/4b1d8e3303b4a9d8968ac578947d8bc80d9aea359f388cdd4aac15cadc0e8447?s=96&d=mm&r=g","caption":"manadmin"},"sameAs":["https:\/\/fadeu.urantiacos.cl"]}]}},"_links":{"self":[{"href":"https:\/\/fadeu.urantiacos.cl\/en\/wp-json\/wp\/v2\/posts\/4561","targetHints":{"allow":["GET"]}}],"collection":[{"href":"https:\/\/fadeu.urantiacos.cl\/en\/wp-json\/wp\/v2\/posts"}],"about":[{"href":"https:\/\/fadeu.urantiacos.cl\/en\/wp-json\/wp\/v2\/types\/post"}],"author":[{"embeddable":true,"href":"https:\/\/fadeu.urantiacos.cl\/en\/wp-json\/wp\/v2\/users\/1"}],"replies":[{"embeddable":true,"href":"https:\/\/fadeu.urantiacos.cl\/en\/wp-json\/wp\/v2\/comments?post=4561"}],"version-history":[{"count":1,"href":"https:\/\/fadeu.urantiacos.cl\/en\/wp-json\/wp\/v2\/posts\/4561\/revisions"}],"predecessor-version":[{"id":4563,"href":"https:\/\/fadeu.urantiacos.cl\/en\/wp-json\/wp\/v2\/posts\/4561\/revisions\/4563"}],"wp:featuredmedia":[{"embeddable":true,"href":"https:\/\/fadeu.urantiacos.cl\/en\/wp-json\/wp\/v2\/media\/4562"}],"wp:attachment":[{"href":"https:\/\/fadeu.urantiacos.cl\/en\/wp-json\/wp\/v2\/media?parent=4561"}],"wp:term":[{"taxonomy":"category","embeddable":true,"href":"https:\/\/fadeu.urantiacos.cl\/en\/wp-json\/wp\/v2\/categories?post=4561"},{"taxonomy":"post_tag","embeddable":true,"href":"https:\/\/fadeu.urantiacos.cl\/en\/wp-json\/wp\/v2\/tags?post=4561"}],"curies":[{"name":"wp","href":"https:\/\/api.w.org\/{rel}","templated":true}]}}