{"id":4526,"date":"2022-07-25T15:44:00","date_gmt":"2022-07-25T18:44:00","guid":{"rendered":"https:\/\/fadeu.urantiacos.cl\/?p=4526"},"modified":"2023-09-04T15:48:06","modified_gmt":"2023-09-04T18:48:06","slug":"osvaldo-moreno-participo-en-conferencia-internacional-sobre-relaves-mineros","status":"publish","type":"post","link":"https:\/\/fadeu.urantiacos.cl\/en\/2022\/07\/25\/osvaldo-moreno-participo-en-conferencia-internacional-sobre-relaves-mineros\/","title":{"rendered":"Osvaldo Moreno particip\u00f3 en conferencia internacional sobre relaves mineros"},"content":{"rendered":"\n<figure class=\"wp-block-image size-full\"><img decoding=\"async\" width=\"350\" height=\"250\" src=\"https:\/\/fadeu.urantiacos.cl\/wp-content\/uploads\/2023\/09\/web_Captura_de_Pantalla_2022-07-26_a_las_15.35.26.png\" alt=\"\" class=\"wp-image-4527\" srcset=\"https:\/\/fadeu.urantiacos.cl\/wp-content\/uploads\/2023\/09\/web_Captura_de_Pantalla_2022-07-26_a_las_15.35.26.png 350w, https:\/\/fadeu.urantiacos.cl\/wp-content\/uploads\/2023\/09\/web_Captura_de_Pantalla_2022-07-26_a_las_15.35.26-300x214.png 300w\" sizes=\"(max-width: 350px) 100vw, 350px\" \/><\/figure>\n\n\n\n<p>Participaron del evento investigadores y profesionales de todo el mundo, entre ellos, el profesor ARQ UC Osvaldo Moreno, quien expuso una investigaci\u00f3n generada desde la arquitectura del paisaje bajo el t\u00edtulo: &#8220;Landscape Integration and Rehabilitation Model for Mine Tailings. Pilot Implementation in Huasco, Atacama&#8221;.<\/p>\n\n\n\n<p>En su presentaci\u00f3n, Moreno mostr\u00f3 los resultados del proyecto I+D &#8220;Modelo de Rehabilitaci\u00f3n e Integraci\u00f3n Paisaj\u00edstica de Relaves&#8221;, cuyo caso de estudio y piloto de implementaci\u00f3n se est\u00e1 realizando en Huasco, donde la Compa\u00f1\u00eda Minera del Pac\u00edfico (CMP) \u2014que patrocina el proyecto\u2014 est\u00e1 planificando el desarrollo de un dep\u00f3sito de relave filtrado en tierra.<\/p>\n\n\n\n<p>La iniciativa es financiada a trav\u00e9s de la l\u00ednea \u201cInvestigaci\u00f3n I+D Por Encargo\u201d, gestionado con la colaboraci\u00f3n del Centro de Innovaci\u00f3n UC y es liderada por el profesor Osvaldo Moreno, junto al equipo UC compuesto por la profesora de la escuela Ximena Arizaga y los co-investigadores Camila Romero, Sebasti\u00e1n Palacios, Rosana Fenocchio y Javiera Infante.<\/p>\n\n\n\n<p>El proyecto es desarrollado de manera conjunta con CMP mediante la coordinaci\u00f3n y participaci\u00f3n del superintendente de Proyectos Ambientales Claudio Masson, y con la Pontificia Universidad Cat\u00f3lica de Valpara\u00edso, donde participan los investigadores Juan Palma, Pamela Valenzuela y Claudia Ortiz.<\/p>\n\n\n\n<p>El evento \u2014que tuvo m\u00e1s de 60 presentaciones, se realiz\u00f3 de manera virtual entre el 6 y el 8 de julio de 2022 y cont\u00f3 con la la participaci\u00f3n de los m\u00e1s de 370 delegados de 24 pa\u00edses<\/p>\n\n\n\n<p>Ver m\u00e1s sobre la conferencia en el siguiente&nbsp;<a href=\"https:\/\/gecamin.com\/tailings\/\" target=\"_blank\" rel=\"noreferrer noopener\">enlace<\/a>&nbsp;<\/p>\n\n\n\n<p>Revisar el abstract de la investigaci\u00f3n en este&nbsp;<a href=\"https:\/\/arquitectura.uc.cl\/images\/documents\/22tlg_article_abstract_Moreno_et_al_PUC.pdf\" target=\"_blank\" rel=\"noreferrer noopener\">enlace<\/a><\/p>\n\n\n\n<p>Si el video no se visualiza, v\u00e9alo en el siguiente&nbsp;<a href=\"https:\/\/www.facebook.com\/extensionarquitecturauc\/videos\/424447322774958\/\" target=\"_blank\" rel=\"noreferrer noopener\">enlace<\/a><\/p>\n\n\n\n<figure class=\"wp-block-video\"><video controls src=\"blob:https:\/\/www.facebook.com\/af413000-9bdc-4352-9382-3a4b50e5e27c\"><\/video><\/figure>\n\n\n\n<p>Noticias<br>Contacto:&nbsp;<a href=\"mailto:redesarq@uc.cl\">redesarq@uc.cl<\/a>&nbsp;| +56 2 2354 7747<br>www.arquitectura.uc.cl&nbsp;<\/p>\n","protected":false},"excerpt":{"rendered":"<p>El profesor ARQ UC y subdirector acad\u00e9mico de la escuela fue invitado a participar en la VIII Conferencia Internacional en Gesti\u00f3n de Relaves \u2013 Tailings 2022, dedicada a investigar la gesti\u00f3n de relaves mineros.<\/p>\n","protected":false},"author":1,"featured_media":4527,"comment_status":"open","ping_status":"open","sticky":false,"template":"","format":"standard","meta":{"_acf_changed":false,"footnotes":""},"categories":[1],"tags":[],"class_list":["post-4526","post","type-post","status-publish","format-standard","has-post-thumbnail","hentry","category-sin-categorizar"],"acf":[],"yoast_head":"<!-- This site is optimized with the Yoast SEO plugin v27.1.1 - https:\/\/yoast.com\/product\/yoast-seo-wordpress\/ -->\n<title>Osvaldo Moreno particip\u00f3 en conferencia internacional sobre relaves mineros - Facultad de Arquitectura, Dise\u00f1o y Estudios Urbanos<\/title>\n<meta name=\"description\" content=\"El profesor ARQ UC y subdirector acad\u00e9mico de la escuela fue invitado a participar en la VIII Conferencia Internacional en Gesti\u00f3n de Relaves \u2013 Tailings 2022, dedicada a investigar la gesti\u00f3n de relaves mineros.\" \/>\n<meta name=\"robots\" content=\"index, follow, max-snippet:-1, max-image-preview:large, max-video-preview:-1\" \/>\n<link rel=\"canonical\" href=\"https:\/\/fadeu.urantiacos.cl\/en\/2022\/07\/25\/osvaldo-moreno-participo-en-conferencia-internacional-sobre-relaves-mineros\/\" \/>\n<meta property=\"og:locale\" content=\"en_US\" \/>\n<meta property=\"og:type\" content=\"article\" \/>\n<meta property=\"og:title\" content=\"Osvaldo Moreno particip\u00f3 en conferencia internacional sobre relaves mineros - Facultad de Arquitectura, Dise\u00f1o y Estudios Urbanos\" \/>\n<meta property=\"og:description\" content=\"El profesor ARQ UC y subdirector acad\u00e9mico de la escuela fue invitado a participar en la VIII Conferencia Internacional en Gesti\u00f3n de Relaves \u2013 Tailings 2022, dedicada a investigar la gesti\u00f3n de relaves mineros.\" \/>\n<meta property=\"og:url\" content=\"https:\/\/fadeu.urantiacos.cl\/en\/2022\/07\/25\/osvaldo-moreno-participo-en-conferencia-internacional-sobre-relaves-mineros\/\" \/>\n<meta property=\"og:site_name\" content=\"Facultad de Arquitectura, Dise\u00f1o y Estudios Urbanos\" \/>\n<meta property=\"article:published_time\" content=\"2022-07-25T18:44:00+00:00\" \/>\n<meta property=\"article:modified_time\" content=\"2023-09-04T18:48:06+00:00\" \/>\n<meta property=\"og:image\" content=\"https:\/\/fadeu.urantiacos.cl\/wp-content\/uploads\/2023\/09\/web_Captura_de_Pantalla_2022-07-26_a_las_15.35.26.png\" \/>\n\t<meta property=\"og:image:width\" content=\"350\" \/>\n\t<meta property=\"og:image:height\" content=\"250\" \/>\n\t<meta property=\"og:image:type\" content=\"image\/png\" \/>\n<meta name=\"author\" content=\"manadmin\" \/>\n<meta name=\"twitter:card\" content=\"summary_large_image\" \/>\n<meta name=\"twitter:label1\" content=\"Written by\" \/>\n\t<meta name=\"twitter:data1\" content=\"manadmin\" \/>\n\t<meta name=\"twitter:label2\" content=\"Est. reading time\" \/>\n\t<meta name=\"twitter:data2\" content=\"1 minute\" \/>\n<script type=\"application\/ld+json\" class=\"yoast-schema-graph\">{\"@context\":\"https:\/\/schema.org\",\"@graph\":[{\"@type\":\"Article\",\"@id\":\"https:\/\/fadeu.urantiacos.cl\/en\/2022\/07\/25\/osvaldo-moreno-participo-en-conferencia-internacional-sobre-relaves-mineros\/#article\",\"isPartOf\":{\"@id\":\"https:\/\/fadeu.urantiacos.cl\/en\/2022\/07\/25\/osvaldo-moreno-participo-en-conferencia-internacional-sobre-relaves-mineros\/\"},\"author\":{\"name\":\"manadmin\",\"@id\":\"https:\/\/fadeu.urantiacos.cl\/en\/#\/schema\/person\/d203e2e84b1c40275eac77b3061a19a2\"},\"headline\":\"Osvaldo Moreno particip\u00f3 en conferencia internacional sobre relaves mineros\",\"datePublished\":\"2022-07-25T18:44:00+00:00\",\"dateModified\":\"2023-09-04T18:48:06+00:00\",\"mainEntityOfPage\":{\"@id\":\"https:\/\/fadeu.urantiacos.cl\/en\/2022\/07\/25\/osvaldo-moreno-participo-en-conferencia-internacional-sobre-relaves-mineros\/\"},\"wordCount\":307,\"commentCount\":0,\"image\":{\"@id\":\"https:\/\/fadeu.urantiacos.cl\/en\/2022\/07\/25\/osvaldo-moreno-participo-en-conferencia-internacional-sobre-relaves-mineros\/#primaryimage\"},\"thumbnailUrl\":\"https:\/\/fadeu.urantiacos.cl\/wp-content\/uploads\/2023\/09\/web_Captura_de_Pantalla_2022-07-26_a_las_15.35.26.png\",\"articleSection\":[\"Sin categorizar\"],\"inLanguage\":\"en-US\",\"potentialAction\":[{\"@type\":\"CommentAction\",\"name\":\"Comment\",\"target\":[\"https:\/\/fadeu.urantiacos.cl\/en\/2022\/07\/25\/osvaldo-moreno-participo-en-conferencia-internacional-sobre-relaves-mineros\/#respond\"]}]},{\"@type\":\"WebPage\",\"@id\":\"https:\/\/fadeu.urantiacos.cl\/en\/2022\/07\/25\/osvaldo-moreno-participo-en-conferencia-internacional-sobre-relaves-mineros\/\",\"url\":\"https:\/\/fadeu.urantiacos.cl\/en\/2022\/07\/25\/osvaldo-moreno-participo-en-conferencia-internacional-sobre-relaves-mineros\/\",\"name\":\"Osvaldo Moreno particip\u00f3 en conferencia internacional sobre relaves mineros - Facultad de Arquitectura, Dise\u00f1o y Estudios Urbanos\",\"isPartOf\":{\"@id\":\"https:\/\/fadeu.urantiacos.cl\/en\/#website\"},\"primaryImageOfPage\":{\"@id\":\"https:\/\/fadeu.urantiacos.cl\/en\/2022\/07\/25\/osvaldo-moreno-participo-en-conferencia-internacional-sobre-relaves-mineros\/#primaryimage\"},\"image\":{\"@id\":\"https:\/\/fadeu.urantiacos.cl\/en\/2022\/07\/25\/osvaldo-moreno-participo-en-conferencia-internacional-sobre-relaves-mineros\/#primaryimage\"},\"thumbnailUrl\":\"https:\/\/fadeu.urantiacos.cl\/wp-content\/uploads\/2023\/09\/web_Captura_de_Pantalla_2022-07-26_a_las_15.35.26.png\",\"datePublished\":\"2022-07-25T18:44:00+00:00\",\"dateModified\":\"2023-09-04T18:48:06+00:00\",\"author\":{\"@id\":\"https:\/\/fadeu.urantiacos.cl\/en\/#\/schema\/person\/d203e2e84b1c40275eac77b3061a19a2\"},\"description\":\"El profesor ARQ UC y subdirector acad\u00e9mico de la escuela fue invitado a participar en la VIII Conferencia Internacional en Gesti\u00f3n de Relaves \u2013 Tailings 2022, dedicada a investigar la gesti\u00f3n de relaves mineros.\",\"breadcrumb\":{\"@id\":\"https:\/\/fadeu.urantiacos.cl\/en\/2022\/07\/25\/osvaldo-moreno-participo-en-conferencia-internacional-sobre-relaves-mineros\/#breadcrumb\"},\"inLanguage\":\"en-US\",\"potentialAction\":[{\"@type\":\"ReadAction\",\"target\":[\"https:\/\/fadeu.urantiacos.cl\/en\/2022\/07\/25\/osvaldo-moreno-participo-en-conferencia-internacional-sobre-relaves-mineros\/\"]}]},{\"@type\":\"ImageObject\",\"inLanguage\":\"en-US\",\"@id\":\"https:\/\/fadeu.urantiacos.cl\/en\/2022\/07\/25\/osvaldo-moreno-participo-en-conferencia-internacional-sobre-relaves-mineros\/#primaryimage\",\"url\":\"https:\/\/fadeu.urantiacos.cl\/wp-content\/uploads\/2023\/09\/web_Captura_de_Pantalla_2022-07-26_a_las_15.35.26.png\",\"contentUrl\":\"https:\/\/fadeu.urantiacos.cl\/wp-content\/uploads\/2023\/09\/web_Captura_de_Pantalla_2022-07-26_a_las_15.35.26.png\",\"width\":350,\"height\":250},{\"@type\":\"BreadcrumbList\",\"@id\":\"https:\/\/fadeu.urantiacos.cl\/en\/2022\/07\/25\/osvaldo-moreno-participo-en-conferencia-internacional-sobre-relaves-mineros\/#breadcrumb\",\"itemListElement\":[{\"@type\":\"ListItem\",\"position\":1,\"name\":\"Portada\",\"item\":\"https:\/\/fadeu.urantiacos.cl\/en\/\"},{\"@type\":\"ListItem\",\"position\":2,\"name\":\"Osvaldo Moreno particip\u00f3 en conferencia internacional sobre relaves mineros\"}]},{\"@type\":\"WebSite\",\"@id\":\"https:\/\/fadeu.urantiacos.cl\/en\/#website\",\"url\":\"https:\/\/fadeu.urantiacos.cl\/en\/\",\"name\":\"Facultad de Arquitectura, Dise\u00f1o y Estudios Urbanos\",\"description\":\"Campus Lo Contador\",\"potentialAction\":[{\"@type\":\"SearchAction\",\"target\":{\"@type\":\"EntryPoint\",\"urlTemplate\":\"https:\/\/fadeu.urantiacos.cl\/en\/?s={search_term_string}\"},\"query-input\":{\"@type\":\"PropertyValueSpecification\",\"valueRequired\":true,\"valueName\":\"search_term_string\"}}],\"inLanguage\":\"en-US\"},{\"@type\":\"Person\",\"@id\":\"https:\/\/fadeu.urantiacos.cl\/en\/#\/schema\/person\/d203e2e84b1c40275eac77b3061a19a2\",\"name\":\"manadmin\",\"image\":{\"@type\":\"ImageObject\",\"inLanguage\":\"en-US\",\"@id\":\"https:\/\/fadeu.urantiacos.cl\/en\/#\/schema\/person\/image\/\",\"url\":\"https:\/\/secure.gravatar.com\/avatar\/4b1d8e3303b4a9d8968ac578947d8bc80d9aea359f388cdd4aac15cadc0e8447?s=96&d=mm&r=g\",\"contentUrl\":\"https:\/\/secure.gravatar.com\/avatar\/4b1d8e3303b4a9d8968ac578947d8bc80d9aea359f388cdd4aac15cadc0e8447?s=96&d=mm&r=g\",\"caption\":\"manadmin\"},\"sameAs\":[\"https:\/\/fadeu.urantiacos.cl\"]}]}<\/script>\n<!-- \/ Yoast SEO plugin. -->","yoast_head_json":{"title":"Osvaldo Moreno particip\u00f3 en conferencia internacional sobre relaves mineros - Facultad de Arquitectura, Dise\u00f1o y Estudios Urbanos","description":"El profesor ARQ UC y subdirector acad\u00e9mico de la escuela fue invitado a participar en la VIII Conferencia Internacional en Gesti\u00f3n de Relaves \u2013 Tailings 2022, dedicada a investigar la gesti\u00f3n de relaves mineros.","robots":{"index":"index","follow":"follow","max-snippet":"max-snippet:-1","max-image-preview":"max-image-preview:large","max-video-preview":"max-video-preview:-1"},"canonical":"https:\/\/fadeu.urantiacos.cl\/en\/2022\/07\/25\/osvaldo-moreno-participo-en-conferencia-internacional-sobre-relaves-mineros\/","og_locale":"en_US","og_type":"article","og_title":"Osvaldo Moreno particip\u00f3 en conferencia internacional sobre relaves mineros - Facultad de Arquitectura, Dise\u00f1o y Estudios Urbanos","og_description":"El profesor ARQ UC y subdirector acad\u00e9mico de la escuela fue invitado a participar en la VIII Conferencia Internacional en Gesti\u00f3n de Relaves \u2013 Tailings 2022, dedicada a investigar la gesti\u00f3n de relaves mineros.","og_url":"https:\/\/fadeu.urantiacos.cl\/en\/2022\/07\/25\/osvaldo-moreno-participo-en-conferencia-internacional-sobre-relaves-mineros\/","og_site_name":"Facultad de Arquitectura, Dise\u00f1o y Estudios Urbanos","article_published_time":"2022-07-25T18:44:00+00:00","article_modified_time":"2023-09-04T18:48:06+00:00","og_image":[{"width":350,"height":250,"url":"https:\/\/fadeu.urantiacos.cl\/wp-content\/uploads\/2023\/09\/web_Captura_de_Pantalla_2022-07-26_a_las_15.35.26.png","type":"image\/png"}],"author":"manadmin","twitter_card":"summary_large_image","twitter_misc":{"Written by":"manadmin","Est. reading time":"1 minute"},"schema":{"@context":"https:\/\/schema.org","@graph":[{"@type":"Article","@id":"https:\/\/fadeu.urantiacos.cl\/en\/2022\/07\/25\/osvaldo-moreno-participo-en-conferencia-internacional-sobre-relaves-mineros\/#article","isPartOf":{"@id":"https:\/\/fadeu.urantiacos.cl\/en\/2022\/07\/25\/osvaldo-moreno-participo-en-conferencia-internacional-sobre-relaves-mineros\/"},"author":{"name":"manadmin","@id":"https:\/\/fadeu.urantiacos.cl\/en\/#\/schema\/person\/d203e2e84b1c40275eac77b3061a19a2"},"headline":"Osvaldo Moreno particip\u00f3 en conferencia internacional sobre relaves mineros","datePublished":"2022-07-25T18:44:00+00:00","dateModified":"2023-09-04T18:48:06+00:00","mainEntityOfPage":{"@id":"https:\/\/fadeu.urantiacos.cl\/en\/2022\/07\/25\/osvaldo-moreno-participo-en-conferencia-internacional-sobre-relaves-mineros\/"},"wordCount":307,"commentCount":0,"image":{"@id":"https:\/\/fadeu.urantiacos.cl\/en\/2022\/07\/25\/osvaldo-moreno-participo-en-conferencia-internacional-sobre-relaves-mineros\/#primaryimage"},"thumbnailUrl":"https:\/\/fadeu.urantiacos.cl\/wp-content\/uploads\/2023\/09\/web_Captura_de_Pantalla_2022-07-26_a_las_15.35.26.png","articleSection":["Sin categorizar"],"inLanguage":"en-US","potentialAction":[{"@type":"CommentAction","name":"Comment","target":["https:\/\/fadeu.urantiacos.cl\/en\/2022\/07\/25\/osvaldo-moreno-participo-en-conferencia-internacional-sobre-relaves-mineros\/#respond"]}]},{"@type":"WebPage","@id":"https:\/\/fadeu.urantiacos.cl\/en\/2022\/07\/25\/osvaldo-moreno-participo-en-conferencia-internacional-sobre-relaves-mineros\/","url":"https:\/\/fadeu.urantiacos.cl\/en\/2022\/07\/25\/osvaldo-moreno-participo-en-conferencia-internacional-sobre-relaves-mineros\/","name":"Osvaldo Moreno particip\u00f3 en conferencia internacional sobre relaves mineros - Facultad de Arquitectura, Dise\u00f1o y Estudios Urbanos","isPartOf":{"@id":"https:\/\/fadeu.urantiacos.cl\/en\/#website"},"primaryImageOfPage":{"@id":"https:\/\/fadeu.urantiacos.cl\/en\/2022\/07\/25\/osvaldo-moreno-participo-en-conferencia-internacional-sobre-relaves-mineros\/#primaryimage"},"image":{"@id":"https:\/\/fadeu.urantiacos.cl\/en\/2022\/07\/25\/osvaldo-moreno-participo-en-conferencia-internacional-sobre-relaves-mineros\/#primaryimage"},"thumbnailUrl":"https:\/\/fadeu.urantiacos.cl\/wp-content\/uploads\/2023\/09\/web_Captura_de_Pantalla_2022-07-26_a_las_15.35.26.png","datePublished":"2022-07-25T18:44:00+00:00","dateModified":"2023-09-04T18:48:06+00:00","author":{"@id":"https:\/\/fadeu.urantiacos.cl\/en\/#\/schema\/person\/d203e2e84b1c40275eac77b3061a19a2"},"description":"El profesor ARQ UC y subdirector acad\u00e9mico de la escuela fue invitado a participar en la VIII Conferencia Internacional en Gesti\u00f3n de Relaves \u2013 Tailings 2022, dedicada a investigar la gesti\u00f3n de relaves mineros.","breadcrumb":{"@id":"https:\/\/fadeu.urantiacos.cl\/en\/2022\/07\/25\/osvaldo-moreno-participo-en-conferencia-internacional-sobre-relaves-mineros\/#breadcrumb"},"inLanguage":"en-US","potentialAction":[{"@type":"ReadAction","target":["https:\/\/fadeu.urantiacos.cl\/en\/2022\/07\/25\/osvaldo-moreno-participo-en-conferencia-internacional-sobre-relaves-mineros\/"]}]},{"@type":"ImageObject","inLanguage":"en-US","@id":"https:\/\/fadeu.urantiacos.cl\/en\/2022\/07\/25\/osvaldo-moreno-participo-en-conferencia-internacional-sobre-relaves-mineros\/#primaryimage","url":"https:\/\/fadeu.urantiacos.cl\/wp-content\/uploads\/2023\/09\/web_Captura_de_Pantalla_2022-07-26_a_las_15.35.26.png","contentUrl":"https:\/\/fadeu.urantiacos.cl\/wp-content\/uploads\/2023\/09\/web_Captura_de_Pantalla_2022-07-26_a_las_15.35.26.png","width":350,"height":250},{"@type":"BreadcrumbList","@id":"https:\/\/fadeu.urantiacos.cl\/en\/2022\/07\/25\/osvaldo-moreno-participo-en-conferencia-internacional-sobre-relaves-mineros\/#breadcrumb","itemListElement":[{"@type":"ListItem","position":1,"name":"Portada","item":"https:\/\/fadeu.urantiacos.cl\/en\/"},{"@type":"ListItem","position":2,"name":"Osvaldo Moreno particip\u00f3 en conferencia internacional sobre relaves mineros"}]},{"@type":"WebSite","@id":"https:\/\/fadeu.urantiacos.cl\/en\/#website","url":"https:\/\/fadeu.urantiacos.cl\/en\/","name":"Facultad de Arquitectura, Dise\u00f1o y Estudios Urbanos","description":"Campus Lo Contador","potentialAction":[{"@type":"SearchAction","target":{"@type":"EntryPoint","urlTemplate":"https:\/\/fadeu.urantiacos.cl\/en\/?s={search_term_string}"},"query-input":{"@type":"PropertyValueSpecification","valueRequired":true,"valueName":"search_term_string"}}],"inLanguage":"en-US"},{"@type":"Person","@id":"https:\/\/fadeu.urantiacos.cl\/en\/#\/schema\/person\/d203e2e84b1c40275eac77b3061a19a2","name":"manadmin","image":{"@type":"ImageObject","inLanguage":"en-US","@id":"https:\/\/fadeu.urantiacos.cl\/en\/#\/schema\/person\/image\/","url":"https:\/\/secure.gravatar.com\/avatar\/4b1d8e3303b4a9d8968ac578947d8bc80d9aea359f388cdd4aac15cadc0e8447?s=96&d=mm&r=g","contentUrl":"https:\/\/secure.gravatar.com\/avatar\/4b1d8e3303b4a9d8968ac578947d8bc80d9aea359f388cdd4aac15cadc0e8447?s=96&d=mm&r=g","caption":"manadmin"},"sameAs":["https:\/\/fadeu.urantiacos.cl"]}]}},"_links":{"self":[{"href":"https:\/\/fadeu.urantiacos.cl\/en\/wp-json\/wp\/v2\/posts\/4526","targetHints":{"allow":["GET"]}}],"collection":[{"href":"https:\/\/fadeu.urantiacos.cl\/en\/wp-json\/wp\/v2\/posts"}],"about":[{"href":"https:\/\/fadeu.urantiacos.cl\/en\/wp-json\/wp\/v2\/types\/post"}],"author":[{"embeddable":true,"href":"https:\/\/fadeu.urantiacos.cl\/en\/wp-json\/wp\/v2\/users\/1"}],"replies":[{"embeddable":true,"href":"https:\/\/fadeu.urantiacos.cl\/en\/wp-json\/wp\/v2\/comments?post=4526"}],"version-history":[{"count":1,"href":"https:\/\/fadeu.urantiacos.cl\/en\/wp-json\/wp\/v2\/posts\/4526\/revisions"}],"predecessor-version":[{"id":4528,"href":"https:\/\/fadeu.urantiacos.cl\/en\/wp-json\/wp\/v2\/posts\/4526\/revisions\/4528"}],"wp:featuredmedia":[{"embeddable":true,"href":"https:\/\/fadeu.urantiacos.cl\/en\/wp-json\/wp\/v2\/media\/4527"}],"wp:attachment":[{"href":"https:\/\/fadeu.urantiacos.cl\/en\/wp-json\/wp\/v2\/media?parent=4526"}],"wp:term":[{"taxonomy":"category","embeddable":true,"href":"https:\/\/fadeu.urantiacos.cl\/en\/wp-json\/wp\/v2\/categories?post=4526"},{"taxonomy":"post_tag","embeddable":true,"href":"https:\/\/fadeu.urantiacos.cl\/en\/wp-json\/wp\/v2\/tags?post=4526"}],"curies":[{"name":"wp","href":"https:\/\/api.w.org\/{rel}","templated":true}]}}