{"id":4511,"date":"2022-07-26T15:30:00","date_gmt":"2022-07-26T18:30:00","guid":{"rendered":"https:\/\/fadeu.urantiacos.cl\/?p=4511"},"modified":"2023-10-23T09:47:15","modified_gmt":"2023-10-23T12:47:15","slug":"college-uc-celebro-cambio-de-mando-para-el-periodo-2022-2024","status":"publish","type":"post","link":"https:\/\/fadeu.urantiacos.cl\/en\/2022\/07\/26\/college-uc-celebro-cambio-de-mando-para-el-periodo-2022-2024\/","title":{"rendered":"College UC celebr\u00f3 cambio de mando para el per\u00edodo 2022 \u20132024"},"content":{"rendered":"\n<p>A fines de julio se celebr\u00f3 la ceremonia oficial de cambio de mando de la direcci\u00f3n de\u00a0College UC, en que la profesora Loreto Valenzuela entreg\u00f3 el mando a la\u00a0<a href=\"https:\/\/fadeu.urantiacos.cl\/noticias\/5745-profesora-romy-hecht-asume-como-directora-del-college-uc\" target=\"_blank\" rel=\"noreferrer noopener\">acad\u00e9mica Romy Hecht<\/a>, quien asumi\u00f3 como nueva directora.<\/p>\n\n\n\n<p>La actividad se realiz\u00f3 en el auditorio de College y cont\u00f3 con la presencia de las autoridades de la universidad, funcionarios y funcionarias, estudiantes y representantes estudiantiles de las tres licenciaturas del Programa.<\/p>\n\n\n\n<h3 class=\"wp-block-heading\">Discursos y nuevos desaf\u00edos<\/h3>\n\n\n\n<p>Las primeras palabras fueron de la directora saliente y actual decana de la&nbsp;<a href=\"https:\/\/www.ing.uc.cl\/\" target=\"_blank\" rel=\"noreferrer noopener\">Facultad de Ingenier\u00eda<\/a>, Loreto Valenzuela. La acad\u00e9mica record\u00f3 su paso por la direcci\u00f3n, destacando el trabajo en equipo durante su gesti\u00f3n. \u201cCollege me ense\u00f1\u00f3 muchas cosas, potenci\u00f3 mi inter\u00e9s y valoraci\u00f3n por la interdisciplina, y me permiti\u00f3 acercarme a personas y \u00e1reas muy diversas. Estoy convencida de que la formaci\u00f3n que promueve College, a trav\u00e9s de sus perfiles multi e interdisciplinarios, sus combinaciones de majors y minors, es una pieza fundamental para el desarrollo de nuestra sociedad\u201d, dijo.<\/p>\n\n\n\n<p>&#8220;Estoy convencida de que la formaci\u00f3n que promueve College, a trav\u00e9s de sus perfiles multi e interdisciplinarios, sus combinaciones de majors y minors, es una pieza fundamental para el desarrollo de nuestra sociedad&#8221; &#8211; Loreto Valenzuela, nueva decana de Ingenier\u00eda UC.<\/p>\n\n\n\n<p>Luego fue el turno del primer discurso de Romy Hecht como directora de College. La profesora agradeci\u00f3 la confianza del rector Ignacio S\u00e1nchez por su nominaci\u00f3n al cargo y proyect\u00f3 los nuevos desaf\u00edos para el programa: \u201cCollege est\u00e1 en una etapa cuyo desarrollo est\u00e1 anclado en la aprobaci\u00f3n de su primer plan estrat\u00e9gico. Asimismo, ya contamos con nuestros primeros docentes y estamos trabajando activa y entusiastamente en una serie de llamados para configurar una planta acad\u00e9mica integrada colaborativamente con nuestra planta profesional y con distintas unidades de la universidad. Este gran paso que podemos dar tras el arduo trabajo del equipo junto a mis predecesores contribuir\u00e1, sin duda, a la formaci\u00f3n de excelencia que seguir\u00e1 permitiendo a nuestros estudiantes enfrentar de forma innovadora problemas reales de un mundo cambiante\u201d.<\/p>\n\n\n\n<figure class=\"wp-block-image size-full\"><img decoding=\"async\" width=\"847\" height=\"565\" src=\"https:\/\/fadeu.urantiacos.cl\/wp-content\/uploads\/2023\/09\/0b0a1355.847x0-is.jpg\" alt=\"\" class=\"wp-image-4513\" srcset=\"https:\/\/fadeu.urantiacos.cl\/wp-content\/uploads\/2023\/09\/0b0a1355.847x0-is.jpg 847w, https:\/\/fadeu.urantiacos.cl\/wp-content\/uploads\/2023\/09\/0b0a1355.847x0-is-300x200.jpg 300w, https:\/\/fadeu.urantiacos.cl\/wp-content\/uploads\/2023\/09\/0b0a1355.847x0-is-768x512.jpg 768w\" sizes=\"(max-width: 847px) 100vw, 847px\" \/><\/figure>\n\n\n\n<h3 class=\"wp-block-heading\">Palabras de respaldo de autoridades UC<\/h3>\n\n\n\n<p>El prorrector de la universidad, Guillermo Marshall, mencion\u00f3 que la profesora Hecht \u201casume como directora en un momento muy crucial para College, porque es una nueva etapa para el programa al incorporarse nuevos profesores. Realizar un plan estrat\u00e9gico formal por primera vez es algo muy potente para el futuro de esta Unidad Acad\u00e9mica\u201d. En cuanto a la directora saliente, el prorrector le dese\u00f3 \u201cel mejor de los \u00e9xitos. La profesora Valenzuela es la primera mujer decana que tiene la Facultad de Ingenier\u00eda y el pa\u00eds, lo que es muy potente como propuesta de la Universidad Cat\u00f3lica a la educaci\u00f3n superior chilena\u201d.<\/p>\n\n\n\n<p>&#8220;La profesora Valenzuela es la primera mujer decana que tiene la Facultad de Ingenier\u00eda y el pa\u00eds, lo que es muy potente como propuesta de la Universidad Cat\u00f3lica a la educaci\u00f3n superior chilena&#8221; &#8211; Guillermo Marshall, Prorrector UC.<\/p>\n\n\n\n<p>Las palabras de respaldo tambi\u00e9n vinieron de parte del vicerrector Acad\u00e9mico y ex director de College, Fernando Purcell, quien valor\u00f3 el trabajo realizado por Loreto Valenzuela durante su gesti\u00f3n durante la pandemia y la importancia que tuvo para avanzar en el desarrollo del primer plan estrat\u00e9gico del programa. En ese sentido, abord\u00f3 los pr\u00f3ximos desaf\u00edos de la nueva directora Hecht: \u201cTal vez lo m\u00e1s importante es c\u00f3mo cobijar a acad\u00e9micos, que es un proyecto muy bonito que debiera dar un refuerzo identitario a la comunidad de College el tener sus propios profesores. Le deseo lo mejor con mucho cari\u00f1o a la comunidad de College, que me toc\u00f3 dirigir por un intenso a\u00f1o y medio, sobre todo por este gran desaf\u00edo de crecer sumando a acad\u00e9micos. Contar con acad\u00e9micos, estudiantes, profesionales y administrativos e integrarlos en torno al proyecto es el gran desaf\u00edo en com\u00fan\u201d.<\/p>\n\n\n\n<p>&#8220;Contar con acad\u00e9micos, estudiantes, profesionales y administrativos e integrarlos en torno al proyecto es el gran desaf\u00edo en com\u00fan&#8221;- Fernando Purcell, vicerrector Acad\u00e9mico&nbsp;<a href=\"https:\/\/twitter.com\/intent\/tweet?text=%22Contar%20con%20acad%C3%A9micos,%20estudiantes,%20profesionales%20y%20administrativos%20e%20integrarlos%20en%20torno%20al%20proyecto%20es%20el%20gran%20desaf%C3%ADo%20en%20com%C3%BAn%22-%20Fernando%20Purcell,%20vicerrec...%20%3Ca%20href=\"><\/a><\/p>\n\n\n\n<p>Revive la ceremonia en nuestro canal de YouTube:<\/p>\n\n\n\n<figure class=\"wp-block-embed is-type-video is-provider-youtube wp-block-embed-youtube wp-embed-aspect-16-9 wp-has-aspect-ratio\"><div class=\"wp-block-embed__wrapper\">\n<iframe loading=\"lazy\" title=\"Ceremonia de cambio de mando College UC\" width=\"500\" height=\"281\" src=\"https:\/\/www.youtube.com\/embed\/TUy4o2sHA9M?feature=oembed\" frameborder=\"0\" allow=\"accelerometer; autoplay; clipboard-write; encrypted-media; gyroscope; picture-in-picture; web-share\" referrerpolicy=\"strict-origin-when-cross-origin\" allowfullscreen><\/iframe>\n<\/div><\/figure>\n\n\n\n<p>Actualmente, College UC tiene abierto cuatro llamados a concursos para conformar su primera planta acad\u00e9mica, cuya fecha de postulaci\u00f3n finaliza el 31 de agosto.<\/p>\n\n\n\n<p>Revisa las fotograf\u00edas del evento en ese&nbsp;<a href=\"https:\/\/www.facebook.com\/media\/set\/?set=a.5392409304135771&amp;type=3\" target=\"_blank\" rel=\"noreferrer noopener\">link<\/a>.<\/p>\n","protected":false},"excerpt":{"rendered":"<p>En la ceremonia del cambio de Direcci\u00f3n de College, se dio la bienvenida a la acad\u00e9mica Romy Hecht, profesora titular de la Facultad de Arquitectura, Dise\u00f1o y Estudios Urbanos quien encabezar\u00e1 el programa hasta el a\u00f1o 2024 en reemplazo de Loreto Valenzuela, quien asumi\u00f3 recientemente como decana de la Facultad de Ingenier\u00eda UC.<\/p>\n","protected":false},"author":1,"featured_media":4512,"comment_status":"open","ping_status":"open","sticky":false,"template":"","format":"standard","meta":{"_acf_changed":false,"footnotes":""},"categories":[1],"tags":[],"class_list":["post-4511","post","type-post","status-publish","format-standard","has-post-thumbnail","hentry","category-sin-categorizar"],"acf":[],"yoast_head":"<!-- This site is optimized with the Yoast SEO plugin v27.1.1 - https:\/\/yoast.com\/product\/yoast-seo-wordpress\/ -->\n<title>College UC celebr\u00f3 cambio de mando para el per\u00edodo 2022 \u20132024 - Facultad de Arquitectura, Dise\u00f1o y Estudios Urbanos<\/title>\n<meta name=\"description\" content=\"En la ceremonia del cambio de Direcci\u00f3n de College, se dio la bienvenida a la acad\u00e9mica Romy Hecht, profesora titular de la Facultad de Arquitectura, Dise\u00f1o y Estudios Urbanos quien encabezar\u00e1 el programa hasta el a\u00f1o 2024 en reemplazo de Loreto Valenzuela, quien asumi\u00f3 recientemente como decana de la Facultad de Ingenier\u00eda UC.\" \/>\n<meta name=\"robots\" content=\"index, follow, max-snippet:-1, max-image-preview:large, max-video-preview:-1\" \/>\n<link rel=\"canonical\" href=\"https:\/\/fadeu.urantiacos.cl\/en\/2022\/07\/26\/college-uc-celebro-cambio-de-mando-para-el-periodo-2022-2024\/\" \/>\n<meta property=\"og:locale\" content=\"en_US\" \/>\n<meta property=\"og:type\" content=\"article\" \/>\n<meta property=\"og:title\" content=\"College UC celebr\u00f3 cambio de mando para el per\u00edodo 2022 \u20132024 - Facultad de Arquitectura, Dise\u00f1o y Estudios Urbanos\" \/>\n<meta property=\"og:description\" content=\"En la ceremonia del cambio de Direcci\u00f3n de College, se dio la bienvenida a la acad\u00e9mica Romy Hecht, profesora titular de la Facultad de Arquitectura, Dise\u00f1o y Estudios Urbanos quien encabezar\u00e1 el programa hasta el a\u00f1o 2024 en reemplazo de Loreto Valenzuela, quien asumi\u00f3 recientemente como decana de la Facultad de Ingenier\u00eda UC.\" \/>\n<meta property=\"og:url\" content=\"https:\/\/fadeu.urantiacos.cl\/en\/2022\/07\/26\/college-uc-celebro-cambio-de-mando-para-el-periodo-2022-2024\/\" \/>\n<meta property=\"og:site_name\" content=\"Facultad de Arquitectura, Dise\u00f1o y Estudios Urbanos\" \/>\n<meta property=\"article:published_time\" content=\"2022-07-26T18:30:00+00:00\" \/>\n<meta property=\"article:modified_time\" content=\"2023-10-23T12:47:15+00:00\" \/>\n<meta property=\"og:image\" content=\"https:\/\/fadeu.urantiacos.cl\/wp-content\/uploads\/2023\/09\/0b0a1407-1.700x532_web.jpg\" \/>\n\t<meta property=\"og:image:width\" content=\"350\" \/>\n\t<meta property=\"og:image:height\" content=\"250\" \/>\n\t<meta property=\"og:image:type\" content=\"image\/jpeg\" \/>\n<meta name=\"author\" content=\"manadmin\" \/>\n<meta name=\"twitter:card\" content=\"summary_large_image\" \/>\n<meta name=\"twitter:label1\" content=\"Written by\" \/>\n\t<meta name=\"twitter:data1\" content=\"manadmin\" \/>\n\t<meta name=\"twitter:label2\" content=\"Est. reading time\" \/>\n\t<meta name=\"twitter:data2\" content=\"4 minutes\" \/>\n<script type=\"application\/ld+json\" class=\"yoast-schema-graph\">{\"@context\":\"https:\/\/schema.org\",\"@graph\":[{\"@type\":\"Article\",\"@id\":\"https:\/\/fadeu.urantiacos.cl\/en\/2022\/07\/26\/college-uc-celebro-cambio-de-mando-para-el-periodo-2022-2024\/#article\",\"isPartOf\":{\"@id\":\"https:\/\/fadeu.urantiacos.cl\/en\/2022\/07\/26\/college-uc-celebro-cambio-de-mando-para-el-periodo-2022-2024\/\"},\"author\":{\"name\":\"manadmin\",\"@id\":\"https:\/\/fadeu.urantiacos.cl\/en\/#\/schema\/person\/d203e2e84b1c40275eac77b3061a19a2\"},\"headline\":\"College UC celebr\u00f3 cambio de mando para el per\u00edodo 2022 \u20132024\",\"datePublished\":\"2022-07-26T18:30:00+00:00\",\"dateModified\":\"2023-10-23T12:47:15+00:00\",\"mainEntityOfPage\":{\"@id\":\"https:\/\/fadeu.urantiacos.cl\/en\/2022\/07\/26\/college-uc-celebro-cambio-de-mando-para-el-periodo-2022-2024\/\"},\"wordCount\":762,\"commentCount\":0,\"image\":{\"@id\":\"https:\/\/fadeu.urantiacos.cl\/en\/2022\/07\/26\/college-uc-celebro-cambio-de-mando-para-el-periodo-2022-2024\/#primaryimage\"},\"thumbnailUrl\":\"https:\/\/fadeu.urantiacos.cl\/wp-content\/uploads\/2023\/09\/0b0a1407-1.700x532_web.jpg\",\"articleSection\":[\"Sin categorizar\"],\"inLanguage\":\"en-US\",\"potentialAction\":[{\"@type\":\"CommentAction\",\"name\":\"Comment\",\"target\":[\"https:\/\/fadeu.urantiacos.cl\/en\/2022\/07\/26\/college-uc-celebro-cambio-de-mando-para-el-periodo-2022-2024\/#respond\"]}]},{\"@type\":\"WebPage\",\"@id\":\"https:\/\/fadeu.urantiacos.cl\/en\/2022\/07\/26\/college-uc-celebro-cambio-de-mando-para-el-periodo-2022-2024\/\",\"url\":\"https:\/\/fadeu.urantiacos.cl\/en\/2022\/07\/26\/college-uc-celebro-cambio-de-mando-para-el-periodo-2022-2024\/\",\"name\":\"College UC celebr\u00f3 cambio de mando para el per\u00edodo 2022 \u20132024 - Facultad de Arquitectura, Dise\u00f1o y Estudios Urbanos\",\"isPartOf\":{\"@id\":\"https:\/\/fadeu.urantiacos.cl\/en\/#website\"},\"primaryImageOfPage\":{\"@id\":\"https:\/\/fadeu.urantiacos.cl\/en\/2022\/07\/26\/college-uc-celebro-cambio-de-mando-para-el-periodo-2022-2024\/#primaryimage\"},\"image\":{\"@id\":\"https:\/\/fadeu.urantiacos.cl\/en\/2022\/07\/26\/college-uc-celebro-cambio-de-mando-para-el-periodo-2022-2024\/#primaryimage\"},\"thumbnailUrl\":\"https:\/\/fadeu.urantiacos.cl\/wp-content\/uploads\/2023\/09\/0b0a1407-1.700x532_web.jpg\",\"datePublished\":\"2022-07-26T18:30:00+00:00\",\"dateModified\":\"2023-10-23T12:47:15+00:00\",\"author\":{\"@id\":\"https:\/\/fadeu.urantiacos.cl\/en\/#\/schema\/person\/d203e2e84b1c40275eac77b3061a19a2\"},\"description\":\"En la ceremonia del cambio de Direcci\u00f3n de College, se dio la bienvenida a la acad\u00e9mica Romy Hecht, profesora titular de la Facultad de Arquitectura, Dise\u00f1o y Estudios Urbanos quien encabezar\u00e1 el programa hasta el a\u00f1o 2024 en reemplazo de Loreto Valenzuela, quien asumi\u00f3 recientemente como decana de la Facultad de Ingenier\u00eda UC.\",\"breadcrumb\":{\"@id\":\"https:\/\/fadeu.urantiacos.cl\/en\/2022\/07\/26\/college-uc-celebro-cambio-de-mando-para-el-periodo-2022-2024\/#breadcrumb\"},\"inLanguage\":\"en-US\",\"potentialAction\":[{\"@type\":\"ReadAction\",\"target\":[\"https:\/\/fadeu.urantiacos.cl\/en\/2022\/07\/26\/college-uc-celebro-cambio-de-mando-para-el-periodo-2022-2024\/\"]}]},{\"@type\":\"ImageObject\",\"inLanguage\":\"en-US\",\"@id\":\"https:\/\/fadeu.urantiacos.cl\/en\/2022\/07\/26\/college-uc-celebro-cambio-de-mando-para-el-periodo-2022-2024\/#primaryimage\",\"url\":\"https:\/\/fadeu.urantiacos.cl\/wp-content\/uploads\/2023\/09\/0b0a1407-1.700x532_web.jpg\",\"contentUrl\":\"https:\/\/fadeu.urantiacos.cl\/wp-content\/uploads\/2023\/09\/0b0a1407-1.700x532_web.jpg\",\"width\":350,\"height\":250},{\"@type\":\"BreadcrumbList\",\"@id\":\"https:\/\/fadeu.urantiacos.cl\/en\/2022\/07\/26\/college-uc-celebro-cambio-de-mando-para-el-periodo-2022-2024\/#breadcrumb\",\"itemListElement\":[{\"@type\":\"ListItem\",\"position\":1,\"name\":\"Portada\",\"item\":\"https:\/\/fadeu.urantiacos.cl\/en\/\"},{\"@type\":\"ListItem\",\"position\":2,\"name\":\"College UC celebr\u00f3 cambio de mando para el per\u00edodo 2022 \u20132024\"}]},{\"@type\":\"WebSite\",\"@id\":\"https:\/\/fadeu.urantiacos.cl\/en\/#website\",\"url\":\"https:\/\/fadeu.urantiacos.cl\/en\/\",\"name\":\"Facultad de Arquitectura, Dise\u00f1o y Estudios Urbanos\",\"description\":\"Campus Lo Contador\",\"potentialAction\":[{\"@type\":\"SearchAction\",\"target\":{\"@type\":\"EntryPoint\",\"urlTemplate\":\"https:\/\/fadeu.urantiacos.cl\/en\/?s={search_term_string}\"},\"query-input\":{\"@type\":\"PropertyValueSpecification\",\"valueRequired\":true,\"valueName\":\"search_term_string\"}}],\"inLanguage\":\"en-US\"},{\"@type\":\"Person\",\"@id\":\"https:\/\/fadeu.urantiacos.cl\/en\/#\/schema\/person\/d203e2e84b1c40275eac77b3061a19a2\",\"name\":\"manadmin\",\"image\":{\"@type\":\"ImageObject\",\"inLanguage\":\"en-US\",\"@id\":\"https:\/\/fadeu.urantiacos.cl\/en\/#\/schema\/person\/image\/\",\"url\":\"https:\/\/secure.gravatar.com\/avatar\/4b1d8e3303b4a9d8968ac578947d8bc80d9aea359f388cdd4aac15cadc0e8447?s=96&d=mm&r=g\",\"contentUrl\":\"https:\/\/secure.gravatar.com\/avatar\/4b1d8e3303b4a9d8968ac578947d8bc80d9aea359f388cdd4aac15cadc0e8447?s=96&d=mm&r=g\",\"caption\":\"manadmin\"},\"sameAs\":[\"https:\/\/fadeu.urantiacos.cl\"]}]}<\/script>\n<!-- \/ Yoast SEO plugin. -->","yoast_head_json":{"title":"College UC celebr\u00f3 cambio de mando para el per\u00edodo 2022 \u20132024 - Facultad de Arquitectura, Dise\u00f1o y Estudios Urbanos","description":"En la ceremonia del cambio de Direcci\u00f3n de College, se dio la bienvenida a la acad\u00e9mica Romy Hecht, profesora titular de la Facultad de Arquitectura, Dise\u00f1o y Estudios Urbanos quien encabezar\u00e1 el programa hasta el a\u00f1o 2024 en reemplazo de Loreto Valenzuela, quien asumi\u00f3 recientemente como decana de la Facultad de Ingenier\u00eda UC.","robots":{"index":"index","follow":"follow","max-snippet":"max-snippet:-1","max-image-preview":"max-image-preview:large","max-video-preview":"max-video-preview:-1"},"canonical":"https:\/\/fadeu.urantiacos.cl\/en\/2022\/07\/26\/college-uc-celebro-cambio-de-mando-para-el-periodo-2022-2024\/","og_locale":"en_US","og_type":"article","og_title":"College UC celebr\u00f3 cambio de mando para el per\u00edodo 2022 \u20132024 - Facultad de Arquitectura, Dise\u00f1o y Estudios Urbanos","og_description":"En la ceremonia del cambio de Direcci\u00f3n de College, se dio la bienvenida a la acad\u00e9mica Romy Hecht, profesora titular de la Facultad de Arquitectura, Dise\u00f1o y Estudios Urbanos quien encabezar\u00e1 el programa hasta el a\u00f1o 2024 en reemplazo de Loreto Valenzuela, quien asumi\u00f3 recientemente como decana de la Facultad de Ingenier\u00eda UC.","og_url":"https:\/\/fadeu.urantiacos.cl\/en\/2022\/07\/26\/college-uc-celebro-cambio-de-mando-para-el-periodo-2022-2024\/","og_site_name":"Facultad de Arquitectura, Dise\u00f1o y Estudios Urbanos","article_published_time":"2022-07-26T18:30:00+00:00","article_modified_time":"2023-10-23T12:47:15+00:00","og_image":[{"width":350,"height":250,"url":"https:\/\/fadeu.urantiacos.cl\/wp-content\/uploads\/2023\/09\/0b0a1407-1.700x532_web.jpg","type":"image\/jpeg"}],"author":"manadmin","twitter_card":"summary_large_image","twitter_misc":{"Written by":"manadmin","Est. reading time":"4 minutes"},"schema":{"@context":"https:\/\/schema.org","@graph":[{"@type":"Article","@id":"https:\/\/fadeu.urantiacos.cl\/en\/2022\/07\/26\/college-uc-celebro-cambio-de-mando-para-el-periodo-2022-2024\/#article","isPartOf":{"@id":"https:\/\/fadeu.urantiacos.cl\/en\/2022\/07\/26\/college-uc-celebro-cambio-de-mando-para-el-periodo-2022-2024\/"},"author":{"name":"manadmin","@id":"https:\/\/fadeu.urantiacos.cl\/en\/#\/schema\/person\/d203e2e84b1c40275eac77b3061a19a2"},"headline":"College UC celebr\u00f3 cambio de mando para el per\u00edodo 2022 \u20132024","datePublished":"2022-07-26T18:30:00+00:00","dateModified":"2023-10-23T12:47:15+00:00","mainEntityOfPage":{"@id":"https:\/\/fadeu.urantiacos.cl\/en\/2022\/07\/26\/college-uc-celebro-cambio-de-mando-para-el-periodo-2022-2024\/"},"wordCount":762,"commentCount":0,"image":{"@id":"https:\/\/fadeu.urantiacos.cl\/en\/2022\/07\/26\/college-uc-celebro-cambio-de-mando-para-el-periodo-2022-2024\/#primaryimage"},"thumbnailUrl":"https:\/\/fadeu.urantiacos.cl\/wp-content\/uploads\/2023\/09\/0b0a1407-1.700x532_web.jpg","articleSection":["Sin categorizar"],"inLanguage":"en-US","potentialAction":[{"@type":"CommentAction","name":"Comment","target":["https:\/\/fadeu.urantiacos.cl\/en\/2022\/07\/26\/college-uc-celebro-cambio-de-mando-para-el-periodo-2022-2024\/#respond"]}]},{"@type":"WebPage","@id":"https:\/\/fadeu.urantiacos.cl\/en\/2022\/07\/26\/college-uc-celebro-cambio-de-mando-para-el-periodo-2022-2024\/","url":"https:\/\/fadeu.urantiacos.cl\/en\/2022\/07\/26\/college-uc-celebro-cambio-de-mando-para-el-periodo-2022-2024\/","name":"College UC celebr\u00f3 cambio de mando para el per\u00edodo 2022 \u20132024 - Facultad de Arquitectura, Dise\u00f1o y Estudios Urbanos","isPartOf":{"@id":"https:\/\/fadeu.urantiacos.cl\/en\/#website"},"primaryImageOfPage":{"@id":"https:\/\/fadeu.urantiacos.cl\/en\/2022\/07\/26\/college-uc-celebro-cambio-de-mando-para-el-periodo-2022-2024\/#primaryimage"},"image":{"@id":"https:\/\/fadeu.urantiacos.cl\/en\/2022\/07\/26\/college-uc-celebro-cambio-de-mando-para-el-periodo-2022-2024\/#primaryimage"},"thumbnailUrl":"https:\/\/fadeu.urantiacos.cl\/wp-content\/uploads\/2023\/09\/0b0a1407-1.700x532_web.jpg","datePublished":"2022-07-26T18:30:00+00:00","dateModified":"2023-10-23T12:47:15+00:00","author":{"@id":"https:\/\/fadeu.urantiacos.cl\/en\/#\/schema\/person\/d203e2e84b1c40275eac77b3061a19a2"},"description":"En la ceremonia del cambio de Direcci\u00f3n de College, se dio la bienvenida a la acad\u00e9mica Romy Hecht, profesora titular de la Facultad de Arquitectura, Dise\u00f1o y Estudios Urbanos quien encabezar\u00e1 el programa hasta el a\u00f1o 2024 en reemplazo de Loreto Valenzuela, quien asumi\u00f3 recientemente como decana de la Facultad de Ingenier\u00eda UC.","breadcrumb":{"@id":"https:\/\/fadeu.urantiacos.cl\/en\/2022\/07\/26\/college-uc-celebro-cambio-de-mando-para-el-periodo-2022-2024\/#breadcrumb"},"inLanguage":"en-US","potentialAction":[{"@type":"ReadAction","target":["https:\/\/fadeu.urantiacos.cl\/en\/2022\/07\/26\/college-uc-celebro-cambio-de-mando-para-el-periodo-2022-2024\/"]}]},{"@type":"ImageObject","inLanguage":"en-US","@id":"https:\/\/fadeu.urantiacos.cl\/en\/2022\/07\/26\/college-uc-celebro-cambio-de-mando-para-el-periodo-2022-2024\/#primaryimage","url":"https:\/\/fadeu.urantiacos.cl\/wp-content\/uploads\/2023\/09\/0b0a1407-1.700x532_web.jpg","contentUrl":"https:\/\/fadeu.urantiacos.cl\/wp-content\/uploads\/2023\/09\/0b0a1407-1.700x532_web.jpg","width":350,"height":250},{"@type":"BreadcrumbList","@id":"https:\/\/fadeu.urantiacos.cl\/en\/2022\/07\/26\/college-uc-celebro-cambio-de-mando-para-el-periodo-2022-2024\/#breadcrumb","itemListElement":[{"@type":"ListItem","position":1,"name":"Portada","item":"https:\/\/fadeu.urantiacos.cl\/en\/"},{"@type":"ListItem","position":2,"name":"College UC celebr\u00f3 cambio de mando para el per\u00edodo 2022 \u20132024"}]},{"@type":"WebSite","@id":"https:\/\/fadeu.urantiacos.cl\/en\/#website","url":"https:\/\/fadeu.urantiacos.cl\/en\/","name":"Facultad de Arquitectura, Dise\u00f1o y Estudios Urbanos","description":"Campus Lo Contador","potentialAction":[{"@type":"SearchAction","target":{"@type":"EntryPoint","urlTemplate":"https:\/\/fadeu.urantiacos.cl\/en\/?s={search_term_string}"},"query-input":{"@type":"PropertyValueSpecification","valueRequired":true,"valueName":"search_term_string"}}],"inLanguage":"en-US"},{"@type":"Person","@id":"https:\/\/fadeu.urantiacos.cl\/en\/#\/schema\/person\/d203e2e84b1c40275eac77b3061a19a2","name":"manadmin","image":{"@type":"ImageObject","inLanguage":"en-US","@id":"https:\/\/fadeu.urantiacos.cl\/en\/#\/schema\/person\/image\/","url":"https:\/\/secure.gravatar.com\/avatar\/4b1d8e3303b4a9d8968ac578947d8bc80d9aea359f388cdd4aac15cadc0e8447?s=96&d=mm&r=g","contentUrl":"https:\/\/secure.gravatar.com\/avatar\/4b1d8e3303b4a9d8968ac578947d8bc80d9aea359f388cdd4aac15cadc0e8447?s=96&d=mm&r=g","caption":"manadmin"},"sameAs":["https:\/\/fadeu.urantiacos.cl"]}]}},"_links":{"self":[{"href":"https:\/\/fadeu.urantiacos.cl\/en\/wp-json\/wp\/v2\/posts\/4511","targetHints":{"allow":["GET"]}}],"collection":[{"href":"https:\/\/fadeu.urantiacos.cl\/en\/wp-json\/wp\/v2\/posts"}],"about":[{"href":"https:\/\/fadeu.urantiacos.cl\/en\/wp-json\/wp\/v2\/types\/post"}],"author":[{"embeddable":true,"href":"https:\/\/fadeu.urantiacos.cl\/en\/wp-json\/wp\/v2\/users\/1"}],"replies":[{"embeddable":true,"href":"https:\/\/fadeu.urantiacos.cl\/en\/wp-json\/wp\/v2\/comments?post=4511"}],"version-history":[{"count":3,"href":"https:\/\/fadeu.urantiacos.cl\/en\/wp-json\/wp\/v2\/posts\/4511\/revisions"}],"predecessor-version":[{"id":17307,"href":"https:\/\/fadeu.urantiacos.cl\/en\/wp-json\/wp\/v2\/posts\/4511\/revisions\/17307"}],"wp:featuredmedia":[{"embeddable":true,"href":"https:\/\/fadeu.urantiacos.cl\/en\/wp-json\/wp\/v2\/media\/4512"}],"wp:attachment":[{"href":"https:\/\/fadeu.urantiacos.cl\/en\/wp-json\/wp\/v2\/media?parent=4511"}],"wp:term":[{"taxonomy":"category","embeddable":true,"href":"https:\/\/fadeu.urantiacos.cl\/en\/wp-json\/wp\/v2\/categories?post=4511"},{"taxonomy":"post_tag","embeddable":true,"href":"https:\/\/fadeu.urantiacos.cl\/en\/wp-json\/wp\/v2\/tags?post=4511"}],"curies":[{"name":"wp","href":"https:\/\/api.w.org\/{rel}","templated":true}]}}