{"id":4503,"date":"2022-07-28T15:20:00","date_gmt":"2022-07-28T18:20:00","guid":{"rendered":"https:\/\/fadeu.urantiacos.cl\/?p=4503"},"modified":"2023-09-04T15:22:36","modified_gmt":"2023-09-04T18:22:36","slug":"antonino-reinoso-y-alejandro-duran-presentan-en-coloquio-de-investigacion-de-diseno-de-la-universidad-de-palermo","status":"publish","type":"post","link":"https:\/\/fadeu.urantiacos.cl\/en\/2022\/07\/28\/antonino-reinoso-y-alejandro-duran-presentan-en-coloquio-de-investigacion-de-diseno-de-la-universidad-de-palermo\/","title":{"rendered":"Antonino Reinoso y Alejandro Dur\u00e1n presentan en coloquio de investigaci\u00f3n de dise\u00f1o de la Universidad de Palermo"},"content":{"rendered":"\n<figure class=\"wp-block-image size-full\"><img decoding=\"async\" width=\"350\" height=\"250\" src=\"https:\/\/fadeu.urantiacos.cl\/wp-content\/uploads\/2023\/09\/WEB_Img01_CHB.jpg\" alt=\"\" class=\"wp-image-4504\" srcset=\"https:\/\/fadeu.urantiacos.cl\/wp-content\/uploads\/2023\/09\/WEB_Img01_CHB.jpg 350w, https:\/\/fadeu.urantiacos.cl\/wp-content\/uploads\/2023\/09\/WEB_Img01_CHB-300x214.jpg 300w\" sizes=\"(max-width: 350px) 100vw, 350px\" \/><\/figure>\n\n\n\n<p>La ponencia presentada da a conocer el dise\u00f1o de un artefacto remediador briofitario (ARB) de c\u00f3digo abierto que mejora las condiciones ambientales de espacios cerrados.<\/p>\n\n\n\n<p>\u201cHabitar ecosistemas urbanos genera cambios en las rutinas de movilidad que nos lleva a vivir m\u00e1s del 80% de nuestro tiempo en espacios cerrados. Esta forma de habitar presenta externalidades negativas asociadas a la contaminaci\u00f3n ambiental producida por la reducci\u00f3n de intercambio interior-exterior de aire, aumentando la concentraci\u00f3n de CO2 y otros compuestos vol\u00e1tiles org\u00e1nicos. La biorremediaci\u00f3n producida por bri\u00f3fitas ha demostrado un alto rendimiento en la fijaci\u00f3n y degradaci\u00f3n de estos contaminantes, adem\u00e1s de los efectos bio restauradores de organismos vegetales en el estado emocional de las personas\u201d, explican los investigadores<\/p>\n\n\n\n<p>INFORMACI\u00d3N PERIOD\u00cdSTICA<br>ESCUELA DE DISE\u00d1O UC<\/p>\n\n\n\n<figure class=\"wp-block-image size-large\"><img decoding=\"async\" width=\"1024\" height=\"791\" src=\"https:\/\/fadeu.urantiacos.cl\/wp-content\/uploads\/2023\/09\/Img01_CHB-1024x791.jpg\" alt=\"\" class=\"wp-image-4505\" srcset=\"https:\/\/fadeu.urantiacos.cl\/wp-content\/uploads\/2023\/09\/Img01_CHB-1024x791.jpg 1024w, https:\/\/fadeu.urantiacos.cl\/wp-content\/uploads\/2023\/09\/Img01_CHB-300x232.jpg 300w, https:\/\/fadeu.urantiacos.cl\/wp-content\/uploads\/2023\/09\/Img01_CHB-768x594.jpg 768w, https:\/\/fadeu.urantiacos.cl\/wp-content\/uploads\/2023\/09\/Img01_CHB-1536x1187.jpg 1536w, https:\/\/fadeu.urantiacos.cl\/wp-content\/uploads\/2023\/09\/Img01_CHB.jpg 1553w\" sizes=\"(max-width: 1024px) 100vw, 1024px\" \/><\/figure>\n","protected":false},"excerpt":{"rendered":"<p>El dise\u00f1ador UC Antonino Reinoso y el acad\u00e9mico de Dise\u00f1o UC Alejandro Dur\u00e1n exponen los resultados de su investigaci\u00f3n \u201cColaboraci\u00f3n Humano-Bri\u00f3fita (CHB): Dise\u00f1o Open-source de Artefacto Biol\u00f3gicamente Inspirado para la Restauraci\u00f3n Ambiental Asistida\u201d en VII Coloquio Internacional de investigadores de Dise\u00f1o organizado por la Universidad de Palermo. <\/p>\n","protected":false},"author":1,"featured_media":4504,"comment_status":"open","ping_status":"open","sticky":false,"template":"","format":"standard","meta":{"_acf_changed":false,"footnotes":""},"categories":[1],"tags":[],"class_list":["post-4503","post","type-post","status-publish","format-standard","has-post-thumbnail","hentry","category-sin-categorizar"],"acf":[],"yoast_head":"<!-- This site is optimized with the Yoast SEO plugin v27.1.1 - https:\/\/yoast.com\/product\/yoast-seo-wordpress\/ -->\n<title>Antonino Reinoso y Alejandro Dur\u00e1n presentan en coloquio de investigaci\u00f3n de dise\u00f1o de la Universidad de Palermo - Facultad de Arquitectura, Dise\u00f1o y Estudios Urbanos<\/title>\n<meta name=\"description\" content=\"El dise\u00f1ador UC Antonino Reinoso y el acad\u00e9mico de Dise\u00f1o UC Alejandro Dur\u00e1n exponen los resultados de su investigaci\u00f3n \u201cColaboraci\u00f3n Humano-Bri\u00f3fita (CHB): Dise\u00f1o Open-source de Artefacto Biol\u00f3gicamente Inspirado para la Restauraci\u00f3n Ambiental Asistida\u201d en VII Coloquio Internacional de investigadores de Dise\u00f1o organizado por la Universidad de Palermo.\" \/>\n<meta name=\"robots\" content=\"index, follow, max-snippet:-1, max-image-preview:large, max-video-preview:-1\" \/>\n<link rel=\"canonical\" href=\"https:\/\/fadeu.urantiacos.cl\/en\/2022\/07\/28\/antonino-reinoso-y-alejandro-duran-presentan-en-coloquio-de-investigacion-de-diseno-de-la-universidad-de-palermo\/\" \/>\n<meta property=\"og:locale\" content=\"en_US\" \/>\n<meta property=\"og:type\" content=\"article\" \/>\n<meta property=\"og:title\" content=\"Antonino Reinoso y Alejandro Dur\u00e1n presentan en coloquio de investigaci\u00f3n de dise\u00f1o de la Universidad de Palermo - Facultad de Arquitectura, Dise\u00f1o y Estudios Urbanos\" \/>\n<meta property=\"og:description\" content=\"El dise\u00f1ador UC Antonino Reinoso y el acad\u00e9mico de Dise\u00f1o UC Alejandro Dur\u00e1n exponen los resultados de su investigaci\u00f3n \u201cColaboraci\u00f3n Humano-Bri\u00f3fita (CHB): Dise\u00f1o Open-source de Artefacto Biol\u00f3gicamente Inspirado para la Restauraci\u00f3n Ambiental Asistida\u201d en VII Coloquio Internacional de investigadores de Dise\u00f1o organizado por la Universidad de Palermo.\" \/>\n<meta property=\"og:url\" content=\"https:\/\/fadeu.urantiacos.cl\/en\/2022\/07\/28\/antonino-reinoso-y-alejandro-duran-presentan-en-coloquio-de-investigacion-de-diseno-de-la-universidad-de-palermo\/\" \/>\n<meta property=\"og:site_name\" content=\"Facultad de Arquitectura, Dise\u00f1o y Estudios Urbanos\" \/>\n<meta property=\"article:published_time\" content=\"2022-07-28T18:20:00+00:00\" \/>\n<meta property=\"article:modified_time\" content=\"2023-09-04T18:22:36+00:00\" \/>\n<meta property=\"og:image\" content=\"https:\/\/fadeu.urantiacos.cl\/wp-content\/uploads\/2023\/09\/WEB_Img01_CHB.jpg\" \/>\n\t<meta property=\"og:image:width\" content=\"350\" \/>\n\t<meta property=\"og:image:height\" content=\"250\" \/>\n\t<meta property=\"og:image:type\" content=\"image\/jpeg\" \/>\n<meta name=\"author\" content=\"manadmin\" \/>\n<meta name=\"twitter:card\" content=\"summary_large_image\" \/>\n<meta name=\"twitter:label1\" content=\"Written by\" \/>\n\t<meta name=\"twitter:data1\" content=\"manadmin\" \/>\n\t<meta name=\"twitter:label2\" content=\"Est. reading time\" \/>\n\t<meta name=\"twitter:data2\" content=\"1 minute\" \/>\n<script type=\"application\/ld+json\" class=\"yoast-schema-graph\">{\"@context\":\"https:\/\/schema.org\",\"@graph\":[{\"@type\":\"Article\",\"@id\":\"https:\/\/fadeu.urantiacos.cl\/en\/2022\/07\/28\/antonino-reinoso-y-alejandro-duran-presentan-en-coloquio-de-investigacion-de-diseno-de-la-universidad-de-palermo\/#article\",\"isPartOf\":{\"@id\":\"https:\/\/fadeu.urantiacos.cl\/en\/2022\/07\/28\/antonino-reinoso-y-alejandro-duran-presentan-en-coloquio-de-investigacion-de-diseno-de-la-universidad-de-palermo\/\"},\"author\":{\"name\":\"manadmin\",\"@id\":\"https:\/\/fadeu.urantiacos.cl\/en\/#\/schema\/person\/d203e2e84b1c40275eac77b3061a19a2\"},\"headline\":\"Antonino Reinoso y Alejandro Dur\u00e1n presentan en coloquio de investigaci\u00f3n de dise\u00f1o de la Universidad de Palermo\",\"datePublished\":\"2022-07-28T18:20:00+00:00\",\"dateModified\":\"2023-09-04T18:22:36+00:00\",\"mainEntityOfPage\":{\"@id\":\"https:\/\/fadeu.urantiacos.cl\/en\/2022\/07\/28\/antonino-reinoso-y-alejandro-duran-presentan-en-coloquio-de-investigacion-de-diseno-de-la-universidad-de-palermo\/\"},\"wordCount\":157,\"commentCount\":0,\"image\":{\"@id\":\"https:\/\/fadeu.urantiacos.cl\/en\/2022\/07\/28\/antonino-reinoso-y-alejandro-duran-presentan-en-coloquio-de-investigacion-de-diseno-de-la-universidad-de-palermo\/#primaryimage\"},\"thumbnailUrl\":\"https:\/\/fadeu.urantiacos.cl\/wp-content\/uploads\/2023\/09\/WEB_Img01_CHB.jpg\",\"articleSection\":[\"Sin categorizar\"],\"inLanguage\":\"en-US\",\"potentialAction\":[{\"@type\":\"CommentAction\",\"name\":\"Comment\",\"target\":[\"https:\/\/fadeu.urantiacos.cl\/en\/2022\/07\/28\/antonino-reinoso-y-alejandro-duran-presentan-en-coloquio-de-investigacion-de-diseno-de-la-universidad-de-palermo\/#respond\"]}]},{\"@type\":\"WebPage\",\"@id\":\"https:\/\/fadeu.urantiacos.cl\/en\/2022\/07\/28\/antonino-reinoso-y-alejandro-duran-presentan-en-coloquio-de-investigacion-de-diseno-de-la-universidad-de-palermo\/\",\"url\":\"https:\/\/fadeu.urantiacos.cl\/en\/2022\/07\/28\/antonino-reinoso-y-alejandro-duran-presentan-en-coloquio-de-investigacion-de-diseno-de-la-universidad-de-palermo\/\",\"name\":\"Antonino Reinoso y Alejandro Dur\u00e1n presentan en coloquio de investigaci\u00f3n de dise\u00f1o de la Universidad de Palermo - Facultad de Arquitectura, Dise\u00f1o y Estudios Urbanos\",\"isPartOf\":{\"@id\":\"https:\/\/fadeu.urantiacos.cl\/en\/#website\"},\"primaryImageOfPage\":{\"@id\":\"https:\/\/fadeu.urantiacos.cl\/en\/2022\/07\/28\/antonino-reinoso-y-alejandro-duran-presentan-en-coloquio-de-investigacion-de-diseno-de-la-universidad-de-palermo\/#primaryimage\"},\"image\":{\"@id\":\"https:\/\/fadeu.urantiacos.cl\/en\/2022\/07\/28\/antonino-reinoso-y-alejandro-duran-presentan-en-coloquio-de-investigacion-de-diseno-de-la-universidad-de-palermo\/#primaryimage\"},\"thumbnailUrl\":\"https:\/\/fadeu.urantiacos.cl\/wp-content\/uploads\/2023\/09\/WEB_Img01_CHB.jpg\",\"datePublished\":\"2022-07-28T18:20:00+00:00\",\"dateModified\":\"2023-09-04T18:22:36+00:00\",\"author\":{\"@id\":\"https:\/\/fadeu.urantiacos.cl\/en\/#\/schema\/person\/d203e2e84b1c40275eac77b3061a19a2\"},\"description\":\"El dise\u00f1ador UC Antonino Reinoso y el acad\u00e9mico de Dise\u00f1o UC Alejandro Dur\u00e1n exponen los resultados de su investigaci\u00f3n \u201cColaboraci\u00f3n Humano-Bri\u00f3fita (CHB): Dise\u00f1o Open-source de Artefacto Biol\u00f3gicamente Inspirado para la Restauraci\u00f3n Ambiental Asistida\u201d en VII Coloquio Internacional de investigadores de Dise\u00f1o organizado por la Universidad de Palermo.\",\"breadcrumb\":{\"@id\":\"https:\/\/fadeu.urantiacos.cl\/en\/2022\/07\/28\/antonino-reinoso-y-alejandro-duran-presentan-en-coloquio-de-investigacion-de-diseno-de-la-universidad-de-palermo\/#breadcrumb\"},\"inLanguage\":\"en-US\",\"potentialAction\":[{\"@type\":\"ReadAction\",\"target\":[\"https:\/\/fadeu.urantiacos.cl\/en\/2022\/07\/28\/antonino-reinoso-y-alejandro-duran-presentan-en-coloquio-de-investigacion-de-diseno-de-la-universidad-de-palermo\/\"]}]},{\"@type\":\"ImageObject\",\"inLanguage\":\"en-US\",\"@id\":\"https:\/\/fadeu.urantiacos.cl\/en\/2022\/07\/28\/antonino-reinoso-y-alejandro-duran-presentan-en-coloquio-de-investigacion-de-diseno-de-la-universidad-de-palermo\/#primaryimage\",\"url\":\"https:\/\/fadeu.urantiacos.cl\/wp-content\/uploads\/2023\/09\/WEB_Img01_CHB.jpg\",\"contentUrl\":\"https:\/\/fadeu.urantiacos.cl\/wp-content\/uploads\/2023\/09\/WEB_Img01_CHB.jpg\",\"width\":350,\"height\":250},{\"@type\":\"BreadcrumbList\",\"@id\":\"https:\/\/fadeu.urantiacos.cl\/en\/2022\/07\/28\/antonino-reinoso-y-alejandro-duran-presentan-en-coloquio-de-investigacion-de-diseno-de-la-universidad-de-palermo\/#breadcrumb\",\"itemListElement\":[{\"@type\":\"ListItem\",\"position\":1,\"name\":\"Portada\",\"item\":\"https:\/\/fadeu.urantiacos.cl\/en\/\"},{\"@type\":\"ListItem\",\"position\":2,\"name\":\"Antonino Reinoso y Alejandro Dur\u00e1n presentan en coloquio de investigaci\u00f3n de dise\u00f1o de la Universidad de Palermo\"}]},{\"@type\":\"WebSite\",\"@id\":\"https:\/\/fadeu.urantiacos.cl\/en\/#website\",\"url\":\"https:\/\/fadeu.urantiacos.cl\/en\/\",\"name\":\"Facultad de Arquitectura, Dise\u00f1o y Estudios Urbanos\",\"description\":\"Campus Lo Contador\",\"potentialAction\":[{\"@type\":\"SearchAction\",\"target\":{\"@type\":\"EntryPoint\",\"urlTemplate\":\"https:\/\/fadeu.urantiacos.cl\/en\/?s={search_term_string}\"},\"query-input\":{\"@type\":\"PropertyValueSpecification\",\"valueRequired\":true,\"valueName\":\"search_term_string\"}}],\"inLanguage\":\"en-US\"},{\"@type\":\"Person\",\"@id\":\"https:\/\/fadeu.urantiacos.cl\/en\/#\/schema\/person\/d203e2e84b1c40275eac77b3061a19a2\",\"name\":\"manadmin\",\"image\":{\"@type\":\"ImageObject\",\"inLanguage\":\"en-US\",\"@id\":\"https:\/\/fadeu.urantiacos.cl\/en\/#\/schema\/person\/image\/\",\"url\":\"https:\/\/secure.gravatar.com\/avatar\/4b1d8e3303b4a9d8968ac578947d8bc80d9aea359f388cdd4aac15cadc0e8447?s=96&d=mm&r=g\",\"contentUrl\":\"https:\/\/secure.gravatar.com\/avatar\/4b1d8e3303b4a9d8968ac578947d8bc80d9aea359f388cdd4aac15cadc0e8447?s=96&d=mm&r=g\",\"caption\":\"manadmin\"},\"sameAs\":[\"https:\/\/fadeu.urantiacos.cl\"]}]}<\/script>\n<!-- \/ Yoast SEO plugin. -->","yoast_head_json":{"title":"Antonino Reinoso y Alejandro Dur\u00e1n presentan en coloquio de investigaci\u00f3n de dise\u00f1o de la Universidad de Palermo - Facultad de Arquitectura, Dise\u00f1o y Estudios Urbanos","description":"El dise\u00f1ador UC Antonino Reinoso y el acad\u00e9mico de Dise\u00f1o UC Alejandro Dur\u00e1n exponen los resultados de su investigaci\u00f3n \u201cColaboraci\u00f3n Humano-Bri\u00f3fita (CHB): Dise\u00f1o Open-source de Artefacto Biol\u00f3gicamente Inspirado para la Restauraci\u00f3n Ambiental Asistida\u201d en VII Coloquio Internacional de investigadores de Dise\u00f1o organizado por la Universidad de Palermo.","robots":{"index":"index","follow":"follow","max-snippet":"max-snippet:-1","max-image-preview":"max-image-preview:large","max-video-preview":"max-video-preview:-1"},"canonical":"https:\/\/fadeu.urantiacos.cl\/en\/2022\/07\/28\/antonino-reinoso-y-alejandro-duran-presentan-en-coloquio-de-investigacion-de-diseno-de-la-universidad-de-palermo\/","og_locale":"en_US","og_type":"article","og_title":"Antonino Reinoso y Alejandro Dur\u00e1n presentan en coloquio de investigaci\u00f3n de dise\u00f1o de la Universidad de Palermo - Facultad de Arquitectura, Dise\u00f1o y Estudios Urbanos","og_description":"El dise\u00f1ador UC Antonino Reinoso y el acad\u00e9mico de Dise\u00f1o UC Alejandro Dur\u00e1n exponen los resultados de su investigaci\u00f3n \u201cColaboraci\u00f3n Humano-Bri\u00f3fita (CHB): Dise\u00f1o Open-source de Artefacto Biol\u00f3gicamente Inspirado para la Restauraci\u00f3n Ambiental Asistida\u201d en VII Coloquio Internacional de investigadores de Dise\u00f1o organizado por la Universidad de Palermo.","og_url":"https:\/\/fadeu.urantiacos.cl\/en\/2022\/07\/28\/antonino-reinoso-y-alejandro-duran-presentan-en-coloquio-de-investigacion-de-diseno-de-la-universidad-de-palermo\/","og_site_name":"Facultad de Arquitectura, Dise\u00f1o y Estudios Urbanos","article_published_time":"2022-07-28T18:20:00+00:00","article_modified_time":"2023-09-04T18:22:36+00:00","og_image":[{"width":350,"height":250,"url":"https:\/\/fadeu.urantiacos.cl\/wp-content\/uploads\/2023\/09\/WEB_Img01_CHB.jpg","type":"image\/jpeg"}],"author":"manadmin","twitter_card":"summary_large_image","twitter_misc":{"Written by":"manadmin","Est. reading time":"1 minute"},"schema":{"@context":"https:\/\/schema.org","@graph":[{"@type":"Article","@id":"https:\/\/fadeu.urantiacos.cl\/en\/2022\/07\/28\/antonino-reinoso-y-alejandro-duran-presentan-en-coloquio-de-investigacion-de-diseno-de-la-universidad-de-palermo\/#article","isPartOf":{"@id":"https:\/\/fadeu.urantiacos.cl\/en\/2022\/07\/28\/antonino-reinoso-y-alejandro-duran-presentan-en-coloquio-de-investigacion-de-diseno-de-la-universidad-de-palermo\/"},"author":{"name":"manadmin","@id":"https:\/\/fadeu.urantiacos.cl\/en\/#\/schema\/person\/d203e2e84b1c40275eac77b3061a19a2"},"headline":"Antonino Reinoso y Alejandro Dur\u00e1n presentan en coloquio de investigaci\u00f3n de dise\u00f1o de la Universidad de Palermo","datePublished":"2022-07-28T18:20:00+00:00","dateModified":"2023-09-04T18:22:36+00:00","mainEntityOfPage":{"@id":"https:\/\/fadeu.urantiacos.cl\/en\/2022\/07\/28\/antonino-reinoso-y-alejandro-duran-presentan-en-coloquio-de-investigacion-de-diseno-de-la-universidad-de-palermo\/"},"wordCount":157,"commentCount":0,"image":{"@id":"https:\/\/fadeu.urantiacos.cl\/en\/2022\/07\/28\/antonino-reinoso-y-alejandro-duran-presentan-en-coloquio-de-investigacion-de-diseno-de-la-universidad-de-palermo\/#primaryimage"},"thumbnailUrl":"https:\/\/fadeu.urantiacos.cl\/wp-content\/uploads\/2023\/09\/WEB_Img01_CHB.jpg","articleSection":["Sin categorizar"],"inLanguage":"en-US","potentialAction":[{"@type":"CommentAction","name":"Comment","target":["https:\/\/fadeu.urantiacos.cl\/en\/2022\/07\/28\/antonino-reinoso-y-alejandro-duran-presentan-en-coloquio-de-investigacion-de-diseno-de-la-universidad-de-palermo\/#respond"]}]},{"@type":"WebPage","@id":"https:\/\/fadeu.urantiacos.cl\/en\/2022\/07\/28\/antonino-reinoso-y-alejandro-duran-presentan-en-coloquio-de-investigacion-de-diseno-de-la-universidad-de-palermo\/","url":"https:\/\/fadeu.urantiacos.cl\/en\/2022\/07\/28\/antonino-reinoso-y-alejandro-duran-presentan-en-coloquio-de-investigacion-de-diseno-de-la-universidad-de-palermo\/","name":"Antonino Reinoso y Alejandro Dur\u00e1n presentan en coloquio de investigaci\u00f3n de dise\u00f1o de la Universidad de Palermo - Facultad de Arquitectura, Dise\u00f1o y Estudios Urbanos","isPartOf":{"@id":"https:\/\/fadeu.urantiacos.cl\/en\/#website"},"primaryImageOfPage":{"@id":"https:\/\/fadeu.urantiacos.cl\/en\/2022\/07\/28\/antonino-reinoso-y-alejandro-duran-presentan-en-coloquio-de-investigacion-de-diseno-de-la-universidad-de-palermo\/#primaryimage"},"image":{"@id":"https:\/\/fadeu.urantiacos.cl\/en\/2022\/07\/28\/antonino-reinoso-y-alejandro-duran-presentan-en-coloquio-de-investigacion-de-diseno-de-la-universidad-de-palermo\/#primaryimage"},"thumbnailUrl":"https:\/\/fadeu.urantiacos.cl\/wp-content\/uploads\/2023\/09\/WEB_Img01_CHB.jpg","datePublished":"2022-07-28T18:20:00+00:00","dateModified":"2023-09-04T18:22:36+00:00","author":{"@id":"https:\/\/fadeu.urantiacos.cl\/en\/#\/schema\/person\/d203e2e84b1c40275eac77b3061a19a2"},"description":"El dise\u00f1ador UC Antonino Reinoso y el acad\u00e9mico de Dise\u00f1o UC Alejandro Dur\u00e1n exponen los resultados de su investigaci\u00f3n \u201cColaboraci\u00f3n Humano-Bri\u00f3fita (CHB): Dise\u00f1o Open-source de Artefacto Biol\u00f3gicamente Inspirado para la Restauraci\u00f3n Ambiental Asistida\u201d en VII Coloquio Internacional de investigadores de Dise\u00f1o organizado por la Universidad de Palermo.","breadcrumb":{"@id":"https:\/\/fadeu.urantiacos.cl\/en\/2022\/07\/28\/antonino-reinoso-y-alejandro-duran-presentan-en-coloquio-de-investigacion-de-diseno-de-la-universidad-de-palermo\/#breadcrumb"},"inLanguage":"en-US","potentialAction":[{"@type":"ReadAction","target":["https:\/\/fadeu.urantiacos.cl\/en\/2022\/07\/28\/antonino-reinoso-y-alejandro-duran-presentan-en-coloquio-de-investigacion-de-diseno-de-la-universidad-de-palermo\/"]}]},{"@type":"ImageObject","inLanguage":"en-US","@id":"https:\/\/fadeu.urantiacos.cl\/en\/2022\/07\/28\/antonino-reinoso-y-alejandro-duran-presentan-en-coloquio-de-investigacion-de-diseno-de-la-universidad-de-palermo\/#primaryimage","url":"https:\/\/fadeu.urantiacos.cl\/wp-content\/uploads\/2023\/09\/WEB_Img01_CHB.jpg","contentUrl":"https:\/\/fadeu.urantiacos.cl\/wp-content\/uploads\/2023\/09\/WEB_Img01_CHB.jpg","width":350,"height":250},{"@type":"BreadcrumbList","@id":"https:\/\/fadeu.urantiacos.cl\/en\/2022\/07\/28\/antonino-reinoso-y-alejandro-duran-presentan-en-coloquio-de-investigacion-de-diseno-de-la-universidad-de-palermo\/#breadcrumb","itemListElement":[{"@type":"ListItem","position":1,"name":"Portada","item":"https:\/\/fadeu.urantiacos.cl\/en\/"},{"@type":"ListItem","position":2,"name":"Antonino Reinoso y Alejandro Dur\u00e1n presentan en coloquio de investigaci\u00f3n de dise\u00f1o de la Universidad de Palermo"}]},{"@type":"WebSite","@id":"https:\/\/fadeu.urantiacos.cl\/en\/#website","url":"https:\/\/fadeu.urantiacos.cl\/en\/","name":"Facultad de Arquitectura, Dise\u00f1o y Estudios Urbanos","description":"Campus Lo Contador","potentialAction":[{"@type":"SearchAction","target":{"@type":"EntryPoint","urlTemplate":"https:\/\/fadeu.urantiacos.cl\/en\/?s={search_term_string}"},"query-input":{"@type":"PropertyValueSpecification","valueRequired":true,"valueName":"search_term_string"}}],"inLanguage":"en-US"},{"@type":"Person","@id":"https:\/\/fadeu.urantiacos.cl\/en\/#\/schema\/person\/d203e2e84b1c40275eac77b3061a19a2","name":"manadmin","image":{"@type":"ImageObject","inLanguage":"en-US","@id":"https:\/\/fadeu.urantiacos.cl\/en\/#\/schema\/person\/image\/","url":"https:\/\/secure.gravatar.com\/avatar\/4b1d8e3303b4a9d8968ac578947d8bc80d9aea359f388cdd4aac15cadc0e8447?s=96&d=mm&r=g","contentUrl":"https:\/\/secure.gravatar.com\/avatar\/4b1d8e3303b4a9d8968ac578947d8bc80d9aea359f388cdd4aac15cadc0e8447?s=96&d=mm&r=g","caption":"manadmin"},"sameAs":["https:\/\/fadeu.urantiacos.cl"]}]}},"_links":{"self":[{"href":"https:\/\/fadeu.urantiacos.cl\/en\/wp-json\/wp\/v2\/posts\/4503","targetHints":{"allow":["GET"]}}],"collection":[{"href":"https:\/\/fadeu.urantiacos.cl\/en\/wp-json\/wp\/v2\/posts"}],"about":[{"href":"https:\/\/fadeu.urantiacos.cl\/en\/wp-json\/wp\/v2\/types\/post"}],"author":[{"embeddable":true,"href":"https:\/\/fadeu.urantiacos.cl\/en\/wp-json\/wp\/v2\/users\/1"}],"replies":[{"embeddable":true,"href":"https:\/\/fadeu.urantiacos.cl\/en\/wp-json\/wp\/v2\/comments?post=4503"}],"version-history":[{"count":1,"href":"https:\/\/fadeu.urantiacos.cl\/en\/wp-json\/wp\/v2\/posts\/4503\/revisions"}],"predecessor-version":[{"id":4506,"href":"https:\/\/fadeu.urantiacos.cl\/en\/wp-json\/wp\/v2\/posts\/4503\/revisions\/4506"}],"wp:featuredmedia":[{"embeddable":true,"href":"https:\/\/fadeu.urantiacos.cl\/en\/wp-json\/wp\/v2\/media\/4504"}],"wp:attachment":[{"href":"https:\/\/fadeu.urantiacos.cl\/en\/wp-json\/wp\/v2\/media?parent=4503"}],"wp:term":[{"taxonomy":"category","embeddable":true,"href":"https:\/\/fadeu.urantiacos.cl\/en\/wp-json\/wp\/v2\/categories?post=4503"},{"taxonomy":"post_tag","embeddable":true,"href":"https:\/\/fadeu.urantiacos.cl\/en\/wp-json\/wp\/v2\/tags?post=4503"}],"curies":[{"name":"wp","href":"https:\/\/api.w.org\/{rel}","templated":true}]}}