{"id":4482,"date":"2022-07-30T15:04:00","date_gmt":"2022-07-30T18:04:00","guid":{"rendered":"https:\/\/fadeu.urantiacos.cl\/?p=4482"},"modified":"2023-09-04T15:12:55","modified_gmt":"2023-09-04T18:12:55","slug":"la-escuela-de-arquitectura-uc-recibio-a-mas-de-cien-escolares-en-jornada-vocacional","status":"publish","type":"post","link":"https:\/\/fadeu.urantiacos.cl\/en\/2022\/07\/30\/la-escuela-de-arquitectura-uc-recibio-a-mas-de-cien-escolares-en-jornada-vocacional\/","title":{"rendered":"La Escuela de Arquitectura UC recibi\u00f3 a m\u00e1s de cien escolares en jornada vocacional"},"content":{"rendered":"\n<figure class=\"wp-block-image size-full\"><img decoding=\"async\" width=\"350\" height=\"250\" src=\"https:\/\/fadeu.urantiacos.cl\/wp-content\/uploads\/2023\/09\/web_220722_Jornada_escolares_Capilla_Ejercicio_1.jpg\" alt=\"\" class=\"wp-image-4483\" srcset=\"https:\/\/fadeu.urantiacos.cl\/wp-content\/uploads\/2023\/09\/web_220722_Jornada_escolares_Capilla_Ejercicio_1.jpg 350w, https:\/\/fadeu.urantiacos.cl\/wp-content\/uploads\/2023\/09\/web_220722_Jornada_escolares_Capilla_Ejercicio_1-300x214.jpg 300w\" sizes=\"(max-width: 350px) 100vw, 350px\" \/><\/figure>\n\n\n\n<p>Bajo el t\u00edtulo \u201cEstudiantes ARQ UC por un d\u00eda\u201d, la Escuela de Arquitectura UC abri\u00f3 a sus puertas a escolares de distintos establecimientos del pa\u00eds con miras a explorar su vocaci\u00f3n e inter\u00e9s en la arquitectura. Esto, como parte del programa a nivel institucional de actividades para estudiantes de ense\u00f1anza media durante sus vacaciones de invierno.<\/p>\n\n\n\n<p>Con una abrumadora respuesta luego de lanzada la inscripci\u00f3n \u2014complet\u00e1ndose los cupos en tan s\u00f3lo un par de d\u00edas\u2014, la escuela finalmente recibi\u00f3 a m\u00e1s cien escolares. La jornada se realiz\u00f3 el viernes 22 de julio de 2022, iniciando con unas palabras de bienvenida y una charla tem\u00e1tica, luego con un ejercicio de dibujo y comentarios, para finalizar con una convivencia y un tour por el campus.<\/p>\n\n\n\n<p>Para desarrollar las actividades de mejor manera, los participantes fueron divididos al azar en dos salas \u2014la Capilla y el Refectorio, espacios com\u00fanmente usados por los cursos de primer a\u00f1o\u2014 en donde fueron recibidos por autoridades y acad\u00e9micos de la escuela. Bajo la premisa de experimentar por un d\u00eda la disciplina, las charlas abordaron la mirada disciplinar y los diferentes desaf\u00edos que tienen y tendr\u00e1n los arquitectos en estos a\u00f1os. A su vez, el ejercicio pr\u00e1ctico del d\u00eda cont\u00f3 con una breve introducci\u00f3n al dibujo en la arquitectura y consisti\u00f3 en la realizaci\u00f3n de dos dibujos: primero uno en sala, en el que se les pidi\u00f3 dibujar un patio o plaza significativo que recordaran; y luego uno en terreno, donde debieron observar y dibujar uno de los patios del Campus Lo Contador. Una vez finalizados los dibujos, \u00e9stos se expusieron afuera de cada sala de la casona para ser vistos y comentados por el cuerpo docente y los mismos estudiantes. Por \u00faltimo, para la convivencia antes del tour, ambos grupos se unieron al centro del Patio de Los Naranjos y en torno a la p\u00e9rgola para poder conocerse y conversar, junto a los profesores, de forma m\u00e1s distendida.<\/p>\n\n\n\n<p>Participaron de la jornada el director ARQ UC Luis Eduardo Bresciani y el subdirector acad\u00e9mico Osvaldo Moreno, los profesores ARQ UC Pilar Urrejola, Dino Bozzi, Germ\u00e1n Hidalgo, Wren Strabucchi y Rayna Razmilic. La actividad tambi\u00e9n cont\u00f3 con el apoyo de la asistente de la direcci\u00f3n, M\u00f3nica Silva, del equipo de la subdirecci\u00f3n acad\u00e9mica ARQ UC, del equipo de Extensi\u00f3n ARQ UC y de las estudiantes ARQ UC Valeria Blanco y Isidora M\u00e1rquez.<\/p>\n\n\n\n<figure class=\"wp-block-image size-full\"><img decoding=\"async\" width=\"1024\" height=\"576\" src=\"https:\/\/fadeu.urantiacos.cl\/wp-content\/uploads\/2023\/09\/220722_Jornada_escolares_Refectorio_3.jpg\" alt=\"\" class=\"wp-image-4484\" srcset=\"https:\/\/fadeu.urantiacos.cl\/wp-content\/uploads\/2023\/09\/220722_Jornada_escolares_Refectorio_3.jpg 1024w, https:\/\/fadeu.urantiacos.cl\/wp-content\/uploads\/2023\/09\/220722_Jornada_escolares_Refectorio_3-300x169.jpg 300w, https:\/\/fadeu.urantiacos.cl\/wp-content\/uploads\/2023\/09\/220722_Jornada_escolares_Refectorio_3-768x432.jpg 768w\" sizes=\"(max-width: 1024px) 100vw, 1024px\" \/><\/figure>\n\n\n\n<figure class=\"wp-block-image size-full\"><img decoding=\"async\" width=\"1024\" height=\"768\" src=\"https:\/\/fadeu.urantiacos.cl\/wp-content\/uploads\/2023\/09\/220722_Jornada_escolares_Capilla_1.jpeg\" alt=\"\" class=\"wp-image-4485\" srcset=\"https:\/\/fadeu.urantiacos.cl\/wp-content\/uploads\/2023\/09\/220722_Jornada_escolares_Capilla_1.jpeg 1024w, https:\/\/fadeu.urantiacos.cl\/wp-content\/uploads\/2023\/09\/220722_Jornada_escolares_Capilla_1-300x225.jpeg 300w, https:\/\/fadeu.urantiacos.cl\/wp-content\/uploads\/2023\/09\/220722_Jornada_escolares_Capilla_1-768x576.jpeg 768w\" sizes=\"(max-width: 1024px) 100vw, 1024px\" \/><\/figure>\n\n\n\n<figure class=\"wp-block-image size-full\"><img decoding=\"async\" width=\"1024\" height=\"768\" src=\"https:\/\/fadeu.urantiacos.cl\/wp-content\/uploads\/2023\/09\/220722_Jornada_escolares_Capilla_Ejercicio_1.jpeg\" alt=\"\" class=\"wp-image-4486\" srcset=\"https:\/\/fadeu.urantiacos.cl\/wp-content\/uploads\/2023\/09\/220722_Jornada_escolares_Capilla_Ejercicio_1.jpeg 1024w, https:\/\/fadeu.urantiacos.cl\/wp-content\/uploads\/2023\/09\/220722_Jornada_escolares_Capilla_Ejercicio_1-300x225.jpeg 300w, https:\/\/fadeu.urantiacos.cl\/wp-content\/uploads\/2023\/09\/220722_Jornada_escolares_Capilla_Ejercicio_1-768x576.jpeg 768w\" sizes=\"(max-width: 1024px) 100vw, 1024px\" \/><\/figure>\n\n\n\n<figure class=\"wp-block-image size-full\"><img decoding=\"async\" width=\"1024\" height=\"768\" src=\"https:\/\/fadeu.urantiacos.cl\/wp-content\/uploads\/2023\/09\/220722_Jornada_escolares_Capilla_Ejercicio_2.jpeg\" alt=\"\" class=\"wp-image-4487\" srcset=\"https:\/\/fadeu.urantiacos.cl\/wp-content\/uploads\/2023\/09\/220722_Jornada_escolares_Capilla_Ejercicio_2.jpeg 1024w, https:\/\/fadeu.urantiacos.cl\/wp-content\/uploads\/2023\/09\/220722_Jornada_escolares_Capilla_Ejercicio_2-300x225.jpeg 300w, https:\/\/fadeu.urantiacos.cl\/wp-content\/uploads\/2023\/09\/220722_Jornada_escolares_Capilla_Ejercicio_2-768x576.jpeg 768w\" sizes=\"(max-width: 1024px) 100vw, 1024px\" \/><\/figure>\n\n\n\n<figure class=\"wp-block-image size-full\"><img decoding=\"async\" width=\"1024\" height=\"768\" src=\"https:\/\/fadeu.urantiacos.cl\/wp-content\/uploads\/2023\/09\/220722_Jornada_escolares_tour_1.jpeg\" alt=\"\" class=\"wp-image-4488\" srcset=\"https:\/\/fadeu.urantiacos.cl\/wp-content\/uploads\/2023\/09\/220722_Jornada_escolares_tour_1.jpeg 1024w, https:\/\/fadeu.urantiacos.cl\/wp-content\/uploads\/2023\/09\/220722_Jornada_escolares_tour_1-300x225.jpeg 300w, https:\/\/fadeu.urantiacos.cl\/wp-content\/uploads\/2023\/09\/220722_Jornada_escolares_tour_1-768x576.jpeg 768w\" sizes=\"(max-width: 1024px) 100vw, 1024px\" \/><\/figure>\n\n\n\n<figure class=\"wp-block-image size-full\"><img decoding=\"async\" width=\"1024\" height=\"768\" src=\"https:\/\/fadeu.urantiacos.cl\/wp-content\/uploads\/2023\/09\/220722_Jornada_escolares_tour_2.jpeg\" alt=\"\" class=\"wp-image-4489\" srcset=\"https:\/\/fadeu.urantiacos.cl\/wp-content\/uploads\/2023\/09\/220722_Jornada_escolares_tour_2.jpeg 1024w, https:\/\/fadeu.urantiacos.cl\/wp-content\/uploads\/2023\/09\/220722_Jornada_escolares_tour_2-300x225.jpeg 300w, https:\/\/fadeu.urantiacos.cl\/wp-content\/uploads\/2023\/09\/220722_Jornada_escolares_tour_2-768x576.jpeg 768w\" sizes=\"(max-width: 1024px) 100vw, 1024px\" \/><\/figure>\n\n\n\n<p>Noticias<br>Contacto:&nbsp;<a href=\"mailto:redesarq@uc.cl\">redesarq@uc.cl<\/a>&nbsp;| +56 2 2354 7747<br>www.arquitectura.uc.cl&nbsp;<\/p>\n","protected":false},"excerpt":{"rendered":"<p>En el marco de la iniciativa UC \u201cNovato y novata por un d\u00eda\u201d, la escuela recibi\u00f3 a m\u00e1s de cien estudiantes de cuarto medio de distintas ciudades del pa\u00eds en una jornada de actividades para conocer m\u00e1s sobre la disciplina y la universidad.<\/p>\n","protected":false},"author":1,"featured_media":4483,"comment_status":"open","ping_status":"open","sticky":false,"template":"","format":"standard","meta":{"_acf_changed":false,"footnotes":""},"categories":[1],"tags":[],"class_list":["post-4482","post","type-post","status-publish","format-standard","has-post-thumbnail","hentry","category-sin-categorizar"],"acf":[],"yoast_head":"<!-- This site is optimized with the Yoast SEO plugin v27.1.1 - https:\/\/yoast.com\/product\/yoast-seo-wordpress\/ -->\n<title>La Escuela de Arquitectura UC recibi\u00f3 a m\u00e1s de cien escolares en jornada vocacional - Facultad de Arquitectura, Dise\u00f1o y Estudios Urbanos<\/title>\n<meta name=\"description\" content=\"En el marco de la iniciativa UC \u201cNovato y novata por un d\u00eda\u201d, la escuela recibi\u00f3 a m\u00e1s de cien estudiantes de cuarto medio de distintas ciudades del pa\u00eds en una jornada de actividades para conocer m\u00e1s sobre la disciplina y la universidad.\" \/>\n<meta name=\"robots\" content=\"index, follow, max-snippet:-1, max-image-preview:large, max-video-preview:-1\" \/>\n<link rel=\"canonical\" href=\"https:\/\/fadeu.urantiacos.cl\/en\/2022\/07\/30\/la-escuela-de-arquitectura-uc-recibio-a-mas-de-cien-escolares-en-jornada-vocacional\/\" \/>\n<meta property=\"og:locale\" content=\"en_US\" \/>\n<meta property=\"og:type\" content=\"article\" \/>\n<meta property=\"og:title\" content=\"La Escuela de Arquitectura UC recibi\u00f3 a m\u00e1s de cien escolares en jornada vocacional - Facultad de Arquitectura, Dise\u00f1o y Estudios Urbanos\" \/>\n<meta property=\"og:description\" content=\"En el marco de la iniciativa UC \u201cNovato y novata por un d\u00eda\u201d, la escuela recibi\u00f3 a m\u00e1s de cien estudiantes de cuarto medio de distintas ciudades del pa\u00eds en una jornada de actividades para conocer m\u00e1s sobre la disciplina y la universidad.\" \/>\n<meta property=\"og:url\" content=\"https:\/\/fadeu.urantiacos.cl\/en\/2022\/07\/30\/la-escuela-de-arquitectura-uc-recibio-a-mas-de-cien-escolares-en-jornada-vocacional\/\" \/>\n<meta property=\"og:site_name\" content=\"Facultad de Arquitectura, Dise\u00f1o y Estudios Urbanos\" \/>\n<meta property=\"article:published_time\" content=\"2022-07-30T18:04:00+00:00\" \/>\n<meta property=\"article:modified_time\" content=\"2023-09-04T18:12:55+00:00\" \/>\n<meta property=\"og:image\" content=\"https:\/\/fadeu.urantiacos.cl\/wp-content\/uploads\/2023\/09\/web_220722_Jornada_escolares_Capilla_Ejercicio_1.jpg\" \/>\n\t<meta property=\"og:image:width\" content=\"350\" \/>\n\t<meta property=\"og:image:height\" content=\"250\" \/>\n\t<meta property=\"og:image:type\" content=\"image\/jpeg\" \/>\n<meta name=\"author\" content=\"manadmin\" \/>\n<meta name=\"twitter:card\" content=\"summary_large_image\" \/>\n<meta name=\"twitter:label1\" content=\"Written by\" \/>\n\t<meta name=\"twitter:data1\" content=\"manadmin\" \/>\n\t<meta name=\"twitter:label2\" content=\"Est. reading time\" \/>\n\t<meta name=\"twitter:data2\" content=\"2 minutes\" \/>\n<script type=\"application\/ld+json\" class=\"yoast-schema-graph\">{\"@context\":\"https:\/\/schema.org\",\"@graph\":[{\"@type\":\"Article\",\"@id\":\"https:\/\/fadeu.urantiacos.cl\/en\/2022\/07\/30\/la-escuela-de-arquitectura-uc-recibio-a-mas-de-cien-escolares-en-jornada-vocacional\/#article\",\"isPartOf\":{\"@id\":\"https:\/\/fadeu.urantiacos.cl\/en\/2022\/07\/30\/la-escuela-de-arquitectura-uc-recibio-a-mas-de-cien-escolares-en-jornada-vocacional\/\"},\"author\":{\"name\":\"manadmin\",\"@id\":\"https:\/\/fadeu.urantiacos.cl\/en\/#\/schema\/person\/d203e2e84b1c40275eac77b3061a19a2\"},\"headline\":\"La Escuela de Arquitectura UC recibi\u00f3 a m\u00e1s de cien escolares en jornada vocacional\",\"datePublished\":\"2022-07-30T18:04:00+00:00\",\"dateModified\":\"2023-09-04T18:12:55+00:00\",\"mainEntityOfPage\":{\"@id\":\"https:\/\/fadeu.urantiacos.cl\/en\/2022\/07\/30\/la-escuela-de-arquitectura-uc-recibio-a-mas-de-cien-escolares-en-jornada-vocacional\/\"},\"wordCount\":451,\"commentCount\":0,\"image\":{\"@id\":\"https:\/\/fadeu.urantiacos.cl\/en\/2022\/07\/30\/la-escuela-de-arquitectura-uc-recibio-a-mas-de-cien-escolares-en-jornada-vocacional\/#primaryimage\"},\"thumbnailUrl\":\"https:\/\/fadeu.urantiacos.cl\/wp-content\/uploads\/2023\/09\/web_220722_Jornada_escolares_Capilla_Ejercicio_1.jpg\",\"articleSection\":[\"Sin categorizar\"],\"inLanguage\":\"en-US\",\"potentialAction\":[{\"@type\":\"CommentAction\",\"name\":\"Comment\",\"target\":[\"https:\/\/fadeu.urantiacos.cl\/en\/2022\/07\/30\/la-escuela-de-arquitectura-uc-recibio-a-mas-de-cien-escolares-en-jornada-vocacional\/#respond\"]}]},{\"@type\":\"WebPage\",\"@id\":\"https:\/\/fadeu.urantiacos.cl\/en\/2022\/07\/30\/la-escuela-de-arquitectura-uc-recibio-a-mas-de-cien-escolares-en-jornada-vocacional\/\",\"url\":\"https:\/\/fadeu.urantiacos.cl\/en\/2022\/07\/30\/la-escuela-de-arquitectura-uc-recibio-a-mas-de-cien-escolares-en-jornada-vocacional\/\",\"name\":\"La Escuela de Arquitectura UC recibi\u00f3 a m\u00e1s de cien escolares en jornada vocacional - Facultad de Arquitectura, Dise\u00f1o y Estudios Urbanos\",\"isPartOf\":{\"@id\":\"https:\/\/fadeu.urantiacos.cl\/en\/#website\"},\"primaryImageOfPage\":{\"@id\":\"https:\/\/fadeu.urantiacos.cl\/en\/2022\/07\/30\/la-escuela-de-arquitectura-uc-recibio-a-mas-de-cien-escolares-en-jornada-vocacional\/#primaryimage\"},\"image\":{\"@id\":\"https:\/\/fadeu.urantiacos.cl\/en\/2022\/07\/30\/la-escuela-de-arquitectura-uc-recibio-a-mas-de-cien-escolares-en-jornada-vocacional\/#primaryimage\"},\"thumbnailUrl\":\"https:\/\/fadeu.urantiacos.cl\/wp-content\/uploads\/2023\/09\/web_220722_Jornada_escolares_Capilla_Ejercicio_1.jpg\",\"datePublished\":\"2022-07-30T18:04:00+00:00\",\"dateModified\":\"2023-09-04T18:12:55+00:00\",\"author\":{\"@id\":\"https:\/\/fadeu.urantiacos.cl\/en\/#\/schema\/person\/d203e2e84b1c40275eac77b3061a19a2\"},\"description\":\"En el marco de la iniciativa UC \u201cNovato y novata por un d\u00eda\u201d, la escuela recibi\u00f3 a m\u00e1s de cien estudiantes de cuarto medio de distintas ciudades del pa\u00eds en una jornada de actividades para conocer m\u00e1s sobre la disciplina y la universidad.\",\"breadcrumb\":{\"@id\":\"https:\/\/fadeu.urantiacos.cl\/en\/2022\/07\/30\/la-escuela-de-arquitectura-uc-recibio-a-mas-de-cien-escolares-en-jornada-vocacional\/#breadcrumb\"},\"inLanguage\":\"en-US\",\"potentialAction\":[{\"@type\":\"ReadAction\",\"target\":[\"https:\/\/fadeu.urantiacos.cl\/en\/2022\/07\/30\/la-escuela-de-arquitectura-uc-recibio-a-mas-de-cien-escolares-en-jornada-vocacional\/\"]}]},{\"@type\":\"ImageObject\",\"inLanguage\":\"en-US\",\"@id\":\"https:\/\/fadeu.urantiacos.cl\/en\/2022\/07\/30\/la-escuela-de-arquitectura-uc-recibio-a-mas-de-cien-escolares-en-jornada-vocacional\/#primaryimage\",\"url\":\"https:\/\/fadeu.urantiacos.cl\/wp-content\/uploads\/2023\/09\/web_220722_Jornada_escolares_Capilla_Ejercicio_1.jpg\",\"contentUrl\":\"https:\/\/fadeu.urantiacos.cl\/wp-content\/uploads\/2023\/09\/web_220722_Jornada_escolares_Capilla_Ejercicio_1.jpg\",\"width\":350,\"height\":250},{\"@type\":\"BreadcrumbList\",\"@id\":\"https:\/\/fadeu.urantiacos.cl\/en\/2022\/07\/30\/la-escuela-de-arquitectura-uc-recibio-a-mas-de-cien-escolares-en-jornada-vocacional\/#breadcrumb\",\"itemListElement\":[{\"@type\":\"ListItem\",\"position\":1,\"name\":\"Portada\",\"item\":\"https:\/\/fadeu.urantiacos.cl\/en\/\"},{\"@type\":\"ListItem\",\"position\":2,\"name\":\"La Escuela de Arquitectura UC recibi\u00f3 a m\u00e1s de cien escolares en jornada vocacional\"}]},{\"@type\":\"WebSite\",\"@id\":\"https:\/\/fadeu.urantiacos.cl\/en\/#website\",\"url\":\"https:\/\/fadeu.urantiacos.cl\/en\/\",\"name\":\"Facultad de Arquitectura, Dise\u00f1o y Estudios Urbanos\",\"description\":\"Campus Lo Contador\",\"potentialAction\":[{\"@type\":\"SearchAction\",\"target\":{\"@type\":\"EntryPoint\",\"urlTemplate\":\"https:\/\/fadeu.urantiacos.cl\/en\/?s={search_term_string}\"},\"query-input\":{\"@type\":\"PropertyValueSpecification\",\"valueRequired\":true,\"valueName\":\"search_term_string\"}}],\"inLanguage\":\"en-US\"},{\"@type\":\"Person\",\"@id\":\"https:\/\/fadeu.urantiacos.cl\/en\/#\/schema\/person\/d203e2e84b1c40275eac77b3061a19a2\",\"name\":\"manadmin\",\"image\":{\"@type\":\"ImageObject\",\"inLanguage\":\"en-US\",\"@id\":\"https:\/\/fadeu.urantiacos.cl\/en\/#\/schema\/person\/image\/\",\"url\":\"https:\/\/secure.gravatar.com\/avatar\/4b1d8e3303b4a9d8968ac578947d8bc80d9aea359f388cdd4aac15cadc0e8447?s=96&d=mm&r=g\",\"contentUrl\":\"https:\/\/secure.gravatar.com\/avatar\/4b1d8e3303b4a9d8968ac578947d8bc80d9aea359f388cdd4aac15cadc0e8447?s=96&d=mm&r=g\",\"caption\":\"manadmin\"},\"sameAs\":[\"https:\/\/fadeu.urantiacos.cl\"]}]}<\/script>\n<!-- \/ Yoast SEO plugin. -->","yoast_head_json":{"title":"La Escuela de Arquitectura UC recibi\u00f3 a m\u00e1s de cien escolares en jornada vocacional - Facultad de Arquitectura, Dise\u00f1o y Estudios Urbanos","description":"En el marco de la iniciativa UC \u201cNovato y novata por un d\u00eda\u201d, la escuela recibi\u00f3 a m\u00e1s de cien estudiantes de cuarto medio de distintas ciudades del pa\u00eds en una jornada de actividades para conocer m\u00e1s sobre la disciplina y la universidad.","robots":{"index":"index","follow":"follow","max-snippet":"max-snippet:-1","max-image-preview":"max-image-preview:large","max-video-preview":"max-video-preview:-1"},"canonical":"https:\/\/fadeu.urantiacos.cl\/en\/2022\/07\/30\/la-escuela-de-arquitectura-uc-recibio-a-mas-de-cien-escolares-en-jornada-vocacional\/","og_locale":"en_US","og_type":"article","og_title":"La Escuela de Arquitectura UC recibi\u00f3 a m\u00e1s de cien escolares en jornada vocacional - Facultad de Arquitectura, Dise\u00f1o y Estudios Urbanos","og_description":"En el marco de la iniciativa UC \u201cNovato y novata por un d\u00eda\u201d, la escuela recibi\u00f3 a m\u00e1s de cien estudiantes de cuarto medio de distintas ciudades del pa\u00eds en una jornada de actividades para conocer m\u00e1s sobre la disciplina y la universidad.","og_url":"https:\/\/fadeu.urantiacos.cl\/en\/2022\/07\/30\/la-escuela-de-arquitectura-uc-recibio-a-mas-de-cien-escolares-en-jornada-vocacional\/","og_site_name":"Facultad de Arquitectura, Dise\u00f1o y Estudios Urbanos","article_published_time":"2022-07-30T18:04:00+00:00","article_modified_time":"2023-09-04T18:12:55+00:00","og_image":[{"width":350,"height":250,"url":"https:\/\/fadeu.urantiacos.cl\/wp-content\/uploads\/2023\/09\/web_220722_Jornada_escolares_Capilla_Ejercicio_1.jpg","type":"image\/jpeg"}],"author":"manadmin","twitter_card":"summary_large_image","twitter_misc":{"Written by":"manadmin","Est. reading time":"2 minutes"},"schema":{"@context":"https:\/\/schema.org","@graph":[{"@type":"Article","@id":"https:\/\/fadeu.urantiacos.cl\/en\/2022\/07\/30\/la-escuela-de-arquitectura-uc-recibio-a-mas-de-cien-escolares-en-jornada-vocacional\/#article","isPartOf":{"@id":"https:\/\/fadeu.urantiacos.cl\/en\/2022\/07\/30\/la-escuela-de-arquitectura-uc-recibio-a-mas-de-cien-escolares-en-jornada-vocacional\/"},"author":{"name":"manadmin","@id":"https:\/\/fadeu.urantiacos.cl\/en\/#\/schema\/person\/d203e2e84b1c40275eac77b3061a19a2"},"headline":"La Escuela de Arquitectura UC recibi\u00f3 a m\u00e1s de cien escolares en jornada vocacional","datePublished":"2022-07-30T18:04:00+00:00","dateModified":"2023-09-04T18:12:55+00:00","mainEntityOfPage":{"@id":"https:\/\/fadeu.urantiacos.cl\/en\/2022\/07\/30\/la-escuela-de-arquitectura-uc-recibio-a-mas-de-cien-escolares-en-jornada-vocacional\/"},"wordCount":451,"commentCount":0,"image":{"@id":"https:\/\/fadeu.urantiacos.cl\/en\/2022\/07\/30\/la-escuela-de-arquitectura-uc-recibio-a-mas-de-cien-escolares-en-jornada-vocacional\/#primaryimage"},"thumbnailUrl":"https:\/\/fadeu.urantiacos.cl\/wp-content\/uploads\/2023\/09\/web_220722_Jornada_escolares_Capilla_Ejercicio_1.jpg","articleSection":["Sin categorizar"],"inLanguage":"en-US","potentialAction":[{"@type":"CommentAction","name":"Comment","target":["https:\/\/fadeu.urantiacos.cl\/en\/2022\/07\/30\/la-escuela-de-arquitectura-uc-recibio-a-mas-de-cien-escolares-en-jornada-vocacional\/#respond"]}]},{"@type":"WebPage","@id":"https:\/\/fadeu.urantiacos.cl\/en\/2022\/07\/30\/la-escuela-de-arquitectura-uc-recibio-a-mas-de-cien-escolares-en-jornada-vocacional\/","url":"https:\/\/fadeu.urantiacos.cl\/en\/2022\/07\/30\/la-escuela-de-arquitectura-uc-recibio-a-mas-de-cien-escolares-en-jornada-vocacional\/","name":"La Escuela de Arquitectura UC recibi\u00f3 a m\u00e1s de cien escolares en jornada vocacional - Facultad de Arquitectura, Dise\u00f1o y Estudios Urbanos","isPartOf":{"@id":"https:\/\/fadeu.urantiacos.cl\/en\/#website"},"primaryImageOfPage":{"@id":"https:\/\/fadeu.urantiacos.cl\/en\/2022\/07\/30\/la-escuela-de-arquitectura-uc-recibio-a-mas-de-cien-escolares-en-jornada-vocacional\/#primaryimage"},"image":{"@id":"https:\/\/fadeu.urantiacos.cl\/en\/2022\/07\/30\/la-escuela-de-arquitectura-uc-recibio-a-mas-de-cien-escolares-en-jornada-vocacional\/#primaryimage"},"thumbnailUrl":"https:\/\/fadeu.urantiacos.cl\/wp-content\/uploads\/2023\/09\/web_220722_Jornada_escolares_Capilla_Ejercicio_1.jpg","datePublished":"2022-07-30T18:04:00+00:00","dateModified":"2023-09-04T18:12:55+00:00","author":{"@id":"https:\/\/fadeu.urantiacos.cl\/en\/#\/schema\/person\/d203e2e84b1c40275eac77b3061a19a2"},"description":"En el marco de la iniciativa UC \u201cNovato y novata por un d\u00eda\u201d, la escuela recibi\u00f3 a m\u00e1s de cien estudiantes de cuarto medio de distintas ciudades del pa\u00eds en una jornada de actividades para conocer m\u00e1s sobre la disciplina y la universidad.","breadcrumb":{"@id":"https:\/\/fadeu.urantiacos.cl\/en\/2022\/07\/30\/la-escuela-de-arquitectura-uc-recibio-a-mas-de-cien-escolares-en-jornada-vocacional\/#breadcrumb"},"inLanguage":"en-US","potentialAction":[{"@type":"ReadAction","target":["https:\/\/fadeu.urantiacos.cl\/en\/2022\/07\/30\/la-escuela-de-arquitectura-uc-recibio-a-mas-de-cien-escolares-en-jornada-vocacional\/"]}]},{"@type":"ImageObject","inLanguage":"en-US","@id":"https:\/\/fadeu.urantiacos.cl\/en\/2022\/07\/30\/la-escuela-de-arquitectura-uc-recibio-a-mas-de-cien-escolares-en-jornada-vocacional\/#primaryimage","url":"https:\/\/fadeu.urantiacos.cl\/wp-content\/uploads\/2023\/09\/web_220722_Jornada_escolares_Capilla_Ejercicio_1.jpg","contentUrl":"https:\/\/fadeu.urantiacos.cl\/wp-content\/uploads\/2023\/09\/web_220722_Jornada_escolares_Capilla_Ejercicio_1.jpg","width":350,"height":250},{"@type":"BreadcrumbList","@id":"https:\/\/fadeu.urantiacos.cl\/en\/2022\/07\/30\/la-escuela-de-arquitectura-uc-recibio-a-mas-de-cien-escolares-en-jornada-vocacional\/#breadcrumb","itemListElement":[{"@type":"ListItem","position":1,"name":"Portada","item":"https:\/\/fadeu.urantiacos.cl\/en\/"},{"@type":"ListItem","position":2,"name":"La Escuela de Arquitectura UC recibi\u00f3 a m\u00e1s de cien escolares en jornada vocacional"}]},{"@type":"WebSite","@id":"https:\/\/fadeu.urantiacos.cl\/en\/#website","url":"https:\/\/fadeu.urantiacos.cl\/en\/","name":"Facultad de Arquitectura, Dise\u00f1o y Estudios Urbanos","description":"Campus Lo Contador","potentialAction":[{"@type":"SearchAction","target":{"@type":"EntryPoint","urlTemplate":"https:\/\/fadeu.urantiacos.cl\/en\/?s={search_term_string}"},"query-input":{"@type":"PropertyValueSpecification","valueRequired":true,"valueName":"search_term_string"}}],"inLanguage":"en-US"},{"@type":"Person","@id":"https:\/\/fadeu.urantiacos.cl\/en\/#\/schema\/person\/d203e2e84b1c40275eac77b3061a19a2","name":"manadmin","image":{"@type":"ImageObject","inLanguage":"en-US","@id":"https:\/\/fadeu.urantiacos.cl\/en\/#\/schema\/person\/image\/","url":"https:\/\/secure.gravatar.com\/avatar\/4b1d8e3303b4a9d8968ac578947d8bc80d9aea359f388cdd4aac15cadc0e8447?s=96&d=mm&r=g","contentUrl":"https:\/\/secure.gravatar.com\/avatar\/4b1d8e3303b4a9d8968ac578947d8bc80d9aea359f388cdd4aac15cadc0e8447?s=96&d=mm&r=g","caption":"manadmin"},"sameAs":["https:\/\/fadeu.urantiacos.cl"]}]}},"_links":{"self":[{"href":"https:\/\/fadeu.urantiacos.cl\/en\/wp-json\/wp\/v2\/posts\/4482","targetHints":{"allow":["GET"]}}],"collection":[{"href":"https:\/\/fadeu.urantiacos.cl\/en\/wp-json\/wp\/v2\/posts"}],"about":[{"href":"https:\/\/fadeu.urantiacos.cl\/en\/wp-json\/wp\/v2\/types\/post"}],"author":[{"embeddable":true,"href":"https:\/\/fadeu.urantiacos.cl\/en\/wp-json\/wp\/v2\/users\/1"}],"replies":[{"embeddable":true,"href":"https:\/\/fadeu.urantiacos.cl\/en\/wp-json\/wp\/v2\/comments?post=4482"}],"version-history":[{"count":1,"href":"https:\/\/fadeu.urantiacos.cl\/en\/wp-json\/wp\/v2\/posts\/4482\/revisions"}],"predecessor-version":[{"id":4490,"href":"https:\/\/fadeu.urantiacos.cl\/en\/wp-json\/wp\/v2\/posts\/4482\/revisions\/4490"}],"wp:featuredmedia":[{"embeddable":true,"href":"https:\/\/fadeu.urantiacos.cl\/en\/wp-json\/wp\/v2\/media\/4483"}],"wp:attachment":[{"href":"https:\/\/fadeu.urantiacos.cl\/en\/wp-json\/wp\/v2\/media?parent=4482"}],"wp:term":[{"taxonomy":"category","embeddable":true,"href":"https:\/\/fadeu.urantiacos.cl\/en\/wp-json\/wp\/v2\/categories?post=4482"},{"taxonomy":"post_tag","embeddable":true,"href":"https:\/\/fadeu.urantiacos.cl\/en\/wp-json\/wp\/v2\/tags?post=4482"}],"curies":[{"name":"wp","href":"https:\/\/api.w.org\/{rel}","templated":true}]}}