{"id":4475,"date":"2022-07-30T14:58:00","date_gmt":"2022-07-30T17:58:00","guid":{"rendered":"https:\/\/fadeu.urantiacos.cl\/?p=4475"},"modified":"2023-09-04T15:02:42","modified_gmt":"2023-09-04T18:02:42","slug":"avanza-el-proyecto-nexo-liderado-por-felipe-encinas","status":"publish","type":"post","link":"https:\/\/fadeu.urantiacos.cl\/en\/2022\/07\/30\/avanza-el-proyecto-nexo-liderado-por-felipe-encinas\/","title":{"rendered":"Avanza el proyecto \u201cNexo\u201d liderado por Felipe Encinas"},"content":{"rendered":"\n<figure class=\"wp-block-image size-full\"><img decoding=\"async\" width=\"350\" height=\"250\" src=\"https:\/\/fadeu.urantiacos.cl\/wp-content\/uploads\/2023\/09\/web_sifoto_23-07-22_18_17_57.jpg\" alt=\"\" class=\"wp-image-4477\" srcset=\"https:\/\/fadeu.urantiacos.cl\/wp-content\/uploads\/2023\/09\/web_sifoto_23-07-22_18_17_57.jpg 350w, https:\/\/fadeu.urantiacos.cl\/wp-content\/uploads\/2023\/09\/web_sifoto_23-07-22_18_17_57-300x214.jpg 300w\" sizes=\"(max-width: 350px) 100vw, 350px\" \/><\/figure>\n\n\n\n<p>Como parte de los hitos del Fondecyt regular titulado \u201cNexo Pobreza-Energ\u00eda-Vivienda: Lineamientos de pol\u00edtica p\u00fablica para abordar la pobreza energ\u00e9tica desde la relaci\u00f3n con la vivienda en \u00e1reas metropolitanas\u201d (#1201332), el proyecto liderado por el profesor ARQ UC y secretario acad\u00e9mico FADEU UC, Felipe Encinas, realiz\u00f3 una salida a terreno el s\u00e1bado 23 de julio que incluy\u00f3 la presentaci\u00f3n a las familias del barrio Altu\u00e9 Sur \u2014en la comuna de Renca\u2014 de los primeros resultados de la investigaci\u00f3n. Esto luego de un a\u00f1o y medio de estudios por parte del proyecto en torno a la calidad del ambiente al interior de las viviendas.<\/p>\n\n\n\n<p>Junto con la exposici\u00f3n de los resultados preliminares, se realizaron tambi\u00e9n recomendaciones para mantener par\u00e1metros saludables en los ambientes interiores, adem\u00e1s de actividades enfocadas en los ni\u00f1os para apoyar su comprensi\u00f3n del tema. Junto al equipo de Nexo, particip\u00f3 tambi\u00e9n el concejal de la comuna Diego Fuentes, quien ha apoyado el proyecto desde el inicio.<\/p>\n\n\n\n<p>Asimismo, y como investigador responsable, el profesor ARQ UC fue invitado a una segunda entrevista con Rita Cox del programa &#8220;Plaza Pauta&#8221; (<a href=\"https:\/\/arquitectura.uc.cl\/proyectos\/noticias\/7215-felipe-encinas-habla-sobre-vivienda-y-microorganismos-en-radio-pauta.html\" target=\"_blank\" rel=\"noreferrer noopener\">ver nota de la primera entrevista<\/a>). En esta ocasi\u00f3n, Encinas abord\u00f3 los cruces entre la arquitectura, la sociedad y la microbiolog\u00eda, a ra\u00edz del proyecto y de las diferentes iniciativas asociadas al grupo multidisciplinario Nexo MUVA (Nexo Microbiolog\u00eda-Urbanismo-Vivienda-Ambiente). De igual manera, explic\u00f3 que, si bien inicialmente el foco estaba s\u00f3lo al interior de la vivienda, tempranamente se dieron cuenta de la importancia de lo que est\u00e1 afuera de ella: \u201cMuchos de los microorganismos que ten\u00edamos al interior, ten\u00edan que ver con lo que hab\u00eda afuera, muy vinculados a plantas, \u00e1reas verdes, el entorno natural\u201d.<\/p>\n\n\n\n<p>Sobre Nexo_<br>La investigaci\u00f3n propone abordar la pobreza energ\u00e9tica desde la vivienda. De esta forma, identifica las interacciones entre la vivienda, la ciudad, el medioambiente y los microorganismos que interact\u00faan con \u00e9ste, utilizando el nexo \u201cpobreza-energ\u00eda-vivienda\u201d como estrategia para proponer lineamientos de pol\u00edtica p\u00fablica que contribuyan a superar la pobreza energ\u00e9tica en todas las escalas del \u00e1rea metropolitana de Santiago.<\/p>\n\n\n\n<p>Equipo_<br>Investigador principal: Felipe Encinas<br>Coinvestigadores: Alejandra Schueftan, Ricardo Truffello, Anah\u00ed Urquiza<br>Direcci\u00f3n microbiolog\u00eda: Katia Soto<br>Direcci\u00f3n entorno construido: Carmen Freed<br>Coinvestigadores asociados: Carlos Aguirre, Carlos Blondel, Waldo Bustamante, Bernardo Gonz\u00e1lez, Juan Ugalde, Rodrigo Hidalgo, Francisco Vergara-Perucich<br>Tesistas: Daniela Guzm\u00e1n, Mat\u00edas Torres, Sebasti\u00e1n Orellana<\/p>\n\n\n\n<p>Ver entrevista en Plaza Pauta en el siguiente&nbsp;<a href=\"https:\/\/www.pauta.cl\/programas\/plaza-pauta\/plaza-pauta-21-de-julio-de-2022\" target=\"_blank\" rel=\"noreferrer noopener\">enlace<\/a>&nbsp;(min 8:50)&nbsp;<br>Ver p\u00e1gina web del Nexo en el siguiente&nbsp;<a href=\"https:\/\/www.nexopobrezaenergetica.cl\/\" target=\"_blank\" rel=\"noreferrer noopener\">enlace<\/a>&nbsp;<\/p>\n\n\n\n<figure class=\"wp-block-image size-full\"><img decoding=\"async\" width=\"640\" height=\"427\" src=\"https:\/\/fadeu.urantiacos.cl\/wp-content\/uploads\/2023\/09\/sifoto_23-07-22_18_17_57.jpg\" alt=\"\" class=\"wp-image-4478\" srcset=\"https:\/\/fadeu.urantiacos.cl\/wp-content\/uploads\/2023\/09\/sifoto_23-07-22_18_17_57.jpg 640w, https:\/\/fadeu.urantiacos.cl\/wp-content\/uploads\/2023\/09\/sifoto_23-07-22_18_17_57-300x200.jpg 300w\" sizes=\"(max-width: 640px) 100vw, 640px\" \/><\/figure>\n\n\n\n<figure class=\"wp-block-image size-full\"><img decoding=\"async\" width=\"640\" height=\"426\" src=\"https:\/\/fadeu.urantiacos.cl\/wp-content\/uploads\/2023\/09\/sifoto_23-07-22_18_04_36.jpg\" alt=\"\" class=\"wp-image-4479\" srcset=\"https:\/\/fadeu.urantiacos.cl\/wp-content\/uploads\/2023\/09\/sifoto_23-07-22_18_04_36.jpg 640w, https:\/\/fadeu.urantiacos.cl\/wp-content\/uploads\/2023\/09\/sifoto_23-07-22_18_04_36-300x200.jpg 300w\" sizes=\"(max-width: 640px) 100vw, 640px\" \/><\/figure>\n\n\n\n<figure class=\"wp-block-image size-full\"><img decoding=\"async\" width=\"640\" height=\"360\" src=\"https:\/\/fadeu.urantiacos.cl\/wp-content\/uploads\/2023\/09\/sifoto_23-07-22_17_57_32.jpg\" alt=\"\" class=\"wp-image-4480\" srcset=\"https:\/\/fadeu.urantiacos.cl\/wp-content\/uploads\/2023\/09\/sifoto_23-07-22_17_57_32.jpg 640w, https:\/\/fadeu.urantiacos.cl\/wp-content\/uploads\/2023\/09\/sifoto_23-07-22_17_57_32-300x169.jpg 300w\" sizes=\"(max-width: 640px) 100vw, 640px\" \/><\/figure>\n\n\n\n<p>Fotograf\u00edas visita a terreno. Cortes\u00eda Carmen Freed<\/p>\n\n\n\n<p>Noticias<br>Contacto:&nbsp;<a href=\"mailto:redesarq@uc.cl\">redesarq@uc.cl<\/a>&nbsp;| +56 2 2354 7747<br>www.arquitectura.uc.cl&nbsp;<\/p>\n","protected":false},"excerpt":{"rendered":"<p>Bajo el marco de la investigaci\u00f3n Fondecyt titulada \u201cNexo Pobreza-Energ\u00eda-Vivienda\u201d, el profesor ARQ UC Felipe Encinas junto al equipo de Nexo han desarrollado salidas a terreno y actividades, incluyendo la difusi\u00f3n de la iniciativa en la prensa nacional.<\/p>\n","protected":false},"author":1,"featured_media":4477,"comment_status":"open","ping_status":"open","sticky":false,"template":"","format":"standard","meta":{"_acf_changed":false,"footnotes":""},"categories":[1],"tags":[],"class_list":["post-4475","post","type-post","status-publish","format-standard","has-post-thumbnail","hentry","category-sin-categorizar"],"acf":[],"yoast_head":"<!-- This site is optimized with the Yoast SEO plugin v27.1.1 - https:\/\/yoast.com\/product\/yoast-seo-wordpress\/ -->\n<title>Avanza el proyecto \u201cNexo\u201d liderado por Felipe Encinas - Facultad de Arquitectura, Dise\u00f1o y Estudios Urbanos<\/title>\n<meta name=\"description\" content=\"Bajo el marco de la investigaci\u00f3n Fondecyt titulada \u201cNexo Pobreza-Energ\u00eda-Vivienda\u201d, el profesor ARQ UC Felipe Encinas junto al equipo de Nexo han desarrollado salidas a terreno y actividades, incluyendo la difusi\u00f3n de la iniciativa en la prensa nacional.\" \/>\n<meta name=\"robots\" content=\"index, follow, max-snippet:-1, max-image-preview:large, max-video-preview:-1\" \/>\n<link rel=\"canonical\" href=\"https:\/\/fadeu.urantiacos.cl\/en\/2022\/07\/30\/avanza-el-proyecto-nexo-liderado-por-felipe-encinas\/\" \/>\n<meta property=\"og:locale\" content=\"en_US\" \/>\n<meta property=\"og:type\" content=\"article\" \/>\n<meta property=\"og:title\" content=\"Avanza el proyecto \u201cNexo\u201d liderado por Felipe Encinas - Facultad de Arquitectura, Dise\u00f1o y Estudios Urbanos\" \/>\n<meta property=\"og:description\" content=\"Bajo el marco de la investigaci\u00f3n Fondecyt titulada \u201cNexo Pobreza-Energ\u00eda-Vivienda\u201d, el profesor ARQ UC Felipe Encinas junto al equipo de Nexo han desarrollado salidas a terreno y actividades, incluyendo la difusi\u00f3n de la iniciativa en la prensa nacional.\" \/>\n<meta property=\"og:url\" content=\"https:\/\/fadeu.urantiacos.cl\/en\/2022\/07\/30\/avanza-el-proyecto-nexo-liderado-por-felipe-encinas\/\" \/>\n<meta property=\"og:site_name\" content=\"Facultad de Arquitectura, Dise\u00f1o y Estudios Urbanos\" \/>\n<meta property=\"article:published_time\" content=\"2022-07-30T17:58:00+00:00\" \/>\n<meta property=\"article:modified_time\" content=\"2023-09-04T18:02:42+00:00\" \/>\n<meta property=\"og:image\" content=\"https:\/\/fadeu.urantiacos.cl\/wp-content\/uploads\/2023\/09\/web_sifoto_23-07-22_18_17_57.jpg\" \/>\n\t<meta property=\"og:image:width\" content=\"350\" \/>\n\t<meta property=\"og:image:height\" content=\"250\" \/>\n\t<meta property=\"og:image:type\" content=\"image\/jpeg\" \/>\n<meta name=\"author\" content=\"manadmin\" \/>\n<meta name=\"twitter:card\" content=\"summary_large_image\" \/>\n<meta name=\"twitter:label1\" content=\"Written by\" \/>\n\t<meta name=\"twitter:data1\" content=\"manadmin\" \/>\n\t<meta name=\"twitter:label2\" content=\"Est. reading time\" \/>\n\t<meta name=\"twitter:data2\" content=\"2 minutes\" \/>\n<script type=\"application\/ld+json\" class=\"yoast-schema-graph\">{\"@context\":\"https:\/\/schema.org\",\"@graph\":[{\"@type\":\"Article\",\"@id\":\"https:\/\/fadeu.urantiacos.cl\/en\/2022\/07\/30\/avanza-el-proyecto-nexo-liderado-por-felipe-encinas\/#article\",\"isPartOf\":{\"@id\":\"https:\/\/fadeu.urantiacos.cl\/en\/2022\/07\/30\/avanza-el-proyecto-nexo-liderado-por-felipe-encinas\/\"},\"author\":{\"name\":\"manadmin\",\"@id\":\"https:\/\/fadeu.urantiacos.cl\/en\/#\/schema\/person\/d203e2e84b1c40275eac77b3061a19a2\"},\"headline\":\"Avanza el proyecto \u201cNexo\u201d liderado por Felipe Encinas\",\"datePublished\":\"2022-07-30T17:58:00+00:00\",\"dateModified\":\"2023-09-04T18:02:42+00:00\",\"mainEntityOfPage\":{\"@id\":\"https:\/\/fadeu.urantiacos.cl\/en\/2022\/07\/30\/avanza-el-proyecto-nexo-liderado-por-felipe-encinas\/\"},\"wordCount\":463,\"commentCount\":0,\"image\":{\"@id\":\"https:\/\/fadeu.urantiacos.cl\/en\/2022\/07\/30\/avanza-el-proyecto-nexo-liderado-por-felipe-encinas\/#primaryimage\"},\"thumbnailUrl\":\"https:\/\/fadeu.urantiacos.cl\/wp-content\/uploads\/2023\/09\/web_sifoto_23-07-22_18_17_57.jpg\",\"articleSection\":[\"Sin categorizar\"],\"inLanguage\":\"en-US\",\"potentialAction\":[{\"@type\":\"CommentAction\",\"name\":\"Comment\",\"target\":[\"https:\/\/fadeu.urantiacos.cl\/en\/2022\/07\/30\/avanza-el-proyecto-nexo-liderado-por-felipe-encinas\/#respond\"]}]},{\"@type\":\"WebPage\",\"@id\":\"https:\/\/fadeu.urantiacos.cl\/en\/2022\/07\/30\/avanza-el-proyecto-nexo-liderado-por-felipe-encinas\/\",\"url\":\"https:\/\/fadeu.urantiacos.cl\/en\/2022\/07\/30\/avanza-el-proyecto-nexo-liderado-por-felipe-encinas\/\",\"name\":\"Avanza el proyecto \u201cNexo\u201d liderado por Felipe Encinas - Facultad de Arquitectura, Dise\u00f1o y Estudios Urbanos\",\"isPartOf\":{\"@id\":\"https:\/\/fadeu.urantiacos.cl\/en\/#website\"},\"primaryImageOfPage\":{\"@id\":\"https:\/\/fadeu.urantiacos.cl\/en\/2022\/07\/30\/avanza-el-proyecto-nexo-liderado-por-felipe-encinas\/#primaryimage\"},\"image\":{\"@id\":\"https:\/\/fadeu.urantiacos.cl\/en\/2022\/07\/30\/avanza-el-proyecto-nexo-liderado-por-felipe-encinas\/#primaryimage\"},\"thumbnailUrl\":\"https:\/\/fadeu.urantiacos.cl\/wp-content\/uploads\/2023\/09\/web_sifoto_23-07-22_18_17_57.jpg\",\"datePublished\":\"2022-07-30T17:58:00+00:00\",\"dateModified\":\"2023-09-04T18:02:42+00:00\",\"author\":{\"@id\":\"https:\/\/fadeu.urantiacos.cl\/en\/#\/schema\/person\/d203e2e84b1c40275eac77b3061a19a2\"},\"description\":\"Bajo el marco de la investigaci\u00f3n Fondecyt titulada \u201cNexo Pobreza-Energ\u00eda-Vivienda\u201d, el profesor ARQ UC Felipe Encinas junto al equipo de Nexo han desarrollado salidas a terreno y actividades, incluyendo la difusi\u00f3n de la iniciativa en la prensa nacional.\",\"breadcrumb\":{\"@id\":\"https:\/\/fadeu.urantiacos.cl\/en\/2022\/07\/30\/avanza-el-proyecto-nexo-liderado-por-felipe-encinas\/#breadcrumb\"},\"inLanguage\":\"en-US\",\"potentialAction\":[{\"@type\":\"ReadAction\",\"target\":[\"https:\/\/fadeu.urantiacos.cl\/en\/2022\/07\/30\/avanza-el-proyecto-nexo-liderado-por-felipe-encinas\/\"]}]},{\"@type\":\"ImageObject\",\"inLanguage\":\"en-US\",\"@id\":\"https:\/\/fadeu.urantiacos.cl\/en\/2022\/07\/30\/avanza-el-proyecto-nexo-liderado-por-felipe-encinas\/#primaryimage\",\"url\":\"https:\/\/fadeu.urantiacos.cl\/wp-content\/uploads\/2023\/09\/web_sifoto_23-07-22_18_17_57.jpg\",\"contentUrl\":\"https:\/\/fadeu.urantiacos.cl\/wp-content\/uploads\/2023\/09\/web_sifoto_23-07-22_18_17_57.jpg\",\"width\":350,\"height\":250},{\"@type\":\"BreadcrumbList\",\"@id\":\"https:\/\/fadeu.urantiacos.cl\/en\/2022\/07\/30\/avanza-el-proyecto-nexo-liderado-por-felipe-encinas\/#breadcrumb\",\"itemListElement\":[{\"@type\":\"ListItem\",\"position\":1,\"name\":\"Portada\",\"item\":\"https:\/\/fadeu.urantiacos.cl\/en\/\"},{\"@type\":\"ListItem\",\"position\":2,\"name\":\"Avanza el proyecto \u201cNexo\u201d liderado por Felipe Encinas\"}]},{\"@type\":\"WebSite\",\"@id\":\"https:\/\/fadeu.urantiacos.cl\/en\/#website\",\"url\":\"https:\/\/fadeu.urantiacos.cl\/en\/\",\"name\":\"Facultad de Arquitectura, Dise\u00f1o y Estudios Urbanos\",\"description\":\"Campus Lo Contador\",\"potentialAction\":[{\"@type\":\"SearchAction\",\"target\":{\"@type\":\"EntryPoint\",\"urlTemplate\":\"https:\/\/fadeu.urantiacos.cl\/en\/?s={search_term_string}\"},\"query-input\":{\"@type\":\"PropertyValueSpecification\",\"valueRequired\":true,\"valueName\":\"search_term_string\"}}],\"inLanguage\":\"en-US\"},{\"@type\":\"Person\",\"@id\":\"https:\/\/fadeu.urantiacos.cl\/en\/#\/schema\/person\/d203e2e84b1c40275eac77b3061a19a2\",\"name\":\"manadmin\",\"image\":{\"@type\":\"ImageObject\",\"inLanguage\":\"en-US\",\"@id\":\"https:\/\/fadeu.urantiacos.cl\/en\/#\/schema\/person\/image\/\",\"url\":\"https:\/\/secure.gravatar.com\/avatar\/4b1d8e3303b4a9d8968ac578947d8bc80d9aea359f388cdd4aac15cadc0e8447?s=96&d=mm&r=g\",\"contentUrl\":\"https:\/\/secure.gravatar.com\/avatar\/4b1d8e3303b4a9d8968ac578947d8bc80d9aea359f388cdd4aac15cadc0e8447?s=96&d=mm&r=g\",\"caption\":\"manadmin\"},\"sameAs\":[\"https:\/\/fadeu.urantiacos.cl\"]}]}<\/script>\n<!-- \/ Yoast SEO plugin. -->","yoast_head_json":{"title":"Avanza el proyecto \u201cNexo\u201d liderado por Felipe Encinas - Facultad de Arquitectura, Dise\u00f1o y Estudios Urbanos","description":"Bajo el marco de la investigaci\u00f3n Fondecyt titulada \u201cNexo Pobreza-Energ\u00eda-Vivienda\u201d, el profesor ARQ UC Felipe Encinas junto al equipo de Nexo han desarrollado salidas a terreno y actividades, incluyendo la difusi\u00f3n de la iniciativa en la prensa nacional.","robots":{"index":"index","follow":"follow","max-snippet":"max-snippet:-1","max-image-preview":"max-image-preview:large","max-video-preview":"max-video-preview:-1"},"canonical":"https:\/\/fadeu.urantiacos.cl\/en\/2022\/07\/30\/avanza-el-proyecto-nexo-liderado-por-felipe-encinas\/","og_locale":"en_US","og_type":"article","og_title":"Avanza el proyecto \u201cNexo\u201d liderado por Felipe Encinas - Facultad de Arquitectura, Dise\u00f1o y Estudios Urbanos","og_description":"Bajo el marco de la investigaci\u00f3n Fondecyt titulada \u201cNexo Pobreza-Energ\u00eda-Vivienda\u201d, el profesor ARQ UC Felipe Encinas junto al equipo de Nexo han desarrollado salidas a terreno y actividades, incluyendo la difusi\u00f3n de la iniciativa en la prensa nacional.","og_url":"https:\/\/fadeu.urantiacos.cl\/en\/2022\/07\/30\/avanza-el-proyecto-nexo-liderado-por-felipe-encinas\/","og_site_name":"Facultad de Arquitectura, Dise\u00f1o y Estudios Urbanos","article_published_time":"2022-07-30T17:58:00+00:00","article_modified_time":"2023-09-04T18:02:42+00:00","og_image":[{"width":350,"height":250,"url":"https:\/\/fadeu.urantiacos.cl\/wp-content\/uploads\/2023\/09\/web_sifoto_23-07-22_18_17_57.jpg","type":"image\/jpeg"}],"author":"manadmin","twitter_card":"summary_large_image","twitter_misc":{"Written by":"manadmin","Est. reading time":"2 minutes"},"schema":{"@context":"https:\/\/schema.org","@graph":[{"@type":"Article","@id":"https:\/\/fadeu.urantiacos.cl\/en\/2022\/07\/30\/avanza-el-proyecto-nexo-liderado-por-felipe-encinas\/#article","isPartOf":{"@id":"https:\/\/fadeu.urantiacos.cl\/en\/2022\/07\/30\/avanza-el-proyecto-nexo-liderado-por-felipe-encinas\/"},"author":{"name":"manadmin","@id":"https:\/\/fadeu.urantiacos.cl\/en\/#\/schema\/person\/d203e2e84b1c40275eac77b3061a19a2"},"headline":"Avanza el proyecto \u201cNexo\u201d liderado por Felipe Encinas","datePublished":"2022-07-30T17:58:00+00:00","dateModified":"2023-09-04T18:02:42+00:00","mainEntityOfPage":{"@id":"https:\/\/fadeu.urantiacos.cl\/en\/2022\/07\/30\/avanza-el-proyecto-nexo-liderado-por-felipe-encinas\/"},"wordCount":463,"commentCount":0,"image":{"@id":"https:\/\/fadeu.urantiacos.cl\/en\/2022\/07\/30\/avanza-el-proyecto-nexo-liderado-por-felipe-encinas\/#primaryimage"},"thumbnailUrl":"https:\/\/fadeu.urantiacos.cl\/wp-content\/uploads\/2023\/09\/web_sifoto_23-07-22_18_17_57.jpg","articleSection":["Sin categorizar"],"inLanguage":"en-US","potentialAction":[{"@type":"CommentAction","name":"Comment","target":["https:\/\/fadeu.urantiacos.cl\/en\/2022\/07\/30\/avanza-el-proyecto-nexo-liderado-por-felipe-encinas\/#respond"]}]},{"@type":"WebPage","@id":"https:\/\/fadeu.urantiacos.cl\/en\/2022\/07\/30\/avanza-el-proyecto-nexo-liderado-por-felipe-encinas\/","url":"https:\/\/fadeu.urantiacos.cl\/en\/2022\/07\/30\/avanza-el-proyecto-nexo-liderado-por-felipe-encinas\/","name":"Avanza el proyecto \u201cNexo\u201d liderado por Felipe Encinas - Facultad de Arquitectura, Dise\u00f1o y Estudios Urbanos","isPartOf":{"@id":"https:\/\/fadeu.urantiacos.cl\/en\/#website"},"primaryImageOfPage":{"@id":"https:\/\/fadeu.urantiacos.cl\/en\/2022\/07\/30\/avanza-el-proyecto-nexo-liderado-por-felipe-encinas\/#primaryimage"},"image":{"@id":"https:\/\/fadeu.urantiacos.cl\/en\/2022\/07\/30\/avanza-el-proyecto-nexo-liderado-por-felipe-encinas\/#primaryimage"},"thumbnailUrl":"https:\/\/fadeu.urantiacos.cl\/wp-content\/uploads\/2023\/09\/web_sifoto_23-07-22_18_17_57.jpg","datePublished":"2022-07-30T17:58:00+00:00","dateModified":"2023-09-04T18:02:42+00:00","author":{"@id":"https:\/\/fadeu.urantiacos.cl\/en\/#\/schema\/person\/d203e2e84b1c40275eac77b3061a19a2"},"description":"Bajo el marco de la investigaci\u00f3n Fondecyt titulada \u201cNexo Pobreza-Energ\u00eda-Vivienda\u201d, el profesor ARQ UC Felipe Encinas junto al equipo de Nexo han desarrollado salidas a terreno y actividades, incluyendo la difusi\u00f3n de la iniciativa en la prensa nacional.","breadcrumb":{"@id":"https:\/\/fadeu.urantiacos.cl\/en\/2022\/07\/30\/avanza-el-proyecto-nexo-liderado-por-felipe-encinas\/#breadcrumb"},"inLanguage":"en-US","potentialAction":[{"@type":"ReadAction","target":["https:\/\/fadeu.urantiacos.cl\/en\/2022\/07\/30\/avanza-el-proyecto-nexo-liderado-por-felipe-encinas\/"]}]},{"@type":"ImageObject","inLanguage":"en-US","@id":"https:\/\/fadeu.urantiacos.cl\/en\/2022\/07\/30\/avanza-el-proyecto-nexo-liderado-por-felipe-encinas\/#primaryimage","url":"https:\/\/fadeu.urantiacos.cl\/wp-content\/uploads\/2023\/09\/web_sifoto_23-07-22_18_17_57.jpg","contentUrl":"https:\/\/fadeu.urantiacos.cl\/wp-content\/uploads\/2023\/09\/web_sifoto_23-07-22_18_17_57.jpg","width":350,"height":250},{"@type":"BreadcrumbList","@id":"https:\/\/fadeu.urantiacos.cl\/en\/2022\/07\/30\/avanza-el-proyecto-nexo-liderado-por-felipe-encinas\/#breadcrumb","itemListElement":[{"@type":"ListItem","position":1,"name":"Portada","item":"https:\/\/fadeu.urantiacos.cl\/en\/"},{"@type":"ListItem","position":2,"name":"Avanza el proyecto \u201cNexo\u201d liderado por Felipe Encinas"}]},{"@type":"WebSite","@id":"https:\/\/fadeu.urantiacos.cl\/en\/#website","url":"https:\/\/fadeu.urantiacos.cl\/en\/","name":"Facultad de Arquitectura, Dise\u00f1o y Estudios Urbanos","description":"Campus Lo Contador","potentialAction":[{"@type":"SearchAction","target":{"@type":"EntryPoint","urlTemplate":"https:\/\/fadeu.urantiacos.cl\/en\/?s={search_term_string}"},"query-input":{"@type":"PropertyValueSpecification","valueRequired":true,"valueName":"search_term_string"}}],"inLanguage":"en-US"},{"@type":"Person","@id":"https:\/\/fadeu.urantiacos.cl\/en\/#\/schema\/person\/d203e2e84b1c40275eac77b3061a19a2","name":"manadmin","image":{"@type":"ImageObject","inLanguage":"en-US","@id":"https:\/\/fadeu.urantiacos.cl\/en\/#\/schema\/person\/image\/","url":"https:\/\/secure.gravatar.com\/avatar\/4b1d8e3303b4a9d8968ac578947d8bc80d9aea359f388cdd4aac15cadc0e8447?s=96&d=mm&r=g","contentUrl":"https:\/\/secure.gravatar.com\/avatar\/4b1d8e3303b4a9d8968ac578947d8bc80d9aea359f388cdd4aac15cadc0e8447?s=96&d=mm&r=g","caption":"manadmin"},"sameAs":["https:\/\/fadeu.urantiacos.cl"]}]}},"_links":{"self":[{"href":"https:\/\/fadeu.urantiacos.cl\/en\/wp-json\/wp\/v2\/posts\/4475","targetHints":{"allow":["GET"]}}],"collection":[{"href":"https:\/\/fadeu.urantiacos.cl\/en\/wp-json\/wp\/v2\/posts"}],"about":[{"href":"https:\/\/fadeu.urantiacos.cl\/en\/wp-json\/wp\/v2\/types\/post"}],"author":[{"embeddable":true,"href":"https:\/\/fadeu.urantiacos.cl\/en\/wp-json\/wp\/v2\/users\/1"}],"replies":[{"embeddable":true,"href":"https:\/\/fadeu.urantiacos.cl\/en\/wp-json\/wp\/v2\/comments?post=4475"}],"version-history":[{"count":1,"href":"https:\/\/fadeu.urantiacos.cl\/en\/wp-json\/wp\/v2\/posts\/4475\/revisions"}],"predecessor-version":[{"id":4481,"href":"https:\/\/fadeu.urantiacos.cl\/en\/wp-json\/wp\/v2\/posts\/4475\/revisions\/4481"}],"wp:featuredmedia":[{"embeddable":true,"href":"https:\/\/fadeu.urantiacos.cl\/en\/wp-json\/wp\/v2\/media\/4477"}],"wp:attachment":[{"href":"https:\/\/fadeu.urantiacos.cl\/en\/wp-json\/wp\/v2\/media?parent=4475"}],"wp:term":[{"taxonomy":"category","embeddable":true,"href":"https:\/\/fadeu.urantiacos.cl\/en\/wp-json\/wp\/v2\/categories?post=4475"},{"taxonomy":"post_tag","embeddable":true,"href":"https:\/\/fadeu.urantiacos.cl\/en\/wp-json\/wp\/v2\/tags?post=4475"}],"curies":[{"name":"wp","href":"https:\/\/api.w.org\/{rel}","templated":true}]}}