{"id":4470,"date":"2022-07-30T14:52:00","date_gmt":"2022-07-30T17:52:00","guid":{"rendered":"https:\/\/fadeu.urantiacos.cl\/?p=4470"},"modified":"2023-09-04T14:58:04","modified_gmt":"2023-09-04T17:58:04","slug":"se-inauguro-exposicion-permanente-disenada-por-profesores-arq-uc-en-suizspacio","status":"publish","type":"post","link":"https:\/\/fadeu.urantiacos.cl\/en\/2022\/07\/30\/se-inauguro-exposicion-permanente-disenada-por-profesores-arq-uc-en-suizspacio\/","title":{"rendered":"Se inaugur\u00f3 exposici\u00f3n permanente dise\u00f1ada por profesores ARQ UC en Suizspacio"},"content":{"rendered":"\n<figure class=\"wp-block-image size-full\"><img decoding=\"async\" width=\"350\" height=\"250\" src=\"https:\/\/fadeu.urantiacos.cl\/wp-content\/uploads\/2023\/09\/web_ss-5_Felipe_Ugalde_29.07.22.jpg\" alt=\"\" class=\"wp-image-4471\" srcset=\"https:\/\/fadeu.urantiacos.cl\/wp-content\/uploads\/2023\/09\/web_ss-5_Felipe_Ugalde_29.07.22.jpg 350w, https:\/\/fadeu.urantiacos.cl\/wp-content\/uploads\/2023\/09\/web_ss-5_Felipe_Ugalde_29.07.22-300x214.jpg 300w\" sizes=\"(max-width: 350px) 100vw, 350px\" \/><\/figure>\n\n\n\n<p>\u201cPaisajes po\u00e9ticos de Chile\u201d es parte de una serie mayor de intervenciones asociadas a Suizspacio, una plataforma de encuentro cultural entre Suiza y Chile alojada en la estaci\u00f3n de metro \u00d1u\u00f1oa. La obra de los profesores ARQ UC Arturo Scheidegger e Ignacio Garc\u00eda interviene un muro de m\u00e1s de 40 metros de largo y 5 metros de alto en el punto m\u00e1s confluido de la estaci\u00f3n (donde combinan las l\u00edneas 3 y 6), por medio de paneles de dos por tres metros.<\/p>\n\n\n\n<p>Esta exposici\u00f3n \u2013que ser\u00e1 permanente en relaci\u00f3n con otras instalaciones temporales que ocurren peri\u00f3dicamente en el espacio\u2013 mezcla dos \u00e1reas en las que Chile y Suiza se destacan a nivel mundial: la poes\u00eda y el dise\u00f1o gr\u00e1fico. A modo de una radiograf\u00eda cultural chilena, \u201cPaisajes po\u00e9ticos de Chile\u201d recoge las voces de destacados poetas nacionales contempor\u00e1neos que relatan, desde sus respectivas realidades, distintas visiones de un mismo Chile. La curator\u00eda literaria estuvo a cargo del destacado escritor nacional \u00c1lvaro Bisama. Por otro lado, la Escuela Cantonal de Artes de Lausana (ECAL), Suiza, interpret\u00f3 gr\u00e1ficamente la selecci\u00f3n de doce poemas bajo una mirada que interpretara y representara el paisaje po\u00e9tico chileno.<\/p>\n\n\n\n<p>Los doce poemas representados son de los autores nacionales Cecilia Vicu\u00f1a, Ra\u00fal Zurita, Elicura Chihuailaf, Claudio Bertoni, Alejandra del R\u00edo Lohan, Juan Carre\u00f1o, Juan Carlos Mamani, Mata-uiroa Manuel Atan, Rosabetty Mu\u00f1oz, Gladys Gonz\u00e1lez y Gloria D\u00fcnkler.<\/p>\n\n\n\n<p>El Embajador de Suiza en Chile, Arno Wicki, se refiri\u00f3 al impacto de la obra y expres\u00f3 sus agradecimientos a quienes participaron del proyecto: \u201cNos enorgullece saber que esta obra de arte in\u00e9dita ser\u00e1 visitada por millones de persones al a\u00f1o en el seno del transporte p\u00fablico santiaguino y permitir\u00e1 llevar el dise\u00f1o y la poes\u00eda a un p\u00fablico amplio y diverso. Todo esto es el testimonio de la rica cooperaci\u00f3n cultural entre Suiza y Chile. Agradecemos a quienes formaron parte de este largo proceso e hicieron posible su realizaci\u00f3n. Destacamos a las y los poetas por autorizar el uso de sus obras, a las y los estudiantes y acad\u00e9micos de la ECAL en Suiza por trabajo de alta calidad, al escritor \u00c1lvaro Bisama por su trabajo curatorial, y a los equipos creativos que han permitido que Paisajes Po\u00e9ticos de Chile hoy sea una realidad\u201d (cita del El Mostrador).<\/p>\n\n\n\n<p>Ver nota de El Mostrador en el siguiente&nbsp;<a href=\"https:\/\/www.elmostrador.cl\/dia\/2022\/07\/22\/inauguran-instalacion-artisticas-con-versos-de-destacado-poetas-chilenos-en-estacion-del-metro\/\" target=\"_blank\" rel=\"noreferrer noopener\">link<\/a>&nbsp;<br>Ver redes sociales de Suizspacio en el siguiente&nbsp;<a href=\"https:\/\/www.instagram.com\/suizspacio_\/?hl=en\" target=\"_blank\" rel=\"noreferrer noopener\">link<\/a>&nbsp;<\/p>\n\n\n\n<figure class=\"wp-block-image size-large\"><img decoding=\"async\" width=\"1024\" height=\"422\" src=\"https:\/\/fadeu.urantiacos.cl\/wp-content\/uploads\/2023\/09\/ss-5_Felipe_Ugalde_29.07.22-1024x422.jpg\" alt=\"\" class=\"wp-image-4472\" srcset=\"https:\/\/fadeu.urantiacos.cl\/wp-content\/uploads\/2023\/09\/ss-5_Felipe_Ugalde_29.07.22-1024x422.jpg 1024w, https:\/\/fadeu.urantiacos.cl\/wp-content\/uploads\/2023\/09\/ss-5_Felipe_Ugalde_29.07.22-300x124.jpg 300w, https:\/\/fadeu.urantiacos.cl\/wp-content\/uploads\/2023\/09\/ss-5_Felipe_Ugalde_29.07.22-768x317.jpg 768w, https:\/\/fadeu.urantiacos.cl\/wp-content\/uploads\/2023\/09\/ss-5_Felipe_Ugalde_29.07.22-1536x633.jpg 1536w, https:\/\/fadeu.urantiacos.cl\/wp-content\/uploads\/2023\/09\/ss-5_Felipe_Ugalde_29.07.22-2048x845.jpg 2048w, https:\/\/fadeu.urantiacos.cl\/wp-content\/uploads\/2023\/09\/ss-5_Felipe_Ugalde_29.07.22.jpg 1600w\" sizes=\"(max-width: 1024px) 100vw, 1024px\" \/><\/figure>\n\n\n\n<figure class=\"wp-block-image size-large\"><img decoding=\"async\" width=\"1024\" height=\"407\" src=\"https:\/\/fadeu.urantiacos.cl\/wp-content\/uploads\/2023\/09\/ss-5_Felipe_Ugalde_29.07.22.1-1024x407.jpg\" alt=\"\" class=\"wp-image-4473\" srcset=\"https:\/\/fadeu.urantiacos.cl\/wp-content\/uploads\/2023\/09\/ss-5_Felipe_Ugalde_29.07.22.1-1024x407.jpg 1024w, https:\/\/fadeu.urantiacos.cl\/wp-content\/uploads\/2023\/09\/ss-5_Felipe_Ugalde_29.07.22.1-300x119.jpg 300w, https:\/\/fadeu.urantiacos.cl\/wp-content\/uploads\/2023\/09\/ss-5_Felipe_Ugalde_29.07.22.1-768x305.jpg 768w, https:\/\/fadeu.urantiacos.cl\/wp-content\/uploads\/2023\/09\/ss-5_Felipe_Ugalde_29.07.22.1-1536x611.jpg 1536w, https:\/\/fadeu.urantiacos.cl\/wp-content\/uploads\/2023\/09\/ss-5_Felipe_Ugalde_29.07.22.1-2048x814.jpg 2048w, https:\/\/fadeu.urantiacos.cl\/wp-content\/uploads\/2023\/09\/ss-5_Felipe_Ugalde_29.07.22.1-scaled.jpg 1600w\" sizes=\"(max-width: 1024px) 100vw, 1024px\" \/><\/figure>\n\n\n\n<p>&#8220;Paisajes po\u00e9ticos de Chile&#8221; (2022), Suizspacio, Metro Estaci\u00f3n \u00d1u\u00f1oa. Fotograf\u00edas de Felipe Ugalde. Cortes\u00eda de Umwelt.<\/p>\n\n\n\n<p>Noticias<br>Contacto:&nbsp;<a href=\"mailto:redesarq@uc.cl\">redesarq@uc.cl<\/a>&nbsp;| +56 2 2354 7747<br>www.arquitectura.uc.cl&nbsp;<\/p>\n","protected":false},"excerpt":{"rendered":"<p>La obra \u201cPaisajes po\u00e9ticos de Chile\u201d \u2014inaugurada el jueves 21 de julio en Suizspacio, Metro Estaci\u00f3n \u00d1u\u00f1oa\u2014 es producto del trabajo de la oficina Umwelt, liderada por los profesores ARQ UC Arturo Scheidegger e Ignacio Garc\u00eda, en conjunto con la Embajada de Suiza y Metro de Santiago.<\/p>\n","protected":false},"author":1,"featured_media":4471,"comment_status":"open","ping_status":"open","sticky":false,"template":"","format":"standard","meta":{"_acf_changed":false,"footnotes":""},"categories":[1],"tags":[],"class_list":["post-4470","post","type-post","status-publish","format-standard","has-post-thumbnail","hentry","category-sin-categorizar"],"acf":[],"yoast_head":"<!-- This site is optimized with the Yoast SEO plugin v27.1.1 - https:\/\/yoast.com\/product\/yoast-seo-wordpress\/ -->\n<title>Se inaugur\u00f3 exposici\u00f3n permanente dise\u00f1ada por profesores ARQ UC en Suizspacio - Facultad de Arquitectura, Dise\u00f1o y Estudios Urbanos<\/title>\n<meta name=\"description\" content=\"La obra \u201cPaisajes po\u00e9ticos de Chile\u201d \u2014inaugurada el jueves 21 de julio en Suizspacio, Metro Estaci\u00f3n \u00d1u\u00f1oa\u2014 es producto del trabajo de la oficina Umwelt, liderada por los profesores ARQ UC Arturo Scheidegger e Ignacio Garc\u00eda, en conjunto con la Embajada de Suiza y Metro de Santiago.\" \/>\n<meta name=\"robots\" content=\"index, follow, max-snippet:-1, max-image-preview:large, max-video-preview:-1\" \/>\n<link rel=\"canonical\" href=\"https:\/\/fadeu.urantiacos.cl\/en\/2022\/07\/30\/se-inauguro-exposicion-permanente-disenada-por-profesores-arq-uc-en-suizspacio\/\" \/>\n<meta property=\"og:locale\" content=\"en_US\" \/>\n<meta property=\"og:type\" content=\"article\" \/>\n<meta property=\"og:title\" content=\"Se inaugur\u00f3 exposici\u00f3n permanente dise\u00f1ada por profesores ARQ UC en Suizspacio - Facultad de Arquitectura, Dise\u00f1o y Estudios Urbanos\" \/>\n<meta property=\"og:description\" content=\"La obra \u201cPaisajes po\u00e9ticos de Chile\u201d \u2014inaugurada el jueves 21 de julio en Suizspacio, Metro Estaci\u00f3n \u00d1u\u00f1oa\u2014 es producto del trabajo de la oficina Umwelt, liderada por los profesores ARQ UC Arturo Scheidegger e Ignacio Garc\u00eda, en conjunto con la Embajada de Suiza y Metro de Santiago.\" \/>\n<meta property=\"og:url\" content=\"https:\/\/fadeu.urantiacos.cl\/en\/2022\/07\/30\/se-inauguro-exposicion-permanente-disenada-por-profesores-arq-uc-en-suizspacio\/\" \/>\n<meta property=\"og:site_name\" content=\"Facultad de Arquitectura, Dise\u00f1o y Estudios Urbanos\" \/>\n<meta property=\"article:published_time\" content=\"2022-07-30T17:52:00+00:00\" \/>\n<meta property=\"article:modified_time\" content=\"2023-09-04T17:58:04+00:00\" \/>\n<meta property=\"og:image\" content=\"https:\/\/fadeu.urantiacos.cl\/wp-content\/uploads\/2023\/09\/web_ss-5_Felipe_Ugalde_29.07.22.jpg\" \/>\n\t<meta property=\"og:image:width\" content=\"350\" \/>\n\t<meta property=\"og:image:height\" content=\"250\" \/>\n\t<meta property=\"og:image:type\" content=\"image\/jpeg\" \/>\n<meta name=\"author\" content=\"manadmin\" \/>\n<meta name=\"twitter:card\" content=\"summary_large_image\" \/>\n<meta name=\"twitter:label1\" content=\"Written by\" \/>\n\t<meta name=\"twitter:data1\" content=\"manadmin\" \/>\n\t<meta name=\"twitter:label2\" content=\"Est. reading time\" \/>\n\t<meta name=\"twitter:data2\" content=\"2 minutes\" \/>\n<script type=\"application\/ld+json\" class=\"yoast-schema-graph\">{\"@context\":\"https:\/\/schema.org\",\"@graph\":[{\"@type\":\"Article\",\"@id\":\"https:\/\/fadeu.urantiacos.cl\/en\/2022\/07\/30\/se-inauguro-exposicion-permanente-disenada-por-profesores-arq-uc-en-suizspacio\/#article\",\"isPartOf\":{\"@id\":\"https:\/\/fadeu.urantiacos.cl\/en\/2022\/07\/30\/se-inauguro-exposicion-permanente-disenada-por-profesores-arq-uc-en-suizspacio\/\"},\"author\":{\"name\":\"manadmin\",\"@id\":\"https:\/\/fadeu.urantiacos.cl\/en\/#\/schema\/person\/d203e2e84b1c40275eac77b3061a19a2\"},\"headline\":\"Se inaugur\u00f3 exposici\u00f3n permanente dise\u00f1ada por profesores ARQ UC en Suizspacio\",\"datePublished\":\"2022-07-30T17:52:00+00:00\",\"dateModified\":\"2023-09-04T17:58:04+00:00\",\"mainEntityOfPage\":{\"@id\":\"https:\/\/fadeu.urantiacos.cl\/en\/2022\/07\/30\/se-inauguro-exposicion-permanente-disenada-por-profesores-arq-uc-en-suizspacio\/\"},\"wordCount\":477,\"commentCount\":0,\"image\":{\"@id\":\"https:\/\/fadeu.urantiacos.cl\/en\/2022\/07\/30\/se-inauguro-exposicion-permanente-disenada-por-profesores-arq-uc-en-suizspacio\/#primaryimage\"},\"thumbnailUrl\":\"https:\/\/fadeu.urantiacos.cl\/wp-content\/uploads\/2023\/09\/web_ss-5_Felipe_Ugalde_29.07.22.jpg\",\"articleSection\":[\"Sin categorizar\"],\"inLanguage\":\"en-US\",\"potentialAction\":[{\"@type\":\"CommentAction\",\"name\":\"Comment\",\"target\":[\"https:\/\/fadeu.urantiacos.cl\/en\/2022\/07\/30\/se-inauguro-exposicion-permanente-disenada-por-profesores-arq-uc-en-suizspacio\/#respond\"]}]},{\"@type\":\"WebPage\",\"@id\":\"https:\/\/fadeu.urantiacos.cl\/en\/2022\/07\/30\/se-inauguro-exposicion-permanente-disenada-por-profesores-arq-uc-en-suizspacio\/\",\"url\":\"https:\/\/fadeu.urantiacos.cl\/en\/2022\/07\/30\/se-inauguro-exposicion-permanente-disenada-por-profesores-arq-uc-en-suizspacio\/\",\"name\":\"Se inaugur\u00f3 exposici\u00f3n permanente dise\u00f1ada por profesores ARQ UC en Suizspacio - Facultad de Arquitectura, Dise\u00f1o y Estudios Urbanos\",\"isPartOf\":{\"@id\":\"https:\/\/fadeu.urantiacos.cl\/en\/#website\"},\"primaryImageOfPage\":{\"@id\":\"https:\/\/fadeu.urantiacos.cl\/en\/2022\/07\/30\/se-inauguro-exposicion-permanente-disenada-por-profesores-arq-uc-en-suizspacio\/#primaryimage\"},\"image\":{\"@id\":\"https:\/\/fadeu.urantiacos.cl\/en\/2022\/07\/30\/se-inauguro-exposicion-permanente-disenada-por-profesores-arq-uc-en-suizspacio\/#primaryimage\"},\"thumbnailUrl\":\"https:\/\/fadeu.urantiacos.cl\/wp-content\/uploads\/2023\/09\/web_ss-5_Felipe_Ugalde_29.07.22.jpg\",\"datePublished\":\"2022-07-30T17:52:00+00:00\",\"dateModified\":\"2023-09-04T17:58:04+00:00\",\"author\":{\"@id\":\"https:\/\/fadeu.urantiacos.cl\/en\/#\/schema\/person\/d203e2e84b1c40275eac77b3061a19a2\"},\"description\":\"La obra \u201cPaisajes po\u00e9ticos de Chile\u201d \u2014inaugurada el jueves 21 de julio en Suizspacio, Metro Estaci\u00f3n \u00d1u\u00f1oa\u2014 es producto del trabajo de la oficina Umwelt, liderada por los profesores ARQ UC Arturo Scheidegger e Ignacio Garc\u00eda, en conjunto con la Embajada de Suiza y Metro de Santiago.\",\"breadcrumb\":{\"@id\":\"https:\/\/fadeu.urantiacos.cl\/en\/2022\/07\/30\/se-inauguro-exposicion-permanente-disenada-por-profesores-arq-uc-en-suizspacio\/#breadcrumb\"},\"inLanguage\":\"en-US\",\"potentialAction\":[{\"@type\":\"ReadAction\",\"target\":[\"https:\/\/fadeu.urantiacos.cl\/en\/2022\/07\/30\/se-inauguro-exposicion-permanente-disenada-por-profesores-arq-uc-en-suizspacio\/\"]}]},{\"@type\":\"ImageObject\",\"inLanguage\":\"en-US\",\"@id\":\"https:\/\/fadeu.urantiacos.cl\/en\/2022\/07\/30\/se-inauguro-exposicion-permanente-disenada-por-profesores-arq-uc-en-suizspacio\/#primaryimage\",\"url\":\"https:\/\/fadeu.urantiacos.cl\/wp-content\/uploads\/2023\/09\/web_ss-5_Felipe_Ugalde_29.07.22.jpg\",\"contentUrl\":\"https:\/\/fadeu.urantiacos.cl\/wp-content\/uploads\/2023\/09\/web_ss-5_Felipe_Ugalde_29.07.22.jpg\",\"width\":350,\"height\":250},{\"@type\":\"BreadcrumbList\",\"@id\":\"https:\/\/fadeu.urantiacos.cl\/en\/2022\/07\/30\/se-inauguro-exposicion-permanente-disenada-por-profesores-arq-uc-en-suizspacio\/#breadcrumb\",\"itemListElement\":[{\"@type\":\"ListItem\",\"position\":1,\"name\":\"Portada\",\"item\":\"https:\/\/fadeu.urantiacos.cl\/en\/\"},{\"@type\":\"ListItem\",\"position\":2,\"name\":\"Se inaugur\u00f3 exposici\u00f3n permanente dise\u00f1ada por profesores ARQ UC en Suizspacio\"}]},{\"@type\":\"WebSite\",\"@id\":\"https:\/\/fadeu.urantiacos.cl\/en\/#website\",\"url\":\"https:\/\/fadeu.urantiacos.cl\/en\/\",\"name\":\"Facultad de Arquitectura, Dise\u00f1o y Estudios Urbanos\",\"description\":\"Campus Lo Contador\",\"potentialAction\":[{\"@type\":\"SearchAction\",\"target\":{\"@type\":\"EntryPoint\",\"urlTemplate\":\"https:\/\/fadeu.urantiacos.cl\/en\/?s={search_term_string}\"},\"query-input\":{\"@type\":\"PropertyValueSpecification\",\"valueRequired\":true,\"valueName\":\"search_term_string\"}}],\"inLanguage\":\"en-US\"},{\"@type\":\"Person\",\"@id\":\"https:\/\/fadeu.urantiacos.cl\/en\/#\/schema\/person\/d203e2e84b1c40275eac77b3061a19a2\",\"name\":\"manadmin\",\"image\":{\"@type\":\"ImageObject\",\"inLanguage\":\"en-US\",\"@id\":\"https:\/\/fadeu.urantiacos.cl\/en\/#\/schema\/person\/image\/\",\"url\":\"https:\/\/secure.gravatar.com\/avatar\/4b1d8e3303b4a9d8968ac578947d8bc80d9aea359f388cdd4aac15cadc0e8447?s=96&d=mm&r=g\",\"contentUrl\":\"https:\/\/secure.gravatar.com\/avatar\/4b1d8e3303b4a9d8968ac578947d8bc80d9aea359f388cdd4aac15cadc0e8447?s=96&d=mm&r=g\",\"caption\":\"manadmin\"},\"sameAs\":[\"https:\/\/fadeu.urantiacos.cl\"]}]}<\/script>\n<!-- \/ Yoast SEO plugin. -->","yoast_head_json":{"title":"Se inaugur\u00f3 exposici\u00f3n permanente dise\u00f1ada por profesores ARQ UC en Suizspacio - Facultad de Arquitectura, Dise\u00f1o y Estudios Urbanos","description":"La obra \u201cPaisajes po\u00e9ticos de Chile\u201d \u2014inaugurada el jueves 21 de julio en Suizspacio, Metro Estaci\u00f3n \u00d1u\u00f1oa\u2014 es producto del trabajo de la oficina Umwelt, liderada por los profesores ARQ UC Arturo Scheidegger e Ignacio Garc\u00eda, en conjunto con la Embajada de Suiza y Metro de Santiago.","robots":{"index":"index","follow":"follow","max-snippet":"max-snippet:-1","max-image-preview":"max-image-preview:large","max-video-preview":"max-video-preview:-1"},"canonical":"https:\/\/fadeu.urantiacos.cl\/en\/2022\/07\/30\/se-inauguro-exposicion-permanente-disenada-por-profesores-arq-uc-en-suizspacio\/","og_locale":"en_US","og_type":"article","og_title":"Se inaugur\u00f3 exposici\u00f3n permanente dise\u00f1ada por profesores ARQ UC en Suizspacio - Facultad de Arquitectura, Dise\u00f1o y Estudios Urbanos","og_description":"La obra \u201cPaisajes po\u00e9ticos de Chile\u201d \u2014inaugurada el jueves 21 de julio en Suizspacio, Metro Estaci\u00f3n \u00d1u\u00f1oa\u2014 es producto del trabajo de la oficina Umwelt, liderada por los profesores ARQ UC Arturo Scheidegger e Ignacio Garc\u00eda, en conjunto con la Embajada de Suiza y Metro de Santiago.","og_url":"https:\/\/fadeu.urantiacos.cl\/en\/2022\/07\/30\/se-inauguro-exposicion-permanente-disenada-por-profesores-arq-uc-en-suizspacio\/","og_site_name":"Facultad de Arquitectura, Dise\u00f1o y Estudios Urbanos","article_published_time":"2022-07-30T17:52:00+00:00","article_modified_time":"2023-09-04T17:58:04+00:00","og_image":[{"width":350,"height":250,"url":"https:\/\/fadeu.urantiacos.cl\/wp-content\/uploads\/2023\/09\/web_ss-5_Felipe_Ugalde_29.07.22.jpg","type":"image\/jpeg"}],"author":"manadmin","twitter_card":"summary_large_image","twitter_misc":{"Written by":"manadmin","Est. reading time":"2 minutes"},"schema":{"@context":"https:\/\/schema.org","@graph":[{"@type":"Article","@id":"https:\/\/fadeu.urantiacos.cl\/en\/2022\/07\/30\/se-inauguro-exposicion-permanente-disenada-por-profesores-arq-uc-en-suizspacio\/#article","isPartOf":{"@id":"https:\/\/fadeu.urantiacos.cl\/en\/2022\/07\/30\/se-inauguro-exposicion-permanente-disenada-por-profesores-arq-uc-en-suizspacio\/"},"author":{"name":"manadmin","@id":"https:\/\/fadeu.urantiacos.cl\/en\/#\/schema\/person\/d203e2e84b1c40275eac77b3061a19a2"},"headline":"Se inaugur\u00f3 exposici\u00f3n permanente dise\u00f1ada por profesores ARQ UC en Suizspacio","datePublished":"2022-07-30T17:52:00+00:00","dateModified":"2023-09-04T17:58:04+00:00","mainEntityOfPage":{"@id":"https:\/\/fadeu.urantiacos.cl\/en\/2022\/07\/30\/se-inauguro-exposicion-permanente-disenada-por-profesores-arq-uc-en-suizspacio\/"},"wordCount":477,"commentCount":0,"image":{"@id":"https:\/\/fadeu.urantiacos.cl\/en\/2022\/07\/30\/se-inauguro-exposicion-permanente-disenada-por-profesores-arq-uc-en-suizspacio\/#primaryimage"},"thumbnailUrl":"https:\/\/fadeu.urantiacos.cl\/wp-content\/uploads\/2023\/09\/web_ss-5_Felipe_Ugalde_29.07.22.jpg","articleSection":["Sin categorizar"],"inLanguage":"en-US","potentialAction":[{"@type":"CommentAction","name":"Comment","target":["https:\/\/fadeu.urantiacos.cl\/en\/2022\/07\/30\/se-inauguro-exposicion-permanente-disenada-por-profesores-arq-uc-en-suizspacio\/#respond"]}]},{"@type":"WebPage","@id":"https:\/\/fadeu.urantiacos.cl\/en\/2022\/07\/30\/se-inauguro-exposicion-permanente-disenada-por-profesores-arq-uc-en-suizspacio\/","url":"https:\/\/fadeu.urantiacos.cl\/en\/2022\/07\/30\/se-inauguro-exposicion-permanente-disenada-por-profesores-arq-uc-en-suizspacio\/","name":"Se inaugur\u00f3 exposici\u00f3n permanente dise\u00f1ada por profesores ARQ UC en Suizspacio - Facultad de Arquitectura, Dise\u00f1o y Estudios Urbanos","isPartOf":{"@id":"https:\/\/fadeu.urantiacos.cl\/en\/#website"},"primaryImageOfPage":{"@id":"https:\/\/fadeu.urantiacos.cl\/en\/2022\/07\/30\/se-inauguro-exposicion-permanente-disenada-por-profesores-arq-uc-en-suizspacio\/#primaryimage"},"image":{"@id":"https:\/\/fadeu.urantiacos.cl\/en\/2022\/07\/30\/se-inauguro-exposicion-permanente-disenada-por-profesores-arq-uc-en-suizspacio\/#primaryimage"},"thumbnailUrl":"https:\/\/fadeu.urantiacos.cl\/wp-content\/uploads\/2023\/09\/web_ss-5_Felipe_Ugalde_29.07.22.jpg","datePublished":"2022-07-30T17:52:00+00:00","dateModified":"2023-09-04T17:58:04+00:00","author":{"@id":"https:\/\/fadeu.urantiacos.cl\/en\/#\/schema\/person\/d203e2e84b1c40275eac77b3061a19a2"},"description":"La obra \u201cPaisajes po\u00e9ticos de Chile\u201d \u2014inaugurada el jueves 21 de julio en Suizspacio, Metro Estaci\u00f3n \u00d1u\u00f1oa\u2014 es producto del trabajo de la oficina Umwelt, liderada por los profesores ARQ UC Arturo Scheidegger e Ignacio Garc\u00eda, en conjunto con la Embajada de Suiza y Metro de Santiago.","breadcrumb":{"@id":"https:\/\/fadeu.urantiacos.cl\/en\/2022\/07\/30\/se-inauguro-exposicion-permanente-disenada-por-profesores-arq-uc-en-suizspacio\/#breadcrumb"},"inLanguage":"en-US","potentialAction":[{"@type":"ReadAction","target":["https:\/\/fadeu.urantiacos.cl\/en\/2022\/07\/30\/se-inauguro-exposicion-permanente-disenada-por-profesores-arq-uc-en-suizspacio\/"]}]},{"@type":"ImageObject","inLanguage":"en-US","@id":"https:\/\/fadeu.urantiacos.cl\/en\/2022\/07\/30\/se-inauguro-exposicion-permanente-disenada-por-profesores-arq-uc-en-suizspacio\/#primaryimage","url":"https:\/\/fadeu.urantiacos.cl\/wp-content\/uploads\/2023\/09\/web_ss-5_Felipe_Ugalde_29.07.22.jpg","contentUrl":"https:\/\/fadeu.urantiacos.cl\/wp-content\/uploads\/2023\/09\/web_ss-5_Felipe_Ugalde_29.07.22.jpg","width":350,"height":250},{"@type":"BreadcrumbList","@id":"https:\/\/fadeu.urantiacos.cl\/en\/2022\/07\/30\/se-inauguro-exposicion-permanente-disenada-por-profesores-arq-uc-en-suizspacio\/#breadcrumb","itemListElement":[{"@type":"ListItem","position":1,"name":"Portada","item":"https:\/\/fadeu.urantiacos.cl\/en\/"},{"@type":"ListItem","position":2,"name":"Se inaugur\u00f3 exposici\u00f3n permanente dise\u00f1ada por profesores ARQ UC en Suizspacio"}]},{"@type":"WebSite","@id":"https:\/\/fadeu.urantiacos.cl\/en\/#website","url":"https:\/\/fadeu.urantiacos.cl\/en\/","name":"Facultad de Arquitectura, Dise\u00f1o y Estudios Urbanos","description":"Campus Lo Contador","potentialAction":[{"@type":"SearchAction","target":{"@type":"EntryPoint","urlTemplate":"https:\/\/fadeu.urantiacos.cl\/en\/?s={search_term_string}"},"query-input":{"@type":"PropertyValueSpecification","valueRequired":true,"valueName":"search_term_string"}}],"inLanguage":"en-US"},{"@type":"Person","@id":"https:\/\/fadeu.urantiacos.cl\/en\/#\/schema\/person\/d203e2e84b1c40275eac77b3061a19a2","name":"manadmin","image":{"@type":"ImageObject","inLanguage":"en-US","@id":"https:\/\/fadeu.urantiacos.cl\/en\/#\/schema\/person\/image\/","url":"https:\/\/secure.gravatar.com\/avatar\/4b1d8e3303b4a9d8968ac578947d8bc80d9aea359f388cdd4aac15cadc0e8447?s=96&d=mm&r=g","contentUrl":"https:\/\/secure.gravatar.com\/avatar\/4b1d8e3303b4a9d8968ac578947d8bc80d9aea359f388cdd4aac15cadc0e8447?s=96&d=mm&r=g","caption":"manadmin"},"sameAs":["https:\/\/fadeu.urantiacos.cl"]}]}},"_links":{"self":[{"href":"https:\/\/fadeu.urantiacos.cl\/en\/wp-json\/wp\/v2\/posts\/4470","targetHints":{"allow":["GET"]}}],"collection":[{"href":"https:\/\/fadeu.urantiacos.cl\/en\/wp-json\/wp\/v2\/posts"}],"about":[{"href":"https:\/\/fadeu.urantiacos.cl\/en\/wp-json\/wp\/v2\/types\/post"}],"author":[{"embeddable":true,"href":"https:\/\/fadeu.urantiacos.cl\/en\/wp-json\/wp\/v2\/users\/1"}],"replies":[{"embeddable":true,"href":"https:\/\/fadeu.urantiacos.cl\/en\/wp-json\/wp\/v2\/comments?post=4470"}],"version-history":[{"count":1,"href":"https:\/\/fadeu.urantiacos.cl\/en\/wp-json\/wp\/v2\/posts\/4470\/revisions"}],"predecessor-version":[{"id":4474,"href":"https:\/\/fadeu.urantiacos.cl\/en\/wp-json\/wp\/v2\/posts\/4470\/revisions\/4474"}],"wp:featuredmedia":[{"embeddable":true,"href":"https:\/\/fadeu.urantiacos.cl\/en\/wp-json\/wp\/v2\/media\/4471"}],"wp:attachment":[{"href":"https:\/\/fadeu.urantiacos.cl\/en\/wp-json\/wp\/v2\/media?parent=4470"}],"wp:term":[{"taxonomy":"category","embeddable":true,"href":"https:\/\/fadeu.urantiacos.cl\/en\/wp-json\/wp\/v2\/categories?post=4470"},{"taxonomy":"post_tag","embeddable":true,"href":"https:\/\/fadeu.urantiacos.cl\/en\/wp-json\/wp\/v2\/tags?post=4470"}],"curies":[{"name":"wp","href":"https:\/\/api.w.org\/{rel}","templated":true}]}}