{"id":4458,"date":"2022-08-01T00:06:00","date_gmt":"2022-08-01T03:06:00","guid":{"rendered":"https:\/\/fadeu.urantiacos.cl\/?p=4458"},"modified":"2023-09-04T00:13:35","modified_gmt":"2023-09-04T03:13:35","slug":"fadeu-compromete-apoyo-en-materia-de-ciudades-y-territorios-de-cara-al-congreso-futuro-2023","status":"publish","type":"post","link":"https:\/\/fadeu.urantiacos.cl\/en\/2022\/08\/01\/fadeu-compromete-apoyo-en-materia-de-ciudades-y-territorios-de-cara-al-congreso-futuro-2023\/","title":{"rendered":"FADEU compromete apoyo en materia de ciudades y territorios de cara al Congreso Futuro 2023"},"content":{"rendered":"\n<figure class=\"wp-block-image size-full\"><img decoding=\"async\" width=\"350\" height=\"250\" src=\"https:\/\/fadeu.urantiacos.cl\/wp-content\/uploads\/2023\/09\/web_WhatsApp_Image_2022-07-26_at_9.49.43_AM.jpg\" alt=\"\" class=\"wp-image-4459\" srcset=\"https:\/\/fadeu.urantiacos.cl\/wp-content\/uploads\/2023\/09\/web_WhatsApp_Image_2022-07-26_at_9.49.43_AM.jpg 350w, https:\/\/fadeu.urantiacos.cl\/wp-content\/uploads\/2023\/09\/web_WhatsApp_Image_2022-07-26_at_9.49.43_AM-300x214.jpg 300w\" sizes=\"(max-width: 350px) 100vw, 350px\" \/><\/figure>\n\n\n\n<p>En la reuni\u00f3n estuvieron presentes el Decano Mario Ubilla, junto a los directores de las escuelas de Arquitectura y Dise\u00f1o, Luis Eduardo Bresciani y Mart\u00edn Tironi, respectivamente; el director del Instituto de Estudios Urbanos y Territoriales, Luis Fuentes; el Secretario Acad\u00e9mico, Felipe Encinas; la Directora de Investigaci\u00f3n y Postgrado, Magdalena Vicu\u00f1a; la Directora de Extensi\u00f3n y Comunicaciones, Macarena Cort\u00e9s; y el Director Econ\u00f3mico, Marcos Parraguez.<\/p>\n\n\n\n<p><strong>Ciudades y territorios<\/strong><\/p>\n\n\n\n<p>Girardi extendi\u00f3 una invitaci\u00f3n a la FADEU para ser parte de la versi\u00f3n 2023 del Congreso Futuro, a trav\u00e9s de tres ejes principales: una comisi\u00f3n de territorios y ciudades; una mesa de trabajo sobre la madera; y una instancia formal para la discusi\u00f3n de materias alusivas a metaverso, digitalizaci\u00f3n y bases de datos.<\/p>\n\n\n\n<p>En este sentido, indic\u00f3 Girardi, \u201cla idea es generar un trabajo colaborativo y transversal como Facultad para convocar a otros actores, al Estado, centros de investigaci\u00f3n, profesionales destacados y otras universidades\u201d, a fin de generar una discusi\u00f3n profunda y propositiva respecto del futuro de las ciudades y los territorios en el pa\u00eds, y sobre cu\u00e1les son los principales desaf\u00edos que plantea la gesti\u00f3n urbana y territorial para los pr\u00f3ximos a\u00f1os.<\/p>\n\n\n\n<p>El Decano Ubilla agradeci\u00f3 la invitaci\u00f3n y comprometi\u00f3 el apoyo de la Facultad, destacando el esp\u00edritu de reivindicaci\u00f3n de las universidades como centro de generaci\u00f3n del pensamiento cr\u00edtico. \u201cNos parece sumamente interesante, y a la vez nos halaga, que una persona que ha estado siempre tan cercano al poder, siendo un pol\u00edtico de amplia trayectoria y transversal reconocimiento, reivindique el rol de las universidades en la generaci\u00f3n del conocimiento para aportar a la discusi\u00f3n p\u00fablica respecto del rol que deben jugar distintos actores, en distintas escalas, en materia de construcci\u00f3n de las ciudades y territorios del pa\u00eds\u201d, afirm\u00f3.&nbsp;<\/p>\n\n\n\n<p>A lo anterior, la Directora de Investigaci\u00f3n y Postgrado FADEU, Magdalena Vicu\u00f1a, a\u00f1adi\u00f3 que \u201ces interesante pensar en esta discusi\u00f3n y sobre todo definir el rol de nuestra Facultad, entendi\u00e9ndola como la uni\u00f3n de las disciplinas que la conforman, en la construcci\u00f3n de una discusi\u00f3n transversal sobre la vivienda, los barrios, la ciudad, el dise\u00f1o y la simulaci\u00f3n de la realidad y nuevos escenarios, por ejemplo, \u00e1mbitos en los que como Facultad tenemos mucho que decir y aportar\u201d.<\/p>\n\n\n\n<p>Por su parte, Girardi relev\u00f3 el rol de la educaci\u00f3n superior como nicho de generaci\u00f3n de nuevo conocimiento para la discusi\u00f3n nacional, por sobre otros estamentos de la sociedad. \u201cNosotros nos alimentamos de las ideas que produce la ciencia\u201d, advirti\u00f3 el exsenador, y agreg\u00f3 que \u201cvalorar el pensamiento y el conocimiento generado en las universidades es fundamental para alimentar al Estado, y hay que rescatar la labor de las universidades en este sentido, para dejar de solo consumir productos, sino tambi\u00e9n para valorar la docencia, la investigaci\u00f3n y la generaci\u00f3n del conocimiento, que es lo que finalmente permite tomar decisiones en materias importantes para la vida de las personas en toda sociedad\u201d.<\/p>\n\n\n\n<p>Ser\u00e1 la profesora y Directora de Investigaci\u00f3n y Postgrado FADEU, Magdalena Vicu\u00f1a, la encargada de coordinar la participaci\u00f3n de la Facultad, y sus unidades y sub unidades, en el Congreso 2023, que tendr\u00e1 como base la sede del ex Congreso Nacional, y que pretende llegar a todo el territorio nacional (incluyendo Rapa Nui) entre el 16 y el 20 de enero pr\u00f3ximo.<\/p>\n\n\n\n<p>El Congreso Futuro, evento que se realiza en Chile desde 2011, y que re\u00fane a l\u00edderes de opini\u00f3n, cient\u00edficos, al mundo de la tecnolog\u00eda, pol\u00edticos y sociedad civil para debatir sobre las problem\u00e1ticas que afectar\u00e1n a la humanidad, es organizado por el Senado de la Rep\u00fablica, el Gobierno de Chile y la Academia Chilena de Ciencias.<br><\/p>\n\n\n\n<p>INFORMACI\u00d3N PERIOD\u00cdSTICA<br>JUAN ANDR\u00c9S INZUNZA<\/p>\n\n\n\n<figure class=\"wp-block-image size-large\"><img decoding=\"async\" width=\"1024\" height=\"768\" src=\"https:\/\/fadeu.urantiacos.cl\/wp-content\/uploads\/2023\/09\/WhatsApp_Image_2022-07-26_at_10.46.28_AM-1024x768.jpeg\" alt=\"\" class=\"wp-image-4460\" srcset=\"https:\/\/fadeu.urantiacos.cl\/wp-content\/uploads\/2023\/09\/WhatsApp_Image_2022-07-26_at_10.46.28_AM-1024x768.jpeg 1024w, https:\/\/fadeu.urantiacos.cl\/wp-content\/uploads\/2023\/09\/WhatsApp_Image_2022-07-26_at_10.46.28_AM-300x225.jpeg 300w, https:\/\/fadeu.urantiacos.cl\/wp-content\/uploads\/2023\/09\/WhatsApp_Image_2022-07-26_at_10.46.28_AM-768x576.jpeg 768w, https:\/\/fadeu.urantiacos.cl\/wp-content\/uploads\/2023\/09\/WhatsApp_Image_2022-07-26_at_10.46.28_AM-1536x1152.jpeg 1536w, https:\/\/fadeu.urantiacos.cl\/wp-content\/uploads\/2023\/09\/WhatsApp_Image_2022-07-26_at_10.46.28_AM.jpeg 1600w\" sizes=\"(max-width: 1024px) 100vw, 1024px\" \/><\/figure>\n","protected":false},"excerpt":{"rendered":"<p>El Comit\u00e9 Directivo de la Facultad de Arquitectura, Dise\u00f1o y Estudios Urbanos de la Pontificia Universidad Cat\u00f3lica recibi\u00f3 la visita del exsenador y expresidente del Senado de la Rep\u00fablica, Guido Girardi (actual vicepresidente de la Fundaci\u00f3n Encuentros del Futuro), reconocido impulsor y fundador del Congreso Futuro.<\/p>\n","protected":false},"author":1,"featured_media":4459,"comment_status":"open","ping_status":"open","sticky":false,"template":"","format":"standard","meta":{"_acf_changed":false,"footnotes":""},"categories":[1],"tags":[],"class_list":["post-4458","post","type-post","status-publish","format-standard","has-post-thumbnail","hentry","category-sin-categorizar"],"acf":[],"yoast_head":"<!-- This site is optimized with the Yoast SEO plugin v27.1.1 - https:\/\/yoast.com\/product\/yoast-seo-wordpress\/ -->\n<title>FADEU compromete apoyo en materia de ciudades y territorios de cara al Congreso Futuro 2023 - Facultad de Arquitectura, Dise\u00f1o y Estudios Urbanos<\/title>\n<meta name=\"description\" content=\"El Comit\u00e9 Directivo de la Facultad de Arquitectura, Dise\u00f1o y Estudios Urbanos de la Pontificia Universidad Cat\u00f3lica recibi\u00f3 la visita del exsenador y expresidente del Senado de la Rep\u00fablica, Guido Girardi (actual vicepresidente de la Fundaci\u00f3n Encuentros del Futuro), reconocido impulsor y fundador del Congreso Futuro.\" \/>\n<meta name=\"robots\" content=\"index, follow, max-snippet:-1, max-image-preview:large, max-video-preview:-1\" \/>\n<link rel=\"canonical\" href=\"https:\/\/fadeu.urantiacos.cl\/en\/2022\/08\/01\/fadeu-compromete-apoyo-en-materia-de-ciudades-y-territorios-de-cara-al-congreso-futuro-2023\/\" \/>\n<meta property=\"og:locale\" content=\"en_US\" \/>\n<meta property=\"og:type\" content=\"article\" \/>\n<meta property=\"og:title\" content=\"FADEU compromete apoyo en materia de ciudades y territorios de cara al Congreso Futuro 2023 - Facultad de Arquitectura, Dise\u00f1o y Estudios Urbanos\" \/>\n<meta property=\"og:description\" content=\"El Comit\u00e9 Directivo de la Facultad de Arquitectura, Dise\u00f1o y Estudios Urbanos de la Pontificia Universidad Cat\u00f3lica recibi\u00f3 la visita del exsenador y expresidente del Senado de la Rep\u00fablica, Guido Girardi (actual vicepresidente de la Fundaci\u00f3n Encuentros del Futuro), reconocido impulsor y fundador del Congreso Futuro.\" \/>\n<meta property=\"og:url\" content=\"https:\/\/fadeu.urantiacos.cl\/en\/2022\/08\/01\/fadeu-compromete-apoyo-en-materia-de-ciudades-y-territorios-de-cara-al-congreso-futuro-2023\/\" \/>\n<meta property=\"og:site_name\" content=\"Facultad de Arquitectura, Dise\u00f1o y Estudios Urbanos\" \/>\n<meta property=\"article:published_time\" content=\"2022-08-01T03:06:00+00:00\" \/>\n<meta property=\"article:modified_time\" content=\"2023-09-04T03:13:35+00:00\" \/>\n<meta property=\"og:image\" content=\"https:\/\/fadeu.urantiacos.cl\/wp-content\/uploads\/2023\/09\/web_WhatsApp_Image_2022-07-26_at_9.49.43_AM.jpg\" \/>\n\t<meta property=\"og:image:width\" content=\"350\" \/>\n\t<meta property=\"og:image:height\" content=\"250\" \/>\n\t<meta property=\"og:image:type\" content=\"image\/jpeg\" \/>\n<meta name=\"author\" content=\"manadmin\" \/>\n<meta name=\"twitter:card\" content=\"summary_large_image\" \/>\n<meta name=\"twitter:label1\" content=\"Written by\" \/>\n\t<meta name=\"twitter:data1\" content=\"manadmin\" \/>\n\t<meta name=\"twitter:label2\" content=\"Est. reading time\" \/>\n\t<meta name=\"twitter:data2\" content=\"3 minutes\" \/>\n<script type=\"application\/ld+json\" class=\"yoast-schema-graph\">{\"@context\":\"https:\/\/schema.org\",\"@graph\":[{\"@type\":\"Article\",\"@id\":\"https:\/\/fadeu.urantiacos.cl\/en\/2022\/08\/01\/fadeu-compromete-apoyo-en-materia-de-ciudades-y-territorios-de-cara-al-congreso-futuro-2023\/#article\",\"isPartOf\":{\"@id\":\"https:\/\/fadeu.urantiacos.cl\/en\/2022\/08\/01\/fadeu-compromete-apoyo-en-materia-de-ciudades-y-territorios-de-cara-al-congreso-futuro-2023\/\"},\"author\":{\"name\":\"manadmin\",\"@id\":\"https:\/\/fadeu.urantiacos.cl\/en\/#\/schema\/person\/d203e2e84b1c40275eac77b3061a19a2\"},\"headline\":\"FADEU compromete apoyo en materia de ciudades y territorios de cara al Congreso Futuro 2023\",\"datePublished\":\"2022-08-01T03:06:00+00:00\",\"dateModified\":\"2023-09-04T03:13:35+00:00\",\"mainEntityOfPage\":{\"@id\":\"https:\/\/fadeu.urantiacos.cl\/en\/2022\/08\/01\/fadeu-compromete-apoyo-en-materia-de-ciudades-y-territorios-de-cara-al-congreso-futuro-2023\/\"},\"wordCount\":677,\"commentCount\":0,\"image\":{\"@id\":\"https:\/\/fadeu.urantiacos.cl\/en\/2022\/08\/01\/fadeu-compromete-apoyo-en-materia-de-ciudades-y-territorios-de-cara-al-congreso-futuro-2023\/#primaryimage\"},\"thumbnailUrl\":\"https:\/\/fadeu.urantiacos.cl\/wp-content\/uploads\/2023\/09\/web_WhatsApp_Image_2022-07-26_at_9.49.43_AM.jpg\",\"articleSection\":[\"Sin categorizar\"],\"inLanguage\":\"en-US\",\"potentialAction\":[{\"@type\":\"CommentAction\",\"name\":\"Comment\",\"target\":[\"https:\/\/fadeu.urantiacos.cl\/en\/2022\/08\/01\/fadeu-compromete-apoyo-en-materia-de-ciudades-y-territorios-de-cara-al-congreso-futuro-2023\/#respond\"]}]},{\"@type\":\"WebPage\",\"@id\":\"https:\/\/fadeu.urantiacos.cl\/en\/2022\/08\/01\/fadeu-compromete-apoyo-en-materia-de-ciudades-y-territorios-de-cara-al-congreso-futuro-2023\/\",\"url\":\"https:\/\/fadeu.urantiacos.cl\/en\/2022\/08\/01\/fadeu-compromete-apoyo-en-materia-de-ciudades-y-territorios-de-cara-al-congreso-futuro-2023\/\",\"name\":\"FADEU compromete apoyo en materia de ciudades y territorios de cara al Congreso Futuro 2023 - Facultad de Arquitectura, Dise\u00f1o y Estudios Urbanos\",\"isPartOf\":{\"@id\":\"https:\/\/fadeu.urantiacos.cl\/en\/#website\"},\"primaryImageOfPage\":{\"@id\":\"https:\/\/fadeu.urantiacos.cl\/en\/2022\/08\/01\/fadeu-compromete-apoyo-en-materia-de-ciudades-y-territorios-de-cara-al-congreso-futuro-2023\/#primaryimage\"},\"image\":{\"@id\":\"https:\/\/fadeu.urantiacos.cl\/en\/2022\/08\/01\/fadeu-compromete-apoyo-en-materia-de-ciudades-y-territorios-de-cara-al-congreso-futuro-2023\/#primaryimage\"},\"thumbnailUrl\":\"https:\/\/fadeu.urantiacos.cl\/wp-content\/uploads\/2023\/09\/web_WhatsApp_Image_2022-07-26_at_9.49.43_AM.jpg\",\"datePublished\":\"2022-08-01T03:06:00+00:00\",\"dateModified\":\"2023-09-04T03:13:35+00:00\",\"author\":{\"@id\":\"https:\/\/fadeu.urantiacos.cl\/en\/#\/schema\/person\/d203e2e84b1c40275eac77b3061a19a2\"},\"description\":\"El Comit\u00e9 Directivo de la Facultad de Arquitectura, Dise\u00f1o y Estudios Urbanos de la Pontificia Universidad Cat\u00f3lica recibi\u00f3 la visita del exsenador y expresidente del Senado de la Rep\u00fablica, Guido Girardi (actual vicepresidente de la Fundaci\u00f3n Encuentros del Futuro), reconocido impulsor y fundador del Congreso Futuro.\",\"breadcrumb\":{\"@id\":\"https:\/\/fadeu.urantiacos.cl\/en\/2022\/08\/01\/fadeu-compromete-apoyo-en-materia-de-ciudades-y-territorios-de-cara-al-congreso-futuro-2023\/#breadcrumb\"},\"inLanguage\":\"en-US\",\"potentialAction\":[{\"@type\":\"ReadAction\",\"target\":[\"https:\/\/fadeu.urantiacos.cl\/en\/2022\/08\/01\/fadeu-compromete-apoyo-en-materia-de-ciudades-y-territorios-de-cara-al-congreso-futuro-2023\/\"]}]},{\"@type\":\"ImageObject\",\"inLanguage\":\"en-US\",\"@id\":\"https:\/\/fadeu.urantiacos.cl\/en\/2022\/08\/01\/fadeu-compromete-apoyo-en-materia-de-ciudades-y-territorios-de-cara-al-congreso-futuro-2023\/#primaryimage\",\"url\":\"https:\/\/fadeu.urantiacos.cl\/wp-content\/uploads\/2023\/09\/web_WhatsApp_Image_2022-07-26_at_9.49.43_AM.jpg\",\"contentUrl\":\"https:\/\/fadeu.urantiacos.cl\/wp-content\/uploads\/2023\/09\/web_WhatsApp_Image_2022-07-26_at_9.49.43_AM.jpg\",\"width\":350,\"height\":250},{\"@type\":\"BreadcrumbList\",\"@id\":\"https:\/\/fadeu.urantiacos.cl\/en\/2022\/08\/01\/fadeu-compromete-apoyo-en-materia-de-ciudades-y-territorios-de-cara-al-congreso-futuro-2023\/#breadcrumb\",\"itemListElement\":[{\"@type\":\"ListItem\",\"position\":1,\"name\":\"Portada\",\"item\":\"https:\/\/fadeu.urantiacos.cl\/en\/\"},{\"@type\":\"ListItem\",\"position\":2,\"name\":\"FADEU compromete apoyo en materia de ciudades y territorios de cara al Congreso Futuro 2023\"}]},{\"@type\":\"WebSite\",\"@id\":\"https:\/\/fadeu.urantiacos.cl\/en\/#website\",\"url\":\"https:\/\/fadeu.urantiacos.cl\/en\/\",\"name\":\"Facultad de Arquitectura, Dise\u00f1o y Estudios Urbanos\",\"description\":\"Campus Lo Contador\",\"potentialAction\":[{\"@type\":\"SearchAction\",\"target\":{\"@type\":\"EntryPoint\",\"urlTemplate\":\"https:\/\/fadeu.urantiacos.cl\/en\/?s={search_term_string}\"},\"query-input\":{\"@type\":\"PropertyValueSpecification\",\"valueRequired\":true,\"valueName\":\"search_term_string\"}}],\"inLanguage\":\"en-US\"},{\"@type\":\"Person\",\"@id\":\"https:\/\/fadeu.urantiacos.cl\/en\/#\/schema\/person\/d203e2e84b1c40275eac77b3061a19a2\",\"name\":\"manadmin\",\"image\":{\"@type\":\"ImageObject\",\"inLanguage\":\"en-US\",\"@id\":\"https:\/\/fadeu.urantiacos.cl\/en\/#\/schema\/person\/image\/\",\"url\":\"https:\/\/secure.gravatar.com\/avatar\/4b1d8e3303b4a9d8968ac578947d8bc80d9aea359f388cdd4aac15cadc0e8447?s=96&d=mm&r=g\",\"contentUrl\":\"https:\/\/secure.gravatar.com\/avatar\/4b1d8e3303b4a9d8968ac578947d8bc80d9aea359f388cdd4aac15cadc0e8447?s=96&d=mm&r=g\",\"caption\":\"manadmin\"},\"sameAs\":[\"https:\/\/fadeu.urantiacos.cl\"]}]}<\/script>\n<!-- \/ Yoast SEO plugin. -->","yoast_head_json":{"title":"FADEU compromete apoyo en materia de ciudades y territorios de cara al Congreso Futuro 2023 - Facultad de Arquitectura, Dise\u00f1o y Estudios Urbanos","description":"El Comit\u00e9 Directivo de la Facultad de Arquitectura, Dise\u00f1o y Estudios Urbanos de la Pontificia Universidad Cat\u00f3lica recibi\u00f3 la visita del exsenador y expresidente del Senado de la Rep\u00fablica, Guido Girardi (actual vicepresidente de la Fundaci\u00f3n Encuentros del Futuro), reconocido impulsor y fundador del Congreso Futuro.","robots":{"index":"index","follow":"follow","max-snippet":"max-snippet:-1","max-image-preview":"max-image-preview:large","max-video-preview":"max-video-preview:-1"},"canonical":"https:\/\/fadeu.urantiacos.cl\/en\/2022\/08\/01\/fadeu-compromete-apoyo-en-materia-de-ciudades-y-territorios-de-cara-al-congreso-futuro-2023\/","og_locale":"en_US","og_type":"article","og_title":"FADEU compromete apoyo en materia de ciudades y territorios de cara al Congreso Futuro 2023 - Facultad de Arquitectura, Dise\u00f1o y Estudios Urbanos","og_description":"El Comit\u00e9 Directivo de la Facultad de Arquitectura, Dise\u00f1o y Estudios Urbanos de la Pontificia Universidad Cat\u00f3lica recibi\u00f3 la visita del exsenador y expresidente del Senado de la Rep\u00fablica, Guido Girardi (actual vicepresidente de la Fundaci\u00f3n Encuentros del Futuro), reconocido impulsor y fundador del Congreso Futuro.","og_url":"https:\/\/fadeu.urantiacos.cl\/en\/2022\/08\/01\/fadeu-compromete-apoyo-en-materia-de-ciudades-y-territorios-de-cara-al-congreso-futuro-2023\/","og_site_name":"Facultad de Arquitectura, Dise\u00f1o y Estudios Urbanos","article_published_time":"2022-08-01T03:06:00+00:00","article_modified_time":"2023-09-04T03:13:35+00:00","og_image":[{"width":350,"height":250,"url":"https:\/\/fadeu.urantiacos.cl\/wp-content\/uploads\/2023\/09\/web_WhatsApp_Image_2022-07-26_at_9.49.43_AM.jpg","type":"image\/jpeg"}],"author":"manadmin","twitter_card":"summary_large_image","twitter_misc":{"Written by":"manadmin","Est. reading time":"3 minutes"},"schema":{"@context":"https:\/\/schema.org","@graph":[{"@type":"Article","@id":"https:\/\/fadeu.urantiacos.cl\/en\/2022\/08\/01\/fadeu-compromete-apoyo-en-materia-de-ciudades-y-territorios-de-cara-al-congreso-futuro-2023\/#article","isPartOf":{"@id":"https:\/\/fadeu.urantiacos.cl\/en\/2022\/08\/01\/fadeu-compromete-apoyo-en-materia-de-ciudades-y-territorios-de-cara-al-congreso-futuro-2023\/"},"author":{"name":"manadmin","@id":"https:\/\/fadeu.urantiacos.cl\/en\/#\/schema\/person\/d203e2e84b1c40275eac77b3061a19a2"},"headline":"FADEU compromete apoyo en materia de ciudades y territorios de cara al Congreso Futuro 2023","datePublished":"2022-08-01T03:06:00+00:00","dateModified":"2023-09-04T03:13:35+00:00","mainEntityOfPage":{"@id":"https:\/\/fadeu.urantiacos.cl\/en\/2022\/08\/01\/fadeu-compromete-apoyo-en-materia-de-ciudades-y-territorios-de-cara-al-congreso-futuro-2023\/"},"wordCount":677,"commentCount":0,"image":{"@id":"https:\/\/fadeu.urantiacos.cl\/en\/2022\/08\/01\/fadeu-compromete-apoyo-en-materia-de-ciudades-y-territorios-de-cara-al-congreso-futuro-2023\/#primaryimage"},"thumbnailUrl":"https:\/\/fadeu.urantiacos.cl\/wp-content\/uploads\/2023\/09\/web_WhatsApp_Image_2022-07-26_at_9.49.43_AM.jpg","articleSection":["Sin categorizar"],"inLanguage":"en-US","potentialAction":[{"@type":"CommentAction","name":"Comment","target":["https:\/\/fadeu.urantiacos.cl\/en\/2022\/08\/01\/fadeu-compromete-apoyo-en-materia-de-ciudades-y-territorios-de-cara-al-congreso-futuro-2023\/#respond"]}]},{"@type":"WebPage","@id":"https:\/\/fadeu.urantiacos.cl\/en\/2022\/08\/01\/fadeu-compromete-apoyo-en-materia-de-ciudades-y-territorios-de-cara-al-congreso-futuro-2023\/","url":"https:\/\/fadeu.urantiacos.cl\/en\/2022\/08\/01\/fadeu-compromete-apoyo-en-materia-de-ciudades-y-territorios-de-cara-al-congreso-futuro-2023\/","name":"FADEU compromete apoyo en materia de ciudades y territorios de cara al Congreso Futuro 2023 - Facultad de Arquitectura, Dise\u00f1o y Estudios Urbanos","isPartOf":{"@id":"https:\/\/fadeu.urantiacos.cl\/en\/#website"},"primaryImageOfPage":{"@id":"https:\/\/fadeu.urantiacos.cl\/en\/2022\/08\/01\/fadeu-compromete-apoyo-en-materia-de-ciudades-y-territorios-de-cara-al-congreso-futuro-2023\/#primaryimage"},"image":{"@id":"https:\/\/fadeu.urantiacos.cl\/en\/2022\/08\/01\/fadeu-compromete-apoyo-en-materia-de-ciudades-y-territorios-de-cara-al-congreso-futuro-2023\/#primaryimage"},"thumbnailUrl":"https:\/\/fadeu.urantiacos.cl\/wp-content\/uploads\/2023\/09\/web_WhatsApp_Image_2022-07-26_at_9.49.43_AM.jpg","datePublished":"2022-08-01T03:06:00+00:00","dateModified":"2023-09-04T03:13:35+00:00","author":{"@id":"https:\/\/fadeu.urantiacos.cl\/en\/#\/schema\/person\/d203e2e84b1c40275eac77b3061a19a2"},"description":"El Comit\u00e9 Directivo de la Facultad de Arquitectura, Dise\u00f1o y Estudios Urbanos de la Pontificia Universidad Cat\u00f3lica recibi\u00f3 la visita del exsenador y expresidente del Senado de la Rep\u00fablica, Guido Girardi (actual vicepresidente de la Fundaci\u00f3n Encuentros del Futuro), reconocido impulsor y fundador del Congreso Futuro.","breadcrumb":{"@id":"https:\/\/fadeu.urantiacos.cl\/en\/2022\/08\/01\/fadeu-compromete-apoyo-en-materia-de-ciudades-y-territorios-de-cara-al-congreso-futuro-2023\/#breadcrumb"},"inLanguage":"en-US","potentialAction":[{"@type":"ReadAction","target":["https:\/\/fadeu.urantiacos.cl\/en\/2022\/08\/01\/fadeu-compromete-apoyo-en-materia-de-ciudades-y-territorios-de-cara-al-congreso-futuro-2023\/"]}]},{"@type":"ImageObject","inLanguage":"en-US","@id":"https:\/\/fadeu.urantiacos.cl\/en\/2022\/08\/01\/fadeu-compromete-apoyo-en-materia-de-ciudades-y-territorios-de-cara-al-congreso-futuro-2023\/#primaryimage","url":"https:\/\/fadeu.urantiacos.cl\/wp-content\/uploads\/2023\/09\/web_WhatsApp_Image_2022-07-26_at_9.49.43_AM.jpg","contentUrl":"https:\/\/fadeu.urantiacos.cl\/wp-content\/uploads\/2023\/09\/web_WhatsApp_Image_2022-07-26_at_9.49.43_AM.jpg","width":350,"height":250},{"@type":"BreadcrumbList","@id":"https:\/\/fadeu.urantiacos.cl\/en\/2022\/08\/01\/fadeu-compromete-apoyo-en-materia-de-ciudades-y-territorios-de-cara-al-congreso-futuro-2023\/#breadcrumb","itemListElement":[{"@type":"ListItem","position":1,"name":"Portada","item":"https:\/\/fadeu.urantiacos.cl\/en\/"},{"@type":"ListItem","position":2,"name":"FADEU compromete apoyo en materia de ciudades y territorios de cara al Congreso Futuro 2023"}]},{"@type":"WebSite","@id":"https:\/\/fadeu.urantiacos.cl\/en\/#website","url":"https:\/\/fadeu.urantiacos.cl\/en\/","name":"Facultad de Arquitectura, Dise\u00f1o y Estudios Urbanos","description":"Campus Lo Contador","potentialAction":[{"@type":"SearchAction","target":{"@type":"EntryPoint","urlTemplate":"https:\/\/fadeu.urantiacos.cl\/en\/?s={search_term_string}"},"query-input":{"@type":"PropertyValueSpecification","valueRequired":true,"valueName":"search_term_string"}}],"inLanguage":"en-US"},{"@type":"Person","@id":"https:\/\/fadeu.urantiacos.cl\/en\/#\/schema\/person\/d203e2e84b1c40275eac77b3061a19a2","name":"manadmin","image":{"@type":"ImageObject","inLanguage":"en-US","@id":"https:\/\/fadeu.urantiacos.cl\/en\/#\/schema\/person\/image\/","url":"https:\/\/secure.gravatar.com\/avatar\/4b1d8e3303b4a9d8968ac578947d8bc80d9aea359f388cdd4aac15cadc0e8447?s=96&d=mm&r=g","contentUrl":"https:\/\/secure.gravatar.com\/avatar\/4b1d8e3303b4a9d8968ac578947d8bc80d9aea359f388cdd4aac15cadc0e8447?s=96&d=mm&r=g","caption":"manadmin"},"sameAs":["https:\/\/fadeu.urantiacos.cl"]}]}},"_links":{"self":[{"href":"https:\/\/fadeu.urantiacos.cl\/en\/wp-json\/wp\/v2\/posts\/4458","targetHints":{"allow":["GET"]}}],"collection":[{"href":"https:\/\/fadeu.urantiacos.cl\/en\/wp-json\/wp\/v2\/posts"}],"about":[{"href":"https:\/\/fadeu.urantiacos.cl\/en\/wp-json\/wp\/v2\/types\/post"}],"author":[{"embeddable":true,"href":"https:\/\/fadeu.urantiacos.cl\/en\/wp-json\/wp\/v2\/users\/1"}],"replies":[{"embeddable":true,"href":"https:\/\/fadeu.urantiacos.cl\/en\/wp-json\/wp\/v2\/comments?post=4458"}],"version-history":[{"count":1,"href":"https:\/\/fadeu.urantiacos.cl\/en\/wp-json\/wp\/v2\/posts\/4458\/revisions"}],"predecessor-version":[{"id":4461,"href":"https:\/\/fadeu.urantiacos.cl\/en\/wp-json\/wp\/v2\/posts\/4458\/revisions\/4461"}],"wp:featuredmedia":[{"embeddable":true,"href":"https:\/\/fadeu.urantiacos.cl\/en\/wp-json\/wp\/v2\/media\/4459"}],"wp:attachment":[{"href":"https:\/\/fadeu.urantiacos.cl\/en\/wp-json\/wp\/v2\/media?parent=4458"}],"wp:term":[{"taxonomy":"category","embeddable":true,"href":"https:\/\/fadeu.urantiacos.cl\/en\/wp-json\/wp\/v2\/categories?post=4458"},{"taxonomy":"post_tag","embeddable":true,"href":"https:\/\/fadeu.urantiacos.cl\/en\/wp-json\/wp\/v2\/tags?post=4458"}],"curies":[{"name":"wp","href":"https:\/\/api.w.org\/{rel}","templated":true}]}}