{"id":4452,"date":"2022-08-01T23:56:00","date_gmt":"2022-08-02T02:56:00","guid":{"rendered":"https:\/\/fadeu.urantiacos.cl\/?p=4452"},"modified":"2023-09-04T00:06:51","modified_gmt":"2023-09-04T03:06:51","slug":"estudiantes-de-ensenanza-media-visitaron-el-campus-lo-contador-para-conocer-las-carreras-de-arquitectura-diseno-y-planificacion-urbana","status":"publish","type":"post","link":"https:\/\/fadeu.urantiacos.cl\/en\/2022\/08\/01\/estudiantes-de-ensenanza-media-visitaron-el-campus-lo-contador-para-conocer-las-carreras-de-arquitectura-diseno-y-planificacion-urbana\/","title":{"rendered":"Estudiantes de ense\u00f1anza media visitaron el campus Lo Contador para conocer las carreras de Arquitectura, Dise\u00f1o y Planificaci\u00f3n Urbana"},"content":{"rendered":"\n<figure class=\"wp-block-image size-full\"><img decoding=\"async\" width=\"350\" height=\"250\" src=\"https:\/\/fadeu.urantiacos.cl\/wp-content\/uploads\/2023\/09\/WEB_WhatsApp_Image_2022-08-01_at_11.38.54_AM_2.jpg\" alt=\"\" class=\"wp-image-4453\" srcset=\"https:\/\/fadeu.urantiacos.cl\/wp-content\/uploads\/2023\/09\/WEB_WhatsApp_Image_2022-08-01_at_11.38.54_AM_2.jpg 350w, https:\/\/fadeu.urantiacos.cl\/wp-content\/uploads\/2023\/09\/WEB_WhatsApp_Image_2022-08-01_at_11.38.54_AM_2-300x214.jpg 300w\" sizes=\"(max-width: 350px) 100vw, 350px\" \/><\/figure>\n\n\n\n<p>En el Campus Lo Contador, alrededor de 100 estudiantes llegaron para conocer la carrera de Arquitectura; 50 para el caso de Dise\u00f1o; y alrededor de 12 estudiantes para conocer el pregrado en Planificaci\u00f3n Urbana UC.<\/p>\n\n\n\n<p>En el caso de Arquitectura, para desarrollar las actividades de mejor manera, los participantes fueron divididos al azar en dos salas \u2014la Capilla y el Refectorio, espacios com\u00fanmente usados por los cursos de primer a\u00f1o\u2014 en donde fueron recibidos por autoridades y acad\u00e9micos de la escuela. Bajo la premisa de experimentar por un d\u00eda la disciplina, las charlas abordaron la mirada disciplinar y los diferentes desaf\u00edos que tienen y tendr\u00e1n los arquitectos en estos a\u00f1os.<\/p>\n\n\n\n<p>A su vez, el ejercicio pr\u00e1ctico del d\u00eda cont\u00f3 con una breve introducci\u00f3n al dibujo en la arquitectura y consisti\u00f3 en la realizaci\u00f3n de dos dibujos: primero uno en sala, en el que se les pidi\u00f3 dibujar un patio o plaza significativo que recordaran; y luego uno en terreno, donde debieron observar y dibujar uno de los patios del Campus Lo Contador. Una vez finalizados los dibujos, \u00e9stos se expusieron afuera de cada sala de la casona para ser vistos y comentados por el cuerpo docente y los mismos estudiantes. Por \u00faltimo, para la convivencia antes del tour, ambos grupos se unieron al centro del Patio de Los Naranjos y en torno a la p\u00e9rgola para poder conocerse y conversar, junto a los profesores, de forma m\u00e1s distendida.<\/p>\n\n\n\n<p>En el caso de Dise\u00f1o, los estudiantes exploraron las posibilidades que entrega la fabricaci\u00f3n digital a trav\u00e9s de la experimentaci\u00f3n con materiales en el FabHaus de Lo Contador, las tendencias de impresi\u00f3n an\u00e1loga del Taller de Prototipos Gr\u00e1ficos y la dimensi\u00f3n comunicativa del Dise\u00f1o en un taller a cargo del acad\u00e9mico Rodrigo Ram\u00edrez, en el que se desarrollaron tus habilidades sintetizando informaci\u00f3n a trav\u00e9s de los \u00edconos Guemil.<\/p>\n\n\n\n<p>Para el caso de Planificaci\u00f3n Urbana, los\/as estudiantes se reunieron con el profesor Kay Bergamini y participaron de la presentaci\u00f3n de un caso de taller, analizando el caso de Ventanas, analizando y respondiendo dudas sobre instrumentos de planificaci\u00f3n urbana, y se respondieron dudas espec\u00edficas sobre las v\u00edas de ingreso y modalidad de egreso.<\/p>\n\n\n\n<p>Recorrido<\/p>\n\n\n\n<p>Posteriormente, los estudiantes visitantes participaron de un recorrido final por las dependencias del campus Lo Contador, partiendo por la Casona, pasando por el Patio de Madera, la Biblioteca Lo Contador, el edificio de Dise\u00f1o y Estudios Urbanos, el Laboratorio de Materiales y Prototipos y el edificio de la escuela de Arquitectura.<\/p>\n\n\n\n<p>El recorrido fue acompa\u00f1ado por profesores de las escuelas y tambi\u00e9n por personal del Decanato de la Facultad de Arquitectura, Dise\u00f1o y Estudios Urbanos.<\/p>\n\n\n\n<figure class=\"wp-block-image size-large\"><img decoding=\"async\" width=\"1024\" height=\"768\" src=\"https:\/\/fadeu.urantiacos.cl\/wp-content\/uploads\/2023\/09\/WhatsApp_Image_2022-08-01_at_11.38.53_AM-1024x768.jpeg\" alt=\"\" class=\"wp-image-4454\" srcset=\"https:\/\/fadeu.urantiacos.cl\/wp-content\/uploads\/2023\/09\/WhatsApp_Image_2022-08-01_at_11.38.53_AM-1024x768.jpeg 1024w, https:\/\/fadeu.urantiacos.cl\/wp-content\/uploads\/2023\/09\/WhatsApp_Image_2022-08-01_at_11.38.53_AM-300x225.jpeg 300w, https:\/\/fadeu.urantiacos.cl\/wp-content\/uploads\/2023\/09\/WhatsApp_Image_2022-08-01_at_11.38.53_AM-768x576.jpeg 768w, https:\/\/fadeu.urantiacos.cl\/wp-content\/uploads\/2023\/09\/WhatsApp_Image_2022-08-01_at_11.38.53_AM.jpeg 1280w\" sizes=\"(max-width: 1024px) 100vw, 1024px\" \/><\/figure>\n\n\n\n<figure class=\"wp-block-image size-large\"><img decoding=\"async\" width=\"1024\" height=\"768\" src=\"https:\/\/fadeu.urantiacos.cl\/wp-content\/uploads\/2023\/09\/WhatsApp_Image_2022-08-01_at_11.38.54_AM_1-1024x768.jpeg\" alt=\"\" class=\"wp-image-4455\" srcset=\"https:\/\/fadeu.urantiacos.cl\/wp-content\/uploads\/2023\/09\/WhatsApp_Image_2022-08-01_at_11.38.54_AM_1-1024x768.jpeg 1024w, https:\/\/fadeu.urantiacos.cl\/wp-content\/uploads\/2023\/09\/WhatsApp_Image_2022-08-01_at_11.38.54_AM_1-300x225.jpeg 300w, https:\/\/fadeu.urantiacos.cl\/wp-content\/uploads\/2023\/09\/WhatsApp_Image_2022-08-01_at_11.38.54_AM_1-768x576.jpeg 768w, https:\/\/fadeu.urantiacos.cl\/wp-content\/uploads\/2023\/09\/WhatsApp_Image_2022-08-01_at_11.38.54_AM_1.jpeg 1280w\" sizes=\"(max-width: 1024px) 100vw, 1024px\" \/><\/figure>\n\n\n\n<figure class=\"wp-block-image size-large\"><img decoding=\"async\" width=\"1024\" height=\"768\" src=\"https:\/\/fadeu.urantiacos.cl\/wp-content\/uploads\/2023\/09\/WhatsApp_Image_2022-08-01_at_11.38.55_AM_1-1024x768.jpeg\" alt=\"\" class=\"wp-image-4456\" srcset=\"https:\/\/fadeu.urantiacos.cl\/wp-content\/uploads\/2023\/09\/WhatsApp_Image_2022-08-01_at_11.38.55_AM_1-1024x768.jpeg 1024w, https:\/\/fadeu.urantiacos.cl\/wp-content\/uploads\/2023\/09\/WhatsApp_Image_2022-08-01_at_11.38.55_AM_1-300x225.jpeg 300w, https:\/\/fadeu.urantiacos.cl\/wp-content\/uploads\/2023\/09\/WhatsApp_Image_2022-08-01_at_11.38.55_AM_1-768x576.jpeg 768w, https:\/\/fadeu.urantiacos.cl\/wp-content\/uploads\/2023\/09\/WhatsApp_Image_2022-08-01_at_11.38.55_AM_1.jpeg 1280w\" sizes=\"(max-width: 1024px) 100vw, 1024px\" \/><\/figure>\n\n\n\n<p>INFORMACI\u00d3N PERIOD\u00cdSTICA<br>JUAN ANDR\u00c9S INZUNZA\u00a0<\/p>\n","protected":false},"excerpt":{"rendered":"<p>\u201cNovato y Novata por un d\u00eda\u201d fue el nombre que recibi\u00f3 la iniciativa desarrollada por la Universidad Cat\u00f3lica, que convoc\u00f3 a estudiantes de ense\u00f1anza media (tercero y cuarto medio) a recorrer los campus y relacionarse vivencialmente con las materias propias de las disciplinas que buscan estudiar a futuro.<\/p>\n","protected":false},"author":1,"featured_media":4453,"comment_status":"open","ping_status":"open","sticky":false,"template":"","format":"standard","meta":{"_acf_changed":false,"footnotes":""},"categories":[1],"tags":[],"class_list":["post-4452","post","type-post","status-publish","format-standard","has-post-thumbnail","hentry","category-sin-categorizar"],"acf":[],"yoast_head":"<!-- This site is optimized with the Yoast SEO plugin v27.1.1 - https:\/\/yoast.com\/product\/yoast-seo-wordpress\/ -->\n<title>Estudiantes de ense\u00f1anza media visitaron el campus Lo Contador para conocer las carreras de Arquitectura, Dise\u00f1o y Planificaci\u00f3n Urbana - Facultad de Arquitectura, Dise\u00f1o y Estudios Urbanos<\/title>\n<meta name=\"description\" content=\"\u201cNovato y Novata por un d\u00eda\u201d fue el nombre que recibi\u00f3 la iniciativa desarrollada por la Universidad Cat\u00f3lica, que convoc\u00f3 a estudiantes de ense\u00f1anza media (tercero y cuarto medio) a recorrer los campus y relacionarse vivencialmente con las materias propias de las disciplinas que buscan estudiar a futuro.\" \/>\n<meta name=\"robots\" content=\"index, follow, max-snippet:-1, max-image-preview:large, max-video-preview:-1\" \/>\n<link rel=\"canonical\" href=\"https:\/\/fadeu.urantiacos.cl\/en\/2022\/08\/01\/estudiantes-de-ensenanza-media-visitaron-el-campus-lo-contador-para-conocer-las-carreras-de-arquitectura-diseno-y-planificacion-urbana\/\" \/>\n<meta property=\"og:locale\" content=\"en_US\" \/>\n<meta property=\"og:type\" content=\"article\" \/>\n<meta property=\"og:title\" content=\"Estudiantes de ense\u00f1anza media visitaron el campus Lo Contador para conocer las carreras de Arquitectura, Dise\u00f1o y Planificaci\u00f3n Urbana - Facultad de Arquitectura, Dise\u00f1o y Estudios Urbanos\" \/>\n<meta property=\"og:description\" content=\"\u201cNovato y Novata por un d\u00eda\u201d fue el nombre que recibi\u00f3 la iniciativa desarrollada por la Universidad Cat\u00f3lica, que convoc\u00f3 a estudiantes de ense\u00f1anza media (tercero y cuarto medio) a recorrer los campus y relacionarse vivencialmente con las materias propias de las disciplinas que buscan estudiar a futuro.\" \/>\n<meta property=\"og:url\" content=\"https:\/\/fadeu.urantiacos.cl\/en\/2022\/08\/01\/estudiantes-de-ensenanza-media-visitaron-el-campus-lo-contador-para-conocer-las-carreras-de-arquitectura-diseno-y-planificacion-urbana\/\" \/>\n<meta property=\"og:site_name\" content=\"Facultad de Arquitectura, Dise\u00f1o y Estudios Urbanos\" \/>\n<meta property=\"article:published_time\" content=\"2022-08-02T02:56:00+00:00\" \/>\n<meta property=\"article:modified_time\" content=\"2023-09-04T03:06:51+00:00\" \/>\n<meta property=\"og:image\" content=\"https:\/\/fadeu.urantiacos.cl\/wp-content\/uploads\/2023\/09\/WEB_WhatsApp_Image_2022-08-01_at_11.38.54_AM_2.jpg\" \/>\n\t<meta property=\"og:image:width\" content=\"350\" \/>\n\t<meta property=\"og:image:height\" content=\"250\" \/>\n\t<meta property=\"og:image:type\" content=\"image\/jpeg\" \/>\n<meta name=\"author\" content=\"manadmin\" \/>\n<meta name=\"twitter:card\" content=\"summary_large_image\" \/>\n<meta name=\"twitter:label1\" content=\"Written by\" \/>\n\t<meta name=\"twitter:data1\" content=\"manadmin\" \/>\n\t<meta name=\"twitter:label2\" content=\"Est. reading time\" \/>\n\t<meta name=\"twitter:data2\" content=\"2 minutes\" \/>\n<script type=\"application\/ld+json\" class=\"yoast-schema-graph\">{\"@context\":\"https:\/\/schema.org\",\"@graph\":[{\"@type\":\"Article\",\"@id\":\"https:\/\/fadeu.urantiacos.cl\/en\/2022\/08\/01\/estudiantes-de-ensenanza-media-visitaron-el-campus-lo-contador-para-conocer-las-carreras-de-arquitectura-diseno-y-planificacion-urbana\/#article\",\"isPartOf\":{\"@id\":\"https:\/\/fadeu.urantiacos.cl\/en\/2022\/08\/01\/estudiantes-de-ensenanza-media-visitaron-el-campus-lo-contador-para-conocer-las-carreras-de-arquitectura-diseno-y-planificacion-urbana\/\"},\"author\":{\"name\":\"manadmin\",\"@id\":\"https:\/\/fadeu.urantiacos.cl\/en\/#\/schema\/person\/d203e2e84b1c40275eac77b3061a19a2\"},\"headline\":\"Estudiantes de ense\u00f1anza media visitaron el campus Lo Contador para conocer las carreras de Arquitectura, Dise\u00f1o y Planificaci\u00f3n Urbana\",\"datePublished\":\"2022-08-02T02:56:00+00:00\",\"dateModified\":\"2023-09-04T03:06:51+00:00\",\"mainEntityOfPage\":{\"@id\":\"https:\/\/fadeu.urantiacos.cl\/en\/2022\/08\/01\/estudiantes-de-ensenanza-media-visitaron-el-campus-lo-contador-para-conocer-las-carreras-de-arquitectura-diseno-y-planificacion-urbana\/\"},\"wordCount\":499,\"commentCount\":0,\"image\":{\"@id\":\"https:\/\/fadeu.urantiacos.cl\/en\/2022\/08\/01\/estudiantes-de-ensenanza-media-visitaron-el-campus-lo-contador-para-conocer-las-carreras-de-arquitectura-diseno-y-planificacion-urbana\/#primaryimage\"},\"thumbnailUrl\":\"https:\/\/fadeu.urantiacos.cl\/wp-content\/uploads\/2023\/09\/WEB_WhatsApp_Image_2022-08-01_at_11.38.54_AM_2.jpg\",\"articleSection\":[\"Sin categorizar\"],\"inLanguage\":\"en-US\",\"potentialAction\":[{\"@type\":\"CommentAction\",\"name\":\"Comment\",\"target\":[\"https:\/\/fadeu.urantiacos.cl\/en\/2022\/08\/01\/estudiantes-de-ensenanza-media-visitaron-el-campus-lo-contador-para-conocer-las-carreras-de-arquitectura-diseno-y-planificacion-urbana\/#respond\"]}]},{\"@type\":\"WebPage\",\"@id\":\"https:\/\/fadeu.urantiacos.cl\/en\/2022\/08\/01\/estudiantes-de-ensenanza-media-visitaron-el-campus-lo-contador-para-conocer-las-carreras-de-arquitectura-diseno-y-planificacion-urbana\/\",\"url\":\"https:\/\/fadeu.urantiacos.cl\/en\/2022\/08\/01\/estudiantes-de-ensenanza-media-visitaron-el-campus-lo-contador-para-conocer-las-carreras-de-arquitectura-diseno-y-planificacion-urbana\/\",\"name\":\"Estudiantes de ense\u00f1anza media visitaron el campus Lo Contador para conocer las carreras de Arquitectura, Dise\u00f1o y Planificaci\u00f3n Urbana - Facultad de Arquitectura, Dise\u00f1o y Estudios Urbanos\",\"isPartOf\":{\"@id\":\"https:\/\/fadeu.urantiacos.cl\/en\/#website\"},\"primaryImageOfPage\":{\"@id\":\"https:\/\/fadeu.urantiacos.cl\/en\/2022\/08\/01\/estudiantes-de-ensenanza-media-visitaron-el-campus-lo-contador-para-conocer-las-carreras-de-arquitectura-diseno-y-planificacion-urbana\/#primaryimage\"},\"image\":{\"@id\":\"https:\/\/fadeu.urantiacos.cl\/en\/2022\/08\/01\/estudiantes-de-ensenanza-media-visitaron-el-campus-lo-contador-para-conocer-las-carreras-de-arquitectura-diseno-y-planificacion-urbana\/#primaryimage\"},\"thumbnailUrl\":\"https:\/\/fadeu.urantiacos.cl\/wp-content\/uploads\/2023\/09\/WEB_WhatsApp_Image_2022-08-01_at_11.38.54_AM_2.jpg\",\"datePublished\":\"2022-08-02T02:56:00+00:00\",\"dateModified\":\"2023-09-04T03:06:51+00:00\",\"author\":{\"@id\":\"https:\/\/fadeu.urantiacos.cl\/en\/#\/schema\/person\/d203e2e84b1c40275eac77b3061a19a2\"},\"description\":\"\u201cNovato y Novata por un d\u00eda\u201d fue el nombre que recibi\u00f3 la iniciativa desarrollada por la Universidad Cat\u00f3lica, que convoc\u00f3 a estudiantes de ense\u00f1anza media (tercero y cuarto medio) a recorrer los campus y relacionarse vivencialmente con las materias propias de las disciplinas que buscan estudiar a futuro.\",\"breadcrumb\":{\"@id\":\"https:\/\/fadeu.urantiacos.cl\/en\/2022\/08\/01\/estudiantes-de-ensenanza-media-visitaron-el-campus-lo-contador-para-conocer-las-carreras-de-arquitectura-diseno-y-planificacion-urbana\/#breadcrumb\"},\"inLanguage\":\"en-US\",\"potentialAction\":[{\"@type\":\"ReadAction\",\"target\":[\"https:\/\/fadeu.urantiacos.cl\/en\/2022\/08\/01\/estudiantes-de-ensenanza-media-visitaron-el-campus-lo-contador-para-conocer-las-carreras-de-arquitectura-diseno-y-planificacion-urbana\/\"]}]},{\"@type\":\"ImageObject\",\"inLanguage\":\"en-US\",\"@id\":\"https:\/\/fadeu.urantiacos.cl\/en\/2022\/08\/01\/estudiantes-de-ensenanza-media-visitaron-el-campus-lo-contador-para-conocer-las-carreras-de-arquitectura-diseno-y-planificacion-urbana\/#primaryimage\",\"url\":\"https:\/\/fadeu.urantiacos.cl\/wp-content\/uploads\/2023\/09\/WEB_WhatsApp_Image_2022-08-01_at_11.38.54_AM_2.jpg\",\"contentUrl\":\"https:\/\/fadeu.urantiacos.cl\/wp-content\/uploads\/2023\/09\/WEB_WhatsApp_Image_2022-08-01_at_11.38.54_AM_2.jpg\",\"width\":350,\"height\":250},{\"@type\":\"BreadcrumbList\",\"@id\":\"https:\/\/fadeu.urantiacos.cl\/en\/2022\/08\/01\/estudiantes-de-ensenanza-media-visitaron-el-campus-lo-contador-para-conocer-las-carreras-de-arquitectura-diseno-y-planificacion-urbana\/#breadcrumb\",\"itemListElement\":[{\"@type\":\"ListItem\",\"position\":1,\"name\":\"Portada\",\"item\":\"https:\/\/fadeu.urantiacos.cl\/en\/\"},{\"@type\":\"ListItem\",\"position\":2,\"name\":\"Estudiantes de ense\u00f1anza media visitaron el campus Lo Contador para conocer las carreras de Arquitectura, Dise\u00f1o y Planificaci\u00f3n Urbana\"}]},{\"@type\":\"WebSite\",\"@id\":\"https:\/\/fadeu.urantiacos.cl\/en\/#website\",\"url\":\"https:\/\/fadeu.urantiacos.cl\/en\/\",\"name\":\"Facultad de Arquitectura, Dise\u00f1o y Estudios Urbanos\",\"description\":\"Campus Lo Contador\",\"potentialAction\":[{\"@type\":\"SearchAction\",\"target\":{\"@type\":\"EntryPoint\",\"urlTemplate\":\"https:\/\/fadeu.urantiacos.cl\/en\/?s={search_term_string}\"},\"query-input\":{\"@type\":\"PropertyValueSpecification\",\"valueRequired\":true,\"valueName\":\"search_term_string\"}}],\"inLanguage\":\"en-US\"},{\"@type\":\"Person\",\"@id\":\"https:\/\/fadeu.urantiacos.cl\/en\/#\/schema\/person\/d203e2e84b1c40275eac77b3061a19a2\",\"name\":\"manadmin\",\"image\":{\"@type\":\"ImageObject\",\"inLanguage\":\"en-US\",\"@id\":\"https:\/\/fadeu.urantiacos.cl\/en\/#\/schema\/person\/image\/\",\"url\":\"https:\/\/secure.gravatar.com\/avatar\/4b1d8e3303b4a9d8968ac578947d8bc80d9aea359f388cdd4aac15cadc0e8447?s=96&d=mm&r=g\",\"contentUrl\":\"https:\/\/secure.gravatar.com\/avatar\/4b1d8e3303b4a9d8968ac578947d8bc80d9aea359f388cdd4aac15cadc0e8447?s=96&d=mm&r=g\",\"caption\":\"manadmin\"},\"sameAs\":[\"https:\/\/fadeu.urantiacos.cl\"]}]}<\/script>\n<!-- \/ Yoast SEO plugin. -->","yoast_head_json":{"title":"Estudiantes de ense\u00f1anza media visitaron el campus Lo Contador para conocer las carreras de Arquitectura, Dise\u00f1o y Planificaci\u00f3n Urbana - Facultad de Arquitectura, Dise\u00f1o y Estudios Urbanos","description":"\u201cNovato y Novata por un d\u00eda\u201d fue el nombre que recibi\u00f3 la iniciativa desarrollada por la Universidad Cat\u00f3lica, que convoc\u00f3 a estudiantes de ense\u00f1anza media (tercero y cuarto medio) a recorrer los campus y relacionarse vivencialmente con las materias propias de las disciplinas que buscan estudiar a futuro.","robots":{"index":"index","follow":"follow","max-snippet":"max-snippet:-1","max-image-preview":"max-image-preview:large","max-video-preview":"max-video-preview:-1"},"canonical":"https:\/\/fadeu.urantiacos.cl\/en\/2022\/08\/01\/estudiantes-de-ensenanza-media-visitaron-el-campus-lo-contador-para-conocer-las-carreras-de-arquitectura-diseno-y-planificacion-urbana\/","og_locale":"en_US","og_type":"article","og_title":"Estudiantes de ense\u00f1anza media visitaron el campus Lo Contador para conocer las carreras de Arquitectura, Dise\u00f1o y Planificaci\u00f3n Urbana - Facultad de Arquitectura, Dise\u00f1o y Estudios Urbanos","og_description":"\u201cNovato y Novata por un d\u00eda\u201d fue el nombre que recibi\u00f3 la iniciativa desarrollada por la Universidad Cat\u00f3lica, que convoc\u00f3 a estudiantes de ense\u00f1anza media (tercero y cuarto medio) a recorrer los campus y relacionarse vivencialmente con las materias propias de las disciplinas que buscan estudiar a futuro.","og_url":"https:\/\/fadeu.urantiacos.cl\/en\/2022\/08\/01\/estudiantes-de-ensenanza-media-visitaron-el-campus-lo-contador-para-conocer-las-carreras-de-arquitectura-diseno-y-planificacion-urbana\/","og_site_name":"Facultad de Arquitectura, Dise\u00f1o y Estudios Urbanos","article_published_time":"2022-08-02T02:56:00+00:00","article_modified_time":"2023-09-04T03:06:51+00:00","og_image":[{"width":350,"height":250,"url":"https:\/\/fadeu.urantiacos.cl\/wp-content\/uploads\/2023\/09\/WEB_WhatsApp_Image_2022-08-01_at_11.38.54_AM_2.jpg","type":"image\/jpeg"}],"author":"manadmin","twitter_card":"summary_large_image","twitter_misc":{"Written by":"manadmin","Est. reading time":"2 minutes"},"schema":{"@context":"https:\/\/schema.org","@graph":[{"@type":"Article","@id":"https:\/\/fadeu.urantiacos.cl\/en\/2022\/08\/01\/estudiantes-de-ensenanza-media-visitaron-el-campus-lo-contador-para-conocer-las-carreras-de-arquitectura-diseno-y-planificacion-urbana\/#article","isPartOf":{"@id":"https:\/\/fadeu.urantiacos.cl\/en\/2022\/08\/01\/estudiantes-de-ensenanza-media-visitaron-el-campus-lo-contador-para-conocer-las-carreras-de-arquitectura-diseno-y-planificacion-urbana\/"},"author":{"name":"manadmin","@id":"https:\/\/fadeu.urantiacos.cl\/en\/#\/schema\/person\/d203e2e84b1c40275eac77b3061a19a2"},"headline":"Estudiantes de ense\u00f1anza media visitaron el campus Lo Contador para conocer las carreras de Arquitectura, Dise\u00f1o y Planificaci\u00f3n Urbana","datePublished":"2022-08-02T02:56:00+00:00","dateModified":"2023-09-04T03:06:51+00:00","mainEntityOfPage":{"@id":"https:\/\/fadeu.urantiacos.cl\/en\/2022\/08\/01\/estudiantes-de-ensenanza-media-visitaron-el-campus-lo-contador-para-conocer-las-carreras-de-arquitectura-diseno-y-planificacion-urbana\/"},"wordCount":499,"commentCount":0,"image":{"@id":"https:\/\/fadeu.urantiacos.cl\/en\/2022\/08\/01\/estudiantes-de-ensenanza-media-visitaron-el-campus-lo-contador-para-conocer-las-carreras-de-arquitectura-diseno-y-planificacion-urbana\/#primaryimage"},"thumbnailUrl":"https:\/\/fadeu.urantiacos.cl\/wp-content\/uploads\/2023\/09\/WEB_WhatsApp_Image_2022-08-01_at_11.38.54_AM_2.jpg","articleSection":["Sin categorizar"],"inLanguage":"en-US","potentialAction":[{"@type":"CommentAction","name":"Comment","target":["https:\/\/fadeu.urantiacos.cl\/en\/2022\/08\/01\/estudiantes-de-ensenanza-media-visitaron-el-campus-lo-contador-para-conocer-las-carreras-de-arquitectura-diseno-y-planificacion-urbana\/#respond"]}]},{"@type":"WebPage","@id":"https:\/\/fadeu.urantiacos.cl\/en\/2022\/08\/01\/estudiantes-de-ensenanza-media-visitaron-el-campus-lo-contador-para-conocer-las-carreras-de-arquitectura-diseno-y-planificacion-urbana\/","url":"https:\/\/fadeu.urantiacos.cl\/en\/2022\/08\/01\/estudiantes-de-ensenanza-media-visitaron-el-campus-lo-contador-para-conocer-las-carreras-de-arquitectura-diseno-y-planificacion-urbana\/","name":"Estudiantes de ense\u00f1anza media visitaron el campus Lo Contador para conocer las carreras de Arquitectura, Dise\u00f1o y Planificaci\u00f3n Urbana - Facultad de Arquitectura, Dise\u00f1o y Estudios Urbanos","isPartOf":{"@id":"https:\/\/fadeu.urantiacos.cl\/en\/#website"},"primaryImageOfPage":{"@id":"https:\/\/fadeu.urantiacos.cl\/en\/2022\/08\/01\/estudiantes-de-ensenanza-media-visitaron-el-campus-lo-contador-para-conocer-las-carreras-de-arquitectura-diseno-y-planificacion-urbana\/#primaryimage"},"image":{"@id":"https:\/\/fadeu.urantiacos.cl\/en\/2022\/08\/01\/estudiantes-de-ensenanza-media-visitaron-el-campus-lo-contador-para-conocer-las-carreras-de-arquitectura-diseno-y-planificacion-urbana\/#primaryimage"},"thumbnailUrl":"https:\/\/fadeu.urantiacos.cl\/wp-content\/uploads\/2023\/09\/WEB_WhatsApp_Image_2022-08-01_at_11.38.54_AM_2.jpg","datePublished":"2022-08-02T02:56:00+00:00","dateModified":"2023-09-04T03:06:51+00:00","author":{"@id":"https:\/\/fadeu.urantiacos.cl\/en\/#\/schema\/person\/d203e2e84b1c40275eac77b3061a19a2"},"description":"\u201cNovato y Novata por un d\u00eda\u201d fue el nombre que recibi\u00f3 la iniciativa desarrollada por la Universidad Cat\u00f3lica, que convoc\u00f3 a estudiantes de ense\u00f1anza media (tercero y cuarto medio) a recorrer los campus y relacionarse vivencialmente con las materias propias de las disciplinas que buscan estudiar a futuro.","breadcrumb":{"@id":"https:\/\/fadeu.urantiacos.cl\/en\/2022\/08\/01\/estudiantes-de-ensenanza-media-visitaron-el-campus-lo-contador-para-conocer-las-carreras-de-arquitectura-diseno-y-planificacion-urbana\/#breadcrumb"},"inLanguage":"en-US","potentialAction":[{"@type":"ReadAction","target":["https:\/\/fadeu.urantiacos.cl\/en\/2022\/08\/01\/estudiantes-de-ensenanza-media-visitaron-el-campus-lo-contador-para-conocer-las-carreras-de-arquitectura-diseno-y-planificacion-urbana\/"]}]},{"@type":"ImageObject","inLanguage":"en-US","@id":"https:\/\/fadeu.urantiacos.cl\/en\/2022\/08\/01\/estudiantes-de-ensenanza-media-visitaron-el-campus-lo-contador-para-conocer-las-carreras-de-arquitectura-diseno-y-planificacion-urbana\/#primaryimage","url":"https:\/\/fadeu.urantiacos.cl\/wp-content\/uploads\/2023\/09\/WEB_WhatsApp_Image_2022-08-01_at_11.38.54_AM_2.jpg","contentUrl":"https:\/\/fadeu.urantiacos.cl\/wp-content\/uploads\/2023\/09\/WEB_WhatsApp_Image_2022-08-01_at_11.38.54_AM_2.jpg","width":350,"height":250},{"@type":"BreadcrumbList","@id":"https:\/\/fadeu.urantiacos.cl\/en\/2022\/08\/01\/estudiantes-de-ensenanza-media-visitaron-el-campus-lo-contador-para-conocer-las-carreras-de-arquitectura-diseno-y-planificacion-urbana\/#breadcrumb","itemListElement":[{"@type":"ListItem","position":1,"name":"Portada","item":"https:\/\/fadeu.urantiacos.cl\/en\/"},{"@type":"ListItem","position":2,"name":"Estudiantes de ense\u00f1anza media visitaron el campus Lo Contador para conocer las carreras de Arquitectura, Dise\u00f1o y Planificaci\u00f3n Urbana"}]},{"@type":"WebSite","@id":"https:\/\/fadeu.urantiacos.cl\/en\/#website","url":"https:\/\/fadeu.urantiacos.cl\/en\/","name":"Facultad de Arquitectura, Dise\u00f1o y Estudios Urbanos","description":"Campus Lo Contador","potentialAction":[{"@type":"SearchAction","target":{"@type":"EntryPoint","urlTemplate":"https:\/\/fadeu.urantiacos.cl\/en\/?s={search_term_string}"},"query-input":{"@type":"PropertyValueSpecification","valueRequired":true,"valueName":"search_term_string"}}],"inLanguage":"en-US"},{"@type":"Person","@id":"https:\/\/fadeu.urantiacos.cl\/en\/#\/schema\/person\/d203e2e84b1c40275eac77b3061a19a2","name":"manadmin","image":{"@type":"ImageObject","inLanguage":"en-US","@id":"https:\/\/fadeu.urantiacos.cl\/en\/#\/schema\/person\/image\/","url":"https:\/\/secure.gravatar.com\/avatar\/4b1d8e3303b4a9d8968ac578947d8bc80d9aea359f388cdd4aac15cadc0e8447?s=96&d=mm&r=g","contentUrl":"https:\/\/secure.gravatar.com\/avatar\/4b1d8e3303b4a9d8968ac578947d8bc80d9aea359f388cdd4aac15cadc0e8447?s=96&d=mm&r=g","caption":"manadmin"},"sameAs":["https:\/\/fadeu.urantiacos.cl"]}]}},"_links":{"self":[{"href":"https:\/\/fadeu.urantiacos.cl\/en\/wp-json\/wp\/v2\/posts\/4452","targetHints":{"allow":["GET"]}}],"collection":[{"href":"https:\/\/fadeu.urantiacos.cl\/en\/wp-json\/wp\/v2\/posts"}],"about":[{"href":"https:\/\/fadeu.urantiacos.cl\/en\/wp-json\/wp\/v2\/types\/post"}],"author":[{"embeddable":true,"href":"https:\/\/fadeu.urantiacos.cl\/en\/wp-json\/wp\/v2\/users\/1"}],"replies":[{"embeddable":true,"href":"https:\/\/fadeu.urantiacos.cl\/en\/wp-json\/wp\/v2\/comments?post=4452"}],"version-history":[{"count":1,"href":"https:\/\/fadeu.urantiacos.cl\/en\/wp-json\/wp\/v2\/posts\/4452\/revisions"}],"predecessor-version":[{"id":4457,"href":"https:\/\/fadeu.urantiacos.cl\/en\/wp-json\/wp\/v2\/posts\/4452\/revisions\/4457"}],"wp:featuredmedia":[{"embeddable":true,"href":"https:\/\/fadeu.urantiacos.cl\/en\/wp-json\/wp\/v2\/media\/4453"}],"wp:attachment":[{"href":"https:\/\/fadeu.urantiacos.cl\/en\/wp-json\/wp\/v2\/media?parent=4452"}],"wp:term":[{"taxonomy":"category","embeddable":true,"href":"https:\/\/fadeu.urantiacos.cl\/en\/wp-json\/wp\/v2\/categories?post=4452"},{"taxonomy":"post_tag","embeddable":true,"href":"https:\/\/fadeu.urantiacos.cl\/en\/wp-json\/wp\/v2\/tags?post=4452"}],"curies":[{"name":"wp","href":"https:\/\/api.w.org\/{rel}","templated":true}]}}