{"id":4448,"date":"2022-08-01T23:51:00","date_gmt":"2022-08-02T02:51:00","guid":{"rendered":"https:\/\/fadeu.urantiacos.cl\/?p=4448"},"modified":"2023-09-03T23:56:19","modified_gmt":"2023-09-04T02:56:19","slug":"profesor-giovanni-vecchio-fue-seleccionado-en-el-xix-concurso-de-investigacion-y-creacion-para-academicos","status":"publish","type":"post","link":"https:\/\/fadeu.urantiacos.cl\/en\/2022\/08\/01\/profesor-giovanni-vecchio-fue-seleccionado-en-el-xix-concurso-de-investigacion-y-creacion-para-academicos\/","title":{"rendered":"Profesor Giovanni Vecchio fue seleccionado en el XIX Concurso de Investigaci\u00f3n y Creaci\u00f3n para Acad\u00e9micos"},"content":{"rendered":"\n<figure class=\"wp-block-image size-full\"><img decoding=\"async\" width=\"350\" height=\"250\" src=\"https:\/\/fadeu.urantiacos.cl\/wp-content\/uploads\/2023\/09\/WEB_WhatsApp_Image_2022-08-01_at_11.44.08_AM.jpg\" alt=\"\" class=\"wp-image-4449\" srcset=\"https:\/\/fadeu.urantiacos.cl\/wp-content\/uploads\/2023\/09\/WEB_WhatsApp_Image_2022-08-01_at_11.44.08_AM.jpg 350w, https:\/\/fadeu.urantiacos.cl\/wp-content\/uploads\/2023\/09\/WEB_WhatsApp_Image_2022-08-01_at_11.44.08_AM-300x214.jpg 300w\" sizes=\"(max-width: 350px) 100vw, 350px\" \/><\/figure>\n\n\n\n<p>Esta versi\u00f3n del concurso busca incentivar a profesores universitarios, de la UC y otras instituciones de educaci\u00f3n superior \u2015chilenas y extranjeras\u2015, a contribuir con la misi\u00f3n evangelizadora, presentando proyectos originales de investigaci\u00f3n, orientados a la verdad, el bien com\u00fan y la belleza, en un camino de di\u00e1logo de fe y raz\u00f3n, para contribuir a la sociedad con una mirada cristiana.<\/p>\n\n\n\n<p>En una ceremonia realizada en el Centro de Extensi\u00f3n UC en la Alameda, se reconoci\u00f3 a los acad\u00e9micos que lideran los proyectos de investigaci\u00f3n adjudicados&nbsp; y sus equipos.<\/p>\n\n\n\n<p>En la ocasi\u00f3n, el rector Ignacio S\u00e1nchez felicit\u00f3 a los acad\u00e9micos que dedican su tiempo a realizar investigaci\u00f3n con un sello marcado por el rol evangelizador de la UC: \u201cEste es un concurso especial en donde la fe es el centro de la investigaci\u00f3n y reflexi\u00f3n. Quiero destacar lo que hace la Pastoral pero tambi\u00e9n lo que se promueve desde las vicerrector\u00edas. Adem\u00e1s, es importante recordar el rol del jurado. Son aportes an\u00f3nimos de personas que tuvieron que destinar horas de trabajo en la tarde, noche o el fin de semana. Muchas veces en lo an\u00f3nimo est\u00e1 el reflejo del trabajo acad\u00e9mico. Para ese jurado, un agradecimiento muy especial\u201d,<\/p>\n\n\n\n<p>La vicerrectora de Asuntos Internacionales, Lilian Ferrer, detall\u00f3 la participaci\u00f3n de otras instituciones nacionales y extranjeras: \u201cSe recibieron 24 propuestas, participando en el proceso 45 investigadores UC, 23 en calidad de investigadores responsables y 22 como coinvestigadores. Dentro de los equipos hubo 20 investigadores de otras universidades chilenas y 15 de otras universidades internacionales. Estamos muy contentos por eso\u201d.<\/p>\n\n\n\n<p>Se invit\u00f3 a conformar equipos de investigaci\u00f3n y\/o creaci\u00f3n en dos modalidades: a nivel nacional, incorporando a los equipos a acad\u00e9micos de otras universidades chilenas en calidad de co-investigadores, y a nivel internacional, incorporando a los equipos a acad\u00e9micos de otras universidades extranjeras. Con esta invitaci\u00f3n se busc\u00f3 la colaboraci\u00f3n en torno a la actividad de investigaci\u00f3n y\/o creaci\u00f3n.<\/p>\n\n\n\n<p><strong>FADEU<\/strong><\/p>\n\n\n\n<p>En el caso de la Facultad de Arquitectura, Dise\u00f1o y Estudios Urbanos (FADEU) el profesor del Instituto de Estudios Urbanos y Territoriales, Giovanni Vecchio, se adjudic\u00f3 el concurso con la iniciativa Ciudadan\u00eda para la fraternidad: el potencial de las iniciativas ciudadanas para el cuidado de barrios y comunidades vulnerables, en la Categor\u00eda Internacional.<\/p>\n\n\n\n<p><strong>Iniciativa<\/strong><\/p>\n\n\n\n<p>En contextos que, a nivel social y espacial, est\u00e1n viviendo fuertes transformaciones que ponen en riesgo la cohesi\u00f3n social en su interior, las iniciativas que a trav\u00e9s de la participaci\u00f3n ciudadana fomentan el cuidado del entorno en donde se habita pueden fortalecer tambi\u00e9n las relaciones al interior de la comunidad. Desde la perspectiva de la fraternidad, este proyecto explora el potencial de iniciativas ciudadanas para contrastar la vulnerabilidad de un contexto. El proyecto se enfocar\u00e1 en NNA del barrio Yungay de Santiago, involucrados en la realizaci\u00f3n de microproyectos de intervenci\u00f3n en la comunidad, finalizados a cuidar el patrimonio intercultural &#8211; material e inmaterial &#8211; del barrio.&nbsp;<\/p>\n\n\n\n<p>Considerando la interdependencia entre cuidado de las personas y de los lugares, el proyecto propone explorar cu\u00e1l es el impacto que iniciativas ciudadanas pueden tener en disminuir la vulnerabilidad de un contexto, haciendo que los miembros de grupos vulnerables que habitan un determinado lugar se reconozcan como iguales y, as\u00ed, se fortalezcan cohesi\u00f3n social y sentido de pertenencia. Partiendo por la fraternidad como elemento que puede fortalecer las relaciones y que a su vez puede ser alimentado por la participaci\u00f3n ciudadana, el proyecto promueve la participaci\u00f3n de NNA del barrio Yungay de Santiago en microproyectos de intervenci\u00f3n en la comunidad, evaluando los niveles de cohesi\u00f3n social internos al grupo y el sentido de pertenencia al barrio antes y despu\u00e9s de la realizaci\u00f3n de la intervenci\u00f3n. Los proyectos se enfocar\u00edan en el cuidado del patrimonio intercultural del barrio, compuesto no solo por el patrimonio material, sino tambi\u00e9n por el patrimonio inmaterial asociado a las comunidades migrantes que ah\u00ed residen. El proyecto propone dar luces sobre las formas m\u00e1s efectivas para fortalecer la cohesi\u00f3n social a nivel barrial y fomentar la participaci\u00f3n ciudadana desde edades tempranas como forma de contraste a la vulnerabilidad del contexto, proponiendo dar una aplicaci\u00f3n concreta a la fraternidad como categor\u00eda pol\u00edtica y de acci\u00f3n social &#8211; enfoc\u00e1ndose, en este caso, en el cuidado y la valorizaci\u00f3n del patrimonio cultural e intercultural presente en su barrio.<\/p>\n\n\n\n<p><strong>Giovanni Vecchio<\/strong><\/p>\n\n\n\n<p>PhD en Planificaci\u00f3n, Dise\u00f1o y Pol\u00edticas Urbanas del Politecnico di Milano, 2018; Magister (2014); y licenciado (2011) en Planificaci\u00f3n Urbana por el Politecnico di Milano. Giovanni Vecchio es profesor asistente del Instituto de Estudios Urbanos y Territoriales, e investigador del Centro de Desarrollo Urbano Sustentable (CEDEUS).<\/p>\n\n\n\n<p>Su trabajo se enfoca en las implicaciones sociales de la planificaci\u00f3n territorial, especialmente en el campo de la movilidad urbana, en relaci\u00f3n con desigualdades socio-espaciales, su impacto en el desarrollo humano y pol\u00edticas para ciudades incluyentes. Tambi\u00e9n colabora con el Centro de Desarrollo Urbano Sustentable (Cedeus), en proyectos vinculados a movilidad justa y sustentable en las ciudades chilenas. Ha desarrollado trabajos en universidades de Italia, Holanda, Colombia y Ecuador, adem\u00e1s de participar como investigador en diferentes proyectos nacionales e internacionales.<\/p>\n\n\n\n<p>&nbsp;Otras iniciativas premiadas, en la Categor\u00eda Nacional, fueron:<\/p>\n\n\n\n<p>\u25cf&nbsp;&nbsp;&nbsp;&nbsp;&nbsp; \u00bfC\u00f3mo se entiende en las escuelas cat\u00f3licas el \u00e9xito y el fracaso? Hacia una comprensi\u00f3n de las nuevas significaciones del logro escolar.<\/p>\n\n\n\n<p>Equipo Nacional liderado por Patricia Imbarack, Facultad de Educaci\u00f3n.<\/p>\n\n\n\n<p>\u25cf&nbsp;&nbsp;&nbsp;&nbsp;&nbsp; \u00bfQu\u00e9 aprendemos de la vida cuando la muerte llega a la escuela? Hacia una comprensi\u00f3n de los significados de la vida que elaboran los j\u00f3venes ante la muerte de un integrante de la comunidad escolar.<\/p>\n\n\n\n<p>Equipo Nacional liderado por Guillermo Zamora, Facultad de Educaci\u00f3n.<\/p>\n\n\n\n<p>\u25cf&nbsp;&nbsp;&nbsp;&nbsp;&nbsp; Derecho del ni\u00f1o y de la ni\u00f1a a ser o\u00eddo: condiciones m\u00ednimas para la debida integraci\u00f3n de los ni\u00f1os migrantes.<\/p>\n\n\n\n<p>Equipo Nacional liderado por Carmen Dom\u00ednguez, Facultad de Derecho.<\/p>\n\n\n\n<p>\u25cf&nbsp;&nbsp;&nbsp;&nbsp;&nbsp; Diagn\u00f3stico para el desarrollo de una ecolog\u00eda integral en el Bien Nacional Protegido y Aduana Desembocadura del R\u00edo Loa, I-II R, Chile.<\/p>\n\n\n\n<p>Equipo Nacional liderado por Virginia McRostie, Escuela de Antropolog\u00eda.<\/p>\n\n\n\n<p>\u25cf&nbsp;&nbsp;&nbsp;&nbsp;&nbsp; Empat\u00eda, encuentro humano y comunidad.<\/p>\n\n\n\n<p>Equipo Nacional liderado por Carlos Cornejo, Escuela de Psicolog\u00eda.<\/p>\n\n\n\n<p>\u25cf&nbsp;&nbsp;&nbsp;&nbsp;&nbsp; Hacia la edici\u00f3n cr\u00edtica de las obras de Santa Teresa de los Andes (I parte: Diario y apuntes personales).<\/p>\n\n\n\n<p>Equipo Nacional liderado por Haddy Bello, Facultad de Teolog\u00eda.<\/p>\n\n\n\n<p>\u25cf&nbsp;&nbsp;&nbsp;&nbsp;&nbsp; Prevenci\u00f3n de trastornos psicol\u00f3gicos en pacientes hospitalizados en la Unidad de Cuidados Intensivos a trav\u00e9s de la implementaci\u00f3n de una Estrategia de Cuidado Espiritual.<\/p>\n\n\n\n<p>Equipo Nacional liderado por Paula Repetto, Escuela de Psicolog\u00eda.&nbsp;<\/p>\n\n\n\n<p>\u25cf&nbsp;&nbsp;&nbsp;&nbsp;&nbsp; Procesos de cambio en las intervenciones social-cl\u00ednicas que realizan los trabajadores sociales en casos de abuso sexual infantil.<\/p>\n\n\n\n<p>Equipo Nacional liderado por Nicolle Alamo, Escuela de Trabajo Social.<br><\/p>\n\n\n\n<p>Mientras, en la Categor\u00eda Internacional, adem\u00e1s del proyecto del profesor Vecchio, destac\u00f3:<\/p>\n\n\n\n<p>\u25cf&nbsp;&nbsp;&nbsp;&nbsp;&nbsp; Desafiliaci\u00f3n y espiritualidad en contexto de la secularizaci\u00f3n en Chile actual.<\/p>\n\n\n\n<p>Equipo Internacional liderado por Eduardo Valenzuela, Instituto de Sociolog\u00eda.<\/p>\n\n\n\n<figure class=\"wp-block-image size-full\"><img decoding=\"async\" width=\"700\" height=\"532\" src=\"https:\/\/fadeu.urantiacos.cl\/wp-content\/uploads\/2023\/09\/WhatsApp_Image_2022-08-01_at_11.44.08_AM.jpeg\" alt=\"\" class=\"wp-image-4450\" srcset=\"https:\/\/fadeu.urantiacos.cl\/wp-content\/uploads\/2023\/09\/WhatsApp_Image_2022-08-01_at_11.44.08_AM.jpeg 700w, https:\/\/fadeu.urantiacos.cl\/wp-content\/uploads\/2023\/09\/WhatsApp_Image_2022-08-01_at_11.44.08_AM-300x228.jpeg 300w\" sizes=\"(max-width: 700px) 100vw, 700px\" \/><\/figure>\n\n\n\n<p>INFORMACI\u00d3N PERIOD\u00cdSTICA<br>JUAN ANDR\u00c9S INZUNZA<\/p>\n","protected":false},"excerpt":{"rendered":"<p>La Direcci\u00f3n de Pastoral y Cultura Cristiana, en conjunto con las Vicerrector\u00edas de Investigaci\u00f3n y Asuntos Internacionales, dieron a conocer los nombres de los 10 proyectos que se adjudicaron los fondos del XIX Concurso de Investigaci\u00f3n y Creaci\u00f3n para Acad\u00e9micos, convocatoria que busc\u00f3 promover la cooperaci\u00f3n hacia proyectos de investigaci\u00f3n o creaci\u00f3n en torno a problem\u00e1ticas actuales de Latinoam\u00e9rica a la luz de la fe.  <\/p>\n","protected":false},"author":1,"featured_media":4449,"comment_status":"open","ping_status":"open","sticky":false,"template":"","format":"standard","meta":{"_acf_changed":false,"footnotes":""},"categories":[1],"tags":[],"class_list":["post-4448","post","type-post","status-publish","format-standard","has-post-thumbnail","hentry","category-sin-categorizar"],"acf":[],"yoast_head":"<!-- This site is optimized with the Yoast SEO plugin v27.1.1 - https:\/\/yoast.com\/product\/yoast-seo-wordpress\/ -->\n<title>Profesor Giovanni Vecchio fue seleccionado en el XIX Concurso de Investigaci\u00f3n y Creaci\u00f3n para Acad\u00e9micos - Facultad de Arquitectura, Dise\u00f1o y Estudios Urbanos<\/title>\n<meta name=\"description\" content=\"La Direcci\u00f3n de Pastoral y Cultura Cristiana, en conjunto con las Vicerrector\u00edas de Investigaci\u00f3n y Asuntos Internacionales, dieron a conocer los nombres de los 10 proyectos que se adjudicaron los fondos del XIX Concurso de Investigaci\u00f3n y Creaci\u00f3n para Acad\u00e9micos, convocatoria que busc\u00f3 promover la cooperaci\u00f3n hacia proyectos de investigaci\u00f3n o creaci\u00f3n en torno a problem\u00e1ticas actuales de Latinoam\u00e9rica a la luz de la fe.\" \/>\n<meta name=\"robots\" content=\"index, follow, max-snippet:-1, max-image-preview:large, max-video-preview:-1\" \/>\n<link rel=\"canonical\" href=\"https:\/\/fadeu.urantiacos.cl\/en\/2022\/08\/01\/profesor-giovanni-vecchio-fue-seleccionado-en-el-xix-concurso-de-investigacion-y-creacion-para-academicos\/\" \/>\n<meta property=\"og:locale\" content=\"en_US\" \/>\n<meta property=\"og:type\" content=\"article\" \/>\n<meta property=\"og:title\" content=\"Profesor Giovanni Vecchio fue seleccionado en el XIX Concurso de Investigaci\u00f3n y Creaci\u00f3n para Acad\u00e9micos - Facultad de Arquitectura, Dise\u00f1o y Estudios Urbanos\" \/>\n<meta property=\"og:description\" content=\"La Direcci\u00f3n de Pastoral y Cultura Cristiana, en conjunto con las Vicerrector\u00edas de Investigaci\u00f3n y Asuntos Internacionales, dieron a conocer los nombres de los 10 proyectos que se adjudicaron los fondos del XIX Concurso de Investigaci\u00f3n y Creaci\u00f3n para Acad\u00e9micos, convocatoria que busc\u00f3 promover la cooperaci\u00f3n hacia proyectos de investigaci\u00f3n o creaci\u00f3n en torno a problem\u00e1ticas actuales de Latinoam\u00e9rica a la luz de la fe.\" \/>\n<meta property=\"og:url\" content=\"https:\/\/fadeu.urantiacos.cl\/en\/2022\/08\/01\/profesor-giovanni-vecchio-fue-seleccionado-en-el-xix-concurso-de-investigacion-y-creacion-para-academicos\/\" \/>\n<meta property=\"og:site_name\" content=\"Facultad de Arquitectura, Dise\u00f1o y Estudios Urbanos\" \/>\n<meta property=\"article:published_time\" content=\"2022-08-02T02:51:00+00:00\" \/>\n<meta property=\"article:modified_time\" content=\"2023-09-04T02:56:19+00:00\" \/>\n<meta property=\"og:image\" content=\"https:\/\/fadeu.urantiacos.cl\/wp-content\/uploads\/2023\/09\/WEB_WhatsApp_Image_2022-08-01_at_11.44.08_AM.jpg\" \/>\n\t<meta property=\"og:image:width\" content=\"350\" \/>\n\t<meta property=\"og:image:height\" content=\"250\" \/>\n\t<meta property=\"og:image:type\" content=\"image\/jpeg\" \/>\n<meta name=\"author\" content=\"manadmin\" \/>\n<meta name=\"twitter:card\" content=\"summary_large_image\" \/>\n<meta name=\"twitter:label1\" content=\"Written by\" \/>\n\t<meta name=\"twitter:data1\" content=\"manadmin\" \/>\n\t<meta name=\"twitter:label2\" content=\"Est. reading time\" \/>\n\t<meta name=\"twitter:data2\" content=\"6 minutes\" \/>\n<script type=\"application\/ld+json\" class=\"yoast-schema-graph\">{\"@context\":\"https:\/\/schema.org\",\"@graph\":[{\"@type\":\"Article\",\"@id\":\"https:\/\/fadeu.urantiacos.cl\/en\/2022\/08\/01\/profesor-giovanni-vecchio-fue-seleccionado-en-el-xix-concurso-de-investigacion-y-creacion-para-academicos\/#article\",\"isPartOf\":{\"@id\":\"https:\/\/fadeu.urantiacos.cl\/en\/2022\/08\/01\/profesor-giovanni-vecchio-fue-seleccionado-en-el-xix-concurso-de-investigacion-y-creacion-para-academicos\/\"},\"author\":{\"name\":\"manadmin\",\"@id\":\"https:\/\/fadeu.urantiacos.cl\/en\/#\/schema\/person\/d203e2e84b1c40275eac77b3061a19a2\"},\"headline\":\"Profesor Giovanni Vecchio fue seleccionado en el XIX Concurso de Investigaci\u00f3n y Creaci\u00f3n para Acad\u00e9micos\",\"datePublished\":\"2022-08-02T02:51:00+00:00\",\"dateModified\":\"2023-09-04T02:56:19+00:00\",\"mainEntityOfPage\":{\"@id\":\"https:\/\/fadeu.urantiacos.cl\/en\/2022\/08\/01\/profesor-giovanni-vecchio-fue-seleccionado-en-el-xix-concurso-de-investigacion-y-creacion-para-academicos\/\"},\"wordCount\":1282,\"commentCount\":0,\"image\":{\"@id\":\"https:\/\/fadeu.urantiacos.cl\/en\/2022\/08\/01\/profesor-giovanni-vecchio-fue-seleccionado-en-el-xix-concurso-de-investigacion-y-creacion-para-academicos\/#primaryimage\"},\"thumbnailUrl\":\"https:\/\/fadeu.urantiacos.cl\/wp-content\/uploads\/2023\/09\/WEB_WhatsApp_Image_2022-08-01_at_11.44.08_AM.jpg\",\"articleSection\":[\"Sin categorizar\"],\"inLanguage\":\"en-US\",\"potentialAction\":[{\"@type\":\"CommentAction\",\"name\":\"Comment\",\"target\":[\"https:\/\/fadeu.urantiacos.cl\/en\/2022\/08\/01\/profesor-giovanni-vecchio-fue-seleccionado-en-el-xix-concurso-de-investigacion-y-creacion-para-academicos\/#respond\"]}]},{\"@type\":\"WebPage\",\"@id\":\"https:\/\/fadeu.urantiacos.cl\/en\/2022\/08\/01\/profesor-giovanni-vecchio-fue-seleccionado-en-el-xix-concurso-de-investigacion-y-creacion-para-academicos\/\",\"url\":\"https:\/\/fadeu.urantiacos.cl\/en\/2022\/08\/01\/profesor-giovanni-vecchio-fue-seleccionado-en-el-xix-concurso-de-investigacion-y-creacion-para-academicos\/\",\"name\":\"Profesor Giovanni Vecchio fue seleccionado en el XIX Concurso de Investigaci\u00f3n y Creaci\u00f3n para Acad\u00e9micos - Facultad de Arquitectura, Dise\u00f1o y Estudios Urbanos\",\"isPartOf\":{\"@id\":\"https:\/\/fadeu.urantiacos.cl\/en\/#website\"},\"primaryImageOfPage\":{\"@id\":\"https:\/\/fadeu.urantiacos.cl\/en\/2022\/08\/01\/profesor-giovanni-vecchio-fue-seleccionado-en-el-xix-concurso-de-investigacion-y-creacion-para-academicos\/#primaryimage\"},\"image\":{\"@id\":\"https:\/\/fadeu.urantiacos.cl\/en\/2022\/08\/01\/profesor-giovanni-vecchio-fue-seleccionado-en-el-xix-concurso-de-investigacion-y-creacion-para-academicos\/#primaryimage\"},\"thumbnailUrl\":\"https:\/\/fadeu.urantiacos.cl\/wp-content\/uploads\/2023\/09\/WEB_WhatsApp_Image_2022-08-01_at_11.44.08_AM.jpg\",\"datePublished\":\"2022-08-02T02:51:00+00:00\",\"dateModified\":\"2023-09-04T02:56:19+00:00\",\"author\":{\"@id\":\"https:\/\/fadeu.urantiacos.cl\/en\/#\/schema\/person\/d203e2e84b1c40275eac77b3061a19a2\"},\"description\":\"La Direcci\u00f3n de Pastoral y Cultura Cristiana, en conjunto con las Vicerrector\u00edas de Investigaci\u00f3n y Asuntos Internacionales, dieron a conocer los nombres de los 10 proyectos que se adjudicaron los fondos del XIX Concurso de Investigaci\u00f3n y Creaci\u00f3n para Acad\u00e9micos, convocatoria que busc\u00f3 promover la cooperaci\u00f3n hacia proyectos de investigaci\u00f3n o creaci\u00f3n en torno a problem\u00e1ticas actuales de Latinoam\u00e9rica a la luz de la fe.\",\"breadcrumb\":{\"@id\":\"https:\/\/fadeu.urantiacos.cl\/en\/2022\/08\/01\/profesor-giovanni-vecchio-fue-seleccionado-en-el-xix-concurso-de-investigacion-y-creacion-para-academicos\/#breadcrumb\"},\"inLanguage\":\"en-US\",\"potentialAction\":[{\"@type\":\"ReadAction\",\"target\":[\"https:\/\/fadeu.urantiacos.cl\/en\/2022\/08\/01\/profesor-giovanni-vecchio-fue-seleccionado-en-el-xix-concurso-de-investigacion-y-creacion-para-academicos\/\"]}]},{\"@type\":\"ImageObject\",\"inLanguage\":\"en-US\",\"@id\":\"https:\/\/fadeu.urantiacos.cl\/en\/2022\/08\/01\/profesor-giovanni-vecchio-fue-seleccionado-en-el-xix-concurso-de-investigacion-y-creacion-para-academicos\/#primaryimage\",\"url\":\"https:\/\/fadeu.urantiacos.cl\/wp-content\/uploads\/2023\/09\/WEB_WhatsApp_Image_2022-08-01_at_11.44.08_AM.jpg\",\"contentUrl\":\"https:\/\/fadeu.urantiacos.cl\/wp-content\/uploads\/2023\/09\/WEB_WhatsApp_Image_2022-08-01_at_11.44.08_AM.jpg\",\"width\":350,\"height\":250},{\"@type\":\"BreadcrumbList\",\"@id\":\"https:\/\/fadeu.urantiacos.cl\/en\/2022\/08\/01\/profesor-giovanni-vecchio-fue-seleccionado-en-el-xix-concurso-de-investigacion-y-creacion-para-academicos\/#breadcrumb\",\"itemListElement\":[{\"@type\":\"ListItem\",\"position\":1,\"name\":\"Portada\",\"item\":\"https:\/\/fadeu.urantiacos.cl\/en\/\"},{\"@type\":\"ListItem\",\"position\":2,\"name\":\"Profesor Giovanni Vecchio fue seleccionado en el XIX Concurso de Investigaci\u00f3n y Creaci\u00f3n para Acad\u00e9micos\"}]},{\"@type\":\"WebSite\",\"@id\":\"https:\/\/fadeu.urantiacos.cl\/en\/#website\",\"url\":\"https:\/\/fadeu.urantiacos.cl\/en\/\",\"name\":\"Facultad de Arquitectura, Dise\u00f1o y Estudios Urbanos\",\"description\":\"Campus Lo Contador\",\"potentialAction\":[{\"@type\":\"SearchAction\",\"target\":{\"@type\":\"EntryPoint\",\"urlTemplate\":\"https:\/\/fadeu.urantiacos.cl\/en\/?s={search_term_string}\"},\"query-input\":{\"@type\":\"PropertyValueSpecification\",\"valueRequired\":true,\"valueName\":\"search_term_string\"}}],\"inLanguage\":\"en-US\"},{\"@type\":\"Person\",\"@id\":\"https:\/\/fadeu.urantiacos.cl\/en\/#\/schema\/person\/d203e2e84b1c40275eac77b3061a19a2\",\"name\":\"manadmin\",\"image\":{\"@type\":\"ImageObject\",\"inLanguage\":\"en-US\",\"@id\":\"https:\/\/fadeu.urantiacos.cl\/en\/#\/schema\/person\/image\/\",\"url\":\"https:\/\/secure.gravatar.com\/avatar\/4b1d8e3303b4a9d8968ac578947d8bc80d9aea359f388cdd4aac15cadc0e8447?s=96&d=mm&r=g\",\"contentUrl\":\"https:\/\/secure.gravatar.com\/avatar\/4b1d8e3303b4a9d8968ac578947d8bc80d9aea359f388cdd4aac15cadc0e8447?s=96&d=mm&r=g\",\"caption\":\"manadmin\"},\"sameAs\":[\"https:\/\/fadeu.urantiacos.cl\"]}]}<\/script>\n<!-- \/ Yoast SEO plugin. -->","yoast_head_json":{"title":"Profesor Giovanni Vecchio fue seleccionado en el XIX Concurso de Investigaci\u00f3n y Creaci\u00f3n para Acad\u00e9micos - Facultad de Arquitectura, Dise\u00f1o y Estudios Urbanos","description":"La Direcci\u00f3n de Pastoral y Cultura Cristiana, en conjunto con las Vicerrector\u00edas de Investigaci\u00f3n y Asuntos Internacionales, dieron a conocer los nombres de los 10 proyectos que se adjudicaron los fondos del XIX Concurso de Investigaci\u00f3n y Creaci\u00f3n para Acad\u00e9micos, convocatoria que busc\u00f3 promover la cooperaci\u00f3n hacia proyectos de investigaci\u00f3n o creaci\u00f3n en torno a problem\u00e1ticas actuales de Latinoam\u00e9rica a la luz de la fe.","robots":{"index":"index","follow":"follow","max-snippet":"max-snippet:-1","max-image-preview":"max-image-preview:large","max-video-preview":"max-video-preview:-1"},"canonical":"https:\/\/fadeu.urantiacos.cl\/en\/2022\/08\/01\/profesor-giovanni-vecchio-fue-seleccionado-en-el-xix-concurso-de-investigacion-y-creacion-para-academicos\/","og_locale":"en_US","og_type":"article","og_title":"Profesor Giovanni Vecchio fue seleccionado en el XIX Concurso de Investigaci\u00f3n y Creaci\u00f3n para Acad\u00e9micos - Facultad de Arquitectura, Dise\u00f1o y Estudios Urbanos","og_description":"La Direcci\u00f3n de Pastoral y Cultura Cristiana, en conjunto con las Vicerrector\u00edas de Investigaci\u00f3n y Asuntos Internacionales, dieron a conocer los nombres de los 10 proyectos que se adjudicaron los fondos del XIX Concurso de Investigaci\u00f3n y Creaci\u00f3n para Acad\u00e9micos, convocatoria que busc\u00f3 promover la cooperaci\u00f3n hacia proyectos de investigaci\u00f3n o creaci\u00f3n en torno a problem\u00e1ticas actuales de Latinoam\u00e9rica a la luz de la fe.","og_url":"https:\/\/fadeu.urantiacos.cl\/en\/2022\/08\/01\/profesor-giovanni-vecchio-fue-seleccionado-en-el-xix-concurso-de-investigacion-y-creacion-para-academicos\/","og_site_name":"Facultad de Arquitectura, Dise\u00f1o y Estudios Urbanos","article_published_time":"2022-08-02T02:51:00+00:00","article_modified_time":"2023-09-04T02:56:19+00:00","og_image":[{"width":350,"height":250,"url":"https:\/\/fadeu.urantiacos.cl\/wp-content\/uploads\/2023\/09\/WEB_WhatsApp_Image_2022-08-01_at_11.44.08_AM.jpg","type":"image\/jpeg"}],"author":"manadmin","twitter_card":"summary_large_image","twitter_misc":{"Written by":"manadmin","Est. reading time":"6 minutes"},"schema":{"@context":"https:\/\/schema.org","@graph":[{"@type":"Article","@id":"https:\/\/fadeu.urantiacos.cl\/en\/2022\/08\/01\/profesor-giovanni-vecchio-fue-seleccionado-en-el-xix-concurso-de-investigacion-y-creacion-para-academicos\/#article","isPartOf":{"@id":"https:\/\/fadeu.urantiacos.cl\/en\/2022\/08\/01\/profesor-giovanni-vecchio-fue-seleccionado-en-el-xix-concurso-de-investigacion-y-creacion-para-academicos\/"},"author":{"name":"manadmin","@id":"https:\/\/fadeu.urantiacos.cl\/en\/#\/schema\/person\/d203e2e84b1c40275eac77b3061a19a2"},"headline":"Profesor Giovanni Vecchio fue seleccionado en el XIX Concurso de Investigaci\u00f3n y Creaci\u00f3n para Acad\u00e9micos","datePublished":"2022-08-02T02:51:00+00:00","dateModified":"2023-09-04T02:56:19+00:00","mainEntityOfPage":{"@id":"https:\/\/fadeu.urantiacos.cl\/en\/2022\/08\/01\/profesor-giovanni-vecchio-fue-seleccionado-en-el-xix-concurso-de-investigacion-y-creacion-para-academicos\/"},"wordCount":1282,"commentCount":0,"image":{"@id":"https:\/\/fadeu.urantiacos.cl\/en\/2022\/08\/01\/profesor-giovanni-vecchio-fue-seleccionado-en-el-xix-concurso-de-investigacion-y-creacion-para-academicos\/#primaryimage"},"thumbnailUrl":"https:\/\/fadeu.urantiacos.cl\/wp-content\/uploads\/2023\/09\/WEB_WhatsApp_Image_2022-08-01_at_11.44.08_AM.jpg","articleSection":["Sin categorizar"],"inLanguage":"en-US","potentialAction":[{"@type":"CommentAction","name":"Comment","target":["https:\/\/fadeu.urantiacos.cl\/en\/2022\/08\/01\/profesor-giovanni-vecchio-fue-seleccionado-en-el-xix-concurso-de-investigacion-y-creacion-para-academicos\/#respond"]}]},{"@type":"WebPage","@id":"https:\/\/fadeu.urantiacos.cl\/en\/2022\/08\/01\/profesor-giovanni-vecchio-fue-seleccionado-en-el-xix-concurso-de-investigacion-y-creacion-para-academicos\/","url":"https:\/\/fadeu.urantiacos.cl\/en\/2022\/08\/01\/profesor-giovanni-vecchio-fue-seleccionado-en-el-xix-concurso-de-investigacion-y-creacion-para-academicos\/","name":"Profesor Giovanni Vecchio fue seleccionado en el XIX Concurso de Investigaci\u00f3n y Creaci\u00f3n para Acad\u00e9micos - Facultad de Arquitectura, Dise\u00f1o y Estudios Urbanos","isPartOf":{"@id":"https:\/\/fadeu.urantiacos.cl\/en\/#website"},"primaryImageOfPage":{"@id":"https:\/\/fadeu.urantiacos.cl\/en\/2022\/08\/01\/profesor-giovanni-vecchio-fue-seleccionado-en-el-xix-concurso-de-investigacion-y-creacion-para-academicos\/#primaryimage"},"image":{"@id":"https:\/\/fadeu.urantiacos.cl\/en\/2022\/08\/01\/profesor-giovanni-vecchio-fue-seleccionado-en-el-xix-concurso-de-investigacion-y-creacion-para-academicos\/#primaryimage"},"thumbnailUrl":"https:\/\/fadeu.urantiacos.cl\/wp-content\/uploads\/2023\/09\/WEB_WhatsApp_Image_2022-08-01_at_11.44.08_AM.jpg","datePublished":"2022-08-02T02:51:00+00:00","dateModified":"2023-09-04T02:56:19+00:00","author":{"@id":"https:\/\/fadeu.urantiacos.cl\/en\/#\/schema\/person\/d203e2e84b1c40275eac77b3061a19a2"},"description":"La Direcci\u00f3n de Pastoral y Cultura Cristiana, en conjunto con las Vicerrector\u00edas de Investigaci\u00f3n y Asuntos Internacionales, dieron a conocer los nombres de los 10 proyectos que se adjudicaron los fondos del XIX Concurso de Investigaci\u00f3n y Creaci\u00f3n para Acad\u00e9micos, convocatoria que busc\u00f3 promover la cooperaci\u00f3n hacia proyectos de investigaci\u00f3n o creaci\u00f3n en torno a problem\u00e1ticas actuales de Latinoam\u00e9rica a la luz de la fe.","breadcrumb":{"@id":"https:\/\/fadeu.urantiacos.cl\/en\/2022\/08\/01\/profesor-giovanni-vecchio-fue-seleccionado-en-el-xix-concurso-de-investigacion-y-creacion-para-academicos\/#breadcrumb"},"inLanguage":"en-US","potentialAction":[{"@type":"ReadAction","target":["https:\/\/fadeu.urantiacos.cl\/en\/2022\/08\/01\/profesor-giovanni-vecchio-fue-seleccionado-en-el-xix-concurso-de-investigacion-y-creacion-para-academicos\/"]}]},{"@type":"ImageObject","inLanguage":"en-US","@id":"https:\/\/fadeu.urantiacos.cl\/en\/2022\/08\/01\/profesor-giovanni-vecchio-fue-seleccionado-en-el-xix-concurso-de-investigacion-y-creacion-para-academicos\/#primaryimage","url":"https:\/\/fadeu.urantiacos.cl\/wp-content\/uploads\/2023\/09\/WEB_WhatsApp_Image_2022-08-01_at_11.44.08_AM.jpg","contentUrl":"https:\/\/fadeu.urantiacos.cl\/wp-content\/uploads\/2023\/09\/WEB_WhatsApp_Image_2022-08-01_at_11.44.08_AM.jpg","width":350,"height":250},{"@type":"BreadcrumbList","@id":"https:\/\/fadeu.urantiacos.cl\/en\/2022\/08\/01\/profesor-giovanni-vecchio-fue-seleccionado-en-el-xix-concurso-de-investigacion-y-creacion-para-academicos\/#breadcrumb","itemListElement":[{"@type":"ListItem","position":1,"name":"Portada","item":"https:\/\/fadeu.urantiacos.cl\/en\/"},{"@type":"ListItem","position":2,"name":"Profesor Giovanni Vecchio fue seleccionado en el XIX Concurso de Investigaci\u00f3n y Creaci\u00f3n para Acad\u00e9micos"}]},{"@type":"WebSite","@id":"https:\/\/fadeu.urantiacos.cl\/en\/#website","url":"https:\/\/fadeu.urantiacos.cl\/en\/","name":"Facultad de Arquitectura, Dise\u00f1o y Estudios Urbanos","description":"Campus Lo Contador","potentialAction":[{"@type":"SearchAction","target":{"@type":"EntryPoint","urlTemplate":"https:\/\/fadeu.urantiacos.cl\/en\/?s={search_term_string}"},"query-input":{"@type":"PropertyValueSpecification","valueRequired":true,"valueName":"search_term_string"}}],"inLanguage":"en-US"},{"@type":"Person","@id":"https:\/\/fadeu.urantiacos.cl\/en\/#\/schema\/person\/d203e2e84b1c40275eac77b3061a19a2","name":"manadmin","image":{"@type":"ImageObject","inLanguage":"en-US","@id":"https:\/\/fadeu.urantiacos.cl\/en\/#\/schema\/person\/image\/","url":"https:\/\/secure.gravatar.com\/avatar\/4b1d8e3303b4a9d8968ac578947d8bc80d9aea359f388cdd4aac15cadc0e8447?s=96&d=mm&r=g","contentUrl":"https:\/\/secure.gravatar.com\/avatar\/4b1d8e3303b4a9d8968ac578947d8bc80d9aea359f388cdd4aac15cadc0e8447?s=96&d=mm&r=g","caption":"manadmin"},"sameAs":["https:\/\/fadeu.urantiacos.cl"]}]}},"_links":{"self":[{"href":"https:\/\/fadeu.urantiacos.cl\/en\/wp-json\/wp\/v2\/posts\/4448","targetHints":{"allow":["GET"]}}],"collection":[{"href":"https:\/\/fadeu.urantiacos.cl\/en\/wp-json\/wp\/v2\/posts"}],"about":[{"href":"https:\/\/fadeu.urantiacos.cl\/en\/wp-json\/wp\/v2\/types\/post"}],"author":[{"embeddable":true,"href":"https:\/\/fadeu.urantiacos.cl\/en\/wp-json\/wp\/v2\/users\/1"}],"replies":[{"embeddable":true,"href":"https:\/\/fadeu.urantiacos.cl\/en\/wp-json\/wp\/v2\/comments?post=4448"}],"version-history":[{"count":1,"href":"https:\/\/fadeu.urantiacos.cl\/en\/wp-json\/wp\/v2\/posts\/4448\/revisions"}],"predecessor-version":[{"id":4451,"href":"https:\/\/fadeu.urantiacos.cl\/en\/wp-json\/wp\/v2\/posts\/4448\/revisions\/4451"}],"wp:featuredmedia":[{"embeddable":true,"href":"https:\/\/fadeu.urantiacos.cl\/en\/wp-json\/wp\/v2\/media\/4449"}],"wp:attachment":[{"href":"https:\/\/fadeu.urantiacos.cl\/en\/wp-json\/wp\/v2\/media?parent=4448"}],"wp:term":[{"taxonomy":"category","embeddable":true,"href":"https:\/\/fadeu.urantiacos.cl\/en\/wp-json\/wp\/v2\/categories?post=4448"},{"taxonomy":"post_tag","embeddable":true,"href":"https:\/\/fadeu.urantiacos.cl\/en\/wp-json\/wp\/v2\/tags?post=4448"}],"curies":[{"name":"wp","href":"https:\/\/api.w.org\/{rel}","templated":true}]}}