{"id":4432,"date":"2022-08-05T23:36:00","date_gmt":"2022-08-06T02:36:00","guid":{"rendered":"https:\/\/fadeu.urantiacos.cl\/?p=4432"},"modified":"2023-09-03T23:41:25","modified_gmt":"2023-09-04T02:41:25","slug":"reunion-cedeus-2022-de-forma-presencial-investigadores-participaron-en-un-seminario-sobre-la-ciudad-informal-aprendieron-nuevas-herramientas-de-incidencia-y-visitaron-bajos-de-men","status":"publish","type":"post","link":"https:\/\/fadeu.urantiacos.cl\/en\/2022\/08\/05\/reunion-cedeus-2022-de-forma-presencial-investigadores-participaron-en-un-seminario-sobre-la-ciudad-informal-aprendieron-nuevas-herramientas-de-incidencia-y-visitaron-bajos-de-men\/","title":{"rendered":"Reuni\u00f3n CEDEUS 2022: De forma presencial, investigadores participaron en un seminario sobre la \u201cCiudad informal\u201d, aprendieron nuevas herramientas de incidencia y visitaron Bajos de Mena"},"content":{"rendered":"\n<figure class=\"wp-block-image size-full\"><img decoding=\"async\" width=\"350\" height=\"250\" src=\"https:\/\/fadeu.urantiacos.cl\/wp-content\/uploads\/2023\/09\/WEB_WhatsApp_Image_2022-07-28_at_3.38.27_PM.jpg\" alt=\"\" class=\"wp-image-4433\" srcset=\"https:\/\/fadeu.urantiacos.cl\/wp-content\/uploads\/2023\/09\/WEB_WhatsApp_Image_2022-07-28_at_3.38.27_PM.jpg 350w, https:\/\/fadeu.urantiacos.cl\/wp-content\/uploads\/2023\/09\/WEB_WhatsApp_Image_2022-07-28_at_3.38.27_PM-300x214.jpg 300w\" sizes=\"(max-width: 350px) 100vw, 350px\" \/><\/figure>\n\n\n\n<p>Waldo Bustamante, director de CEDEUS, record\u00f3 que \u201cen estos 10 a\u00f1os el centro ha trabajado para generar estrategias de pol\u00edticas p\u00fablicas que permitan al Estado avanzar en materias de desarrollo sustentable y beneficien a la ciudadan\u00eda\u201d. Por eso, dijo que \u201cesperamos continuar con esa labor durante los pr\u00f3ximos a\u00f1os, como centro FONDAP, gracias al aporte que hace la ANID, la UC y la UdeC\u201d.<\/p>\n\n\n\n<p>Los tres d\u00edas de actividades, entre el 27 y el 29 de julio, partieron con la mesa redonda \u00abCiudad Informal: problemas y soluci\u00f3n\u00bb. Este conversatorio, que cont\u00f3 con asistencia presencial y una transmisi\u00f3n por streaming, tuvo como objetivo reflexionar sobre los problemas, desaf\u00edos y soluciones que presenta el crecimiento de la ciudad informal a lo largo del pa\u00eds.<\/p>\n\n\n\n<p>Durante la actividad, participaron como panelistas Joan MacDonald, exsubsecretaria de Vivienda y Urbanismo; Andr\u00e9s Iacobelli, exsubsecretario de Vivienda y Urbanismo y fundador de Techo y D\u00e9ficit Cero; Fernando Jim\u00e9nez, jefe de la Oficina de Gesti\u00f3n de Proyectos habitacionales del Ministerio de Vivienda; Aland Castro, del movimiento de pobladores y pobladoras Ukamau; y Javier Ruiz-Tagle, acad\u00e9mico UC e investigador CEDEUS.<\/p>\n\n\n\n<p>La acad\u00e9mica UC e investigadora CEDEUS, Margarita Greene, quien ofici\u00f3 como moderadora de la actividad, cuestion\u00f3 que \u201cel problema no es que haya asentamiento informal, el problema es que haya personas que necesiten este tipo de vida\u201d y explic\u00f3 que \u201cel asentamiento informal est\u00e1 estrechamente ligado a la pobreza, y si no resolvemos la pobreza, vamos a seguir teni\u00e9ndolo\u201d.<\/p>\n\n\n\n<p>Joan MacDonald expuso que \u201chay diferentes formas de hacer ciudad, y esas formas no tienen por qu\u00e9 ser la misma de lo que nosotros sabemos\u201d y recalc\u00f3 que &#8220;es importante que uno deje de mirarlos como el hermano pobre o precario que no fue capaz de ser formal, sino que se encuentren las riquezas a rescatar&#8221;.<\/p>\n\n\n\n<p>La informalidad resulta un problema actual. \u201cLa informalidad hoy d\u00eda est\u00e1 en los campamentos, pero tambi\u00e9n est\u00e1 en las ampliaciones, est\u00e1 en los loteos irregulares, est\u00e1 en arriendos informales, est\u00e1 en muchas \u00e1reas de la actividad urbana\u201d, se\u00f1al\u00f3 Andr\u00e9s Iacobelli. Y recalc\u00f3 que \u201ctenemos m\u00e1s campamentos de los que ten\u00edamos hace 10 a\u00f1os\u201d. Frente a eso, dijo que \u201chay una serie de indicadores bastante matem\u00e1ticos que nos podr\u00edan haber previsto de esta crisis. Ojal\u00e1 aprendamos\u201d.<\/p>\n\n\n\n<p>Revisar las pol\u00edticas p\u00fablicas y evaluar los planes gubernamentales para enfrentar la pol\u00edtica habitacional tambi\u00e9n fue posible y relevante en esta mesa redonda. En este caso, Fernando Jim\u00e9nez expres\u00f3 que \u201cuno de los planteamientos principales de este Plan de Emergencia 2022-2025 es abrir todos los abanicos de herramientas que cuenta el ministerio, todos los instrumentos, combinarlos entre ellos\u201d. Jim\u00e9nez concluy\u00f3 que \u201clas herramientas est\u00e1n, el tema es cambiar la mirada (\u2026). No s\u00e9 qu\u00e9 tan pertinente es hablar de informalidad (en el caso de asentamientos informales) cuando el tema es hablar de dignidad\u201d.<\/p>\n\n\n\n<p>Los expertos coinciden en que la mirada de los pobladores es muy relevante en estas instancias. En ese sentido, Aland Castro se\u00f1al\u00f3 que \u201ccuando nos preguntan d\u00f3nde vivimos decimos el nombre de una calle, de un barrio (\u2026) Nadie vive encerrado en una casa, la casa es solo para dormir y comer, pero en general la vida se hace afuera&#8221;. Por eso, reiter\u00f3 que \u201chabitamos ciudades y barrios, por eso creemos que el enfoque no puede ser solo en vivienda&#8221;. As\u00ed, sostuvo que \u201cno vamos a poder construir ciudades democr\u00e1ticas si no tenemos acceso al suelo\u201d.<\/p>\n\n\n\n<p>Javier Ruiz-Tagle expuso que \u201cla causa hist\u00f3rica general de la urbanizaci\u00f3n informal y de la tugurizaci\u00f3n son grandes procesos migratorios (\u2026), y por otro lado la producci\u00f3n deficitaria de vivienda formal\u201d. En ese sentido, detall\u00f3 que Chile estim\u00f3 \u201cque \u00edbamos a terminar con la informalidad en los 90, creando estas \u2018islas\u2019. Pero cada vez est\u00e1 m\u00e1s parecido a otros pa\u00edses de Latinoam\u00e9rica&#8221;. As\u00ed, cerr\u00f3 su presentaci\u00f3n destacando que \u201cla informalidad responde a la estrategia y capacidad de los individuos sobre lo que hace o no el Estado\u201d.<\/p>\n\n\n\n<p>Los siguientes d\u00edas, los investigadores del CEDEUS aprendieron diferentes herramientas que se han desarrollado en distintas \u00e1reas del Centro como la&nbsp;<a href=\"http:\/\/plataformamunicipal.cedeus.cl\/\">Plataforma Municipal de Datos<\/a>&nbsp;\u2014que es p\u00fablica y detalla distintos indicadores de sustentabilidad a nivel comunal\u2014 y el&nbsp;<a href=\"https:\/\/www.cedeus.cl\/politicaypractica\/sustentopolis-juego-cartas-debatir\/\">Sustent\u00f3polis<\/a>, un juego desarrollado por la Unidad de Pol\u00edtica y Pr\u00e1ctica para promover el debate entre j\u00f3venes a partir de afirmaciones en tem\u00e1ticas de sustentabilidad.<\/p>\n\n\n\n<p>El viernes 29, los integrantes del Comit\u00e9 Cient\u00edfico Internacional \u2014conformado por Carme Miralles-Guasch, acad\u00e9mica de la Universidad Aut\u00f3noma de Barcelona; Adriana Allen, acad\u00e9mica de la University College London; Robert Nerenberg, acad\u00e9mico de la University of Notre Dame; Christopher Zegras, acad\u00e9mico del Massachusetts Institute of Technology (MIT), y el consultor internacional Ricardo Jord\u00e1n\u2014 asistieron a la poblaci\u00f3n Marta Brunet de Bajos de Mena, donde el programa de Laboratorios Urbanos de CEDEUS junto al Serviu Metropolitano y las pobladoras del sector les presentaron los trabajos realizados en la zona para mejorar la calidad de sus viviendas. El Comit\u00e9 Internaciol pudo observas diferentes experiencias que all\u00ed se han desarrollado con el apoyo de CEDEUS, incluida la visita a un conjunto de edificios nuevos para los pobladores de Marta Brunet.&nbsp;<\/p>\n\n\n\n<p>Redes sociales: @cedeuschile<\/p>\n\n\n\n<figure class=\"wp-block-image size-large\"><img decoding=\"async\" width=\"768\" height=\"1024\" src=\"https:\/\/fadeu.urantiacos.cl\/wp-content\/uploads\/2023\/09\/WhatsApp_Image_2022-07-28_at_12.07.00_PM-768x1024.jpeg\" alt=\"\" class=\"wp-image-4434\" srcset=\"https:\/\/fadeu.urantiacos.cl\/wp-content\/uploads\/2023\/09\/WhatsApp_Image_2022-07-28_at_12.07.00_PM-768x1024.jpeg 768w, https:\/\/fadeu.urantiacos.cl\/wp-content\/uploads\/2023\/09\/WhatsApp_Image_2022-07-28_at_12.07.00_PM-225x300.jpeg 225w, https:\/\/fadeu.urantiacos.cl\/wp-content\/uploads\/2023\/09\/WhatsApp_Image_2022-07-28_at_12.07.00_PM-1152x1536.jpeg 1152w, https:\/\/fadeu.urantiacos.cl\/wp-content\/uploads\/2023\/09\/WhatsApp_Image_2022-07-28_at_12.07.00_PM.jpeg 900w\" sizes=\"(max-width: 768px) 100vw, 768px\" \/><\/figure>\n\n\n\n<figure class=\"wp-block-image size-large\"><img decoding=\"async\" width=\"1024\" height=\"768\" src=\"https:\/\/fadeu.urantiacos.cl\/wp-content\/uploads\/2023\/09\/WhatsApp_Image_2022-07-28_at_12.07.02_PM-1024x768.jpeg\" alt=\"\" class=\"wp-image-4435\" srcset=\"https:\/\/fadeu.urantiacos.cl\/wp-content\/uploads\/2023\/09\/WhatsApp_Image_2022-07-28_at_12.07.02_PM-1024x768.jpeg 1024w, https:\/\/fadeu.urantiacos.cl\/wp-content\/uploads\/2023\/09\/WhatsApp_Image_2022-07-28_at_12.07.02_PM-300x225.jpeg 300w, https:\/\/fadeu.urantiacos.cl\/wp-content\/uploads\/2023\/09\/WhatsApp_Image_2022-07-28_at_12.07.02_PM-768x576.jpeg 768w, https:\/\/fadeu.urantiacos.cl\/wp-content\/uploads\/2023\/09\/WhatsApp_Image_2022-07-28_at_12.07.02_PM-1536x1152.jpeg 1536w, https:\/\/fadeu.urantiacos.cl\/wp-content\/uploads\/2023\/09\/WhatsApp_Image_2022-07-28_at_12.07.02_PM.jpeg 1600w\" sizes=\"(max-width: 1024px) 100vw, 1024px\" \/><\/figure>\n\n\n\n<figure class=\"wp-block-image size-large\"><img decoding=\"async\" width=\"1024\" height=\"768\" src=\"https:\/\/fadeu.urantiacos.cl\/wp-content\/uploads\/2023\/09\/WhatsApp_Image_2022-08-01_at_9.09.52_AM-1024x768.jpeg\" alt=\"\" class=\"wp-image-4436\" srcset=\"https:\/\/fadeu.urantiacos.cl\/wp-content\/uploads\/2023\/09\/WhatsApp_Image_2022-08-01_at_9.09.52_AM-1024x768.jpeg 1024w, https:\/\/fadeu.urantiacos.cl\/wp-content\/uploads\/2023\/09\/WhatsApp_Image_2022-08-01_at_9.09.52_AM-300x225.jpeg 300w, https:\/\/fadeu.urantiacos.cl\/wp-content\/uploads\/2023\/09\/WhatsApp_Image_2022-08-01_at_9.09.52_AM-768x576.jpeg 768w, https:\/\/fadeu.urantiacos.cl\/wp-content\/uploads\/2023\/09\/WhatsApp_Image_2022-08-01_at_9.09.52_AM-1536x1152.jpeg 1536w, https:\/\/fadeu.urantiacos.cl\/wp-content\/uploads\/2023\/09\/WhatsApp_Image_2022-08-01_at_9.09.52_AM.jpeg 1600w\" sizes=\"(max-width: 1024px) 100vw, 1024px\" \/><\/figure>\n\n\n\n<p>INFORMACI\u00d3N PERIOD\u00cdSTICA<br>MANUEL HERN\u00c1NDEZ GONZ\u00c1LEZ<\/p>\n","protected":false},"excerpt":{"rendered":"<p>Para evaluar los desaf\u00edos y avances del Centro de Desarrollo Urbano Sustentable durante sus 10 a\u00f1os de labores cient\u00edficas, la comunidad CEDEUS realiz\u00f3 en el Campus Lo Contador de la UC la Reuni\u00f3n Anual CEDEUS 2022. La actividad cont\u00f3 con la visita del Comit\u00e9 Cient\u00edfico Internacional que asesora al centro en lo referido a su agenda cient\u00edfica y sirvi\u00f3 como instancia para reunir a los investigadores presencialmente luego de la emergencia sanitaria.<\/p>\n","protected":false},"author":1,"featured_media":4433,"comment_status":"open","ping_status":"open","sticky":false,"template":"","format":"standard","meta":{"_acf_changed":false,"footnotes":""},"categories":[1],"tags":[],"class_list":["post-4432","post","type-post","status-publish","format-standard","has-post-thumbnail","hentry","category-sin-categorizar"],"acf":[],"yoast_head":"<!-- This site is optimized with the Yoast SEO plugin v27.1.1 - https:\/\/yoast.com\/product\/yoast-seo-wordpress\/ -->\n<title>Reuni\u00f3n CEDEUS 2022: De forma presencial, investigadores participaron en un seminario sobre la \u201cCiudad informal\u201d, aprendieron nuevas herramientas de incidencia y visitaron Bajos de Mena - Facultad de Arquitectura, Dise\u00f1o y Estudios Urbanos<\/title>\n<meta name=\"description\" content=\"Para evaluar los desaf\u00edos y avances del Centro de Desarrollo Urbano Sustentable durante sus 10 a\u00f1os de labores cient\u00edficas, la comunidad CEDEUS realiz\u00f3 en el Campus Lo Contador de la UC la Reuni\u00f3n Anual CEDEUS 2022. La actividad cont\u00f3 con la visita del Comit\u00e9 Cient\u00edfico Internacional que asesora al centro en lo referido a su agenda cient\u00edfica y sirvi\u00f3 como instancia para reunir a los investigadores presencialmente luego de la emergencia sanitaria.\" \/>\n<meta name=\"robots\" content=\"index, follow, max-snippet:-1, max-image-preview:large, max-video-preview:-1\" \/>\n<link rel=\"canonical\" href=\"https:\/\/fadeu.urantiacos.cl\/en\/2022\/08\/05\/reunion-cedeus-2022-de-forma-presencial-investigadores-participaron-en-un-seminario-sobre-la-ciudad-informal-aprendieron-nuevas-herramientas-de-incidencia-y-visitaron-bajos-de-men\/\" \/>\n<meta property=\"og:locale\" content=\"en_US\" \/>\n<meta property=\"og:type\" content=\"article\" \/>\n<meta property=\"og:title\" content=\"Reuni\u00f3n CEDEUS 2022: De forma presencial, investigadores participaron en un seminario sobre la \u201cCiudad informal\u201d, aprendieron nuevas herramientas de incidencia y visitaron Bajos de Mena - Facultad de Arquitectura, Dise\u00f1o y Estudios Urbanos\" \/>\n<meta property=\"og:description\" content=\"Para evaluar los desaf\u00edos y avances del Centro de Desarrollo Urbano Sustentable durante sus 10 a\u00f1os de labores cient\u00edficas, la comunidad CEDEUS realiz\u00f3 en el Campus Lo Contador de la UC la Reuni\u00f3n Anual CEDEUS 2022. La actividad cont\u00f3 con la visita del Comit\u00e9 Cient\u00edfico Internacional que asesora al centro en lo referido a su agenda cient\u00edfica y sirvi\u00f3 como instancia para reunir a los investigadores presencialmente luego de la emergencia sanitaria.\" \/>\n<meta property=\"og:url\" content=\"https:\/\/fadeu.urantiacos.cl\/en\/2022\/08\/05\/reunion-cedeus-2022-de-forma-presencial-investigadores-participaron-en-un-seminario-sobre-la-ciudad-informal-aprendieron-nuevas-herramientas-de-incidencia-y-visitaron-bajos-de-men\/\" \/>\n<meta property=\"og:site_name\" content=\"Facultad de Arquitectura, Dise\u00f1o y Estudios Urbanos\" \/>\n<meta property=\"article:published_time\" content=\"2022-08-06T02:36:00+00:00\" \/>\n<meta property=\"article:modified_time\" content=\"2023-09-04T02:41:25+00:00\" \/>\n<meta property=\"og:image\" content=\"https:\/\/fadeu.urantiacos.cl\/wp-content\/uploads\/2023\/09\/WEB_WhatsApp_Image_2022-07-28_at_3.38.27_PM.jpg\" \/>\n\t<meta property=\"og:image:width\" content=\"350\" \/>\n\t<meta property=\"og:image:height\" content=\"250\" \/>\n\t<meta property=\"og:image:type\" content=\"image\/jpeg\" \/>\n<meta name=\"author\" content=\"manadmin\" \/>\n<meta name=\"twitter:card\" content=\"summary_large_image\" \/>\n<meta name=\"twitter:label1\" content=\"Written by\" \/>\n\t<meta name=\"twitter:data1\" content=\"manadmin\" \/>\n\t<meta name=\"twitter:label2\" content=\"Est. reading time\" \/>\n\t<meta name=\"twitter:data2\" content=\"5 minutes\" \/>\n<script type=\"application\/ld+json\" class=\"yoast-schema-graph\">{\"@context\":\"https:\/\/schema.org\",\"@graph\":[{\"@type\":\"Article\",\"@id\":\"https:\/\/fadeu.urantiacos.cl\/en\/2022\/08\/05\/reunion-cedeus-2022-de-forma-presencial-investigadores-participaron-en-un-seminario-sobre-la-ciudad-informal-aprendieron-nuevas-herramientas-de-incidencia-y-visitaron-bajos-de-men\/#article\",\"isPartOf\":{\"@id\":\"https:\/\/fadeu.urantiacos.cl\/en\/2022\/08\/05\/reunion-cedeus-2022-de-forma-presencial-investigadores-participaron-en-un-seminario-sobre-la-ciudad-informal-aprendieron-nuevas-herramientas-de-incidencia-y-visitaron-bajos-de-men\/\"},\"author\":{\"name\":\"manadmin\",\"@id\":\"https:\/\/fadeu.urantiacos.cl\/en\/#\/schema\/person\/d203e2e84b1c40275eac77b3061a19a2\"},\"headline\":\"Reuni\u00f3n CEDEUS 2022: De forma presencial, investigadores participaron en un seminario sobre la \u201cCiudad informal\u201d, aprendieron nuevas herramientas de incidencia y visitaron Bajos de Mena\",\"datePublished\":\"2022-08-06T02:36:00+00:00\",\"dateModified\":\"2023-09-04T02:41:25+00:00\",\"mainEntityOfPage\":{\"@id\":\"https:\/\/fadeu.urantiacos.cl\/en\/2022\/08\/05\/reunion-cedeus-2022-de-forma-presencial-investigadores-participaron-en-un-seminario-sobre-la-ciudad-informal-aprendieron-nuevas-herramientas-de-incidencia-y-visitaron-bajos-de-men\/\"},\"wordCount\":928,\"commentCount\":0,\"image\":{\"@id\":\"https:\/\/fadeu.urantiacos.cl\/en\/2022\/08\/05\/reunion-cedeus-2022-de-forma-presencial-investigadores-participaron-en-un-seminario-sobre-la-ciudad-informal-aprendieron-nuevas-herramientas-de-incidencia-y-visitaron-bajos-de-men\/#primaryimage\"},\"thumbnailUrl\":\"https:\/\/fadeu.urantiacos.cl\/wp-content\/uploads\/2023\/09\/WEB_WhatsApp_Image_2022-07-28_at_3.38.27_PM.jpg\",\"articleSection\":[\"Sin categorizar\"],\"inLanguage\":\"en-US\",\"potentialAction\":[{\"@type\":\"CommentAction\",\"name\":\"Comment\",\"target\":[\"https:\/\/fadeu.urantiacos.cl\/en\/2022\/08\/05\/reunion-cedeus-2022-de-forma-presencial-investigadores-participaron-en-un-seminario-sobre-la-ciudad-informal-aprendieron-nuevas-herramientas-de-incidencia-y-visitaron-bajos-de-men\/#respond\"]}]},{\"@type\":\"WebPage\",\"@id\":\"https:\/\/fadeu.urantiacos.cl\/en\/2022\/08\/05\/reunion-cedeus-2022-de-forma-presencial-investigadores-participaron-en-un-seminario-sobre-la-ciudad-informal-aprendieron-nuevas-herramientas-de-incidencia-y-visitaron-bajos-de-men\/\",\"url\":\"https:\/\/fadeu.urantiacos.cl\/en\/2022\/08\/05\/reunion-cedeus-2022-de-forma-presencial-investigadores-participaron-en-un-seminario-sobre-la-ciudad-informal-aprendieron-nuevas-herramientas-de-incidencia-y-visitaron-bajos-de-men\/\",\"name\":\"Reuni\u00f3n CEDEUS 2022: De forma presencial, investigadores participaron en un seminario sobre la \u201cCiudad informal\u201d, aprendieron nuevas herramientas de incidencia y visitaron Bajos de Mena - Facultad de Arquitectura, Dise\u00f1o y Estudios Urbanos\",\"isPartOf\":{\"@id\":\"https:\/\/fadeu.urantiacos.cl\/en\/#website\"},\"primaryImageOfPage\":{\"@id\":\"https:\/\/fadeu.urantiacos.cl\/en\/2022\/08\/05\/reunion-cedeus-2022-de-forma-presencial-investigadores-participaron-en-un-seminario-sobre-la-ciudad-informal-aprendieron-nuevas-herramientas-de-incidencia-y-visitaron-bajos-de-men\/#primaryimage\"},\"image\":{\"@id\":\"https:\/\/fadeu.urantiacos.cl\/en\/2022\/08\/05\/reunion-cedeus-2022-de-forma-presencial-investigadores-participaron-en-un-seminario-sobre-la-ciudad-informal-aprendieron-nuevas-herramientas-de-incidencia-y-visitaron-bajos-de-men\/#primaryimage\"},\"thumbnailUrl\":\"https:\/\/fadeu.urantiacos.cl\/wp-content\/uploads\/2023\/09\/WEB_WhatsApp_Image_2022-07-28_at_3.38.27_PM.jpg\",\"datePublished\":\"2022-08-06T02:36:00+00:00\",\"dateModified\":\"2023-09-04T02:41:25+00:00\",\"author\":{\"@id\":\"https:\/\/fadeu.urantiacos.cl\/en\/#\/schema\/person\/d203e2e84b1c40275eac77b3061a19a2\"},\"description\":\"Para evaluar los desaf\u00edos y avances del Centro de Desarrollo Urbano Sustentable durante sus 10 a\u00f1os de labores cient\u00edficas, la comunidad CEDEUS realiz\u00f3 en el Campus Lo Contador de la UC la Reuni\u00f3n Anual CEDEUS 2022. La actividad cont\u00f3 con la visita del Comit\u00e9 Cient\u00edfico Internacional que asesora al centro en lo referido a su agenda cient\u00edfica y sirvi\u00f3 como instancia para reunir a los investigadores presencialmente luego de la emergencia sanitaria.\",\"breadcrumb\":{\"@id\":\"https:\/\/fadeu.urantiacos.cl\/en\/2022\/08\/05\/reunion-cedeus-2022-de-forma-presencial-investigadores-participaron-en-un-seminario-sobre-la-ciudad-informal-aprendieron-nuevas-herramientas-de-incidencia-y-visitaron-bajos-de-men\/#breadcrumb\"},\"inLanguage\":\"en-US\",\"potentialAction\":[{\"@type\":\"ReadAction\",\"target\":[\"https:\/\/fadeu.urantiacos.cl\/en\/2022\/08\/05\/reunion-cedeus-2022-de-forma-presencial-investigadores-participaron-en-un-seminario-sobre-la-ciudad-informal-aprendieron-nuevas-herramientas-de-incidencia-y-visitaron-bajos-de-men\/\"]}]},{\"@type\":\"ImageObject\",\"inLanguage\":\"en-US\",\"@id\":\"https:\/\/fadeu.urantiacos.cl\/en\/2022\/08\/05\/reunion-cedeus-2022-de-forma-presencial-investigadores-participaron-en-un-seminario-sobre-la-ciudad-informal-aprendieron-nuevas-herramientas-de-incidencia-y-visitaron-bajos-de-men\/#primaryimage\",\"url\":\"https:\/\/fadeu.urantiacos.cl\/wp-content\/uploads\/2023\/09\/WEB_WhatsApp_Image_2022-07-28_at_3.38.27_PM.jpg\",\"contentUrl\":\"https:\/\/fadeu.urantiacos.cl\/wp-content\/uploads\/2023\/09\/WEB_WhatsApp_Image_2022-07-28_at_3.38.27_PM.jpg\",\"width\":350,\"height\":250},{\"@type\":\"BreadcrumbList\",\"@id\":\"https:\/\/fadeu.urantiacos.cl\/en\/2022\/08\/05\/reunion-cedeus-2022-de-forma-presencial-investigadores-participaron-en-un-seminario-sobre-la-ciudad-informal-aprendieron-nuevas-herramientas-de-incidencia-y-visitaron-bajos-de-men\/#breadcrumb\",\"itemListElement\":[{\"@type\":\"ListItem\",\"position\":1,\"name\":\"Portada\",\"item\":\"https:\/\/fadeu.urantiacos.cl\/en\/\"},{\"@type\":\"ListItem\",\"position\":2,\"name\":\"Reuni\u00f3n CEDEUS 2022: De forma presencial, investigadores participaron en un seminario sobre la \u201cCiudad informal\u201d, aprendieron nuevas herramientas de incidencia y visitaron Bajos de Mena\"}]},{\"@type\":\"WebSite\",\"@id\":\"https:\/\/fadeu.urantiacos.cl\/en\/#website\",\"url\":\"https:\/\/fadeu.urantiacos.cl\/en\/\",\"name\":\"Facultad de Arquitectura, Dise\u00f1o y Estudios Urbanos\",\"description\":\"Campus Lo Contador\",\"potentialAction\":[{\"@type\":\"SearchAction\",\"target\":{\"@type\":\"EntryPoint\",\"urlTemplate\":\"https:\/\/fadeu.urantiacos.cl\/en\/?s={search_term_string}\"},\"query-input\":{\"@type\":\"PropertyValueSpecification\",\"valueRequired\":true,\"valueName\":\"search_term_string\"}}],\"inLanguage\":\"en-US\"},{\"@type\":\"Person\",\"@id\":\"https:\/\/fadeu.urantiacos.cl\/en\/#\/schema\/person\/d203e2e84b1c40275eac77b3061a19a2\",\"name\":\"manadmin\",\"image\":{\"@type\":\"ImageObject\",\"inLanguage\":\"en-US\",\"@id\":\"https:\/\/fadeu.urantiacos.cl\/en\/#\/schema\/person\/image\/\",\"url\":\"https:\/\/secure.gravatar.com\/avatar\/4b1d8e3303b4a9d8968ac578947d8bc80d9aea359f388cdd4aac15cadc0e8447?s=96&d=mm&r=g\",\"contentUrl\":\"https:\/\/secure.gravatar.com\/avatar\/4b1d8e3303b4a9d8968ac578947d8bc80d9aea359f388cdd4aac15cadc0e8447?s=96&d=mm&r=g\",\"caption\":\"manadmin\"},\"sameAs\":[\"https:\/\/fadeu.urantiacos.cl\"]}]}<\/script>\n<!-- \/ Yoast SEO plugin. -->","yoast_head_json":{"title":"Reuni\u00f3n CEDEUS 2022: De forma presencial, investigadores participaron en un seminario sobre la \u201cCiudad informal\u201d, aprendieron nuevas herramientas de incidencia y visitaron Bajos de Mena - Facultad de Arquitectura, Dise\u00f1o y Estudios Urbanos","description":"Para evaluar los desaf\u00edos y avances del Centro de Desarrollo Urbano Sustentable durante sus 10 a\u00f1os de labores cient\u00edficas, la comunidad CEDEUS realiz\u00f3 en el Campus Lo Contador de la UC la Reuni\u00f3n Anual CEDEUS 2022. La actividad cont\u00f3 con la visita del Comit\u00e9 Cient\u00edfico Internacional que asesora al centro en lo referido a su agenda cient\u00edfica y sirvi\u00f3 como instancia para reunir a los investigadores presencialmente luego de la emergencia sanitaria.","robots":{"index":"index","follow":"follow","max-snippet":"max-snippet:-1","max-image-preview":"max-image-preview:large","max-video-preview":"max-video-preview:-1"},"canonical":"https:\/\/fadeu.urantiacos.cl\/en\/2022\/08\/05\/reunion-cedeus-2022-de-forma-presencial-investigadores-participaron-en-un-seminario-sobre-la-ciudad-informal-aprendieron-nuevas-herramientas-de-incidencia-y-visitaron-bajos-de-men\/","og_locale":"en_US","og_type":"article","og_title":"Reuni\u00f3n CEDEUS 2022: De forma presencial, investigadores participaron en un seminario sobre la \u201cCiudad informal\u201d, aprendieron nuevas herramientas de incidencia y visitaron Bajos de Mena - Facultad de Arquitectura, Dise\u00f1o y Estudios Urbanos","og_description":"Para evaluar los desaf\u00edos y avances del Centro de Desarrollo Urbano Sustentable durante sus 10 a\u00f1os de labores cient\u00edficas, la comunidad CEDEUS realiz\u00f3 en el Campus Lo Contador de la UC la Reuni\u00f3n Anual CEDEUS 2022. La actividad cont\u00f3 con la visita del Comit\u00e9 Cient\u00edfico Internacional que asesora al centro en lo referido a su agenda cient\u00edfica y sirvi\u00f3 como instancia para reunir a los investigadores presencialmente luego de la emergencia sanitaria.","og_url":"https:\/\/fadeu.urantiacos.cl\/en\/2022\/08\/05\/reunion-cedeus-2022-de-forma-presencial-investigadores-participaron-en-un-seminario-sobre-la-ciudad-informal-aprendieron-nuevas-herramientas-de-incidencia-y-visitaron-bajos-de-men\/","og_site_name":"Facultad de Arquitectura, Dise\u00f1o y Estudios Urbanos","article_published_time":"2022-08-06T02:36:00+00:00","article_modified_time":"2023-09-04T02:41:25+00:00","og_image":[{"width":350,"height":250,"url":"https:\/\/fadeu.urantiacos.cl\/wp-content\/uploads\/2023\/09\/WEB_WhatsApp_Image_2022-07-28_at_3.38.27_PM.jpg","type":"image\/jpeg"}],"author":"manadmin","twitter_card":"summary_large_image","twitter_misc":{"Written by":"manadmin","Est. reading time":"5 minutes"},"schema":{"@context":"https:\/\/schema.org","@graph":[{"@type":"Article","@id":"https:\/\/fadeu.urantiacos.cl\/en\/2022\/08\/05\/reunion-cedeus-2022-de-forma-presencial-investigadores-participaron-en-un-seminario-sobre-la-ciudad-informal-aprendieron-nuevas-herramientas-de-incidencia-y-visitaron-bajos-de-men\/#article","isPartOf":{"@id":"https:\/\/fadeu.urantiacos.cl\/en\/2022\/08\/05\/reunion-cedeus-2022-de-forma-presencial-investigadores-participaron-en-un-seminario-sobre-la-ciudad-informal-aprendieron-nuevas-herramientas-de-incidencia-y-visitaron-bajos-de-men\/"},"author":{"name":"manadmin","@id":"https:\/\/fadeu.urantiacos.cl\/en\/#\/schema\/person\/d203e2e84b1c40275eac77b3061a19a2"},"headline":"Reuni\u00f3n CEDEUS 2022: De forma presencial, investigadores participaron en un seminario sobre la \u201cCiudad informal\u201d, aprendieron nuevas herramientas de incidencia y visitaron Bajos de Mena","datePublished":"2022-08-06T02:36:00+00:00","dateModified":"2023-09-04T02:41:25+00:00","mainEntityOfPage":{"@id":"https:\/\/fadeu.urantiacos.cl\/en\/2022\/08\/05\/reunion-cedeus-2022-de-forma-presencial-investigadores-participaron-en-un-seminario-sobre-la-ciudad-informal-aprendieron-nuevas-herramientas-de-incidencia-y-visitaron-bajos-de-men\/"},"wordCount":928,"commentCount":0,"image":{"@id":"https:\/\/fadeu.urantiacos.cl\/en\/2022\/08\/05\/reunion-cedeus-2022-de-forma-presencial-investigadores-participaron-en-un-seminario-sobre-la-ciudad-informal-aprendieron-nuevas-herramientas-de-incidencia-y-visitaron-bajos-de-men\/#primaryimage"},"thumbnailUrl":"https:\/\/fadeu.urantiacos.cl\/wp-content\/uploads\/2023\/09\/WEB_WhatsApp_Image_2022-07-28_at_3.38.27_PM.jpg","articleSection":["Sin categorizar"],"inLanguage":"en-US","potentialAction":[{"@type":"CommentAction","name":"Comment","target":["https:\/\/fadeu.urantiacos.cl\/en\/2022\/08\/05\/reunion-cedeus-2022-de-forma-presencial-investigadores-participaron-en-un-seminario-sobre-la-ciudad-informal-aprendieron-nuevas-herramientas-de-incidencia-y-visitaron-bajos-de-men\/#respond"]}]},{"@type":"WebPage","@id":"https:\/\/fadeu.urantiacos.cl\/en\/2022\/08\/05\/reunion-cedeus-2022-de-forma-presencial-investigadores-participaron-en-un-seminario-sobre-la-ciudad-informal-aprendieron-nuevas-herramientas-de-incidencia-y-visitaron-bajos-de-men\/","url":"https:\/\/fadeu.urantiacos.cl\/en\/2022\/08\/05\/reunion-cedeus-2022-de-forma-presencial-investigadores-participaron-en-un-seminario-sobre-la-ciudad-informal-aprendieron-nuevas-herramientas-de-incidencia-y-visitaron-bajos-de-men\/","name":"Reuni\u00f3n CEDEUS 2022: De forma presencial, investigadores participaron en un seminario sobre la \u201cCiudad informal\u201d, aprendieron nuevas herramientas de incidencia y visitaron Bajos de Mena - Facultad de Arquitectura, Dise\u00f1o y Estudios Urbanos","isPartOf":{"@id":"https:\/\/fadeu.urantiacos.cl\/en\/#website"},"primaryImageOfPage":{"@id":"https:\/\/fadeu.urantiacos.cl\/en\/2022\/08\/05\/reunion-cedeus-2022-de-forma-presencial-investigadores-participaron-en-un-seminario-sobre-la-ciudad-informal-aprendieron-nuevas-herramientas-de-incidencia-y-visitaron-bajos-de-men\/#primaryimage"},"image":{"@id":"https:\/\/fadeu.urantiacos.cl\/en\/2022\/08\/05\/reunion-cedeus-2022-de-forma-presencial-investigadores-participaron-en-un-seminario-sobre-la-ciudad-informal-aprendieron-nuevas-herramientas-de-incidencia-y-visitaron-bajos-de-men\/#primaryimage"},"thumbnailUrl":"https:\/\/fadeu.urantiacos.cl\/wp-content\/uploads\/2023\/09\/WEB_WhatsApp_Image_2022-07-28_at_3.38.27_PM.jpg","datePublished":"2022-08-06T02:36:00+00:00","dateModified":"2023-09-04T02:41:25+00:00","author":{"@id":"https:\/\/fadeu.urantiacos.cl\/en\/#\/schema\/person\/d203e2e84b1c40275eac77b3061a19a2"},"description":"Para evaluar los desaf\u00edos y avances del Centro de Desarrollo Urbano Sustentable durante sus 10 a\u00f1os de labores cient\u00edficas, la comunidad CEDEUS realiz\u00f3 en el Campus Lo Contador de la UC la Reuni\u00f3n Anual CEDEUS 2022. La actividad cont\u00f3 con la visita del Comit\u00e9 Cient\u00edfico Internacional que asesora al centro en lo referido a su agenda cient\u00edfica y sirvi\u00f3 como instancia para reunir a los investigadores presencialmente luego de la emergencia sanitaria.","breadcrumb":{"@id":"https:\/\/fadeu.urantiacos.cl\/en\/2022\/08\/05\/reunion-cedeus-2022-de-forma-presencial-investigadores-participaron-en-un-seminario-sobre-la-ciudad-informal-aprendieron-nuevas-herramientas-de-incidencia-y-visitaron-bajos-de-men\/#breadcrumb"},"inLanguage":"en-US","potentialAction":[{"@type":"ReadAction","target":["https:\/\/fadeu.urantiacos.cl\/en\/2022\/08\/05\/reunion-cedeus-2022-de-forma-presencial-investigadores-participaron-en-un-seminario-sobre-la-ciudad-informal-aprendieron-nuevas-herramientas-de-incidencia-y-visitaron-bajos-de-men\/"]}]},{"@type":"ImageObject","inLanguage":"en-US","@id":"https:\/\/fadeu.urantiacos.cl\/en\/2022\/08\/05\/reunion-cedeus-2022-de-forma-presencial-investigadores-participaron-en-un-seminario-sobre-la-ciudad-informal-aprendieron-nuevas-herramientas-de-incidencia-y-visitaron-bajos-de-men\/#primaryimage","url":"https:\/\/fadeu.urantiacos.cl\/wp-content\/uploads\/2023\/09\/WEB_WhatsApp_Image_2022-07-28_at_3.38.27_PM.jpg","contentUrl":"https:\/\/fadeu.urantiacos.cl\/wp-content\/uploads\/2023\/09\/WEB_WhatsApp_Image_2022-07-28_at_3.38.27_PM.jpg","width":350,"height":250},{"@type":"BreadcrumbList","@id":"https:\/\/fadeu.urantiacos.cl\/en\/2022\/08\/05\/reunion-cedeus-2022-de-forma-presencial-investigadores-participaron-en-un-seminario-sobre-la-ciudad-informal-aprendieron-nuevas-herramientas-de-incidencia-y-visitaron-bajos-de-men\/#breadcrumb","itemListElement":[{"@type":"ListItem","position":1,"name":"Portada","item":"https:\/\/fadeu.urantiacos.cl\/en\/"},{"@type":"ListItem","position":2,"name":"Reuni\u00f3n CEDEUS 2022: De forma presencial, investigadores participaron en un seminario sobre la \u201cCiudad informal\u201d, aprendieron nuevas herramientas de incidencia y visitaron Bajos de Mena"}]},{"@type":"WebSite","@id":"https:\/\/fadeu.urantiacos.cl\/en\/#website","url":"https:\/\/fadeu.urantiacos.cl\/en\/","name":"Facultad de Arquitectura, Dise\u00f1o y Estudios Urbanos","description":"Campus Lo Contador","potentialAction":[{"@type":"SearchAction","target":{"@type":"EntryPoint","urlTemplate":"https:\/\/fadeu.urantiacos.cl\/en\/?s={search_term_string}"},"query-input":{"@type":"PropertyValueSpecification","valueRequired":true,"valueName":"search_term_string"}}],"inLanguage":"en-US"},{"@type":"Person","@id":"https:\/\/fadeu.urantiacos.cl\/en\/#\/schema\/person\/d203e2e84b1c40275eac77b3061a19a2","name":"manadmin","image":{"@type":"ImageObject","inLanguage":"en-US","@id":"https:\/\/fadeu.urantiacos.cl\/en\/#\/schema\/person\/image\/","url":"https:\/\/secure.gravatar.com\/avatar\/4b1d8e3303b4a9d8968ac578947d8bc80d9aea359f388cdd4aac15cadc0e8447?s=96&d=mm&r=g","contentUrl":"https:\/\/secure.gravatar.com\/avatar\/4b1d8e3303b4a9d8968ac578947d8bc80d9aea359f388cdd4aac15cadc0e8447?s=96&d=mm&r=g","caption":"manadmin"},"sameAs":["https:\/\/fadeu.urantiacos.cl"]}]}},"_links":{"self":[{"href":"https:\/\/fadeu.urantiacos.cl\/en\/wp-json\/wp\/v2\/posts\/4432","targetHints":{"allow":["GET"]}}],"collection":[{"href":"https:\/\/fadeu.urantiacos.cl\/en\/wp-json\/wp\/v2\/posts"}],"about":[{"href":"https:\/\/fadeu.urantiacos.cl\/en\/wp-json\/wp\/v2\/types\/post"}],"author":[{"embeddable":true,"href":"https:\/\/fadeu.urantiacos.cl\/en\/wp-json\/wp\/v2\/users\/1"}],"replies":[{"embeddable":true,"href":"https:\/\/fadeu.urantiacos.cl\/en\/wp-json\/wp\/v2\/comments?post=4432"}],"version-history":[{"count":1,"href":"https:\/\/fadeu.urantiacos.cl\/en\/wp-json\/wp\/v2\/posts\/4432\/revisions"}],"predecessor-version":[{"id":4437,"href":"https:\/\/fadeu.urantiacos.cl\/en\/wp-json\/wp\/v2\/posts\/4432\/revisions\/4437"}],"wp:featuredmedia":[{"embeddable":true,"href":"https:\/\/fadeu.urantiacos.cl\/en\/wp-json\/wp\/v2\/media\/4433"}],"wp:attachment":[{"href":"https:\/\/fadeu.urantiacos.cl\/en\/wp-json\/wp\/v2\/media?parent=4432"}],"wp:term":[{"taxonomy":"category","embeddable":true,"href":"https:\/\/fadeu.urantiacos.cl\/en\/wp-json\/wp\/v2\/categories?post=4432"},{"taxonomy":"post_tag","embeddable":true,"href":"https:\/\/fadeu.urantiacos.cl\/en\/wp-json\/wp\/v2\/tags?post=4432"}],"curies":[{"name":"wp","href":"https:\/\/api.w.org\/{rel}","templated":true}]}}