{"id":4426,"date":"2022-08-07T23:31:00","date_gmt":"2022-08-08T02:31:00","guid":{"rendered":"https:\/\/fadeu.urantiacos.cl\/?p=4426"},"modified":"2023-09-03T23:33:56","modified_gmt":"2023-09-04T02:33:56","slug":"alejandra-bosch-participo-en-la-nueva-temporada-de-artifica-tu-casa-de-la-uc","status":"publish","type":"post","link":"https:\/\/fadeu.urantiacos.cl\/en\/2022\/08\/07\/alejandra-bosch-participo-en-la-nueva-temporada-de-artifica-tu-casa-de-la-uc\/","title":{"rendered":"Alejandra Bosch particip\u00f3 en la nueva temporada de \u201cArtifica tu casa\u201d de la UC"},"content":{"rendered":"\n<figure class=\"wp-block-image size-full\"><img decoding=\"async\" width=\"350\" height=\"250\" src=\"https:\/\/fadeu.urantiacos.cl\/wp-content\/uploads\/2023\/09\/web_Captura_de_Pantalla_2022-08-07_a_las_19.30.02.png\" alt=\"\" class=\"wp-image-4427\" srcset=\"https:\/\/fadeu.urantiacos.cl\/wp-content\/uploads\/2023\/09\/web_Captura_de_Pantalla_2022-08-07_a_las_19.30.02.png 350w, https:\/\/fadeu.urantiacos.cl\/wp-content\/uploads\/2023\/09\/web_Captura_de_Pantalla_2022-08-07_a_las_19.30.02-300x214.png 300w\" sizes=\"(max-width: 350px) 100vw, 350px\" \/><\/figure>\n\n\n\n<p>Organizado por la Direcci\u00f3n de Artes y Cultura UC, esta temporada del ciclo \u201cArtifica tu casa\u201d indaga en la inserci\u00f3n de Chile en los escenarios internacionales, recogiendo la experiencia de chilenos \u2014de diferentes disciplinas\u2014 que de una u otra manera se convierton en \u201cembajadores\u201d de la cultura del pa\u00eds.<\/p>\n\n\n\n<p>En ese contexto, el programa de la UC invit\u00f3 a Alejandra Bosch a profundizar en la trayectoria, referentes e intereses del destacado arquitecto UC Mathias Klotz, quien tuene una fuerte presencia internacional. As\u00ed, la profesora ARQ UC fue develando de a poco las visiones del profesional, sus diferentes proyectos y sus influencias dentro de la disciplina, en una conversaci\u00f3n de alrededor de 50 minutos que se transmiti\u00f3 en vivo el 3 de agosto y qued\u00f3 alojada en el canal de YouTube de Arte y Cultura UC.<\/p>\n\n\n\n<p>Esta primera jornada inaugur\u00f3 un ciclo de 5 episodios en el que participar\u00e1n tambi\u00e9n el director de orquesta Maximiano Vald\u00e9s, la artista visual Cecilia Vicu\u00f1a, la directora de teatro Manuela Infante y el escritor Alejandro Zambra.<\/p>\n\n\n\n<p>Visitar web de \u201cArtifica tu casa\u201d en el siguiente&nbsp;<a href=\"https:\/\/artificatucasa.uc.cl\/\" target=\"_blank\" rel=\"noreferrer noopener\">enlace<\/a>&nbsp;<\/p>\n\n\n\n<figure class=\"wp-block-embed is-type-video is-provider-youtube wp-block-embed-youtube wp-embed-aspect-16-9 wp-has-aspect-ratio\"><div class=\"wp-block-embed__wrapper\">\n<iframe loading=\"lazy\" title=\"ARQUITECTURA: Mathias Klotz conversa con Alejandra Bosch\" width=\"500\" height=\"281\" src=\"https:\/\/www.youtube.com\/embed\/NaKCIiJM1os?feature=oembed\" frameborder=\"0\" allow=\"accelerometer; autoplay; clipboard-write; encrypted-media; gyroscope; picture-in-picture; web-share\" referrerpolicy=\"strict-origin-when-cross-origin\" allowfullscreen><\/iframe>\n<\/div><\/figure>\n","protected":false},"excerpt":{"rendered":"<p>La profesora ARQ UC y jefa del Mag\u00edster en Arquitectura del Paisaje UC (MAPA) fue invitada a la apertura de la tercera temporada del ciclo \u201cArtifica tu casa\u201d 2022: \u201cChilenos y chilenas del mundo\u201d, entrevistando al arquitecto UC Mathias Klotz.<\/p>\n","protected":false},"author":1,"featured_media":4427,"comment_status":"open","ping_status":"open","sticky":false,"template":"","format":"standard","meta":{"_acf_changed":false,"footnotes":""},"categories":[1],"tags":[],"class_list":["post-4426","post","type-post","status-publish","format-standard","has-post-thumbnail","hentry","category-sin-categorizar"],"acf":[],"yoast_head":"<!-- This site is optimized with the Yoast SEO plugin v27.1.1 - https:\/\/yoast.com\/product\/yoast-seo-wordpress\/ -->\n<title>Alejandra Bosch particip\u00f3 en la nueva temporada de \u201cArtifica tu casa\u201d de la UC - Facultad de Arquitectura, Dise\u00f1o y Estudios Urbanos<\/title>\n<meta name=\"description\" content=\"La profesora ARQ UC y jefa del Mag\u00edster en Arquitectura del Paisaje UC (MAPA) fue invitada a la apertura de la tercera temporada del ciclo \u201cArtifica tu casa\u201d 2022: \u201cChilenos y chilenas del mundo\u201d, entrevistando al arquitecto UC Mathias Klotz.\" \/>\n<meta name=\"robots\" content=\"index, follow, max-snippet:-1, max-image-preview:large, max-video-preview:-1\" \/>\n<link rel=\"canonical\" href=\"https:\/\/fadeu.urantiacos.cl\/en\/2022\/08\/07\/alejandra-bosch-participo-en-la-nueva-temporada-de-artifica-tu-casa-de-la-uc\/\" \/>\n<meta property=\"og:locale\" content=\"en_US\" \/>\n<meta property=\"og:type\" content=\"article\" \/>\n<meta property=\"og:title\" content=\"Alejandra Bosch particip\u00f3 en la nueva temporada de \u201cArtifica tu casa\u201d de la UC - Facultad de Arquitectura, Dise\u00f1o y Estudios Urbanos\" \/>\n<meta property=\"og:description\" content=\"La profesora ARQ UC y jefa del Mag\u00edster en Arquitectura del Paisaje UC (MAPA) fue invitada a la apertura de la tercera temporada del ciclo \u201cArtifica tu casa\u201d 2022: \u201cChilenos y chilenas del mundo\u201d, entrevistando al arquitecto UC Mathias Klotz.\" \/>\n<meta property=\"og:url\" content=\"https:\/\/fadeu.urantiacos.cl\/en\/2022\/08\/07\/alejandra-bosch-participo-en-la-nueva-temporada-de-artifica-tu-casa-de-la-uc\/\" \/>\n<meta property=\"og:site_name\" content=\"Facultad de Arquitectura, Dise\u00f1o y Estudios Urbanos\" \/>\n<meta property=\"article:published_time\" content=\"2022-08-08T02:31:00+00:00\" \/>\n<meta property=\"article:modified_time\" content=\"2023-09-04T02:33:56+00:00\" \/>\n<meta property=\"og:image\" content=\"https:\/\/fadeu.urantiacos.cl\/wp-content\/uploads\/2023\/09\/web_Captura_de_Pantalla_2022-08-07_a_las_19.30.02.png\" \/>\n\t<meta property=\"og:image:width\" content=\"350\" \/>\n\t<meta property=\"og:image:height\" content=\"250\" \/>\n\t<meta property=\"og:image:type\" content=\"image\/png\" \/>\n<meta name=\"author\" content=\"manadmin\" \/>\n<meta name=\"twitter:card\" content=\"summary_large_image\" \/>\n<meta name=\"twitter:label1\" content=\"Written by\" \/>\n\t<meta name=\"twitter:data1\" content=\"manadmin\" \/>\n\t<meta name=\"twitter:label2\" content=\"Est. reading time\" \/>\n\t<meta name=\"twitter:data2\" content=\"1 minute\" \/>\n<script type=\"application\/ld+json\" class=\"yoast-schema-graph\">{\"@context\":\"https:\/\/schema.org\",\"@graph\":[{\"@type\":\"Article\",\"@id\":\"https:\/\/fadeu.urantiacos.cl\/en\/2022\/08\/07\/alejandra-bosch-participo-en-la-nueva-temporada-de-artifica-tu-casa-de-la-uc\/#article\",\"isPartOf\":{\"@id\":\"https:\/\/fadeu.urantiacos.cl\/en\/2022\/08\/07\/alejandra-bosch-participo-en-la-nueva-temporada-de-artifica-tu-casa-de-la-uc\/\"},\"author\":{\"name\":\"manadmin\",\"@id\":\"https:\/\/fadeu.urantiacos.cl\/en\/#\/schema\/person\/d203e2e84b1c40275eac77b3061a19a2\"},\"headline\":\"Alejandra Bosch particip\u00f3 en la nueva temporada de \u201cArtifica tu casa\u201d de la UC\",\"datePublished\":\"2022-08-08T02:31:00+00:00\",\"dateModified\":\"2023-09-04T02:33:56+00:00\",\"mainEntityOfPage\":{\"@id\":\"https:\/\/fadeu.urantiacos.cl\/en\/2022\/08\/07\/alejandra-bosch-participo-en-la-nueva-temporada-de-artifica-tu-casa-de-la-uc\/\"},\"wordCount\":207,\"commentCount\":0,\"image\":{\"@id\":\"https:\/\/fadeu.urantiacos.cl\/en\/2022\/08\/07\/alejandra-bosch-participo-en-la-nueva-temporada-de-artifica-tu-casa-de-la-uc\/#primaryimage\"},\"thumbnailUrl\":\"https:\/\/fadeu.urantiacos.cl\/wp-content\/uploads\/2023\/09\/web_Captura_de_Pantalla_2022-08-07_a_las_19.30.02.png\",\"articleSection\":[\"Sin categorizar\"],\"inLanguage\":\"en-US\",\"potentialAction\":[{\"@type\":\"CommentAction\",\"name\":\"Comment\",\"target\":[\"https:\/\/fadeu.urantiacos.cl\/en\/2022\/08\/07\/alejandra-bosch-participo-en-la-nueva-temporada-de-artifica-tu-casa-de-la-uc\/#respond\"]}]},{\"@type\":\"WebPage\",\"@id\":\"https:\/\/fadeu.urantiacos.cl\/en\/2022\/08\/07\/alejandra-bosch-participo-en-la-nueva-temporada-de-artifica-tu-casa-de-la-uc\/\",\"url\":\"https:\/\/fadeu.urantiacos.cl\/en\/2022\/08\/07\/alejandra-bosch-participo-en-la-nueva-temporada-de-artifica-tu-casa-de-la-uc\/\",\"name\":\"Alejandra Bosch particip\u00f3 en la nueva temporada de \u201cArtifica tu casa\u201d de la UC - Facultad de Arquitectura, Dise\u00f1o y Estudios Urbanos\",\"isPartOf\":{\"@id\":\"https:\/\/fadeu.urantiacos.cl\/en\/#website\"},\"primaryImageOfPage\":{\"@id\":\"https:\/\/fadeu.urantiacos.cl\/en\/2022\/08\/07\/alejandra-bosch-participo-en-la-nueva-temporada-de-artifica-tu-casa-de-la-uc\/#primaryimage\"},\"image\":{\"@id\":\"https:\/\/fadeu.urantiacos.cl\/en\/2022\/08\/07\/alejandra-bosch-participo-en-la-nueva-temporada-de-artifica-tu-casa-de-la-uc\/#primaryimage\"},\"thumbnailUrl\":\"https:\/\/fadeu.urantiacos.cl\/wp-content\/uploads\/2023\/09\/web_Captura_de_Pantalla_2022-08-07_a_las_19.30.02.png\",\"datePublished\":\"2022-08-08T02:31:00+00:00\",\"dateModified\":\"2023-09-04T02:33:56+00:00\",\"author\":{\"@id\":\"https:\/\/fadeu.urantiacos.cl\/en\/#\/schema\/person\/d203e2e84b1c40275eac77b3061a19a2\"},\"description\":\"La profesora ARQ UC y jefa del Mag\u00edster en Arquitectura del Paisaje UC (MAPA) fue invitada a la apertura de la tercera temporada del ciclo \u201cArtifica tu casa\u201d 2022: \u201cChilenos y chilenas del mundo\u201d, entrevistando al arquitecto UC Mathias Klotz.\",\"breadcrumb\":{\"@id\":\"https:\/\/fadeu.urantiacos.cl\/en\/2022\/08\/07\/alejandra-bosch-participo-en-la-nueva-temporada-de-artifica-tu-casa-de-la-uc\/#breadcrumb\"},\"inLanguage\":\"en-US\",\"potentialAction\":[{\"@type\":\"ReadAction\",\"target\":[\"https:\/\/fadeu.urantiacos.cl\/en\/2022\/08\/07\/alejandra-bosch-participo-en-la-nueva-temporada-de-artifica-tu-casa-de-la-uc\/\"]}]},{\"@type\":\"ImageObject\",\"inLanguage\":\"en-US\",\"@id\":\"https:\/\/fadeu.urantiacos.cl\/en\/2022\/08\/07\/alejandra-bosch-participo-en-la-nueva-temporada-de-artifica-tu-casa-de-la-uc\/#primaryimage\",\"url\":\"https:\/\/fadeu.urantiacos.cl\/wp-content\/uploads\/2023\/09\/web_Captura_de_Pantalla_2022-08-07_a_las_19.30.02.png\",\"contentUrl\":\"https:\/\/fadeu.urantiacos.cl\/wp-content\/uploads\/2023\/09\/web_Captura_de_Pantalla_2022-08-07_a_las_19.30.02.png\",\"width\":350,\"height\":250},{\"@type\":\"BreadcrumbList\",\"@id\":\"https:\/\/fadeu.urantiacos.cl\/en\/2022\/08\/07\/alejandra-bosch-participo-en-la-nueva-temporada-de-artifica-tu-casa-de-la-uc\/#breadcrumb\",\"itemListElement\":[{\"@type\":\"ListItem\",\"position\":1,\"name\":\"Portada\",\"item\":\"https:\/\/fadeu.urantiacos.cl\/en\/\"},{\"@type\":\"ListItem\",\"position\":2,\"name\":\"Alejandra Bosch particip\u00f3 en la nueva temporada de \u201cArtifica tu casa\u201d de la UC\"}]},{\"@type\":\"WebSite\",\"@id\":\"https:\/\/fadeu.urantiacos.cl\/en\/#website\",\"url\":\"https:\/\/fadeu.urantiacos.cl\/en\/\",\"name\":\"Facultad de Arquitectura, Dise\u00f1o y Estudios Urbanos\",\"description\":\"Campus Lo Contador\",\"potentialAction\":[{\"@type\":\"SearchAction\",\"target\":{\"@type\":\"EntryPoint\",\"urlTemplate\":\"https:\/\/fadeu.urantiacos.cl\/en\/?s={search_term_string}\"},\"query-input\":{\"@type\":\"PropertyValueSpecification\",\"valueRequired\":true,\"valueName\":\"search_term_string\"}}],\"inLanguage\":\"en-US\"},{\"@type\":\"Person\",\"@id\":\"https:\/\/fadeu.urantiacos.cl\/en\/#\/schema\/person\/d203e2e84b1c40275eac77b3061a19a2\",\"name\":\"manadmin\",\"image\":{\"@type\":\"ImageObject\",\"inLanguage\":\"en-US\",\"@id\":\"https:\/\/fadeu.urantiacos.cl\/en\/#\/schema\/person\/image\/\",\"url\":\"https:\/\/secure.gravatar.com\/avatar\/4b1d8e3303b4a9d8968ac578947d8bc80d9aea359f388cdd4aac15cadc0e8447?s=96&d=mm&r=g\",\"contentUrl\":\"https:\/\/secure.gravatar.com\/avatar\/4b1d8e3303b4a9d8968ac578947d8bc80d9aea359f388cdd4aac15cadc0e8447?s=96&d=mm&r=g\",\"caption\":\"manadmin\"},\"sameAs\":[\"https:\/\/fadeu.urantiacos.cl\"]}]}<\/script>\n<!-- \/ Yoast SEO plugin. -->","yoast_head_json":{"title":"Alejandra Bosch particip\u00f3 en la nueva temporada de \u201cArtifica tu casa\u201d de la UC - Facultad de Arquitectura, Dise\u00f1o y Estudios Urbanos","description":"La profesora ARQ UC y jefa del Mag\u00edster en Arquitectura del Paisaje UC (MAPA) fue invitada a la apertura de la tercera temporada del ciclo \u201cArtifica tu casa\u201d 2022: \u201cChilenos y chilenas del mundo\u201d, entrevistando al arquitecto UC Mathias Klotz.","robots":{"index":"index","follow":"follow","max-snippet":"max-snippet:-1","max-image-preview":"max-image-preview:large","max-video-preview":"max-video-preview:-1"},"canonical":"https:\/\/fadeu.urantiacos.cl\/en\/2022\/08\/07\/alejandra-bosch-participo-en-la-nueva-temporada-de-artifica-tu-casa-de-la-uc\/","og_locale":"en_US","og_type":"article","og_title":"Alejandra Bosch particip\u00f3 en la nueva temporada de \u201cArtifica tu casa\u201d de la UC - Facultad de Arquitectura, Dise\u00f1o y Estudios Urbanos","og_description":"La profesora ARQ UC y jefa del Mag\u00edster en Arquitectura del Paisaje UC (MAPA) fue invitada a la apertura de la tercera temporada del ciclo \u201cArtifica tu casa\u201d 2022: \u201cChilenos y chilenas del mundo\u201d, entrevistando al arquitecto UC Mathias Klotz.","og_url":"https:\/\/fadeu.urantiacos.cl\/en\/2022\/08\/07\/alejandra-bosch-participo-en-la-nueva-temporada-de-artifica-tu-casa-de-la-uc\/","og_site_name":"Facultad de Arquitectura, Dise\u00f1o y Estudios Urbanos","article_published_time":"2022-08-08T02:31:00+00:00","article_modified_time":"2023-09-04T02:33:56+00:00","og_image":[{"width":350,"height":250,"url":"https:\/\/fadeu.urantiacos.cl\/wp-content\/uploads\/2023\/09\/web_Captura_de_Pantalla_2022-08-07_a_las_19.30.02.png","type":"image\/png"}],"author":"manadmin","twitter_card":"summary_large_image","twitter_misc":{"Written by":"manadmin","Est. reading time":"1 minute"},"schema":{"@context":"https:\/\/schema.org","@graph":[{"@type":"Article","@id":"https:\/\/fadeu.urantiacos.cl\/en\/2022\/08\/07\/alejandra-bosch-participo-en-la-nueva-temporada-de-artifica-tu-casa-de-la-uc\/#article","isPartOf":{"@id":"https:\/\/fadeu.urantiacos.cl\/en\/2022\/08\/07\/alejandra-bosch-participo-en-la-nueva-temporada-de-artifica-tu-casa-de-la-uc\/"},"author":{"name":"manadmin","@id":"https:\/\/fadeu.urantiacos.cl\/en\/#\/schema\/person\/d203e2e84b1c40275eac77b3061a19a2"},"headline":"Alejandra Bosch particip\u00f3 en la nueva temporada de \u201cArtifica tu casa\u201d de la UC","datePublished":"2022-08-08T02:31:00+00:00","dateModified":"2023-09-04T02:33:56+00:00","mainEntityOfPage":{"@id":"https:\/\/fadeu.urantiacos.cl\/en\/2022\/08\/07\/alejandra-bosch-participo-en-la-nueva-temporada-de-artifica-tu-casa-de-la-uc\/"},"wordCount":207,"commentCount":0,"image":{"@id":"https:\/\/fadeu.urantiacos.cl\/en\/2022\/08\/07\/alejandra-bosch-participo-en-la-nueva-temporada-de-artifica-tu-casa-de-la-uc\/#primaryimage"},"thumbnailUrl":"https:\/\/fadeu.urantiacos.cl\/wp-content\/uploads\/2023\/09\/web_Captura_de_Pantalla_2022-08-07_a_las_19.30.02.png","articleSection":["Sin categorizar"],"inLanguage":"en-US","potentialAction":[{"@type":"CommentAction","name":"Comment","target":["https:\/\/fadeu.urantiacos.cl\/en\/2022\/08\/07\/alejandra-bosch-participo-en-la-nueva-temporada-de-artifica-tu-casa-de-la-uc\/#respond"]}]},{"@type":"WebPage","@id":"https:\/\/fadeu.urantiacos.cl\/en\/2022\/08\/07\/alejandra-bosch-participo-en-la-nueva-temporada-de-artifica-tu-casa-de-la-uc\/","url":"https:\/\/fadeu.urantiacos.cl\/en\/2022\/08\/07\/alejandra-bosch-participo-en-la-nueva-temporada-de-artifica-tu-casa-de-la-uc\/","name":"Alejandra Bosch particip\u00f3 en la nueva temporada de \u201cArtifica tu casa\u201d de la UC - Facultad de Arquitectura, Dise\u00f1o y Estudios Urbanos","isPartOf":{"@id":"https:\/\/fadeu.urantiacos.cl\/en\/#website"},"primaryImageOfPage":{"@id":"https:\/\/fadeu.urantiacos.cl\/en\/2022\/08\/07\/alejandra-bosch-participo-en-la-nueva-temporada-de-artifica-tu-casa-de-la-uc\/#primaryimage"},"image":{"@id":"https:\/\/fadeu.urantiacos.cl\/en\/2022\/08\/07\/alejandra-bosch-participo-en-la-nueva-temporada-de-artifica-tu-casa-de-la-uc\/#primaryimage"},"thumbnailUrl":"https:\/\/fadeu.urantiacos.cl\/wp-content\/uploads\/2023\/09\/web_Captura_de_Pantalla_2022-08-07_a_las_19.30.02.png","datePublished":"2022-08-08T02:31:00+00:00","dateModified":"2023-09-04T02:33:56+00:00","author":{"@id":"https:\/\/fadeu.urantiacos.cl\/en\/#\/schema\/person\/d203e2e84b1c40275eac77b3061a19a2"},"description":"La profesora ARQ UC y jefa del Mag\u00edster en Arquitectura del Paisaje UC (MAPA) fue invitada a la apertura de la tercera temporada del ciclo \u201cArtifica tu casa\u201d 2022: \u201cChilenos y chilenas del mundo\u201d, entrevistando al arquitecto UC Mathias Klotz.","breadcrumb":{"@id":"https:\/\/fadeu.urantiacos.cl\/en\/2022\/08\/07\/alejandra-bosch-participo-en-la-nueva-temporada-de-artifica-tu-casa-de-la-uc\/#breadcrumb"},"inLanguage":"en-US","potentialAction":[{"@type":"ReadAction","target":["https:\/\/fadeu.urantiacos.cl\/en\/2022\/08\/07\/alejandra-bosch-participo-en-la-nueva-temporada-de-artifica-tu-casa-de-la-uc\/"]}]},{"@type":"ImageObject","inLanguage":"en-US","@id":"https:\/\/fadeu.urantiacos.cl\/en\/2022\/08\/07\/alejandra-bosch-participo-en-la-nueva-temporada-de-artifica-tu-casa-de-la-uc\/#primaryimage","url":"https:\/\/fadeu.urantiacos.cl\/wp-content\/uploads\/2023\/09\/web_Captura_de_Pantalla_2022-08-07_a_las_19.30.02.png","contentUrl":"https:\/\/fadeu.urantiacos.cl\/wp-content\/uploads\/2023\/09\/web_Captura_de_Pantalla_2022-08-07_a_las_19.30.02.png","width":350,"height":250},{"@type":"BreadcrumbList","@id":"https:\/\/fadeu.urantiacos.cl\/en\/2022\/08\/07\/alejandra-bosch-participo-en-la-nueva-temporada-de-artifica-tu-casa-de-la-uc\/#breadcrumb","itemListElement":[{"@type":"ListItem","position":1,"name":"Portada","item":"https:\/\/fadeu.urantiacos.cl\/en\/"},{"@type":"ListItem","position":2,"name":"Alejandra Bosch particip\u00f3 en la nueva temporada de \u201cArtifica tu casa\u201d de la UC"}]},{"@type":"WebSite","@id":"https:\/\/fadeu.urantiacos.cl\/en\/#website","url":"https:\/\/fadeu.urantiacos.cl\/en\/","name":"Facultad de Arquitectura, Dise\u00f1o y Estudios Urbanos","description":"Campus Lo Contador","potentialAction":[{"@type":"SearchAction","target":{"@type":"EntryPoint","urlTemplate":"https:\/\/fadeu.urantiacos.cl\/en\/?s={search_term_string}"},"query-input":{"@type":"PropertyValueSpecification","valueRequired":true,"valueName":"search_term_string"}}],"inLanguage":"en-US"},{"@type":"Person","@id":"https:\/\/fadeu.urantiacos.cl\/en\/#\/schema\/person\/d203e2e84b1c40275eac77b3061a19a2","name":"manadmin","image":{"@type":"ImageObject","inLanguage":"en-US","@id":"https:\/\/fadeu.urantiacos.cl\/en\/#\/schema\/person\/image\/","url":"https:\/\/secure.gravatar.com\/avatar\/4b1d8e3303b4a9d8968ac578947d8bc80d9aea359f388cdd4aac15cadc0e8447?s=96&d=mm&r=g","contentUrl":"https:\/\/secure.gravatar.com\/avatar\/4b1d8e3303b4a9d8968ac578947d8bc80d9aea359f388cdd4aac15cadc0e8447?s=96&d=mm&r=g","caption":"manadmin"},"sameAs":["https:\/\/fadeu.urantiacos.cl"]}]}},"_links":{"self":[{"href":"https:\/\/fadeu.urantiacos.cl\/en\/wp-json\/wp\/v2\/posts\/4426","targetHints":{"allow":["GET"]}}],"collection":[{"href":"https:\/\/fadeu.urantiacos.cl\/en\/wp-json\/wp\/v2\/posts"}],"about":[{"href":"https:\/\/fadeu.urantiacos.cl\/en\/wp-json\/wp\/v2\/types\/post"}],"author":[{"embeddable":true,"href":"https:\/\/fadeu.urantiacos.cl\/en\/wp-json\/wp\/v2\/users\/1"}],"replies":[{"embeddable":true,"href":"https:\/\/fadeu.urantiacos.cl\/en\/wp-json\/wp\/v2\/comments?post=4426"}],"version-history":[{"count":1,"href":"https:\/\/fadeu.urantiacos.cl\/en\/wp-json\/wp\/v2\/posts\/4426\/revisions"}],"predecessor-version":[{"id":4428,"href":"https:\/\/fadeu.urantiacos.cl\/en\/wp-json\/wp\/v2\/posts\/4426\/revisions\/4428"}],"wp:featuredmedia":[{"embeddable":true,"href":"https:\/\/fadeu.urantiacos.cl\/en\/wp-json\/wp\/v2\/media\/4427"}],"wp:attachment":[{"href":"https:\/\/fadeu.urantiacos.cl\/en\/wp-json\/wp\/v2\/media?parent=4426"}],"wp:term":[{"taxonomy":"category","embeddable":true,"href":"https:\/\/fadeu.urantiacos.cl\/en\/wp-json\/wp\/v2\/categories?post=4426"},{"taxonomy":"post_tag","embeddable":true,"href":"https:\/\/fadeu.urantiacos.cl\/en\/wp-json\/wp\/v2\/tags?post=4426"}],"curies":[{"name":"wp","href":"https:\/\/api.w.org\/{rel}","templated":true}]}}