{"id":4423,"date":"2022-08-07T23:29:00","date_gmt":"2022-08-08T02:29:00","guid":{"rendered":"https:\/\/fadeu.urantiacos.cl\/?p=4423"},"modified":"2023-10-17T12:04:54","modified_gmt":"2023-10-17T15:04:54","slug":"profesores-arq-uc-realizaron-seminario-fondef-sobre-mineria-del-litio-y-los-salares-en-atacama","status":"publish","type":"post","link":"https:\/\/fadeu.urantiacos.cl\/en\/2022\/08\/07\/profesores-arq-uc-realizaron-seminario-fondef-sobre-mineria-del-litio-y-los-salares-en-atacama\/","title":{"rendered":"Profesores ARQ UC realizaron seminario FONDEF sobre miner\u00eda del litio y los salares en Atacama"},"content":{"rendered":"\n<p>El mi\u00e9rcoles 27 de julio de 2022 se realiz\u00f3 el evento de cierre del proyecto FONDEF IDeA 2019 \u2014organizado por el equipo de investigaci\u00f3n de la Escuela de Arquitectura UC liderado por Osvaldo Moreno y Ximena Arizaga\u2014. La instancia se consolid\u00f3 como un paso previo a la publicaci\u00f3n de una \u201cgu\u00eda del litio\u201d, manual que abordar\u00e1 el desarrollo sustentable del mineral y que ver\u00eda la luz a fines de este a\u00f1o, tras los estudios y activiades asoicadas al proyecto de investigaci\u00f3n.<\/p>\n\n\n\n<p>El seminario &#8220;Miner\u00eda de litio y salares: Miradas interdisciplinarias e intersectoriales sobre desaf\u00edos y oportunidades de desarrollo&#8221; cont\u00f3 con la participaci\u00f3n de Gustavo Lagos de Ingenier\u00eda UC; Ingrid Garc\u00e9s y Yery Marambio, de la Universidad de Antofagasta; autoridades regionales de la Gobernaci\u00f3n de Atacama; la Seremi de Medioambiente Natalia Penroz; la Seremi de Econom\u00eda Macarena Arias; la directora de CONAF Atacama Sandra Morales; el jefe del Departamento de \u00c1reas Silvestres Protegidas, Jorge Carabantes; el encargado de Conservaci\u00f3n de Biodiversidad, C\u00e9sar Pizarro; el encargado del programa de Miner\u00eda de Litio y Salares del Ministerio de Miner\u00eda, Gonzalo Guti\u00e9rrez; y representantes de comunidades Kolla de la zona.<\/p>\n\n\n\n<p>Por otro lado, el evento fue destacado en la prensa nacional, en medios como\u00a0<a rel=\"noreferrer noopener\" href=\"https:\/\/www.latercera.com\/que-pasa\/noticia\/la-guia-del-litio-academicos-lanzaran-manual-para-el-desarrollo-sustentable-de-este-mineral\/6LLDHIQW4VBG3B6XC2XBGJPD3U\/\" target=\"_blank\">La Tercera<\/a>, revista\u00a0<a href=\"https:\/\/www.nuevamineria.com\/\" target=\"_blank\" rel=\"noreferrer noopener\">Nueva Miner\u00eda<\/a>,\u00a0<a rel=\"noreferrer noopener\" href=\"https:\/\/www.chanarcillo.cl\/universidad-catolica-realizo-seminario-sobre-insercion-sustentable-de-la-mineria-del-litio-en-atacama\/\" target=\"_blank\">Chanarcillo<\/a>\u00a0y\u00a0<a rel=\"noreferrer noopener\" href=\"https:\/\/tierramarillano.cl\/2022\/08\/01\/el-aporte-de-la-universidad-catolica-al-desarrollo-productivo-y-sustentable-de-los-territorios-del-altoandino-de-atacama-y-sus-desafios-ante-la-potencial-insercion-de-la-mineria-de-litio\/\" target=\"_blank\">Tierra Amarillano<\/a>, como tambi\u00e9n en el\u00a0<a rel=\"noreferrer noopener\" href=\"https:\/\/www.reporteminero.cl\/noticia\/noticias\/2022\/08\/universidad-catolica-realizo-seminario-insercion-sustentable-mineria-litio-atacama\" target=\"_blank\">Reporte Minero<\/a>.<\/p>\n\n\n\n<p>Sobre el proyecto_<br>La investigaci\u00f3n \u201cPrototipo de evaluaci\u00f3n complementaria para la Inserci\u00f3n de proyectos mineros en el territorio\u201d tiene como objetivo aportar en el desarrollo sustentable de la miner\u00eda. Es una iniciativa interdisciplinaria orientada a mejorar el desempe\u00f1o ambiental de los proyectos de miner\u00eda de litio en salares altoandinos, contribuyendo por un lado a la protecci\u00f3n de estos importantes (y desconocidos) ecosistemas, y favoreciendo tambi\u00e9n la articulaci\u00f3n de la miner\u00eda virtuosa con otros usos del territorio, especialmente aquellos asociados al turismo de intereses especiales.<\/p>\n\n\n\n<p>La iniciativa fue dirigida por Osvaldo Moreno, profesor ARQ UC y subdirector acad\u00e9mico de la escuela, junto a la profesora ARQ UC Ximena Arizaga, y cont\u00f3 con la participaci\u00f3n de entidades asociadas al Ministerio de Miner\u00eda, el Servicio de Evaluaci\u00f3n Ambiental, CONAF Atacama, CORPROA y ATA.<\/p>\n\n\n\n<p>Para m\u00e1s informaci\u00f3n del proyecto, revisar el siguiente&nbsp;<a href=\"https:\/\/arquitectura.uc.cl\/investigacion\/investigaciones-vigentes.html?view=investigaciones&amp;invId=113\" target=\"_blank\" rel=\"noreferrer noopener\">link<\/a>&nbsp;<br>Ver&nbsp;<a href=\"https:\/\/arquitectura.uc.cl\/images\/documents\/Programa_Seminario_Mineria_de_Litio_y_Salares_vf.pdf\" target=\"_blank\" rel=\"noreferrer noopener\">programa del seminario<\/a>&nbsp;y la&nbsp;<a href=\"https:\/\/arquitectura.uc.cl\/images\/documents\/Introducci%C3%B3n_Seminario_Miner%C3%ADa_de_Litio_y_Salares_vf_compressed.pdf\" target=\"_blank\" rel=\"noreferrer noopener\">presentaci\u00f3n de apertura<\/a><\/p>\n\n\n\n<p>Noticias<br>Contacto:&nbsp;<a href=\"mailto:redesarq@uc.cl\">redesarq@uc.cl<\/a>&nbsp;| +56 2 2354 7747<br>www.arquitectura.uc.cl<\/p>\n","protected":false},"excerpt":{"rendered":"<p>Como parte del cierre de la investigaci\u00f3n \u201cPrototipo de evaluaci\u00f3n complementaria para la inserci\u00f3n de proyectos mineros en el territorio\u201d\u2014dirigida por los profesores ARQ UC Osvaldo Moreno y Ximena Arizaga\u2014, se llev\u00f3 a cabo en Copiap\u00f3 el seminario &#8220;Miner\u00eda de litio y salares: Miradas interdisciplinarias e intersectoriales sobre desaf\u00edos y oportunidades de desarrollo&#8221;.<\/p>\n","protected":false},"author":1,"featured_media":4424,"comment_status":"open","ping_status":"open","sticky":false,"template":"","format":"standard","meta":{"_acf_changed":false,"footnotes":""},"categories":[1],"tags":[],"class_list":["post-4423","post","type-post","status-publish","format-standard","has-post-thumbnail","hentry","category-sin-categorizar"],"acf":[],"yoast_head":"<!-- This site is optimized with the Yoast SEO plugin v27.1.1 - https:\/\/yoast.com\/product\/yoast-seo-wordpress\/ -->\n<title>Profesores ARQ UC realizaron seminario FONDEF sobre miner\u00eda del litio y los salares en Atacama - Facultad de Arquitectura, Dise\u00f1o y Estudios Urbanos<\/title>\n<meta name=\"description\" content=\"Como parte del cierre de la investigaci\u00f3n \u201cPrototipo de evaluaci\u00f3n complementaria para la inserci\u00f3n de proyectos mineros en el territorio\u201d\u2014dirigida por los profesores ARQ UC Osvaldo Moreno y Ximena Arizaga\u2014, se llev\u00f3 a cabo en Copiap\u00f3 el seminario &quot;Miner\u00eda de litio y salares: Miradas interdisciplinarias e intersectoriales sobre desaf\u00edos y oportunidades de desarrollo&quot;.\" \/>\n<meta name=\"robots\" content=\"index, follow, max-snippet:-1, max-image-preview:large, max-video-preview:-1\" \/>\n<link rel=\"canonical\" href=\"https:\/\/fadeu.urantiacos.cl\/en\/2022\/08\/07\/profesores-arq-uc-realizaron-seminario-fondef-sobre-mineria-del-litio-y-los-salares-en-atacama\/\" \/>\n<meta property=\"og:locale\" content=\"en_US\" \/>\n<meta property=\"og:type\" content=\"article\" \/>\n<meta property=\"og:title\" content=\"Profesores ARQ UC realizaron seminario FONDEF sobre miner\u00eda del litio y los salares en Atacama - Facultad de Arquitectura, Dise\u00f1o y Estudios Urbanos\" \/>\n<meta property=\"og:description\" content=\"Como parte del cierre de la investigaci\u00f3n \u201cPrototipo de evaluaci\u00f3n complementaria para la inserci\u00f3n de proyectos mineros en el territorio\u201d\u2014dirigida por los profesores ARQ UC Osvaldo Moreno y Ximena Arizaga\u2014, se llev\u00f3 a cabo en Copiap\u00f3 el seminario &quot;Miner\u00eda de litio y salares: Miradas interdisciplinarias e intersectoriales sobre desaf\u00edos y oportunidades de desarrollo&quot;.\" \/>\n<meta property=\"og:url\" content=\"https:\/\/fadeu.urantiacos.cl\/en\/2022\/08\/07\/profesores-arq-uc-realizaron-seminario-fondef-sobre-mineria-del-litio-y-los-salares-en-atacama\/\" \/>\n<meta property=\"og:site_name\" content=\"Facultad de Arquitectura, Dise\u00f1o y Estudios Urbanos\" \/>\n<meta property=\"article:published_time\" content=\"2022-08-08T02:29:00+00:00\" \/>\n<meta property=\"article:modified_time\" content=\"2023-10-17T15:04:54+00:00\" \/>\n<meta property=\"og:image\" content=\"https:\/\/fadeu.urantiacos.cl\/wp-content\/uploads\/2023\/09\/web_Moreno_Fondef_2019_800.jpg\" \/>\n\t<meta property=\"og:image:width\" content=\"350\" \/>\n\t<meta property=\"og:image:height\" content=\"250\" \/>\n\t<meta property=\"og:image:type\" content=\"image\/jpeg\" \/>\n<meta name=\"author\" content=\"manadmin\" \/>\n<meta name=\"twitter:card\" content=\"summary_large_image\" \/>\n<meta name=\"twitter:label1\" content=\"Written by\" \/>\n\t<meta name=\"twitter:data1\" content=\"manadmin\" \/>\n\t<meta name=\"twitter:label2\" content=\"Est. reading time\" \/>\n\t<meta name=\"twitter:data2\" content=\"2 minutes\" \/>\n<script type=\"application\/ld+json\" class=\"yoast-schema-graph\">{\"@context\":\"https:\/\/schema.org\",\"@graph\":[{\"@type\":\"Article\",\"@id\":\"https:\/\/fadeu.urantiacos.cl\/en\/2022\/08\/07\/profesores-arq-uc-realizaron-seminario-fondef-sobre-mineria-del-litio-y-los-salares-en-atacama\/#article\",\"isPartOf\":{\"@id\":\"https:\/\/fadeu.urantiacos.cl\/en\/2022\/08\/07\/profesores-arq-uc-realizaron-seminario-fondef-sobre-mineria-del-litio-y-los-salares-en-atacama\/\"},\"author\":{\"name\":\"manadmin\",\"@id\":\"https:\/\/fadeu.urantiacos.cl\/en\/#\/schema\/person\/d203e2e84b1c40275eac77b3061a19a2\"},\"headline\":\"Profesores ARQ UC realizaron seminario FONDEF sobre miner\u00eda del litio y los salares en Atacama\",\"datePublished\":\"2022-08-08T02:29:00+00:00\",\"dateModified\":\"2023-10-17T15:04:54+00:00\",\"mainEntityOfPage\":{\"@id\":\"https:\/\/fadeu.urantiacos.cl\/en\/2022\/08\/07\/profesores-arq-uc-realizaron-seminario-fondef-sobre-mineria-del-litio-y-los-salares-en-atacama\/\"},\"wordCount\":429,\"commentCount\":0,\"image\":{\"@id\":\"https:\/\/fadeu.urantiacos.cl\/en\/2022\/08\/07\/profesores-arq-uc-realizaron-seminario-fondef-sobre-mineria-del-litio-y-los-salares-en-atacama\/#primaryimage\"},\"thumbnailUrl\":\"https:\/\/fadeu.urantiacos.cl\/wp-content\/uploads\/2023\/09\/web_Moreno_Fondef_2019_800.jpg\",\"articleSection\":[\"Sin categorizar\"],\"inLanguage\":\"en-US\",\"potentialAction\":[{\"@type\":\"CommentAction\",\"name\":\"Comment\",\"target\":[\"https:\/\/fadeu.urantiacos.cl\/en\/2022\/08\/07\/profesores-arq-uc-realizaron-seminario-fondef-sobre-mineria-del-litio-y-los-salares-en-atacama\/#respond\"]}]},{\"@type\":\"WebPage\",\"@id\":\"https:\/\/fadeu.urantiacos.cl\/en\/2022\/08\/07\/profesores-arq-uc-realizaron-seminario-fondef-sobre-mineria-del-litio-y-los-salares-en-atacama\/\",\"url\":\"https:\/\/fadeu.urantiacos.cl\/en\/2022\/08\/07\/profesores-arq-uc-realizaron-seminario-fondef-sobre-mineria-del-litio-y-los-salares-en-atacama\/\",\"name\":\"Profesores ARQ UC realizaron seminario FONDEF sobre miner\u00eda del litio y los salares en Atacama - Facultad de Arquitectura, Dise\u00f1o y Estudios Urbanos\",\"isPartOf\":{\"@id\":\"https:\/\/fadeu.urantiacos.cl\/en\/#website\"},\"primaryImageOfPage\":{\"@id\":\"https:\/\/fadeu.urantiacos.cl\/en\/2022\/08\/07\/profesores-arq-uc-realizaron-seminario-fondef-sobre-mineria-del-litio-y-los-salares-en-atacama\/#primaryimage\"},\"image\":{\"@id\":\"https:\/\/fadeu.urantiacos.cl\/en\/2022\/08\/07\/profesores-arq-uc-realizaron-seminario-fondef-sobre-mineria-del-litio-y-los-salares-en-atacama\/#primaryimage\"},\"thumbnailUrl\":\"https:\/\/fadeu.urantiacos.cl\/wp-content\/uploads\/2023\/09\/web_Moreno_Fondef_2019_800.jpg\",\"datePublished\":\"2022-08-08T02:29:00+00:00\",\"dateModified\":\"2023-10-17T15:04:54+00:00\",\"author\":{\"@id\":\"https:\/\/fadeu.urantiacos.cl\/en\/#\/schema\/person\/d203e2e84b1c40275eac77b3061a19a2\"},\"description\":\"Como parte del cierre de la investigaci\u00f3n \u201cPrototipo de evaluaci\u00f3n complementaria para la inserci\u00f3n de proyectos mineros en el territorio\u201d\u2014dirigida por los profesores ARQ UC Osvaldo Moreno y Ximena Arizaga\u2014, se llev\u00f3 a cabo en Copiap\u00f3 el seminario \\\"Miner\u00eda de litio y salares: Miradas interdisciplinarias e intersectoriales sobre desaf\u00edos y oportunidades de desarrollo\\\".\",\"breadcrumb\":{\"@id\":\"https:\/\/fadeu.urantiacos.cl\/en\/2022\/08\/07\/profesores-arq-uc-realizaron-seminario-fondef-sobre-mineria-del-litio-y-los-salares-en-atacama\/#breadcrumb\"},\"inLanguage\":\"en-US\",\"potentialAction\":[{\"@type\":\"ReadAction\",\"target\":[\"https:\/\/fadeu.urantiacos.cl\/en\/2022\/08\/07\/profesores-arq-uc-realizaron-seminario-fondef-sobre-mineria-del-litio-y-los-salares-en-atacama\/\"]}]},{\"@type\":\"ImageObject\",\"inLanguage\":\"en-US\",\"@id\":\"https:\/\/fadeu.urantiacos.cl\/en\/2022\/08\/07\/profesores-arq-uc-realizaron-seminario-fondef-sobre-mineria-del-litio-y-los-salares-en-atacama\/#primaryimage\",\"url\":\"https:\/\/fadeu.urantiacos.cl\/wp-content\/uploads\/2023\/09\/web_Moreno_Fondef_2019_800.jpg\",\"contentUrl\":\"https:\/\/fadeu.urantiacos.cl\/wp-content\/uploads\/2023\/09\/web_Moreno_Fondef_2019_800.jpg\",\"width\":350,\"height\":250},{\"@type\":\"BreadcrumbList\",\"@id\":\"https:\/\/fadeu.urantiacos.cl\/en\/2022\/08\/07\/profesores-arq-uc-realizaron-seminario-fondef-sobre-mineria-del-litio-y-los-salares-en-atacama\/#breadcrumb\",\"itemListElement\":[{\"@type\":\"ListItem\",\"position\":1,\"name\":\"Portada\",\"item\":\"https:\/\/fadeu.urantiacos.cl\/en\/\"},{\"@type\":\"ListItem\",\"position\":2,\"name\":\"Profesores ARQ UC realizaron seminario FONDEF sobre miner\u00eda del litio y los salares en Atacama\"}]},{\"@type\":\"WebSite\",\"@id\":\"https:\/\/fadeu.urantiacos.cl\/en\/#website\",\"url\":\"https:\/\/fadeu.urantiacos.cl\/en\/\",\"name\":\"Facultad de Arquitectura, Dise\u00f1o y Estudios Urbanos\",\"description\":\"Campus Lo Contador\",\"potentialAction\":[{\"@type\":\"SearchAction\",\"target\":{\"@type\":\"EntryPoint\",\"urlTemplate\":\"https:\/\/fadeu.urantiacos.cl\/en\/?s={search_term_string}\"},\"query-input\":{\"@type\":\"PropertyValueSpecification\",\"valueRequired\":true,\"valueName\":\"search_term_string\"}}],\"inLanguage\":\"en-US\"},{\"@type\":\"Person\",\"@id\":\"https:\/\/fadeu.urantiacos.cl\/en\/#\/schema\/person\/d203e2e84b1c40275eac77b3061a19a2\",\"name\":\"manadmin\",\"image\":{\"@type\":\"ImageObject\",\"inLanguage\":\"en-US\",\"@id\":\"https:\/\/fadeu.urantiacos.cl\/en\/#\/schema\/person\/image\/\",\"url\":\"https:\/\/secure.gravatar.com\/avatar\/4b1d8e3303b4a9d8968ac578947d8bc80d9aea359f388cdd4aac15cadc0e8447?s=96&d=mm&r=g\",\"contentUrl\":\"https:\/\/secure.gravatar.com\/avatar\/4b1d8e3303b4a9d8968ac578947d8bc80d9aea359f388cdd4aac15cadc0e8447?s=96&d=mm&r=g\",\"caption\":\"manadmin\"},\"sameAs\":[\"https:\/\/fadeu.urantiacos.cl\"]}]}<\/script>\n<!-- \/ Yoast SEO plugin. -->","yoast_head_json":{"title":"Profesores ARQ UC realizaron seminario FONDEF sobre miner\u00eda del litio y los salares en Atacama - Facultad de Arquitectura, Dise\u00f1o y Estudios Urbanos","description":"Como parte del cierre de la investigaci\u00f3n \u201cPrototipo de evaluaci\u00f3n complementaria para la inserci\u00f3n de proyectos mineros en el territorio\u201d\u2014dirigida por los profesores ARQ UC Osvaldo Moreno y Ximena Arizaga\u2014, se llev\u00f3 a cabo en Copiap\u00f3 el seminario \"Miner\u00eda de litio y salares: Miradas interdisciplinarias e intersectoriales sobre desaf\u00edos y oportunidades de desarrollo\".","robots":{"index":"index","follow":"follow","max-snippet":"max-snippet:-1","max-image-preview":"max-image-preview:large","max-video-preview":"max-video-preview:-1"},"canonical":"https:\/\/fadeu.urantiacos.cl\/en\/2022\/08\/07\/profesores-arq-uc-realizaron-seminario-fondef-sobre-mineria-del-litio-y-los-salares-en-atacama\/","og_locale":"en_US","og_type":"article","og_title":"Profesores ARQ UC realizaron seminario FONDEF sobre miner\u00eda del litio y los salares en Atacama - Facultad de Arquitectura, Dise\u00f1o y Estudios Urbanos","og_description":"Como parte del cierre de la investigaci\u00f3n \u201cPrototipo de evaluaci\u00f3n complementaria para la inserci\u00f3n de proyectos mineros en el territorio\u201d\u2014dirigida por los profesores ARQ UC Osvaldo Moreno y Ximena Arizaga\u2014, se llev\u00f3 a cabo en Copiap\u00f3 el seminario \"Miner\u00eda de litio y salares: Miradas interdisciplinarias e intersectoriales sobre desaf\u00edos y oportunidades de desarrollo\".","og_url":"https:\/\/fadeu.urantiacos.cl\/en\/2022\/08\/07\/profesores-arq-uc-realizaron-seminario-fondef-sobre-mineria-del-litio-y-los-salares-en-atacama\/","og_site_name":"Facultad de Arquitectura, Dise\u00f1o y Estudios Urbanos","article_published_time":"2022-08-08T02:29:00+00:00","article_modified_time":"2023-10-17T15:04:54+00:00","og_image":[{"width":350,"height":250,"url":"https:\/\/fadeu.urantiacos.cl\/wp-content\/uploads\/2023\/09\/web_Moreno_Fondef_2019_800.jpg","type":"image\/jpeg"}],"author":"manadmin","twitter_card":"summary_large_image","twitter_misc":{"Written by":"manadmin","Est. reading time":"2 minutes"},"schema":{"@context":"https:\/\/schema.org","@graph":[{"@type":"Article","@id":"https:\/\/fadeu.urantiacos.cl\/en\/2022\/08\/07\/profesores-arq-uc-realizaron-seminario-fondef-sobre-mineria-del-litio-y-los-salares-en-atacama\/#article","isPartOf":{"@id":"https:\/\/fadeu.urantiacos.cl\/en\/2022\/08\/07\/profesores-arq-uc-realizaron-seminario-fondef-sobre-mineria-del-litio-y-los-salares-en-atacama\/"},"author":{"name":"manadmin","@id":"https:\/\/fadeu.urantiacos.cl\/en\/#\/schema\/person\/d203e2e84b1c40275eac77b3061a19a2"},"headline":"Profesores ARQ UC realizaron seminario FONDEF sobre miner\u00eda del litio y los salares en Atacama","datePublished":"2022-08-08T02:29:00+00:00","dateModified":"2023-10-17T15:04:54+00:00","mainEntityOfPage":{"@id":"https:\/\/fadeu.urantiacos.cl\/en\/2022\/08\/07\/profesores-arq-uc-realizaron-seminario-fondef-sobre-mineria-del-litio-y-los-salares-en-atacama\/"},"wordCount":429,"commentCount":0,"image":{"@id":"https:\/\/fadeu.urantiacos.cl\/en\/2022\/08\/07\/profesores-arq-uc-realizaron-seminario-fondef-sobre-mineria-del-litio-y-los-salares-en-atacama\/#primaryimage"},"thumbnailUrl":"https:\/\/fadeu.urantiacos.cl\/wp-content\/uploads\/2023\/09\/web_Moreno_Fondef_2019_800.jpg","articleSection":["Sin categorizar"],"inLanguage":"en-US","potentialAction":[{"@type":"CommentAction","name":"Comment","target":["https:\/\/fadeu.urantiacos.cl\/en\/2022\/08\/07\/profesores-arq-uc-realizaron-seminario-fondef-sobre-mineria-del-litio-y-los-salares-en-atacama\/#respond"]}]},{"@type":"WebPage","@id":"https:\/\/fadeu.urantiacos.cl\/en\/2022\/08\/07\/profesores-arq-uc-realizaron-seminario-fondef-sobre-mineria-del-litio-y-los-salares-en-atacama\/","url":"https:\/\/fadeu.urantiacos.cl\/en\/2022\/08\/07\/profesores-arq-uc-realizaron-seminario-fondef-sobre-mineria-del-litio-y-los-salares-en-atacama\/","name":"Profesores ARQ UC realizaron seminario FONDEF sobre miner\u00eda del litio y los salares en Atacama - Facultad de Arquitectura, Dise\u00f1o y Estudios Urbanos","isPartOf":{"@id":"https:\/\/fadeu.urantiacos.cl\/en\/#website"},"primaryImageOfPage":{"@id":"https:\/\/fadeu.urantiacos.cl\/en\/2022\/08\/07\/profesores-arq-uc-realizaron-seminario-fondef-sobre-mineria-del-litio-y-los-salares-en-atacama\/#primaryimage"},"image":{"@id":"https:\/\/fadeu.urantiacos.cl\/en\/2022\/08\/07\/profesores-arq-uc-realizaron-seminario-fondef-sobre-mineria-del-litio-y-los-salares-en-atacama\/#primaryimage"},"thumbnailUrl":"https:\/\/fadeu.urantiacos.cl\/wp-content\/uploads\/2023\/09\/web_Moreno_Fondef_2019_800.jpg","datePublished":"2022-08-08T02:29:00+00:00","dateModified":"2023-10-17T15:04:54+00:00","author":{"@id":"https:\/\/fadeu.urantiacos.cl\/en\/#\/schema\/person\/d203e2e84b1c40275eac77b3061a19a2"},"description":"Como parte del cierre de la investigaci\u00f3n \u201cPrototipo de evaluaci\u00f3n complementaria para la inserci\u00f3n de proyectos mineros en el territorio\u201d\u2014dirigida por los profesores ARQ UC Osvaldo Moreno y Ximena Arizaga\u2014, se llev\u00f3 a cabo en Copiap\u00f3 el seminario \"Miner\u00eda de litio y salares: Miradas interdisciplinarias e intersectoriales sobre desaf\u00edos y oportunidades de desarrollo\".","breadcrumb":{"@id":"https:\/\/fadeu.urantiacos.cl\/en\/2022\/08\/07\/profesores-arq-uc-realizaron-seminario-fondef-sobre-mineria-del-litio-y-los-salares-en-atacama\/#breadcrumb"},"inLanguage":"en-US","potentialAction":[{"@type":"ReadAction","target":["https:\/\/fadeu.urantiacos.cl\/en\/2022\/08\/07\/profesores-arq-uc-realizaron-seminario-fondef-sobre-mineria-del-litio-y-los-salares-en-atacama\/"]}]},{"@type":"ImageObject","inLanguage":"en-US","@id":"https:\/\/fadeu.urantiacos.cl\/en\/2022\/08\/07\/profesores-arq-uc-realizaron-seminario-fondef-sobre-mineria-del-litio-y-los-salares-en-atacama\/#primaryimage","url":"https:\/\/fadeu.urantiacos.cl\/wp-content\/uploads\/2023\/09\/web_Moreno_Fondef_2019_800.jpg","contentUrl":"https:\/\/fadeu.urantiacos.cl\/wp-content\/uploads\/2023\/09\/web_Moreno_Fondef_2019_800.jpg","width":350,"height":250},{"@type":"BreadcrumbList","@id":"https:\/\/fadeu.urantiacos.cl\/en\/2022\/08\/07\/profesores-arq-uc-realizaron-seminario-fondef-sobre-mineria-del-litio-y-los-salares-en-atacama\/#breadcrumb","itemListElement":[{"@type":"ListItem","position":1,"name":"Portada","item":"https:\/\/fadeu.urantiacos.cl\/en\/"},{"@type":"ListItem","position":2,"name":"Profesores ARQ UC realizaron seminario FONDEF sobre miner\u00eda del litio y los salares en Atacama"}]},{"@type":"WebSite","@id":"https:\/\/fadeu.urantiacos.cl\/en\/#website","url":"https:\/\/fadeu.urantiacos.cl\/en\/","name":"Facultad de Arquitectura, Dise\u00f1o y Estudios Urbanos","description":"Campus Lo Contador","potentialAction":[{"@type":"SearchAction","target":{"@type":"EntryPoint","urlTemplate":"https:\/\/fadeu.urantiacos.cl\/en\/?s={search_term_string}"},"query-input":{"@type":"PropertyValueSpecification","valueRequired":true,"valueName":"search_term_string"}}],"inLanguage":"en-US"},{"@type":"Person","@id":"https:\/\/fadeu.urantiacos.cl\/en\/#\/schema\/person\/d203e2e84b1c40275eac77b3061a19a2","name":"manadmin","image":{"@type":"ImageObject","inLanguage":"en-US","@id":"https:\/\/fadeu.urantiacos.cl\/en\/#\/schema\/person\/image\/","url":"https:\/\/secure.gravatar.com\/avatar\/4b1d8e3303b4a9d8968ac578947d8bc80d9aea359f388cdd4aac15cadc0e8447?s=96&d=mm&r=g","contentUrl":"https:\/\/secure.gravatar.com\/avatar\/4b1d8e3303b4a9d8968ac578947d8bc80d9aea359f388cdd4aac15cadc0e8447?s=96&d=mm&r=g","caption":"manadmin"},"sameAs":["https:\/\/fadeu.urantiacos.cl"]}]}},"_links":{"self":[{"href":"https:\/\/fadeu.urantiacos.cl\/en\/wp-json\/wp\/v2\/posts\/4423","targetHints":{"allow":["GET"]}}],"collection":[{"href":"https:\/\/fadeu.urantiacos.cl\/en\/wp-json\/wp\/v2\/posts"}],"about":[{"href":"https:\/\/fadeu.urantiacos.cl\/en\/wp-json\/wp\/v2\/types\/post"}],"author":[{"embeddable":true,"href":"https:\/\/fadeu.urantiacos.cl\/en\/wp-json\/wp\/v2\/users\/1"}],"replies":[{"embeddable":true,"href":"https:\/\/fadeu.urantiacos.cl\/en\/wp-json\/wp\/v2\/comments?post=4423"}],"version-history":[{"count":2,"href":"https:\/\/fadeu.urantiacos.cl\/en\/wp-json\/wp\/v2\/posts\/4423\/revisions"}],"predecessor-version":[{"id":17145,"href":"https:\/\/fadeu.urantiacos.cl\/en\/wp-json\/wp\/v2\/posts\/4423\/revisions\/17145"}],"wp:featuredmedia":[{"embeddable":true,"href":"https:\/\/fadeu.urantiacos.cl\/en\/wp-json\/wp\/v2\/media\/4424"}],"wp:attachment":[{"href":"https:\/\/fadeu.urantiacos.cl\/en\/wp-json\/wp\/v2\/media?parent=4423"}],"wp:term":[{"taxonomy":"category","embeddable":true,"href":"https:\/\/fadeu.urantiacos.cl\/en\/wp-json\/wp\/v2\/categories?post=4423"},{"taxonomy":"post_tag","embeddable":true,"href":"https:\/\/fadeu.urantiacos.cl\/en\/wp-json\/wp\/v2\/tags?post=4423"}],"curies":[{"name":"wp","href":"https:\/\/api.w.org\/{rel}","templated":true}]}}