{"id":4402,"date":"2022-08-09T23:13:00","date_gmt":"2022-08-10T02:13:00","guid":{"rendered":"https:\/\/fadeu.urantiacos.cl\/?p=4402"},"modified":"2023-09-03T23:18:53","modified_gmt":"2023-09-04T02:18:53","slug":"ciclo-de-critica-y-celebracion-define-programacion-para-el-segundo-semestre","status":"publish","type":"post","link":"https:\/\/fadeu.urantiacos.cl\/en\/2022\/08\/09\/ciclo-de-critica-y-celebracion-define-programacion-para-el-segundo-semestre\/","title":{"rendered":"Ciclo de \u201cCr\u00edtica y Celebraci\u00f3n\u201d define programaci\u00f3n para el segundo semestre"},"content":{"rendered":"\n<figure class=\"wp-block-image size-full\"><img decoding=\"async\" width=\"350\" height=\"250\" src=\"https:\/\/fadeu.urantiacos.cl\/wp-content\/uploads\/2023\/09\/WhatsApp_Image_2022-08-09_at_1.25.58_PM.jpeg\" alt=\"\" class=\"wp-image-4403\" srcset=\"https:\/\/fadeu.urantiacos.cl\/wp-content\/uploads\/2023\/09\/WhatsApp_Image_2022-08-09_at_1.25.58_PM.jpeg 350w, https:\/\/fadeu.urantiacos.cl\/wp-content\/uploads\/2023\/09\/WhatsApp_Image_2022-08-09_at_1.25.58_PM-300x214.jpeg 300w\" sizes=\"(max-width: 350px) 100vw, 350px\" \/><\/figure>\n\n\n\n<p>Se trata de seis nuevos conversatorios, a desarrollarse en el auditorio Fernando Castillo Velasco de la escuela de Arquitectura, en las siguientes fechas:<\/p>\n\n\n\n<ol class=\"wp-block-list\">\n<li>Cr\u00f3nicas de la Convenci\u00f3n Constituyente (Isabel Aninat y Patricio Fern\u00e1ndez), 24 de agosto.<\/li>\n\n\n\n<li>Una nueva transici\u00f3n: en busca de un acuerdo perdido (Ignacio Briones y Rodrigo Vald\u00e9s), 28 de septiembre.<\/li>\n\n\n\n<li>Cervantes y El Quijote (Carla Cordua), 12 de octubre.<\/li>\n\n\n\n<li>El sentimiento po\u00e9tico mapuche (Jos\u00e9 Bengoa), 26 de octubre.<\/li>\n\n\n\n<li>Sergio Larra\u00edn, el mito de la fotograf\u00eda chilena (Catalina Mena y Ernesto Ayala), 16 de noviembre.<\/li>\n\n\n\n<li>La amistad desde las diferencias (Josefina Araos y Noam Titelman), 7 de diciembre.<\/li>\n<\/ol>\n\n\n\n<p>Las jornadas son organizadas conjuntamente entre el profesor Rodr\u00edguez, la Facultad de Arquitectura, Dise\u00f1o y Estudios Urbanos (FADEU) y la escuela de Arquitectura.<\/p>\n\n\n\n<p>La necesidad de conversar (<a href=\"https:\/\/fadeu.urantiacos.cl\/noticias\/5803-prensa-i-los-dialogos-contingentes-y-amistosos-de-ernesto-rodriguez\" target=\"_blank\" rel=\"noreferrer noopener\">extracto de nota en El Mercurio<\/a>)<\/p>\n\n\n\n<p>\u201c\u2018Cr\u00edtica&#8217; no es por criticar, sino por tener las cosas claras y no pensar vagamente, saber de qu\u00e9 estamos hablando. Eso nos permite celebrar, estar contentos por el intento de vivir con claridad\u201d, explica Ernesto Rodr\u00edguez sobre el nombre que les dio a los ciclos de conversaciones que dirigi\u00f3 durante 35 a\u00f1os en el Centro de Estudios P\u00fablicos (CEP) y que ahora se est\u00e1n realizando en el campus Lo Contador de la UC (en coordinaci\u00f3n con la FADEU).<\/p>\n\n\n\n<p>El proyecto ahora cuenta con un directorio y est\u00e1 en proceso de constituirse como fundaci\u00f3n. \u201cDecid\u00ed continuarlo, y como soy profesor hace 50 a\u00f1os en la Facultad de Arquitectura de la Cat\u00f3lica, nos han recibido extraordinariamente bien y estamos estableciendo un convenio. Lo que hice en el CEP lo sigo haciendo con m\u00e1s \u00e1nimo, a pesar de mis 91 a\u00f1os\u201d, a\u00f1ade.<\/p>\n\n\n\n<p>Cr\u00edtica y Celebraci\u00f3n busca generar conversaciones bien argumentadas sobre temas contingentes, pero siempre manteniendo un ambiente amigable. Le\u00f3n D\u00e9lano, coordinador ejecutivo del proyecto en esta nueva etapa, comenta que \u201clas charlas son sobre temas pol\u00edticos, econ\u00f3micos, filos\u00f3ficos, art\u00edsticos y humanistas. Buscamos expositores que representen diferencias y que a partir de ellas armen un di\u00e1logo constructivo y celebratorio\u201d.<\/p>\n\n\n\n<p>En la misma l\u00ednea, Rodr\u00edguez indica que su mayor incentivo viene de una necesidad. \u201cUna sociedad que est\u00e1 en enemistad, est\u00e1 condenada a desaparecer. Hay que hacer todo lo posible para que la amistad se establezca desde las diferencias. Esto puede iluminar no solo a la pol\u00edtica, sino a la vida, en estos tiempos que estamos viviendo\u201d.<\/p>\n\n\n\n<figure class=\"wp-block-image size-large is-resized\"><img decoding=\"async\" src=\"https:\/\/fadeu.urantiacos.cl\/wp-content\/uploads\/2023\/09\/PROGRAMACION_CRITICA_Y_CELEBRACION-576x1024.png\" alt=\"\" class=\"wp-image-4404\" style=\"width:1051px;height:1024px\" width=\"1051\" height=\"1024\"\/><\/figure>\n\n\n\n<p>INFORMACI\u00d3N PERIOD\u00cdSTICA<br>JUAN ANDR\u00c9S INZUNZA<\/p>\n","protected":false},"excerpt":{"rendered":"<p>El Ciclo \u201cCr\u00edtica y Celebraci\u00f3n\u201d, organizado por el profesor Ernesto Rodr\u00edguez (escuela de Arquitectura), ha presentado la programaci\u00f3n para el segundo semestre, instancia que releva, entre otros temas, la discusi\u00f3n constitucional, la poes\u00eda mapuche, fotograf\u00eda y nuevos acuerdos en materia de pol\u00edtica fiscal.<\/p>\n","protected":false},"author":1,"featured_media":4403,"comment_status":"open","ping_status":"open","sticky":false,"template":"","format":"standard","meta":{"_acf_changed":false,"footnotes":""},"categories":[1],"tags":[],"class_list":["post-4402","post","type-post","status-publish","format-standard","has-post-thumbnail","hentry","category-sin-categorizar"],"acf":[],"yoast_head":"<!-- This site is optimized with the Yoast SEO plugin v27.1.1 - https:\/\/yoast.com\/product\/yoast-seo-wordpress\/ -->\n<title>Ciclo de \u201cCr\u00edtica y Celebraci\u00f3n\u201d define programaci\u00f3n para el segundo semestre - Facultad de Arquitectura, Dise\u00f1o y Estudios Urbanos<\/title>\n<meta name=\"description\" content=\"El Ciclo \u201cCr\u00edtica y Celebraci\u00f3n\u201d, organizado por el profesor Ernesto Rodr\u00edguez (escuela de Arquitectura), ha presentado la programaci\u00f3n para el segundo semestre, instancia que releva, entre otros temas, la discusi\u00f3n constitucional, la poes\u00eda mapuche, fotograf\u00eda y nuevos acuerdos en materia de pol\u00edtica fiscal.\" \/>\n<meta name=\"robots\" content=\"index, follow, max-snippet:-1, max-image-preview:large, max-video-preview:-1\" \/>\n<link rel=\"canonical\" href=\"https:\/\/fadeu.urantiacos.cl\/en\/2022\/08\/09\/ciclo-de-critica-y-celebracion-define-programacion-para-el-segundo-semestre\/\" \/>\n<meta property=\"og:locale\" content=\"en_US\" \/>\n<meta property=\"og:type\" content=\"article\" \/>\n<meta property=\"og:title\" content=\"Ciclo de \u201cCr\u00edtica y Celebraci\u00f3n\u201d define programaci\u00f3n para el segundo semestre - Facultad de Arquitectura, Dise\u00f1o y Estudios Urbanos\" \/>\n<meta property=\"og:description\" content=\"El Ciclo \u201cCr\u00edtica y Celebraci\u00f3n\u201d, organizado por el profesor Ernesto Rodr\u00edguez (escuela de Arquitectura), ha presentado la programaci\u00f3n para el segundo semestre, instancia que releva, entre otros temas, la discusi\u00f3n constitucional, la poes\u00eda mapuche, fotograf\u00eda y nuevos acuerdos en materia de pol\u00edtica fiscal.\" \/>\n<meta property=\"og:url\" content=\"https:\/\/fadeu.urantiacos.cl\/en\/2022\/08\/09\/ciclo-de-critica-y-celebracion-define-programacion-para-el-segundo-semestre\/\" \/>\n<meta property=\"og:site_name\" content=\"Facultad de Arquitectura, Dise\u00f1o y Estudios Urbanos\" \/>\n<meta property=\"article:published_time\" content=\"2022-08-10T02:13:00+00:00\" \/>\n<meta property=\"article:modified_time\" content=\"2023-09-04T02:18:53+00:00\" \/>\n<meta property=\"og:image\" content=\"https:\/\/fadeu.urantiacos.cl\/wp-content\/uploads\/2023\/09\/WhatsApp_Image_2022-08-09_at_1.25.58_PM.jpeg\" \/>\n\t<meta property=\"og:image:width\" content=\"350\" \/>\n\t<meta property=\"og:image:height\" content=\"250\" \/>\n\t<meta property=\"og:image:type\" content=\"image\/jpeg\" \/>\n<meta name=\"author\" content=\"manadmin\" \/>\n<meta name=\"twitter:card\" content=\"summary_large_image\" \/>\n<meta name=\"twitter:label1\" content=\"Written by\" \/>\n\t<meta name=\"twitter:data1\" content=\"manadmin\" \/>\n\t<meta name=\"twitter:label2\" content=\"Est. reading time\" \/>\n\t<meta name=\"twitter:data2\" content=\"2 minutes\" \/>\n<script type=\"application\/ld+json\" class=\"yoast-schema-graph\">{\"@context\":\"https:\/\/schema.org\",\"@graph\":[{\"@type\":\"Article\",\"@id\":\"https:\/\/fadeu.urantiacos.cl\/en\/2022\/08\/09\/ciclo-de-critica-y-celebracion-define-programacion-para-el-segundo-semestre\/#article\",\"isPartOf\":{\"@id\":\"https:\/\/fadeu.urantiacos.cl\/en\/2022\/08\/09\/ciclo-de-critica-y-celebracion-define-programacion-para-el-segundo-semestre\/\"},\"author\":{\"name\":\"manadmin\",\"@id\":\"https:\/\/fadeu.urantiacos.cl\/en\/#\/schema\/person\/d203e2e84b1c40275eac77b3061a19a2\"},\"headline\":\"Ciclo de \u201cCr\u00edtica y Celebraci\u00f3n\u201d define programaci\u00f3n para el segundo semestre\",\"datePublished\":\"2022-08-10T02:13:00+00:00\",\"dateModified\":\"2023-09-04T02:18:53+00:00\",\"mainEntityOfPage\":{\"@id\":\"https:\/\/fadeu.urantiacos.cl\/en\/2022\/08\/09\/ciclo-de-critica-y-celebracion-define-programacion-para-el-segundo-semestre\/\"},\"wordCount\":432,\"commentCount\":0,\"image\":{\"@id\":\"https:\/\/fadeu.urantiacos.cl\/en\/2022\/08\/09\/ciclo-de-critica-y-celebracion-define-programacion-para-el-segundo-semestre\/#primaryimage\"},\"thumbnailUrl\":\"https:\/\/fadeu.urantiacos.cl\/wp-content\/uploads\/2023\/09\/WhatsApp_Image_2022-08-09_at_1.25.58_PM.jpeg\",\"articleSection\":[\"Sin categorizar\"],\"inLanguage\":\"en-US\",\"potentialAction\":[{\"@type\":\"CommentAction\",\"name\":\"Comment\",\"target\":[\"https:\/\/fadeu.urantiacos.cl\/en\/2022\/08\/09\/ciclo-de-critica-y-celebracion-define-programacion-para-el-segundo-semestre\/#respond\"]}]},{\"@type\":\"WebPage\",\"@id\":\"https:\/\/fadeu.urantiacos.cl\/en\/2022\/08\/09\/ciclo-de-critica-y-celebracion-define-programacion-para-el-segundo-semestre\/\",\"url\":\"https:\/\/fadeu.urantiacos.cl\/en\/2022\/08\/09\/ciclo-de-critica-y-celebracion-define-programacion-para-el-segundo-semestre\/\",\"name\":\"Ciclo de \u201cCr\u00edtica y Celebraci\u00f3n\u201d define programaci\u00f3n para el segundo semestre - Facultad de Arquitectura, Dise\u00f1o y Estudios Urbanos\",\"isPartOf\":{\"@id\":\"https:\/\/fadeu.urantiacos.cl\/en\/#website\"},\"primaryImageOfPage\":{\"@id\":\"https:\/\/fadeu.urantiacos.cl\/en\/2022\/08\/09\/ciclo-de-critica-y-celebracion-define-programacion-para-el-segundo-semestre\/#primaryimage\"},\"image\":{\"@id\":\"https:\/\/fadeu.urantiacos.cl\/en\/2022\/08\/09\/ciclo-de-critica-y-celebracion-define-programacion-para-el-segundo-semestre\/#primaryimage\"},\"thumbnailUrl\":\"https:\/\/fadeu.urantiacos.cl\/wp-content\/uploads\/2023\/09\/WhatsApp_Image_2022-08-09_at_1.25.58_PM.jpeg\",\"datePublished\":\"2022-08-10T02:13:00+00:00\",\"dateModified\":\"2023-09-04T02:18:53+00:00\",\"author\":{\"@id\":\"https:\/\/fadeu.urantiacos.cl\/en\/#\/schema\/person\/d203e2e84b1c40275eac77b3061a19a2\"},\"description\":\"El Ciclo \u201cCr\u00edtica y Celebraci\u00f3n\u201d, organizado por el profesor Ernesto Rodr\u00edguez (escuela de Arquitectura), ha presentado la programaci\u00f3n para el segundo semestre, instancia que releva, entre otros temas, la discusi\u00f3n constitucional, la poes\u00eda mapuche, fotograf\u00eda y nuevos acuerdos en materia de pol\u00edtica fiscal.\",\"breadcrumb\":{\"@id\":\"https:\/\/fadeu.urantiacos.cl\/en\/2022\/08\/09\/ciclo-de-critica-y-celebracion-define-programacion-para-el-segundo-semestre\/#breadcrumb\"},\"inLanguage\":\"en-US\",\"potentialAction\":[{\"@type\":\"ReadAction\",\"target\":[\"https:\/\/fadeu.urantiacos.cl\/en\/2022\/08\/09\/ciclo-de-critica-y-celebracion-define-programacion-para-el-segundo-semestre\/\"]}]},{\"@type\":\"ImageObject\",\"inLanguage\":\"en-US\",\"@id\":\"https:\/\/fadeu.urantiacos.cl\/en\/2022\/08\/09\/ciclo-de-critica-y-celebracion-define-programacion-para-el-segundo-semestre\/#primaryimage\",\"url\":\"https:\/\/fadeu.urantiacos.cl\/wp-content\/uploads\/2023\/09\/WhatsApp_Image_2022-08-09_at_1.25.58_PM.jpeg\",\"contentUrl\":\"https:\/\/fadeu.urantiacos.cl\/wp-content\/uploads\/2023\/09\/WhatsApp_Image_2022-08-09_at_1.25.58_PM.jpeg\",\"width\":350,\"height\":250},{\"@type\":\"BreadcrumbList\",\"@id\":\"https:\/\/fadeu.urantiacos.cl\/en\/2022\/08\/09\/ciclo-de-critica-y-celebracion-define-programacion-para-el-segundo-semestre\/#breadcrumb\",\"itemListElement\":[{\"@type\":\"ListItem\",\"position\":1,\"name\":\"Portada\",\"item\":\"https:\/\/fadeu.urantiacos.cl\/en\/\"},{\"@type\":\"ListItem\",\"position\":2,\"name\":\"Ciclo de \u201cCr\u00edtica y Celebraci\u00f3n\u201d define programaci\u00f3n para el segundo semestre\"}]},{\"@type\":\"WebSite\",\"@id\":\"https:\/\/fadeu.urantiacos.cl\/en\/#website\",\"url\":\"https:\/\/fadeu.urantiacos.cl\/en\/\",\"name\":\"Facultad de Arquitectura, Dise\u00f1o y Estudios Urbanos\",\"description\":\"Campus Lo Contador\",\"potentialAction\":[{\"@type\":\"SearchAction\",\"target\":{\"@type\":\"EntryPoint\",\"urlTemplate\":\"https:\/\/fadeu.urantiacos.cl\/en\/?s={search_term_string}\"},\"query-input\":{\"@type\":\"PropertyValueSpecification\",\"valueRequired\":true,\"valueName\":\"search_term_string\"}}],\"inLanguage\":\"en-US\"},{\"@type\":\"Person\",\"@id\":\"https:\/\/fadeu.urantiacos.cl\/en\/#\/schema\/person\/d203e2e84b1c40275eac77b3061a19a2\",\"name\":\"manadmin\",\"image\":{\"@type\":\"ImageObject\",\"inLanguage\":\"en-US\",\"@id\":\"https:\/\/fadeu.urantiacos.cl\/en\/#\/schema\/person\/image\/\",\"url\":\"https:\/\/secure.gravatar.com\/avatar\/4b1d8e3303b4a9d8968ac578947d8bc80d9aea359f388cdd4aac15cadc0e8447?s=96&d=mm&r=g\",\"contentUrl\":\"https:\/\/secure.gravatar.com\/avatar\/4b1d8e3303b4a9d8968ac578947d8bc80d9aea359f388cdd4aac15cadc0e8447?s=96&d=mm&r=g\",\"caption\":\"manadmin\"},\"sameAs\":[\"https:\/\/fadeu.urantiacos.cl\"]}]}<\/script>\n<!-- \/ Yoast SEO plugin. -->","yoast_head_json":{"title":"Ciclo de \u201cCr\u00edtica y Celebraci\u00f3n\u201d define programaci\u00f3n para el segundo semestre - Facultad de Arquitectura, Dise\u00f1o y Estudios Urbanos","description":"El Ciclo \u201cCr\u00edtica y Celebraci\u00f3n\u201d, organizado por el profesor Ernesto Rodr\u00edguez (escuela de Arquitectura), ha presentado la programaci\u00f3n para el segundo semestre, instancia que releva, entre otros temas, la discusi\u00f3n constitucional, la poes\u00eda mapuche, fotograf\u00eda y nuevos acuerdos en materia de pol\u00edtica fiscal.","robots":{"index":"index","follow":"follow","max-snippet":"max-snippet:-1","max-image-preview":"max-image-preview:large","max-video-preview":"max-video-preview:-1"},"canonical":"https:\/\/fadeu.urantiacos.cl\/en\/2022\/08\/09\/ciclo-de-critica-y-celebracion-define-programacion-para-el-segundo-semestre\/","og_locale":"en_US","og_type":"article","og_title":"Ciclo de \u201cCr\u00edtica y Celebraci\u00f3n\u201d define programaci\u00f3n para el segundo semestre - Facultad de Arquitectura, Dise\u00f1o y Estudios Urbanos","og_description":"El Ciclo \u201cCr\u00edtica y Celebraci\u00f3n\u201d, organizado por el profesor Ernesto Rodr\u00edguez (escuela de Arquitectura), ha presentado la programaci\u00f3n para el segundo semestre, instancia que releva, entre otros temas, la discusi\u00f3n constitucional, la poes\u00eda mapuche, fotograf\u00eda y nuevos acuerdos en materia de pol\u00edtica fiscal.","og_url":"https:\/\/fadeu.urantiacos.cl\/en\/2022\/08\/09\/ciclo-de-critica-y-celebracion-define-programacion-para-el-segundo-semestre\/","og_site_name":"Facultad de Arquitectura, Dise\u00f1o y Estudios Urbanos","article_published_time":"2022-08-10T02:13:00+00:00","article_modified_time":"2023-09-04T02:18:53+00:00","og_image":[{"width":350,"height":250,"url":"https:\/\/fadeu.urantiacos.cl\/wp-content\/uploads\/2023\/09\/WhatsApp_Image_2022-08-09_at_1.25.58_PM.jpeg","type":"image\/jpeg"}],"author":"manadmin","twitter_card":"summary_large_image","twitter_misc":{"Written by":"manadmin","Est. reading time":"2 minutes"},"schema":{"@context":"https:\/\/schema.org","@graph":[{"@type":"Article","@id":"https:\/\/fadeu.urantiacos.cl\/en\/2022\/08\/09\/ciclo-de-critica-y-celebracion-define-programacion-para-el-segundo-semestre\/#article","isPartOf":{"@id":"https:\/\/fadeu.urantiacos.cl\/en\/2022\/08\/09\/ciclo-de-critica-y-celebracion-define-programacion-para-el-segundo-semestre\/"},"author":{"name":"manadmin","@id":"https:\/\/fadeu.urantiacos.cl\/en\/#\/schema\/person\/d203e2e84b1c40275eac77b3061a19a2"},"headline":"Ciclo de \u201cCr\u00edtica y Celebraci\u00f3n\u201d define programaci\u00f3n para el segundo semestre","datePublished":"2022-08-10T02:13:00+00:00","dateModified":"2023-09-04T02:18:53+00:00","mainEntityOfPage":{"@id":"https:\/\/fadeu.urantiacos.cl\/en\/2022\/08\/09\/ciclo-de-critica-y-celebracion-define-programacion-para-el-segundo-semestre\/"},"wordCount":432,"commentCount":0,"image":{"@id":"https:\/\/fadeu.urantiacos.cl\/en\/2022\/08\/09\/ciclo-de-critica-y-celebracion-define-programacion-para-el-segundo-semestre\/#primaryimage"},"thumbnailUrl":"https:\/\/fadeu.urantiacos.cl\/wp-content\/uploads\/2023\/09\/WhatsApp_Image_2022-08-09_at_1.25.58_PM.jpeg","articleSection":["Sin categorizar"],"inLanguage":"en-US","potentialAction":[{"@type":"CommentAction","name":"Comment","target":["https:\/\/fadeu.urantiacos.cl\/en\/2022\/08\/09\/ciclo-de-critica-y-celebracion-define-programacion-para-el-segundo-semestre\/#respond"]}]},{"@type":"WebPage","@id":"https:\/\/fadeu.urantiacos.cl\/en\/2022\/08\/09\/ciclo-de-critica-y-celebracion-define-programacion-para-el-segundo-semestre\/","url":"https:\/\/fadeu.urantiacos.cl\/en\/2022\/08\/09\/ciclo-de-critica-y-celebracion-define-programacion-para-el-segundo-semestre\/","name":"Ciclo de \u201cCr\u00edtica y Celebraci\u00f3n\u201d define programaci\u00f3n para el segundo semestre - Facultad de Arquitectura, Dise\u00f1o y Estudios Urbanos","isPartOf":{"@id":"https:\/\/fadeu.urantiacos.cl\/en\/#website"},"primaryImageOfPage":{"@id":"https:\/\/fadeu.urantiacos.cl\/en\/2022\/08\/09\/ciclo-de-critica-y-celebracion-define-programacion-para-el-segundo-semestre\/#primaryimage"},"image":{"@id":"https:\/\/fadeu.urantiacos.cl\/en\/2022\/08\/09\/ciclo-de-critica-y-celebracion-define-programacion-para-el-segundo-semestre\/#primaryimage"},"thumbnailUrl":"https:\/\/fadeu.urantiacos.cl\/wp-content\/uploads\/2023\/09\/WhatsApp_Image_2022-08-09_at_1.25.58_PM.jpeg","datePublished":"2022-08-10T02:13:00+00:00","dateModified":"2023-09-04T02:18:53+00:00","author":{"@id":"https:\/\/fadeu.urantiacos.cl\/en\/#\/schema\/person\/d203e2e84b1c40275eac77b3061a19a2"},"description":"El Ciclo \u201cCr\u00edtica y Celebraci\u00f3n\u201d, organizado por el profesor Ernesto Rodr\u00edguez (escuela de Arquitectura), ha presentado la programaci\u00f3n para el segundo semestre, instancia que releva, entre otros temas, la discusi\u00f3n constitucional, la poes\u00eda mapuche, fotograf\u00eda y nuevos acuerdos en materia de pol\u00edtica fiscal.","breadcrumb":{"@id":"https:\/\/fadeu.urantiacos.cl\/en\/2022\/08\/09\/ciclo-de-critica-y-celebracion-define-programacion-para-el-segundo-semestre\/#breadcrumb"},"inLanguage":"en-US","potentialAction":[{"@type":"ReadAction","target":["https:\/\/fadeu.urantiacos.cl\/en\/2022\/08\/09\/ciclo-de-critica-y-celebracion-define-programacion-para-el-segundo-semestre\/"]}]},{"@type":"ImageObject","inLanguage":"en-US","@id":"https:\/\/fadeu.urantiacos.cl\/en\/2022\/08\/09\/ciclo-de-critica-y-celebracion-define-programacion-para-el-segundo-semestre\/#primaryimage","url":"https:\/\/fadeu.urantiacos.cl\/wp-content\/uploads\/2023\/09\/WhatsApp_Image_2022-08-09_at_1.25.58_PM.jpeg","contentUrl":"https:\/\/fadeu.urantiacos.cl\/wp-content\/uploads\/2023\/09\/WhatsApp_Image_2022-08-09_at_1.25.58_PM.jpeg","width":350,"height":250},{"@type":"BreadcrumbList","@id":"https:\/\/fadeu.urantiacos.cl\/en\/2022\/08\/09\/ciclo-de-critica-y-celebracion-define-programacion-para-el-segundo-semestre\/#breadcrumb","itemListElement":[{"@type":"ListItem","position":1,"name":"Portada","item":"https:\/\/fadeu.urantiacos.cl\/en\/"},{"@type":"ListItem","position":2,"name":"Ciclo de \u201cCr\u00edtica y Celebraci\u00f3n\u201d define programaci\u00f3n para el segundo semestre"}]},{"@type":"WebSite","@id":"https:\/\/fadeu.urantiacos.cl\/en\/#website","url":"https:\/\/fadeu.urantiacos.cl\/en\/","name":"Facultad de Arquitectura, Dise\u00f1o y Estudios Urbanos","description":"Campus Lo Contador","potentialAction":[{"@type":"SearchAction","target":{"@type":"EntryPoint","urlTemplate":"https:\/\/fadeu.urantiacos.cl\/en\/?s={search_term_string}"},"query-input":{"@type":"PropertyValueSpecification","valueRequired":true,"valueName":"search_term_string"}}],"inLanguage":"en-US"},{"@type":"Person","@id":"https:\/\/fadeu.urantiacos.cl\/en\/#\/schema\/person\/d203e2e84b1c40275eac77b3061a19a2","name":"manadmin","image":{"@type":"ImageObject","inLanguage":"en-US","@id":"https:\/\/fadeu.urantiacos.cl\/en\/#\/schema\/person\/image\/","url":"https:\/\/secure.gravatar.com\/avatar\/4b1d8e3303b4a9d8968ac578947d8bc80d9aea359f388cdd4aac15cadc0e8447?s=96&d=mm&r=g","contentUrl":"https:\/\/secure.gravatar.com\/avatar\/4b1d8e3303b4a9d8968ac578947d8bc80d9aea359f388cdd4aac15cadc0e8447?s=96&d=mm&r=g","caption":"manadmin"},"sameAs":["https:\/\/fadeu.urantiacos.cl"]}]}},"_links":{"self":[{"href":"https:\/\/fadeu.urantiacos.cl\/en\/wp-json\/wp\/v2\/posts\/4402","targetHints":{"allow":["GET"]}}],"collection":[{"href":"https:\/\/fadeu.urantiacos.cl\/en\/wp-json\/wp\/v2\/posts"}],"about":[{"href":"https:\/\/fadeu.urantiacos.cl\/en\/wp-json\/wp\/v2\/types\/post"}],"author":[{"embeddable":true,"href":"https:\/\/fadeu.urantiacos.cl\/en\/wp-json\/wp\/v2\/users\/1"}],"replies":[{"embeddable":true,"href":"https:\/\/fadeu.urantiacos.cl\/en\/wp-json\/wp\/v2\/comments?post=4402"}],"version-history":[{"count":1,"href":"https:\/\/fadeu.urantiacos.cl\/en\/wp-json\/wp\/v2\/posts\/4402\/revisions"}],"predecessor-version":[{"id":4405,"href":"https:\/\/fadeu.urantiacos.cl\/en\/wp-json\/wp\/v2\/posts\/4402\/revisions\/4405"}],"wp:featuredmedia":[{"embeddable":true,"href":"https:\/\/fadeu.urantiacos.cl\/en\/wp-json\/wp\/v2\/media\/4403"}],"wp:attachment":[{"href":"https:\/\/fadeu.urantiacos.cl\/en\/wp-json\/wp\/v2\/media?parent=4402"}],"wp:term":[{"taxonomy":"category","embeddable":true,"href":"https:\/\/fadeu.urantiacos.cl\/en\/wp-json\/wp\/v2\/categories?post=4402"},{"taxonomy":"post_tag","embeddable":true,"href":"https:\/\/fadeu.urantiacos.cl\/en\/wp-json\/wp\/v2\/tags?post=4402"}],"curies":[{"name":"wp","href":"https:\/\/api.w.org\/{rel}","templated":true}]}}