{"id":4392,"date":"2022-08-11T23:06:00","date_gmt":"2022-08-12T02:06:00","guid":{"rendered":"https:\/\/fadeu.urantiacos.cl\/?p=4392"},"modified":"2023-09-03T23:08:26","modified_gmt":"2023-09-04T02:08:26","slug":"el-director-de-diseno-uc-martin-tironi-fue-entrevistado-por-la-revista-materia","status":"publish","type":"post","link":"https:\/\/fadeu.urantiacos.cl\/en\/2022\/08\/11\/el-director-de-diseno-uc-martin-tironi-fue-entrevistado-por-la-revista-materia\/","title":{"rendered":"El director de Dise\u00f1o UC, Mart\u00edn Tironi, fue entrevistado por la Revista Materia"},"content":{"rendered":"\n<figure class=\"wp-block-image size-full\"><img decoding=\"async\" width=\"350\" height=\"250\" src=\"https:\/\/fadeu.urantiacos.cl\/wp-content\/uploads\/2023\/09\/web_c4cf98bbdfdb9bb2a532f7ff074e7480.jpg\" alt=\"\" class=\"wp-image-4393\" srcset=\"https:\/\/fadeu.urantiacos.cl\/wp-content\/uploads\/2023\/09\/web_c4cf98bbdfdb9bb2a532f7ff074e7480.jpg 350w, https:\/\/fadeu.urantiacos.cl\/wp-content\/uploads\/2023\/09\/web_c4cf98bbdfdb9bb2a532f7ff074e7480-300x214.jpg 300w\" sizes=\"(max-width: 350px) 100vw, 350px\" \/><\/figure>\n\n\n\n<p>En ese plano Tironi comenta: \u201cla heterogeneidad de formas de hacer y pensar el dise\u00f1o que conviven en Dise\u00f1o UC, son un oportunidad para impulsar y &nbsp;articular nuevos y diversos campos de investigaci\u00f3n y creaci\u00f3n, y para construir las bases de un dise\u00f1o \u00e9tico, un dise\u00f1o comprometido con la huella ambiental, social y cultural que producen los productos, servicios e innovaciones que el dise\u00f1o lanza al mundo\u201d<\/p>\n\n\n\n<p>Respecto a un dise\u00f1o orientado al planeta, comenta: \u201ceste giro \u00e9tico y ecol\u00f3gico pasa necesariamente por tomar conciencia que los profesionales del dise\u00f1o no est\u00e1n sobre una tierra infinita, sino que estamos entremezclados con ella y el conjunto de seres que la habitan&#8221;.<\/p>\n\n\n\n<h6 class=\"wp-block-heading\">+Revisa entrevista completa&nbsp;<a href=\"https:\/\/www.revistamateria.com\/entrevista\/martin-tironi-y-los-desafios-del-diseno-para-un-planeta-en-transicion\/\" target=\"_blank\" rel=\"noreferrer noopener\">aqu\u00ed<\/a>.<\/h6>\n","protected":false},"excerpt":{"rendered":"<p>En esta entrevista Tironi comparte algunos de los desaf\u00edos que presenta el nuevo equipo de direcci\u00f3n de Dise\u00f1o UC en \u00e1reas vinculadas a la formaci\u00f3n, investigaci\u00f3n e impacto con el medio. Asimismo, analiza los desaf\u00edos del dise\u00f1o para un planeta en transici\u00f3n, entendida en t\u00e9rminos de la construcci\u00f3n de marcos de acci\u00f3n m\u00e1s \u00e9ticos y ecol\u00f3gicos para afrontar la crisis clim\u00e1tica, el avance de la robotizaci\u00f3n y las inequidades sociales.<\/p>\n","protected":false},"author":1,"featured_media":4393,"comment_status":"open","ping_status":"open","sticky":false,"template":"","format":"standard","meta":{"_acf_changed":false,"footnotes":""},"categories":[1],"tags":[],"class_list":["post-4392","post","type-post","status-publish","format-standard","has-post-thumbnail","hentry","category-sin-categorizar"],"acf":[],"yoast_head":"<!-- This site is optimized with the Yoast SEO plugin v27.1.1 - https:\/\/yoast.com\/product\/yoast-seo-wordpress\/ -->\n<title>El director de Dise\u00f1o UC, Mart\u00edn Tironi, fue entrevistado por la Revista Materia - Facultad de Arquitectura, Dise\u00f1o y Estudios Urbanos<\/title>\n<meta name=\"description\" content=\"En esta entrevista Tironi comparte algunos de los desaf\u00edos que presenta el nuevo equipo de direcci\u00f3n de Dise\u00f1o UC en \u00e1reas vinculadas a la formaci\u00f3n, investigaci\u00f3n e impacto con el medio. Asimismo, analiza los desaf\u00edos del dise\u00f1o para un planeta en transici\u00f3n, entendida en t\u00e9rminos de la construcci\u00f3n de marcos de acci\u00f3n m\u00e1s \u00e9ticos y ecol\u00f3gicos para afrontar la crisis clim\u00e1tica, el avance de la robotizaci\u00f3n y las inequidades sociales.\" \/>\n<meta name=\"robots\" content=\"index, follow, max-snippet:-1, max-image-preview:large, max-video-preview:-1\" \/>\n<link rel=\"canonical\" href=\"https:\/\/fadeu.urantiacos.cl\/en\/2022\/08\/11\/el-director-de-diseno-uc-martin-tironi-fue-entrevistado-por-la-revista-materia\/\" \/>\n<meta property=\"og:locale\" content=\"en_US\" \/>\n<meta property=\"og:type\" content=\"article\" \/>\n<meta property=\"og:title\" content=\"El director de Dise\u00f1o UC, Mart\u00edn Tironi, fue entrevistado por la Revista Materia - Facultad de Arquitectura, Dise\u00f1o y Estudios Urbanos\" \/>\n<meta property=\"og:description\" content=\"En esta entrevista Tironi comparte algunos de los desaf\u00edos que presenta el nuevo equipo de direcci\u00f3n de Dise\u00f1o UC en \u00e1reas vinculadas a la formaci\u00f3n, investigaci\u00f3n e impacto con el medio. Asimismo, analiza los desaf\u00edos del dise\u00f1o para un planeta en transici\u00f3n, entendida en t\u00e9rminos de la construcci\u00f3n de marcos de acci\u00f3n m\u00e1s \u00e9ticos y ecol\u00f3gicos para afrontar la crisis clim\u00e1tica, el avance de la robotizaci\u00f3n y las inequidades sociales.\" \/>\n<meta property=\"og:url\" content=\"https:\/\/fadeu.urantiacos.cl\/en\/2022\/08\/11\/el-director-de-diseno-uc-martin-tironi-fue-entrevistado-por-la-revista-materia\/\" \/>\n<meta property=\"og:site_name\" content=\"Facultad de Arquitectura, Dise\u00f1o y Estudios Urbanos\" \/>\n<meta property=\"article:published_time\" content=\"2022-08-12T02:06:00+00:00\" \/>\n<meta property=\"article:modified_time\" content=\"2023-09-04T02:08:26+00:00\" \/>\n<meta property=\"og:image\" content=\"https:\/\/fadeu.urantiacos.cl\/wp-content\/uploads\/2023\/09\/web_c4cf98bbdfdb9bb2a532f7ff074e7480.jpg\" \/>\n\t<meta property=\"og:image:width\" content=\"350\" \/>\n\t<meta property=\"og:image:height\" content=\"250\" \/>\n\t<meta property=\"og:image:type\" content=\"image\/jpeg\" \/>\n<meta name=\"author\" content=\"manadmin\" \/>\n<meta name=\"twitter:card\" content=\"summary_large_image\" \/>\n<meta name=\"twitter:label1\" content=\"Written by\" \/>\n\t<meta name=\"twitter:data1\" content=\"manadmin\" \/>\n\t<meta name=\"twitter:label2\" content=\"Est. reading time\" \/>\n\t<meta name=\"twitter:data2\" content=\"1 minute\" \/>\n<script type=\"application\/ld+json\" class=\"yoast-schema-graph\">{\"@context\":\"https:\/\/schema.org\",\"@graph\":[{\"@type\":\"Article\",\"@id\":\"https:\/\/fadeu.urantiacos.cl\/en\/2022\/08\/11\/el-director-de-diseno-uc-martin-tironi-fue-entrevistado-por-la-revista-materia\/#article\",\"isPartOf\":{\"@id\":\"https:\/\/fadeu.urantiacos.cl\/en\/2022\/08\/11\/el-director-de-diseno-uc-martin-tironi-fue-entrevistado-por-la-revista-materia\/\"},\"author\":{\"name\":\"manadmin\",\"@id\":\"https:\/\/fadeu.urantiacos.cl\/en\/#\/schema\/person\/d203e2e84b1c40275eac77b3061a19a2\"},\"headline\":\"El director de Dise\u00f1o UC, Mart\u00edn Tironi, fue entrevistado por la Revista Materia\",\"datePublished\":\"2022-08-12T02:06:00+00:00\",\"dateModified\":\"2023-09-04T02:08:26+00:00\",\"mainEntityOfPage\":{\"@id\":\"https:\/\/fadeu.urantiacos.cl\/en\/2022\/08\/11\/el-director-de-diseno-uc-martin-tironi-fue-entrevistado-por-la-revista-materia\/\"},\"wordCount\":142,\"commentCount\":0,\"image\":{\"@id\":\"https:\/\/fadeu.urantiacos.cl\/en\/2022\/08\/11\/el-director-de-diseno-uc-martin-tironi-fue-entrevistado-por-la-revista-materia\/#primaryimage\"},\"thumbnailUrl\":\"https:\/\/fadeu.urantiacos.cl\/wp-content\/uploads\/2023\/09\/web_c4cf98bbdfdb9bb2a532f7ff074e7480.jpg\",\"articleSection\":[\"Sin categorizar\"],\"inLanguage\":\"en-US\",\"potentialAction\":[{\"@type\":\"CommentAction\",\"name\":\"Comment\",\"target\":[\"https:\/\/fadeu.urantiacos.cl\/en\/2022\/08\/11\/el-director-de-diseno-uc-martin-tironi-fue-entrevistado-por-la-revista-materia\/#respond\"]}]},{\"@type\":\"WebPage\",\"@id\":\"https:\/\/fadeu.urantiacos.cl\/en\/2022\/08\/11\/el-director-de-diseno-uc-martin-tironi-fue-entrevistado-por-la-revista-materia\/\",\"url\":\"https:\/\/fadeu.urantiacos.cl\/en\/2022\/08\/11\/el-director-de-diseno-uc-martin-tironi-fue-entrevistado-por-la-revista-materia\/\",\"name\":\"El director de Dise\u00f1o UC, Mart\u00edn Tironi, fue entrevistado por la Revista Materia - Facultad de Arquitectura, Dise\u00f1o y Estudios Urbanos\",\"isPartOf\":{\"@id\":\"https:\/\/fadeu.urantiacos.cl\/en\/#website\"},\"primaryImageOfPage\":{\"@id\":\"https:\/\/fadeu.urantiacos.cl\/en\/2022\/08\/11\/el-director-de-diseno-uc-martin-tironi-fue-entrevistado-por-la-revista-materia\/#primaryimage\"},\"image\":{\"@id\":\"https:\/\/fadeu.urantiacos.cl\/en\/2022\/08\/11\/el-director-de-diseno-uc-martin-tironi-fue-entrevistado-por-la-revista-materia\/#primaryimage\"},\"thumbnailUrl\":\"https:\/\/fadeu.urantiacos.cl\/wp-content\/uploads\/2023\/09\/web_c4cf98bbdfdb9bb2a532f7ff074e7480.jpg\",\"datePublished\":\"2022-08-12T02:06:00+00:00\",\"dateModified\":\"2023-09-04T02:08:26+00:00\",\"author\":{\"@id\":\"https:\/\/fadeu.urantiacos.cl\/en\/#\/schema\/person\/d203e2e84b1c40275eac77b3061a19a2\"},\"description\":\"En esta entrevista Tironi comparte algunos de los desaf\u00edos que presenta el nuevo equipo de direcci\u00f3n de Dise\u00f1o UC en \u00e1reas vinculadas a la formaci\u00f3n, investigaci\u00f3n e impacto con el medio. Asimismo, analiza los desaf\u00edos del dise\u00f1o para un planeta en transici\u00f3n, entendida en t\u00e9rminos de la construcci\u00f3n de marcos de acci\u00f3n m\u00e1s \u00e9ticos y ecol\u00f3gicos para afrontar la crisis clim\u00e1tica, el avance de la robotizaci\u00f3n y las inequidades sociales.\",\"breadcrumb\":{\"@id\":\"https:\/\/fadeu.urantiacos.cl\/en\/2022\/08\/11\/el-director-de-diseno-uc-martin-tironi-fue-entrevistado-por-la-revista-materia\/#breadcrumb\"},\"inLanguage\":\"en-US\",\"potentialAction\":[{\"@type\":\"ReadAction\",\"target\":[\"https:\/\/fadeu.urantiacos.cl\/en\/2022\/08\/11\/el-director-de-diseno-uc-martin-tironi-fue-entrevistado-por-la-revista-materia\/\"]}]},{\"@type\":\"ImageObject\",\"inLanguage\":\"en-US\",\"@id\":\"https:\/\/fadeu.urantiacos.cl\/en\/2022\/08\/11\/el-director-de-diseno-uc-martin-tironi-fue-entrevistado-por-la-revista-materia\/#primaryimage\",\"url\":\"https:\/\/fadeu.urantiacos.cl\/wp-content\/uploads\/2023\/09\/web_c4cf98bbdfdb9bb2a532f7ff074e7480.jpg\",\"contentUrl\":\"https:\/\/fadeu.urantiacos.cl\/wp-content\/uploads\/2023\/09\/web_c4cf98bbdfdb9bb2a532f7ff074e7480.jpg\",\"width\":350,\"height\":250},{\"@type\":\"BreadcrumbList\",\"@id\":\"https:\/\/fadeu.urantiacos.cl\/en\/2022\/08\/11\/el-director-de-diseno-uc-martin-tironi-fue-entrevistado-por-la-revista-materia\/#breadcrumb\",\"itemListElement\":[{\"@type\":\"ListItem\",\"position\":1,\"name\":\"Portada\",\"item\":\"https:\/\/fadeu.urantiacos.cl\/en\/\"},{\"@type\":\"ListItem\",\"position\":2,\"name\":\"El director de Dise\u00f1o UC, Mart\u00edn Tironi, fue entrevistado por la Revista Materia\"}]},{\"@type\":\"WebSite\",\"@id\":\"https:\/\/fadeu.urantiacos.cl\/en\/#website\",\"url\":\"https:\/\/fadeu.urantiacos.cl\/en\/\",\"name\":\"Facultad de Arquitectura, Dise\u00f1o y Estudios Urbanos\",\"description\":\"Campus Lo Contador\",\"potentialAction\":[{\"@type\":\"SearchAction\",\"target\":{\"@type\":\"EntryPoint\",\"urlTemplate\":\"https:\/\/fadeu.urantiacos.cl\/en\/?s={search_term_string}\"},\"query-input\":{\"@type\":\"PropertyValueSpecification\",\"valueRequired\":true,\"valueName\":\"search_term_string\"}}],\"inLanguage\":\"en-US\"},{\"@type\":\"Person\",\"@id\":\"https:\/\/fadeu.urantiacos.cl\/en\/#\/schema\/person\/d203e2e84b1c40275eac77b3061a19a2\",\"name\":\"manadmin\",\"image\":{\"@type\":\"ImageObject\",\"inLanguage\":\"en-US\",\"@id\":\"https:\/\/fadeu.urantiacos.cl\/en\/#\/schema\/person\/image\/\",\"url\":\"https:\/\/secure.gravatar.com\/avatar\/4b1d8e3303b4a9d8968ac578947d8bc80d9aea359f388cdd4aac15cadc0e8447?s=96&d=mm&r=g\",\"contentUrl\":\"https:\/\/secure.gravatar.com\/avatar\/4b1d8e3303b4a9d8968ac578947d8bc80d9aea359f388cdd4aac15cadc0e8447?s=96&d=mm&r=g\",\"caption\":\"manadmin\"},\"sameAs\":[\"https:\/\/fadeu.urantiacos.cl\"]}]}<\/script>\n<!-- \/ Yoast SEO plugin. -->","yoast_head_json":{"title":"El director de Dise\u00f1o UC, Mart\u00edn Tironi, fue entrevistado por la Revista Materia - Facultad de Arquitectura, Dise\u00f1o y Estudios Urbanos","description":"En esta entrevista Tironi comparte algunos de los desaf\u00edos que presenta el nuevo equipo de direcci\u00f3n de Dise\u00f1o UC en \u00e1reas vinculadas a la formaci\u00f3n, investigaci\u00f3n e impacto con el medio. Asimismo, analiza los desaf\u00edos del dise\u00f1o para un planeta en transici\u00f3n, entendida en t\u00e9rminos de la construcci\u00f3n de marcos de acci\u00f3n m\u00e1s \u00e9ticos y ecol\u00f3gicos para afrontar la crisis clim\u00e1tica, el avance de la robotizaci\u00f3n y las inequidades sociales.","robots":{"index":"index","follow":"follow","max-snippet":"max-snippet:-1","max-image-preview":"max-image-preview:large","max-video-preview":"max-video-preview:-1"},"canonical":"https:\/\/fadeu.urantiacos.cl\/en\/2022\/08\/11\/el-director-de-diseno-uc-martin-tironi-fue-entrevistado-por-la-revista-materia\/","og_locale":"en_US","og_type":"article","og_title":"El director de Dise\u00f1o UC, Mart\u00edn Tironi, fue entrevistado por la Revista Materia - Facultad de Arquitectura, Dise\u00f1o y Estudios Urbanos","og_description":"En esta entrevista Tironi comparte algunos de los desaf\u00edos que presenta el nuevo equipo de direcci\u00f3n de Dise\u00f1o UC en \u00e1reas vinculadas a la formaci\u00f3n, investigaci\u00f3n e impacto con el medio. Asimismo, analiza los desaf\u00edos del dise\u00f1o para un planeta en transici\u00f3n, entendida en t\u00e9rminos de la construcci\u00f3n de marcos de acci\u00f3n m\u00e1s \u00e9ticos y ecol\u00f3gicos para afrontar la crisis clim\u00e1tica, el avance de la robotizaci\u00f3n y las inequidades sociales.","og_url":"https:\/\/fadeu.urantiacos.cl\/en\/2022\/08\/11\/el-director-de-diseno-uc-martin-tironi-fue-entrevistado-por-la-revista-materia\/","og_site_name":"Facultad de Arquitectura, Dise\u00f1o y Estudios Urbanos","article_published_time":"2022-08-12T02:06:00+00:00","article_modified_time":"2023-09-04T02:08:26+00:00","og_image":[{"width":350,"height":250,"url":"https:\/\/fadeu.urantiacos.cl\/wp-content\/uploads\/2023\/09\/web_c4cf98bbdfdb9bb2a532f7ff074e7480.jpg","type":"image\/jpeg"}],"author":"manadmin","twitter_card":"summary_large_image","twitter_misc":{"Written by":"manadmin","Est. reading time":"1 minute"},"schema":{"@context":"https:\/\/schema.org","@graph":[{"@type":"Article","@id":"https:\/\/fadeu.urantiacos.cl\/en\/2022\/08\/11\/el-director-de-diseno-uc-martin-tironi-fue-entrevistado-por-la-revista-materia\/#article","isPartOf":{"@id":"https:\/\/fadeu.urantiacos.cl\/en\/2022\/08\/11\/el-director-de-diseno-uc-martin-tironi-fue-entrevistado-por-la-revista-materia\/"},"author":{"name":"manadmin","@id":"https:\/\/fadeu.urantiacos.cl\/en\/#\/schema\/person\/d203e2e84b1c40275eac77b3061a19a2"},"headline":"El director de Dise\u00f1o UC, Mart\u00edn Tironi, fue entrevistado por la Revista Materia","datePublished":"2022-08-12T02:06:00+00:00","dateModified":"2023-09-04T02:08:26+00:00","mainEntityOfPage":{"@id":"https:\/\/fadeu.urantiacos.cl\/en\/2022\/08\/11\/el-director-de-diseno-uc-martin-tironi-fue-entrevistado-por-la-revista-materia\/"},"wordCount":142,"commentCount":0,"image":{"@id":"https:\/\/fadeu.urantiacos.cl\/en\/2022\/08\/11\/el-director-de-diseno-uc-martin-tironi-fue-entrevistado-por-la-revista-materia\/#primaryimage"},"thumbnailUrl":"https:\/\/fadeu.urantiacos.cl\/wp-content\/uploads\/2023\/09\/web_c4cf98bbdfdb9bb2a532f7ff074e7480.jpg","articleSection":["Sin categorizar"],"inLanguage":"en-US","potentialAction":[{"@type":"CommentAction","name":"Comment","target":["https:\/\/fadeu.urantiacos.cl\/en\/2022\/08\/11\/el-director-de-diseno-uc-martin-tironi-fue-entrevistado-por-la-revista-materia\/#respond"]}]},{"@type":"WebPage","@id":"https:\/\/fadeu.urantiacos.cl\/en\/2022\/08\/11\/el-director-de-diseno-uc-martin-tironi-fue-entrevistado-por-la-revista-materia\/","url":"https:\/\/fadeu.urantiacos.cl\/en\/2022\/08\/11\/el-director-de-diseno-uc-martin-tironi-fue-entrevistado-por-la-revista-materia\/","name":"El director de Dise\u00f1o UC, Mart\u00edn Tironi, fue entrevistado por la Revista Materia - Facultad de Arquitectura, Dise\u00f1o y Estudios Urbanos","isPartOf":{"@id":"https:\/\/fadeu.urantiacos.cl\/en\/#website"},"primaryImageOfPage":{"@id":"https:\/\/fadeu.urantiacos.cl\/en\/2022\/08\/11\/el-director-de-diseno-uc-martin-tironi-fue-entrevistado-por-la-revista-materia\/#primaryimage"},"image":{"@id":"https:\/\/fadeu.urantiacos.cl\/en\/2022\/08\/11\/el-director-de-diseno-uc-martin-tironi-fue-entrevistado-por-la-revista-materia\/#primaryimage"},"thumbnailUrl":"https:\/\/fadeu.urantiacos.cl\/wp-content\/uploads\/2023\/09\/web_c4cf98bbdfdb9bb2a532f7ff074e7480.jpg","datePublished":"2022-08-12T02:06:00+00:00","dateModified":"2023-09-04T02:08:26+00:00","author":{"@id":"https:\/\/fadeu.urantiacos.cl\/en\/#\/schema\/person\/d203e2e84b1c40275eac77b3061a19a2"},"description":"En esta entrevista Tironi comparte algunos de los desaf\u00edos que presenta el nuevo equipo de direcci\u00f3n de Dise\u00f1o UC en \u00e1reas vinculadas a la formaci\u00f3n, investigaci\u00f3n e impacto con el medio. Asimismo, analiza los desaf\u00edos del dise\u00f1o para un planeta en transici\u00f3n, entendida en t\u00e9rminos de la construcci\u00f3n de marcos de acci\u00f3n m\u00e1s \u00e9ticos y ecol\u00f3gicos para afrontar la crisis clim\u00e1tica, el avance de la robotizaci\u00f3n y las inequidades sociales.","breadcrumb":{"@id":"https:\/\/fadeu.urantiacos.cl\/en\/2022\/08\/11\/el-director-de-diseno-uc-martin-tironi-fue-entrevistado-por-la-revista-materia\/#breadcrumb"},"inLanguage":"en-US","potentialAction":[{"@type":"ReadAction","target":["https:\/\/fadeu.urantiacos.cl\/en\/2022\/08\/11\/el-director-de-diseno-uc-martin-tironi-fue-entrevistado-por-la-revista-materia\/"]}]},{"@type":"ImageObject","inLanguage":"en-US","@id":"https:\/\/fadeu.urantiacos.cl\/en\/2022\/08\/11\/el-director-de-diseno-uc-martin-tironi-fue-entrevistado-por-la-revista-materia\/#primaryimage","url":"https:\/\/fadeu.urantiacos.cl\/wp-content\/uploads\/2023\/09\/web_c4cf98bbdfdb9bb2a532f7ff074e7480.jpg","contentUrl":"https:\/\/fadeu.urantiacos.cl\/wp-content\/uploads\/2023\/09\/web_c4cf98bbdfdb9bb2a532f7ff074e7480.jpg","width":350,"height":250},{"@type":"BreadcrumbList","@id":"https:\/\/fadeu.urantiacos.cl\/en\/2022\/08\/11\/el-director-de-diseno-uc-martin-tironi-fue-entrevistado-por-la-revista-materia\/#breadcrumb","itemListElement":[{"@type":"ListItem","position":1,"name":"Portada","item":"https:\/\/fadeu.urantiacos.cl\/en\/"},{"@type":"ListItem","position":2,"name":"El director de Dise\u00f1o UC, Mart\u00edn Tironi, fue entrevistado por la Revista Materia"}]},{"@type":"WebSite","@id":"https:\/\/fadeu.urantiacos.cl\/en\/#website","url":"https:\/\/fadeu.urantiacos.cl\/en\/","name":"Facultad de Arquitectura, Dise\u00f1o y Estudios Urbanos","description":"Campus Lo Contador","potentialAction":[{"@type":"SearchAction","target":{"@type":"EntryPoint","urlTemplate":"https:\/\/fadeu.urantiacos.cl\/en\/?s={search_term_string}"},"query-input":{"@type":"PropertyValueSpecification","valueRequired":true,"valueName":"search_term_string"}}],"inLanguage":"en-US"},{"@type":"Person","@id":"https:\/\/fadeu.urantiacos.cl\/en\/#\/schema\/person\/d203e2e84b1c40275eac77b3061a19a2","name":"manadmin","image":{"@type":"ImageObject","inLanguage":"en-US","@id":"https:\/\/fadeu.urantiacos.cl\/en\/#\/schema\/person\/image\/","url":"https:\/\/secure.gravatar.com\/avatar\/4b1d8e3303b4a9d8968ac578947d8bc80d9aea359f388cdd4aac15cadc0e8447?s=96&d=mm&r=g","contentUrl":"https:\/\/secure.gravatar.com\/avatar\/4b1d8e3303b4a9d8968ac578947d8bc80d9aea359f388cdd4aac15cadc0e8447?s=96&d=mm&r=g","caption":"manadmin"},"sameAs":["https:\/\/fadeu.urantiacos.cl"]}]}},"_links":{"self":[{"href":"https:\/\/fadeu.urantiacos.cl\/en\/wp-json\/wp\/v2\/posts\/4392","targetHints":{"allow":["GET"]}}],"collection":[{"href":"https:\/\/fadeu.urantiacos.cl\/en\/wp-json\/wp\/v2\/posts"}],"about":[{"href":"https:\/\/fadeu.urantiacos.cl\/en\/wp-json\/wp\/v2\/types\/post"}],"author":[{"embeddable":true,"href":"https:\/\/fadeu.urantiacos.cl\/en\/wp-json\/wp\/v2\/users\/1"}],"replies":[{"embeddable":true,"href":"https:\/\/fadeu.urantiacos.cl\/en\/wp-json\/wp\/v2\/comments?post=4392"}],"version-history":[{"count":1,"href":"https:\/\/fadeu.urantiacos.cl\/en\/wp-json\/wp\/v2\/posts\/4392\/revisions"}],"predecessor-version":[{"id":4394,"href":"https:\/\/fadeu.urantiacos.cl\/en\/wp-json\/wp\/v2\/posts\/4392\/revisions\/4394"}],"wp:featuredmedia":[{"embeddable":true,"href":"https:\/\/fadeu.urantiacos.cl\/en\/wp-json\/wp\/v2\/media\/4393"}],"wp:attachment":[{"href":"https:\/\/fadeu.urantiacos.cl\/en\/wp-json\/wp\/v2\/media?parent=4392"}],"wp:term":[{"taxonomy":"category","embeddable":true,"href":"https:\/\/fadeu.urantiacos.cl\/en\/wp-json\/wp\/v2\/categories?post=4392"},{"taxonomy":"post_tag","embeddable":true,"href":"https:\/\/fadeu.urantiacos.cl\/en\/wp-json\/wp\/v2\/tags?post=4392"}],"curies":[{"name":"wp","href":"https:\/\/api.w.org\/{rel}","templated":true}]}}