{"id":4388,"date":"2022-08-12T23:04:00","date_gmt":"2022-08-13T02:04:00","guid":{"rendered":"https:\/\/fadeu.urantiacos.cl\/?p=4388"},"modified":"2023-09-03T23:06:25","modified_gmt":"2023-09-04T02:06:25","slug":"pablo-hermansen-presenta-en-6o-encuentro-de-arte-ciencia-y-cultura-digital","status":"publish","type":"post","link":"https:\/\/fadeu.urantiacos.cl\/en\/2022\/08\/12\/pablo-hermansen-presenta-en-6o-encuentro-de-arte-ciencia-y-cultura-digital\/","title":{"rendered":"Pablo Hermansen presenta en 6\u00ba Encuentro de Arte, Ciencia y Cultura Digital"},"content":{"rendered":"\n<figure class=\"wp-block-image size-full\"><img decoding=\"async\" width=\"350\" height=\"250\" src=\"https:\/\/fadeu.urantiacos.cl\/wp-content\/uploads\/2023\/09\/web_Lenguaje-de-las-Piedras.jpg\" alt=\"\" class=\"wp-image-4390\" srcset=\"https:\/\/fadeu.urantiacos.cl\/wp-content\/uploads\/2023\/09\/web_Lenguaje-de-las-Piedras.jpg 350w, https:\/\/fadeu.urantiacos.cl\/wp-content\/uploads\/2023\/09\/web_Lenguaje-de-las-Piedras-300x214.jpg 300w\" sizes=\"(max-width: 350px) 100vw, 350px\" \/><\/figure>\n\n\n\n<p>Organizado por&nbsp;la Corporaci\u00f3n Chilena de Video y Artes Electr\u00f3nicas, el encuentro se realiz\u00f3 entre 29 de julio y 31 de julio en&nbsp;Bosquemuseo, en el Cerro Cal\u00e1n y busc\u00f3 re-vincularse con otras temporalidades, saberes e imaginarios, abordando las interrogantes de \u00bfC\u00f3mo podemos acceder a nuestra herencia est\u00e9tica amerindia? \u00bfQu\u00e9 saberes alojan las antiguas pr\u00e1cticas y c\u00f3mo se entrecruzan sus distintas visiones culturales? \u00bfDe qu\u00e9 modo se pueden relacionar o contrastar con las tecnolog\u00edas actuales y ofrecer distintas formas de relaci\u00f3n con nuestro entorno?.<\/p>\n\n\n\n<p>INFORMACI\u00d3N PERIOD\u00cdSTICA<br>ESCUELA DE DISE\u00d1O UC<\/p>\n","protected":false},"excerpt":{"rendered":"<p>El acad\u00e9mico Pablo Hermansen present\u00f3 y reflexion\u00f3 sobre el proyecto Resonancias Tect\u00f3nicas desde el Sur, Pabell\u00f3n de Chile en la Bienal de Dise\u00f1o de Londres en el marco de la realizaci\u00f3n del panel \u201cEl lenguaje de las piedras\u201d, parte del 6to Encuentro de Arte, Ciencia y Cultura Digital, encuentro bianual, cuya convocatoria 2022 se titul\u00f3 \u201cConexiones Ubicuas\u201d.<\/p>\n","protected":false},"author":1,"featured_media":4390,"comment_status":"open","ping_status":"open","sticky":false,"template":"","format":"standard","meta":{"_acf_changed":false,"footnotes":""},"categories":[1],"tags":[],"class_list":["post-4388","post","type-post","status-publish","format-standard","has-post-thumbnail","hentry","category-sin-categorizar"],"acf":[],"yoast_head":"<!-- This site is optimized with the Yoast SEO plugin v27.1.1 - https:\/\/yoast.com\/product\/yoast-seo-wordpress\/ -->\n<title>Pablo Hermansen presenta en 6\u00ba Encuentro de Arte, Ciencia y Cultura Digital - Facultad de Arquitectura, Dise\u00f1o y Estudios Urbanos<\/title>\n<meta name=\"description\" content=\"El acad\u00e9mico Pablo Hermansen present\u00f3 y reflexion\u00f3 sobre el proyecto Resonancias Tect\u00f3nicas desde el Sur, Pabell\u00f3n de Chile en la Bienal de Dise\u00f1o de Londres en el marco de la realizaci\u00f3n del panel \u201cEl lenguaje de las piedras\u201d, parte del 6to Encuentro de Arte, Ciencia y Cultura Digital, encuentro bianual, cuya convocatoria 2022 se titul\u00f3 \u201cConexiones Ubicuas\u201d.\" \/>\n<meta name=\"robots\" content=\"index, follow, max-snippet:-1, max-image-preview:large, max-video-preview:-1\" \/>\n<link rel=\"canonical\" href=\"https:\/\/fadeu.urantiacos.cl\/en\/2022\/08\/12\/pablo-hermansen-presenta-en-6o-encuentro-de-arte-ciencia-y-cultura-digital\/\" \/>\n<meta property=\"og:locale\" content=\"en_US\" \/>\n<meta property=\"og:type\" content=\"article\" \/>\n<meta property=\"og:title\" content=\"Pablo Hermansen presenta en 6\u00ba Encuentro de Arte, Ciencia y Cultura Digital - Facultad de Arquitectura, Dise\u00f1o y Estudios Urbanos\" \/>\n<meta property=\"og:description\" content=\"El acad\u00e9mico Pablo Hermansen present\u00f3 y reflexion\u00f3 sobre el proyecto Resonancias Tect\u00f3nicas desde el Sur, Pabell\u00f3n de Chile en la Bienal de Dise\u00f1o de Londres en el marco de la realizaci\u00f3n del panel \u201cEl lenguaje de las piedras\u201d, parte del 6to Encuentro de Arte, Ciencia y Cultura Digital, encuentro bianual, cuya convocatoria 2022 se titul\u00f3 \u201cConexiones Ubicuas\u201d.\" \/>\n<meta property=\"og:url\" content=\"https:\/\/fadeu.urantiacos.cl\/en\/2022\/08\/12\/pablo-hermansen-presenta-en-6o-encuentro-de-arte-ciencia-y-cultura-digital\/\" \/>\n<meta property=\"og:site_name\" content=\"Facultad de Arquitectura, Dise\u00f1o y Estudios Urbanos\" \/>\n<meta property=\"article:published_time\" content=\"2022-08-13T02:04:00+00:00\" \/>\n<meta property=\"article:modified_time\" content=\"2023-09-04T02:06:25+00:00\" \/>\n<meta property=\"og:image\" content=\"https:\/\/fadeu.urantiacos.cl\/wp-content\/uploads\/2023\/09\/web_Lenguaje-de-las-Piedras.jpg\" \/>\n\t<meta property=\"og:image:width\" content=\"350\" \/>\n\t<meta property=\"og:image:height\" content=\"250\" \/>\n\t<meta property=\"og:image:type\" content=\"image\/jpeg\" \/>\n<meta name=\"author\" content=\"manadmin\" \/>\n<meta name=\"twitter:card\" content=\"summary_large_image\" \/>\n<meta name=\"twitter:label1\" content=\"Written by\" \/>\n\t<meta name=\"twitter:data1\" content=\"manadmin\" \/>\n\t<meta name=\"twitter:label2\" content=\"Est. reading time\" \/>\n\t<meta name=\"twitter:data2\" content=\"1 minute\" \/>\n<script type=\"application\/ld+json\" class=\"yoast-schema-graph\">{\"@context\":\"https:\/\/schema.org\",\"@graph\":[{\"@type\":\"Article\",\"@id\":\"https:\/\/fadeu.urantiacos.cl\/en\/2022\/08\/12\/pablo-hermansen-presenta-en-6o-encuentro-de-arte-ciencia-y-cultura-digital\/#article\",\"isPartOf\":{\"@id\":\"https:\/\/fadeu.urantiacos.cl\/en\/2022\/08\/12\/pablo-hermansen-presenta-en-6o-encuentro-de-arte-ciencia-y-cultura-digital\/\"},\"author\":{\"name\":\"manadmin\",\"@id\":\"https:\/\/fadeu.urantiacos.cl\/en\/#\/schema\/person\/d203e2e84b1c40275eac77b3061a19a2\"},\"headline\":\"Pablo Hermansen presenta en 6\u00ba Encuentro de Arte, Ciencia y Cultura Digital\",\"datePublished\":\"2022-08-13T02:04:00+00:00\",\"dateModified\":\"2023-09-04T02:06:25+00:00\",\"mainEntityOfPage\":{\"@id\":\"https:\/\/fadeu.urantiacos.cl\/en\/2022\/08\/12\/pablo-hermansen-presenta-en-6o-encuentro-de-arte-ciencia-y-cultura-digital\/\"},\"wordCount\":112,\"commentCount\":0,\"image\":{\"@id\":\"https:\/\/fadeu.urantiacos.cl\/en\/2022\/08\/12\/pablo-hermansen-presenta-en-6o-encuentro-de-arte-ciencia-y-cultura-digital\/#primaryimage\"},\"thumbnailUrl\":\"https:\/\/fadeu.urantiacos.cl\/wp-content\/uploads\/2023\/09\/web_Lenguaje-de-las-Piedras.jpg\",\"articleSection\":[\"Sin categorizar\"],\"inLanguage\":\"en-US\",\"potentialAction\":[{\"@type\":\"CommentAction\",\"name\":\"Comment\",\"target\":[\"https:\/\/fadeu.urantiacos.cl\/en\/2022\/08\/12\/pablo-hermansen-presenta-en-6o-encuentro-de-arte-ciencia-y-cultura-digital\/#respond\"]}]},{\"@type\":\"WebPage\",\"@id\":\"https:\/\/fadeu.urantiacos.cl\/en\/2022\/08\/12\/pablo-hermansen-presenta-en-6o-encuentro-de-arte-ciencia-y-cultura-digital\/\",\"url\":\"https:\/\/fadeu.urantiacos.cl\/en\/2022\/08\/12\/pablo-hermansen-presenta-en-6o-encuentro-de-arte-ciencia-y-cultura-digital\/\",\"name\":\"Pablo Hermansen presenta en 6\u00ba Encuentro de Arte, Ciencia y Cultura Digital - Facultad de Arquitectura, Dise\u00f1o y Estudios Urbanos\",\"isPartOf\":{\"@id\":\"https:\/\/fadeu.urantiacos.cl\/en\/#website\"},\"primaryImageOfPage\":{\"@id\":\"https:\/\/fadeu.urantiacos.cl\/en\/2022\/08\/12\/pablo-hermansen-presenta-en-6o-encuentro-de-arte-ciencia-y-cultura-digital\/#primaryimage\"},\"image\":{\"@id\":\"https:\/\/fadeu.urantiacos.cl\/en\/2022\/08\/12\/pablo-hermansen-presenta-en-6o-encuentro-de-arte-ciencia-y-cultura-digital\/#primaryimage\"},\"thumbnailUrl\":\"https:\/\/fadeu.urantiacos.cl\/wp-content\/uploads\/2023\/09\/web_Lenguaje-de-las-Piedras.jpg\",\"datePublished\":\"2022-08-13T02:04:00+00:00\",\"dateModified\":\"2023-09-04T02:06:25+00:00\",\"author\":{\"@id\":\"https:\/\/fadeu.urantiacos.cl\/en\/#\/schema\/person\/d203e2e84b1c40275eac77b3061a19a2\"},\"description\":\"El acad\u00e9mico Pablo Hermansen present\u00f3 y reflexion\u00f3 sobre el proyecto Resonancias Tect\u00f3nicas desde el Sur, Pabell\u00f3n de Chile en la Bienal de Dise\u00f1o de Londres en el marco de la realizaci\u00f3n del panel \u201cEl lenguaje de las piedras\u201d, parte del 6to Encuentro de Arte, Ciencia y Cultura Digital, encuentro bianual, cuya convocatoria 2022 se titul\u00f3 \u201cConexiones Ubicuas\u201d.\",\"breadcrumb\":{\"@id\":\"https:\/\/fadeu.urantiacos.cl\/en\/2022\/08\/12\/pablo-hermansen-presenta-en-6o-encuentro-de-arte-ciencia-y-cultura-digital\/#breadcrumb\"},\"inLanguage\":\"en-US\",\"potentialAction\":[{\"@type\":\"ReadAction\",\"target\":[\"https:\/\/fadeu.urantiacos.cl\/en\/2022\/08\/12\/pablo-hermansen-presenta-en-6o-encuentro-de-arte-ciencia-y-cultura-digital\/\"]}]},{\"@type\":\"ImageObject\",\"inLanguage\":\"en-US\",\"@id\":\"https:\/\/fadeu.urantiacos.cl\/en\/2022\/08\/12\/pablo-hermansen-presenta-en-6o-encuentro-de-arte-ciencia-y-cultura-digital\/#primaryimage\",\"url\":\"https:\/\/fadeu.urantiacos.cl\/wp-content\/uploads\/2023\/09\/web_Lenguaje-de-las-Piedras.jpg\",\"contentUrl\":\"https:\/\/fadeu.urantiacos.cl\/wp-content\/uploads\/2023\/09\/web_Lenguaje-de-las-Piedras.jpg\",\"width\":350,\"height\":250},{\"@type\":\"BreadcrumbList\",\"@id\":\"https:\/\/fadeu.urantiacos.cl\/en\/2022\/08\/12\/pablo-hermansen-presenta-en-6o-encuentro-de-arte-ciencia-y-cultura-digital\/#breadcrumb\",\"itemListElement\":[{\"@type\":\"ListItem\",\"position\":1,\"name\":\"Portada\",\"item\":\"https:\/\/fadeu.urantiacos.cl\/en\/\"},{\"@type\":\"ListItem\",\"position\":2,\"name\":\"Pablo Hermansen presenta en 6\u00ba Encuentro de Arte, Ciencia y Cultura Digital\"}]},{\"@type\":\"WebSite\",\"@id\":\"https:\/\/fadeu.urantiacos.cl\/en\/#website\",\"url\":\"https:\/\/fadeu.urantiacos.cl\/en\/\",\"name\":\"Facultad de Arquitectura, Dise\u00f1o y Estudios Urbanos\",\"description\":\"Campus Lo Contador\",\"potentialAction\":[{\"@type\":\"SearchAction\",\"target\":{\"@type\":\"EntryPoint\",\"urlTemplate\":\"https:\/\/fadeu.urantiacos.cl\/en\/?s={search_term_string}\"},\"query-input\":{\"@type\":\"PropertyValueSpecification\",\"valueRequired\":true,\"valueName\":\"search_term_string\"}}],\"inLanguage\":\"en-US\"},{\"@type\":\"Person\",\"@id\":\"https:\/\/fadeu.urantiacos.cl\/en\/#\/schema\/person\/d203e2e84b1c40275eac77b3061a19a2\",\"name\":\"manadmin\",\"image\":{\"@type\":\"ImageObject\",\"inLanguage\":\"en-US\",\"@id\":\"https:\/\/fadeu.urantiacos.cl\/en\/#\/schema\/person\/image\/\",\"url\":\"https:\/\/secure.gravatar.com\/avatar\/4b1d8e3303b4a9d8968ac578947d8bc80d9aea359f388cdd4aac15cadc0e8447?s=96&d=mm&r=g\",\"contentUrl\":\"https:\/\/secure.gravatar.com\/avatar\/4b1d8e3303b4a9d8968ac578947d8bc80d9aea359f388cdd4aac15cadc0e8447?s=96&d=mm&r=g\",\"caption\":\"manadmin\"},\"sameAs\":[\"https:\/\/fadeu.urantiacos.cl\"]}]}<\/script>\n<!-- \/ Yoast SEO plugin. -->","yoast_head_json":{"title":"Pablo Hermansen presenta en 6\u00ba Encuentro de Arte, Ciencia y Cultura Digital - Facultad de Arquitectura, Dise\u00f1o y Estudios Urbanos","description":"El acad\u00e9mico Pablo Hermansen present\u00f3 y reflexion\u00f3 sobre el proyecto Resonancias Tect\u00f3nicas desde el Sur, Pabell\u00f3n de Chile en la Bienal de Dise\u00f1o de Londres en el marco de la realizaci\u00f3n del panel \u201cEl lenguaje de las piedras\u201d, parte del 6to Encuentro de Arte, Ciencia y Cultura Digital, encuentro bianual, cuya convocatoria 2022 se titul\u00f3 \u201cConexiones Ubicuas\u201d.","robots":{"index":"index","follow":"follow","max-snippet":"max-snippet:-1","max-image-preview":"max-image-preview:large","max-video-preview":"max-video-preview:-1"},"canonical":"https:\/\/fadeu.urantiacos.cl\/en\/2022\/08\/12\/pablo-hermansen-presenta-en-6o-encuentro-de-arte-ciencia-y-cultura-digital\/","og_locale":"en_US","og_type":"article","og_title":"Pablo Hermansen presenta en 6\u00ba Encuentro de Arte, Ciencia y Cultura Digital - Facultad de Arquitectura, Dise\u00f1o y Estudios Urbanos","og_description":"El acad\u00e9mico Pablo Hermansen present\u00f3 y reflexion\u00f3 sobre el proyecto Resonancias Tect\u00f3nicas desde el Sur, Pabell\u00f3n de Chile en la Bienal de Dise\u00f1o de Londres en el marco de la realizaci\u00f3n del panel \u201cEl lenguaje de las piedras\u201d, parte del 6to Encuentro de Arte, Ciencia y Cultura Digital, encuentro bianual, cuya convocatoria 2022 se titul\u00f3 \u201cConexiones Ubicuas\u201d.","og_url":"https:\/\/fadeu.urantiacos.cl\/en\/2022\/08\/12\/pablo-hermansen-presenta-en-6o-encuentro-de-arte-ciencia-y-cultura-digital\/","og_site_name":"Facultad de Arquitectura, Dise\u00f1o y Estudios Urbanos","article_published_time":"2022-08-13T02:04:00+00:00","article_modified_time":"2023-09-04T02:06:25+00:00","og_image":[{"width":350,"height":250,"url":"https:\/\/fadeu.urantiacos.cl\/wp-content\/uploads\/2023\/09\/web_Lenguaje-de-las-Piedras.jpg","type":"image\/jpeg"}],"author":"manadmin","twitter_card":"summary_large_image","twitter_misc":{"Written by":"manadmin","Est. reading time":"1 minute"},"schema":{"@context":"https:\/\/schema.org","@graph":[{"@type":"Article","@id":"https:\/\/fadeu.urantiacos.cl\/en\/2022\/08\/12\/pablo-hermansen-presenta-en-6o-encuentro-de-arte-ciencia-y-cultura-digital\/#article","isPartOf":{"@id":"https:\/\/fadeu.urantiacos.cl\/en\/2022\/08\/12\/pablo-hermansen-presenta-en-6o-encuentro-de-arte-ciencia-y-cultura-digital\/"},"author":{"name":"manadmin","@id":"https:\/\/fadeu.urantiacos.cl\/en\/#\/schema\/person\/d203e2e84b1c40275eac77b3061a19a2"},"headline":"Pablo Hermansen presenta en 6\u00ba Encuentro de Arte, Ciencia y Cultura Digital","datePublished":"2022-08-13T02:04:00+00:00","dateModified":"2023-09-04T02:06:25+00:00","mainEntityOfPage":{"@id":"https:\/\/fadeu.urantiacos.cl\/en\/2022\/08\/12\/pablo-hermansen-presenta-en-6o-encuentro-de-arte-ciencia-y-cultura-digital\/"},"wordCount":112,"commentCount":0,"image":{"@id":"https:\/\/fadeu.urantiacos.cl\/en\/2022\/08\/12\/pablo-hermansen-presenta-en-6o-encuentro-de-arte-ciencia-y-cultura-digital\/#primaryimage"},"thumbnailUrl":"https:\/\/fadeu.urantiacos.cl\/wp-content\/uploads\/2023\/09\/web_Lenguaje-de-las-Piedras.jpg","articleSection":["Sin categorizar"],"inLanguage":"en-US","potentialAction":[{"@type":"CommentAction","name":"Comment","target":["https:\/\/fadeu.urantiacos.cl\/en\/2022\/08\/12\/pablo-hermansen-presenta-en-6o-encuentro-de-arte-ciencia-y-cultura-digital\/#respond"]}]},{"@type":"WebPage","@id":"https:\/\/fadeu.urantiacos.cl\/en\/2022\/08\/12\/pablo-hermansen-presenta-en-6o-encuentro-de-arte-ciencia-y-cultura-digital\/","url":"https:\/\/fadeu.urantiacos.cl\/en\/2022\/08\/12\/pablo-hermansen-presenta-en-6o-encuentro-de-arte-ciencia-y-cultura-digital\/","name":"Pablo Hermansen presenta en 6\u00ba Encuentro de Arte, Ciencia y Cultura Digital - Facultad de Arquitectura, Dise\u00f1o y Estudios Urbanos","isPartOf":{"@id":"https:\/\/fadeu.urantiacos.cl\/en\/#website"},"primaryImageOfPage":{"@id":"https:\/\/fadeu.urantiacos.cl\/en\/2022\/08\/12\/pablo-hermansen-presenta-en-6o-encuentro-de-arte-ciencia-y-cultura-digital\/#primaryimage"},"image":{"@id":"https:\/\/fadeu.urantiacos.cl\/en\/2022\/08\/12\/pablo-hermansen-presenta-en-6o-encuentro-de-arte-ciencia-y-cultura-digital\/#primaryimage"},"thumbnailUrl":"https:\/\/fadeu.urantiacos.cl\/wp-content\/uploads\/2023\/09\/web_Lenguaje-de-las-Piedras.jpg","datePublished":"2022-08-13T02:04:00+00:00","dateModified":"2023-09-04T02:06:25+00:00","author":{"@id":"https:\/\/fadeu.urantiacos.cl\/en\/#\/schema\/person\/d203e2e84b1c40275eac77b3061a19a2"},"description":"El acad\u00e9mico Pablo Hermansen present\u00f3 y reflexion\u00f3 sobre el proyecto Resonancias Tect\u00f3nicas desde el Sur, Pabell\u00f3n de Chile en la Bienal de Dise\u00f1o de Londres en el marco de la realizaci\u00f3n del panel \u201cEl lenguaje de las piedras\u201d, parte del 6to Encuentro de Arte, Ciencia y Cultura Digital, encuentro bianual, cuya convocatoria 2022 se titul\u00f3 \u201cConexiones Ubicuas\u201d.","breadcrumb":{"@id":"https:\/\/fadeu.urantiacos.cl\/en\/2022\/08\/12\/pablo-hermansen-presenta-en-6o-encuentro-de-arte-ciencia-y-cultura-digital\/#breadcrumb"},"inLanguage":"en-US","potentialAction":[{"@type":"ReadAction","target":["https:\/\/fadeu.urantiacos.cl\/en\/2022\/08\/12\/pablo-hermansen-presenta-en-6o-encuentro-de-arte-ciencia-y-cultura-digital\/"]}]},{"@type":"ImageObject","inLanguage":"en-US","@id":"https:\/\/fadeu.urantiacos.cl\/en\/2022\/08\/12\/pablo-hermansen-presenta-en-6o-encuentro-de-arte-ciencia-y-cultura-digital\/#primaryimage","url":"https:\/\/fadeu.urantiacos.cl\/wp-content\/uploads\/2023\/09\/web_Lenguaje-de-las-Piedras.jpg","contentUrl":"https:\/\/fadeu.urantiacos.cl\/wp-content\/uploads\/2023\/09\/web_Lenguaje-de-las-Piedras.jpg","width":350,"height":250},{"@type":"BreadcrumbList","@id":"https:\/\/fadeu.urantiacos.cl\/en\/2022\/08\/12\/pablo-hermansen-presenta-en-6o-encuentro-de-arte-ciencia-y-cultura-digital\/#breadcrumb","itemListElement":[{"@type":"ListItem","position":1,"name":"Portada","item":"https:\/\/fadeu.urantiacos.cl\/en\/"},{"@type":"ListItem","position":2,"name":"Pablo Hermansen presenta en 6\u00ba Encuentro de Arte, Ciencia y Cultura Digital"}]},{"@type":"WebSite","@id":"https:\/\/fadeu.urantiacos.cl\/en\/#website","url":"https:\/\/fadeu.urantiacos.cl\/en\/","name":"Facultad de Arquitectura, Dise\u00f1o y Estudios Urbanos","description":"Campus Lo Contador","potentialAction":[{"@type":"SearchAction","target":{"@type":"EntryPoint","urlTemplate":"https:\/\/fadeu.urantiacos.cl\/en\/?s={search_term_string}"},"query-input":{"@type":"PropertyValueSpecification","valueRequired":true,"valueName":"search_term_string"}}],"inLanguage":"en-US"},{"@type":"Person","@id":"https:\/\/fadeu.urantiacos.cl\/en\/#\/schema\/person\/d203e2e84b1c40275eac77b3061a19a2","name":"manadmin","image":{"@type":"ImageObject","inLanguage":"en-US","@id":"https:\/\/fadeu.urantiacos.cl\/en\/#\/schema\/person\/image\/","url":"https:\/\/secure.gravatar.com\/avatar\/4b1d8e3303b4a9d8968ac578947d8bc80d9aea359f388cdd4aac15cadc0e8447?s=96&d=mm&r=g","contentUrl":"https:\/\/secure.gravatar.com\/avatar\/4b1d8e3303b4a9d8968ac578947d8bc80d9aea359f388cdd4aac15cadc0e8447?s=96&d=mm&r=g","caption":"manadmin"},"sameAs":["https:\/\/fadeu.urantiacos.cl"]}]}},"_links":{"self":[{"href":"https:\/\/fadeu.urantiacos.cl\/en\/wp-json\/wp\/v2\/posts\/4388","targetHints":{"allow":["GET"]}}],"collection":[{"href":"https:\/\/fadeu.urantiacos.cl\/en\/wp-json\/wp\/v2\/posts"}],"about":[{"href":"https:\/\/fadeu.urantiacos.cl\/en\/wp-json\/wp\/v2\/types\/post"}],"author":[{"embeddable":true,"href":"https:\/\/fadeu.urantiacos.cl\/en\/wp-json\/wp\/v2\/users\/1"}],"replies":[{"embeddable":true,"href":"https:\/\/fadeu.urantiacos.cl\/en\/wp-json\/wp\/v2\/comments?post=4388"}],"version-history":[{"count":1,"href":"https:\/\/fadeu.urantiacos.cl\/en\/wp-json\/wp\/v2\/posts\/4388\/revisions"}],"predecessor-version":[{"id":4391,"href":"https:\/\/fadeu.urantiacos.cl\/en\/wp-json\/wp\/v2\/posts\/4388\/revisions\/4391"}],"wp:featuredmedia":[{"embeddable":true,"href":"https:\/\/fadeu.urantiacos.cl\/en\/wp-json\/wp\/v2\/media\/4390"}],"wp:attachment":[{"href":"https:\/\/fadeu.urantiacos.cl\/en\/wp-json\/wp\/v2\/media?parent=4388"}],"wp:term":[{"taxonomy":"category","embeddable":true,"href":"https:\/\/fadeu.urantiacos.cl\/en\/wp-json\/wp\/v2\/categories?post=4388"},{"taxonomy":"post_tag","embeddable":true,"href":"https:\/\/fadeu.urantiacos.cl\/en\/wp-json\/wp\/v2\/tags?post=4388"}],"curies":[{"name":"wp","href":"https:\/\/api.w.org\/{rel}","templated":true}]}}