{"id":4385,"date":"2022-08-14T23:02:00","date_gmt":"2022-08-15T02:02:00","guid":{"rendered":"https:\/\/fadeu.urantiacos.cl\/?p=4385"},"modified":"2023-10-17T12:06:06","modified_gmt":"2023-10-17T15:06:06","slug":"rodrigo-ramirez-se-adjudica-fondo-nd-uc-chile-luksic-scholars-joint-research-awards","status":"publish","type":"post","link":"https:\/\/fadeu.urantiacos.cl\/en\/2022\/08\/14\/rodrigo-ramirez-se-adjudica-fondo-nd-uc-chile-luksic-scholars-joint-research-awards\/","title":{"rendered":"Rodrigo Ram\u00edrez se adjudica Fondo ND \u2013 UC | Chile Luksic Scholars Joint Research Awards"},"content":{"rendered":"\n<p>El objetivo del programa es entregar financiamiento a investigadores de la\u00a0University of\u00a0Notre Dame\u00a0y la\u00a0Pontificia Universidad Cat\u00f3lica de\u00a0Chile\u00a0para realizar proyectos de investigaci\u00f3n en conjunto, en este caso, junto al profesor\u00a0Clinton Carlson, Profesor asociado de Visual Communication,\u00a0Department of Art, Art History &amp; Design, Notre Dame University.<\/p>\n\n\n\n<p>El proyecto adjudicado, busca responder a las emergencias generadas por&nbsp;desastres y plantea complejos desaf\u00edos de comunicaci\u00f3n. Mediante una investigaci\u00f3n y dise\u00f1o de comunicaci\u00f3n visual, se desarrollar\u00e1 un proceso interdisciplinar y participativo, que permita indagar en c\u00f3mo se optimiza la comunicaci\u00f3n antes, durante y despu\u00e9s de una emergencia.<\/p>\n\n\n\n<p>Se aborda un cambio de paradigma: desde un enfoque basado en la respuesta a la emergencia, a uno basado en la reducci\u00f3n del riesgo, y se basa en la experiencia de los investigadores sobre informaci\u00f3n visual para emergencias y retiro de alimentos (food recall).<\/p>\n\n\n\n<p>\u201cEl objetivo es alcanzar resultados pr\u00e1cticos y acad\u00e9micos que impacten positivamente en situaciones potenciales, locales e internacionales. Se probar\u00e1n herramientas visuales para dialogar interculturalmente y se propondr\u00e1n sistemas de comunicaci\u00f3n que conecten eficazmente a gestores de emergencias con la ciudadan\u00eda\u201d, explica Rodrigo Ram\u00edrez.<br><br>INFORMACI\u00d3N PERIOD\u00cdSTICA<br>ESCUELA DE DISE\u00d1O UC<\/p>\n","protected":false},"excerpt":{"rendered":"<p>Rodrigo Ram\u00edrez, acad\u00e9mico de Dise\u00f1o UC, se adjudic\u00f3 fondo ND \u2013 UC | Chile Luksic Scholars Joint Research Awards, promovido conjuntamente por la UC \u2013 VRAI y la Universidad de Notre Dame con el proyecto Design for Disaster Response: Improving Communication Before, During, and After Emergencies.<\/p>\n","protected":false},"author":1,"featured_media":4386,"comment_status":"open","ping_status":"open","sticky":false,"template":"","format":"standard","meta":{"_acf_changed":false,"footnotes":""},"categories":[1],"tags":[],"class_list":["post-4385","post","type-post","status-publish","format-standard","has-post-thumbnail","hentry","category-sin-categorizar"],"acf":[],"yoast_head":"<!-- This site is optimized with the Yoast SEO plugin v27.1.1 - https:\/\/yoast.com\/product\/yoast-seo-wordpress\/ -->\n<title>Rodrigo Ram\u00edrez se adjudica Fondo ND \u2013 UC | Chile Luksic Scholars Joint Research Awards - Facultad de Arquitectura, Dise\u00f1o y Estudios Urbanos<\/title>\n<meta name=\"description\" content=\"Rodrigo Ram\u00edrez, acad\u00e9mico de Dise\u00f1o UC, se adjudic\u00f3 fondo ND \u2013 UC | Chile Luksic Scholars Joint Research Awards, promovido conjuntamente por la UC \u2013 VRAI y la Universidad de Notre Dame con el proyecto Design for Disaster Response: Improving Communication Before, During, and After Emergencies.\" \/>\n<meta name=\"robots\" content=\"index, follow, max-snippet:-1, max-image-preview:large, max-video-preview:-1\" \/>\n<link rel=\"canonical\" href=\"https:\/\/fadeu.urantiacos.cl\/en\/2022\/08\/14\/rodrigo-ramirez-se-adjudica-fondo-nd-uc-chile-luksic-scholars-joint-research-awards\/\" \/>\n<meta property=\"og:locale\" content=\"en_US\" \/>\n<meta property=\"og:type\" content=\"article\" \/>\n<meta property=\"og:title\" content=\"Rodrigo Ram\u00edrez se adjudica Fondo ND \u2013 UC | Chile Luksic Scholars Joint Research Awards - Facultad de Arquitectura, Dise\u00f1o y Estudios Urbanos\" \/>\n<meta property=\"og:description\" content=\"Rodrigo Ram\u00edrez, acad\u00e9mico de Dise\u00f1o UC, se adjudic\u00f3 fondo ND \u2013 UC | Chile Luksic Scholars Joint Research Awards, promovido conjuntamente por la UC \u2013 VRAI y la Universidad de Notre Dame con el proyecto Design for Disaster Response: Improving Communication Before, During, and After Emergencies.\" \/>\n<meta property=\"og:url\" content=\"https:\/\/fadeu.urantiacos.cl\/en\/2022\/08\/14\/rodrigo-ramirez-se-adjudica-fondo-nd-uc-chile-luksic-scholars-joint-research-awards\/\" \/>\n<meta property=\"og:site_name\" content=\"Facultad de Arquitectura, Dise\u00f1o y Estudios Urbanos\" \/>\n<meta property=\"article:published_time\" content=\"2022-08-15T02:02:00+00:00\" \/>\n<meta property=\"article:modified_time\" content=\"2023-10-17T15:06:06+00:00\" \/>\n<meta property=\"og:image\" content=\"https:\/\/fadeu.urantiacos.cl\/wp-content\/uploads\/2023\/09\/WEB_Captura-de-Pantalla-2022-08-09-a-las-12.22.52.png\" \/>\n\t<meta property=\"og:image:width\" content=\"350\" \/>\n\t<meta property=\"og:image:height\" content=\"250\" \/>\n\t<meta property=\"og:image:type\" content=\"image\/png\" \/>\n<meta name=\"author\" content=\"manadmin\" \/>\n<meta name=\"twitter:card\" content=\"summary_large_image\" \/>\n<meta name=\"twitter:label1\" content=\"Written by\" \/>\n\t<meta name=\"twitter:data1\" content=\"manadmin\" \/>\n\t<meta name=\"twitter:label2\" content=\"Est. reading time\" \/>\n\t<meta name=\"twitter:data2\" content=\"1 minute\" \/>\n<script type=\"application\/ld+json\" class=\"yoast-schema-graph\">{\"@context\":\"https:\/\/schema.org\",\"@graph\":[{\"@type\":\"Article\",\"@id\":\"https:\/\/fadeu.urantiacos.cl\/en\/2022\/08\/14\/rodrigo-ramirez-se-adjudica-fondo-nd-uc-chile-luksic-scholars-joint-research-awards\/#article\",\"isPartOf\":{\"@id\":\"https:\/\/fadeu.urantiacos.cl\/en\/2022\/08\/14\/rodrigo-ramirez-se-adjudica-fondo-nd-uc-chile-luksic-scholars-joint-research-awards\/\"},\"author\":{\"name\":\"manadmin\",\"@id\":\"https:\/\/fadeu.urantiacos.cl\/en\/#\/schema\/person\/d203e2e84b1c40275eac77b3061a19a2\"},\"headline\":\"Rodrigo Ram\u00edrez se adjudica Fondo ND \u2013 UC | Chile Luksic Scholars Joint Research Awards\",\"datePublished\":\"2022-08-15T02:02:00+00:00\",\"dateModified\":\"2023-10-17T15:06:06+00:00\",\"mainEntityOfPage\":{\"@id\":\"https:\/\/fadeu.urantiacos.cl\/en\/2022\/08\/14\/rodrigo-ramirez-se-adjudica-fondo-nd-uc-chile-luksic-scholars-joint-research-awards\/\"},\"wordCount\":229,\"commentCount\":0,\"image\":{\"@id\":\"https:\/\/fadeu.urantiacos.cl\/en\/2022\/08\/14\/rodrigo-ramirez-se-adjudica-fondo-nd-uc-chile-luksic-scholars-joint-research-awards\/#primaryimage\"},\"thumbnailUrl\":\"https:\/\/fadeu.urantiacos.cl\/wp-content\/uploads\/2023\/09\/WEB_Captura-de-Pantalla-2022-08-09-a-las-12.22.52.png\",\"articleSection\":[\"Sin categorizar\"],\"inLanguage\":\"en-US\",\"potentialAction\":[{\"@type\":\"CommentAction\",\"name\":\"Comment\",\"target\":[\"https:\/\/fadeu.urantiacos.cl\/en\/2022\/08\/14\/rodrigo-ramirez-se-adjudica-fondo-nd-uc-chile-luksic-scholars-joint-research-awards\/#respond\"]}]},{\"@type\":\"WebPage\",\"@id\":\"https:\/\/fadeu.urantiacos.cl\/en\/2022\/08\/14\/rodrigo-ramirez-se-adjudica-fondo-nd-uc-chile-luksic-scholars-joint-research-awards\/\",\"url\":\"https:\/\/fadeu.urantiacos.cl\/en\/2022\/08\/14\/rodrigo-ramirez-se-adjudica-fondo-nd-uc-chile-luksic-scholars-joint-research-awards\/\",\"name\":\"Rodrigo Ram\u00edrez se adjudica Fondo ND \u2013 UC | Chile Luksic Scholars Joint Research Awards - Facultad de Arquitectura, Dise\u00f1o y Estudios Urbanos\",\"isPartOf\":{\"@id\":\"https:\/\/fadeu.urantiacos.cl\/en\/#website\"},\"primaryImageOfPage\":{\"@id\":\"https:\/\/fadeu.urantiacos.cl\/en\/2022\/08\/14\/rodrigo-ramirez-se-adjudica-fondo-nd-uc-chile-luksic-scholars-joint-research-awards\/#primaryimage\"},\"image\":{\"@id\":\"https:\/\/fadeu.urantiacos.cl\/en\/2022\/08\/14\/rodrigo-ramirez-se-adjudica-fondo-nd-uc-chile-luksic-scholars-joint-research-awards\/#primaryimage\"},\"thumbnailUrl\":\"https:\/\/fadeu.urantiacos.cl\/wp-content\/uploads\/2023\/09\/WEB_Captura-de-Pantalla-2022-08-09-a-las-12.22.52.png\",\"datePublished\":\"2022-08-15T02:02:00+00:00\",\"dateModified\":\"2023-10-17T15:06:06+00:00\",\"author\":{\"@id\":\"https:\/\/fadeu.urantiacos.cl\/en\/#\/schema\/person\/d203e2e84b1c40275eac77b3061a19a2\"},\"description\":\"Rodrigo Ram\u00edrez, acad\u00e9mico de Dise\u00f1o UC, se adjudic\u00f3 fondo ND \u2013 UC | Chile Luksic Scholars Joint Research Awards, promovido conjuntamente por la UC \u2013 VRAI y la Universidad de Notre Dame con el proyecto Design for Disaster Response: Improving Communication Before, During, and After Emergencies.\",\"breadcrumb\":{\"@id\":\"https:\/\/fadeu.urantiacos.cl\/en\/2022\/08\/14\/rodrigo-ramirez-se-adjudica-fondo-nd-uc-chile-luksic-scholars-joint-research-awards\/#breadcrumb\"},\"inLanguage\":\"en-US\",\"potentialAction\":[{\"@type\":\"ReadAction\",\"target\":[\"https:\/\/fadeu.urantiacos.cl\/en\/2022\/08\/14\/rodrigo-ramirez-se-adjudica-fondo-nd-uc-chile-luksic-scholars-joint-research-awards\/\"]}]},{\"@type\":\"ImageObject\",\"inLanguage\":\"en-US\",\"@id\":\"https:\/\/fadeu.urantiacos.cl\/en\/2022\/08\/14\/rodrigo-ramirez-se-adjudica-fondo-nd-uc-chile-luksic-scholars-joint-research-awards\/#primaryimage\",\"url\":\"https:\/\/fadeu.urantiacos.cl\/wp-content\/uploads\/2023\/09\/WEB_Captura-de-Pantalla-2022-08-09-a-las-12.22.52.png\",\"contentUrl\":\"https:\/\/fadeu.urantiacos.cl\/wp-content\/uploads\/2023\/09\/WEB_Captura-de-Pantalla-2022-08-09-a-las-12.22.52.png\",\"width\":350,\"height\":250},{\"@type\":\"BreadcrumbList\",\"@id\":\"https:\/\/fadeu.urantiacos.cl\/en\/2022\/08\/14\/rodrigo-ramirez-se-adjudica-fondo-nd-uc-chile-luksic-scholars-joint-research-awards\/#breadcrumb\",\"itemListElement\":[{\"@type\":\"ListItem\",\"position\":1,\"name\":\"Portada\",\"item\":\"https:\/\/fadeu.urantiacos.cl\/en\/\"},{\"@type\":\"ListItem\",\"position\":2,\"name\":\"Rodrigo Ram\u00edrez se adjudica Fondo ND \u2013 UC | Chile Luksic Scholars Joint Research Awards\"}]},{\"@type\":\"WebSite\",\"@id\":\"https:\/\/fadeu.urantiacos.cl\/en\/#website\",\"url\":\"https:\/\/fadeu.urantiacos.cl\/en\/\",\"name\":\"Facultad de Arquitectura, Dise\u00f1o y Estudios Urbanos\",\"description\":\"Campus Lo Contador\",\"potentialAction\":[{\"@type\":\"SearchAction\",\"target\":{\"@type\":\"EntryPoint\",\"urlTemplate\":\"https:\/\/fadeu.urantiacos.cl\/en\/?s={search_term_string}\"},\"query-input\":{\"@type\":\"PropertyValueSpecification\",\"valueRequired\":true,\"valueName\":\"search_term_string\"}}],\"inLanguage\":\"en-US\"},{\"@type\":\"Person\",\"@id\":\"https:\/\/fadeu.urantiacos.cl\/en\/#\/schema\/person\/d203e2e84b1c40275eac77b3061a19a2\",\"name\":\"manadmin\",\"image\":{\"@type\":\"ImageObject\",\"inLanguage\":\"en-US\",\"@id\":\"https:\/\/fadeu.urantiacos.cl\/en\/#\/schema\/person\/image\/\",\"url\":\"https:\/\/secure.gravatar.com\/avatar\/4b1d8e3303b4a9d8968ac578947d8bc80d9aea359f388cdd4aac15cadc0e8447?s=96&d=mm&r=g\",\"contentUrl\":\"https:\/\/secure.gravatar.com\/avatar\/4b1d8e3303b4a9d8968ac578947d8bc80d9aea359f388cdd4aac15cadc0e8447?s=96&d=mm&r=g\",\"caption\":\"manadmin\"},\"sameAs\":[\"https:\/\/fadeu.urantiacos.cl\"]}]}<\/script>\n<!-- \/ Yoast SEO plugin. -->","yoast_head_json":{"title":"Rodrigo Ram\u00edrez se adjudica Fondo ND \u2013 UC | Chile Luksic Scholars Joint Research Awards - Facultad de Arquitectura, Dise\u00f1o y Estudios Urbanos","description":"Rodrigo Ram\u00edrez, acad\u00e9mico de Dise\u00f1o UC, se adjudic\u00f3 fondo ND \u2013 UC | Chile Luksic Scholars Joint Research Awards, promovido conjuntamente por la UC \u2013 VRAI y la Universidad de Notre Dame con el proyecto Design for Disaster Response: Improving Communication Before, During, and After Emergencies.","robots":{"index":"index","follow":"follow","max-snippet":"max-snippet:-1","max-image-preview":"max-image-preview:large","max-video-preview":"max-video-preview:-1"},"canonical":"https:\/\/fadeu.urantiacos.cl\/en\/2022\/08\/14\/rodrigo-ramirez-se-adjudica-fondo-nd-uc-chile-luksic-scholars-joint-research-awards\/","og_locale":"en_US","og_type":"article","og_title":"Rodrigo Ram\u00edrez se adjudica Fondo ND \u2013 UC | Chile Luksic Scholars Joint Research Awards - Facultad de Arquitectura, Dise\u00f1o y Estudios Urbanos","og_description":"Rodrigo Ram\u00edrez, acad\u00e9mico de Dise\u00f1o UC, se adjudic\u00f3 fondo ND \u2013 UC | Chile Luksic Scholars Joint Research Awards, promovido conjuntamente por la UC \u2013 VRAI y la Universidad de Notre Dame con el proyecto Design for Disaster Response: Improving Communication Before, During, and After Emergencies.","og_url":"https:\/\/fadeu.urantiacos.cl\/en\/2022\/08\/14\/rodrigo-ramirez-se-adjudica-fondo-nd-uc-chile-luksic-scholars-joint-research-awards\/","og_site_name":"Facultad de Arquitectura, Dise\u00f1o y Estudios Urbanos","article_published_time":"2022-08-15T02:02:00+00:00","article_modified_time":"2023-10-17T15:06:06+00:00","og_image":[{"width":350,"height":250,"url":"https:\/\/fadeu.urantiacos.cl\/wp-content\/uploads\/2023\/09\/WEB_Captura-de-Pantalla-2022-08-09-a-las-12.22.52.png","type":"image\/png"}],"author":"manadmin","twitter_card":"summary_large_image","twitter_misc":{"Written by":"manadmin","Est. reading time":"1 minute"},"schema":{"@context":"https:\/\/schema.org","@graph":[{"@type":"Article","@id":"https:\/\/fadeu.urantiacos.cl\/en\/2022\/08\/14\/rodrigo-ramirez-se-adjudica-fondo-nd-uc-chile-luksic-scholars-joint-research-awards\/#article","isPartOf":{"@id":"https:\/\/fadeu.urantiacos.cl\/en\/2022\/08\/14\/rodrigo-ramirez-se-adjudica-fondo-nd-uc-chile-luksic-scholars-joint-research-awards\/"},"author":{"name":"manadmin","@id":"https:\/\/fadeu.urantiacos.cl\/en\/#\/schema\/person\/d203e2e84b1c40275eac77b3061a19a2"},"headline":"Rodrigo Ram\u00edrez se adjudica Fondo ND \u2013 UC | Chile Luksic Scholars Joint Research Awards","datePublished":"2022-08-15T02:02:00+00:00","dateModified":"2023-10-17T15:06:06+00:00","mainEntityOfPage":{"@id":"https:\/\/fadeu.urantiacos.cl\/en\/2022\/08\/14\/rodrigo-ramirez-se-adjudica-fondo-nd-uc-chile-luksic-scholars-joint-research-awards\/"},"wordCount":229,"commentCount":0,"image":{"@id":"https:\/\/fadeu.urantiacos.cl\/en\/2022\/08\/14\/rodrigo-ramirez-se-adjudica-fondo-nd-uc-chile-luksic-scholars-joint-research-awards\/#primaryimage"},"thumbnailUrl":"https:\/\/fadeu.urantiacos.cl\/wp-content\/uploads\/2023\/09\/WEB_Captura-de-Pantalla-2022-08-09-a-las-12.22.52.png","articleSection":["Sin categorizar"],"inLanguage":"en-US","potentialAction":[{"@type":"CommentAction","name":"Comment","target":["https:\/\/fadeu.urantiacos.cl\/en\/2022\/08\/14\/rodrigo-ramirez-se-adjudica-fondo-nd-uc-chile-luksic-scholars-joint-research-awards\/#respond"]}]},{"@type":"WebPage","@id":"https:\/\/fadeu.urantiacos.cl\/en\/2022\/08\/14\/rodrigo-ramirez-se-adjudica-fondo-nd-uc-chile-luksic-scholars-joint-research-awards\/","url":"https:\/\/fadeu.urantiacos.cl\/en\/2022\/08\/14\/rodrigo-ramirez-se-adjudica-fondo-nd-uc-chile-luksic-scholars-joint-research-awards\/","name":"Rodrigo Ram\u00edrez se adjudica Fondo ND \u2013 UC | Chile Luksic Scholars Joint Research Awards - Facultad de Arquitectura, Dise\u00f1o y Estudios Urbanos","isPartOf":{"@id":"https:\/\/fadeu.urantiacos.cl\/en\/#website"},"primaryImageOfPage":{"@id":"https:\/\/fadeu.urantiacos.cl\/en\/2022\/08\/14\/rodrigo-ramirez-se-adjudica-fondo-nd-uc-chile-luksic-scholars-joint-research-awards\/#primaryimage"},"image":{"@id":"https:\/\/fadeu.urantiacos.cl\/en\/2022\/08\/14\/rodrigo-ramirez-se-adjudica-fondo-nd-uc-chile-luksic-scholars-joint-research-awards\/#primaryimage"},"thumbnailUrl":"https:\/\/fadeu.urantiacos.cl\/wp-content\/uploads\/2023\/09\/WEB_Captura-de-Pantalla-2022-08-09-a-las-12.22.52.png","datePublished":"2022-08-15T02:02:00+00:00","dateModified":"2023-10-17T15:06:06+00:00","author":{"@id":"https:\/\/fadeu.urantiacos.cl\/en\/#\/schema\/person\/d203e2e84b1c40275eac77b3061a19a2"},"description":"Rodrigo Ram\u00edrez, acad\u00e9mico de Dise\u00f1o UC, se adjudic\u00f3 fondo ND \u2013 UC | Chile Luksic Scholars Joint Research Awards, promovido conjuntamente por la UC \u2013 VRAI y la Universidad de Notre Dame con el proyecto Design for Disaster Response: Improving Communication Before, During, and After Emergencies.","breadcrumb":{"@id":"https:\/\/fadeu.urantiacos.cl\/en\/2022\/08\/14\/rodrigo-ramirez-se-adjudica-fondo-nd-uc-chile-luksic-scholars-joint-research-awards\/#breadcrumb"},"inLanguage":"en-US","potentialAction":[{"@type":"ReadAction","target":["https:\/\/fadeu.urantiacos.cl\/en\/2022\/08\/14\/rodrigo-ramirez-se-adjudica-fondo-nd-uc-chile-luksic-scholars-joint-research-awards\/"]}]},{"@type":"ImageObject","inLanguage":"en-US","@id":"https:\/\/fadeu.urantiacos.cl\/en\/2022\/08\/14\/rodrigo-ramirez-se-adjudica-fondo-nd-uc-chile-luksic-scholars-joint-research-awards\/#primaryimage","url":"https:\/\/fadeu.urantiacos.cl\/wp-content\/uploads\/2023\/09\/WEB_Captura-de-Pantalla-2022-08-09-a-las-12.22.52.png","contentUrl":"https:\/\/fadeu.urantiacos.cl\/wp-content\/uploads\/2023\/09\/WEB_Captura-de-Pantalla-2022-08-09-a-las-12.22.52.png","width":350,"height":250},{"@type":"BreadcrumbList","@id":"https:\/\/fadeu.urantiacos.cl\/en\/2022\/08\/14\/rodrigo-ramirez-se-adjudica-fondo-nd-uc-chile-luksic-scholars-joint-research-awards\/#breadcrumb","itemListElement":[{"@type":"ListItem","position":1,"name":"Portada","item":"https:\/\/fadeu.urantiacos.cl\/en\/"},{"@type":"ListItem","position":2,"name":"Rodrigo Ram\u00edrez se adjudica Fondo ND \u2013 UC | Chile Luksic Scholars Joint Research Awards"}]},{"@type":"WebSite","@id":"https:\/\/fadeu.urantiacos.cl\/en\/#website","url":"https:\/\/fadeu.urantiacos.cl\/en\/","name":"Facultad de Arquitectura, Dise\u00f1o y Estudios Urbanos","description":"Campus Lo Contador","potentialAction":[{"@type":"SearchAction","target":{"@type":"EntryPoint","urlTemplate":"https:\/\/fadeu.urantiacos.cl\/en\/?s={search_term_string}"},"query-input":{"@type":"PropertyValueSpecification","valueRequired":true,"valueName":"search_term_string"}}],"inLanguage":"en-US"},{"@type":"Person","@id":"https:\/\/fadeu.urantiacos.cl\/en\/#\/schema\/person\/d203e2e84b1c40275eac77b3061a19a2","name":"manadmin","image":{"@type":"ImageObject","inLanguage":"en-US","@id":"https:\/\/fadeu.urantiacos.cl\/en\/#\/schema\/person\/image\/","url":"https:\/\/secure.gravatar.com\/avatar\/4b1d8e3303b4a9d8968ac578947d8bc80d9aea359f388cdd4aac15cadc0e8447?s=96&d=mm&r=g","contentUrl":"https:\/\/secure.gravatar.com\/avatar\/4b1d8e3303b4a9d8968ac578947d8bc80d9aea359f388cdd4aac15cadc0e8447?s=96&d=mm&r=g","caption":"manadmin"},"sameAs":["https:\/\/fadeu.urantiacos.cl"]}]}},"_links":{"self":[{"href":"https:\/\/fadeu.urantiacos.cl\/en\/wp-json\/wp\/v2\/posts\/4385","targetHints":{"allow":["GET"]}}],"collection":[{"href":"https:\/\/fadeu.urantiacos.cl\/en\/wp-json\/wp\/v2\/posts"}],"about":[{"href":"https:\/\/fadeu.urantiacos.cl\/en\/wp-json\/wp\/v2\/types\/post"}],"author":[{"embeddable":true,"href":"https:\/\/fadeu.urantiacos.cl\/en\/wp-json\/wp\/v2\/users\/1"}],"replies":[{"embeddable":true,"href":"https:\/\/fadeu.urantiacos.cl\/en\/wp-json\/wp\/v2\/comments?post=4385"}],"version-history":[{"count":2,"href":"https:\/\/fadeu.urantiacos.cl\/en\/wp-json\/wp\/v2\/posts\/4385\/revisions"}],"predecessor-version":[{"id":17150,"href":"https:\/\/fadeu.urantiacos.cl\/en\/wp-json\/wp\/v2\/posts\/4385\/revisions\/17150"}],"wp:featuredmedia":[{"embeddable":true,"href":"https:\/\/fadeu.urantiacos.cl\/en\/wp-json\/wp\/v2\/media\/4386"}],"wp:attachment":[{"href":"https:\/\/fadeu.urantiacos.cl\/en\/wp-json\/wp\/v2\/media?parent=4385"}],"wp:term":[{"taxonomy":"category","embeddable":true,"href":"https:\/\/fadeu.urantiacos.cl\/en\/wp-json\/wp\/v2\/categories?post=4385"},{"taxonomy":"post_tag","embeddable":true,"href":"https:\/\/fadeu.urantiacos.cl\/en\/wp-json\/wp\/v2\/tags?post=4385"}],"curies":[{"name":"wp","href":"https:\/\/api.w.org\/{rel}","templated":true}]}}