{"id":4370,"date":"2022-08-14T22:47:00","date_gmt":"2022-08-15T01:47:00","guid":{"rendered":"https:\/\/fadeu.urantiacos.cl\/?p=4370"},"modified":"2023-09-03T22:48:55","modified_gmt":"2023-09-04T01:48:55","slug":"bienvenida-a-nuestros-nuevos-estudiantes-de-los-programas-de-magister-de-desarrollo-urbano-y-magister-en-asentamientos-humanos-y-medio-ambiente","status":"publish","type":"post","link":"https:\/\/fadeu.urantiacos.cl\/en\/2022\/08\/14\/bienvenida-a-nuestros-nuevos-estudiantes-de-los-programas-de-magister-de-desarrollo-urbano-y-magister-en-asentamientos-humanos-y-medio-ambiente\/","title":{"rendered":"Bienvenida a nuestros nuevos estudiantes de los programas de Mag\u00edster de Desarrollo Urbano y Mag\u00edster en Asentamientos Humanos y Medio Ambiente"},"content":{"rendered":"\n<figure class=\"wp-block-image size-full\"><img decoding=\"async\" width=\"350\" height=\"250\" src=\"https:\/\/fadeu.urantiacos.cl\/wp-content\/uploads\/2023\/09\/WEB_1a-768x575-1.jpg\" alt=\"\" class=\"wp-image-4371\" srcset=\"https:\/\/fadeu.urantiacos.cl\/wp-content\/uploads\/2023\/09\/WEB_1a-768x575-1.jpg 350w, https:\/\/fadeu.urantiacos.cl\/wp-content\/uploads\/2023\/09\/WEB_1a-768x575-1-300x214.jpg 300w\" sizes=\"(max-width: 350px) 100vw, 350px\" \/><\/figure>\n\n\n\n<p>El pasado martes 09 de agosto se realiz\u00f3 la actividad de bienvenida e inducci\u00f3n a los nuevos estudiantes que ingresaron durante este segundo semestre 2022 a los programas de&nbsp;<a href=\"https:\/\/estudiosurbanos.uc.cl\/programa\/magister-en-desarrollo-urbano\/\">Mag\u00edster de Desarrollo Urbano (MDU)<\/a>&nbsp;y&nbsp;<a href=\"https:\/\/estudiosurbanos.uc.cl\/programa\/magister-en-asentamientos-humanos-y-medio-ambiente\/\">Mag\u00edster en Asentamientos Humanos y Medio Ambiente (MHM),<\/a>&nbsp;impartidos por el&nbsp;<a href=\"https:\/\/estudiosurbanos.uc.cl\/programa\/magister-en-asentamientos-humanos-y-medio-ambiente\/\">Instituto de Estudios Urbanos y Territoriales<\/a>&nbsp;(IEUT) de la UC.<\/p>\n\n\n\n<p>La actividad, que cont\u00f3 con la participaci\u00f3n de alumnas y alumnos, tanto nacionales, como extranjeros, consisti\u00f3 en una recepci\u00f3n informativa en las dependencias del IEUT realizada por&nbsp;<a href=\"https:\/\/estudiosurbanos.uc.cl\/academicos\/luis-fuentes-arce\/\">Luis Fuentes Arce<\/a>, director del Instituto de Estudios Urbanos y Territoriales;&nbsp;<a href=\"https:\/\/estudiosurbanos.uc.cl\/academicos\/caroline-stamm\/\">Caroline Stamm<\/a>, subdirectora de posgrado; Dominique Yoma, coordinadora Acad\u00e9mica Docente, y Pilar Hern\u00e1ndez, encargada de Admisi\u00f3n Mag\u00edster y coordinadora de Educaci\u00f3n Continua.<\/p>\n\n\n\n<p><strong>Programa con foco en Latinoam\u00e9rica<\/strong><\/p>\n\n\n\n<p>Luis Fuentes, director del IEUT, coment\u00f3 que&nbsp;\u201chay una diversidad disciplinar importante en los acad\u00e9micos del Instituto, y es la misma diversidad que ver\u00e1n en la sala de clases. Esta es una de nuestras mayores riquezas. Y otra muy importante tiene que ver con nuestro foco en Latinoam\u00e9rica. La proporci\u00f3n hist\u00f3rica del alumnado es que al menos un tercio de nuestros estudiantes vienen principalmente de Latinoam\u00e9rica, aunque incluso hemos recibido estudiantes de \u00c1frica, como de Mozambique particularmente\u201d.<\/p>\n\n\n\n<p>Por su parte, Caroline Stamm, inform\u00f3 todos los detalles relevantes para los estudiantes y que trascienden su experiencia en la sala de clases. Entre estas opciones, se\u00f1al\u00f3 la posibilidad de participar colaborativamente en revistas como&nbsp;<a href=\"https:\/\/www.eure.cl\/index.php\/eure\">Eure<\/a>&nbsp;y Planeo, \u00e9sta \u00faltima editada por los mismos estudiantes de estos programas de Mag\u00edster. Tambi\u00e9n de participar en seminarios y conversatorios, series de conversaci\u00f3n, n\u00facleos de investigaci\u00f3n. Asimismo, les record\u00f3 considerar los v\u00ednculos de investigaci\u00f3n que el Instituto ha construido a lo largo de su historia, y aprovechar las distintas actividades extra-program\u00e1ticas de la UC, junto con sus amenidades.<\/p>\n\n\n\n<p><strong>Nuestros nuevos estudiantes<\/strong><\/p>\n\n\n\n<p>En esta nueva versi\u00f3n, se destac\u00f3 la procedencia de dos de sus estudiantes, provenientes de Colombia y Per\u00fa, una caracter\u00edstica de los programas de Mag\u00edster del IEUT de la UC.<\/p>\n\n\n\n<p>El ingeniero ambiental,&nbsp;Alexander D\u00edaz, coment\u00f3 que su principal motivaci\u00f3n para ingresar al MDU es realizar un impacto en su pa\u00eds:&nbsp;\u201cPoder llevar herramientas para el municipio donde trabajo dentro de la Secretar\u00eda de Planeaci\u00f3n, que es San Carlos de Guaroa en Colombia. La idea es poder planificarlo bien, ahora que est\u00e1 en su crecimiento, y que se haga de una manera ordenada\u201d.<\/p>\n\n\n\n<p>Por su parte,&nbsp;Camila Albornoz, de profesi\u00f3n antrop\u00f3loga, cont\u00f3 a los presentes que, desde su formaci\u00f3n base se fue acercando a este campus y a la escuela cuando&nbsp;\u201cme di cuenta que hab\u00eda muchas herramientas que no ten\u00eda, temas urbanos, kits de herramientas metodol\u00f3gicas que no conoc\u00eda. Porque mi formaci\u00f3n se centr\u00f3 en otros temas. As\u00ed fui buscando qu\u00e9 oferta hab\u00eda de un programa de Mag\u00edster en esta l\u00ednea. Adem\u00e1s, me gust\u00f3 saber que en el Instituto hay ge\u00f3grafos, soci\u00f3logos, economistas\u2026 Estoy muy entusiasmada por aprender e integrar los conocimientos que entregan estas disciplinas\u201d.<\/p>\n\n\n\n<p>Para&nbsp;Elvira O\u00f1ederra, quien en paralelo cursa sociolog\u00eda, su inter\u00e9s principal es&nbsp;\u201cpoder mejorar el entorno inmediato con los instrumentos ya aplicados de planificaci\u00f3n urbana, y volverlos m\u00e1s humanos, para que la gente los pueda entender, y participe dentro de estas mismas instancias. Y&nbsp;tambi\u00e9n,&nbsp;algo que me gusta mucho, no solo es delimitar barrios, sino tambi\u00e9n conocer a la gente, que ellos mismos quieran hacer una visi\u00f3n de ciudad y, de esta manera, hacer su entorno conocido. Para m\u00ed es un proceso valioso que ellos pertenezcan a esa decisi\u00f3n. Me gusta mucho ver los cabildos y participar en ellos\u201d.<\/p>\n\n\n\n<p>Finalmente, desde un inter\u00e9s en el \u00e1rea p\u00fablica,&nbsp;Laura Flores&nbsp;coment\u00f3 al grupo que se encuentra realizando la articulaci\u00f3n de la carrera de Planificaci\u00f3n Urbana, junto con el MDU&nbsp;\u201cporque a trav\u00e9s de planificaci\u00f3n urbana puedo identificar que falta en el \u00e1rea p\u00fablica. A trav\u00e9s de este Mag\u00edster, y a trav\u00e9s de lo que nos entrega el Instituto, es posible crear m\u00e1s profesionales que puedan dedicarse al \u00e1rea p\u00fablica. Con muchos de mis compa\u00f1eros nos encontramos en un enfoque mucho m\u00e1s cercano a lo p\u00fablico, en poder mejorar el pa\u00eds y Latinoam\u00e9rica\u201d.<\/p>\n\n\n\n<p><strong>Acerca de estos programas de Mag\u00edster<\/strong><\/p>\n\n\n\n<p>El trabajo del Instituto de Estudios urbanos se centra en tres l\u00edneas de estudio, las que son: Procesos urbanos y territoriales, Planificaci\u00f3n y gobernanza, y Sustentabilidad y territorio.&nbsp;Si quieres obtener mayor informaci\u00f3n sobre alguno de estos programas ingresan en:<\/p>\n\n\n\n<p><a href=\"https:\/\/estudiosurbanos.uc.cl\/programa\/magister-en-desarrollo-urbano\/\">Mag\u00edster en Desarrollo Urbano<\/a><\/p>\n\n\n\n<p><a href=\"https:\/\/estudiosurbanos.uc.cl\/programa\/magister-en-asentamientos-humanos-y-medio-ambiente\/\">Mag\u00edster en Asentamientos Humanos y Medio Ambiente<\/a><\/p>\n\n\n\n<p>Ambos programas abren&nbsp;su per\u00edodo de admisi\u00f3n&nbsp;en dos per\u00edodos del a\u00f1o:<\/p>\n\n\n\n<ul class=\"wp-block-list\">\n<li>De octubre a enero:&nbsp;Para el 1er semestre 2023<\/li>\n\n\n\n<li>De abril a junio:&nbsp;Para el 2do semestre 2023.<\/li>\n<\/ul>\n\n\n\n<p>Luego de estos programas puedes continuar la l\u00ednea de estudios en el&nbsp;<a href=\"https:\/\/doctorado.fadeu.urantiacos.cl\/\">Doctorado en Arquitectura y Estudios Urbanos.<\/a><\/p>\n","protected":false},"excerpt":{"rendered":"<p>Con una actividad organizada para los nuevos estudiantes en el Campus Lo Contador, se dio inicio al per\u00edodo acad\u00e9mico de los programas de Mag\u00edster que imparte el Instituto de Estudios Urbanos y Territoriales de la UC.<\/p>\n","protected":false},"author":1,"featured_media":4371,"comment_status":"open","ping_status":"open","sticky":false,"template":"","format":"standard","meta":{"_acf_changed":false,"footnotes":""},"categories":[1],"tags":[],"class_list":["post-4370","post","type-post","status-publish","format-standard","has-post-thumbnail","hentry","category-sin-categorizar"],"acf":[],"yoast_head":"<!-- This site is optimized with the Yoast SEO plugin v27.1.1 - https:\/\/yoast.com\/product\/yoast-seo-wordpress\/ -->\n<title>Bienvenida a nuestros nuevos estudiantes de los programas de Mag\u00edster de Desarrollo Urbano y Mag\u00edster en Asentamientos Humanos y Medio Ambiente - Facultad de Arquitectura, Dise\u00f1o y Estudios Urbanos<\/title>\n<meta name=\"description\" content=\"Con una actividad organizada para los nuevos estudiantes en el Campus Lo Contador, se dio inicio al per\u00edodo acad\u00e9mico de los programas de Mag\u00edster que imparte el Instituto de Estudios Urbanos y Territoriales de la UC.\" \/>\n<meta name=\"robots\" content=\"index, follow, max-snippet:-1, max-image-preview:large, max-video-preview:-1\" \/>\n<link rel=\"canonical\" href=\"https:\/\/fadeu.urantiacos.cl\/en\/2022\/08\/14\/bienvenida-a-nuestros-nuevos-estudiantes-de-los-programas-de-magister-de-desarrollo-urbano-y-magister-en-asentamientos-humanos-y-medio-ambiente\/\" \/>\n<meta property=\"og:locale\" content=\"en_US\" \/>\n<meta property=\"og:type\" content=\"article\" \/>\n<meta property=\"og:title\" content=\"Bienvenida a nuestros nuevos estudiantes de los programas de Mag\u00edster de Desarrollo Urbano y Mag\u00edster en Asentamientos Humanos y Medio Ambiente - Facultad de Arquitectura, Dise\u00f1o y Estudios Urbanos\" \/>\n<meta property=\"og:description\" content=\"Con una actividad organizada para los nuevos estudiantes en el Campus Lo Contador, se dio inicio al per\u00edodo acad\u00e9mico de los programas de Mag\u00edster que imparte el Instituto de Estudios Urbanos y Territoriales de la UC.\" \/>\n<meta property=\"og:url\" content=\"https:\/\/fadeu.urantiacos.cl\/en\/2022\/08\/14\/bienvenida-a-nuestros-nuevos-estudiantes-de-los-programas-de-magister-de-desarrollo-urbano-y-magister-en-asentamientos-humanos-y-medio-ambiente\/\" \/>\n<meta property=\"og:site_name\" content=\"Facultad de Arquitectura, Dise\u00f1o y Estudios Urbanos\" \/>\n<meta property=\"article:published_time\" content=\"2022-08-15T01:47:00+00:00\" \/>\n<meta property=\"article:modified_time\" content=\"2023-09-04T01:48:55+00:00\" \/>\n<meta property=\"og:image\" content=\"https:\/\/fadeu.urantiacos.cl\/wp-content\/uploads\/2023\/09\/WEB_1a-768x575-1.jpg\" \/>\n\t<meta property=\"og:image:width\" content=\"350\" \/>\n\t<meta property=\"og:image:height\" content=\"250\" \/>\n\t<meta property=\"og:image:type\" content=\"image\/jpeg\" \/>\n<meta name=\"author\" content=\"manadmin\" \/>\n<meta name=\"twitter:card\" content=\"summary_large_image\" \/>\n<meta name=\"twitter:label1\" content=\"Written by\" \/>\n\t<meta name=\"twitter:data1\" content=\"manadmin\" \/>\n\t<meta name=\"twitter:label2\" content=\"Est. reading time\" \/>\n\t<meta name=\"twitter:data2\" content=\"4 minutes\" \/>\n<script type=\"application\/ld+json\" class=\"yoast-schema-graph\">{\"@context\":\"https:\/\/schema.org\",\"@graph\":[{\"@type\":\"Article\",\"@id\":\"https:\/\/fadeu.urantiacos.cl\/en\/2022\/08\/14\/bienvenida-a-nuestros-nuevos-estudiantes-de-los-programas-de-magister-de-desarrollo-urbano-y-magister-en-asentamientos-humanos-y-medio-ambiente\/#article\",\"isPartOf\":{\"@id\":\"https:\/\/fadeu.urantiacos.cl\/en\/2022\/08\/14\/bienvenida-a-nuestros-nuevos-estudiantes-de-los-programas-de-magister-de-desarrollo-urbano-y-magister-en-asentamientos-humanos-y-medio-ambiente\/\"},\"author\":{\"name\":\"manadmin\",\"@id\":\"https:\/\/fadeu.urantiacos.cl\/en\/#\/schema\/person\/d203e2e84b1c40275eac77b3061a19a2\"},\"headline\":\"Bienvenida a nuestros nuevos estudiantes de los programas de Mag\u00edster de Desarrollo Urbano y Mag\u00edster en Asentamientos Humanos y Medio Ambiente\",\"datePublished\":\"2022-08-15T01:47:00+00:00\",\"dateModified\":\"2023-09-04T01:48:55+00:00\",\"mainEntityOfPage\":{\"@id\":\"https:\/\/fadeu.urantiacos.cl\/en\/2022\/08\/14\/bienvenida-a-nuestros-nuevos-estudiantes-de-los-programas-de-magister-de-desarrollo-urbano-y-magister-en-asentamientos-humanos-y-medio-ambiente\/\"},\"wordCount\":912,\"commentCount\":0,\"image\":{\"@id\":\"https:\/\/fadeu.urantiacos.cl\/en\/2022\/08\/14\/bienvenida-a-nuestros-nuevos-estudiantes-de-los-programas-de-magister-de-desarrollo-urbano-y-magister-en-asentamientos-humanos-y-medio-ambiente\/#primaryimage\"},\"thumbnailUrl\":\"https:\/\/fadeu.urantiacos.cl\/wp-content\/uploads\/2023\/09\/WEB_1a-768x575-1.jpg\",\"articleSection\":[\"Sin categorizar\"],\"inLanguage\":\"en-US\",\"potentialAction\":[{\"@type\":\"CommentAction\",\"name\":\"Comment\",\"target\":[\"https:\/\/fadeu.urantiacos.cl\/en\/2022\/08\/14\/bienvenida-a-nuestros-nuevos-estudiantes-de-los-programas-de-magister-de-desarrollo-urbano-y-magister-en-asentamientos-humanos-y-medio-ambiente\/#respond\"]}]},{\"@type\":\"WebPage\",\"@id\":\"https:\/\/fadeu.urantiacos.cl\/en\/2022\/08\/14\/bienvenida-a-nuestros-nuevos-estudiantes-de-los-programas-de-magister-de-desarrollo-urbano-y-magister-en-asentamientos-humanos-y-medio-ambiente\/\",\"url\":\"https:\/\/fadeu.urantiacos.cl\/en\/2022\/08\/14\/bienvenida-a-nuestros-nuevos-estudiantes-de-los-programas-de-magister-de-desarrollo-urbano-y-magister-en-asentamientos-humanos-y-medio-ambiente\/\",\"name\":\"Bienvenida a nuestros nuevos estudiantes de los programas de Mag\u00edster de Desarrollo Urbano y Mag\u00edster en Asentamientos Humanos y Medio Ambiente - Facultad de Arquitectura, Dise\u00f1o y Estudios Urbanos\",\"isPartOf\":{\"@id\":\"https:\/\/fadeu.urantiacos.cl\/en\/#website\"},\"primaryImageOfPage\":{\"@id\":\"https:\/\/fadeu.urantiacos.cl\/en\/2022\/08\/14\/bienvenida-a-nuestros-nuevos-estudiantes-de-los-programas-de-magister-de-desarrollo-urbano-y-magister-en-asentamientos-humanos-y-medio-ambiente\/#primaryimage\"},\"image\":{\"@id\":\"https:\/\/fadeu.urantiacos.cl\/en\/2022\/08\/14\/bienvenida-a-nuestros-nuevos-estudiantes-de-los-programas-de-magister-de-desarrollo-urbano-y-magister-en-asentamientos-humanos-y-medio-ambiente\/#primaryimage\"},\"thumbnailUrl\":\"https:\/\/fadeu.urantiacos.cl\/wp-content\/uploads\/2023\/09\/WEB_1a-768x575-1.jpg\",\"datePublished\":\"2022-08-15T01:47:00+00:00\",\"dateModified\":\"2023-09-04T01:48:55+00:00\",\"author\":{\"@id\":\"https:\/\/fadeu.urantiacos.cl\/en\/#\/schema\/person\/d203e2e84b1c40275eac77b3061a19a2\"},\"description\":\"Con una actividad organizada para los nuevos estudiantes en el Campus Lo Contador, se dio inicio al per\u00edodo acad\u00e9mico de los programas de Mag\u00edster que imparte el Instituto de Estudios Urbanos y Territoriales de la UC.\",\"breadcrumb\":{\"@id\":\"https:\/\/fadeu.urantiacos.cl\/en\/2022\/08\/14\/bienvenida-a-nuestros-nuevos-estudiantes-de-los-programas-de-magister-de-desarrollo-urbano-y-magister-en-asentamientos-humanos-y-medio-ambiente\/#breadcrumb\"},\"inLanguage\":\"en-US\",\"potentialAction\":[{\"@type\":\"ReadAction\",\"target\":[\"https:\/\/fadeu.urantiacos.cl\/en\/2022\/08\/14\/bienvenida-a-nuestros-nuevos-estudiantes-de-los-programas-de-magister-de-desarrollo-urbano-y-magister-en-asentamientos-humanos-y-medio-ambiente\/\"]}]},{\"@type\":\"ImageObject\",\"inLanguage\":\"en-US\",\"@id\":\"https:\/\/fadeu.urantiacos.cl\/en\/2022\/08\/14\/bienvenida-a-nuestros-nuevos-estudiantes-de-los-programas-de-magister-de-desarrollo-urbano-y-magister-en-asentamientos-humanos-y-medio-ambiente\/#primaryimage\",\"url\":\"https:\/\/fadeu.urantiacos.cl\/wp-content\/uploads\/2023\/09\/WEB_1a-768x575-1.jpg\",\"contentUrl\":\"https:\/\/fadeu.urantiacos.cl\/wp-content\/uploads\/2023\/09\/WEB_1a-768x575-1.jpg\",\"width\":350,\"height\":250},{\"@type\":\"BreadcrumbList\",\"@id\":\"https:\/\/fadeu.urantiacos.cl\/en\/2022\/08\/14\/bienvenida-a-nuestros-nuevos-estudiantes-de-los-programas-de-magister-de-desarrollo-urbano-y-magister-en-asentamientos-humanos-y-medio-ambiente\/#breadcrumb\",\"itemListElement\":[{\"@type\":\"ListItem\",\"position\":1,\"name\":\"Portada\",\"item\":\"https:\/\/fadeu.urantiacos.cl\/en\/\"},{\"@type\":\"ListItem\",\"position\":2,\"name\":\"Bienvenida a nuestros nuevos estudiantes de los programas de Mag\u00edster de Desarrollo Urbano y Mag\u00edster en Asentamientos Humanos y Medio Ambiente\"}]},{\"@type\":\"WebSite\",\"@id\":\"https:\/\/fadeu.urantiacos.cl\/en\/#website\",\"url\":\"https:\/\/fadeu.urantiacos.cl\/en\/\",\"name\":\"Facultad de Arquitectura, Dise\u00f1o y Estudios Urbanos\",\"description\":\"Campus Lo Contador\",\"potentialAction\":[{\"@type\":\"SearchAction\",\"target\":{\"@type\":\"EntryPoint\",\"urlTemplate\":\"https:\/\/fadeu.urantiacos.cl\/en\/?s={search_term_string}\"},\"query-input\":{\"@type\":\"PropertyValueSpecification\",\"valueRequired\":true,\"valueName\":\"search_term_string\"}}],\"inLanguage\":\"en-US\"},{\"@type\":\"Person\",\"@id\":\"https:\/\/fadeu.urantiacos.cl\/en\/#\/schema\/person\/d203e2e84b1c40275eac77b3061a19a2\",\"name\":\"manadmin\",\"image\":{\"@type\":\"ImageObject\",\"inLanguage\":\"en-US\",\"@id\":\"https:\/\/fadeu.urantiacos.cl\/en\/#\/schema\/person\/image\/\",\"url\":\"https:\/\/secure.gravatar.com\/avatar\/4b1d8e3303b4a9d8968ac578947d8bc80d9aea359f388cdd4aac15cadc0e8447?s=96&d=mm&r=g\",\"contentUrl\":\"https:\/\/secure.gravatar.com\/avatar\/4b1d8e3303b4a9d8968ac578947d8bc80d9aea359f388cdd4aac15cadc0e8447?s=96&d=mm&r=g\",\"caption\":\"manadmin\"},\"sameAs\":[\"https:\/\/fadeu.urantiacos.cl\"]}]}<\/script>\n<!-- \/ Yoast SEO plugin. -->","yoast_head_json":{"title":"Bienvenida a nuestros nuevos estudiantes de los programas de Mag\u00edster de Desarrollo Urbano y Mag\u00edster en Asentamientos Humanos y Medio Ambiente - Facultad de Arquitectura, Dise\u00f1o y Estudios Urbanos","description":"Con una actividad organizada para los nuevos estudiantes en el Campus Lo Contador, se dio inicio al per\u00edodo acad\u00e9mico de los programas de Mag\u00edster que imparte el Instituto de Estudios Urbanos y Territoriales de la UC.","robots":{"index":"index","follow":"follow","max-snippet":"max-snippet:-1","max-image-preview":"max-image-preview:large","max-video-preview":"max-video-preview:-1"},"canonical":"https:\/\/fadeu.urantiacos.cl\/en\/2022\/08\/14\/bienvenida-a-nuestros-nuevos-estudiantes-de-los-programas-de-magister-de-desarrollo-urbano-y-magister-en-asentamientos-humanos-y-medio-ambiente\/","og_locale":"en_US","og_type":"article","og_title":"Bienvenida a nuestros nuevos estudiantes de los programas de Mag\u00edster de Desarrollo Urbano y Mag\u00edster en Asentamientos Humanos y Medio Ambiente - Facultad de Arquitectura, Dise\u00f1o y Estudios Urbanos","og_description":"Con una actividad organizada para los nuevos estudiantes en el Campus Lo Contador, se dio inicio al per\u00edodo acad\u00e9mico de los programas de Mag\u00edster que imparte el Instituto de Estudios Urbanos y Territoriales de la UC.","og_url":"https:\/\/fadeu.urantiacos.cl\/en\/2022\/08\/14\/bienvenida-a-nuestros-nuevos-estudiantes-de-los-programas-de-magister-de-desarrollo-urbano-y-magister-en-asentamientos-humanos-y-medio-ambiente\/","og_site_name":"Facultad de Arquitectura, Dise\u00f1o y Estudios Urbanos","article_published_time":"2022-08-15T01:47:00+00:00","article_modified_time":"2023-09-04T01:48:55+00:00","og_image":[{"width":350,"height":250,"url":"https:\/\/fadeu.urantiacos.cl\/wp-content\/uploads\/2023\/09\/WEB_1a-768x575-1.jpg","type":"image\/jpeg"}],"author":"manadmin","twitter_card":"summary_large_image","twitter_misc":{"Written by":"manadmin","Est. reading time":"4 minutes"},"schema":{"@context":"https:\/\/schema.org","@graph":[{"@type":"Article","@id":"https:\/\/fadeu.urantiacos.cl\/en\/2022\/08\/14\/bienvenida-a-nuestros-nuevos-estudiantes-de-los-programas-de-magister-de-desarrollo-urbano-y-magister-en-asentamientos-humanos-y-medio-ambiente\/#article","isPartOf":{"@id":"https:\/\/fadeu.urantiacos.cl\/en\/2022\/08\/14\/bienvenida-a-nuestros-nuevos-estudiantes-de-los-programas-de-magister-de-desarrollo-urbano-y-magister-en-asentamientos-humanos-y-medio-ambiente\/"},"author":{"name":"manadmin","@id":"https:\/\/fadeu.urantiacos.cl\/en\/#\/schema\/person\/d203e2e84b1c40275eac77b3061a19a2"},"headline":"Bienvenida a nuestros nuevos estudiantes de los programas de Mag\u00edster de Desarrollo Urbano y Mag\u00edster en Asentamientos Humanos y Medio Ambiente","datePublished":"2022-08-15T01:47:00+00:00","dateModified":"2023-09-04T01:48:55+00:00","mainEntityOfPage":{"@id":"https:\/\/fadeu.urantiacos.cl\/en\/2022\/08\/14\/bienvenida-a-nuestros-nuevos-estudiantes-de-los-programas-de-magister-de-desarrollo-urbano-y-magister-en-asentamientos-humanos-y-medio-ambiente\/"},"wordCount":912,"commentCount":0,"image":{"@id":"https:\/\/fadeu.urantiacos.cl\/en\/2022\/08\/14\/bienvenida-a-nuestros-nuevos-estudiantes-de-los-programas-de-magister-de-desarrollo-urbano-y-magister-en-asentamientos-humanos-y-medio-ambiente\/#primaryimage"},"thumbnailUrl":"https:\/\/fadeu.urantiacos.cl\/wp-content\/uploads\/2023\/09\/WEB_1a-768x575-1.jpg","articleSection":["Sin categorizar"],"inLanguage":"en-US","potentialAction":[{"@type":"CommentAction","name":"Comment","target":["https:\/\/fadeu.urantiacos.cl\/en\/2022\/08\/14\/bienvenida-a-nuestros-nuevos-estudiantes-de-los-programas-de-magister-de-desarrollo-urbano-y-magister-en-asentamientos-humanos-y-medio-ambiente\/#respond"]}]},{"@type":"WebPage","@id":"https:\/\/fadeu.urantiacos.cl\/en\/2022\/08\/14\/bienvenida-a-nuestros-nuevos-estudiantes-de-los-programas-de-magister-de-desarrollo-urbano-y-magister-en-asentamientos-humanos-y-medio-ambiente\/","url":"https:\/\/fadeu.urantiacos.cl\/en\/2022\/08\/14\/bienvenida-a-nuestros-nuevos-estudiantes-de-los-programas-de-magister-de-desarrollo-urbano-y-magister-en-asentamientos-humanos-y-medio-ambiente\/","name":"Bienvenida a nuestros nuevos estudiantes de los programas de Mag\u00edster de Desarrollo Urbano y Mag\u00edster en Asentamientos Humanos y Medio Ambiente - Facultad de Arquitectura, Dise\u00f1o y Estudios Urbanos","isPartOf":{"@id":"https:\/\/fadeu.urantiacos.cl\/en\/#website"},"primaryImageOfPage":{"@id":"https:\/\/fadeu.urantiacos.cl\/en\/2022\/08\/14\/bienvenida-a-nuestros-nuevos-estudiantes-de-los-programas-de-magister-de-desarrollo-urbano-y-magister-en-asentamientos-humanos-y-medio-ambiente\/#primaryimage"},"image":{"@id":"https:\/\/fadeu.urantiacos.cl\/en\/2022\/08\/14\/bienvenida-a-nuestros-nuevos-estudiantes-de-los-programas-de-magister-de-desarrollo-urbano-y-magister-en-asentamientos-humanos-y-medio-ambiente\/#primaryimage"},"thumbnailUrl":"https:\/\/fadeu.urantiacos.cl\/wp-content\/uploads\/2023\/09\/WEB_1a-768x575-1.jpg","datePublished":"2022-08-15T01:47:00+00:00","dateModified":"2023-09-04T01:48:55+00:00","author":{"@id":"https:\/\/fadeu.urantiacos.cl\/en\/#\/schema\/person\/d203e2e84b1c40275eac77b3061a19a2"},"description":"Con una actividad organizada para los nuevos estudiantes en el Campus Lo Contador, se dio inicio al per\u00edodo acad\u00e9mico de los programas de Mag\u00edster que imparte el Instituto de Estudios Urbanos y Territoriales de la UC.","breadcrumb":{"@id":"https:\/\/fadeu.urantiacos.cl\/en\/2022\/08\/14\/bienvenida-a-nuestros-nuevos-estudiantes-de-los-programas-de-magister-de-desarrollo-urbano-y-magister-en-asentamientos-humanos-y-medio-ambiente\/#breadcrumb"},"inLanguage":"en-US","potentialAction":[{"@type":"ReadAction","target":["https:\/\/fadeu.urantiacos.cl\/en\/2022\/08\/14\/bienvenida-a-nuestros-nuevos-estudiantes-de-los-programas-de-magister-de-desarrollo-urbano-y-magister-en-asentamientos-humanos-y-medio-ambiente\/"]}]},{"@type":"ImageObject","inLanguage":"en-US","@id":"https:\/\/fadeu.urantiacos.cl\/en\/2022\/08\/14\/bienvenida-a-nuestros-nuevos-estudiantes-de-los-programas-de-magister-de-desarrollo-urbano-y-magister-en-asentamientos-humanos-y-medio-ambiente\/#primaryimage","url":"https:\/\/fadeu.urantiacos.cl\/wp-content\/uploads\/2023\/09\/WEB_1a-768x575-1.jpg","contentUrl":"https:\/\/fadeu.urantiacos.cl\/wp-content\/uploads\/2023\/09\/WEB_1a-768x575-1.jpg","width":350,"height":250},{"@type":"BreadcrumbList","@id":"https:\/\/fadeu.urantiacos.cl\/en\/2022\/08\/14\/bienvenida-a-nuestros-nuevos-estudiantes-de-los-programas-de-magister-de-desarrollo-urbano-y-magister-en-asentamientos-humanos-y-medio-ambiente\/#breadcrumb","itemListElement":[{"@type":"ListItem","position":1,"name":"Portada","item":"https:\/\/fadeu.urantiacos.cl\/en\/"},{"@type":"ListItem","position":2,"name":"Bienvenida a nuestros nuevos estudiantes de los programas de Mag\u00edster de Desarrollo Urbano y Mag\u00edster en Asentamientos Humanos y Medio Ambiente"}]},{"@type":"WebSite","@id":"https:\/\/fadeu.urantiacos.cl\/en\/#website","url":"https:\/\/fadeu.urantiacos.cl\/en\/","name":"Facultad de Arquitectura, Dise\u00f1o y Estudios Urbanos","description":"Campus Lo Contador","potentialAction":[{"@type":"SearchAction","target":{"@type":"EntryPoint","urlTemplate":"https:\/\/fadeu.urantiacos.cl\/en\/?s={search_term_string}"},"query-input":{"@type":"PropertyValueSpecification","valueRequired":true,"valueName":"search_term_string"}}],"inLanguage":"en-US"},{"@type":"Person","@id":"https:\/\/fadeu.urantiacos.cl\/en\/#\/schema\/person\/d203e2e84b1c40275eac77b3061a19a2","name":"manadmin","image":{"@type":"ImageObject","inLanguage":"en-US","@id":"https:\/\/fadeu.urantiacos.cl\/en\/#\/schema\/person\/image\/","url":"https:\/\/secure.gravatar.com\/avatar\/4b1d8e3303b4a9d8968ac578947d8bc80d9aea359f388cdd4aac15cadc0e8447?s=96&d=mm&r=g","contentUrl":"https:\/\/secure.gravatar.com\/avatar\/4b1d8e3303b4a9d8968ac578947d8bc80d9aea359f388cdd4aac15cadc0e8447?s=96&d=mm&r=g","caption":"manadmin"},"sameAs":["https:\/\/fadeu.urantiacos.cl"]}]}},"_links":{"self":[{"href":"https:\/\/fadeu.urantiacos.cl\/en\/wp-json\/wp\/v2\/posts\/4370","targetHints":{"allow":["GET"]}}],"collection":[{"href":"https:\/\/fadeu.urantiacos.cl\/en\/wp-json\/wp\/v2\/posts"}],"about":[{"href":"https:\/\/fadeu.urantiacos.cl\/en\/wp-json\/wp\/v2\/types\/post"}],"author":[{"embeddable":true,"href":"https:\/\/fadeu.urantiacos.cl\/en\/wp-json\/wp\/v2\/users\/1"}],"replies":[{"embeddable":true,"href":"https:\/\/fadeu.urantiacos.cl\/en\/wp-json\/wp\/v2\/comments?post=4370"}],"version-history":[{"count":1,"href":"https:\/\/fadeu.urantiacos.cl\/en\/wp-json\/wp\/v2\/posts\/4370\/revisions"}],"predecessor-version":[{"id":4372,"href":"https:\/\/fadeu.urantiacos.cl\/en\/wp-json\/wp\/v2\/posts\/4370\/revisions\/4372"}],"wp:featuredmedia":[{"embeddable":true,"href":"https:\/\/fadeu.urantiacos.cl\/en\/wp-json\/wp\/v2\/media\/4371"}],"wp:attachment":[{"href":"https:\/\/fadeu.urantiacos.cl\/en\/wp-json\/wp\/v2\/media?parent=4370"}],"wp:term":[{"taxonomy":"category","embeddable":true,"href":"https:\/\/fadeu.urantiacos.cl\/en\/wp-json\/wp\/v2\/categories?post=4370"},{"taxonomy":"post_tag","embeddable":true,"href":"https:\/\/fadeu.urantiacos.cl\/en\/wp-json\/wp\/v2\/tags?post=4370"}],"curies":[{"name":"wp","href":"https:\/\/api.w.org\/{rel}","templated":true}]}}