{"id":4353,"date":"2022-08-16T22:33:00","date_gmt":"2022-08-17T01:33:00","guid":{"rendered":"https:\/\/fadeu.urantiacos.cl\/?p=4353"},"modified":"2023-09-03T22:41:56","modified_gmt":"2023-09-04T01:41:56","slug":"lanzamiento-nueva-hoja-de-ruta-diseno-uc","status":"publish","type":"post","link":"https:\/\/fadeu.urantiacos.cl\/en\/2022\/08\/16\/lanzamiento-nueva-hoja-de-ruta-diseno-uc\/","title":{"rendered":"Lanzamiento nueva hoja de ruta Dise\u00f1o UC"},"content":{"rendered":"\n<figure class=\"wp-block-image size-full\"><img decoding=\"async\" width=\"350\" height=\"250\" src=\"https:\/\/fadeu.urantiacos.cl\/wp-content\/uploads\/2023\/09\/WEB_WhatsApp-Image-2022-08-11-at-7.51.36-PM-3.jpg\" alt=\"\" class=\"wp-image-4354\" srcset=\"https:\/\/fadeu.urantiacos.cl\/wp-content\/uploads\/2023\/09\/WEB_WhatsApp-Image-2022-08-11-at-7.51.36-PM-3.jpg 350w, https:\/\/fadeu.urantiacos.cl\/wp-content\/uploads\/2023\/09\/WEB_WhatsApp-Image-2022-08-11-at-7.51.36-PM-3-300x214.jpg 300w\" sizes=\"(max-width: 350px) 100vw, 350px\" \/><\/figure>\n\n\n\n<p>En la instancia, se destacaron los atributos de la Escuela en particular a partir de la puesta en marcha de su nuevo plan de estudios, y las oportunidades que se prensentan para la disciplina en el actual contexto.<\/p>\n\n\n\n<p>\u201cEn Dise\u00f1o UC se forman dise\u00f1adores con un enfoque integral. Con cerca de mil estudiantes, es la mayor escuela de dise\u00f1o universitaria en Chile y como parte de una universidad compleja, como lo es la Universidad Cat\u00f3lica, tiene la posibilidad integrar disciplinas y saberes diversos para crear valor y nuevo conocimiento en un amplio espectro\u201d, puntualiz\u00f3 el rector Ignacio S\u00e1nchez, agregando que \u201c\u2026la reciente puesta en marcha de esta malla, una de las m\u00e1s innovadores de la regi\u00f3n, entrega herramientas de manera progresiva para incidir estrat\u00e9gicamente en el sector p\u00fablico y privado, as\u00ed como en diversas comunidades\u201d, puntualiz\u00f3.<\/p>\n\n\n\n<p>Mart\u00edn Tironi, director de Dise\u00f1o UC, profundiz\u00f3 en las oportunidades que surgen en el actual escenario para el Dise\u00f1o, pregunt\u00e1ndose sobre el rol que est\u00e1 llamado a cumplir la Escuela de Dise\u00f1o UC como espacio de formaci\u00f3n, transformaci\u00f3n y generaci\u00f3n de conocimiento.<\/p>\n\n\n\n<p>\u201cNo podemos proponer un proyecto de Escuela sin observar el contexto de profundas transformaciones en el que estamos inmersos. Ser\u00eda ingenuo de nuestra parte proyectar una visi\u00f3n para nuestra Escuela desde un confinamiento disciplinar, y no tratar de dialogar con los tiempos complejos en los que vivimos. Los desaf\u00edos sist\u00e9micos que estamos atravesando, tanto a escala nacional como planetaria, son demasiado urgentes como para mantenerse en la zona de confort de la autorreferencia disciplinar\u201d, inici\u00f3 diciendo Mart\u00edn Tironi, Director de Dise\u00f1o UC.<\/p>\n\n\n\n<p>\u201cCreemos que es el momento del pensamiento Latinoamericano y que desde esta Escuela podemos emprender una exploraci\u00f3n transversal hacia un \u201cgiro \u00e9tico del dise\u00f1o\u201d, resignificando los oficios ancestrales de nuestros territorios y comunidades, e impulsando a la vez las innovaciones responsables que podr\u00e1n mejorar la habitabilidad de nuestro planeta\u201d, puntualiza.<\/p>\n\n\n\n<p>La Subsecretaria de Patrimonio elogi\u00f3 la capacidad de autoevaluaci\u00f3n de la Escuela, de las posibilidades que se dan dentro de la academia para confrontar miradas, reflexionar y construir, para desde ah\u00ed incorporar mejoras en las herramientas y capacidades que se requieren dado el contexto.<\/p>\n\n\n\n<p>Juan Carlos Mu\u00f1oz, Ministro de Transporte y Telecomunicaciones, destac\u00f3 el car\u00e1cter interdisciplinario de Dise\u00f1o UC, recordando su experiencia desde CEDEUS, y la importancia de esta impronta en el trabajo universitario.<\/p>\n\n\n\n<p>\u201cUna de las mayores fortalezas del Dise\u00f1o, es su capacidad para generar puentes y colaboraciones con otras \u00e1reas del conocimiento, logrando ponerse al servicio de m\u00faltiples preocupaciones y necesidades para la resoluci\u00f3n de problemas\u201d, explic\u00f3.<\/p>\n\n\n\n<figure class=\"wp-block-image size-large\"><img decoding=\"async\" width=\"1024\" height=\"682\" src=\"https:\/\/fadeu.urantiacos.cl\/wp-content\/uploads\/2023\/09\/WhatsApp-Image-2022-08-11-at-7.51.38-PM-2-1024x682.jpeg\" alt=\"\" class=\"wp-image-4355\" srcset=\"https:\/\/fadeu.urantiacos.cl\/wp-content\/uploads\/2023\/09\/WhatsApp-Image-2022-08-11-at-7.51.38-PM-2-1024x682.jpeg 1024w, https:\/\/fadeu.urantiacos.cl\/wp-content\/uploads\/2023\/09\/WhatsApp-Image-2022-08-11-at-7.51.38-PM-2-300x200.jpeg 300w, https:\/\/fadeu.urantiacos.cl\/wp-content\/uploads\/2023\/09\/WhatsApp-Image-2022-08-11-at-7.51.38-PM-2-768x512.jpeg 768w, https:\/\/fadeu.urantiacos.cl\/wp-content\/uploads\/2023\/09\/WhatsApp-Image-2022-08-11-at-7.51.38-PM-2.jpeg 1280w\" sizes=\"(max-width: 1024px) 100vw, 1024px\" \/><\/figure>\n\n\n\n<figure class=\"wp-block-image size-large\"><img decoding=\"async\" width=\"1024\" height=\"682\" src=\"https:\/\/fadeu.urantiacos.cl\/wp-content\/uploads\/2023\/09\/WhatsApp-Image-2022-08-11-at-7.50.52-PM-1-1024x682.jpeg\" alt=\"\" class=\"wp-image-4356\" srcset=\"https:\/\/fadeu.urantiacos.cl\/wp-content\/uploads\/2023\/09\/WhatsApp-Image-2022-08-11-at-7.50.52-PM-1-1024x682.jpeg 1024w, https:\/\/fadeu.urantiacos.cl\/wp-content\/uploads\/2023\/09\/WhatsApp-Image-2022-08-11-at-7.50.52-PM-1-300x200.jpeg 300w, https:\/\/fadeu.urantiacos.cl\/wp-content\/uploads\/2023\/09\/WhatsApp-Image-2022-08-11-at-7.50.52-PM-1-768x512.jpeg 768w, https:\/\/fadeu.urantiacos.cl\/wp-content\/uploads\/2023\/09\/WhatsApp-Image-2022-08-11-at-7.50.52-PM-1.jpeg 1280w\" sizes=\"(max-width: 1024px) 100vw, 1024px\" \/><\/figure>\n\n\n\n<figure class=\"wp-block-image size-large\"><img decoding=\"async\" width=\"1024\" height=\"682\" src=\"https:\/\/fadeu.urantiacos.cl\/wp-content\/uploads\/2023\/09\/WhatsApp-Image-2022-08-11-at-7.51.06-PM-1-1024x682.jpeg\" alt=\"\" class=\"wp-image-4357\" srcset=\"https:\/\/fadeu.urantiacos.cl\/wp-content\/uploads\/2023\/09\/WhatsApp-Image-2022-08-11-at-7.51.06-PM-1-1024x682.jpeg 1024w, https:\/\/fadeu.urantiacos.cl\/wp-content\/uploads\/2023\/09\/WhatsApp-Image-2022-08-11-at-7.51.06-PM-1-300x200.jpeg 300w, https:\/\/fadeu.urantiacos.cl\/wp-content\/uploads\/2023\/09\/WhatsApp-Image-2022-08-11-at-7.51.06-PM-1-768x512.jpeg 768w, https:\/\/fadeu.urantiacos.cl\/wp-content\/uploads\/2023\/09\/WhatsApp-Image-2022-08-11-at-7.51.06-PM-1.jpeg 1280w\" sizes=\"(max-width: 1024px) 100vw, 1024px\" \/><\/figure>\n\n\n\n<figure class=\"wp-block-image size-large\"><img decoding=\"async\" width=\"1024\" height=\"682\" src=\"https:\/\/fadeu.urantiacos.cl\/wp-content\/uploads\/2023\/09\/WhatsApp-Image-2022-08-11-at-7.51.06-PM-2-1024x682.jpeg\" alt=\"\" class=\"wp-image-4358\" srcset=\"https:\/\/fadeu.urantiacos.cl\/wp-content\/uploads\/2023\/09\/WhatsApp-Image-2022-08-11-at-7.51.06-PM-2-1024x682.jpeg 1024w, https:\/\/fadeu.urantiacos.cl\/wp-content\/uploads\/2023\/09\/WhatsApp-Image-2022-08-11-at-7.51.06-PM-2-300x200.jpeg 300w, https:\/\/fadeu.urantiacos.cl\/wp-content\/uploads\/2023\/09\/WhatsApp-Image-2022-08-11-at-7.51.06-PM-2-768x512.jpeg 768w, https:\/\/fadeu.urantiacos.cl\/wp-content\/uploads\/2023\/09\/WhatsApp-Image-2022-08-11-at-7.51.06-PM-2.jpeg 1280w\" sizes=\"(max-width: 1024px) 100vw, 1024px\" \/><\/figure>\n\n\n\n<figure class=\"wp-block-image size-large\"><img decoding=\"async\" width=\"1024\" height=\"682\" src=\"https:\/\/fadeu.urantiacos.cl\/wp-content\/uploads\/2023\/09\/WhatsApp-Image-2022-08-11-at-7.51.13-PM-1024x682.jpeg\" alt=\"\" class=\"wp-image-4359\" srcset=\"https:\/\/fadeu.urantiacos.cl\/wp-content\/uploads\/2023\/09\/WhatsApp-Image-2022-08-11-at-7.51.13-PM-1024x682.jpeg 1024w, https:\/\/fadeu.urantiacos.cl\/wp-content\/uploads\/2023\/09\/WhatsApp-Image-2022-08-11-at-7.51.13-PM-300x200.jpeg 300w, https:\/\/fadeu.urantiacos.cl\/wp-content\/uploads\/2023\/09\/WhatsApp-Image-2022-08-11-at-7.51.13-PM-768x512.jpeg 768w, https:\/\/fadeu.urantiacos.cl\/wp-content\/uploads\/2023\/09\/WhatsApp-Image-2022-08-11-at-7.51.13-PM.jpeg 1280w\" sizes=\"(max-width: 1024px) 100vw, 1024px\" \/><\/figure>\n\n\n\n<figure class=\"wp-block-image size-large\"><img decoding=\"async\" width=\"1024\" height=\"682\" src=\"https:\/\/fadeu.urantiacos.cl\/wp-content\/uploads\/2023\/09\/WhatsApp-Image-2022-08-11-at-7.51.06-PM-1024x682.jpeg\" alt=\"\" class=\"wp-image-4360\" srcset=\"https:\/\/fadeu.urantiacos.cl\/wp-content\/uploads\/2023\/09\/WhatsApp-Image-2022-08-11-at-7.51.06-PM-1024x682.jpeg 1024w, https:\/\/fadeu.urantiacos.cl\/wp-content\/uploads\/2023\/09\/WhatsApp-Image-2022-08-11-at-7.51.06-PM-300x200.jpeg 300w, https:\/\/fadeu.urantiacos.cl\/wp-content\/uploads\/2023\/09\/WhatsApp-Image-2022-08-11-at-7.51.06-PM-768x512.jpeg 768w, https:\/\/fadeu.urantiacos.cl\/wp-content\/uploads\/2023\/09\/WhatsApp-Image-2022-08-11-at-7.51.06-PM.jpeg 1280w\" sizes=\"(max-width: 1024px) 100vw, 1024px\" \/><\/figure>\n\n\n\n<figure class=\"wp-block-image size-large\"><img decoding=\"async\" width=\"1024\" height=\"682\" src=\"https:\/\/fadeu.urantiacos.cl\/wp-content\/uploads\/2023\/09\/WhatsApp-Image-2022-08-11-at-7.51.38-PM-4-1024x682.jpeg\" alt=\"\" class=\"wp-image-4361\" srcset=\"https:\/\/fadeu.urantiacos.cl\/wp-content\/uploads\/2023\/09\/WhatsApp-Image-2022-08-11-at-7.51.38-PM-4-1024x682.jpeg 1024w, https:\/\/fadeu.urantiacos.cl\/wp-content\/uploads\/2023\/09\/WhatsApp-Image-2022-08-11-at-7.51.38-PM-4-300x200.jpeg 300w, https:\/\/fadeu.urantiacos.cl\/wp-content\/uploads\/2023\/09\/WhatsApp-Image-2022-08-11-at-7.51.38-PM-4-768x512.jpeg 768w, https:\/\/fadeu.urantiacos.cl\/wp-content\/uploads\/2023\/09\/WhatsApp-Image-2022-08-11-at-7.51.38-PM-4.jpeg 1280w\" sizes=\"(max-width: 1024px) 100vw, 1024px\" \/><\/figure>\n\n\n\n<figure class=\"wp-block-image size-large\"><img decoding=\"async\" width=\"1024\" height=\"682\" src=\"https:\/\/fadeu.urantiacos.cl\/wp-content\/uploads\/2023\/09\/WhatsApp-Image-2022-08-11-at-7.51.36-PM-1-1024x682.jpeg\" alt=\"\" class=\"wp-image-4362\" srcset=\"https:\/\/fadeu.urantiacos.cl\/wp-content\/uploads\/2023\/09\/WhatsApp-Image-2022-08-11-at-7.51.36-PM-1-1024x682.jpeg 1024w, https:\/\/fadeu.urantiacos.cl\/wp-content\/uploads\/2023\/09\/WhatsApp-Image-2022-08-11-at-7.51.36-PM-1-300x200.jpeg 300w, https:\/\/fadeu.urantiacos.cl\/wp-content\/uploads\/2023\/09\/WhatsApp-Image-2022-08-11-at-7.51.36-PM-1-768x512.jpeg 768w, https:\/\/fadeu.urantiacos.cl\/wp-content\/uploads\/2023\/09\/WhatsApp-Image-2022-08-11-at-7.51.36-PM-1.jpeg 1280w\" sizes=\"(max-width: 1024px) 100vw, 1024px\" \/><\/figure>\n\n\n\n<figure class=\"wp-block-image size-large\"><img decoding=\"async\" width=\"1024\" height=\"682\" src=\"https:\/\/fadeu.urantiacos.cl\/wp-content\/uploads\/2023\/09\/WhatsApp-Image-2022-08-11-at-7.51.37-PM-3-1024x682.jpeg\" alt=\"\" class=\"wp-image-4363\" srcset=\"https:\/\/fadeu.urantiacos.cl\/wp-content\/uploads\/2023\/09\/WhatsApp-Image-2022-08-11-at-7.51.37-PM-3-1024x682.jpeg 1024w, https:\/\/fadeu.urantiacos.cl\/wp-content\/uploads\/2023\/09\/WhatsApp-Image-2022-08-11-at-7.51.37-PM-3-300x200.jpeg 300w, https:\/\/fadeu.urantiacos.cl\/wp-content\/uploads\/2023\/09\/WhatsApp-Image-2022-08-11-at-7.51.37-PM-3-768x512.jpeg 768w, https:\/\/fadeu.urantiacos.cl\/wp-content\/uploads\/2023\/09\/WhatsApp-Image-2022-08-11-at-7.51.37-PM-3.jpeg 1280w\" sizes=\"(max-width: 1024px) 100vw, 1024px\" \/><\/figure>\n\n\n\n<figure class=\"wp-block-image size-large\"><img decoding=\"async\" width=\"1024\" height=\"682\" src=\"https:\/\/fadeu.urantiacos.cl\/wp-content\/uploads\/2023\/09\/WhatsApp-Image-2022-08-11-at-7.50.52-PM-1024x682.jpeg\" alt=\"\" class=\"wp-image-4364\" srcset=\"https:\/\/fadeu.urantiacos.cl\/wp-content\/uploads\/2023\/09\/WhatsApp-Image-2022-08-11-at-7.50.52-PM-1024x682.jpeg 1024w, https:\/\/fadeu.urantiacos.cl\/wp-content\/uploads\/2023\/09\/WhatsApp-Image-2022-08-11-at-7.50.52-PM-300x200.jpeg 300w, https:\/\/fadeu.urantiacos.cl\/wp-content\/uploads\/2023\/09\/WhatsApp-Image-2022-08-11-at-7.50.52-PM-768x512.jpeg 768w, https:\/\/fadeu.urantiacos.cl\/wp-content\/uploads\/2023\/09\/WhatsApp-Image-2022-08-11-at-7.50.52-PM.jpeg 1280w\" sizes=\"(max-width: 1024px) 100vw, 1024px\" \/><\/figure>\n\n\n\n<figure class=\"wp-block-image size-large\"><img decoding=\"async\" width=\"1024\" height=\"682\" src=\"https:\/\/fadeu.urantiacos.cl\/wp-content\/uploads\/2023\/09\/WhatsApp-Image-2022-08-11-at-7.50.51-PM-1024x682.jpeg\" alt=\"\" class=\"wp-image-4365\" srcset=\"https:\/\/fadeu.urantiacos.cl\/wp-content\/uploads\/2023\/09\/WhatsApp-Image-2022-08-11-at-7.50.51-PM-1024x682.jpeg 1024w, https:\/\/fadeu.urantiacos.cl\/wp-content\/uploads\/2023\/09\/WhatsApp-Image-2022-08-11-at-7.50.51-PM-300x200.jpeg 300w, https:\/\/fadeu.urantiacos.cl\/wp-content\/uploads\/2023\/09\/WhatsApp-Image-2022-08-11-at-7.50.51-PM-768x512.jpeg 768w, https:\/\/fadeu.urantiacos.cl\/wp-content\/uploads\/2023\/09\/WhatsApp-Image-2022-08-11-at-7.50.51-PM.jpeg 1280w\" sizes=\"(max-width: 1024px) 100vw, 1024px\" \/><\/figure>\n\n\n\n<p>INFORMACI\u00d3N PERIOD\u00cdSTICA<br>ESCUELA DE DISENO UC<\/p>\n","protected":false},"excerpt":{"rendered":"<p>La semana de actividades de bienvenida a las novatas y novatos de Dise\u00f1o UC, culmin\u00f3 con la presentaci\u00f3n de la nueva hoja de ruta de la Escuela, en un evento presidido por el rector Ignacio S\u00e1nchez y en el que tambi\u00e9n estuvo presente el Ministro de Transporte y Telecomunicaciones, Juan Carlos Mu\u00f1oz, el vicerrector de Acad\u00e9mico de la Universidad, Fernando Purcell, la Subsecretaria de Patrimonio del MINCAP, Mar\u00eda Paulina Soto, el decano FADEU, Mario Ubilla y el director de la Escuela de Dise\u00f1o, Mart\u00edn Tironi.<\/p>\n","protected":false},"author":1,"featured_media":4354,"comment_status":"open","ping_status":"open","sticky":false,"template":"","format":"standard","meta":{"_acf_changed":false,"footnotes":""},"categories":[1],"tags":[],"class_list":["post-4353","post","type-post","status-publish","format-standard","has-post-thumbnail","hentry","category-sin-categorizar"],"acf":[],"yoast_head":"<!-- This site is optimized with the Yoast SEO plugin v27.1.1 - https:\/\/yoast.com\/product\/yoast-seo-wordpress\/ -->\n<title>Lanzamiento nueva hoja de ruta Dise\u00f1o UC - Facultad de Arquitectura, Dise\u00f1o y Estudios Urbanos<\/title>\n<meta name=\"description\" content=\"La semana de actividades de bienvenida a las novatas y novatos de Dise\u00f1o UC, culmin\u00f3 con la presentaci\u00f3n de la nueva hoja de ruta de la Escuela, en un evento presidido por el rector Ignacio S\u00e1nchez y en el que tambi\u00e9n estuvo presente el Ministro de Transporte y Telecomunicaciones, Juan Carlos Mu\u00f1oz, el vicerrector de Acad\u00e9mico de la Universidad, Fernando Purcell, la Subsecretaria de Patrimonio del MINCAP, Mar\u00eda Paulina Soto, el decano FADEU, Mario Ubilla y el director de la Escuela de Dise\u00f1o, Mart\u00edn Tironi.\" \/>\n<meta name=\"robots\" content=\"index, follow, max-snippet:-1, max-image-preview:large, max-video-preview:-1\" \/>\n<link rel=\"canonical\" href=\"https:\/\/fadeu.urantiacos.cl\/en\/2022\/08\/16\/lanzamiento-nueva-hoja-de-ruta-diseno-uc\/\" \/>\n<meta property=\"og:locale\" content=\"en_US\" \/>\n<meta property=\"og:type\" content=\"article\" \/>\n<meta property=\"og:title\" content=\"Lanzamiento nueva hoja de ruta Dise\u00f1o UC - Facultad de Arquitectura, Dise\u00f1o y Estudios Urbanos\" \/>\n<meta property=\"og:description\" content=\"La semana de actividades de bienvenida a las novatas y novatos de Dise\u00f1o UC, culmin\u00f3 con la presentaci\u00f3n de la nueva hoja de ruta de la Escuela, en un evento presidido por el rector Ignacio S\u00e1nchez y en el que tambi\u00e9n estuvo presente el Ministro de Transporte y Telecomunicaciones, Juan Carlos Mu\u00f1oz, el vicerrector de Acad\u00e9mico de la Universidad, Fernando Purcell, la Subsecretaria de Patrimonio del MINCAP, Mar\u00eda Paulina Soto, el decano FADEU, Mario Ubilla y el director de la Escuela de Dise\u00f1o, Mart\u00edn Tironi.\" \/>\n<meta property=\"og:url\" content=\"https:\/\/fadeu.urantiacos.cl\/en\/2022\/08\/16\/lanzamiento-nueva-hoja-de-ruta-diseno-uc\/\" \/>\n<meta property=\"og:site_name\" content=\"Facultad de Arquitectura, Dise\u00f1o y Estudios Urbanos\" \/>\n<meta property=\"article:published_time\" content=\"2022-08-17T01:33:00+00:00\" \/>\n<meta property=\"article:modified_time\" content=\"2023-09-04T01:41:56+00:00\" \/>\n<meta property=\"og:image\" content=\"https:\/\/fadeu.urantiacos.cl\/wp-content\/uploads\/2023\/09\/WEB_WhatsApp-Image-2022-08-11-at-7.51.36-PM-3.jpg\" \/>\n\t<meta property=\"og:image:width\" content=\"350\" \/>\n\t<meta property=\"og:image:height\" content=\"250\" \/>\n\t<meta property=\"og:image:type\" content=\"image\/jpeg\" \/>\n<meta name=\"author\" content=\"manadmin\" \/>\n<meta name=\"twitter:card\" content=\"summary_large_image\" \/>\n<meta name=\"twitter:label1\" content=\"Written by\" \/>\n\t<meta name=\"twitter:data1\" content=\"manadmin\" \/>\n\t<meta name=\"twitter:label2\" content=\"Est. reading time\" \/>\n\t<meta name=\"twitter:data2\" content=\"2 minutes\" \/>\n<script type=\"application\/ld+json\" class=\"yoast-schema-graph\">{\"@context\":\"https:\/\/schema.org\",\"@graph\":[{\"@type\":\"Article\",\"@id\":\"https:\/\/fadeu.urantiacos.cl\/en\/2022\/08\/16\/lanzamiento-nueva-hoja-de-ruta-diseno-uc\/#article\",\"isPartOf\":{\"@id\":\"https:\/\/fadeu.urantiacos.cl\/en\/2022\/08\/16\/lanzamiento-nueva-hoja-de-ruta-diseno-uc\/\"},\"author\":{\"name\":\"manadmin\",\"@id\":\"https:\/\/fadeu.urantiacos.cl\/en\/#\/schema\/person\/d203e2e84b1c40275eac77b3061a19a2\"},\"headline\":\"Lanzamiento nueva hoja de ruta Dise\u00f1o UC\",\"datePublished\":\"2022-08-17T01:33:00+00:00\",\"dateModified\":\"2023-09-04T01:41:56+00:00\",\"mainEntityOfPage\":{\"@id\":\"https:\/\/fadeu.urantiacos.cl\/en\/2022\/08\/16\/lanzamiento-nueva-hoja-de-ruta-diseno-uc\/\"},\"wordCount\":467,\"commentCount\":0,\"image\":{\"@id\":\"https:\/\/fadeu.urantiacos.cl\/en\/2022\/08\/16\/lanzamiento-nueva-hoja-de-ruta-diseno-uc\/#primaryimage\"},\"thumbnailUrl\":\"https:\/\/fadeu.urantiacos.cl\/wp-content\/uploads\/2023\/09\/WEB_WhatsApp-Image-2022-08-11-at-7.51.36-PM-3.jpg\",\"articleSection\":[\"Sin categorizar\"],\"inLanguage\":\"en-US\",\"potentialAction\":[{\"@type\":\"CommentAction\",\"name\":\"Comment\",\"target\":[\"https:\/\/fadeu.urantiacos.cl\/en\/2022\/08\/16\/lanzamiento-nueva-hoja-de-ruta-diseno-uc\/#respond\"]}]},{\"@type\":\"WebPage\",\"@id\":\"https:\/\/fadeu.urantiacos.cl\/en\/2022\/08\/16\/lanzamiento-nueva-hoja-de-ruta-diseno-uc\/\",\"url\":\"https:\/\/fadeu.urantiacos.cl\/en\/2022\/08\/16\/lanzamiento-nueva-hoja-de-ruta-diseno-uc\/\",\"name\":\"Lanzamiento nueva hoja de ruta Dise\u00f1o UC - Facultad de Arquitectura, Dise\u00f1o y Estudios Urbanos\",\"isPartOf\":{\"@id\":\"https:\/\/fadeu.urantiacos.cl\/en\/#website\"},\"primaryImageOfPage\":{\"@id\":\"https:\/\/fadeu.urantiacos.cl\/en\/2022\/08\/16\/lanzamiento-nueva-hoja-de-ruta-diseno-uc\/#primaryimage\"},\"image\":{\"@id\":\"https:\/\/fadeu.urantiacos.cl\/en\/2022\/08\/16\/lanzamiento-nueva-hoja-de-ruta-diseno-uc\/#primaryimage\"},\"thumbnailUrl\":\"https:\/\/fadeu.urantiacos.cl\/wp-content\/uploads\/2023\/09\/WEB_WhatsApp-Image-2022-08-11-at-7.51.36-PM-3.jpg\",\"datePublished\":\"2022-08-17T01:33:00+00:00\",\"dateModified\":\"2023-09-04T01:41:56+00:00\",\"author\":{\"@id\":\"https:\/\/fadeu.urantiacos.cl\/en\/#\/schema\/person\/d203e2e84b1c40275eac77b3061a19a2\"},\"description\":\"La semana de actividades de bienvenida a las novatas y novatos de Dise\u00f1o UC, culmin\u00f3 con la presentaci\u00f3n de la nueva hoja de ruta de la Escuela, en un evento presidido por el rector Ignacio S\u00e1nchez y en el que tambi\u00e9n estuvo presente el Ministro de Transporte y Telecomunicaciones, Juan Carlos Mu\u00f1oz, el vicerrector de Acad\u00e9mico de la Universidad, Fernando Purcell, la Subsecretaria de Patrimonio del MINCAP, Mar\u00eda Paulina Soto, el decano FADEU, Mario Ubilla y el director de la Escuela de Dise\u00f1o, Mart\u00edn Tironi.\",\"breadcrumb\":{\"@id\":\"https:\/\/fadeu.urantiacos.cl\/en\/2022\/08\/16\/lanzamiento-nueva-hoja-de-ruta-diseno-uc\/#breadcrumb\"},\"inLanguage\":\"en-US\",\"potentialAction\":[{\"@type\":\"ReadAction\",\"target\":[\"https:\/\/fadeu.urantiacos.cl\/en\/2022\/08\/16\/lanzamiento-nueva-hoja-de-ruta-diseno-uc\/\"]}]},{\"@type\":\"ImageObject\",\"inLanguage\":\"en-US\",\"@id\":\"https:\/\/fadeu.urantiacos.cl\/en\/2022\/08\/16\/lanzamiento-nueva-hoja-de-ruta-diseno-uc\/#primaryimage\",\"url\":\"https:\/\/fadeu.urantiacos.cl\/wp-content\/uploads\/2023\/09\/WEB_WhatsApp-Image-2022-08-11-at-7.51.36-PM-3.jpg\",\"contentUrl\":\"https:\/\/fadeu.urantiacos.cl\/wp-content\/uploads\/2023\/09\/WEB_WhatsApp-Image-2022-08-11-at-7.51.36-PM-3.jpg\",\"width\":350,\"height\":250},{\"@type\":\"BreadcrumbList\",\"@id\":\"https:\/\/fadeu.urantiacos.cl\/en\/2022\/08\/16\/lanzamiento-nueva-hoja-de-ruta-diseno-uc\/#breadcrumb\",\"itemListElement\":[{\"@type\":\"ListItem\",\"position\":1,\"name\":\"Portada\",\"item\":\"https:\/\/fadeu.urantiacos.cl\/en\/\"},{\"@type\":\"ListItem\",\"position\":2,\"name\":\"Lanzamiento nueva hoja de ruta Dise\u00f1o UC\"}]},{\"@type\":\"WebSite\",\"@id\":\"https:\/\/fadeu.urantiacos.cl\/en\/#website\",\"url\":\"https:\/\/fadeu.urantiacos.cl\/en\/\",\"name\":\"Facultad de Arquitectura, Dise\u00f1o y Estudios Urbanos\",\"description\":\"Campus Lo Contador\",\"potentialAction\":[{\"@type\":\"SearchAction\",\"target\":{\"@type\":\"EntryPoint\",\"urlTemplate\":\"https:\/\/fadeu.urantiacos.cl\/en\/?s={search_term_string}\"},\"query-input\":{\"@type\":\"PropertyValueSpecification\",\"valueRequired\":true,\"valueName\":\"search_term_string\"}}],\"inLanguage\":\"en-US\"},{\"@type\":\"Person\",\"@id\":\"https:\/\/fadeu.urantiacos.cl\/en\/#\/schema\/person\/d203e2e84b1c40275eac77b3061a19a2\",\"name\":\"manadmin\",\"image\":{\"@type\":\"ImageObject\",\"inLanguage\":\"en-US\",\"@id\":\"https:\/\/fadeu.urantiacos.cl\/en\/#\/schema\/person\/image\/\",\"url\":\"https:\/\/secure.gravatar.com\/avatar\/4b1d8e3303b4a9d8968ac578947d8bc80d9aea359f388cdd4aac15cadc0e8447?s=96&d=mm&r=g\",\"contentUrl\":\"https:\/\/secure.gravatar.com\/avatar\/4b1d8e3303b4a9d8968ac578947d8bc80d9aea359f388cdd4aac15cadc0e8447?s=96&d=mm&r=g\",\"caption\":\"manadmin\"},\"sameAs\":[\"https:\/\/fadeu.urantiacos.cl\"]}]}<\/script>\n<!-- \/ Yoast SEO plugin. -->","yoast_head_json":{"title":"Lanzamiento nueva hoja de ruta Dise\u00f1o UC - Facultad de Arquitectura, Dise\u00f1o y Estudios Urbanos","description":"La semana de actividades de bienvenida a las novatas y novatos de Dise\u00f1o UC, culmin\u00f3 con la presentaci\u00f3n de la nueva hoja de ruta de la Escuela, en un evento presidido por el rector Ignacio S\u00e1nchez y en el que tambi\u00e9n estuvo presente el Ministro de Transporte y Telecomunicaciones, Juan Carlos Mu\u00f1oz, el vicerrector de Acad\u00e9mico de la Universidad, Fernando Purcell, la Subsecretaria de Patrimonio del MINCAP, Mar\u00eda Paulina Soto, el decano FADEU, Mario Ubilla y el director de la Escuela de Dise\u00f1o, Mart\u00edn Tironi.","robots":{"index":"index","follow":"follow","max-snippet":"max-snippet:-1","max-image-preview":"max-image-preview:large","max-video-preview":"max-video-preview:-1"},"canonical":"https:\/\/fadeu.urantiacos.cl\/en\/2022\/08\/16\/lanzamiento-nueva-hoja-de-ruta-diseno-uc\/","og_locale":"en_US","og_type":"article","og_title":"Lanzamiento nueva hoja de ruta Dise\u00f1o UC - Facultad de Arquitectura, Dise\u00f1o y Estudios Urbanos","og_description":"La semana de actividades de bienvenida a las novatas y novatos de Dise\u00f1o UC, culmin\u00f3 con la presentaci\u00f3n de la nueva hoja de ruta de la Escuela, en un evento presidido por el rector Ignacio S\u00e1nchez y en el que tambi\u00e9n estuvo presente el Ministro de Transporte y Telecomunicaciones, Juan Carlos Mu\u00f1oz, el vicerrector de Acad\u00e9mico de la Universidad, Fernando Purcell, la Subsecretaria de Patrimonio del MINCAP, Mar\u00eda Paulina Soto, el decano FADEU, Mario Ubilla y el director de la Escuela de Dise\u00f1o, Mart\u00edn Tironi.","og_url":"https:\/\/fadeu.urantiacos.cl\/en\/2022\/08\/16\/lanzamiento-nueva-hoja-de-ruta-diseno-uc\/","og_site_name":"Facultad de Arquitectura, Dise\u00f1o y Estudios Urbanos","article_published_time":"2022-08-17T01:33:00+00:00","article_modified_time":"2023-09-04T01:41:56+00:00","og_image":[{"width":350,"height":250,"url":"https:\/\/fadeu.urantiacos.cl\/wp-content\/uploads\/2023\/09\/WEB_WhatsApp-Image-2022-08-11-at-7.51.36-PM-3.jpg","type":"image\/jpeg"}],"author":"manadmin","twitter_card":"summary_large_image","twitter_misc":{"Written by":"manadmin","Est. reading time":"2 minutes"},"schema":{"@context":"https:\/\/schema.org","@graph":[{"@type":"Article","@id":"https:\/\/fadeu.urantiacos.cl\/en\/2022\/08\/16\/lanzamiento-nueva-hoja-de-ruta-diseno-uc\/#article","isPartOf":{"@id":"https:\/\/fadeu.urantiacos.cl\/en\/2022\/08\/16\/lanzamiento-nueva-hoja-de-ruta-diseno-uc\/"},"author":{"name":"manadmin","@id":"https:\/\/fadeu.urantiacos.cl\/en\/#\/schema\/person\/d203e2e84b1c40275eac77b3061a19a2"},"headline":"Lanzamiento nueva hoja de ruta Dise\u00f1o UC","datePublished":"2022-08-17T01:33:00+00:00","dateModified":"2023-09-04T01:41:56+00:00","mainEntityOfPage":{"@id":"https:\/\/fadeu.urantiacos.cl\/en\/2022\/08\/16\/lanzamiento-nueva-hoja-de-ruta-diseno-uc\/"},"wordCount":467,"commentCount":0,"image":{"@id":"https:\/\/fadeu.urantiacos.cl\/en\/2022\/08\/16\/lanzamiento-nueva-hoja-de-ruta-diseno-uc\/#primaryimage"},"thumbnailUrl":"https:\/\/fadeu.urantiacos.cl\/wp-content\/uploads\/2023\/09\/WEB_WhatsApp-Image-2022-08-11-at-7.51.36-PM-3.jpg","articleSection":["Sin categorizar"],"inLanguage":"en-US","potentialAction":[{"@type":"CommentAction","name":"Comment","target":["https:\/\/fadeu.urantiacos.cl\/en\/2022\/08\/16\/lanzamiento-nueva-hoja-de-ruta-diseno-uc\/#respond"]}]},{"@type":"WebPage","@id":"https:\/\/fadeu.urantiacos.cl\/en\/2022\/08\/16\/lanzamiento-nueva-hoja-de-ruta-diseno-uc\/","url":"https:\/\/fadeu.urantiacos.cl\/en\/2022\/08\/16\/lanzamiento-nueva-hoja-de-ruta-diseno-uc\/","name":"Lanzamiento nueva hoja de ruta Dise\u00f1o UC - Facultad de Arquitectura, Dise\u00f1o y Estudios Urbanos","isPartOf":{"@id":"https:\/\/fadeu.urantiacos.cl\/en\/#website"},"primaryImageOfPage":{"@id":"https:\/\/fadeu.urantiacos.cl\/en\/2022\/08\/16\/lanzamiento-nueva-hoja-de-ruta-diseno-uc\/#primaryimage"},"image":{"@id":"https:\/\/fadeu.urantiacos.cl\/en\/2022\/08\/16\/lanzamiento-nueva-hoja-de-ruta-diseno-uc\/#primaryimage"},"thumbnailUrl":"https:\/\/fadeu.urantiacos.cl\/wp-content\/uploads\/2023\/09\/WEB_WhatsApp-Image-2022-08-11-at-7.51.36-PM-3.jpg","datePublished":"2022-08-17T01:33:00+00:00","dateModified":"2023-09-04T01:41:56+00:00","author":{"@id":"https:\/\/fadeu.urantiacos.cl\/en\/#\/schema\/person\/d203e2e84b1c40275eac77b3061a19a2"},"description":"La semana de actividades de bienvenida a las novatas y novatos de Dise\u00f1o UC, culmin\u00f3 con la presentaci\u00f3n de la nueva hoja de ruta de la Escuela, en un evento presidido por el rector Ignacio S\u00e1nchez y en el que tambi\u00e9n estuvo presente el Ministro de Transporte y Telecomunicaciones, Juan Carlos Mu\u00f1oz, el vicerrector de Acad\u00e9mico de la Universidad, Fernando Purcell, la Subsecretaria de Patrimonio del MINCAP, Mar\u00eda Paulina Soto, el decano FADEU, Mario Ubilla y el director de la Escuela de Dise\u00f1o, Mart\u00edn Tironi.","breadcrumb":{"@id":"https:\/\/fadeu.urantiacos.cl\/en\/2022\/08\/16\/lanzamiento-nueva-hoja-de-ruta-diseno-uc\/#breadcrumb"},"inLanguage":"en-US","potentialAction":[{"@type":"ReadAction","target":["https:\/\/fadeu.urantiacos.cl\/en\/2022\/08\/16\/lanzamiento-nueva-hoja-de-ruta-diseno-uc\/"]}]},{"@type":"ImageObject","inLanguage":"en-US","@id":"https:\/\/fadeu.urantiacos.cl\/en\/2022\/08\/16\/lanzamiento-nueva-hoja-de-ruta-diseno-uc\/#primaryimage","url":"https:\/\/fadeu.urantiacos.cl\/wp-content\/uploads\/2023\/09\/WEB_WhatsApp-Image-2022-08-11-at-7.51.36-PM-3.jpg","contentUrl":"https:\/\/fadeu.urantiacos.cl\/wp-content\/uploads\/2023\/09\/WEB_WhatsApp-Image-2022-08-11-at-7.51.36-PM-3.jpg","width":350,"height":250},{"@type":"BreadcrumbList","@id":"https:\/\/fadeu.urantiacos.cl\/en\/2022\/08\/16\/lanzamiento-nueva-hoja-de-ruta-diseno-uc\/#breadcrumb","itemListElement":[{"@type":"ListItem","position":1,"name":"Portada","item":"https:\/\/fadeu.urantiacos.cl\/en\/"},{"@type":"ListItem","position":2,"name":"Lanzamiento nueva hoja de ruta Dise\u00f1o UC"}]},{"@type":"WebSite","@id":"https:\/\/fadeu.urantiacos.cl\/en\/#website","url":"https:\/\/fadeu.urantiacos.cl\/en\/","name":"Facultad de Arquitectura, Dise\u00f1o y Estudios Urbanos","description":"Campus Lo Contador","potentialAction":[{"@type":"SearchAction","target":{"@type":"EntryPoint","urlTemplate":"https:\/\/fadeu.urantiacos.cl\/en\/?s={search_term_string}"},"query-input":{"@type":"PropertyValueSpecification","valueRequired":true,"valueName":"search_term_string"}}],"inLanguage":"en-US"},{"@type":"Person","@id":"https:\/\/fadeu.urantiacos.cl\/en\/#\/schema\/person\/d203e2e84b1c40275eac77b3061a19a2","name":"manadmin","image":{"@type":"ImageObject","inLanguage":"en-US","@id":"https:\/\/fadeu.urantiacos.cl\/en\/#\/schema\/person\/image\/","url":"https:\/\/secure.gravatar.com\/avatar\/4b1d8e3303b4a9d8968ac578947d8bc80d9aea359f388cdd4aac15cadc0e8447?s=96&d=mm&r=g","contentUrl":"https:\/\/secure.gravatar.com\/avatar\/4b1d8e3303b4a9d8968ac578947d8bc80d9aea359f388cdd4aac15cadc0e8447?s=96&d=mm&r=g","caption":"manadmin"},"sameAs":["https:\/\/fadeu.urantiacos.cl"]}]}},"_links":{"self":[{"href":"https:\/\/fadeu.urantiacos.cl\/en\/wp-json\/wp\/v2\/posts\/4353","targetHints":{"allow":["GET"]}}],"collection":[{"href":"https:\/\/fadeu.urantiacos.cl\/en\/wp-json\/wp\/v2\/posts"}],"about":[{"href":"https:\/\/fadeu.urantiacos.cl\/en\/wp-json\/wp\/v2\/types\/post"}],"author":[{"embeddable":true,"href":"https:\/\/fadeu.urantiacos.cl\/en\/wp-json\/wp\/v2\/users\/1"}],"replies":[{"embeddable":true,"href":"https:\/\/fadeu.urantiacos.cl\/en\/wp-json\/wp\/v2\/comments?post=4353"}],"version-history":[{"count":1,"href":"https:\/\/fadeu.urantiacos.cl\/en\/wp-json\/wp\/v2\/posts\/4353\/revisions"}],"predecessor-version":[{"id":4366,"href":"https:\/\/fadeu.urantiacos.cl\/en\/wp-json\/wp\/v2\/posts\/4353\/revisions\/4366"}],"wp:featuredmedia":[{"embeddable":true,"href":"https:\/\/fadeu.urantiacos.cl\/en\/wp-json\/wp\/v2\/media\/4354"}],"wp:attachment":[{"href":"https:\/\/fadeu.urantiacos.cl\/en\/wp-json\/wp\/v2\/media?parent=4353"}],"wp:term":[{"taxonomy":"category","embeddable":true,"href":"https:\/\/fadeu.urantiacos.cl\/en\/wp-json\/wp\/v2\/categories?post=4353"},{"taxonomy":"post_tag","embeddable":true,"href":"https:\/\/fadeu.urantiacos.cl\/en\/wp-json\/wp\/v2\/tags?post=4353"}],"curies":[{"name":"wp","href":"https:\/\/api.w.org\/{rel}","templated":true}]}}