{"id":4334,"date":"2022-08-19T22:21:00","date_gmt":"2022-08-20T01:21:00","guid":{"rendered":"https:\/\/fadeu.urantiacos.cl\/?p=4334"},"modified":"2023-09-03T22:24:50","modified_gmt":"2023-09-04T01:24:50","slug":"giovanni-vecchio-y-felipe-ladron-de-guevara-participan-en-el-i-seminario-de-diseno-universal-ponte-en-mi-lugar-organizado-por-minvu-ohiggins-y-senadis","status":"publish","type":"post","link":"https:\/\/fadeu.urantiacos.cl\/en\/2022\/08\/19\/giovanni-vecchio-y-felipe-ladron-de-guevara-participan-en-el-i-seminario-de-diseno-universal-ponte-en-mi-lugar-organizado-por-minvu-ohiggins-y-senadis\/","title":{"rendered":"Giovanni Vecchio y Felipe Ladr\u00f3n de Guevara participan en el I Seminario de Dise\u00f1o Universal \u201cPonte en mi lugar\u201d organizado por MINVU O\u2019Higgins y SENADIS"},"content":{"rendered":"\n<figure class=\"wp-block-image size-full\"><img decoding=\"async\" width=\"350\" height=\"250\" src=\"https:\/\/fadeu.urantiacos.cl\/wp-content\/uploads\/2023\/09\/WEB_e6762d58-59e9-4258-9bee-573392b2b654_1.jpg\" alt=\"\" class=\"wp-image-4335\" srcset=\"https:\/\/fadeu.urantiacos.cl\/wp-content\/uploads\/2023\/09\/WEB_e6762d58-59e9-4258-9bee-573392b2b654_1.jpg 350w, https:\/\/fadeu.urantiacos.cl\/wp-content\/uploads\/2023\/09\/WEB_e6762d58-59e9-4258-9bee-573392b2b654_1-300x214.jpg 300w\" sizes=\"(max-width: 350px) 100vw, 350px\" \/><\/figure>\n\n\n\n<p>La actividad se realiz\u00f3 durante dos d\u00edas, el 11 y 16 de agosto, en la ciudad de Rancagua y en la ciudad de San Fernando respectivamente, en la Regi\u00f3n del Libertador General Bernardo O&#8217;Higgins.<\/p>\n\n\n\n<p>En la actividad participaron diferentes expertos funcionarios y funcionarias de SERVIU, SEREMI y SENADIS, quienes presentaron cifras, proyectos y planes respecto a la discapacidad en el pa\u00eds y la regi\u00f3n.<\/p>\n\n\n\n<p>Los docentes UC presentaron las metodolog\u00edas, contenidos y trabajos de estudiantes del primer semestre 2022, del curso interdisciplinario realizado en la FADEU: \u201cAccesibilidad en los espacios de la ciudad\u201d con la exposici\u00f3n \u201cEspacios de la accesibilidad en las escalas de la ciudad y el territorio\u201d donde tambi\u00e9n incluyeron indicadores de accesibilidad y movilidad de la VI Regi\u00f3n.<\/p>\n\n\n\n<p>El seminario, que cont\u00f3 con la participaci\u00f3n de autoridades locales y nacionales, reuni\u00f3 a diferentes actores, profesionales y quienes se interesen en las personas con discapacidad y su integraci\u00f3n, es una instancia que a\u00fana esfuerzos y pone en valor la importancia de contemplar, desde diferentes miradas, el componente de la accesibilidad en el desarrollo y dise\u00f1o de programas, pol\u00edticas, planes y proyectos p\u00fablicos.<\/p>\n\n\n\n<p>Por su parte, los profesores UC, transmitieron la importancia de formar a estudiantes, entendiendo la accesibilidad como un requerimiento esencial en los diferentes espacios y escalas de la ciudad, y lo enriquecedor que es abordar este tema de forma interdisciplinaria.<\/p>\n\n\n\n<p>&nbsp;INFORMACI\u00d3N PERIOD\u00cdSTICA<br>FELIPE LADR\u00d3N DE GUEVARA<\/p>\n\n\n\n<figure class=\"wp-block-image size-large\"><img decoding=\"async\" width=\"1024\" height=\"575\" src=\"https:\/\/fadeu.urantiacos.cl\/wp-content\/uploads\/2023\/09\/298466988_435949008579991_5487819041875387222_n-1024x575.jpg\" alt=\"\" class=\"wp-image-4336\" srcset=\"https:\/\/fadeu.urantiacos.cl\/wp-content\/uploads\/2023\/09\/298466988_435949008579991_5487819041875387222_n-1024x575.jpg 1024w, https:\/\/fadeu.urantiacos.cl\/wp-content\/uploads\/2023\/09\/298466988_435949008579991_5487819041875387222_n-300x169.jpg 300w, https:\/\/fadeu.urantiacos.cl\/wp-content\/uploads\/2023\/09\/298466988_435949008579991_5487819041875387222_n-768x431.jpg 768w, https:\/\/fadeu.urantiacos.cl\/wp-content\/uploads\/2023\/09\/298466988_435949008579991_5487819041875387222_n.jpg 1280w\" sizes=\"(max-width: 1024px) 100vw, 1024px\" \/><\/figure>\n\n\n\n<figure class=\"wp-block-image size-large\"><img decoding=\"async\" width=\"1024\" height=\"768\" src=\"https:\/\/fadeu.urantiacos.cl\/wp-content\/uploads\/2023\/09\/e6762d58-59e9-4258-9bee-573392b2b654-1024x768.jpg\" alt=\"\" class=\"wp-image-4337\" srcset=\"https:\/\/fadeu.urantiacos.cl\/wp-content\/uploads\/2023\/09\/e6762d58-59e9-4258-9bee-573392b2b654-1024x768.jpg 1024w, https:\/\/fadeu.urantiacos.cl\/wp-content\/uploads\/2023\/09\/e6762d58-59e9-4258-9bee-573392b2b654-300x225.jpg 300w, https:\/\/fadeu.urantiacos.cl\/wp-content\/uploads\/2023\/09\/e6762d58-59e9-4258-9bee-573392b2b654-768x576.jpg 768w, https:\/\/fadeu.urantiacos.cl\/wp-content\/uploads\/2023\/09\/e6762d58-59e9-4258-9bee-573392b2b654.jpg 1152w\" sizes=\"(max-width: 1024px) 100vw, 1024px\" \/><\/figure>\n","protected":false},"excerpt":{"rendered":"<p>Los profesores Giovanni Vecchio del Instituto de Estudios Urbanos y Felipe Ladr\u00f3n de Guevara de la Escuela de Arquitectura participan en el Seminario \u201cPonte en mi lugar\u201d organizado por el Ministerio de Vivienda y Urbanismo (MINVU) y el Servicio Nacional de la Discapacidad (SENADIS).<\/p>\n","protected":false},"author":1,"featured_media":4335,"comment_status":"open","ping_status":"open","sticky":false,"template":"","format":"standard","meta":{"_acf_changed":false,"footnotes":""},"categories":[1],"tags":[],"class_list":["post-4334","post","type-post","status-publish","format-standard","has-post-thumbnail","hentry","category-sin-categorizar"],"acf":[],"yoast_head":"<!-- This site is optimized with the Yoast SEO plugin v27.1.1 - https:\/\/yoast.com\/product\/yoast-seo-wordpress\/ -->\n<title>Giovanni Vecchio y Felipe Ladr\u00f3n de Guevara participan en el I Seminario de Dise\u00f1o Universal \u201cPonte en mi lugar\u201d organizado por MINVU O\u2019Higgins y SENADIS - Facultad de Arquitectura, Dise\u00f1o y Estudios Urbanos<\/title>\n<meta name=\"description\" content=\"Los profesores Giovanni Vecchio del Instituto de Estudios Urbanos y Felipe Ladr\u00f3n de Guevara de la Escuela de Arquitectura participan en el Seminario \u201cPonte en mi lugar\u201d organizado por el Ministerio de Vivienda y Urbanismo (MINVU) y el Servicio Nacional de la Discapacidad (SENADIS).\" \/>\n<meta name=\"robots\" content=\"index, follow, max-snippet:-1, max-image-preview:large, max-video-preview:-1\" \/>\n<link rel=\"canonical\" href=\"https:\/\/fadeu.urantiacos.cl\/en\/2022\/08\/19\/giovanni-vecchio-y-felipe-ladron-de-guevara-participan-en-el-i-seminario-de-diseno-universal-ponte-en-mi-lugar-organizado-por-minvu-ohiggins-y-senadis\/\" \/>\n<meta property=\"og:locale\" content=\"en_US\" \/>\n<meta property=\"og:type\" content=\"article\" \/>\n<meta property=\"og:title\" content=\"Giovanni Vecchio y Felipe Ladr\u00f3n de Guevara participan en el I Seminario de Dise\u00f1o Universal \u201cPonte en mi lugar\u201d organizado por MINVU O\u2019Higgins y SENADIS - Facultad de Arquitectura, Dise\u00f1o y Estudios Urbanos\" \/>\n<meta property=\"og:description\" content=\"Los profesores Giovanni Vecchio del Instituto de Estudios Urbanos y Felipe Ladr\u00f3n de Guevara de la Escuela de Arquitectura participan en el Seminario \u201cPonte en mi lugar\u201d organizado por el Ministerio de Vivienda y Urbanismo (MINVU) y el Servicio Nacional de la Discapacidad (SENADIS).\" \/>\n<meta property=\"og:url\" content=\"https:\/\/fadeu.urantiacos.cl\/en\/2022\/08\/19\/giovanni-vecchio-y-felipe-ladron-de-guevara-participan-en-el-i-seminario-de-diseno-universal-ponte-en-mi-lugar-organizado-por-minvu-ohiggins-y-senadis\/\" \/>\n<meta property=\"og:site_name\" content=\"Facultad de Arquitectura, Dise\u00f1o y Estudios Urbanos\" \/>\n<meta property=\"article:published_time\" content=\"2022-08-20T01:21:00+00:00\" \/>\n<meta property=\"article:modified_time\" content=\"2023-09-04T01:24:50+00:00\" \/>\n<meta property=\"og:image\" content=\"https:\/\/fadeu.urantiacos.cl\/wp-content\/uploads\/2023\/09\/WEB_e6762d58-59e9-4258-9bee-573392b2b654_1.jpg\" \/>\n\t<meta property=\"og:image:width\" content=\"350\" \/>\n\t<meta property=\"og:image:height\" content=\"250\" \/>\n\t<meta property=\"og:image:type\" content=\"image\/jpeg\" \/>\n<meta name=\"author\" content=\"manadmin\" \/>\n<meta name=\"twitter:card\" content=\"summary_large_image\" \/>\n<meta name=\"twitter:label1\" content=\"Written by\" \/>\n\t<meta name=\"twitter:data1\" content=\"manadmin\" \/>\n\t<meta name=\"twitter:label2\" content=\"Est. reading time\" \/>\n\t<meta name=\"twitter:data2\" content=\"1 minute\" \/>\n<script type=\"application\/ld+json\" class=\"yoast-schema-graph\">{\"@context\":\"https:\/\/schema.org\",\"@graph\":[{\"@type\":\"Article\",\"@id\":\"https:\/\/fadeu.urantiacos.cl\/en\/2022\/08\/19\/giovanni-vecchio-y-felipe-ladron-de-guevara-participan-en-el-i-seminario-de-diseno-universal-ponte-en-mi-lugar-organizado-por-minvu-ohiggins-y-senadis\/#article\",\"isPartOf\":{\"@id\":\"https:\/\/fadeu.urantiacos.cl\/en\/2022\/08\/19\/giovanni-vecchio-y-felipe-ladron-de-guevara-participan-en-el-i-seminario-de-diseno-universal-ponte-en-mi-lugar-organizado-por-minvu-ohiggins-y-senadis\/\"},\"author\":{\"name\":\"manadmin\",\"@id\":\"https:\/\/fadeu.urantiacos.cl\/en\/#\/schema\/person\/d203e2e84b1c40275eac77b3061a19a2\"},\"headline\":\"Giovanni Vecchio y Felipe Ladr\u00f3n de Guevara participan en el I Seminario de Dise\u00f1o Universal \u201cPonte en mi lugar\u201d organizado por MINVU O\u2019Higgins y SENADIS\",\"datePublished\":\"2022-08-20T01:21:00+00:00\",\"dateModified\":\"2023-09-04T01:24:50+00:00\",\"mainEntityOfPage\":{\"@id\":\"https:\/\/fadeu.urantiacos.cl\/en\/2022\/08\/19\/giovanni-vecchio-y-felipe-ladron-de-guevara-participan-en-el-i-seminario-de-diseno-universal-ponte-en-mi-lugar-organizado-por-minvu-ohiggins-y-senadis\/\"},\"wordCount\":272,\"commentCount\":0,\"image\":{\"@id\":\"https:\/\/fadeu.urantiacos.cl\/en\/2022\/08\/19\/giovanni-vecchio-y-felipe-ladron-de-guevara-participan-en-el-i-seminario-de-diseno-universal-ponte-en-mi-lugar-organizado-por-minvu-ohiggins-y-senadis\/#primaryimage\"},\"thumbnailUrl\":\"https:\/\/fadeu.urantiacos.cl\/wp-content\/uploads\/2023\/09\/WEB_e6762d58-59e9-4258-9bee-573392b2b654_1.jpg\",\"articleSection\":[\"Sin categorizar\"],\"inLanguage\":\"en-US\",\"potentialAction\":[{\"@type\":\"CommentAction\",\"name\":\"Comment\",\"target\":[\"https:\/\/fadeu.urantiacos.cl\/en\/2022\/08\/19\/giovanni-vecchio-y-felipe-ladron-de-guevara-participan-en-el-i-seminario-de-diseno-universal-ponte-en-mi-lugar-organizado-por-minvu-ohiggins-y-senadis\/#respond\"]}]},{\"@type\":\"WebPage\",\"@id\":\"https:\/\/fadeu.urantiacos.cl\/en\/2022\/08\/19\/giovanni-vecchio-y-felipe-ladron-de-guevara-participan-en-el-i-seminario-de-diseno-universal-ponte-en-mi-lugar-organizado-por-minvu-ohiggins-y-senadis\/\",\"url\":\"https:\/\/fadeu.urantiacos.cl\/en\/2022\/08\/19\/giovanni-vecchio-y-felipe-ladron-de-guevara-participan-en-el-i-seminario-de-diseno-universal-ponte-en-mi-lugar-organizado-por-minvu-ohiggins-y-senadis\/\",\"name\":\"Giovanni Vecchio y Felipe Ladr\u00f3n de Guevara participan en el I Seminario de Dise\u00f1o Universal \u201cPonte en mi lugar\u201d organizado por MINVU O\u2019Higgins y SENADIS - Facultad de Arquitectura, Dise\u00f1o y Estudios Urbanos\",\"isPartOf\":{\"@id\":\"https:\/\/fadeu.urantiacos.cl\/en\/#website\"},\"primaryImageOfPage\":{\"@id\":\"https:\/\/fadeu.urantiacos.cl\/en\/2022\/08\/19\/giovanni-vecchio-y-felipe-ladron-de-guevara-participan-en-el-i-seminario-de-diseno-universal-ponte-en-mi-lugar-organizado-por-minvu-ohiggins-y-senadis\/#primaryimage\"},\"image\":{\"@id\":\"https:\/\/fadeu.urantiacos.cl\/en\/2022\/08\/19\/giovanni-vecchio-y-felipe-ladron-de-guevara-participan-en-el-i-seminario-de-diseno-universal-ponte-en-mi-lugar-organizado-por-minvu-ohiggins-y-senadis\/#primaryimage\"},\"thumbnailUrl\":\"https:\/\/fadeu.urantiacos.cl\/wp-content\/uploads\/2023\/09\/WEB_e6762d58-59e9-4258-9bee-573392b2b654_1.jpg\",\"datePublished\":\"2022-08-20T01:21:00+00:00\",\"dateModified\":\"2023-09-04T01:24:50+00:00\",\"author\":{\"@id\":\"https:\/\/fadeu.urantiacos.cl\/en\/#\/schema\/person\/d203e2e84b1c40275eac77b3061a19a2\"},\"description\":\"Los profesores Giovanni Vecchio del Instituto de Estudios Urbanos y Felipe Ladr\u00f3n de Guevara de la Escuela de Arquitectura participan en el Seminario \u201cPonte en mi lugar\u201d organizado por el Ministerio de Vivienda y Urbanismo (MINVU) y el Servicio Nacional de la Discapacidad (SENADIS).\",\"breadcrumb\":{\"@id\":\"https:\/\/fadeu.urantiacos.cl\/en\/2022\/08\/19\/giovanni-vecchio-y-felipe-ladron-de-guevara-participan-en-el-i-seminario-de-diseno-universal-ponte-en-mi-lugar-organizado-por-minvu-ohiggins-y-senadis\/#breadcrumb\"},\"inLanguage\":\"en-US\",\"potentialAction\":[{\"@type\":\"ReadAction\",\"target\":[\"https:\/\/fadeu.urantiacos.cl\/en\/2022\/08\/19\/giovanni-vecchio-y-felipe-ladron-de-guevara-participan-en-el-i-seminario-de-diseno-universal-ponte-en-mi-lugar-organizado-por-minvu-ohiggins-y-senadis\/\"]}]},{\"@type\":\"ImageObject\",\"inLanguage\":\"en-US\",\"@id\":\"https:\/\/fadeu.urantiacos.cl\/en\/2022\/08\/19\/giovanni-vecchio-y-felipe-ladron-de-guevara-participan-en-el-i-seminario-de-diseno-universal-ponte-en-mi-lugar-organizado-por-minvu-ohiggins-y-senadis\/#primaryimage\",\"url\":\"https:\/\/fadeu.urantiacos.cl\/wp-content\/uploads\/2023\/09\/WEB_e6762d58-59e9-4258-9bee-573392b2b654_1.jpg\",\"contentUrl\":\"https:\/\/fadeu.urantiacos.cl\/wp-content\/uploads\/2023\/09\/WEB_e6762d58-59e9-4258-9bee-573392b2b654_1.jpg\",\"width\":350,\"height\":250},{\"@type\":\"BreadcrumbList\",\"@id\":\"https:\/\/fadeu.urantiacos.cl\/en\/2022\/08\/19\/giovanni-vecchio-y-felipe-ladron-de-guevara-participan-en-el-i-seminario-de-diseno-universal-ponte-en-mi-lugar-organizado-por-minvu-ohiggins-y-senadis\/#breadcrumb\",\"itemListElement\":[{\"@type\":\"ListItem\",\"position\":1,\"name\":\"Portada\",\"item\":\"https:\/\/fadeu.urantiacos.cl\/en\/\"},{\"@type\":\"ListItem\",\"position\":2,\"name\":\"Giovanni Vecchio y Felipe Ladr\u00f3n de Guevara participan en el I Seminario de Dise\u00f1o Universal \u201cPonte en mi lugar\u201d organizado por MINVU O\u2019Higgins y SENADIS\"}]},{\"@type\":\"WebSite\",\"@id\":\"https:\/\/fadeu.urantiacos.cl\/en\/#website\",\"url\":\"https:\/\/fadeu.urantiacos.cl\/en\/\",\"name\":\"Facultad de Arquitectura, Dise\u00f1o y Estudios Urbanos\",\"description\":\"Campus Lo Contador\",\"potentialAction\":[{\"@type\":\"SearchAction\",\"target\":{\"@type\":\"EntryPoint\",\"urlTemplate\":\"https:\/\/fadeu.urantiacos.cl\/en\/?s={search_term_string}\"},\"query-input\":{\"@type\":\"PropertyValueSpecification\",\"valueRequired\":true,\"valueName\":\"search_term_string\"}}],\"inLanguage\":\"en-US\"},{\"@type\":\"Person\",\"@id\":\"https:\/\/fadeu.urantiacos.cl\/en\/#\/schema\/person\/d203e2e84b1c40275eac77b3061a19a2\",\"name\":\"manadmin\",\"image\":{\"@type\":\"ImageObject\",\"inLanguage\":\"en-US\",\"@id\":\"https:\/\/fadeu.urantiacos.cl\/en\/#\/schema\/person\/image\/\",\"url\":\"https:\/\/secure.gravatar.com\/avatar\/4b1d8e3303b4a9d8968ac578947d8bc80d9aea359f388cdd4aac15cadc0e8447?s=96&d=mm&r=g\",\"contentUrl\":\"https:\/\/secure.gravatar.com\/avatar\/4b1d8e3303b4a9d8968ac578947d8bc80d9aea359f388cdd4aac15cadc0e8447?s=96&d=mm&r=g\",\"caption\":\"manadmin\"},\"sameAs\":[\"https:\/\/fadeu.urantiacos.cl\"]}]}<\/script>\n<!-- \/ Yoast SEO plugin. -->","yoast_head_json":{"title":"Giovanni Vecchio y Felipe Ladr\u00f3n de Guevara participan en el I Seminario de Dise\u00f1o Universal \u201cPonte en mi lugar\u201d organizado por MINVU O\u2019Higgins y SENADIS - Facultad de Arquitectura, Dise\u00f1o y Estudios Urbanos","description":"Los profesores Giovanni Vecchio del Instituto de Estudios Urbanos y Felipe Ladr\u00f3n de Guevara de la Escuela de Arquitectura participan en el Seminario \u201cPonte en mi lugar\u201d organizado por el Ministerio de Vivienda y Urbanismo (MINVU) y el Servicio Nacional de la Discapacidad (SENADIS).","robots":{"index":"index","follow":"follow","max-snippet":"max-snippet:-1","max-image-preview":"max-image-preview:large","max-video-preview":"max-video-preview:-1"},"canonical":"https:\/\/fadeu.urantiacos.cl\/en\/2022\/08\/19\/giovanni-vecchio-y-felipe-ladron-de-guevara-participan-en-el-i-seminario-de-diseno-universal-ponte-en-mi-lugar-organizado-por-minvu-ohiggins-y-senadis\/","og_locale":"en_US","og_type":"article","og_title":"Giovanni Vecchio y Felipe Ladr\u00f3n de Guevara participan en el I Seminario de Dise\u00f1o Universal \u201cPonte en mi lugar\u201d organizado por MINVU O\u2019Higgins y SENADIS - Facultad de Arquitectura, Dise\u00f1o y Estudios Urbanos","og_description":"Los profesores Giovanni Vecchio del Instituto de Estudios Urbanos y Felipe Ladr\u00f3n de Guevara de la Escuela de Arquitectura participan en el Seminario \u201cPonte en mi lugar\u201d organizado por el Ministerio de Vivienda y Urbanismo (MINVU) y el Servicio Nacional de la Discapacidad (SENADIS).","og_url":"https:\/\/fadeu.urantiacos.cl\/en\/2022\/08\/19\/giovanni-vecchio-y-felipe-ladron-de-guevara-participan-en-el-i-seminario-de-diseno-universal-ponte-en-mi-lugar-organizado-por-minvu-ohiggins-y-senadis\/","og_site_name":"Facultad de Arquitectura, Dise\u00f1o y Estudios Urbanos","article_published_time":"2022-08-20T01:21:00+00:00","article_modified_time":"2023-09-04T01:24:50+00:00","og_image":[{"width":350,"height":250,"url":"https:\/\/fadeu.urantiacos.cl\/wp-content\/uploads\/2023\/09\/WEB_e6762d58-59e9-4258-9bee-573392b2b654_1.jpg","type":"image\/jpeg"}],"author":"manadmin","twitter_card":"summary_large_image","twitter_misc":{"Written by":"manadmin","Est. reading time":"1 minute"},"schema":{"@context":"https:\/\/schema.org","@graph":[{"@type":"Article","@id":"https:\/\/fadeu.urantiacos.cl\/en\/2022\/08\/19\/giovanni-vecchio-y-felipe-ladron-de-guevara-participan-en-el-i-seminario-de-diseno-universal-ponte-en-mi-lugar-organizado-por-minvu-ohiggins-y-senadis\/#article","isPartOf":{"@id":"https:\/\/fadeu.urantiacos.cl\/en\/2022\/08\/19\/giovanni-vecchio-y-felipe-ladron-de-guevara-participan-en-el-i-seminario-de-diseno-universal-ponte-en-mi-lugar-organizado-por-minvu-ohiggins-y-senadis\/"},"author":{"name":"manadmin","@id":"https:\/\/fadeu.urantiacos.cl\/en\/#\/schema\/person\/d203e2e84b1c40275eac77b3061a19a2"},"headline":"Giovanni Vecchio y Felipe Ladr\u00f3n de Guevara participan en el I Seminario de Dise\u00f1o Universal \u201cPonte en mi lugar\u201d organizado por MINVU O\u2019Higgins y SENADIS","datePublished":"2022-08-20T01:21:00+00:00","dateModified":"2023-09-04T01:24:50+00:00","mainEntityOfPage":{"@id":"https:\/\/fadeu.urantiacos.cl\/en\/2022\/08\/19\/giovanni-vecchio-y-felipe-ladron-de-guevara-participan-en-el-i-seminario-de-diseno-universal-ponte-en-mi-lugar-organizado-por-minvu-ohiggins-y-senadis\/"},"wordCount":272,"commentCount":0,"image":{"@id":"https:\/\/fadeu.urantiacos.cl\/en\/2022\/08\/19\/giovanni-vecchio-y-felipe-ladron-de-guevara-participan-en-el-i-seminario-de-diseno-universal-ponte-en-mi-lugar-organizado-por-minvu-ohiggins-y-senadis\/#primaryimage"},"thumbnailUrl":"https:\/\/fadeu.urantiacos.cl\/wp-content\/uploads\/2023\/09\/WEB_e6762d58-59e9-4258-9bee-573392b2b654_1.jpg","articleSection":["Sin categorizar"],"inLanguage":"en-US","potentialAction":[{"@type":"CommentAction","name":"Comment","target":["https:\/\/fadeu.urantiacos.cl\/en\/2022\/08\/19\/giovanni-vecchio-y-felipe-ladron-de-guevara-participan-en-el-i-seminario-de-diseno-universal-ponte-en-mi-lugar-organizado-por-minvu-ohiggins-y-senadis\/#respond"]}]},{"@type":"WebPage","@id":"https:\/\/fadeu.urantiacos.cl\/en\/2022\/08\/19\/giovanni-vecchio-y-felipe-ladron-de-guevara-participan-en-el-i-seminario-de-diseno-universal-ponte-en-mi-lugar-organizado-por-minvu-ohiggins-y-senadis\/","url":"https:\/\/fadeu.urantiacos.cl\/en\/2022\/08\/19\/giovanni-vecchio-y-felipe-ladron-de-guevara-participan-en-el-i-seminario-de-diseno-universal-ponte-en-mi-lugar-organizado-por-minvu-ohiggins-y-senadis\/","name":"Giovanni Vecchio y Felipe Ladr\u00f3n de Guevara participan en el I Seminario de Dise\u00f1o Universal \u201cPonte en mi lugar\u201d organizado por MINVU O\u2019Higgins y SENADIS - Facultad de Arquitectura, Dise\u00f1o y Estudios Urbanos","isPartOf":{"@id":"https:\/\/fadeu.urantiacos.cl\/en\/#website"},"primaryImageOfPage":{"@id":"https:\/\/fadeu.urantiacos.cl\/en\/2022\/08\/19\/giovanni-vecchio-y-felipe-ladron-de-guevara-participan-en-el-i-seminario-de-diseno-universal-ponte-en-mi-lugar-organizado-por-minvu-ohiggins-y-senadis\/#primaryimage"},"image":{"@id":"https:\/\/fadeu.urantiacos.cl\/en\/2022\/08\/19\/giovanni-vecchio-y-felipe-ladron-de-guevara-participan-en-el-i-seminario-de-diseno-universal-ponte-en-mi-lugar-organizado-por-minvu-ohiggins-y-senadis\/#primaryimage"},"thumbnailUrl":"https:\/\/fadeu.urantiacos.cl\/wp-content\/uploads\/2023\/09\/WEB_e6762d58-59e9-4258-9bee-573392b2b654_1.jpg","datePublished":"2022-08-20T01:21:00+00:00","dateModified":"2023-09-04T01:24:50+00:00","author":{"@id":"https:\/\/fadeu.urantiacos.cl\/en\/#\/schema\/person\/d203e2e84b1c40275eac77b3061a19a2"},"description":"Los profesores Giovanni Vecchio del Instituto de Estudios Urbanos y Felipe Ladr\u00f3n de Guevara de la Escuela de Arquitectura participan en el Seminario \u201cPonte en mi lugar\u201d organizado por el Ministerio de Vivienda y Urbanismo (MINVU) y el Servicio Nacional de la Discapacidad (SENADIS).","breadcrumb":{"@id":"https:\/\/fadeu.urantiacos.cl\/en\/2022\/08\/19\/giovanni-vecchio-y-felipe-ladron-de-guevara-participan-en-el-i-seminario-de-diseno-universal-ponte-en-mi-lugar-organizado-por-minvu-ohiggins-y-senadis\/#breadcrumb"},"inLanguage":"en-US","potentialAction":[{"@type":"ReadAction","target":["https:\/\/fadeu.urantiacos.cl\/en\/2022\/08\/19\/giovanni-vecchio-y-felipe-ladron-de-guevara-participan-en-el-i-seminario-de-diseno-universal-ponte-en-mi-lugar-organizado-por-minvu-ohiggins-y-senadis\/"]}]},{"@type":"ImageObject","inLanguage":"en-US","@id":"https:\/\/fadeu.urantiacos.cl\/en\/2022\/08\/19\/giovanni-vecchio-y-felipe-ladron-de-guevara-participan-en-el-i-seminario-de-diseno-universal-ponte-en-mi-lugar-organizado-por-minvu-ohiggins-y-senadis\/#primaryimage","url":"https:\/\/fadeu.urantiacos.cl\/wp-content\/uploads\/2023\/09\/WEB_e6762d58-59e9-4258-9bee-573392b2b654_1.jpg","contentUrl":"https:\/\/fadeu.urantiacos.cl\/wp-content\/uploads\/2023\/09\/WEB_e6762d58-59e9-4258-9bee-573392b2b654_1.jpg","width":350,"height":250},{"@type":"BreadcrumbList","@id":"https:\/\/fadeu.urantiacos.cl\/en\/2022\/08\/19\/giovanni-vecchio-y-felipe-ladron-de-guevara-participan-en-el-i-seminario-de-diseno-universal-ponte-en-mi-lugar-organizado-por-minvu-ohiggins-y-senadis\/#breadcrumb","itemListElement":[{"@type":"ListItem","position":1,"name":"Portada","item":"https:\/\/fadeu.urantiacos.cl\/en\/"},{"@type":"ListItem","position":2,"name":"Giovanni Vecchio y Felipe Ladr\u00f3n de Guevara participan en el I Seminario de Dise\u00f1o Universal \u201cPonte en mi lugar\u201d organizado por MINVU O\u2019Higgins y SENADIS"}]},{"@type":"WebSite","@id":"https:\/\/fadeu.urantiacos.cl\/en\/#website","url":"https:\/\/fadeu.urantiacos.cl\/en\/","name":"Facultad de Arquitectura, Dise\u00f1o y Estudios Urbanos","description":"Campus Lo Contador","potentialAction":[{"@type":"SearchAction","target":{"@type":"EntryPoint","urlTemplate":"https:\/\/fadeu.urantiacos.cl\/en\/?s={search_term_string}"},"query-input":{"@type":"PropertyValueSpecification","valueRequired":true,"valueName":"search_term_string"}}],"inLanguage":"en-US"},{"@type":"Person","@id":"https:\/\/fadeu.urantiacos.cl\/en\/#\/schema\/person\/d203e2e84b1c40275eac77b3061a19a2","name":"manadmin","image":{"@type":"ImageObject","inLanguage":"en-US","@id":"https:\/\/fadeu.urantiacos.cl\/en\/#\/schema\/person\/image\/","url":"https:\/\/secure.gravatar.com\/avatar\/4b1d8e3303b4a9d8968ac578947d8bc80d9aea359f388cdd4aac15cadc0e8447?s=96&d=mm&r=g","contentUrl":"https:\/\/secure.gravatar.com\/avatar\/4b1d8e3303b4a9d8968ac578947d8bc80d9aea359f388cdd4aac15cadc0e8447?s=96&d=mm&r=g","caption":"manadmin"},"sameAs":["https:\/\/fadeu.urantiacos.cl"]}]}},"_links":{"self":[{"href":"https:\/\/fadeu.urantiacos.cl\/en\/wp-json\/wp\/v2\/posts\/4334","targetHints":{"allow":["GET"]}}],"collection":[{"href":"https:\/\/fadeu.urantiacos.cl\/en\/wp-json\/wp\/v2\/posts"}],"about":[{"href":"https:\/\/fadeu.urantiacos.cl\/en\/wp-json\/wp\/v2\/types\/post"}],"author":[{"embeddable":true,"href":"https:\/\/fadeu.urantiacos.cl\/en\/wp-json\/wp\/v2\/users\/1"}],"replies":[{"embeddable":true,"href":"https:\/\/fadeu.urantiacos.cl\/en\/wp-json\/wp\/v2\/comments?post=4334"}],"version-history":[{"count":1,"href":"https:\/\/fadeu.urantiacos.cl\/en\/wp-json\/wp\/v2\/posts\/4334\/revisions"}],"predecessor-version":[{"id":4338,"href":"https:\/\/fadeu.urantiacos.cl\/en\/wp-json\/wp\/v2\/posts\/4334\/revisions\/4338"}],"wp:featuredmedia":[{"embeddable":true,"href":"https:\/\/fadeu.urantiacos.cl\/en\/wp-json\/wp\/v2\/media\/4335"}],"wp:attachment":[{"href":"https:\/\/fadeu.urantiacos.cl\/en\/wp-json\/wp\/v2\/media?parent=4334"}],"wp:term":[{"taxonomy":"category","embeddable":true,"href":"https:\/\/fadeu.urantiacos.cl\/en\/wp-json\/wp\/v2\/categories?post=4334"},{"taxonomy":"post_tag","embeddable":true,"href":"https:\/\/fadeu.urantiacos.cl\/en\/wp-json\/wp\/v2\/tags?post=4334"}],"curies":[{"name":"wp","href":"https:\/\/api.w.org\/{rel}","templated":true}]}}