{"id":4318,"date":"2022-08-22T22:11:00","date_gmt":"2022-08-23T01:11:00","guid":{"rendered":"https:\/\/fadeu.urantiacos.cl\/?p=4318"},"modified":"2023-09-03T22:13:33","modified_gmt":"2023-09-04T01:13:33","slug":"con-conversatorio-acerca-de-la-ciudad-informal-finalizo-la-visita-de-edward-murphy-a-chile-invitado-por-la-profesora-macarena-ibarra","status":"publish","type":"post","link":"https:\/\/fadeu.urantiacos.cl\/en\/2022\/08\/22\/con-conversatorio-acerca-de-la-ciudad-informal-finalizo-la-visita-de-edward-murphy-a-chile-invitado-por-la-profesora-macarena-ibarra\/","title":{"rendered":"Con conversatorio acerca de \u00abLa Ciudad (in)formal\u00bb, finaliz\u00f3 la visita de Edward Murphy a Chile, invitado por la profesora Macarena Ibarra"},"content":{"rendered":"\n<figure class=\"wp-block-image size-full\"><img decoding=\"async\" width=\"350\" height=\"250\" src=\"https:\/\/fadeu.urantiacos.cl\/wp-content\/uploads\/2023\/09\/web_IMG_4923-scaled-1.jpg\" alt=\"\" class=\"wp-image-4319\" srcset=\"https:\/\/fadeu.urantiacos.cl\/wp-content\/uploads\/2023\/09\/web_IMG_4923-scaled-1.jpg 350w, https:\/\/fadeu.urantiacos.cl\/wp-content\/uploads\/2023\/09\/web_IMG_4923-scaled-1-300x214.jpg 300w\" sizes=\"(max-width: 350px) 100vw, 350px\" \/><\/figure>\n\n\n\n<p>El investigador, fue invitado por la profesora&nbsp;<a href=\"https:\/\/estudiosurbanos.uc.cl\/academicos\/macarena-ibarra-alonso\/\" target=\"_blank\" rel=\"noreferrer noopener\">Macarena Ibarra<\/a>, como parte del proyecto Fondecyt N\u00b0 1201861&nbsp;<a href=\"https:\/\/estudiosurbanos.uc.cl\/investigacion\/vivienda-y-urbanismo-una-revision-critica-de-la-emergencia-y-desarrollo-de-la-ciudad-planificada-en-chile-1936-1973\/\" target=\"_blank\" rel=\"noreferrer noopener\">\u00abVivienda y urbanismo. Una revisi\u00f3n cr\u00edtica de la emergencia y desarrollo de \u00abla ciudad planificada\u00bb en Chile (1936-1973)\u00bb<\/a><\/p>\n\n\n\n<p>En palabras de la investigadora, es importante,<\/p>\n\n\n\n<p>\u00abDestacar, c\u00f3mo esta Charla nos sit\u00faa en la interacci\u00f3n entre los programas de vivienda estatal y las luchas por la vivienda, que de alguna manera es una interacci\u00f3n entre los paternalismos y la toma de conciencia, de una clase o de un grupo, con una necesidad sumamente evidente. Es tambi\u00e9n la tensi\u00f3n entre la voluntad pol\u00edtica y los intereses privados, entre los recursos posibles y la necesidad real de los distintos sectores. Refleja entre otras tensiones el problema del valor del uso de suelo, que es un problema fundamental del urbanismo, as\u00ed como lo es el de los servicios urbanos b\u00e1sicos\u00bb.<\/p>\n\n\n\n<p>Sobre la publicaci\u00f3n, el autor destac\u00f3 que, a pesar de abodar un periodo de las luchas sociales en torno a la vivienda en Chile, \u00e9sta no deja de tener vigencia, \u00abtiene que ver con 50 a\u00f1os, e incluso tiene mucho que ver con lo que est\u00e1 pasando en la actualidad, en t\u00e9rminos de la propuesta de la constituci\u00f3n, cuando se habla del derecho a una vivienda digna, pero tambi\u00e9n del derecho a la propiedad. Que son dos cosas fundamentales de la constituci\u00f3n, me parece que muchas cosas de las que yo he investigado en el libro, siguen vigentes\u00bb coment\u00f3 Edward Murphy al comienzo de la ponencia.<\/p>\n\n\n\n<p>Respecto al t\u00edtulo de la publicaci\u00f3n, el autor y su traducci\u00f3n al espa\u00f1ol, explic\u00f3 que el juego de palabras en ingl\u00e9s rondaba entre la propiedad y lo apropiado:<\/p>\n\n\n\n<p>\u00abBueno, el libro en ingl\u00e9s se llama \u201cFor a Proper Home\u201d, que ser\u00eda en espa\u00f1ol, algo as\u00ed como&nbsp;\u201cUn hogar apropiado\u201d, y el v\u00ednculo que yo hab\u00eda intentado hacer en el libro, es un v\u00ednculo entre la propiedad y lo apropiado, que es un v\u00ednculo antiguo que los neoliberales intentaron&nbsp;revivir en su momento que era tan importante el significado de proveer propiedades. Pero a mi juicio, ese v\u00ednculo puede ser conservador, y puede defender un entendimiento de la propiedad privada como la base de una sociedad ordenada, quiz\u00e1s no justa, pero ordenada, buena, de crecimiento econ\u00f3mico, cosas as\u00ed. Pero a mi juicio tambi\u00e9n puede significar ese v\u00ednculo entre la propiedad y lo apropiado, una promesa, que vamos a vivir en una sociedad donde existe \u201clo apropiado\u201d, y a mi juicio, cuando se entiende as\u00ed, eso significa tambi\u00e9n que puede ser un lugar digno, algo aspirador. Entonces para m\u00ed, dentro del entendimiento liberal de lo que significa la propiedad, existe una tensi\u00f3n, una promesa por un lado, y por otro lado, el fijar la subjetividad, de marcar exactamente c\u00f3mo van a vivir las personas, y esa tensi\u00f3n me parece que la estamos viviendo en la actualidad y se nota mucho en la discusi\u00f3n de la constituci\u00f3n\u00bb.&nbsp;<\/p>\n\n\n\n<p>Esta discusi\u00f3n entre \u00ablo propio\u00bb y \u00ablo digno\u00bb, refuerza para el autor, la vigencia de la publicaci\u00f3n en el marco de la nueva propuesta constitucional:<\/p>\n\n\n\n<p>\u201cHay una tensi\u00f3n entre el articulo 51, sobre el derecho a una vivienda digna, y el 83, que es el derecho a la propiedad. Es sumamente importante hist\u00f3ricamente y tiene que ver con las fuerzas hist\u00f3ricas que hab\u00edan marcado chile en su desarrollo urbano y rural. Esa tensi\u00f3n, entre la&nbsp;idea de tener un derecho fundamental, a algo aspirador, algo mejor, y a la misma vez, enfatizar la importancia de la propiedad. Y bueno, todo el mundo que aprueba ahora, quieren enfatizar los dos, como una de las primeras cosas que se dice es que se quiere defender la propiedad, que est\u00e1 ah\u00ed, en la constituci\u00f3n, a pesar de todas las cosas nuevas y los cambios en t\u00e9rminos de derechos sociales, en t\u00e9rminos de nuevas fronteras, de ciudadan\u00eda, de formaci\u00f3n del estado. Y realmente es impresionante el documento en ese sentido, y tambi\u00e9n alrededor de todo el mundo. Ah\u00ed est\u00e1, esa defensa de la propiedad\u00bb.<\/p>\n\n\n\n<p>Puedes revivir el conversatorio completo en nuestro canal de YouTube:<\/p>\n\n\n\n<figure class=\"wp-block-embed is-type-video is-provider-youtube wp-block-embed-youtube wp-embed-aspect-16-9 wp-has-aspect-ratio\"><div class=\"wp-block-embed__wrapper\">\n<iframe loading=\"lazy\" title=\"CHARLA | &quot;La ciudad (in)formal: Los campamentos y el Estado Chileno a fines de la d\u00e9cada de 1960&quot;\" width=\"500\" height=\"281\" src=\"https:\/\/www.youtube.com\/embed\/JxXJGCWmhtk?feature=oembed\" frameborder=\"0\" allow=\"accelerometer; autoplay; clipboard-write; encrypted-media; gyroscope; picture-in-picture; web-share\" referrerpolicy=\"strict-origin-when-cross-origin\" allowfullscreen><\/iframe>\n<\/div><\/figure>\n","protected":false},"excerpt":{"rendered":"<p>La Charla, titulada \u00abLa ciudad (in)formal: Los campamentos y el Estado chileno a fines de la d\u00e9cada de 1960\u00bb fue una de las actividades de cierre de la visita del investigador estadounidense, autor del libro \u00abFor a proper home: Housing Rights in the Margins of Urban Chile, 1960-2010\u00bb publicado el a\u00f1o 2015 y traducido al espa\u00f1ol por la editorial LOM el a\u00f1o 2021 bajo el t\u00edtulo: \u00abPor un hogar digno. El derecho a la vivienda en los m\u00e1rgenes de Santiago de Chile, 1960-2010\u00bb.<\/p>\n","protected":false},"author":1,"featured_media":4319,"comment_status":"open","ping_status":"open","sticky":false,"template":"","format":"standard","meta":{"_acf_changed":false,"footnotes":""},"categories":[1],"tags":[],"class_list":["post-4318","post","type-post","status-publish","format-standard","has-post-thumbnail","hentry","category-sin-categorizar"],"acf":[],"yoast_head":"<!-- This site is optimized with the Yoast SEO plugin v27.1.1 - https:\/\/yoast.com\/product\/yoast-seo-wordpress\/ -->\n<title>Con conversatorio acerca de \u00abLa Ciudad (in)formal\u00bb, finaliz\u00f3 la visita de Edward Murphy a Chile, invitado por la profesora Macarena Ibarra - Facultad de Arquitectura, Dise\u00f1o y Estudios Urbanos<\/title>\n<meta name=\"description\" content=\"La Charla, titulada \u00abLa ciudad (in)formal: Los campamentos y el Estado chileno a fines de la d\u00e9cada de 1960\u00bb fue una de las actividades de cierre de la visita del investigador estadounidense, autor del libro \u00abFor a proper home: Housing Rights in the Margins of Urban Chile, 1960-2010\u00bb publicado el a\u00f1o 2015 y traducido al espa\u00f1ol por la editorial LOM el a\u00f1o 2021 bajo el t\u00edtulo: \u00abPor un hogar digno. El derecho a la vivienda en los m\u00e1rgenes de Santiago de Chile, 1960-2010\u00bb.\" \/>\n<meta name=\"robots\" content=\"index, follow, max-snippet:-1, max-image-preview:large, max-video-preview:-1\" \/>\n<link rel=\"canonical\" href=\"https:\/\/fadeu.urantiacos.cl\/en\/2022\/08\/22\/con-conversatorio-acerca-de-la-ciudad-informal-finalizo-la-visita-de-edward-murphy-a-chile-invitado-por-la-profesora-macarena-ibarra\/\" \/>\n<meta property=\"og:locale\" content=\"en_US\" \/>\n<meta property=\"og:type\" content=\"article\" \/>\n<meta property=\"og:title\" content=\"Con conversatorio acerca de \u00abLa Ciudad (in)formal\u00bb, finaliz\u00f3 la visita de Edward Murphy a Chile, invitado por la profesora Macarena Ibarra - Facultad de Arquitectura, Dise\u00f1o y Estudios Urbanos\" \/>\n<meta property=\"og:description\" content=\"La Charla, titulada \u00abLa ciudad (in)formal: Los campamentos y el Estado chileno a fines de la d\u00e9cada de 1960\u00bb fue una de las actividades de cierre de la visita del investigador estadounidense, autor del libro \u00abFor a proper home: Housing Rights in the Margins of Urban Chile, 1960-2010\u00bb publicado el a\u00f1o 2015 y traducido al espa\u00f1ol por la editorial LOM el a\u00f1o 2021 bajo el t\u00edtulo: \u00abPor un hogar digno. El derecho a la vivienda en los m\u00e1rgenes de Santiago de Chile, 1960-2010\u00bb.\" \/>\n<meta property=\"og:url\" content=\"https:\/\/fadeu.urantiacos.cl\/en\/2022\/08\/22\/con-conversatorio-acerca-de-la-ciudad-informal-finalizo-la-visita-de-edward-murphy-a-chile-invitado-por-la-profesora-macarena-ibarra\/\" \/>\n<meta property=\"og:site_name\" content=\"Facultad de Arquitectura, Dise\u00f1o y Estudios Urbanos\" \/>\n<meta property=\"article:published_time\" content=\"2022-08-23T01:11:00+00:00\" \/>\n<meta property=\"article:modified_time\" content=\"2023-09-04T01:13:33+00:00\" \/>\n<meta property=\"og:image\" content=\"https:\/\/fadeu.urantiacos.cl\/wp-content\/uploads\/2023\/09\/web_IMG_4923-scaled-1.jpg\" \/>\n\t<meta property=\"og:image:width\" content=\"350\" \/>\n\t<meta property=\"og:image:height\" content=\"250\" \/>\n\t<meta property=\"og:image:type\" content=\"image\/jpeg\" \/>\n<meta name=\"author\" content=\"manadmin\" \/>\n<meta name=\"twitter:card\" content=\"summary_large_image\" \/>\n<meta name=\"twitter:label1\" content=\"Written by\" \/>\n\t<meta name=\"twitter:data1\" content=\"manadmin\" \/>\n\t<meta name=\"twitter:label2\" content=\"Est. reading time\" \/>\n\t<meta name=\"twitter:data2\" content=\"4 minutes\" \/>\n<script type=\"application\/ld+json\" class=\"yoast-schema-graph\">{\"@context\":\"https:\/\/schema.org\",\"@graph\":[{\"@type\":\"Article\",\"@id\":\"https:\/\/fadeu.urantiacos.cl\/en\/2022\/08\/22\/con-conversatorio-acerca-de-la-ciudad-informal-finalizo-la-visita-de-edward-murphy-a-chile-invitado-por-la-profesora-macarena-ibarra\/#article\",\"isPartOf\":{\"@id\":\"https:\/\/fadeu.urantiacos.cl\/en\/2022\/08\/22\/con-conversatorio-acerca-de-la-ciudad-informal-finalizo-la-visita-de-edward-murphy-a-chile-invitado-por-la-profesora-macarena-ibarra\/\"},\"author\":{\"name\":\"manadmin\",\"@id\":\"https:\/\/fadeu.urantiacos.cl\/en\/#\/schema\/person\/d203e2e84b1c40275eac77b3061a19a2\"},\"headline\":\"Con conversatorio acerca de \u00abLa Ciudad (in)formal\u00bb, finaliz\u00f3 la visita de Edward Murphy a Chile, invitado por la profesora Macarena Ibarra\",\"datePublished\":\"2022-08-23T01:11:00+00:00\",\"dateModified\":\"2023-09-04T01:13:33+00:00\",\"mainEntityOfPage\":{\"@id\":\"https:\/\/fadeu.urantiacos.cl\/en\/2022\/08\/22\/con-conversatorio-acerca-de-la-ciudad-informal-finalizo-la-visita-de-edward-murphy-a-chile-invitado-por-la-profesora-macarena-ibarra\/\"},\"wordCount\":752,\"commentCount\":0,\"image\":{\"@id\":\"https:\/\/fadeu.urantiacos.cl\/en\/2022\/08\/22\/con-conversatorio-acerca-de-la-ciudad-informal-finalizo-la-visita-de-edward-murphy-a-chile-invitado-por-la-profesora-macarena-ibarra\/#primaryimage\"},\"thumbnailUrl\":\"https:\/\/fadeu.urantiacos.cl\/wp-content\/uploads\/2023\/09\/web_IMG_4923-scaled-1.jpg\",\"articleSection\":[\"Sin categorizar\"],\"inLanguage\":\"en-US\",\"potentialAction\":[{\"@type\":\"CommentAction\",\"name\":\"Comment\",\"target\":[\"https:\/\/fadeu.urantiacos.cl\/en\/2022\/08\/22\/con-conversatorio-acerca-de-la-ciudad-informal-finalizo-la-visita-de-edward-murphy-a-chile-invitado-por-la-profesora-macarena-ibarra\/#respond\"]}]},{\"@type\":\"WebPage\",\"@id\":\"https:\/\/fadeu.urantiacos.cl\/en\/2022\/08\/22\/con-conversatorio-acerca-de-la-ciudad-informal-finalizo-la-visita-de-edward-murphy-a-chile-invitado-por-la-profesora-macarena-ibarra\/\",\"url\":\"https:\/\/fadeu.urantiacos.cl\/en\/2022\/08\/22\/con-conversatorio-acerca-de-la-ciudad-informal-finalizo-la-visita-de-edward-murphy-a-chile-invitado-por-la-profesora-macarena-ibarra\/\",\"name\":\"Con conversatorio acerca de \u00abLa Ciudad (in)formal\u00bb, finaliz\u00f3 la visita de Edward Murphy a Chile, invitado por la profesora Macarena Ibarra - Facultad de Arquitectura, Dise\u00f1o y Estudios Urbanos\",\"isPartOf\":{\"@id\":\"https:\/\/fadeu.urantiacos.cl\/en\/#website\"},\"primaryImageOfPage\":{\"@id\":\"https:\/\/fadeu.urantiacos.cl\/en\/2022\/08\/22\/con-conversatorio-acerca-de-la-ciudad-informal-finalizo-la-visita-de-edward-murphy-a-chile-invitado-por-la-profesora-macarena-ibarra\/#primaryimage\"},\"image\":{\"@id\":\"https:\/\/fadeu.urantiacos.cl\/en\/2022\/08\/22\/con-conversatorio-acerca-de-la-ciudad-informal-finalizo-la-visita-de-edward-murphy-a-chile-invitado-por-la-profesora-macarena-ibarra\/#primaryimage\"},\"thumbnailUrl\":\"https:\/\/fadeu.urantiacos.cl\/wp-content\/uploads\/2023\/09\/web_IMG_4923-scaled-1.jpg\",\"datePublished\":\"2022-08-23T01:11:00+00:00\",\"dateModified\":\"2023-09-04T01:13:33+00:00\",\"author\":{\"@id\":\"https:\/\/fadeu.urantiacos.cl\/en\/#\/schema\/person\/d203e2e84b1c40275eac77b3061a19a2\"},\"description\":\"La Charla, titulada \u00abLa ciudad (in)formal: Los campamentos y el Estado chileno a fines de la d\u00e9cada de 1960\u00bb fue una de las actividades de cierre de la visita del investigador estadounidense, autor del libro \u00abFor a proper home: Housing Rights in the Margins of Urban Chile, 1960-2010\u00bb publicado el a\u00f1o 2015 y traducido al espa\u00f1ol por la editorial LOM el a\u00f1o 2021 bajo el t\u00edtulo: \u00abPor un hogar digno. El derecho a la vivienda en los m\u00e1rgenes de Santiago de Chile, 1960-2010\u00bb.\",\"breadcrumb\":{\"@id\":\"https:\/\/fadeu.urantiacos.cl\/en\/2022\/08\/22\/con-conversatorio-acerca-de-la-ciudad-informal-finalizo-la-visita-de-edward-murphy-a-chile-invitado-por-la-profesora-macarena-ibarra\/#breadcrumb\"},\"inLanguage\":\"en-US\",\"potentialAction\":[{\"@type\":\"ReadAction\",\"target\":[\"https:\/\/fadeu.urantiacos.cl\/en\/2022\/08\/22\/con-conversatorio-acerca-de-la-ciudad-informal-finalizo-la-visita-de-edward-murphy-a-chile-invitado-por-la-profesora-macarena-ibarra\/\"]}]},{\"@type\":\"ImageObject\",\"inLanguage\":\"en-US\",\"@id\":\"https:\/\/fadeu.urantiacos.cl\/en\/2022\/08\/22\/con-conversatorio-acerca-de-la-ciudad-informal-finalizo-la-visita-de-edward-murphy-a-chile-invitado-por-la-profesora-macarena-ibarra\/#primaryimage\",\"url\":\"https:\/\/fadeu.urantiacos.cl\/wp-content\/uploads\/2023\/09\/web_IMG_4923-scaled-1.jpg\",\"contentUrl\":\"https:\/\/fadeu.urantiacos.cl\/wp-content\/uploads\/2023\/09\/web_IMG_4923-scaled-1.jpg\",\"width\":350,\"height\":250},{\"@type\":\"BreadcrumbList\",\"@id\":\"https:\/\/fadeu.urantiacos.cl\/en\/2022\/08\/22\/con-conversatorio-acerca-de-la-ciudad-informal-finalizo-la-visita-de-edward-murphy-a-chile-invitado-por-la-profesora-macarena-ibarra\/#breadcrumb\",\"itemListElement\":[{\"@type\":\"ListItem\",\"position\":1,\"name\":\"Portada\",\"item\":\"https:\/\/fadeu.urantiacos.cl\/en\/\"},{\"@type\":\"ListItem\",\"position\":2,\"name\":\"Con conversatorio acerca de \u00abLa Ciudad (in)formal\u00bb, finaliz\u00f3 la visita de Edward Murphy a Chile, invitado por la profesora Macarena Ibarra\"}]},{\"@type\":\"WebSite\",\"@id\":\"https:\/\/fadeu.urantiacos.cl\/en\/#website\",\"url\":\"https:\/\/fadeu.urantiacos.cl\/en\/\",\"name\":\"Facultad de Arquitectura, Dise\u00f1o y Estudios Urbanos\",\"description\":\"Campus Lo Contador\",\"potentialAction\":[{\"@type\":\"SearchAction\",\"target\":{\"@type\":\"EntryPoint\",\"urlTemplate\":\"https:\/\/fadeu.urantiacos.cl\/en\/?s={search_term_string}\"},\"query-input\":{\"@type\":\"PropertyValueSpecification\",\"valueRequired\":true,\"valueName\":\"search_term_string\"}}],\"inLanguage\":\"en-US\"},{\"@type\":\"Person\",\"@id\":\"https:\/\/fadeu.urantiacos.cl\/en\/#\/schema\/person\/d203e2e84b1c40275eac77b3061a19a2\",\"name\":\"manadmin\",\"image\":{\"@type\":\"ImageObject\",\"inLanguage\":\"en-US\",\"@id\":\"https:\/\/fadeu.urantiacos.cl\/en\/#\/schema\/person\/image\/\",\"url\":\"https:\/\/secure.gravatar.com\/avatar\/4b1d8e3303b4a9d8968ac578947d8bc80d9aea359f388cdd4aac15cadc0e8447?s=96&d=mm&r=g\",\"contentUrl\":\"https:\/\/secure.gravatar.com\/avatar\/4b1d8e3303b4a9d8968ac578947d8bc80d9aea359f388cdd4aac15cadc0e8447?s=96&d=mm&r=g\",\"caption\":\"manadmin\"},\"sameAs\":[\"https:\/\/fadeu.urantiacos.cl\"]}]}<\/script>\n<!-- \/ Yoast SEO plugin. -->","yoast_head_json":{"title":"Con conversatorio acerca de \u00abLa Ciudad (in)formal\u00bb, finaliz\u00f3 la visita de Edward Murphy a Chile, invitado por la profesora Macarena Ibarra - Facultad de Arquitectura, Dise\u00f1o y Estudios Urbanos","description":"La Charla, titulada \u00abLa ciudad (in)formal: Los campamentos y el Estado chileno a fines de la d\u00e9cada de 1960\u00bb fue una de las actividades de cierre de la visita del investigador estadounidense, autor del libro \u00abFor a proper home: Housing Rights in the Margins of Urban Chile, 1960-2010\u00bb publicado el a\u00f1o 2015 y traducido al espa\u00f1ol por la editorial LOM el a\u00f1o 2021 bajo el t\u00edtulo: \u00abPor un hogar digno. El derecho a la vivienda en los m\u00e1rgenes de Santiago de Chile, 1960-2010\u00bb.","robots":{"index":"index","follow":"follow","max-snippet":"max-snippet:-1","max-image-preview":"max-image-preview:large","max-video-preview":"max-video-preview:-1"},"canonical":"https:\/\/fadeu.urantiacos.cl\/en\/2022\/08\/22\/con-conversatorio-acerca-de-la-ciudad-informal-finalizo-la-visita-de-edward-murphy-a-chile-invitado-por-la-profesora-macarena-ibarra\/","og_locale":"en_US","og_type":"article","og_title":"Con conversatorio acerca de \u00abLa Ciudad (in)formal\u00bb, finaliz\u00f3 la visita de Edward Murphy a Chile, invitado por la profesora Macarena Ibarra - Facultad de Arquitectura, Dise\u00f1o y Estudios Urbanos","og_description":"La Charla, titulada \u00abLa ciudad (in)formal: Los campamentos y el Estado chileno a fines de la d\u00e9cada de 1960\u00bb fue una de las actividades de cierre de la visita del investigador estadounidense, autor del libro \u00abFor a proper home: Housing Rights in the Margins of Urban Chile, 1960-2010\u00bb publicado el a\u00f1o 2015 y traducido al espa\u00f1ol por la editorial LOM el a\u00f1o 2021 bajo el t\u00edtulo: \u00abPor un hogar digno. El derecho a la vivienda en los m\u00e1rgenes de Santiago de Chile, 1960-2010\u00bb.","og_url":"https:\/\/fadeu.urantiacos.cl\/en\/2022\/08\/22\/con-conversatorio-acerca-de-la-ciudad-informal-finalizo-la-visita-de-edward-murphy-a-chile-invitado-por-la-profesora-macarena-ibarra\/","og_site_name":"Facultad de Arquitectura, Dise\u00f1o y Estudios Urbanos","article_published_time":"2022-08-23T01:11:00+00:00","article_modified_time":"2023-09-04T01:13:33+00:00","og_image":[{"width":350,"height":250,"url":"https:\/\/fadeu.urantiacos.cl\/wp-content\/uploads\/2023\/09\/web_IMG_4923-scaled-1.jpg","type":"image\/jpeg"}],"author":"manadmin","twitter_card":"summary_large_image","twitter_misc":{"Written by":"manadmin","Est. reading time":"4 minutes"},"schema":{"@context":"https:\/\/schema.org","@graph":[{"@type":"Article","@id":"https:\/\/fadeu.urantiacos.cl\/en\/2022\/08\/22\/con-conversatorio-acerca-de-la-ciudad-informal-finalizo-la-visita-de-edward-murphy-a-chile-invitado-por-la-profesora-macarena-ibarra\/#article","isPartOf":{"@id":"https:\/\/fadeu.urantiacos.cl\/en\/2022\/08\/22\/con-conversatorio-acerca-de-la-ciudad-informal-finalizo-la-visita-de-edward-murphy-a-chile-invitado-por-la-profesora-macarena-ibarra\/"},"author":{"name":"manadmin","@id":"https:\/\/fadeu.urantiacos.cl\/en\/#\/schema\/person\/d203e2e84b1c40275eac77b3061a19a2"},"headline":"Con conversatorio acerca de \u00abLa Ciudad (in)formal\u00bb, finaliz\u00f3 la visita de Edward Murphy a Chile, invitado por la profesora Macarena Ibarra","datePublished":"2022-08-23T01:11:00+00:00","dateModified":"2023-09-04T01:13:33+00:00","mainEntityOfPage":{"@id":"https:\/\/fadeu.urantiacos.cl\/en\/2022\/08\/22\/con-conversatorio-acerca-de-la-ciudad-informal-finalizo-la-visita-de-edward-murphy-a-chile-invitado-por-la-profesora-macarena-ibarra\/"},"wordCount":752,"commentCount":0,"image":{"@id":"https:\/\/fadeu.urantiacos.cl\/en\/2022\/08\/22\/con-conversatorio-acerca-de-la-ciudad-informal-finalizo-la-visita-de-edward-murphy-a-chile-invitado-por-la-profesora-macarena-ibarra\/#primaryimage"},"thumbnailUrl":"https:\/\/fadeu.urantiacos.cl\/wp-content\/uploads\/2023\/09\/web_IMG_4923-scaled-1.jpg","articleSection":["Sin categorizar"],"inLanguage":"en-US","potentialAction":[{"@type":"CommentAction","name":"Comment","target":["https:\/\/fadeu.urantiacos.cl\/en\/2022\/08\/22\/con-conversatorio-acerca-de-la-ciudad-informal-finalizo-la-visita-de-edward-murphy-a-chile-invitado-por-la-profesora-macarena-ibarra\/#respond"]}]},{"@type":"WebPage","@id":"https:\/\/fadeu.urantiacos.cl\/en\/2022\/08\/22\/con-conversatorio-acerca-de-la-ciudad-informal-finalizo-la-visita-de-edward-murphy-a-chile-invitado-por-la-profesora-macarena-ibarra\/","url":"https:\/\/fadeu.urantiacos.cl\/en\/2022\/08\/22\/con-conversatorio-acerca-de-la-ciudad-informal-finalizo-la-visita-de-edward-murphy-a-chile-invitado-por-la-profesora-macarena-ibarra\/","name":"Con conversatorio acerca de \u00abLa Ciudad (in)formal\u00bb, finaliz\u00f3 la visita de Edward Murphy a Chile, invitado por la profesora Macarena Ibarra - Facultad de Arquitectura, Dise\u00f1o y Estudios Urbanos","isPartOf":{"@id":"https:\/\/fadeu.urantiacos.cl\/en\/#website"},"primaryImageOfPage":{"@id":"https:\/\/fadeu.urantiacos.cl\/en\/2022\/08\/22\/con-conversatorio-acerca-de-la-ciudad-informal-finalizo-la-visita-de-edward-murphy-a-chile-invitado-por-la-profesora-macarena-ibarra\/#primaryimage"},"image":{"@id":"https:\/\/fadeu.urantiacos.cl\/en\/2022\/08\/22\/con-conversatorio-acerca-de-la-ciudad-informal-finalizo-la-visita-de-edward-murphy-a-chile-invitado-por-la-profesora-macarena-ibarra\/#primaryimage"},"thumbnailUrl":"https:\/\/fadeu.urantiacos.cl\/wp-content\/uploads\/2023\/09\/web_IMG_4923-scaled-1.jpg","datePublished":"2022-08-23T01:11:00+00:00","dateModified":"2023-09-04T01:13:33+00:00","author":{"@id":"https:\/\/fadeu.urantiacos.cl\/en\/#\/schema\/person\/d203e2e84b1c40275eac77b3061a19a2"},"description":"La Charla, titulada \u00abLa ciudad (in)formal: Los campamentos y el Estado chileno a fines de la d\u00e9cada de 1960\u00bb fue una de las actividades de cierre de la visita del investigador estadounidense, autor del libro \u00abFor a proper home: Housing Rights in the Margins of Urban Chile, 1960-2010\u00bb publicado el a\u00f1o 2015 y traducido al espa\u00f1ol por la editorial LOM el a\u00f1o 2021 bajo el t\u00edtulo: \u00abPor un hogar digno. El derecho a la vivienda en los m\u00e1rgenes de Santiago de Chile, 1960-2010\u00bb.","breadcrumb":{"@id":"https:\/\/fadeu.urantiacos.cl\/en\/2022\/08\/22\/con-conversatorio-acerca-de-la-ciudad-informal-finalizo-la-visita-de-edward-murphy-a-chile-invitado-por-la-profesora-macarena-ibarra\/#breadcrumb"},"inLanguage":"en-US","potentialAction":[{"@type":"ReadAction","target":["https:\/\/fadeu.urantiacos.cl\/en\/2022\/08\/22\/con-conversatorio-acerca-de-la-ciudad-informal-finalizo-la-visita-de-edward-murphy-a-chile-invitado-por-la-profesora-macarena-ibarra\/"]}]},{"@type":"ImageObject","inLanguage":"en-US","@id":"https:\/\/fadeu.urantiacos.cl\/en\/2022\/08\/22\/con-conversatorio-acerca-de-la-ciudad-informal-finalizo-la-visita-de-edward-murphy-a-chile-invitado-por-la-profesora-macarena-ibarra\/#primaryimage","url":"https:\/\/fadeu.urantiacos.cl\/wp-content\/uploads\/2023\/09\/web_IMG_4923-scaled-1.jpg","contentUrl":"https:\/\/fadeu.urantiacos.cl\/wp-content\/uploads\/2023\/09\/web_IMG_4923-scaled-1.jpg","width":350,"height":250},{"@type":"BreadcrumbList","@id":"https:\/\/fadeu.urantiacos.cl\/en\/2022\/08\/22\/con-conversatorio-acerca-de-la-ciudad-informal-finalizo-la-visita-de-edward-murphy-a-chile-invitado-por-la-profesora-macarena-ibarra\/#breadcrumb","itemListElement":[{"@type":"ListItem","position":1,"name":"Portada","item":"https:\/\/fadeu.urantiacos.cl\/en\/"},{"@type":"ListItem","position":2,"name":"Con conversatorio acerca de \u00abLa Ciudad (in)formal\u00bb, finaliz\u00f3 la visita de Edward Murphy a Chile, invitado por la profesora Macarena Ibarra"}]},{"@type":"WebSite","@id":"https:\/\/fadeu.urantiacos.cl\/en\/#website","url":"https:\/\/fadeu.urantiacos.cl\/en\/","name":"Facultad de Arquitectura, Dise\u00f1o y Estudios Urbanos","description":"Campus Lo Contador","potentialAction":[{"@type":"SearchAction","target":{"@type":"EntryPoint","urlTemplate":"https:\/\/fadeu.urantiacos.cl\/en\/?s={search_term_string}"},"query-input":{"@type":"PropertyValueSpecification","valueRequired":true,"valueName":"search_term_string"}}],"inLanguage":"en-US"},{"@type":"Person","@id":"https:\/\/fadeu.urantiacos.cl\/en\/#\/schema\/person\/d203e2e84b1c40275eac77b3061a19a2","name":"manadmin","image":{"@type":"ImageObject","inLanguage":"en-US","@id":"https:\/\/fadeu.urantiacos.cl\/en\/#\/schema\/person\/image\/","url":"https:\/\/secure.gravatar.com\/avatar\/4b1d8e3303b4a9d8968ac578947d8bc80d9aea359f388cdd4aac15cadc0e8447?s=96&d=mm&r=g","contentUrl":"https:\/\/secure.gravatar.com\/avatar\/4b1d8e3303b4a9d8968ac578947d8bc80d9aea359f388cdd4aac15cadc0e8447?s=96&d=mm&r=g","caption":"manadmin"},"sameAs":["https:\/\/fadeu.urantiacos.cl"]}]}},"_links":{"self":[{"href":"https:\/\/fadeu.urantiacos.cl\/en\/wp-json\/wp\/v2\/posts\/4318","targetHints":{"allow":["GET"]}}],"collection":[{"href":"https:\/\/fadeu.urantiacos.cl\/en\/wp-json\/wp\/v2\/posts"}],"about":[{"href":"https:\/\/fadeu.urantiacos.cl\/en\/wp-json\/wp\/v2\/types\/post"}],"author":[{"embeddable":true,"href":"https:\/\/fadeu.urantiacos.cl\/en\/wp-json\/wp\/v2\/users\/1"}],"replies":[{"embeddable":true,"href":"https:\/\/fadeu.urantiacos.cl\/en\/wp-json\/wp\/v2\/comments?post=4318"}],"version-history":[{"count":1,"href":"https:\/\/fadeu.urantiacos.cl\/en\/wp-json\/wp\/v2\/posts\/4318\/revisions"}],"predecessor-version":[{"id":4320,"href":"https:\/\/fadeu.urantiacos.cl\/en\/wp-json\/wp\/v2\/posts\/4318\/revisions\/4320"}],"wp:featuredmedia":[{"embeddable":true,"href":"https:\/\/fadeu.urantiacos.cl\/en\/wp-json\/wp\/v2\/media\/4319"}],"wp:attachment":[{"href":"https:\/\/fadeu.urantiacos.cl\/en\/wp-json\/wp\/v2\/media?parent=4318"}],"wp:term":[{"taxonomy":"category","embeddable":true,"href":"https:\/\/fadeu.urantiacos.cl\/en\/wp-json\/wp\/v2\/categories?post=4318"},{"taxonomy":"post_tag","embeddable":true,"href":"https:\/\/fadeu.urantiacos.cl\/en\/wp-json\/wp\/v2\/tags?post=4318"}],"curies":[{"name":"wp","href":"https:\/\/api.w.org\/{rel}","templated":true}]}}