{"id":4314,"date":"2022-08-22T22:06:00","date_gmt":"2022-08-23T01:06:00","guid":{"rendered":"https:\/\/fadeu.urantiacos.cl\/?p=4314"},"modified":"2023-09-03T22:09:17","modified_gmt":"2023-09-04T01:09:17","slug":"zinnia-silva-asume-la-jefatura-del-magister-en-diseno-avanzado-inaugurando-el-2-semestre","status":"publish","type":"post","link":"https:\/\/fadeu.urantiacos.cl\/en\/2022\/08\/22\/zinnia-silva-asume-la-jefatura-del-magister-en-diseno-avanzado-inaugurando-el-2-semestre\/","title":{"rendered":"Zinnia Silva asume la jefatura del Mag\u00edster en Dise\u00f1o Avanzado inaugurando el 2\u00b0 semestre"},"content":{"rendered":"\n<figure class=\"wp-block-image size-full\"><img decoding=\"async\" width=\"350\" height=\"250\" src=\"https:\/\/fadeu.urantiacos.cl\/wp-content\/uploads\/2023\/09\/WEB_WhatsApp-Image-2022-08-16-at-12.46.33-PM-4.jpg\" alt=\"\" class=\"wp-image-4315\" srcset=\"https:\/\/fadeu.urantiacos.cl\/wp-content\/uploads\/2023\/09\/WEB_WhatsApp-Image-2022-08-16-at-12.46.33-PM-4.jpg 350w, https:\/\/fadeu.urantiacos.cl\/wp-content\/uploads\/2023\/09\/WEB_WhatsApp-Image-2022-08-16-at-12.46.33-PM-4-300x214.jpg 300w\" sizes=\"(max-width: 350px) 100vw, 350px\" \/><\/figure>\n\n\n\n<p>En la oportunidad, Silva hizo alusi\u00f3n a su paso por la Escuela como estudiante de pregrado y al recorrido hasta llegar al MADA. Hoy, en la jefatura del programa y en un escenario complejo, explica que \u201c\u2026el Dise\u00f1o como disciplina est\u00e1 llamado a proponer soluciones innovadoras. Desde el MADA trabajaremos para consolidar un camino en esa l\u00ednea, aprovechando todo el potencial de nuestros estudiantes\u201d, destac\u00f3.<\/p>\n\n\n\n<p>Mateo Rubio, egresado del Magister, fue el encargado de la charla inaugural. Uno de los fundadores de&nbsp;<a href=\"https:\/\/www.cascarafoods.com\/pages\/conoce-cascara\">C\u00e1scara Food<\/a>, empresa cuyo prop\u00f3sito es el de aprovechar los deshechos alimentarios, para convertirlos en una nueva generaci\u00f3n de ingredientes sostenibles que rescatan los nutrientes contenidos ah\u00ed, desarroll\u00f3 una ponencia en relaci\u00f3n al food design.<\/p>\n\n\n\n<figure class=\"wp-block-image size-full\"><img decoding=\"async\" width=\"1024\" height=\"585\" src=\"https:\/\/fadeu.urantiacos.cl\/wp-content\/uploads\/2023\/09\/WhatsApp-Image-2022-08-16-at-12.46.33-PM-4.jpeg\" alt=\"\" class=\"wp-image-4316\" srcset=\"https:\/\/fadeu.urantiacos.cl\/wp-content\/uploads\/2023\/09\/WhatsApp-Image-2022-08-16-at-12.46.33-PM-4.jpeg 1024w, https:\/\/fadeu.urantiacos.cl\/wp-content\/uploads\/2023\/09\/WhatsApp-Image-2022-08-16-at-12.46.33-PM-4-300x171.jpeg 300w, https:\/\/fadeu.urantiacos.cl\/wp-content\/uploads\/2023\/09\/WhatsApp-Image-2022-08-16-at-12.46.33-PM-4-768x439.jpeg 768w\" sizes=\"(max-width: 1024px) 100vw, 1024px\" \/><\/figure>\n","protected":false},"excerpt":{"rendered":"<p>INFORMACI\u00d3N PERIOD\u00cdSTICA<br \/>\nESCUELA DE DISE\u00d1O UC <\/p>\n","protected":false},"author":1,"featured_media":4315,"comment_status":"open","ping_status":"open","sticky":false,"template":"","format":"standard","meta":{"_acf_changed":false,"footnotes":""},"categories":[1],"tags":[],"class_list":["post-4314","post","type-post","status-publish","format-standard","has-post-thumbnail","hentry","category-sin-categorizar"],"acf":[],"yoast_head":"<!-- This site is optimized with the Yoast SEO plugin v27.1.1 - https:\/\/yoast.com\/product\/yoast-seo-wordpress\/ -->\n<title>Zinnia Silva asume la jefatura del Mag\u00edster en Dise\u00f1o Avanzado inaugurando el 2\u00b0 semestre - Facultad de Arquitectura, Dise\u00f1o y Estudios Urbanos<\/title>\n<meta name=\"description\" content=\"INFORMACI\u00d3N PERIOD\u00cdSTICA ESCUELA DE DISE\u00d1O UC\" \/>\n<meta name=\"robots\" content=\"index, follow, max-snippet:-1, max-image-preview:large, max-video-preview:-1\" \/>\n<link rel=\"canonical\" href=\"https:\/\/fadeu.urantiacos.cl\/en\/2022\/08\/22\/zinnia-silva-asume-la-jefatura-del-magister-en-diseno-avanzado-inaugurando-el-2-semestre\/\" \/>\n<meta property=\"og:locale\" content=\"en_US\" \/>\n<meta property=\"og:type\" content=\"article\" \/>\n<meta property=\"og:title\" content=\"Zinnia Silva asume la jefatura del Mag\u00edster en Dise\u00f1o Avanzado inaugurando el 2\u00b0 semestre - Facultad de Arquitectura, Dise\u00f1o y Estudios Urbanos\" \/>\n<meta property=\"og:description\" content=\"INFORMACI\u00d3N PERIOD\u00cdSTICA ESCUELA DE DISE\u00d1O UC\" \/>\n<meta property=\"og:url\" content=\"https:\/\/fadeu.urantiacos.cl\/en\/2022\/08\/22\/zinnia-silva-asume-la-jefatura-del-magister-en-diseno-avanzado-inaugurando-el-2-semestre\/\" \/>\n<meta property=\"og:site_name\" content=\"Facultad de Arquitectura, Dise\u00f1o y Estudios Urbanos\" \/>\n<meta property=\"article:published_time\" content=\"2022-08-23T01:06:00+00:00\" \/>\n<meta property=\"article:modified_time\" content=\"2023-09-04T01:09:17+00:00\" \/>\n<meta property=\"og:image\" content=\"https:\/\/fadeu.urantiacos.cl\/wp-content\/uploads\/2023\/09\/WEB_WhatsApp-Image-2022-08-16-at-12.46.33-PM-4.jpg\" \/>\n\t<meta property=\"og:image:width\" content=\"350\" \/>\n\t<meta property=\"og:image:height\" content=\"250\" \/>\n\t<meta property=\"og:image:type\" content=\"image\/jpeg\" \/>\n<meta name=\"author\" content=\"manadmin\" \/>\n<meta name=\"twitter:card\" content=\"summary_large_image\" \/>\n<meta name=\"twitter:label1\" content=\"Written by\" \/>\n\t<meta name=\"twitter:data1\" content=\"manadmin\" \/>\n\t<meta name=\"twitter:label2\" content=\"Est. reading time\" \/>\n\t<meta name=\"twitter:data2\" content=\"1 minute\" \/>\n<script type=\"application\/ld+json\" class=\"yoast-schema-graph\">{\"@context\":\"https:\/\/schema.org\",\"@graph\":[{\"@type\":\"Article\",\"@id\":\"https:\/\/fadeu.urantiacos.cl\/en\/2022\/08\/22\/zinnia-silva-asume-la-jefatura-del-magister-en-diseno-avanzado-inaugurando-el-2-semestre\/#article\",\"isPartOf\":{\"@id\":\"https:\/\/fadeu.urantiacos.cl\/en\/2022\/08\/22\/zinnia-silva-asume-la-jefatura-del-magister-en-diseno-avanzado-inaugurando-el-2-semestre\/\"},\"author\":{\"name\":\"manadmin\",\"@id\":\"https:\/\/fadeu.urantiacos.cl\/en\/#\/schema\/person\/d203e2e84b1c40275eac77b3061a19a2\"},\"headline\":\"Zinnia Silva asume la jefatura del Mag\u00edster en Dise\u00f1o Avanzado inaugurando el 2\u00b0 semestre\",\"datePublished\":\"2022-08-23T01:06:00+00:00\",\"dateModified\":\"2023-09-04T01:09:17+00:00\",\"mainEntityOfPage\":{\"@id\":\"https:\/\/fadeu.urantiacos.cl\/en\/2022\/08\/22\/zinnia-silva-asume-la-jefatura-del-magister-en-diseno-avanzado-inaugurando-el-2-semestre\/\"},\"wordCount\":140,\"commentCount\":0,\"image\":{\"@id\":\"https:\/\/fadeu.urantiacos.cl\/en\/2022\/08\/22\/zinnia-silva-asume-la-jefatura-del-magister-en-diseno-avanzado-inaugurando-el-2-semestre\/#primaryimage\"},\"thumbnailUrl\":\"https:\/\/fadeu.urantiacos.cl\/wp-content\/uploads\/2023\/09\/WEB_WhatsApp-Image-2022-08-16-at-12.46.33-PM-4.jpg\",\"articleSection\":[\"Sin categorizar\"],\"inLanguage\":\"en-US\",\"potentialAction\":[{\"@type\":\"CommentAction\",\"name\":\"Comment\",\"target\":[\"https:\/\/fadeu.urantiacos.cl\/en\/2022\/08\/22\/zinnia-silva-asume-la-jefatura-del-magister-en-diseno-avanzado-inaugurando-el-2-semestre\/#respond\"]}]},{\"@type\":\"WebPage\",\"@id\":\"https:\/\/fadeu.urantiacos.cl\/en\/2022\/08\/22\/zinnia-silva-asume-la-jefatura-del-magister-en-diseno-avanzado-inaugurando-el-2-semestre\/\",\"url\":\"https:\/\/fadeu.urantiacos.cl\/en\/2022\/08\/22\/zinnia-silva-asume-la-jefatura-del-magister-en-diseno-avanzado-inaugurando-el-2-semestre\/\",\"name\":\"Zinnia Silva asume la jefatura del Mag\u00edster en Dise\u00f1o Avanzado inaugurando el 2\u00b0 semestre - Facultad de Arquitectura, Dise\u00f1o y Estudios Urbanos\",\"isPartOf\":{\"@id\":\"https:\/\/fadeu.urantiacos.cl\/en\/#website\"},\"primaryImageOfPage\":{\"@id\":\"https:\/\/fadeu.urantiacos.cl\/en\/2022\/08\/22\/zinnia-silva-asume-la-jefatura-del-magister-en-diseno-avanzado-inaugurando-el-2-semestre\/#primaryimage\"},\"image\":{\"@id\":\"https:\/\/fadeu.urantiacos.cl\/en\/2022\/08\/22\/zinnia-silva-asume-la-jefatura-del-magister-en-diseno-avanzado-inaugurando-el-2-semestre\/#primaryimage\"},\"thumbnailUrl\":\"https:\/\/fadeu.urantiacos.cl\/wp-content\/uploads\/2023\/09\/WEB_WhatsApp-Image-2022-08-16-at-12.46.33-PM-4.jpg\",\"datePublished\":\"2022-08-23T01:06:00+00:00\",\"dateModified\":\"2023-09-04T01:09:17+00:00\",\"author\":{\"@id\":\"https:\/\/fadeu.urantiacos.cl\/en\/#\/schema\/person\/d203e2e84b1c40275eac77b3061a19a2\"},\"description\":\"INFORMACI\u00d3N PERIOD\u00cdSTICA ESCUELA DE DISE\u00d1O UC\",\"breadcrumb\":{\"@id\":\"https:\/\/fadeu.urantiacos.cl\/en\/2022\/08\/22\/zinnia-silva-asume-la-jefatura-del-magister-en-diseno-avanzado-inaugurando-el-2-semestre\/#breadcrumb\"},\"inLanguage\":\"en-US\",\"potentialAction\":[{\"@type\":\"ReadAction\",\"target\":[\"https:\/\/fadeu.urantiacos.cl\/en\/2022\/08\/22\/zinnia-silva-asume-la-jefatura-del-magister-en-diseno-avanzado-inaugurando-el-2-semestre\/\"]}]},{\"@type\":\"ImageObject\",\"inLanguage\":\"en-US\",\"@id\":\"https:\/\/fadeu.urantiacos.cl\/en\/2022\/08\/22\/zinnia-silva-asume-la-jefatura-del-magister-en-diseno-avanzado-inaugurando-el-2-semestre\/#primaryimage\",\"url\":\"https:\/\/fadeu.urantiacos.cl\/wp-content\/uploads\/2023\/09\/WEB_WhatsApp-Image-2022-08-16-at-12.46.33-PM-4.jpg\",\"contentUrl\":\"https:\/\/fadeu.urantiacos.cl\/wp-content\/uploads\/2023\/09\/WEB_WhatsApp-Image-2022-08-16-at-12.46.33-PM-4.jpg\",\"width\":350,\"height\":250},{\"@type\":\"BreadcrumbList\",\"@id\":\"https:\/\/fadeu.urantiacos.cl\/en\/2022\/08\/22\/zinnia-silva-asume-la-jefatura-del-magister-en-diseno-avanzado-inaugurando-el-2-semestre\/#breadcrumb\",\"itemListElement\":[{\"@type\":\"ListItem\",\"position\":1,\"name\":\"Portada\",\"item\":\"https:\/\/fadeu.urantiacos.cl\/en\/\"},{\"@type\":\"ListItem\",\"position\":2,\"name\":\"Zinnia Silva asume la jefatura del Mag\u00edster en Dise\u00f1o Avanzado inaugurando el 2\u00b0 semestre\"}]},{\"@type\":\"WebSite\",\"@id\":\"https:\/\/fadeu.urantiacos.cl\/en\/#website\",\"url\":\"https:\/\/fadeu.urantiacos.cl\/en\/\",\"name\":\"Facultad de Arquitectura, Dise\u00f1o y Estudios Urbanos\",\"description\":\"Campus Lo Contador\",\"potentialAction\":[{\"@type\":\"SearchAction\",\"target\":{\"@type\":\"EntryPoint\",\"urlTemplate\":\"https:\/\/fadeu.urantiacos.cl\/en\/?s={search_term_string}\"},\"query-input\":{\"@type\":\"PropertyValueSpecification\",\"valueRequired\":true,\"valueName\":\"search_term_string\"}}],\"inLanguage\":\"en-US\"},{\"@type\":\"Person\",\"@id\":\"https:\/\/fadeu.urantiacos.cl\/en\/#\/schema\/person\/d203e2e84b1c40275eac77b3061a19a2\",\"name\":\"manadmin\",\"image\":{\"@type\":\"ImageObject\",\"inLanguage\":\"en-US\",\"@id\":\"https:\/\/fadeu.urantiacos.cl\/en\/#\/schema\/person\/image\/\",\"url\":\"https:\/\/secure.gravatar.com\/avatar\/4b1d8e3303b4a9d8968ac578947d8bc80d9aea359f388cdd4aac15cadc0e8447?s=96&d=mm&r=g\",\"contentUrl\":\"https:\/\/secure.gravatar.com\/avatar\/4b1d8e3303b4a9d8968ac578947d8bc80d9aea359f388cdd4aac15cadc0e8447?s=96&d=mm&r=g\",\"caption\":\"manadmin\"},\"sameAs\":[\"https:\/\/fadeu.urantiacos.cl\"]}]}<\/script>\n<!-- \/ Yoast SEO plugin. -->","yoast_head_json":{"title":"Zinnia Silva asume la jefatura del Mag\u00edster en Dise\u00f1o Avanzado inaugurando el 2\u00b0 semestre - Facultad de Arquitectura, Dise\u00f1o y Estudios Urbanos","description":"INFORMACI\u00d3N PERIOD\u00cdSTICA ESCUELA DE DISE\u00d1O UC","robots":{"index":"index","follow":"follow","max-snippet":"max-snippet:-1","max-image-preview":"max-image-preview:large","max-video-preview":"max-video-preview:-1"},"canonical":"https:\/\/fadeu.urantiacos.cl\/en\/2022\/08\/22\/zinnia-silva-asume-la-jefatura-del-magister-en-diseno-avanzado-inaugurando-el-2-semestre\/","og_locale":"en_US","og_type":"article","og_title":"Zinnia Silva asume la jefatura del Mag\u00edster en Dise\u00f1o Avanzado inaugurando el 2\u00b0 semestre - Facultad de Arquitectura, Dise\u00f1o y Estudios Urbanos","og_description":"INFORMACI\u00d3N PERIOD\u00cdSTICA ESCUELA DE DISE\u00d1O UC","og_url":"https:\/\/fadeu.urantiacos.cl\/en\/2022\/08\/22\/zinnia-silva-asume-la-jefatura-del-magister-en-diseno-avanzado-inaugurando-el-2-semestre\/","og_site_name":"Facultad de Arquitectura, Dise\u00f1o y Estudios Urbanos","article_published_time":"2022-08-23T01:06:00+00:00","article_modified_time":"2023-09-04T01:09:17+00:00","og_image":[{"width":350,"height":250,"url":"https:\/\/fadeu.urantiacos.cl\/wp-content\/uploads\/2023\/09\/WEB_WhatsApp-Image-2022-08-16-at-12.46.33-PM-4.jpg","type":"image\/jpeg"}],"author":"manadmin","twitter_card":"summary_large_image","twitter_misc":{"Written by":"manadmin","Est. reading time":"1 minute"},"schema":{"@context":"https:\/\/schema.org","@graph":[{"@type":"Article","@id":"https:\/\/fadeu.urantiacos.cl\/en\/2022\/08\/22\/zinnia-silva-asume-la-jefatura-del-magister-en-diseno-avanzado-inaugurando-el-2-semestre\/#article","isPartOf":{"@id":"https:\/\/fadeu.urantiacos.cl\/en\/2022\/08\/22\/zinnia-silva-asume-la-jefatura-del-magister-en-diseno-avanzado-inaugurando-el-2-semestre\/"},"author":{"name":"manadmin","@id":"https:\/\/fadeu.urantiacos.cl\/en\/#\/schema\/person\/d203e2e84b1c40275eac77b3061a19a2"},"headline":"Zinnia Silva asume la jefatura del Mag\u00edster en Dise\u00f1o Avanzado inaugurando el 2\u00b0 semestre","datePublished":"2022-08-23T01:06:00+00:00","dateModified":"2023-09-04T01:09:17+00:00","mainEntityOfPage":{"@id":"https:\/\/fadeu.urantiacos.cl\/en\/2022\/08\/22\/zinnia-silva-asume-la-jefatura-del-magister-en-diseno-avanzado-inaugurando-el-2-semestre\/"},"wordCount":140,"commentCount":0,"image":{"@id":"https:\/\/fadeu.urantiacos.cl\/en\/2022\/08\/22\/zinnia-silva-asume-la-jefatura-del-magister-en-diseno-avanzado-inaugurando-el-2-semestre\/#primaryimage"},"thumbnailUrl":"https:\/\/fadeu.urantiacos.cl\/wp-content\/uploads\/2023\/09\/WEB_WhatsApp-Image-2022-08-16-at-12.46.33-PM-4.jpg","articleSection":["Sin categorizar"],"inLanguage":"en-US","potentialAction":[{"@type":"CommentAction","name":"Comment","target":["https:\/\/fadeu.urantiacos.cl\/en\/2022\/08\/22\/zinnia-silva-asume-la-jefatura-del-magister-en-diseno-avanzado-inaugurando-el-2-semestre\/#respond"]}]},{"@type":"WebPage","@id":"https:\/\/fadeu.urantiacos.cl\/en\/2022\/08\/22\/zinnia-silva-asume-la-jefatura-del-magister-en-diseno-avanzado-inaugurando-el-2-semestre\/","url":"https:\/\/fadeu.urantiacos.cl\/en\/2022\/08\/22\/zinnia-silva-asume-la-jefatura-del-magister-en-diseno-avanzado-inaugurando-el-2-semestre\/","name":"Zinnia Silva asume la jefatura del Mag\u00edster en Dise\u00f1o Avanzado inaugurando el 2\u00b0 semestre - Facultad de Arquitectura, Dise\u00f1o y Estudios Urbanos","isPartOf":{"@id":"https:\/\/fadeu.urantiacos.cl\/en\/#website"},"primaryImageOfPage":{"@id":"https:\/\/fadeu.urantiacos.cl\/en\/2022\/08\/22\/zinnia-silva-asume-la-jefatura-del-magister-en-diseno-avanzado-inaugurando-el-2-semestre\/#primaryimage"},"image":{"@id":"https:\/\/fadeu.urantiacos.cl\/en\/2022\/08\/22\/zinnia-silva-asume-la-jefatura-del-magister-en-diseno-avanzado-inaugurando-el-2-semestre\/#primaryimage"},"thumbnailUrl":"https:\/\/fadeu.urantiacos.cl\/wp-content\/uploads\/2023\/09\/WEB_WhatsApp-Image-2022-08-16-at-12.46.33-PM-4.jpg","datePublished":"2022-08-23T01:06:00+00:00","dateModified":"2023-09-04T01:09:17+00:00","author":{"@id":"https:\/\/fadeu.urantiacos.cl\/en\/#\/schema\/person\/d203e2e84b1c40275eac77b3061a19a2"},"description":"INFORMACI\u00d3N PERIOD\u00cdSTICA ESCUELA DE DISE\u00d1O UC","breadcrumb":{"@id":"https:\/\/fadeu.urantiacos.cl\/en\/2022\/08\/22\/zinnia-silva-asume-la-jefatura-del-magister-en-diseno-avanzado-inaugurando-el-2-semestre\/#breadcrumb"},"inLanguage":"en-US","potentialAction":[{"@type":"ReadAction","target":["https:\/\/fadeu.urantiacos.cl\/en\/2022\/08\/22\/zinnia-silva-asume-la-jefatura-del-magister-en-diseno-avanzado-inaugurando-el-2-semestre\/"]}]},{"@type":"ImageObject","inLanguage":"en-US","@id":"https:\/\/fadeu.urantiacos.cl\/en\/2022\/08\/22\/zinnia-silva-asume-la-jefatura-del-magister-en-diseno-avanzado-inaugurando-el-2-semestre\/#primaryimage","url":"https:\/\/fadeu.urantiacos.cl\/wp-content\/uploads\/2023\/09\/WEB_WhatsApp-Image-2022-08-16-at-12.46.33-PM-4.jpg","contentUrl":"https:\/\/fadeu.urantiacos.cl\/wp-content\/uploads\/2023\/09\/WEB_WhatsApp-Image-2022-08-16-at-12.46.33-PM-4.jpg","width":350,"height":250},{"@type":"BreadcrumbList","@id":"https:\/\/fadeu.urantiacos.cl\/en\/2022\/08\/22\/zinnia-silva-asume-la-jefatura-del-magister-en-diseno-avanzado-inaugurando-el-2-semestre\/#breadcrumb","itemListElement":[{"@type":"ListItem","position":1,"name":"Portada","item":"https:\/\/fadeu.urantiacos.cl\/en\/"},{"@type":"ListItem","position":2,"name":"Zinnia Silva asume la jefatura del Mag\u00edster en Dise\u00f1o Avanzado inaugurando el 2\u00b0 semestre"}]},{"@type":"WebSite","@id":"https:\/\/fadeu.urantiacos.cl\/en\/#website","url":"https:\/\/fadeu.urantiacos.cl\/en\/","name":"Facultad de Arquitectura, Dise\u00f1o y Estudios Urbanos","description":"Campus Lo Contador","potentialAction":[{"@type":"SearchAction","target":{"@type":"EntryPoint","urlTemplate":"https:\/\/fadeu.urantiacos.cl\/en\/?s={search_term_string}"},"query-input":{"@type":"PropertyValueSpecification","valueRequired":true,"valueName":"search_term_string"}}],"inLanguage":"en-US"},{"@type":"Person","@id":"https:\/\/fadeu.urantiacos.cl\/en\/#\/schema\/person\/d203e2e84b1c40275eac77b3061a19a2","name":"manadmin","image":{"@type":"ImageObject","inLanguage":"en-US","@id":"https:\/\/fadeu.urantiacos.cl\/en\/#\/schema\/person\/image\/","url":"https:\/\/secure.gravatar.com\/avatar\/4b1d8e3303b4a9d8968ac578947d8bc80d9aea359f388cdd4aac15cadc0e8447?s=96&d=mm&r=g","contentUrl":"https:\/\/secure.gravatar.com\/avatar\/4b1d8e3303b4a9d8968ac578947d8bc80d9aea359f388cdd4aac15cadc0e8447?s=96&d=mm&r=g","caption":"manadmin"},"sameAs":["https:\/\/fadeu.urantiacos.cl"]}]}},"_links":{"self":[{"href":"https:\/\/fadeu.urantiacos.cl\/en\/wp-json\/wp\/v2\/posts\/4314","targetHints":{"allow":["GET"]}}],"collection":[{"href":"https:\/\/fadeu.urantiacos.cl\/en\/wp-json\/wp\/v2\/posts"}],"about":[{"href":"https:\/\/fadeu.urantiacos.cl\/en\/wp-json\/wp\/v2\/types\/post"}],"author":[{"embeddable":true,"href":"https:\/\/fadeu.urantiacos.cl\/en\/wp-json\/wp\/v2\/users\/1"}],"replies":[{"embeddable":true,"href":"https:\/\/fadeu.urantiacos.cl\/en\/wp-json\/wp\/v2\/comments?post=4314"}],"version-history":[{"count":1,"href":"https:\/\/fadeu.urantiacos.cl\/en\/wp-json\/wp\/v2\/posts\/4314\/revisions"}],"predecessor-version":[{"id":4317,"href":"https:\/\/fadeu.urantiacos.cl\/en\/wp-json\/wp\/v2\/posts\/4314\/revisions\/4317"}],"wp:featuredmedia":[{"embeddable":true,"href":"https:\/\/fadeu.urantiacos.cl\/en\/wp-json\/wp\/v2\/media\/4315"}],"wp:attachment":[{"href":"https:\/\/fadeu.urantiacos.cl\/en\/wp-json\/wp\/v2\/media?parent=4314"}],"wp:term":[{"taxonomy":"category","embeddable":true,"href":"https:\/\/fadeu.urantiacos.cl\/en\/wp-json\/wp\/v2\/categories?post=4314"},{"taxonomy":"post_tag","embeddable":true,"href":"https:\/\/fadeu.urantiacos.cl\/en\/wp-json\/wp\/v2\/tags?post=4314"}],"curies":[{"name":"wp","href":"https:\/\/api.w.org\/{rel}","templated":true}]}}