{"id":4310,"date":"2022-08-22T22:04:00","date_gmt":"2022-08-23T01:04:00","guid":{"rendered":"https:\/\/fadeu.urantiacos.cl\/?p=4310"},"modified":"2023-09-03T22:06:48","modified_gmt":"2023-09-04T01:06:48","slug":"tomas-vivanco-formo-parte-del-comite-cientifico-de-la-conferencia-post-carbon","status":"publish","type":"post","link":"https:\/\/fadeu.urantiacos.cl\/en\/2022\/08\/22\/tomas-vivanco-formo-parte-del-comite-cientifico-de-la-conferencia-post-carbon\/","title":{"rendered":"Tom\u00e1s Vivanco form\u00f3 parte del Comit\u00e9 Cient\u00edfico de la Conferencia Post-Carb\u00f3n"},"content":{"rendered":"\n<figure class=\"wp-block-image size-full\"><img decoding=\"async\" width=\"350\" height=\"250\" src=\"https:\/\/fadeu.urantiacos.cl\/wp-content\/uploads\/2023\/09\/Post-carbon_web.png\" alt=\"\" class=\"wp-image-4311\" srcset=\"https:\/\/fadeu.urantiacos.cl\/wp-content\/uploads\/2023\/09\/Post-carbon_web.png 350w, https:\/\/fadeu.urantiacos.cl\/wp-content\/uploads\/2023\/09\/Post-carbon_web-300x214.png 300w\" sizes=\"(max-width: 350px) 100vw, 350px\" \/><\/figure>\n\n\n\n<p><strong>Sobre la conferencia<\/strong><\/p>\n\n\n\n<p>CAADRIA2022 es la 27\u00aa Conferencia Internacional de la Asociaci\u00f3n para la Investigaci\u00f3n del Dise\u00f1o Arquitect\u00f3nico Asistido por Computadora en Asia. CAADRIA, fundada en 1996, es una organizaci\u00f3n sin fines de lucro que proporciona una plataforma para acad\u00e9micos y profesionales relacionados con el dise\u00f1o arquitect\u00f3nico asistido por computadora (CAAD) para compartir experiencias, mejores pr\u00e1cticas y resultados en educaci\u00f3n e investigaci\u00f3n en Asia y m\u00e1s all\u00e1.<\/p>\n\n\n\n<figure class=\"wp-block-image size-full\"><img decoding=\"async\" width=\"998\" height=\"499\" src=\"https:\/\/fadeu.urantiacos.cl\/wp-content\/uploads\/2023\/09\/Post-carbon.png\" alt=\"\" class=\"wp-image-4312\" srcset=\"https:\/\/fadeu.urantiacos.cl\/wp-content\/uploads\/2023\/09\/Post-carbon.png 998w, https:\/\/fadeu.urantiacos.cl\/wp-content\/uploads\/2023\/09\/Post-carbon-300x150.png 300w, https:\/\/fadeu.urantiacos.cl\/wp-content\/uploads\/2023\/09\/Post-carbon-768x384.png 768w\" sizes=\"(max-width: 998px) 100vw, 998px\" \/><\/figure>\n","protected":false},"excerpt":{"rendered":"<p>El profesor Tom\u00e1s Vivanco particip\u00f3 como miembro del comit\u00e9 cient\u00edfico de revisi\u00f3n de art\u00edculos de la conferencia Post-Carbon organizada por la Computer-Aided Architectural Design Research in Asia, organizada por la University of New South Wales, the University of Sydney y la  University of Technology Sydney.<br \/>\nEl profesor es miembro activo de esta asociaci\u00f3n cient\u00edfica desde el a\u00f1o 2019, que articula la red de investigaci\u00f3n en tecnolog\u00edas digitales de Asia.<\/p>\n","protected":false},"author":1,"featured_media":4311,"comment_status":"open","ping_status":"open","sticky":false,"template":"","format":"standard","meta":{"_acf_changed":false,"footnotes":""},"categories":[1],"tags":[],"class_list":["post-4310","post","type-post","status-publish","format-standard","has-post-thumbnail","hentry","category-sin-categorizar"],"acf":[],"yoast_head":"<!-- This site is optimized with the Yoast SEO plugin v27.1.1 - https:\/\/yoast.com\/product\/yoast-seo-wordpress\/ -->\n<title>Tom\u00e1s Vivanco form\u00f3 parte del Comit\u00e9 Cient\u00edfico de la Conferencia Post-Carb\u00f3n - Facultad de Arquitectura, Dise\u00f1o y Estudios Urbanos<\/title>\n<meta name=\"description\" content=\"El profesor Tom\u00e1s Vivanco particip\u00f3 como miembro del comit\u00e9 cient\u00edfico de revisi\u00f3n de art\u00edculos de la conferencia Post-Carbon organizada por la Computer-Aided Architectural Design Research in Asia, organizada por la University of New South Wales, the University of Sydney y la University of Technology Sydney. El profesor es miembro activo de esta asociaci\u00f3n cient\u00edfica desde el a\u00f1o 2019, que articula la red de investigaci\u00f3n en tecnolog\u00edas digitales de Asia.\" \/>\n<meta name=\"robots\" content=\"index, follow, max-snippet:-1, max-image-preview:large, max-video-preview:-1\" \/>\n<link rel=\"canonical\" href=\"https:\/\/fadeu.urantiacos.cl\/en\/2022\/08\/22\/tomas-vivanco-formo-parte-del-comite-cientifico-de-la-conferencia-post-carbon\/\" \/>\n<meta property=\"og:locale\" content=\"en_US\" \/>\n<meta property=\"og:type\" content=\"article\" \/>\n<meta property=\"og:title\" content=\"Tom\u00e1s Vivanco form\u00f3 parte del Comit\u00e9 Cient\u00edfico de la Conferencia Post-Carb\u00f3n - Facultad de Arquitectura, Dise\u00f1o y Estudios Urbanos\" \/>\n<meta property=\"og:description\" content=\"El profesor Tom\u00e1s Vivanco particip\u00f3 como miembro del comit\u00e9 cient\u00edfico de revisi\u00f3n de art\u00edculos de la conferencia Post-Carbon organizada por la Computer-Aided Architectural Design Research in Asia, organizada por la University of New South Wales, the University of Sydney y la University of Technology Sydney. El profesor es miembro activo de esta asociaci\u00f3n cient\u00edfica desde el a\u00f1o 2019, que articula la red de investigaci\u00f3n en tecnolog\u00edas digitales de Asia.\" \/>\n<meta property=\"og:url\" content=\"https:\/\/fadeu.urantiacos.cl\/en\/2022\/08\/22\/tomas-vivanco-formo-parte-del-comite-cientifico-de-la-conferencia-post-carbon\/\" \/>\n<meta property=\"og:site_name\" content=\"Facultad de Arquitectura, Dise\u00f1o y Estudios Urbanos\" \/>\n<meta property=\"article:published_time\" content=\"2022-08-23T01:04:00+00:00\" \/>\n<meta property=\"article:modified_time\" content=\"2023-09-04T01:06:48+00:00\" \/>\n<meta property=\"og:image\" content=\"https:\/\/fadeu.urantiacos.cl\/wp-content\/uploads\/2023\/09\/Post-carbon_web.png\" \/>\n\t<meta property=\"og:image:width\" content=\"350\" \/>\n\t<meta property=\"og:image:height\" content=\"250\" \/>\n\t<meta property=\"og:image:type\" content=\"image\/png\" \/>\n<meta name=\"author\" content=\"manadmin\" \/>\n<meta name=\"twitter:card\" content=\"summary_large_image\" \/>\n<meta name=\"twitter:label1\" content=\"Written by\" \/>\n\t<meta name=\"twitter:data1\" content=\"manadmin\" \/>\n<script type=\"application\/ld+json\" class=\"yoast-schema-graph\">{\"@context\":\"https:\/\/schema.org\",\"@graph\":[{\"@type\":\"Article\",\"@id\":\"https:\/\/fadeu.urantiacos.cl\/en\/2022\/08\/22\/tomas-vivanco-formo-parte-del-comite-cientifico-de-la-conferencia-post-carbon\/#article\",\"isPartOf\":{\"@id\":\"https:\/\/fadeu.urantiacos.cl\/en\/2022\/08\/22\/tomas-vivanco-formo-parte-del-comite-cientifico-de-la-conferencia-post-carbon\/\"},\"author\":{\"name\":\"manadmin\",\"@id\":\"https:\/\/fadeu.urantiacos.cl\/en\/#\/schema\/person\/d203e2e84b1c40275eac77b3061a19a2\"},\"headline\":\"Tom\u00e1s Vivanco form\u00f3 parte del Comit\u00e9 Cient\u00edfico de la Conferencia Post-Carb\u00f3n\",\"datePublished\":\"2022-08-23T01:04:00+00:00\",\"dateModified\":\"2023-09-04T01:06:48+00:00\",\"mainEntityOfPage\":{\"@id\":\"https:\/\/fadeu.urantiacos.cl\/en\/2022\/08\/22\/tomas-vivanco-formo-parte-del-comite-cientifico-de-la-conferencia-post-carbon\/\"},\"wordCount\":91,\"commentCount\":0,\"image\":{\"@id\":\"https:\/\/fadeu.urantiacos.cl\/en\/2022\/08\/22\/tomas-vivanco-formo-parte-del-comite-cientifico-de-la-conferencia-post-carbon\/#primaryimage\"},\"thumbnailUrl\":\"https:\/\/fadeu.urantiacos.cl\/wp-content\/uploads\/2023\/09\/Post-carbon_web.png\",\"articleSection\":[\"Sin categorizar\"],\"inLanguage\":\"en-US\",\"potentialAction\":[{\"@type\":\"CommentAction\",\"name\":\"Comment\",\"target\":[\"https:\/\/fadeu.urantiacos.cl\/en\/2022\/08\/22\/tomas-vivanco-formo-parte-del-comite-cientifico-de-la-conferencia-post-carbon\/#respond\"]}]},{\"@type\":\"WebPage\",\"@id\":\"https:\/\/fadeu.urantiacos.cl\/en\/2022\/08\/22\/tomas-vivanco-formo-parte-del-comite-cientifico-de-la-conferencia-post-carbon\/\",\"url\":\"https:\/\/fadeu.urantiacos.cl\/en\/2022\/08\/22\/tomas-vivanco-formo-parte-del-comite-cientifico-de-la-conferencia-post-carbon\/\",\"name\":\"Tom\u00e1s Vivanco form\u00f3 parte del Comit\u00e9 Cient\u00edfico de la Conferencia Post-Carb\u00f3n - Facultad de Arquitectura, Dise\u00f1o y Estudios Urbanos\",\"isPartOf\":{\"@id\":\"https:\/\/fadeu.urantiacos.cl\/en\/#website\"},\"primaryImageOfPage\":{\"@id\":\"https:\/\/fadeu.urantiacos.cl\/en\/2022\/08\/22\/tomas-vivanco-formo-parte-del-comite-cientifico-de-la-conferencia-post-carbon\/#primaryimage\"},\"image\":{\"@id\":\"https:\/\/fadeu.urantiacos.cl\/en\/2022\/08\/22\/tomas-vivanco-formo-parte-del-comite-cientifico-de-la-conferencia-post-carbon\/#primaryimage\"},\"thumbnailUrl\":\"https:\/\/fadeu.urantiacos.cl\/wp-content\/uploads\/2023\/09\/Post-carbon_web.png\",\"datePublished\":\"2022-08-23T01:04:00+00:00\",\"dateModified\":\"2023-09-04T01:06:48+00:00\",\"author\":{\"@id\":\"https:\/\/fadeu.urantiacos.cl\/en\/#\/schema\/person\/d203e2e84b1c40275eac77b3061a19a2\"},\"description\":\"El profesor Tom\u00e1s Vivanco particip\u00f3 como miembro del comit\u00e9 cient\u00edfico de revisi\u00f3n de art\u00edculos de la conferencia Post-Carbon organizada por la Computer-Aided Architectural Design Research in Asia, organizada por la University of New South Wales, the University of Sydney y la University of Technology Sydney. El profesor es miembro activo de esta asociaci\u00f3n cient\u00edfica desde el a\u00f1o 2019, que articula la red de investigaci\u00f3n en tecnolog\u00edas digitales de Asia.\",\"breadcrumb\":{\"@id\":\"https:\/\/fadeu.urantiacos.cl\/en\/2022\/08\/22\/tomas-vivanco-formo-parte-del-comite-cientifico-de-la-conferencia-post-carbon\/#breadcrumb\"},\"inLanguage\":\"en-US\",\"potentialAction\":[{\"@type\":\"ReadAction\",\"target\":[\"https:\/\/fadeu.urantiacos.cl\/en\/2022\/08\/22\/tomas-vivanco-formo-parte-del-comite-cientifico-de-la-conferencia-post-carbon\/\"]}]},{\"@type\":\"ImageObject\",\"inLanguage\":\"en-US\",\"@id\":\"https:\/\/fadeu.urantiacos.cl\/en\/2022\/08\/22\/tomas-vivanco-formo-parte-del-comite-cientifico-de-la-conferencia-post-carbon\/#primaryimage\",\"url\":\"https:\/\/fadeu.urantiacos.cl\/wp-content\/uploads\/2023\/09\/Post-carbon_web.png\",\"contentUrl\":\"https:\/\/fadeu.urantiacos.cl\/wp-content\/uploads\/2023\/09\/Post-carbon_web.png\",\"width\":350,\"height\":250},{\"@type\":\"BreadcrumbList\",\"@id\":\"https:\/\/fadeu.urantiacos.cl\/en\/2022\/08\/22\/tomas-vivanco-formo-parte-del-comite-cientifico-de-la-conferencia-post-carbon\/#breadcrumb\",\"itemListElement\":[{\"@type\":\"ListItem\",\"position\":1,\"name\":\"Portada\",\"item\":\"https:\/\/fadeu.urantiacos.cl\/en\/\"},{\"@type\":\"ListItem\",\"position\":2,\"name\":\"Tom\u00e1s Vivanco form\u00f3 parte del Comit\u00e9 Cient\u00edfico de la Conferencia Post-Carb\u00f3n\"}]},{\"@type\":\"WebSite\",\"@id\":\"https:\/\/fadeu.urantiacos.cl\/en\/#website\",\"url\":\"https:\/\/fadeu.urantiacos.cl\/en\/\",\"name\":\"Facultad de Arquitectura, Dise\u00f1o y Estudios Urbanos\",\"description\":\"Campus Lo Contador\",\"potentialAction\":[{\"@type\":\"SearchAction\",\"target\":{\"@type\":\"EntryPoint\",\"urlTemplate\":\"https:\/\/fadeu.urantiacos.cl\/en\/?s={search_term_string}\"},\"query-input\":{\"@type\":\"PropertyValueSpecification\",\"valueRequired\":true,\"valueName\":\"search_term_string\"}}],\"inLanguage\":\"en-US\"},{\"@type\":\"Person\",\"@id\":\"https:\/\/fadeu.urantiacos.cl\/en\/#\/schema\/person\/d203e2e84b1c40275eac77b3061a19a2\",\"name\":\"manadmin\",\"image\":{\"@type\":\"ImageObject\",\"inLanguage\":\"en-US\",\"@id\":\"https:\/\/fadeu.urantiacos.cl\/en\/#\/schema\/person\/image\/\",\"url\":\"https:\/\/secure.gravatar.com\/avatar\/4b1d8e3303b4a9d8968ac578947d8bc80d9aea359f388cdd4aac15cadc0e8447?s=96&d=mm&r=g\",\"contentUrl\":\"https:\/\/secure.gravatar.com\/avatar\/4b1d8e3303b4a9d8968ac578947d8bc80d9aea359f388cdd4aac15cadc0e8447?s=96&d=mm&r=g\",\"caption\":\"manadmin\"},\"sameAs\":[\"https:\/\/fadeu.urantiacos.cl\"]}]}<\/script>\n<!-- \/ Yoast SEO plugin. -->","yoast_head_json":{"title":"Tom\u00e1s Vivanco form\u00f3 parte del Comit\u00e9 Cient\u00edfico de la Conferencia Post-Carb\u00f3n - Facultad de Arquitectura, Dise\u00f1o y Estudios Urbanos","description":"El profesor Tom\u00e1s Vivanco particip\u00f3 como miembro del comit\u00e9 cient\u00edfico de revisi\u00f3n de art\u00edculos de la conferencia Post-Carbon organizada por la Computer-Aided Architectural Design Research in Asia, organizada por la University of New South Wales, the University of Sydney y la University of Technology Sydney. El profesor es miembro activo de esta asociaci\u00f3n cient\u00edfica desde el a\u00f1o 2019, que articula la red de investigaci\u00f3n en tecnolog\u00edas digitales de Asia.","robots":{"index":"index","follow":"follow","max-snippet":"max-snippet:-1","max-image-preview":"max-image-preview:large","max-video-preview":"max-video-preview:-1"},"canonical":"https:\/\/fadeu.urantiacos.cl\/en\/2022\/08\/22\/tomas-vivanco-formo-parte-del-comite-cientifico-de-la-conferencia-post-carbon\/","og_locale":"en_US","og_type":"article","og_title":"Tom\u00e1s Vivanco form\u00f3 parte del Comit\u00e9 Cient\u00edfico de la Conferencia Post-Carb\u00f3n - Facultad de Arquitectura, Dise\u00f1o y Estudios Urbanos","og_description":"El profesor Tom\u00e1s Vivanco particip\u00f3 como miembro del comit\u00e9 cient\u00edfico de revisi\u00f3n de art\u00edculos de la conferencia Post-Carbon organizada por la Computer-Aided Architectural Design Research in Asia, organizada por la University of New South Wales, the University of Sydney y la University of Technology Sydney. El profesor es miembro activo de esta asociaci\u00f3n cient\u00edfica desde el a\u00f1o 2019, que articula la red de investigaci\u00f3n en tecnolog\u00edas digitales de Asia.","og_url":"https:\/\/fadeu.urantiacos.cl\/en\/2022\/08\/22\/tomas-vivanco-formo-parte-del-comite-cientifico-de-la-conferencia-post-carbon\/","og_site_name":"Facultad de Arquitectura, Dise\u00f1o y Estudios Urbanos","article_published_time":"2022-08-23T01:04:00+00:00","article_modified_time":"2023-09-04T01:06:48+00:00","og_image":[{"width":350,"height":250,"url":"https:\/\/fadeu.urantiacos.cl\/wp-content\/uploads\/2023\/09\/Post-carbon_web.png","type":"image\/png"}],"author":"manadmin","twitter_card":"summary_large_image","twitter_misc":{"Written by":"manadmin"},"schema":{"@context":"https:\/\/schema.org","@graph":[{"@type":"Article","@id":"https:\/\/fadeu.urantiacos.cl\/en\/2022\/08\/22\/tomas-vivanco-formo-parte-del-comite-cientifico-de-la-conferencia-post-carbon\/#article","isPartOf":{"@id":"https:\/\/fadeu.urantiacos.cl\/en\/2022\/08\/22\/tomas-vivanco-formo-parte-del-comite-cientifico-de-la-conferencia-post-carbon\/"},"author":{"name":"manadmin","@id":"https:\/\/fadeu.urantiacos.cl\/en\/#\/schema\/person\/d203e2e84b1c40275eac77b3061a19a2"},"headline":"Tom\u00e1s Vivanco form\u00f3 parte del Comit\u00e9 Cient\u00edfico de la Conferencia Post-Carb\u00f3n","datePublished":"2022-08-23T01:04:00+00:00","dateModified":"2023-09-04T01:06:48+00:00","mainEntityOfPage":{"@id":"https:\/\/fadeu.urantiacos.cl\/en\/2022\/08\/22\/tomas-vivanco-formo-parte-del-comite-cientifico-de-la-conferencia-post-carbon\/"},"wordCount":91,"commentCount":0,"image":{"@id":"https:\/\/fadeu.urantiacos.cl\/en\/2022\/08\/22\/tomas-vivanco-formo-parte-del-comite-cientifico-de-la-conferencia-post-carbon\/#primaryimage"},"thumbnailUrl":"https:\/\/fadeu.urantiacos.cl\/wp-content\/uploads\/2023\/09\/Post-carbon_web.png","articleSection":["Sin categorizar"],"inLanguage":"en-US","potentialAction":[{"@type":"CommentAction","name":"Comment","target":["https:\/\/fadeu.urantiacos.cl\/en\/2022\/08\/22\/tomas-vivanco-formo-parte-del-comite-cientifico-de-la-conferencia-post-carbon\/#respond"]}]},{"@type":"WebPage","@id":"https:\/\/fadeu.urantiacos.cl\/en\/2022\/08\/22\/tomas-vivanco-formo-parte-del-comite-cientifico-de-la-conferencia-post-carbon\/","url":"https:\/\/fadeu.urantiacos.cl\/en\/2022\/08\/22\/tomas-vivanco-formo-parte-del-comite-cientifico-de-la-conferencia-post-carbon\/","name":"Tom\u00e1s Vivanco form\u00f3 parte del Comit\u00e9 Cient\u00edfico de la Conferencia Post-Carb\u00f3n - Facultad de Arquitectura, Dise\u00f1o y Estudios Urbanos","isPartOf":{"@id":"https:\/\/fadeu.urantiacos.cl\/en\/#website"},"primaryImageOfPage":{"@id":"https:\/\/fadeu.urantiacos.cl\/en\/2022\/08\/22\/tomas-vivanco-formo-parte-del-comite-cientifico-de-la-conferencia-post-carbon\/#primaryimage"},"image":{"@id":"https:\/\/fadeu.urantiacos.cl\/en\/2022\/08\/22\/tomas-vivanco-formo-parte-del-comite-cientifico-de-la-conferencia-post-carbon\/#primaryimage"},"thumbnailUrl":"https:\/\/fadeu.urantiacos.cl\/wp-content\/uploads\/2023\/09\/Post-carbon_web.png","datePublished":"2022-08-23T01:04:00+00:00","dateModified":"2023-09-04T01:06:48+00:00","author":{"@id":"https:\/\/fadeu.urantiacos.cl\/en\/#\/schema\/person\/d203e2e84b1c40275eac77b3061a19a2"},"description":"El profesor Tom\u00e1s Vivanco particip\u00f3 como miembro del comit\u00e9 cient\u00edfico de revisi\u00f3n de art\u00edculos de la conferencia Post-Carbon organizada por la Computer-Aided Architectural Design Research in Asia, organizada por la University of New South Wales, the University of Sydney y la University of Technology Sydney. El profesor es miembro activo de esta asociaci\u00f3n cient\u00edfica desde el a\u00f1o 2019, que articula la red de investigaci\u00f3n en tecnolog\u00edas digitales de Asia.","breadcrumb":{"@id":"https:\/\/fadeu.urantiacos.cl\/en\/2022\/08\/22\/tomas-vivanco-formo-parte-del-comite-cientifico-de-la-conferencia-post-carbon\/#breadcrumb"},"inLanguage":"en-US","potentialAction":[{"@type":"ReadAction","target":["https:\/\/fadeu.urantiacos.cl\/en\/2022\/08\/22\/tomas-vivanco-formo-parte-del-comite-cientifico-de-la-conferencia-post-carbon\/"]}]},{"@type":"ImageObject","inLanguage":"en-US","@id":"https:\/\/fadeu.urantiacos.cl\/en\/2022\/08\/22\/tomas-vivanco-formo-parte-del-comite-cientifico-de-la-conferencia-post-carbon\/#primaryimage","url":"https:\/\/fadeu.urantiacos.cl\/wp-content\/uploads\/2023\/09\/Post-carbon_web.png","contentUrl":"https:\/\/fadeu.urantiacos.cl\/wp-content\/uploads\/2023\/09\/Post-carbon_web.png","width":350,"height":250},{"@type":"BreadcrumbList","@id":"https:\/\/fadeu.urantiacos.cl\/en\/2022\/08\/22\/tomas-vivanco-formo-parte-del-comite-cientifico-de-la-conferencia-post-carbon\/#breadcrumb","itemListElement":[{"@type":"ListItem","position":1,"name":"Portada","item":"https:\/\/fadeu.urantiacos.cl\/en\/"},{"@type":"ListItem","position":2,"name":"Tom\u00e1s Vivanco form\u00f3 parte del Comit\u00e9 Cient\u00edfico de la Conferencia Post-Carb\u00f3n"}]},{"@type":"WebSite","@id":"https:\/\/fadeu.urantiacos.cl\/en\/#website","url":"https:\/\/fadeu.urantiacos.cl\/en\/","name":"Facultad de Arquitectura, Dise\u00f1o y Estudios Urbanos","description":"Campus Lo Contador","potentialAction":[{"@type":"SearchAction","target":{"@type":"EntryPoint","urlTemplate":"https:\/\/fadeu.urantiacos.cl\/en\/?s={search_term_string}"},"query-input":{"@type":"PropertyValueSpecification","valueRequired":true,"valueName":"search_term_string"}}],"inLanguage":"en-US"},{"@type":"Person","@id":"https:\/\/fadeu.urantiacos.cl\/en\/#\/schema\/person\/d203e2e84b1c40275eac77b3061a19a2","name":"manadmin","image":{"@type":"ImageObject","inLanguage":"en-US","@id":"https:\/\/fadeu.urantiacos.cl\/en\/#\/schema\/person\/image\/","url":"https:\/\/secure.gravatar.com\/avatar\/4b1d8e3303b4a9d8968ac578947d8bc80d9aea359f388cdd4aac15cadc0e8447?s=96&d=mm&r=g","contentUrl":"https:\/\/secure.gravatar.com\/avatar\/4b1d8e3303b4a9d8968ac578947d8bc80d9aea359f388cdd4aac15cadc0e8447?s=96&d=mm&r=g","caption":"manadmin"},"sameAs":["https:\/\/fadeu.urantiacos.cl"]}]}},"_links":{"self":[{"href":"https:\/\/fadeu.urantiacos.cl\/en\/wp-json\/wp\/v2\/posts\/4310","targetHints":{"allow":["GET"]}}],"collection":[{"href":"https:\/\/fadeu.urantiacos.cl\/en\/wp-json\/wp\/v2\/posts"}],"about":[{"href":"https:\/\/fadeu.urantiacos.cl\/en\/wp-json\/wp\/v2\/types\/post"}],"author":[{"embeddable":true,"href":"https:\/\/fadeu.urantiacos.cl\/en\/wp-json\/wp\/v2\/users\/1"}],"replies":[{"embeddable":true,"href":"https:\/\/fadeu.urantiacos.cl\/en\/wp-json\/wp\/v2\/comments?post=4310"}],"version-history":[{"count":1,"href":"https:\/\/fadeu.urantiacos.cl\/en\/wp-json\/wp\/v2\/posts\/4310\/revisions"}],"predecessor-version":[{"id":4313,"href":"https:\/\/fadeu.urantiacos.cl\/en\/wp-json\/wp\/v2\/posts\/4310\/revisions\/4313"}],"wp:featuredmedia":[{"embeddable":true,"href":"https:\/\/fadeu.urantiacos.cl\/en\/wp-json\/wp\/v2\/media\/4311"}],"wp:attachment":[{"href":"https:\/\/fadeu.urantiacos.cl\/en\/wp-json\/wp\/v2\/media?parent=4310"}],"wp:term":[{"taxonomy":"category","embeddable":true,"href":"https:\/\/fadeu.urantiacos.cl\/en\/wp-json\/wp\/v2\/categories?post=4310"},{"taxonomy":"post_tag","embeddable":true,"href":"https:\/\/fadeu.urantiacos.cl\/en\/wp-json\/wp\/v2\/tags?post=4310"}],"curies":[{"name":"wp","href":"https:\/\/api.w.org\/{rel}","templated":true}]}}