{"id":4296,"date":"2022-08-24T21:55:00","date_gmt":"2022-08-25T00:55:00","guid":{"rendered":"https:\/\/fadeu.urantiacos.cl\/?p=4296"},"modified":"2023-09-03T21:57:18","modified_gmt":"2023-09-04T00:57:18","slug":"maria-luisa-mendez-participo-como-keynote-speaker-en-rc21-ordinary-cities-in-exceptional-times-en-atenas","status":"publish","type":"post","link":"https:\/\/fadeu.urantiacos.cl\/en\/2022\/08\/24\/maria-luisa-mendez-participo-como-keynote-speaker-en-rc21-ordinary-cities-in-exceptional-times-en-atenas\/","title":{"rendered":"Mar\u00eda Luisa M\u00e9ndez particip\u00f3 como Keynote Speaker en RC21 \u201cOrdinary Cities in Exceptional Times\u201d en Atenas"},"content":{"rendered":"\n<figure class=\"wp-block-image size-full\"><img decoding=\"async\" width=\"350\" height=\"250\" src=\"https:\/\/fadeu.urantiacos.cl\/wp-content\/uploads\/2023\/09\/WEB_20220824_162309-1536x2048-1.jpg\" alt=\"\" class=\"wp-image-4297\" srcset=\"https:\/\/fadeu.urantiacos.cl\/wp-content\/uploads\/2023\/09\/WEB_20220824_162309-1536x2048-1.jpg 350w, https:\/\/fadeu.urantiacos.cl\/wp-content\/uploads\/2023\/09\/WEB_20220824_162309-1536x2048-1-300x214.jpg 300w\" sizes=\"(max-width: 350px) 100vw, 350px\" \/><\/figure>\n\n\n\n<p>RC21 tiene como tema central los estudios de&nbsp;Desarrollo Urbano y Regional de la&nbsp;<a href=\"https:\/\/www.isa-sociology.org\/en\" target=\"_blank\" rel=\"noreferrer noopener\">Asociaci\u00f3n Internacional de Sociolog\u00eda<\/a>, la que fue establecida en 1970 para promover la teor\u00eda e investigaci\u00f3n en estos campos, creando una comunidad internacional de acad\u00e9micos que estudian esta \u00e1rea.<\/p>\n\n\n\n<p>La conferencia de este a\u00f1o llev\u00f3 el tema \u201cCiudades ordinarias -o comunes- en tiempos extraordinarios\u201d y sus paneles estuvieron compuestos por importantes representantes de la disciplina de la Planificaci\u00f3n y los Estudios Urbanos a escala global. Convoc\u00f3 a discutir sobre las formas en que las ciudades ordinarias pueden estar atravesando momentos percibidos como excepcionales, particularmente a lo largo de las m\u00faltiples crisis sanitarias, ambientales, econ\u00f3micas y pol\u00edticas actuales.<\/p>\n\n\n\n<p>Bajo este marco, M\u00e9ndez present\u00f3 el primer d\u00eda y en el panel que inauguraba las sesiones, llamado: \u201cCuestionando lo ordinario y lo excepcional en las crisis\u201d&nbsp;la ponencia: \u201cCiudades y barrios como espacios de pelea\u201d en la que tom\u00f3 como caso los conflictos urbanos como un \u00e1rea particular de investigaci\u00f3n en estudios urbanos, tratando de conectarlo con formas matizadas de ver lo ordinario y lo excepcional.&nbsp;Ofreciendo a la audiencia una visi\u00f3n general de su campo de estudio, la Directora de&nbsp;<a href=\"http:\/\/coes.cl\/\" target=\"_blank\" rel=\"noreferrer noopener\">COES<\/a>, reflexion\u00f3 sobre la \u201cnormalizaci\u00f3n de las crisis\u201d y hasta qu\u00e9 punto los diferentes conflictos pueden o no ser vistos como excepcionales para volverse ordinarios o corrientes.<\/p>\n\n\n\n<p>\u201cLos conflictos urbanos han ofrecido una lente para explorar las contradicciones y los da\u00f1os inherentes al neoliberalismo y\/o la globalizaci\u00f3n. A nivel macrosocial, los conflictos urbanos se han relacionado ampliamente con las desigualdades sociales, la segregaci\u00f3n, las pol\u00edticas de regeneraci\u00f3n, la crisis de la vivienda, la gentrificaci\u00f3n, la crisis medioambiental o el declive econ\u00f3mico(\u2026)contribuciones indagan en las luchas contra el desplazamiento social y espacial o la descalificaci\u00f3n territorial, destacando tambi\u00e9n la relevancia de comprender m\u00e1s profundamente la importancia de la ubicaci\u00f3n y la defensa del lugar propio o de clase, en las ciudades contempor\u00e1neas. Esto ha sido particularmente relevante para profundizar en las nuevas demandas de vivienda de los grupos desfavorecidos, pero tambi\u00e9n de las clases medias y bajas, en particular la relacionada con la vivienda digna y nuevos pobladores\u201d, se\u00f1al\u00f3 en su presentaci\u00f3n.<\/p>\n\n\n\n<p>Luego de puntualizar sobre los conflictos urbanos a nivel macro y micro, M\u00e9ndez se refiri\u00f3 al&nbsp;caso de Chile&nbsp;como un ejemplo de pa\u00eds en el cual el capitalismo ha sido un marco estructural en el que se desarrolla el urbanismo neoliberal y que ha hecho posible una confluencia de estrategias interclasistas de oposici\u00f3n, donde se han hecho acciones contra la densificaci\u00f3n de las clases medias y trabajadoras. Desde \u00e9stos grupos encontramos, expuso Mar\u00eda Luisa M\u00e9ndez, acciones para asegurar el patrimonio en barrios hist\u00f3ricos, la no demolici\u00f3n de casas antiguas, sostenibilidad; entre otros.<\/p>\n\n\n\n<p>Podemos encontrarnos que las crisis traigan m\u00e1s que momentos de conflictos urbanos, formas inesperadas de participaci\u00f3n y resistencia ciudadana. Post pandemia hubo un aumento de vulnerabilidad, pero tambi\u00e9n de acumulaci\u00f3n de riqueza; por lo que incorporar una visi\u00f3n m\u00e1s din\u00e1micas de las estructuras sociales se vuelve crucial. \u201cEn este sentido, tal vez podr\u00edamos pensar en los conflictos urbanos m\u00e1s como una forma com\u00fan y compartida de acci\u00f3n productiva y transformadora y menos como una forma excepcional de perturbaci\u00f3n\u201d, concluy\u00f3.<\/p>\n\n\n\n<p>INFORMACI\u00d3N PERIOD\u00cdSTICA<br>INSTITUTO DE ESTUDIOS URBANOS&nbsp;<\/p>\n","protected":false},"excerpt":{"rendered":"<p>La Investigadora IEUT y directora del Centro de Estudios de Conflicto y Cohesi\u00f3n Social (COES), Mar\u00eda Luisa M\u00e9ndez, particip\u00f3 ayer como Keynote Speaker en la Conferencia de RC21, que se realiz\u00f3 entre el 24 y el 26 de agosto en Atenas, Grecia.<\/p>\n","protected":false},"author":1,"featured_media":4297,"comment_status":"open","ping_status":"open","sticky":false,"template":"","format":"standard","meta":{"_acf_changed":false,"footnotes":""},"categories":[1],"tags":[],"class_list":["post-4296","post","type-post","status-publish","format-standard","has-post-thumbnail","hentry","category-sin-categorizar"],"acf":[],"yoast_head":"<!-- This site is optimized with the Yoast SEO plugin v27.1.1 - https:\/\/yoast.com\/product\/yoast-seo-wordpress\/ -->\n<title>Mar\u00eda Luisa M\u00e9ndez particip\u00f3 como Keynote Speaker en RC21 \u201cOrdinary Cities in Exceptional Times\u201d en Atenas - Facultad de Arquitectura, Dise\u00f1o y Estudios Urbanos<\/title>\n<meta name=\"description\" content=\"La Investigadora IEUT y directora del Centro de Estudios de Conflicto y Cohesi\u00f3n Social (COES), Mar\u00eda Luisa M\u00e9ndez, particip\u00f3 ayer como Keynote Speaker en la Conferencia de RC21, que se realiz\u00f3 entre el 24 y el 26 de agosto en Atenas, Grecia.\" \/>\n<meta name=\"robots\" content=\"index, follow, max-snippet:-1, max-image-preview:large, max-video-preview:-1\" \/>\n<link rel=\"canonical\" href=\"https:\/\/fadeu.urantiacos.cl\/en\/2022\/08\/24\/maria-luisa-mendez-participo-como-keynote-speaker-en-rc21-ordinary-cities-in-exceptional-times-en-atenas\/\" \/>\n<meta property=\"og:locale\" content=\"en_US\" \/>\n<meta property=\"og:type\" content=\"article\" \/>\n<meta property=\"og:title\" content=\"Mar\u00eda Luisa M\u00e9ndez particip\u00f3 como Keynote Speaker en RC21 \u201cOrdinary Cities in Exceptional Times\u201d en Atenas - Facultad de Arquitectura, Dise\u00f1o y Estudios Urbanos\" \/>\n<meta property=\"og:description\" content=\"La Investigadora IEUT y directora del Centro de Estudios de Conflicto y Cohesi\u00f3n Social (COES), Mar\u00eda Luisa M\u00e9ndez, particip\u00f3 ayer como Keynote Speaker en la Conferencia de RC21, que se realiz\u00f3 entre el 24 y el 26 de agosto en Atenas, Grecia.\" \/>\n<meta property=\"og:url\" content=\"https:\/\/fadeu.urantiacos.cl\/en\/2022\/08\/24\/maria-luisa-mendez-participo-como-keynote-speaker-en-rc21-ordinary-cities-in-exceptional-times-en-atenas\/\" \/>\n<meta property=\"og:site_name\" content=\"Facultad de Arquitectura, Dise\u00f1o y Estudios Urbanos\" \/>\n<meta property=\"article:published_time\" content=\"2022-08-25T00:55:00+00:00\" \/>\n<meta property=\"article:modified_time\" content=\"2023-09-04T00:57:18+00:00\" \/>\n<meta property=\"og:image\" content=\"https:\/\/fadeu.urantiacos.cl\/wp-content\/uploads\/2023\/09\/WEB_20220824_162309-1536x2048-1.jpg\" \/>\n\t<meta property=\"og:image:width\" content=\"350\" \/>\n\t<meta property=\"og:image:height\" content=\"250\" \/>\n\t<meta property=\"og:image:type\" content=\"image\/jpeg\" \/>\n<meta name=\"author\" content=\"manadmin\" \/>\n<meta name=\"twitter:card\" content=\"summary_large_image\" \/>\n<meta name=\"twitter:label1\" content=\"Written by\" \/>\n\t<meta name=\"twitter:data1\" content=\"manadmin\" \/>\n\t<meta name=\"twitter:label2\" content=\"Est. reading time\" \/>\n\t<meta name=\"twitter:data2\" content=\"3 minutes\" \/>\n<script type=\"application\/ld+json\" class=\"yoast-schema-graph\">{\"@context\":\"https:\/\/schema.org\",\"@graph\":[{\"@type\":\"Article\",\"@id\":\"https:\/\/fadeu.urantiacos.cl\/en\/2022\/08\/24\/maria-luisa-mendez-participo-como-keynote-speaker-en-rc21-ordinary-cities-in-exceptional-times-en-atenas\/#article\",\"isPartOf\":{\"@id\":\"https:\/\/fadeu.urantiacos.cl\/en\/2022\/08\/24\/maria-luisa-mendez-participo-como-keynote-speaker-en-rc21-ordinary-cities-in-exceptional-times-en-atenas\/\"},\"author\":{\"name\":\"manadmin\",\"@id\":\"https:\/\/fadeu.urantiacos.cl\/en\/#\/schema\/person\/d203e2e84b1c40275eac77b3061a19a2\"},\"headline\":\"Mar\u00eda Luisa M\u00e9ndez particip\u00f3 como Keynote Speaker en RC21 \u201cOrdinary Cities in Exceptional Times\u201d en Atenas\",\"datePublished\":\"2022-08-25T00:55:00+00:00\",\"dateModified\":\"2023-09-04T00:57:18+00:00\",\"mainEntityOfPage\":{\"@id\":\"https:\/\/fadeu.urantiacos.cl\/en\/2022\/08\/24\/maria-luisa-mendez-participo-como-keynote-speaker-en-rc21-ordinary-cities-in-exceptional-times-en-atenas\/\"},\"wordCount\":609,\"commentCount\":0,\"image\":{\"@id\":\"https:\/\/fadeu.urantiacos.cl\/en\/2022\/08\/24\/maria-luisa-mendez-participo-como-keynote-speaker-en-rc21-ordinary-cities-in-exceptional-times-en-atenas\/#primaryimage\"},\"thumbnailUrl\":\"https:\/\/fadeu.urantiacos.cl\/wp-content\/uploads\/2023\/09\/WEB_20220824_162309-1536x2048-1.jpg\",\"articleSection\":[\"Sin categorizar\"],\"inLanguage\":\"en-US\",\"potentialAction\":[{\"@type\":\"CommentAction\",\"name\":\"Comment\",\"target\":[\"https:\/\/fadeu.urantiacos.cl\/en\/2022\/08\/24\/maria-luisa-mendez-participo-como-keynote-speaker-en-rc21-ordinary-cities-in-exceptional-times-en-atenas\/#respond\"]}]},{\"@type\":\"WebPage\",\"@id\":\"https:\/\/fadeu.urantiacos.cl\/en\/2022\/08\/24\/maria-luisa-mendez-participo-como-keynote-speaker-en-rc21-ordinary-cities-in-exceptional-times-en-atenas\/\",\"url\":\"https:\/\/fadeu.urantiacos.cl\/en\/2022\/08\/24\/maria-luisa-mendez-participo-como-keynote-speaker-en-rc21-ordinary-cities-in-exceptional-times-en-atenas\/\",\"name\":\"Mar\u00eda Luisa M\u00e9ndez particip\u00f3 como Keynote Speaker en RC21 \u201cOrdinary Cities in Exceptional Times\u201d en Atenas - Facultad de Arquitectura, Dise\u00f1o y Estudios Urbanos\",\"isPartOf\":{\"@id\":\"https:\/\/fadeu.urantiacos.cl\/en\/#website\"},\"primaryImageOfPage\":{\"@id\":\"https:\/\/fadeu.urantiacos.cl\/en\/2022\/08\/24\/maria-luisa-mendez-participo-como-keynote-speaker-en-rc21-ordinary-cities-in-exceptional-times-en-atenas\/#primaryimage\"},\"image\":{\"@id\":\"https:\/\/fadeu.urantiacos.cl\/en\/2022\/08\/24\/maria-luisa-mendez-participo-como-keynote-speaker-en-rc21-ordinary-cities-in-exceptional-times-en-atenas\/#primaryimage\"},\"thumbnailUrl\":\"https:\/\/fadeu.urantiacos.cl\/wp-content\/uploads\/2023\/09\/WEB_20220824_162309-1536x2048-1.jpg\",\"datePublished\":\"2022-08-25T00:55:00+00:00\",\"dateModified\":\"2023-09-04T00:57:18+00:00\",\"author\":{\"@id\":\"https:\/\/fadeu.urantiacos.cl\/en\/#\/schema\/person\/d203e2e84b1c40275eac77b3061a19a2\"},\"description\":\"La Investigadora IEUT y directora del Centro de Estudios de Conflicto y Cohesi\u00f3n Social (COES), Mar\u00eda Luisa M\u00e9ndez, particip\u00f3 ayer como Keynote Speaker en la Conferencia de RC21, que se realiz\u00f3 entre el 24 y el 26 de agosto en Atenas, Grecia.\",\"breadcrumb\":{\"@id\":\"https:\/\/fadeu.urantiacos.cl\/en\/2022\/08\/24\/maria-luisa-mendez-participo-como-keynote-speaker-en-rc21-ordinary-cities-in-exceptional-times-en-atenas\/#breadcrumb\"},\"inLanguage\":\"en-US\",\"potentialAction\":[{\"@type\":\"ReadAction\",\"target\":[\"https:\/\/fadeu.urantiacos.cl\/en\/2022\/08\/24\/maria-luisa-mendez-participo-como-keynote-speaker-en-rc21-ordinary-cities-in-exceptional-times-en-atenas\/\"]}]},{\"@type\":\"ImageObject\",\"inLanguage\":\"en-US\",\"@id\":\"https:\/\/fadeu.urantiacos.cl\/en\/2022\/08\/24\/maria-luisa-mendez-participo-como-keynote-speaker-en-rc21-ordinary-cities-in-exceptional-times-en-atenas\/#primaryimage\",\"url\":\"https:\/\/fadeu.urantiacos.cl\/wp-content\/uploads\/2023\/09\/WEB_20220824_162309-1536x2048-1.jpg\",\"contentUrl\":\"https:\/\/fadeu.urantiacos.cl\/wp-content\/uploads\/2023\/09\/WEB_20220824_162309-1536x2048-1.jpg\",\"width\":350,\"height\":250},{\"@type\":\"BreadcrumbList\",\"@id\":\"https:\/\/fadeu.urantiacos.cl\/en\/2022\/08\/24\/maria-luisa-mendez-participo-como-keynote-speaker-en-rc21-ordinary-cities-in-exceptional-times-en-atenas\/#breadcrumb\",\"itemListElement\":[{\"@type\":\"ListItem\",\"position\":1,\"name\":\"Portada\",\"item\":\"https:\/\/fadeu.urantiacos.cl\/en\/\"},{\"@type\":\"ListItem\",\"position\":2,\"name\":\"Mar\u00eda Luisa M\u00e9ndez particip\u00f3 como Keynote Speaker en RC21 \u201cOrdinary Cities in Exceptional Times\u201d en Atenas\"}]},{\"@type\":\"WebSite\",\"@id\":\"https:\/\/fadeu.urantiacos.cl\/en\/#website\",\"url\":\"https:\/\/fadeu.urantiacos.cl\/en\/\",\"name\":\"Facultad de Arquitectura, Dise\u00f1o y Estudios Urbanos\",\"description\":\"Campus Lo Contador\",\"potentialAction\":[{\"@type\":\"SearchAction\",\"target\":{\"@type\":\"EntryPoint\",\"urlTemplate\":\"https:\/\/fadeu.urantiacos.cl\/en\/?s={search_term_string}\"},\"query-input\":{\"@type\":\"PropertyValueSpecification\",\"valueRequired\":true,\"valueName\":\"search_term_string\"}}],\"inLanguage\":\"en-US\"},{\"@type\":\"Person\",\"@id\":\"https:\/\/fadeu.urantiacos.cl\/en\/#\/schema\/person\/d203e2e84b1c40275eac77b3061a19a2\",\"name\":\"manadmin\",\"image\":{\"@type\":\"ImageObject\",\"inLanguage\":\"en-US\",\"@id\":\"https:\/\/fadeu.urantiacos.cl\/en\/#\/schema\/person\/image\/\",\"url\":\"https:\/\/secure.gravatar.com\/avatar\/4b1d8e3303b4a9d8968ac578947d8bc80d9aea359f388cdd4aac15cadc0e8447?s=96&d=mm&r=g\",\"contentUrl\":\"https:\/\/secure.gravatar.com\/avatar\/4b1d8e3303b4a9d8968ac578947d8bc80d9aea359f388cdd4aac15cadc0e8447?s=96&d=mm&r=g\",\"caption\":\"manadmin\"},\"sameAs\":[\"https:\/\/fadeu.urantiacos.cl\"]}]}<\/script>\n<!-- \/ Yoast SEO plugin. -->","yoast_head_json":{"title":"Mar\u00eda Luisa M\u00e9ndez particip\u00f3 como Keynote Speaker en RC21 \u201cOrdinary Cities in Exceptional Times\u201d en Atenas - Facultad de Arquitectura, Dise\u00f1o y Estudios Urbanos","description":"La Investigadora IEUT y directora del Centro de Estudios de Conflicto y Cohesi\u00f3n Social (COES), Mar\u00eda Luisa M\u00e9ndez, particip\u00f3 ayer como Keynote Speaker en la Conferencia de RC21, que se realiz\u00f3 entre el 24 y el 26 de agosto en Atenas, Grecia.","robots":{"index":"index","follow":"follow","max-snippet":"max-snippet:-1","max-image-preview":"max-image-preview:large","max-video-preview":"max-video-preview:-1"},"canonical":"https:\/\/fadeu.urantiacos.cl\/en\/2022\/08\/24\/maria-luisa-mendez-participo-como-keynote-speaker-en-rc21-ordinary-cities-in-exceptional-times-en-atenas\/","og_locale":"en_US","og_type":"article","og_title":"Mar\u00eda Luisa M\u00e9ndez particip\u00f3 como Keynote Speaker en RC21 \u201cOrdinary Cities in Exceptional Times\u201d en Atenas - Facultad de Arquitectura, Dise\u00f1o y Estudios Urbanos","og_description":"La Investigadora IEUT y directora del Centro de Estudios de Conflicto y Cohesi\u00f3n Social (COES), Mar\u00eda Luisa M\u00e9ndez, particip\u00f3 ayer como Keynote Speaker en la Conferencia de RC21, que se realiz\u00f3 entre el 24 y el 26 de agosto en Atenas, Grecia.","og_url":"https:\/\/fadeu.urantiacos.cl\/en\/2022\/08\/24\/maria-luisa-mendez-participo-como-keynote-speaker-en-rc21-ordinary-cities-in-exceptional-times-en-atenas\/","og_site_name":"Facultad de Arquitectura, Dise\u00f1o y Estudios Urbanos","article_published_time":"2022-08-25T00:55:00+00:00","article_modified_time":"2023-09-04T00:57:18+00:00","og_image":[{"width":350,"height":250,"url":"https:\/\/fadeu.urantiacos.cl\/wp-content\/uploads\/2023\/09\/WEB_20220824_162309-1536x2048-1.jpg","type":"image\/jpeg"}],"author":"manadmin","twitter_card":"summary_large_image","twitter_misc":{"Written by":"manadmin","Est. reading time":"3 minutes"},"schema":{"@context":"https:\/\/schema.org","@graph":[{"@type":"Article","@id":"https:\/\/fadeu.urantiacos.cl\/en\/2022\/08\/24\/maria-luisa-mendez-participo-como-keynote-speaker-en-rc21-ordinary-cities-in-exceptional-times-en-atenas\/#article","isPartOf":{"@id":"https:\/\/fadeu.urantiacos.cl\/en\/2022\/08\/24\/maria-luisa-mendez-participo-como-keynote-speaker-en-rc21-ordinary-cities-in-exceptional-times-en-atenas\/"},"author":{"name":"manadmin","@id":"https:\/\/fadeu.urantiacos.cl\/en\/#\/schema\/person\/d203e2e84b1c40275eac77b3061a19a2"},"headline":"Mar\u00eda Luisa M\u00e9ndez particip\u00f3 como Keynote Speaker en RC21 \u201cOrdinary Cities in Exceptional Times\u201d en Atenas","datePublished":"2022-08-25T00:55:00+00:00","dateModified":"2023-09-04T00:57:18+00:00","mainEntityOfPage":{"@id":"https:\/\/fadeu.urantiacos.cl\/en\/2022\/08\/24\/maria-luisa-mendez-participo-como-keynote-speaker-en-rc21-ordinary-cities-in-exceptional-times-en-atenas\/"},"wordCount":609,"commentCount":0,"image":{"@id":"https:\/\/fadeu.urantiacos.cl\/en\/2022\/08\/24\/maria-luisa-mendez-participo-como-keynote-speaker-en-rc21-ordinary-cities-in-exceptional-times-en-atenas\/#primaryimage"},"thumbnailUrl":"https:\/\/fadeu.urantiacos.cl\/wp-content\/uploads\/2023\/09\/WEB_20220824_162309-1536x2048-1.jpg","articleSection":["Sin categorizar"],"inLanguage":"en-US","potentialAction":[{"@type":"CommentAction","name":"Comment","target":["https:\/\/fadeu.urantiacos.cl\/en\/2022\/08\/24\/maria-luisa-mendez-participo-como-keynote-speaker-en-rc21-ordinary-cities-in-exceptional-times-en-atenas\/#respond"]}]},{"@type":"WebPage","@id":"https:\/\/fadeu.urantiacos.cl\/en\/2022\/08\/24\/maria-luisa-mendez-participo-como-keynote-speaker-en-rc21-ordinary-cities-in-exceptional-times-en-atenas\/","url":"https:\/\/fadeu.urantiacos.cl\/en\/2022\/08\/24\/maria-luisa-mendez-participo-como-keynote-speaker-en-rc21-ordinary-cities-in-exceptional-times-en-atenas\/","name":"Mar\u00eda Luisa M\u00e9ndez particip\u00f3 como Keynote Speaker en RC21 \u201cOrdinary Cities in Exceptional Times\u201d en Atenas - Facultad de Arquitectura, Dise\u00f1o y Estudios Urbanos","isPartOf":{"@id":"https:\/\/fadeu.urantiacos.cl\/en\/#website"},"primaryImageOfPage":{"@id":"https:\/\/fadeu.urantiacos.cl\/en\/2022\/08\/24\/maria-luisa-mendez-participo-como-keynote-speaker-en-rc21-ordinary-cities-in-exceptional-times-en-atenas\/#primaryimage"},"image":{"@id":"https:\/\/fadeu.urantiacos.cl\/en\/2022\/08\/24\/maria-luisa-mendez-participo-como-keynote-speaker-en-rc21-ordinary-cities-in-exceptional-times-en-atenas\/#primaryimage"},"thumbnailUrl":"https:\/\/fadeu.urantiacos.cl\/wp-content\/uploads\/2023\/09\/WEB_20220824_162309-1536x2048-1.jpg","datePublished":"2022-08-25T00:55:00+00:00","dateModified":"2023-09-04T00:57:18+00:00","author":{"@id":"https:\/\/fadeu.urantiacos.cl\/en\/#\/schema\/person\/d203e2e84b1c40275eac77b3061a19a2"},"description":"La Investigadora IEUT y directora del Centro de Estudios de Conflicto y Cohesi\u00f3n Social (COES), Mar\u00eda Luisa M\u00e9ndez, particip\u00f3 ayer como Keynote Speaker en la Conferencia de RC21, que se realiz\u00f3 entre el 24 y el 26 de agosto en Atenas, Grecia.","breadcrumb":{"@id":"https:\/\/fadeu.urantiacos.cl\/en\/2022\/08\/24\/maria-luisa-mendez-participo-como-keynote-speaker-en-rc21-ordinary-cities-in-exceptional-times-en-atenas\/#breadcrumb"},"inLanguage":"en-US","potentialAction":[{"@type":"ReadAction","target":["https:\/\/fadeu.urantiacos.cl\/en\/2022\/08\/24\/maria-luisa-mendez-participo-como-keynote-speaker-en-rc21-ordinary-cities-in-exceptional-times-en-atenas\/"]}]},{"@type":"ImageObject","inLanguage":"en-US","@id":"https:\/\/fadeu.urantiacos.cl\/en\/2022\/08\/24\/maria-luisa-mendez-participo-como-keynote-speaker-en-rc21-ordinary-cities-in-exceptional-times-en-atenas\/#primaryimage","url":"https:\/\/fadeu.urantiacos.cl\/wp-content\/uploads\/2023\/09\/WEB_20220824_162309-1536x2048-1.jpg","contentUrl":"https:\/\/fadeu.urantiacos.cl\/wp-content\/uploads\/2023\/09\/WEB_20220824_162309-1536x2048-1.jpg","width":350,"height":250},{"@type":"BreadcrumbList","@id":"https:\/\/fadeu.urantiacos.cl\/en\/2022\/08\/24\/maria-luisa-mendez-participo-como-keynote-speaker-en-rc21-ordinary-cities-in-exceptional-times-en-atenas\/#breadcrumb","itemListElement":[{"@type":"ListItem","position":1,"name":"Portada","item":"https:\/\/fadeu.urantiacos.cl\/en\/"},{"@type":"ListItem","position":2,"name":"Mar\u00eda Luisa M\u00e9ndez particip\u00f3 como Keynote Speaker en RC21 \u201cOrdinary Cities in Exceptional Times\u201d en Atenas"}]},{"@type":"WebSite","@id":"https:\/\/fadeu.urantiacos.cl\/en\/#website","url":"https:\/\/fadeu.urantiacos.cl\/en\/","name":"Facultad de Arquitectura, Dise\u00f1o y Estudios Urbanos","description":"Campus Lo Contador","potentialAction":[{"@type":"SearchAction","target":{"@type":"EntryPoint","urlTemplate":"https:\/\/fadeu.urantiacos.cl\/en\/?s={search_term_string}"},"query-input":{"@type":"PropertyValueSpecification","valueRequired":true,"valueName":"search_term_string"}}],"inLanguage":"en-US"},{"@type":"Person","@id":"https:\/\/fadeu.urantiacos.cl\/en\/#\/schema\/person\/d203e2e84b1c40275eac77b3061a19a2","name":"manadmin","image":{"@type":"ImageObject","inLanguage":"en-US","@id":"https:\/\/fadeu.urantiacos.cl\/en\/#\/schema\/person\/image\/","url":"https:\/\/secure.gravatar.com\/avatar\/4b1d8e3303b4a9d8968ac578947d8bc80d9aea359f388cdd4aac15cadc0e8447?s=96&d=mm&r=g","contentUrl":"https:\/\/secure.gravatar.com\/avatar\/4b1d8e3303b4a9d8968ac578947d8bc80d9aea359f388cdd4aac15cadc0e8447?s=96&d=mm&r=g","caption":"manadmin"},"sameAs":["https:\/\/fadeu.urantiacos.cl"]}]}},"_links":{"self":[{"href":"https:\/\/fadeu.urantiacos.cl\/en\/wp-json\/wp\/v2\/posts\/4296","targetHints":{"allow":["GET"]}}],"collection":[{"href":"https:\/\/fadeu.urantiacos.cl\/en\/wp-json\/wp\/v2\/posts"}],"about":[{"href":"https:\/\/fadeu.urantiacos.cl\/en\/wp-json\/wp\/v2\/types\/post"}],"author":[{"embeddable":true,"href":"https:\/\/fadeu.urantiacos.cl\/en\/wp-json\/wp\/v2\/users\/1"}],"replies":[{"embeddable":true,"href":"https:\/\/fadeu.urantiacos.cl\/en\/wp-json\/wp\/v2\/comments?post=4296"}],"version-history":[{"count":1,"href":"https:\/\/fadeu.urantiacos.cl\/en\/wp-json\/wp\/v2\/posts\/4296\/revisions"}],"predecessor-version":[{"id":4298,"href":"https:\/\/fadeu.urantiacos.cl\/en\/wp-json\/wp\/v2\/posts\/4296\/revisions\/4298"}],"wp:featuredmedia":[{"embeddable":true,"href":"https:\/\/fadeu.urantiacos.cl\/en\/wp-json\/wp\/v2\/media\/4297"}],"wp:attachment":[{"href":"https:\/\/fadeu.urantiacos.cl\/en\/wp-json\/wp\/v2\/media?parent=4296"}],"wp:term":[{"taxonomy":"category","embeddable":true,"href":"https:\/\/fadeu.urantiacos.cl\/en\/wp-json\/wp\/v2\/categories?post=4296"},{"taxonomy":"post_tag","embeddable":true,"href":"https:\/\/fadeu.urantiacos.cl\/en\/wp-json\/wp\/v2\/tags?post=4296"}],"curies":[{"name":"wp","href":"https:\/\/api.w.org\/{rel}","templated":true}]}}