{"id":4293,"date":"2022-08-28T21:53:00","date_gmt":"2022-08-29T00:53:00","guid":{"rendered":"https:\/\/fadeu.urantiacos.cl\/?p=4293"},"modified":"2023-10-17T11:58:40","modified_gmt":"2023-10-17T14:58:40","slug":"alejandro-aravena-recibio-el-titulo-honoris-causa-de-la-universidad-nacional-de-cordoba","status":"publish","type":"post","link":"https:\/\/fadeu.urantiacos.cl\/en\/2022\/08\/28\/alejandro-aravena-recibio-el-titulo-honoris-causa-de-la-universidad-nacional-de-cordoba\/","title":{"rendered":"Alejandro Aravena recibi\u00f3 el t\u00edtulo Honoris Causa de la Universidad Nacional de C\u00f3rdoba"},"content":{"rendered":"\n<p>En una ceremonia en el Centro Cultural de la Universidad Nacional de C\u00f3rdoba (UNC), el profesor ARQ UC recibi\u00f3 la investidura de Doctor Honoris Causa \u2014el m\u00e1ximo reconocimiento acad\u00e9mico de entregado por la instituci\u00f3n trasandina\u2014. Reconocido como \u201cun referente de la arquitectura contempor\u00e1nea latinoamericana\u201d y destacando \u201csus aportes a la disciplina\u201d y \u201csu sobresaliente trayectoria\u201d, la UCN, de manos de la vicerrectora Mariela Marchisio, entreg\u00f3 la distinci\u00f3n, instancia que fue seguida por un conversatorio p\u00fablico entre la arquitecta argentina M\u00f3nica Bertolini y el profesor ARQ UC galardonado.<\/p>\n\n\n\n<p>El evento, realizado el viernes 26 de agosto de 2022, se dio tambi\u00e9n en el contexto de la III Bienal C\u00f3rdoba Ciudad Dise\u00f1o 2022, titulada &#8220;Despu\u00e9s del presente&#8221; y organizada por la Agencia para el Desarrollo Econ\u00f3mico de la ciudad de C\u00f3rdoba, ADEC.<\/p>\n\n\n\n<p><strong>Alejandro Aravena<\/strong><br>Arquitecto UC con estudios de posgrado en el Instituto Universitario di Venezia. Galardonado con el premio Pritzker en 2016, entre sus reconocimientos est\u00e1n la medalla Erich Schelling en 2006, el Le\u00f3n de Plata en la XI Bienal de Venecia de 2008, el Index Award en Dinamarca en 2011, el premio RIBA Charles Jencks en 2018 y el premio J.C. Nichols for Visionaries in Urban Development 2019 otorgado por el Urban Land Institute (ULI). Fue nombrado International Fellow por el Royal Institute of British Architects y ha sido profesor en diversas universidades, entre ellas el GSD de Harvard. Es director ejecutivo de ELEMENTAL, un do tank que aborda proyectos de diferentes escalas, entendi\u00e9ndolos como una oportunidad para extender los beneficios de la ciudad a todos.<\/p>\n\n\n\n<p><\/p>\n\n\n\n<figure class=\"wp-block-embed is-type-video is-provider-youtube wp-block-embed-youtube wp-embed-aspect-16-9 wp-has-aspect-ratio\"><div class=\"wp-block-embed__wrapper\">\n<iframe loading=\"lazy\" title=\"Conversatorio ALejandro Aravena\" width=\"500\" height=\"281\" src=\"https:\/\/www.youtube.com\/embed\/af4XON9z8Nc?feature=oembed\" frameborder=\"0\" allow=\"accelerometer; autoplay; clipboard-write; encrypted-media; gyroscope; picture-in-picture; web-share\" referrerpolicy=\"strict-origin-when-cross-origin\" allowfullscreen><\/iframe>\n<\/div><\/figure>\n","protected":false},"excerpt":{"rendered":"<p>La Facultad de Arquitectura, Urbanismo y Dise\u00f1o de la Universidad Nacional de C\u00f3rdoba (UNC) entreg\u00f3 el t\u00edtulo de Doctor Honoris Causa al profesor ARQ UC y Pritzker 2016 Alejandro Aravena.<\/p>\n","protected":false},"author":1,"featured_media":4294,"comment_status":"open","ping_status":"open","sticky":false,"template":"","format":"standard","meta":{"_acf_changed":false,"footnotes":""},"categories":[1],"tags":[],"class_list":["post-4293","post","type-post","status-publish","format-standard","has-post-thumbnail","hentry","category-sin-categorizar"],"acf":[],"yoast_head":"<!-- This site is optimized with the Yoast SEO plugin v27.1.1 - https:\/\/yoast.com\/product\/yoast-seo-wordpress\/ -->\n<title>Alejandro Aravena recibi\u00f3 el t\u00edtulo Honoris Causa de la Universidad Nacional de C\u00f3rdoba - Facultad de Arquitectura, Dise\u00f1o y Estudios Urbanos<\/title>\n<meta name=\"description\" content=\"La Facultad de Arquitectura, Urbanismo y Dise\u00f1o de la Universidad Nacional de C\u00f3rdoba (UNC) entreg\u00f3 el t\u00edtulo de Doctor Honoris Causa al profesor ARQ UC y Pritzker 2016 Alejandro Aravena.\" \/>\n<meta name=\"robots\" content=\"index, follow, max-snippet:-1, max-image-preview:large, max-video-preview:-1\" \/>\n<link rel=\"canonical\" href=\"https:\/\/fadeu.urantiacos.cl\/en\/2022\/08\/28\/alejandro-aravena-recibio-el-titulo-honoris-causa-de-la-universidad-nacional-de-cordoba\/\" \/>\n<meta property=\"og:locale\" content=\"en_US\" \/>\n<meta property=\"og:type\" content=\"article\" \/>\n<meta property=\"og:title\" content=\"Alejandro Aravena recibi\u00f3 el t\u00edtulo Honoris Causa de la Universidad Nacional de C\u00f3rdoba - Facultad de Arquitectura, Dise\u00f1o y Estudios Urbanos\" \/>\n<meta property=\"og:description\" content=\"La Facultad de Arquitectura, Urbanismo y Dise\u00f1o de la Universidad Nacional de C\u00f3rdoba (UNC) entreg\u00f3 el t\u00edtulo de Doctor Honoris Causa al profesor ARQ UC y Pritzker 2016 Alejandro Aravena.\" \/>\n<meta property=\"og:url\" content=\"https:\/\/fadeu.urantiacos.cl\/en\/2022\/08\/28\/alejandro-aravena-recibio-el-titulo-honoris-causa-de-la-universidad-nacional-de-cordoba\/\" \/>\n<meta property=\"og:site_name\" content=\"Facultad de Arquitectura, Dise\u00f1o y Estudios Urbanos\" \/>\n<meta property=\"article:published_time\" content=\"2022-08-29T00:53:00+00:00\" \/>\n<meta property=\"article:modified_time\" content=\"2023-10-17T14:58:40+00:00\" \/>\n<meta property=\"og:image\" content=\"https:\/\/fadeu.urantiacos.cl\/wp-content\/uploads\/2023\/09\/web_20220826UNC_1286.jpg\" \/>\n\t<meta property=\"og:image:width\" content=\"350\" \/>\n\t<meta property=\"og:image:height\" content=\"250\" \/>\n\t<meta property=\"og:image:type\" content=\"image\/jpeg\" \/>\n<meta name=\"author\" content=\"manadmin\" \/>\n<meta name=\"twitter:card\" content=\"summary_large_image\" \/>\n<meta name=\"twitter:label1\" content=\"Written by\" \/>\n\t<meta name=\"twitter:data1\" content=\"manadmin\" \/>\n\t<meta name=\"twitter:label2\" content=\"Est. reading time\" \/>\n\t<meta name=\"twitter:data2\" content=\"1 minute\" \/>\n<script type=\"application\/ld+json\" class=\"yoast-schema-graph\">{\"@context\":\"https:\/\/schema.org\",\"@graph\":[{\"@type\":\"Article\",\"@id\":\"https:\/\/fadeu.urantiacos.cl\/en\/2022\/08\/28\/alejandro-aravena-recibio-el-titulo-honoris-causa-de-la-universidad-nacional-de-cordoba\/#article\",\"isPartOf\":{\"@id\":\"https:\/\/fadeu.urantiacos.cl\/en\/2022\/08\/28\/alejandro-aravena-recibio-el-titulo-honoris-causa-de-la-universidad-nacional-de-cordoba\/\"},\"author\":{\"name\":\"manadmin\",\"@id\":\"https:\/\/fadeu.urantiacos.cl\/en\/#\/schema\/person\/d203e2e84b1c40275eac77b3061a19a2\"},\"headline\":\"Alejandro Aravena recibi\u00f3 el t\u00edtulo Honoris Causa de la Universidad Nacional de C\u00f3rdoba\",\"datePublished\":\"2022-08-29T00:53:00+00:00\",\"dateModified\":\"2023-10-17T14:58:40+00:00\",\"mainEntityOfPage\":{\"@id\":\"https:\/\/fadeu.urantiacos.cl\/en\/2022\/08\/28\/alejandro-aravena-recibio-el-titulo-honoris-causa-de-la-universidad-nacional-de-cordoba\/\"},\"wordCount\":287,\"commentCount\":0,\"image\":{\"@id\":\"https:\/\/fadeu.urantiacos.cl\/en\/2022\/08\/28\/alejandro-aravena-recibio-el-titulo-honoris-causa-de-la-universidad-nacional-de-cordoba\/#primaryimage\"},\"thumbnailUrl\":\"https:\/\/fadeu.urantiacos.cl\/wp-content\/uploads\/2023\/09\/web_20220826UNC_1286.jpg\",\"articleSection\":[\"Sin categorizar\"],\"inLanguage\":\"en-US\",\"potentialAction\":[{\"@type\":\"CommentAction\",\"name\":\"Comment\",\"target\":[\"https:\/\/fadeu.urantiacos.cl\/en\/2022\/08\/28\/alejandro-aravena-recibio-el-titulo-honoris-causa-de-la-universidad-nacional-de-cordoba\/#respond\"]}]},{\"@type\":\"WebPage\",\"@id\":\"https:\/\/fadeu.urantiacos.cl\/en\/2022\/08\/28\/alejandro-aravena-recibio-el-titulo-honoris-causa-de-la-universidad-nacional-de-cordoba\/\",\"url\":\"https:\/\/fadeu.urantiacos.cl\/en\/2022\/08\/28\/alejandro-aravena-recibio-el-titulo-honoris-causa-de-la-universidad-nacional-de-cordoba\/\",\"name\":\"Alejandro Aravena recibi\u00f3 el t\u00edtulo Honoris Causa de la Universidad Nacional de C\u00f3rdoba - Facultad de Arquitectura, Dise\u00f1o y Estudios Urbanos\",\"isPartOf\":{\"@id\":\"https:\/\/fadeu.urantiacos.cl\/en\/#website\"},\"primaryImageOfPage\":{\"@id\":\"https:\/\/fadeu.urantiacos.cl\/en\/2022\/08\/28\/alejandro-aravena-recibio-el-titulo-honoris-causa-de-la-universidad-nacional-de-cordoba\/#primaryimage\"},\"image\":{\"@id\":\"https:\/\/fadeu.urantiacos.cl\/en\/2022\/08\/28\/alejandro-aravena-recibio-el-titulo-honoris-causa-de-la-universidad-nacional-de-cordoba\/#primaryimage\"},\"thumbnailUrl\":\"https:\/\/fadeu.urantiacos.cl\/wp-content\/uploads\/2023\/09\/web_20220826UNC_1286.jpg\",\"datePublished\":\"2022-08-29T00:53:00+00:00\",\"dateModified\":\"2023-10-17T14:58:40+00:00\",\"author\":{\"@id\":\"https:\/\/fadeu.urantiacos.cl\/en\/#\/schema\/person\/d203e2e84b1c40275eac77b3061a19a2\"},\"description\":\"La Facultad de Arquitectura, Urbanismo y Dise\u00f1o de la Universidad Nacional de C\u00f3rdoba (UNC) entreg\u00f3 el t\u00edtulo de Doctor Honoris Causa al profesor ARQ UC y Pritzker 2016 Alejandro Aravena.\",\"breadcrumb\":{\"@id\":\"https:\/\/fadeu.urantiacos.cl\/en\/2022\/08\/28\/alejandro-aravena-recibio-el-titulo-honoris-causa-de-la-universidad-nacional-de-cordoba\/#breadcrumb\"},\"inLanguage\":\"en-US\",\"potentialAction\":[{\"@type\":\"ReadAction\",\"target\":[\"https:\/\/fadeu.urantiacos.cl\/en\/2022\/08\/28\/alejandro-aravena-recibio-el-titulo-honoris-causa-de-la-universidad-nacional-de-cordoba\/\"]}]},{\"@type\":\"ImageObject\",\"inLanguage\":\"en-US\",\"@id\":\"https:\/\/fadeu.urantiacos.cl\/en\/2022\/08\/28\/alejandro-aravena-recibio-el-titulo-honoris-causa-de-la-universidad-nacional-de-cordoba\/#primaryimage\",\"url\":\"https:\/\/fadeu.urantiacos.cl\/wp-content\/uploads\/2023\/09\/web_20220826UNC_1286.jpg\",\"contentUrl\":\"https:\/\/fadeu.urantiacos.cl\/wp-content\/uploads\/2023\/09\/web_20220826UNC_1286.jpg\",\"width\":350,\"height\":250},{\"@type\":\"BreadcrumbList\",\"@id\":\"https:\/\/fadeu.urantiacos.cl\/en\/2022\/08\/28\/alejandro-aravena-recibio-el-titulo-honoris-causa-de-la-universidad-nacional-de-cordoba\/#breadcrumb\",\"itemListElement\":[{\"@type\":\"ListItem\",\"position\":1,\"name\":\"Portada\",\"item\":\"https:\/\/fadeu.urantiacos.cl\/en\/\"},{\"@type\":\"ListItem\",\"position\":2,\"name\":\"Alejandro Aravena recibi\u00f3 el t\u00edtulo Honoris Causa de la Universidad Nacional de C\u00f3rdoba\"}]},{\"@type\":\"WebSite\",\"@id\":\"https:\/\/fadeu.urantiacos.cl\/en\/#website\",\"url\":\"https:\/\/fadeu.urantiacos.cl\/en\/\",\"name\":\"Facultad de Arquitectura, Dise\u00f1o y Estudios Urbanos\",\"description\":\"Campus Lo Contador\",\"potentialAction\":[{\"@type\":\"SearchAction\",\"target\":{\"@type\":\"EntryPoint\",\"urlTemplate\":\"https:\/\/fadeu.urantiacos.cl\/en\/?s={search_term_string}\"},\"query-input\":{\"@type\":\"PropertyValueSpecification\",\"valueRequired\":true,\"valueName\":\"search_term_string\"}}],\"inLanguage\":\"en-US\"},{\"@type\":\"Person\",\"@id\":\"https:\/\/fadeu.urantiacos.cl\/en\/#\/schema\/person\/d203e2e84b1c40275eac77b3061a19a2\",\"name\":\"manadmin\",\"image\":{\"@type\":\"ImageObject\",\"inLanguage\":\"en-US\",\"@id\":\"https:\/\/fadeu.urantiacos.cl\/en\/#\/schema\/person\/image\/\",\"url\":\"https:\/\/secure.gravatar.com\/avatar\/4b1d8e3303b4a9d8968ac578947d8bc80d9aea359f388cdd4aac15cadc0e8447?s=96&d=mm&r=g\",\"contentUrl\":\"https:\/\/secure.gravatar.com\/avatar\/4b1d8e3303b4a9d8968ac578947d8bc80d9aea359f388cdd4aac15cadc0e8447?s=96&d=mm&r=g\",\"caption\":\"manadmin\"},\"sameAs\":[\"https:\/\/fadeu.urantiacos.cl\"]}]}<\/script>\n<!-- \/ Yoast SEO plugin. -->","yoast_head_json":{"title":"Alejandro Aravena recibi\u00f3 el t\u00edtulo Honoris Causa de la Universidad Nacional de C\u00f3rdoba - Facultad de Arquitectura, Dise\u00f1o y Estudios Urbanos","description":"La Facultad de Arquitectura, Urbanismo y Dise\u00f1o de la Universidad Nacional de C\u00f3rdoba (UNC) entreg\u00f3 el t\u00edtulo de Doctor Honoris Causa al profesor ARQ UC y Pritzker 2016 Alejandro Aravena.","robots":{"index":"index","follow":"follow","max-snippet":"max-snippet:-1","max-image-preview":"max-image-preview:large","max-video-preview":"max-video-preview:-1"},"canonical":"https:\/\/fadeu.urantiacos.cl\/en\/2022\/08\/28\/alejandro-aravena-recibio-el-titulo-honoris-causa-de-la-universidad-nacional-de-cordoba\/","og_locale":"en_US","og_type":"article","og_title":"Alejandro Aravena recibi\u00f3 el t\u00edtulo Honoris Causa de la Universidad Nacional de C\u00f3rdoba - Facultad de Arquitectura, Dise\u00f1o y Estudios Urbanos","og_description":"La Facultad de Arquitectura, Urbanismo y Dise\u00f1o de la Universidad Nacional de C\u00f3rdoba (UNC) entreg\u00f3 el t\u00edtulo de Doctor Honoris Causa al profesor ARQ UC y Pritzker 2016 Alejandro Aravena.","og_url":"https:\/\/fadeu.urantiacos.cl\/en\/2022\/08\/28\/alejandro-aravena-recibio-el-titulo-honoris-causa-de-la-universidad-nacional-de-cordoba\/","og_site_name":"Facultad de Arquitectura, Dise\u00f1o y Estudios Urbanos","article_published_time":"2022-08-29T00:53:00+00:00","article_modified_time":"2023-10-17T14:58:40+00:00","og_image":[{"width":350,"height":250,"url":"https:\/\/fadeu.urantiacos.cl\/wp-content\/uploads\/2023\/09\/web_20220826UNC_1286.jpg","type":"image\/jpeg"}],"author":"manadmin","twitter_card":"summary_large_image","twitter_misc":{"Written by":"manadmin","Est. reading time":"1 minute"},"schema":{"@context":"https:\/\/schema.org","@graph":[{"@type":"Article","@id":"https:\/\/fadeu.urantiacos.cl\/en\/2022\/08\/28\/alejandro-aravena-recibio-el-titulo-honoris-causa-de-la-universidad-nacional-de-cordoba\/#article","isPartOf":{"@id":"https:\/\/fadeu.urantiacos.cl\/en\/2022\/08\/28\/alejandro-aravena-recibio-el-titulo-honoris-causa-de-la-universidad-nacional-de-cordoba\/"},"author":{"name":"manadmin","@id":"https:\/\/fadeu.urantiacos.cl\/en\/#\/schema\/person\/d203e2e84b1c40275eac77b3061a19a2"},"headline":"Alejandro Aravena recibi\u00f3 el t\u00edtulo Honoris Causa de la Universidad Nacional de C\u00f3rdoba","datePublished":"2022-08-29T00:53:00+00:00","dateModified":"2023-10-17T14:58:40+00:00","mainEntityOfPage":{"@id":"https:\/\/fadeu.urantiacos.cl\/en\/2022\/08\/28\/alejandro-aravena-recibio-el-titulo-honoris-causa-de-la-universidad-nacional-de-cordoba\/"},"wordCount":287,"commentCount":0,"image":{"@id":"https:\/\/fadeu.urantiacos.cl\/en\/2022\/08\/28\/alejandro-aravena-recibio-el-titulo-honoris-causa-de-la-universidad-nacional-de-cordoba\/#primaryimage"},"thumbnailUrl":"https:\/\/fadeu.urantiacos.cl\/wp-content\/uploads\/2023\/09\/web_20220826UNC_1286.jpg","articleSection":["Sin categorizar"],"inLanguage":"en-US","potentialAction":[{"@type":"CommentAction","name":"Comment","target":["https:\/\/fadeu.urantiacos.cl\/en\/2022\/08\/28\/alejandro-aravena-recibio-el-titulo-honoris-causa-de-la-universidad-nacional-de-cordoba\/#respond"]}]},{"@type":"WebPage","@id":"https:\/\/fadeu.urantiacos.cl\/en\/2022\/08\/28\/alejandro-aravena-recibio-el-titulo-honoris-causa-de-la-universidad-nacional-de-cordoba\/","url":"https:\/\/fadeu.urantiacos.cl\/en\/2022\/08\/28\/alejandro-aravena-recibio-el-titulo-honoris-causa-de-la-universidad-nacional-de-cordoba\/","name":"Alejandro Aravena recibi\u00f3 el t\u00edtulo Honoris Causa de la Universidad Nacional de C\u00f3rdoba - Facultad de Arquitectura, Dise\u00f1o y Estudios Urbanos","isPartOf":{"@id":"https:\/\/fadeu.urantiacos.cl\/en\/#website"},"primaryImageOfPage":{"@id":"https:\/\/fadeu.urantiacos.cl\/en\/2022\/08\/28\/alejandro-aravena-recibio-el-titulo-honoris-causa-de-la-universidad-nacional-de-cordoba\/#primaryimage"},"image":{"@id":"https:\/\/fadeu.urantiacos.cl\/en\/2022\/08\/28\/alejandro-aravena-recibio-el-titulo-honoris-causa-de-la-universidad-nacional-de-cordoba\/#primaryimage"},"thumbnailUrl":"https:\/\/fadeu.urantiacos.cl\/wp-content\/uploads\/2023\/09\/web_20220826UNC_1286.jpg","datePublished":"2022-08-29T00:53:00+00:00","dateModified":"2023-10-17T14:58:40+00:00","author":{"@id":"https:\/\/fadeu.urantiacos.cl\/en\/#\/schema\/person\/d203e2e84b1c40275eac77b3061a19a2"},"description":"La Facultad de Arquitectura, Urbanismo y Dise\u00f1o de la Universidad Nacional de C\u00f3rdoba (UNC) entreg\u00f3 el t\u00edtulo de Doctor Honoris Causa al profesor ARQ UC y Pritzker 2016 Alejandro Aravena.","breadcrumb":{"@id":"https:\/\/fadeu.urantiacos.cl\/en\/2022\/08\/28\/alejandro-aravena-recibio-el-titulo-honoris-causa-de-la-universidad-nacional-de-cordoba\/#breadcrumb"},"inLanguage":"en-US","potentialAction":[{"@type":"ReadAction","target":["https:\/\/fadeu.urantiacos.cl\/en\/2022\/08\/28\/alejandro-aravena-recibio-el-titulo-honoris-causa-de-la-universidad-nacional-de-cordoba\/"]}]},{"@type":"ImageObject","inLanguage":"en-US","@id":"https:\/\/fadeu.urantiacos.cl\/en\/2022\/08\/28\/alejandro-aravena-recibio-el-titulo-honoris-causa-de-la-universidad-nacional-de-cordoba\/#primaryimage","url":"https:\/\/fadeu.urantiacos.cl\/wp-content\/uploads\/2023\/09\/web_20220826UNC_1286.jpg","contentUrl":"https:\/\/fadeu.urantiacos.cl\/wp-content\/uploads\/2023\/09\/web_20220826UNC_1286.jpg","width":350,"height":250},{"@type":"BreadcrumbList","@id":"https:\/\/fadeu.urantiacos.cl\/en\/2022\/08\/28\/alejandro-aravena-recibio-el-titulo-honoris-causa-de-la-universidad-nacional-de-cordoba\/#breadcrumb","itemListElement":[{"@type":"ListItem","position":1,"name":"Portada","item":"https:\/\/fadeu.urantiacos.cl\/en\/"},{"@type":"ListItem","position":2,"name":"Alejandro Aravena recibi\u00f3 el t\u00edtulo Honoris Causa de la Universidad Nacional de C\u00f3rdoba"}]},{"@type":"WebSite","@id":"https:\/\/fadeu.urantiacos.cl\/en\/#website","url":"https:\/\/fadeu.urantiacos.cl\/en\/","name":"Facultad de Arquitectura, Dise\u00f1o y Estudios Urbanos","description":"Campus Lo Contador","potentialAction":[{"@type":"SearchAction","target":{"@type":"EntryPoint","urlTemplate":"https:\/\/fadeu.urantiacos.cl\/en\/?s={search_term_string}"},"query-input":{"@type":"PropertyValueSpecification","valueRequired":true,"valueName":"search_term_string"}}],"inLanguage":"en-US"},{"@type":"Person","@id":"https:\/\/fadeu.urantiacos.cl\/en\/#\/schema\/person\/d203e2e84b1c40275eac77b3061a19a2","name":"manadmin","image":{"@type":"ImageObject","inLanguage":"en-US","@id":"https:\/\/fadeu.urantiacos.cl\/en\/#\/schema\/person\/image\/","url":"https:\/\/secure.gravatar.com\/avatar\/4b1d8e3303b4a9d8968ac578947d8bc80d9aea359f388cdd4aac15cadc0e8447?s=96&d=mm&r=g","contentUrl":"https:\/\/secure.gravatar.com\/avatar\/4b1d8e3303b4a9d8968ac578947d8bc80d9aea359f388cdd4aac15cadc0e8447?s=96&d=mm&r=g","caption":"manadmin"},"sameAs":["https:\/\/fadeu.urantiacos.cl"]}]}},"_links":{"self":[{"href":"https:\/\/fadeu.urantiacos.cl\/en\/wp-json\/wp\/v2\/posts\/4293","targetHints":{"allow":["GET"]}}],"collection":[{"href":"https:\/\/fadeu.urantiacos.cl\/en\/wp-json\/wp\/v2\/posts"}],"about":[{"href":"https:\/\/fadeu.urantiacos.cl\/en\/wp-json\/wp\/v2\/types\/post"}],"author":[{"embeddable":true,"href":"https:\/\/fadeu.urantiacos.cl\/en\/wp-json\/wp\/v2\/users\/1"}],"replies":[{"embeddable":true,"href":"https:\/\/fadeu.urantiacos.cl\/en\/wp-json\/wp\/v2\/comments?post=4293"}],"version-history":[{"count":2,"href":"https:\/\/fadeu.urantiacos.cl\/en\/wp-json\/wp\/v2\/posts\/4293\/revisions"}],"predecessor-version":[{"id":17128,"href":"https:\/\/fadeu.urantiacos.cl\/en\/wp-json\/wp\/v2\/posts\/4293\/revisions\/17128"}],"wp:featuredmedia":[{"embeddable":true,"href":"https:\/\/fadeu.urantiacos.cl\/en\/wp-json\/wp\/v2\/media\/4294"}],"wp:attachment":[{"href":"https:\/\/fadeu.urantiacos.cl\/en\/wp-json\/wp\/v2\/media?parent=4293"}],"wp:term":[{"taxonomy":"category","embeddable":true,"href":"https:\/\/fadeu.urantiacos.cl\/en\/wp-json\/wp\/v2\/categories?post=4293"},{"taxonomy":"post_tag","embeddable":true,"href":"https:\/\/fadeu.urantiacos.cl\/en\/wp-json\/wp\/v2\/tags?post=4293"}],"curies":[{"name":"wp","href":"https:\/\/api.w.org\/{rel}","templated":true}]}}