{"id":4290,"date":"2022-08-28T21:50:00","date_gmt":"2022-08-29T00:50:00","guid":{"rendered":"https:\/\/fadeu.urantiacos.cl\/?p=4290"},"modified":"2023-09-03T21:53:00","modified_gmt":"2023-09-04T00:53:00","slug":"juan-jose-ugarte-participo-en-cumbre-sobre-construccion-en-madera","status":"publish","type":"post","link":"https:\/\/fadeu.urantiacos.cl\/en\/2022\/08\/28\/juan-jose-ugarte-participo-en-cumbre-sobre-construccion-en-madera\/","title":{"rendered":"Juan Jos\u00e9 Ugarte particip\u00f3 en cumbre sobre construcci\u00f3n en madera"},"content":{"rendered":"\n<figure class=\"wp-block-image size-full\"><img decoding=\"async\" width=\"350\" height=\"250\" src=\"https:\/\/fadeu.urantiacos.cl\/wp-content\/uploads\/2023\/09\/web_Captura_de_Pantalla_2022-08-29_a_las_10.48.15.png\" alt=\"\" class=\"wp-image-4291\" srcset=\"https:\/\/fadeu.urantiacos.cl\/wp-content\/uploads\/2023\/09\/web_Captura_de_Pantalla_2022-08-29_a_las_10.48.15.png 350w, https:\/\/fadeu.urantiacos.cl\/wp-content\/uploads\/2023\/09\/web_Captura_de_Pantalla_2022-08-29_a_las_10.48.15-300x214.png 300w\" sizes=\"(max-width: 350px) 100vw, 350px\" \/><\/figure>\n\n\n\n<p>El evento, que buscaba profundizar en el potencial de la madera para impulsar la transici\u00f3n hacia una construcci\u00f3n sustentable, cont\u00f3 con la presentaci\u00f3n del profesor ARQ UC Juan Jos\u00e9 Ugarte junto al arquitecto UC Gerardo Armanet, ambos socios fundadores de Tallwood.<\/p>\n\n\n\n<p>As\u00ed, la ponencia, titulada \u201cDesaf\u00edos para dise\u00f1ar un edificio en altura en madera en Chile: Caso de estudio edificio Tamango\u201d, sintetiz\u00f3 la experiencia del proyecto de 12 pisos y 20 mil metros cuadrados construido en madera al sur de Chile, en Coyhaique.<\/p>\n\n\n\n<p>Por otro lado, indagando en la labor de su oficina \u2014en la que tambi\u00e9n trabaja el profesor ARQ UC Andr\u00e9s Sierra\u2014 y explicando su misi\u00f3n de ser los precursores de una nueva edificaci\u00f3n en altura con estructuras de madera, Ugarte y Armanet explicaron otros proyectos pioneros donde han materializado esta aproximaci\u00f3n colaborativa e interdisciplinar, combinando altos niveles de calidad y eficiencia en los costos.<\/p>\n\n\n\n<p>La cumbre fue realizada el 25 de agosto de 2022 en formato virtual.<\/p>\n\n\n\n<figure class=\"wp-block-embed is-type-video is-provider-youtube wp-block-embed-youtube wp-embed-aspect-16-9 wp-has-aspect-ratio\"><div class=\"wp-block-embed__wrapper\">\n<iframe loading=\"lazy\" title=\"[EN VIVO] Primer Summit : \u201cCiudades del Futuro, edificaci\u00f3n sustentable en madera\u201d\" width=\"500\" height=\"281\" src=\"https:\/\/www.youtube.com\/embed\/Y17zzgMjVr0?feature=oembed\" frameborder=\"0\" allow=\"accelerometer; autoplay; clipboard-write; encrypted-media; gyroscope; picture-in-picture; web-share\" referrerpolicy=\"strict-origin-when-cross-origin\" allowfullscreen><\/iframe>\n<\/div><\/figure>\n","protected":false},"excerpt":{"rendered":"<p>El profesor ARQ UC particip\u00f3 del evento \u201cCiudades del Futuro, edificaci\u00f3n sustentable en madera\u201d, summit organizado por Arauco y la Asociaci\u00f3n de Oficinas de Arquitectos (AOA).<\/p>\n","protected":false},"author":1,"featured_media":4291,"comment_status":"open","ping_status":"closed","sticky":false,"template":"","format":"standard","meta":{"_acf_changed":false,"footnotes":""},"categories":[1],"tags":[],"class_list":["post-4290","post","type-post","status-publish","format-standard","has-post-thumbnail","hentry","category-sin-categorizar"],"acf":[],"yoast_head":"<!-- This site is optimized with the Yoast SEO plugin v27.1.1 - https:\/\/yoast.com\/product\/yoast-seo-wordpress\/ -->\n<title>Juan Jos\u00e9 Ugarte particip\u00f3 en cumbre sobre construcci\u00f3n en madera - Facultad de Arquitectura, Dise\u00f1o y Estudios Urbanos<\/title>\n<meta name=\"description\" content=\"El profesor ARQ UC particip\u00f3 del evento \u201cCiudades del Futuro, edificaci\u00f3n sustentable en madera\u201d, summit organizado por Arauco y la Asociaci\u00f3n de Oficinas de Arquitectos (AOA).\" \/>\n<meta name=\"robots\" content=\"index, follow, max-snippet:-1, max-image-preview:large, max-video-preview:-1\" \/>\n<link rel=\"canonical\" href=\"https:\/\/fadeu.urantiacos.cl\/en\/2022\/08\/28\/juan-jose-ugarte-participo-en-cumbre-sobre-construccion-en-madera\/\" \/>\n<meta property=\"og:locale\" content=\"en_US\" \/>\n<meta property=\"og:type\" content=\"article\" \/>\n<meta property=\"og:title\" content=\"Juan Jos\u00e9 Ugarte particip\u00f3 en cumbre sobre construcci\u00f3n en madera - Facultad de Arquitectura, Dise\u00f1o y Estudios Urbanos\" \/>\n<meta property=\"og:description\" content=\"El profesor ARQ UC particip\u00f3 del evento \u201cCiudades del Futuro, edificaci\u00f3n sustentable en madera\u201d, summit organizado por Arauco y la Asociaci\u00f3n de Oficinas de Arquitectos (AOA).\" \/>\n<meta property=\"og:url\" content=\"https:\/\/fadeu.urantiacos.cl\/en\/2022\/08\/28\/juan-jose-ugarte-participo-en-cumbre-sobre-construccion-en-madera\/\" \/>\n<meta property=\"og:site_name\" content=\"Facultad de Arquitectura, Dise\u00f1o y Estudios Urbanos\" \/>\n<meta property=\"article:published_time\" content=\"2022-08-29T00:50:00+00:00\" \/>\n<meta property=\"article:modified_time\" content=\"2023-09-04T00:53:00+00:00\" \/>\n<meta property=\"og:image\" content=\"https:\/\/fadeu.urantiacos.cl\/wp-content\/uploads\/2023\/09\/web_Captura_de_Pantalla_2022-08-29_a_las_10.48.15.png\" \/>\n\t<meta property=\"og:image:width\" content=\"350\" \/>\n\t<meta property=\"og:image:height\" content=\"250\" \/>\n\t<meta property=\"og:image:type\" content=\"image\/png\" \/>\n<meta name=\"author\" content=\"manadmin\" \/>\n<meta name=\"twitter:card\" content=\"summary_large_image\" \/>\n<meta name=\"twitter:label1\" content=\"Written by\" \/>\n\t<meta name=\"twitter:data1\" content=\"manadmin\" \/>\n\t<meta name=\"twitter:label2\" content=\"Est. reading time\" \/>\n\t<meta name=\"twitter:data2\" content=\"1 minute\" \/>\n<script type=\"application\/ld+json\" class=\"yoast-schema-graph\">{\"@context\":\"https:\/\/schema.org\",\"@graph\":[{\"@type\":\"Article\",\"@id\":\"https:\/\/fadeu.urantiacos.cl\/en\/2022\/08\/28\/juan-jose-ugarte-participo-en-cumbre-sobre-construccion-en-madera\/#article\",\"isPartOf\":{\"@id\":\"https:\/\/fadeu.urantiacos.cl\/en\/2022\/08\/28\/juan-jose-ugarte-participo-en-cumbre-sobre-construccion-en-madera\/\"},\"author\":{\"name\":\"manadmin\",\"@id\":\"https:\/\/fadeu.urantiacos.cl\/en\/#\/schema\/person\/d203e2e84b1c40275eac77b3061a19a2\"},\"headline\":\"Juan Jos\u00e9 Ugarte particip\u00f3 en cumbre sobre construcci\u00f3n en madera\",\"datePublished\":\"2022-08-29T00:50:00+00:00\",\"dateModified\":\"2023-09-04T00:53:00+00:00\",\"mainEntityOfPage\":{\"@id\":\"https:\/\/fadeu.urantiacos.cl\/en\/2022\/08\/28\/juan-jose-ugarte-participo-en-cumbre-sobre-construccion-en-madera\/\"},\"wordCount\":182,\"commentCount\":0,\"image\":{\"@id\":\"https:\/\/fadeu.urantiacos.cl\/en\/2022\/08\/28\/juan-jose-ugarte-participo-en-cumbre-sobre-construccion-en-madera\/#primaryimage\"},\"thumbnailUrl\":\"https:\/\/fadeu.urantiacos.cl\/wp-content\/uploads\/2023\/09\/web_Captura_de_Pantalla_2022-08-29_a_las_10.48.15.png\",\"articleSection\":[\"Sin categorizar\"],\"inLanguage\":\"en-US\",\"potentialAction\":[{\"@type\":\"CommentAction\",\"name\":\"Comment\",\"target\":[\"https:\/\/fadeu.urantiacos.cl\/en\/2022\/08\/28\/juan-jose-ugarte-participo-en-cumbre-sobre-construccion-en-madera\/#respond\"]}]},{\"@type\":\"WebPage\",\"@id\":\"https:\/\/fadeu.urantiacos.cl\/en\/2022\/08\/28\/juan-jose-ugarte-participo-en-cumbre-sobre-construccion-en-madera\/\",\"url\":\"https:\/\/fadeu.urantiacos.cl\/en\/2022\/08\/28\/juan-jose-ugarte-participo-en-cumbre-sobre-construccion-en-madera\/\",\"name\":\"Juan Jos\u00e9 Ugarte particip\u00f3 en cumbre sobre construcci\u00f3n en madera - Facultad de Arquitectura, Dise\u00f1o y Estudios Urbanos\",\"isPartOf\":{\"@id\":\"https:\/\/fadeu.urantiacos.cl\/en\/#website\"},\"primaryImageOfPage\":{\"@id\":\"https:\/\/fadeu.urantiacos.cl\/en\/2022\/08\/28\/juan-jose-ugarte-participo-en-cumbre-sobre-construccion-en-madera\/#primaryimage\"},\"image\":{\"@id\":\"https:\/\/fadeu.urantiacos.cl\/en\/2022\/08\/28\/juan-jose-ugarte-participo-en-cumbre-sobre-construccion-en-madera\/#primaryimage\"},\"thumbnailUrl\":\"https:\/\/fadeu.urantiacos.cl\/wp-content\/uploads\/2023\/09\/web_Captura_de_Pantalla_2022-08-29_a_las_10.48.15.png\",\"datePublished\":\"2022-08-29T00:50:00+00:00\",\"dateModified\":\"2023-09-04T00:53:00+00:00\",\"author\":{\"@id\":\"https:\/\/fadeu.urantiacos.cl\/en\/#\/schema\/person\/d203e2e84b1c40275eac77b3061a19a2\"},\"description\":\"El profesor ARQ UC particip\u00f3 del evento \u201cCiudades del Futuro, edificaci\u00f3n sustentable en madera\u201d, summit organizado por Arauco y la Asociaci\u00f3n de Oficinas de Arquitectos (AOA).\",\"breadcrumb\":{\"@id\":\"https:\/\/fadeu.urantiacos.cl\/en\/2022\/08\/28\/juan-jose-ugarte-participo-en-cumbre-sobre-construccion-en-madera\/#breadcrumb\"},\"inLanguage\":\"en-US\",\"potentialAction\":[{\"@type\":\"ReadAction\",\"target\":[\"https:\/\/fadeu.urantiacos.cl\/en\/2022\/08\/28\/juan-jose-ugarte-participo-en-cumbre-sobre-construccion-en-madera\/\"]}]},{\"@type\":\"ImageObject\",\"inLanguage\":\"en-US\",\"@id\":\"https:\/\/fadeu.urantiacos.cl\/en\/2022\/08\/28\/juan-jose-ugarte-participo-en-cumbre-sobre-construccion-en-madera\/#primaryimage\",\"url\":\"https:\/\/fadeu.urantiacos.cl\/wp-content\/uploads\/2023\/09\/web_Captura_de_Pantalla_2022-08-29_a_las_10.48.15.png\",\"contentUrl\":\"https:\/\/fadeu.urantiacos.cl\/wp-content\/uploads\/2023\/09\/web_Captura_de_Pantalla_2022-08-29_a_las_10.48.15.png\",\"width\":350,\"height\":250},{\"@type\":\"BreadcrumbList\",\"@id\":\"https:\/\/fadeu.urantiacos.cl\/en\/2022\/08\/28\/juan-jose-ugarte-participo-en-cumbre-sobre-construccion-en-madera\/#breadcrumb\",\"itemListElement\":[{\"@type\":\"ListItem\",\"position\":1,\"name\":\"Portada\",\"item\":\"https:\/\/fadeu.urantiacos.cl\/en\/\"},{\"@type\":\"ListItem\",\"position\":2,\"name\":\"Juan Jos\u00e9 Ugarte particip\u00f3 en cumbre sobre construcci\u00f3n en madera\"}]},{\"@type\":\"WebSite\",\"@id\":\"https:\/\/fadeu.urantiacos.cl\/en\/#website\",\"url\":\"https:\/\/fadeu.urantiacos.cl\/en\/\",\"name\":\"Facultad de Arquitectura, Dise\u00f1o y Estudios Urbanos\",\"description\":\"Campus Lo Contador\",\"potentialAction\":[{\"@type\":\"SearchAction\",\"target\":{\"@type\":\"EntryPoint\",\"urlTemplate\":\"https:\/\/fadeu.urantiacos.cl\/en\/?s={search_term_string}\"},\"query-input\":{\"@type\":\"PropertyValueSpecification\",\"valueRequired\":true,\"valueName\":\"search_term_string\"}}],\"inLanguage\":\"en-US\"},{\"@type\":\"Person\",\"@id\":\"https:\/\/fadeu.urantiacos.cl\/en\/#\/schema\/person\/d203e2e84b1c40275eac77b3061a19a2\",\"name\":\"manadmin\",\"image\":{\"@type\":\"ImageObject\",\"inLanguage\":\"en-US\",\"@id\":\"https:\/\/fadeu.urantiacos.cl\/en\/#\/schema\/person\/image\/\",\"url\":\"https:\/\/secure.gravatar.com\/avatar\/4b1d8e3303b4a9d8968ac578947d8bc80d9aea359f388cdd4aac15cadc0e8447?s=96&d=mm&r=g\",\"contentUrl\":\"https:\/\/secure.gravatar.com\/avatar\/4b1d8e3303b4a9d8968ac578947d8bc80d9aea359f388cdd4aac15cadc0e8447?s=96&d=mm&r=g\",\"caption\":\"manadmin\"},\"sameAs\":[\"https:\/\/fadeu.urantiacos.cl\"]}]}<\/script>\n<!-- \/ Yoast SEO plugin. -->","yoast_head_json":{"title":"Juan Jos\u00e9 Ugarte particip\u00f3 en cumbre sobre construcci\u00f3n en madera - Facultad de Arquitectura, Dise\u00f1o y Estudios Urbanos","description":"El profesor ARQ UC particip\u00f3 del evento \u201cCiudades del Futuro, edificaci\u00f3n sustentable en madera\u201d, summit organizado por Arauco y la Asociaci\u00f3n de Oficinas de Arquitectos (AOA).","robots":{"index":"index","follow":"follow","max-snippet":"max-snippet:-1","max-image-preview":"max-image-preview:large","max-video-preview":"max-video-preview:-1"},"canonical":"https:\/\/fadeu.urantiacos.cl\/en\/2022\/08\/28\/juan-jose-ugarte-participo-en-cumbre-sobre-construccion-en-madera\/","og_locale":"en_US","og_type":"article","og_title":"Juan Jos\u00e9 Ugarte particip\u00f3 en cumbre sobre construcci\u00f3n en madera - Facultad de Arquitectura, Dise\u00f1o y Estudios Urbanos","og_description":"El profesor ARQ UC particip\u00f3 del evento \u201cCiudades del Futuro, edificaci\u00f3n sustentable en madera\u201d, summit organizado por Arauco y la Asociaci\u00f3n de Oficinas de Arquitectos (AOA).","og_url":"https:\/\/fadeu.urantiacos.cl\/en\/2022\/08\/28\/juan-jose-ugarte-participo-en-cumbre-sobre-construccion-en-madera\/","og_site_name":"Facultad de Arquitectura, Dise\u00f1o y Estudios Urbanos","article_published_time":"2022-08-29T00:50:00+00:00","article_modified_time":"2023-09-04T00:53:00+00:00","og_image":[{"width":350,"height":250,"url":"https:\/\/fadeu.urantiacos.cl\/wp-content\/uploads\/2023\/09\/web_Captura_de_Pantalla_2022-08-29_a_las_10.48.15.png","type":"image\/png"}],"author":"manadmin","twitter_card":"summary_large_image","twitter_misc":{"Written by":"manadmin","Est. reading time":"1 minute"},"schema":{"@context":"https:\/\/schema.org","@graph":[{"@type":"Article","@id":"https:\/\/fadeu.urantiacos.cl\/en\/2022\/08\/28\/juan-jose-ugarte-participo-en-cumbre-sobre-construccion-en-madera\/#article","isPartOf":{"@id":"https:\/\/fadeu.urantiacos.cl\/en\/2022\/08\/28\/juan-jose-ugarte-participo-en-cumbre-sobre-construccion-en-madera\/"},"author":{"name":"manadmin","@id":"https:\/\/fadeu.urantiacos.cl\/en\/#\/schema\/person\/d203e2e84b1c40275eac77b3061a19a2"},"headline":"Juan Jos\u00e9 Ugarte particip\u00f3 en cumbre sobre construcci\u00f3n en madera","datePublished":"2022-08-29T00:50:00+00:00","dateModified":"2023-09-04T00:53:00+00:00","mainEntityOfPage":{"@id":"https:\/\/fadeu.urantiacos.cl\/en\/2022\/08\/28\/juan-jose-ugarte-participo-en-cumbre-sobre-construccion-en-madera\/"},"wordCount":182,"commentCount":0,"image":{"@id":"https:\/\/fadeu.urantiacos.cl\/en\/2022\/08\/28\/juan-jose-ugarte-participo-en-cumbre-sobre-construccion-en-madera\/#primaryimage"},"thumbnailUrl":"https:\/\/fadeu.urantiacos.cl\/wp-content\/uploads\/2023\/09\/web_Captura_de_Pantalla_2022-08-29_a_las_10.48.15.png","articleSection":["Sin categorizar"],"inLanguage":"en-US","potentialAction":[{"@type":"CommentAction","name":"Comment","target":["https:\/\/fadeu.urantiacos.cl\/en\/2022\/08\/28\/juan-jose-ugarte-participo-en-cumbre-sobre-construccion-en-madera\/#respond"]}]},{"@type":"WebPage","@id":"https:\/\/fadeu.urantiacos.cl\/en\/2022\/08\/28\/juan-jose-ugarte-participo-en-cumbre-sobre-construccion-en-madera\/","url":"https:\/\/fadeu.urantiacos.cl\/en\/2022\/08\/28\/juan-jose-ugarte-participo-en-cumbre-sobre-construccion-en-madera\/","name":"Juan Jos\u00e9 Ugarte particip\u00f3 en cumbre sobre construcci\u00f3n en madera - Facultad de Arquitectura, Dise\u00f1o y Estudios Urbanos","isPartOf":{"@id":"https:\/\/fadeu.urantiacos.cl\/en\/#website"},"primaryImageOfPage":{"@id":"https:\/\/fadeu.urantiacos.cl\/en\/2022\/08\/28\/juan-jose-ugarte-participo-en-cumbre-sobre-construccion-en-madera\/#primaryimage"},"image":{"@id":"https:\/\/fadeu.urantiacos.cl\/en\/2022\/08\/28\/juan-jose-ugarte-participo-en-cumbre-sobre-construccion-en-madera\/#primaryimage"},"thumbnailUrl":"https:\/\/fadeu.urantiacos.cl\/wp-content\/uploads\/2023\/09\/web_Captura_de_Pantalla_2022-08-29_a_las_10.48.15.png","datePublished":"2022-08-29T00:50:00+00:00","dateModified":"2023-09-04T00:53:00+00:00","author":{"@id":"https:\/\/fadeu.urantiacos.cl\/en\/#\/schema\/person\/d203e2e84b1c40275eac77b3061a19a2"},"description":"El profesor ARQ UC particip\u00f3 del evento \u201cCiudades del Futuro, edificaci\u00f3n sustentable en madera\u201d, summit organizado por Arauco y la Asociaci\u00f3n de Oficinas de Arquitectos (AOA).","breadcrumb":{"@id":"https:\/\/fadeu.urantiacos.cl\/en\/2022\/08\/28\/juan-jose-ugarte-participo-en-cumbre-sobre-construccion-en-madera\/#breadcrumb"},"inLanguage":"en-US","potentialAction":[{"@type":"ReadAction","target":["https:\/\/fadeu.urantiacos.cl\/en\/2022\/08\/28\/juan-jose-ugarte-participo-en-cumbre-sobre-construccion-en-madera\/"]}]},{"@type":"ImageObject","inLanguage":"en-US","@id":"https:\/\/fadeu.urantiacos.cl\/en\/2022\/08\/28\/juan-jose-ugarte-participo-en-cumbre-sobre-construccion-en-madera\/#primaryimage","url":"https:\/\/fadeu.urantiacos.cl\/wp-content\/uploads\/2023\/09\/web_Captura_de_Pantalla_2022-08-29_a_las_10.48.15.png","contentUrl":"https:\/\/fadeu.urantiacos.cl\/wp-content\/uploads\/2023\/09\/web_Captura_de_Pantalla_2022-08-29_a_las_10.48.15.png","width":350,"height":250},{"@type":"BreadcrumbList","@id":"https:\/\/fadeu.urantiacos.cl\/en\/2022\/08\/28\/juan-jose-ugarte-participo-en-cumbre-sobre-construccion-en-madera\/#breadcrumb","itemListElement":[{"@type":"ListItem","position":1,"name":"Portada","item":"https:\/\/fadeu.urantiacos.cl\/en\/"},{"@type":"ListItem","position":2,"name":"Juan Jos\u00e9 Ugarte particip\u00f3 en cumbre sobre construcci\u00f3n en madera"}]},{"@type":"WebSite","@id":"https:\/\/fadeu.urantiacos.cl\/en\/#website","url":"https:\/\/fadeu.urantiacos.cl\/en\/","name":"Facultad de Arquitectura, Dise\u00f1o y Estudios Urbanos","description":"Campus Lo Contador","potentialAction":[{"@type":"SearchAction","target":{"@type":"EntryPoint","urlTemplate":"https:\/\/fadeu.urantiacos.cl\/en\/?s={search_term_string}"},"query-input":{"@type":"PropertyValueSpecification","valueRequired":true,"valueName":"search_term_string"}}],"inLanguage":"en-US"},{"@type":"Person","@id":"https:\/\/fadeu.urantiacos.cl\/en\/#\/schema\/person\/d203e2e84b1c40275eac77b3061a19a2","name":"manadmin","image":{"@type":"ImageObject","inLanguage":"en-US","@id":"https:\/\/fadeu.urantiacos.cl\/en\/#\/schema\/person\/image\/","url":"https:\/\/secure.gravatar.com\/avatar\/4b1d8e3303b4a9d8968ac578947d8bc80d9aea359f388cdd4aac15cadc0e8447?s=96&d=mm&r=g","contentUrl":"https:\/\/secure.gravatar.com\/avatar\/4b1d8e3303b4a9d8968ac578947d8bc80d9aea359f388cdd4aac15cadc0e8447?s=96&d=mm&r=g","caption":"manadmin"},"sameAs":["https:\/\/fadeu.urantiacos.cl"]}]}},"_links":{"self":[{"href":"https:\/\/fadeu.urantiacos.cl\/en\/wp-json\/wp\/v2\/posts\/4290","targetHints":{"allow":["GET"]}}],"collection":[{"href":"https:\/\/fadeu.urantiacos.cl\/en\/wp-json\/wp\/v2\/posts"}],"about":[{"href":"https:\/\/fadeu.urantiacos.cl\/en\/wp-json\/wp\/v2\/types\/post"}],"author":[{"embeddable":true,"href":"https:\/\/fadeu.urantiacos.cl\/en\/wp-json\/wp\/v2\/users\/1"}],"replies":[{"embeddable":true,"href":"https:\/\/fadeu.urantiacos.cl\/en\/wp-json\/wp\/v2\/comments?post=4290"}],"version-history":[{"count":1,"href":"https:\/\/fadeu.urantiacos.cl\/en\/wp-json\/wp\/v2\/posts\/4290\/revisions"}],"predecessor-version":[{"id":4292,"href":"https:\/\/fadeu.urantiacos.cl\/en\/wp-json\/wp\/v2\/posts\/4290\/revisions\/4292"}],"wp:featuredmedia":[{"embeddable":true,"href":"https:\/\/fadeu.urantiacos.cl\/en\/wp-json\/wp\/v2\/media\/4291"}],"wp:attachment":[{"href":"https:\/\/fadeu.urantiacos.cl\/en\/wp-json\/wp\/v2\/media?parent=4290"}],"wp:term":[{"taxonomy":"category","embeddable":true,"href":"https:\/\/fadeu.urantiacos.cl\/en\/wp-json\/wp\/v2\/categories?post=4290"},{"taxonomy":"post_tag","embeddable":true,"href":"https:\/\/fadeu.urantiacos.cl\/en\/wp-json\/wp\/v2\/tags?post=4290"}],"curies":[{"name":"wp","href":"https:\/\/api.w.org\/{rel}","templated":true}]}}