{"id":4282,"date":"2022-08-29T21:45:00","date_gmt":"2022-08-30T00:45:00","guid":{"rendered":"https:\/\/fadeu.urantiacos.cl\/?p=4282"},"modified":"2023-09-03T21:50:51","modified_gmt":"2023-09-04T00:50:51","slug":"arquitecto-enrique-browne-formalizo-donacion-al-archivo-de-originales-fadeu","status":"publish","type":"post","link":"https:\/\/fadeu.urantiacos.cl\/en\/2022\/08\/29\/arquitecto-enrique-browne-formalizo-donacion-al-archivo-de-originales-fadeu\/","title":{"rendered":"Arquitecto Enrique Browne formaliz\u00f3 donaci\u00f3n al Archivo de Originales FADEU"},"content":{"rendered":"\n<figure class=\"wp-block-image size-full\"><img decoding=\"async\" width=\"350\" height=\"250\" src=\"https:\/\/fadeu.urantiacos.cl\/wp-content\/uploads\/2023\/09\/web-WhatsApp_Image_2022-08-25_at_2.55.26_PM.jpg\" alt=\"\" class=\"wp-image-4283\" srcset=\"https:\/\/fadeu.urantiacos.cl\/wp-content\/uploads\/2023\/09\/web-WhatsApp_Image_2022-08-25_at_2.55.26_PM.jpg 350w, https:\/\/fadeu.urantiacos.cl\/wp-content\/uploads\/2023\/09\/web-WhatsApp_Image_2022-08-25_at_2.55.26_PM-300x214.jpg 300w\" sizes=\"(max-width: 350px) 100vw, 350px\" \/><\/figure>\n\n\n\n<p>A la ceremonia, que fue conducida por la Directora de Comunicaciones, Macarena Cort\u00e9s, asistieron tambi\u00e9n el director de la escuela de Arquitectura, Luis Eduardo Bresciani; la directora de Investigaci\u00f3n y Postgrado FADEU, Magdalena Vicu\u00f1a; la encargada del Archivo de Originales, Isabel Garc\u00eda; y la profesora Gloria Saravia, quien condujo el proceso de recopilaci\u00f3n del material de Browne para la respectiva donaci\u00f3n.<\/p>\n\n\n\n<p>El Decano Ubilla elogi\u00f3 la figura, vida y obra de Enrique Browne y agradeci\u00f3 la donaci\u00f3n, advirtiendo que \u201cser\u00e1 cuidada, estudiada y utilizada para la formaci\u00f3n\u201d, agregando que \u201cse trata de la obra de un arquitecto, premio nacional, profesor y formador de pares, persona, generoso y ajeno de los halagos, que siempre se ha caracterizado por cuidar la medida de lo que debe ser siempre la franca austeridad, y a quien recuerdo con especial cari\u00f1o cuando fue profesor invitado en el aula de Juan Ignacio Baixas, donde nos titulamos seis arquitectos, hace m\u00e1s de veinte a\u00f1os\u201d.<\/p>\n\n\n\n<p>\u201cLa arquitectura es un oficio al servicio del paisaje y la naturaleza, y tambi\u00e9n al servicio de la belleza, y en esa b\u00fasqueda hay un esfuerzo poderoso de Enrique por servir a la propia arquitectura, elogi\u00e1ndola en la fineza de cada proyecto, y por eso agradezco esta entrega como un servicio a su Facultad y a su Escuela, que la ense\u00f1aremos y estudiaremos, como un servicio a los estudiantes de hoy y a los que vendr\u00e1n\u201d, agreg\u00f3 Ubilla.<\/p>\n\n\n\n<p>Isabel Garc\u00eda, encargada del Archivo de Originales FADEU, agradeci\u00f3 la donaci\u00f3n de Browne, y sostuvo que \u201ceste archivo se constituye como material in\u00e9dito en cuanto a investigaci\u00f3n proyectual, y este fondo estar\u00e1 junto a otros fondos de otros arquitectos de renombre, como Mario P\u00e9rez de Arce, Alberto Piwonka y otros, lo que nos da opci\u00f3n de tener un cuerpo potente y contribuir a la arquitectura de nuestra Escuela y Facultad\u201d.<\/p>\n\n\n\n<p><strong>Donaci\u00f3n<\/strong><\/p>\n\n\n\n<p>La documentaci\u00f3n recogida, ordenada y sistematizada desde 2019, explica la profesora Gloria Saravia, da cuenta de una serie de documentos que hasta ahora tiene el Archivo de Originales FADEU, \u201cen cuyo resguardo confiamos ampliamente agradeciendo por el cuidado de cada carta, cada dibujo, cada plano y m\u00faltiples historias que este compilado cuenta\u201d.<\/p>\n\n\n\n<p>\u201cEn un af\u00e1n de seleccionar dentro de una gran cantidad de material, aquello que se evidencia como valioso para estudiantes e investigadores, la recopilaci\u00f3n destaca el \u00e1mbito acad\u00e9mico, te\u00f3rico y profesional de Enrique a partir de sus estudios iniciales en esta, su Escuela de Arquitectura, como tambi\u00e9n posteriormente en el extranjero, considerando un rango de tiempo definido entre 1965 y 2010, fechas hito en su carrera profesional: primeramente su titulaci\u00f3n como arquitecto y, 45 a\u00f1os despu\u00e9s, el reconocimiento recibido como Premio Nacional de Arquitectura\u201d, concluy\u00f3.<\/p>\n\n\n\n<p><strong>Agradecimientos<\/strong><\/p>\n\n\n\n<p>Visiblemente emocionado, y recordando su paso por la escuela de Arquitectura y la Facultad, primero como estudiante y luego como docente, Browne agradeci\u00f3 al Decano Mario Ubilla por la instancia y tambi\u00e9n a todos los presentes \u201cpor darse el tiempo por estar aqu\u00ed hoy\u201d.<\/p>\n\n\n\n<p>\u201cMenci\u00f3n especial merece Gloria Saravia, porque hizo su labor casi sin mi participaci\u00f3n, y sin ella este trabajo no hubiera sido posible, y estoy muy feliz de que esta ceremonia se lleve a cabo en el campus Lo Contador, a la cual ingres\u00e9 como estudiante en el 60, cuando no hab\u00eda nada a nuestro alrededor, y \u00e9ramos pocos alumnos que hac\u00edamos de la escuela y la Facultad nuestra segunda casa, donde estudi\u00e1bamos, com\u00edamos e incluso dorm\u00edamos\u201d, dijo.<\/p>\n\n\n\n<p>Browne asegur\u00f3 estar muy contento de dejar su material en la que fue su Facultad, para que prevalezca como material de consulta, estudio e investigaci\u00f3n de futuras generaciones.<\/p>\n\n\n\n<p>Donaci\u00f3n (extracto entrevista Gloria Saravia a Enrique Browne, FADEU 2020)<\/p>\n\n\n\n<p>tanto la planimetr\u00eda recopilada como los documentos te\u00f3ricos y croquis de estudio, hacen alusi\u00f3n a los cuatro temas trascendentales que han delineado su obra, en continua asociaci\u00f3n con la naturaleza, destacando de esta manera los cruces entre:<\/p>\n\n\n\n<p>(1) Arquitectura y vegetaci\u00f3n<\/p>\n\n\n\n<p>(2) Arquitectura, tierra y geograf\u00eda<\/p>\n\n\n\n<p>(3) Arquitectura y luz<\/p>\n\n\n\n<p>(4) Arquitectura y agua.<\/p>\n\n\n\n<p>La donaci\u00f3n adquiere as\u00ed un car\u00e1cter transversal, permitiendo principalmente entender un m\u00e9todo de trabajo donde el croquis tanto proyectual (de dise\u00f1o arquitect\u00f3nico) como aqu\u00e9l asociado al proceso compositivo y creativo (series, dibujos de temas diversos), adquiere gran relevancia en toda la lectura de su obra siendo una gu\u00eda de selecci\u00f3n. Los croquis \u201cproyectuales\u201d son en su mayor\u00eda bocetos de simple lectura, adem\u00e1s de dibujos marcados generalmente en l\u00e1piz grafito (Pentel N9) o tinta, y coloreados con posterioridad. Trazos, numeraciones, algunos c\u00e1lculos y breves escritos, suelen describir y\/o acompa\u00f1ar aquello que se dibuja, cambiando de escala en la medida en que la propuesta exige m\u00e1s detalle. Enrique Browne dibuja con entusiasmo y soltura, eligiendo los colores justos y estableciendo a trav\u00e9s del croquis un nexo entre la imaginaci\u00f3n y la realidad.<\/p>\n\n\n\n<p>Si quieres leer la entrevista completa puedes revisar el siguiente&nbsp;<a href=\"https:\/\/fadeu.urantiacos.cl\/noticias\/4093-archivo-de-originales-fadeu-recibe-importante-donacion-material-de-la-obra-del-arquitecto-chileno-enrique-browne\" target=\"_blank\" rel=\"noreferrer noopener\">link.<\/a><\/p>\n\n\n\n<figure class=\"wp-block-image size-large\"><img decoding=\"async\" width=\"1024\" height=\"768\" src=\"https:\/\/fadeu.urantiacos.cl\/wp-content\/uploads\/2023\/09\/WhatsApp_Image_2022-08-25_at_2.55.21_PM-1024x768.jpeg\" alt=\"\" class=\"wp-image-4284\" srcset=\"https:\/\/fadeu.urantiacos.cl\/wp-content\/uploads\/2023\/09\/WhatsApp_Image_2022-08-25_at_2.55.21_PM-1024x768.jpeg 1024w, https:\/\/fadeu.urantiacos.cl\/wp-content\/uploads\/2023\/09\/WhatsApp_Image_2022-08-25_at_2.55.21_PM-300x225.jpeg 300w, https:\/\/fadeu.urantiacos.cl\/wp-content\/uploads\/2023\/09\/WhatsApp_Image_2022-08-25_at_2.55.21_PM-768x576.jpeg 768w, https:\/\/fadeu.urantiacos.cl\/wp-content\/uploads\/2023\/09\/WhatsApp_Image_2022-08-25_at_2.55.21_PM-1536x1152.jpeg 1536w, https:\/\/fadeu.urantiacos.cl\/wp-content\/uploads\/2023\/09\/WhatsApp_Image_2022-08-25_at_2.55.21_PM.jpeg 1600w\" sizes=\"(max-width: 1024px) 100vw, 1024px\" \/><\/figure>\n\n\n\n<figure class=\"wp-block-image size-large\"><img decoding=\"async\" width=\"1024\" height=\"768\" src=\"https:\/\/fadeu.urantiacos.cl\/wp-content\/uploads\/2023\/09\/WhatsApp_Image_2022-08-25_at_2.55.22_PM-1024x768.jpeg\" alt=\"\" class=\"wp-image-4285\" srcset=\"https:\/\/fadeu.urantiacos.cl\/wp-content\/uploads\/2023\/09\/WhatsApp_Image_2022-08-25_at_2.55.22_PM-1024x768.jpeg 1024w, https:\/\/fadeu.urantiacos.cl\/wp-content\/uploads\/2023\/09\/WhatsApp_Image_2022-08-25_at_2.55.22_PM-300x225.jpeg 300w, https:\/\/fadeu.urantiacos.cl\/wp-content\/uploads\/2023\/09\/WhatsApp_Image_2022-08-25_at_2.55.22_PM-768x576.jpeg 768w, https:\/\/fadeu.urantiacos.cl\/wp-content\/uploads\/2023\/09\/WhatsApp_Image_2022-08-25_at_2.55.22_PM-1536x1152.jpeg 1536w, https:\/\/fadeu.urantiacos.cl\/wp-content\/uploads\/2023\/09\/WhatsApp_Image_2022-08-25_at_2.55.22_PM.jpeg 1600w\" sizes=\"(max-width: 1024px) 100vw, 1024px\" \/><\/figure>\n\n\n\n<figure class=\"wp-block-image size-large\"><img decoding=\"async\" width=\"1024\" height=\"768\" src=\"https:\/\/fadeu.urantiacos.cl\/wp-content\/uploads\/2023\/09\/WhatsApp_Image_2022-08-25_at_2.55.23_PM-1024x768.jpeg\" alt=\"\" class=\"wp-image-4286\" srcset=\"https:\/\/fadeu.urantiacos.cl\/wp-content\/uploads\/2023\/09\/WhatsApp_Image_2022-08-25_at_2.55.23_PM-1024x768.jpeg 1024w, https:\/\/fadeu.urantiacos.cl\/wp-content\/uploads\/2023\/09\/WhatsApp_Image_2022-08-25_at_2.55.23_PM-300x225.jpeg 300w, https:\/\/fadeu.urantiacos.cl\/wp-content\/uploads\/2023\/09\/WhatsApp_Image_2022-08-25_at_2.55.23_PM-768x576.jpeg 768w, https:\/\/fadeu.urantiacos.cl\/wp-content\/uploads\/2023\/09\/WhatsApp_Image_2022-08-25_at_2.55.23_PM-1536x1152.jpeg 1536w, https:\/\/fadeu.urantiacos.cl\/wp-content\/uploads\/2023\/09\/WhatsApp_Image_2022-08-25_at_2.55.23_PM.jpeg 1600w\" sizes=\"(max-width: 1024px) 100vw, 1024px\" \/><\/figure>\n\n\n\n<figure class=\"wp-block-image size-large\"><img decoding=\"async\" width=\"1024\" height=\"768\" src=\"https:\/\/fadeu.urantiacos.cl\/wp-content\/uploads\/2023\/09\/WhatsApp_Image_2022-08-25_at_2.55.26_PM-1024x768.jpeg\" alt=\"\" class=\"wp-image-4287\" srcset=\"https:\/\/fadeu.urantiacos.cl\/wp-content\/uploads\/2023\/09\/WhatsApp_Image_2022-08-25_at_2.55.26_PM-1024x768.jpeg 1024w, https:\/\/fadeu.urantiacos.cl\/wp-content\/uploads\/2023\/09\/WhatsApp_Image_2022-08-25_at_2.55.26_PM-300x225.jpeg 300w, https:\/\/fadeu.urantiacos.cl\/wp-content\/uploads\/2023\/09\/WhatsApp_Image_2022-08-25_at_2.55.26_PM-768x576.jpeg 768w, https:\/\/fadeu.urantiacos.cl\/wp-content\/uploads\/2023\/09\/WhatsApp_Image_2022-08-25_at_2.55.26_PM-1536x1152.jpeg 1536w, https:\/\/fadeu.urantiacos.cl\/wp-content\/uploads\/2023\/09\/WhatsApp_Image_2022-08-25_at_2.55.26_PM.jpeg 1600w\" sizes=\"(max-width: 1024px) 100vw, 1024px\" \/><\/figure>\n\n\n\n<figure class=\"wp-block-image size-large\"><img decoding=\"async\" width=\"1024\" height=\"768\" src=\"https:\/\/fadeu.urantiacos.cl\/wp-content\/uploads\/2023\/09\/WhatsApp_Image_2022-08-25_at_2.55.28_PM-1024x768.jpeg\" alt=\"\" class=\"wp-image-4288\" srcset=\"https:\/\/fadeu.urantiacos.cl\/wp-content\/uploads\/2023\/09\/WhatsApp_Image_2022-08-25_at_2.55.28_PM-1024x768.jpeg 1024w, https:\/\/fadeu.urantiacos.cl\/wp-content\/uploads\/2023\/09\/WhatsApp_Image_2022-08-25_at_2.55.28_PM-300x225.jpeg 300w, https:\/\/fadeu.urantiacos.cl\/wp-content\/uploads\/2023\/09\/WhatsApp_Image_2022-08-25_at_2.55.28_PM-768x576.jpeg 768w, https:\/\/fadeu.urantiacos.cl\/wp-content\/uploads\/2023\/09\/WhatsApp_Image_2022-08-25_at_2.55.28_PM-1536x1152.jpeg 1536w, https:\/\/fadeu.urantiacos.cl\/wp-content\/uploads\/2023\/09\/WhatsApp_Image_2022-08-25_at_2.55.28_PM.jpeg 1600w\" sizes=\"(max-width: 1024px) 100vw, 1024px\" \/><\/figure>\n","protected":false},"excerpt":{"rendered":"<p>En una emotiva ceremonia desarrollada en el sal\u00f3n Sergio Larra\u00edn Garc\u00eda-Moreno (campus Lo Contador UC), y acompa\u00f1ado de su familia, el destacado arquitecto y Premio Nacional de Arquitectura (2010), Enrique Browne, formaliz\u00f3 la donaci\u00f3n de su obra al Archivo de Originales FADEU, instancia que fue presidida por el Decano de la Facultad de Arquitectura, Dise\u00f1o y Estudios Urbanos (FADEU), Mario Ubilla.<\/p>\n","protected":false},"author":1,"featured_media":4283,"comment_status":"open","ping_status":"open","sticky":false,"template":"","format":"standard","meta":{"_acf_changed":false,"footnotes":""},"categories":[1],"tags":[],"class_list":["post-4282","post","type-post","status-publish","format-standard","has-post-thumbnail","hentry","category-sin-categorizar"],"acf":[],"yoast_head":"<!-- This site is optimized with the Yoast SEO plugin v27.1.1 - https:\/\/yoast.com\/product\/yoast-seo-wordpress\/ -->\n<title>Arquitecto Enrique Browne formaliz\u00f3 donaci\u00f3n al Archivo de Originales FADEU - Facultad de Arquitectura, Dise\u00f1o y Estudios Urbanos<\/title>\n<meta name=\"description\" content=\"En una emotiva ceremonia desarrollada en el sal\u00f3n Sergio Larra\u00edn Garc\u00eda-Moreno (campus Lo Contador UC), y acompa\u00f1ado de su familia, el destacado arquitecto y Premio Nacional de Arquitectura (2010), Enrique Browne, formaliz\u00f3 la donaci\u00f3n de su obra al Archivo de Originales FADEU, instancia que fue presidida por el Decano de la Facultad de Arquitectura, Dise\u00f1o y Estudios Urbanos (FADEU), Mario Ubilla.\" \/>\n<meta name=\"robots\" content=\"index, follow, max-snippet:-1, max-image-preview:large, max-video-preview:-1\" \/>\n<link rel=\"canonical\" href=\"https:\/\/fadeu.urantiacos.cl\/en\/2022\/08\/29\/arquitecto-enrique-browne-formalizo-donacion-al-archivo-de-originales-fadeu\/\" \/>\n<meta property=\"og:locale\" content=\"en_US\" \/>\n<meta property=\"og:type\" content=\"article\" \/>\n<meta property=\"og:title\" content=\"Arquitecto Enrique Browne formaliz\u00f3 donaci\u00f3n al Archivo de Originales FADEU - Facultad de Arquitectura, Dise\u00f1o y Estudios Urbanos\" \/>\n<meta property=\"og:description\" content=\"En una emotiva ceremonia desarrollada en el sal\u00f3n Sergio Larra\u00edn Garc\u00eda-Moreno (campus Lo Contador UC), y acompa\u00f1ado de su familia, el destacado arquitecto y Premio Nacional de Arquitectura (2010), Enrique Browne, formaliz\u00f3 la donaci\u00f3n de su obra al Archivo de Originales FADEU, instancia que fue presidida por el Decano de la Facultad de Arquitectura, Dise\u00f1o y Estudios Urbanos (FADEU), Mario Ubilla.\" \/>\n<meta property=\"og:url\" content=\"https:\/\/fadeu.urantiacos.cl\/en\/2022\/08\/29\/arquitecto-enrique-browne-formalizo-donacion-al-archivo-de-originales-fadeu\/\" \/>\n<meta property=\"og:site_name\" content=\"Facultad de Arquitectura, Dise\u00f1o y Estudios Urbanos\" \/>\n<meta property=\"article:published_time\" content=\"2022-08-30T00:45:00+00:00\" \/>\n<meta property=\"article:modified_time\" content=\"2023-09-04T00:50:51+00:00\" \/>\n<meta property=\"og:image\" content=\"https:\/\/fadeu.urantiacos.cl\/wp-content\/uploads\/2023\/09\/web-WhatsApp_Image_2022-08-25_at_2.55.26_PM.jpg\" \/>\n\t<meta property=\"og:image:width\" content=\"350\" \/>\n\t<meta property=\"og:image:height\" content=\"250\" \/>\n\t<meta property=\"og:image:type\" content=\"image\/jpeg\" \/>\n<meta name=\"author\" content=\"manadmin\" \/>\n<meta name=\"twitter:card\" content=\"summary_large_image\" \/>\n<meta name=\"twitter:label1\" content=\"Written by\" \/>\n\t<meta name=\"twitter:data1\" content=\"manadmin\" \/>\n\t<meta name=\"twitter:label2\" content=\"Est. reading time\" \/>\n\t<meta name=\"twitter:data2\" content=\"4 minutes\" \/>\n<script type=\"application\/ld+json\" class=\"yoast-schema-graph\">{\"@context\":\"https:\/\/schema.org\",\"@graph\":[{\"@type\":\"Article\",\"@id\":\"https:\/\/fadeu.urantiacos.cl\/en\/2022\/08\/29\/arquitecto-enrique-browne-formalizo-donacion-al-archivo-de-originales-fadeu\/#article\",\"isPartOf\":{\"@id\":\"https:\/\/fadeu.urantiacos.cl\/en\/2022\/08\/29\/arquitecto-enrique-browne-formalizo-donacion-al-archivo-de-originales-fadeu\/\"},\"author\":{\"name\":\"manadmin\",\"@id\":\"https:\/\/fadeu.urantiacos.cl\/en\/#\/schema\/person\/d203e2e84b1c40275eac77b3061a19a2\"},\"headline\":\"Arquitecto Enrique Browne formaliz\u00f3 donaci\u00f3n al Archivo de Originales FADEU\",\"datePublished\":\"2022-08-30T00:45:00+00:00\",\"dateModified\":\"2023-09-04T00:50:51+00:00\",\"mainEntityOfPage\":{\"@id\":\"https:\/\/fadeu.urantiacos.cl\/en\/2022\/08\/29\/arquitecto-enrique-browne-formalizo-donacion-al-archivo-de-originales-fadeu\/\"},\"wordCount\":867,\"commentCount\":0,\"image\":{\"@id\":\"https:\/\/fadeu.urantiacos.cl\/en\/2022\/08\/29\/arquitecto-enrique-browne-formalizo-donacion-al-archivo-de-originales-fadeu\/#primaryimage\"},\"thumbnailUrl\":\"https:\/\/fadeu.urantiacos.cl\/wp-content\/uploads\/2023\/09\/web-WhatsApp_Image_2022-08-25_at_2.55.26_PM.jpg\",\"articleSection\":[\"Sin categorizar\"],\"inLanguage\":\"en-US\",\"potentialAction\":[{\"@type\":\"CommentAction\",\"name\":\"Comment\",\"target\":[\"https:\/\/fadeu.urantiacos.cl\/en\/2022\/08\/29\/arquitecto-enrique-browne-formalizo-donacion-al-archivo-de-originales-fadeu\/#respond\"]}]},{\"@type\":\"WebPage\",\"@id\":\"https:\/\/fadeu.urantiacos.cl\/en\/2022\/08\/29\/arquitecto-enrique-browne-formalizo-donacion-al-archivo-de-originales-fadeu\/\",\"url\":\"https:\/\/fadeu.urantiacos.cl\/en\/2022\/08\/29\/arquitecto-enrique-browne-formalizo-donacion-al-archivo-de-originales-fadeu\/\",\"name\":\"Arquitecto Enrique Browne formaliz\u00f3 donaci\u00f3n al Archivo de Originales FADEU - Facultad de Arquitectura, Dise\u00f1o y Estudios Urbanos\",\"isPartOf\":{\"@id\":\"https:\/\/fadeu.urantiacos.cl\/en\/#website\"},\"primaryImageOfPage\":{\"@id\":\"https:\/\/fadeu.urantiacos.cl\/en\/2022\/08\/29\/arquitecto-enrique-browne-formalizo-donacion-al-archivo-de-originales-fadeu\/#primaryimage\"},\"image\":{\"@id\":\"https:\/\/fadeu.urantiacos.cl\/en\/2022\/08\/29\/arquitecto-enrique-browne-formalizo-donacion-al-archivo-de-originales-fadeu\/#primaryimage\"},\"thumbnailUrl\":\"https:\/\/fadeu.urantiacos.cl\/wp-content\/uploads\/2023\/09\/web-WhatsApp_Image_2022-08-25_at_2.55.26_PM.jpg\",\"datePublished\":\"2022-08-30T00:45:00+00:00\",\"dateModified\":\"2023-09-04T00:50:51+00:00\",\"author\":{\"@id\":\"https:\/\/fadeu.urantiacos.cl\/en\/#\/schema\/person\/d203e2e84b1c40275eac77b3061a19a2\"},\"description\":\"En una emotiva ceremonia desarrollada en el sal\u00f3n Sergio Larra\u00edn Garc\u00eda-Moreno (campus Lo Contador UC), y acompa\u00f1ado de su familia, el destacado arquitecto y Premio Nacional de Arquitectura (2010), Enrique Browne, formaliz\u00f3 la donaci\u00f3n de su obra al Archivo de Originales FADEU, instancia que fue presidida por el Decano de la Facultad de Arquitectura, Dise\u00f1o y Estudios Urbanos (FADEU), Mario Ubilla.\",\"breadcrumb\":{\"@id\":\"https:\/\/fadeu.urantiacos.cl\/en\/2022\/08\/29\/arquitecto-enrique-browne-formalizo-donacion-al-archivo-de-originales-fadeu\/#breadcrumb\"},\"inLanguage\":\"en-US\",\"potentialAction\":[{\"@type\":\"ReadAction\",\"target\":[\"https:\/\/fadeu.urantiacos.cl\/en\/2022\/08\/29\/arquitecto-enrique-browne-formalizo-donacion-al-archivo-de-originales-fadeu\/\"]}]},{\"@type\":\"ImageObject\",\"inLanguage\":\"en-US\",\"@id\":\"https:\/\/fadeu.urantiacos.cl\/en\/2022\/08\/29\/arquitecto-enrique-browne-formalizo-donacion-al-archivo-de-originales-fadeu\/#primaryimage\",\"url\":\"https:\/\/fadeu.urantiacos.cl\/wp-content\/uploads\/2023\/09\/web-WhatsApp_Image_2022-08-25_at_2.55.26_PM.jpg\",\"contentUrl\":\"https:\/\/fadeu.urantiacos.cl\/wp-content\/uploads\/2023\/09\/web-WhatsApp_Image_2022-08-25_at_2.55.26_PM.jpg\",\"width\":350,\"height\":250},{\"@type\":\"BreadcrumbList\",\"@id\":\"https:\/\/fadeu.urantiacos.cl\/en\/2022\/08\/29\/arquitecto-enrique-browne-formalizo-donacion-al-archivo-de-originales-fadeu\/#breadcrumb\",\"itemListElement\":[{\"@type\":\"ListItem\",\"position\":1,\"name\":\"Portada\",\"item\":\"https:\/\/fadeu.urantiacos.cl\/en\/\"},{\"@type\":\"ListItem\",\"position\":2,\"name\":\"Arquitecto Enrique Browne formaliz\u00f3 donaci\u00f3n al Archivo de Originales FADEU\"}]},{\"@type\":\"WebSite\",\"@id\":\"https:\/\/fadeu.urantiacos.cl\/en\/#website\",\"url\":\"https:\/\/fadeu.urantiacos.cl\/en\/\",\"name\":\"Facultad de Arquitectura, Dise\u00f1o y Estudios Urbanos\",\"description\":\"Campus Lo Contador\",\"potentialAction\":[{\"@type\":\"SearchAction\",\"target\":{\"@type\":\"EntryPoint\",\"urlTemplate\":\"https:\/\/fadeu.urantiacos.cl\/en\/?s={search_term_string}\"},\"query-input\":{\"@type\":\"PropertyValueSpecification\",\"valueRequired\":true,\"valueName\":\"search_term_string\"}}],\"inLanguage\":\"en-US\"},{\"@type\":\"Person\",\"@id\":\"https:\/\/fadeu.urantiacos.cl\/en\/#\/schema\/person\/d203e2e84b1c40275eac77b3061a19a2\",\"name\":\"manadmin\",\"image\":{\"@type\":\"ImageObject\",\"inLanguage\":\"en-US\",\"@id\":\"https:\/\/fadeu.urantiacos.cl\/en\/#\/schema\/person\/image\/\",\"url\":\"https:\/\/secure.gravatar.com\/avatar\/4b1d8e3303b4a9d8968ac578947d8bc80d9aea359f388cdd4aac15cadc0e8447?s=96&d=mm&r=g\",\"contentUrl\":\"https:\/\/secure.gravatar.com\/avatar\/4b1d8e3303b4a9d8968ac578947d8bc80d9aea359f388cdd4aac15cadc0e8447?s=96&d=mm&r=g\",\"caption\":\"manadmin\"},\"sameAs\":[\"https:\/\/fadeu.urantiacos.cl\"]}]}<\/script>\n<!-- \/ Yoast SEO plugin. -->","yoast_head_json":{"title":"Arquitecto Enrique Browne formaliz\u00f3 donaci\u00f3n al Archivo de Originales FADEU - Facultad de Arquitectura, Dise\u00f1o y Estudios Urbanos","description":"En una emotiva ceremonia desarrollada en el sal\u00f3n Sergio Larra\u00edn Garc\u00eda-Moreno (campus Lo Contador UC), y acompa\u00f1ado de su familia, el destacado arquitecto y Premio Nacional de Arquitectura (2010), Enrique Browne, formaliz\u00f3 la donaci\u00f3n de su obra al Archivo de Originales FADEU, instancia que fue presidida por el Decano de la Facultad de Arquitectura, Dise\u00f1o y Estudios Urbanos (FADEU), Mario Ubilla.","robots":{"index":"index","follow":"follow","max-snippet":"max-snippet:-1","max-image-preview":"max-image-preview:large","max-video-preview":"max-video-preview:-1"},"canonical":"https:\/\/fadeu.urantiacos.cl\/en\/2022\/08\/29\/arquitecto-enrique-browne-formalizo-donacion-al-archivo-de-originales-fadeu\/","og_locale":"en_US","og_type":"article","og_title":"Arquitecto Enrique Browne formaliz\u00f3 donaci\u00f3n al Archivo de Originales FADEU - Facultad de Arquitectura, Dise\u00f1o y Estudios Urbanos","og_description":"En una emotiva ceremonia desarrollada en el sal\u00f3n Sergio Larra\u00edn Garc\u00eda-Moreno (campus Lo Contador UC), y acompa\u00f1ado de su familia, el destacado arquitecto y Premio Nacional de Arquitectura (2010), Enrique Browne, formaliz\u00f3 la donaci\u00f3n de su obra al Archivo de Originales FADEU, instancia que fue presidida por el Decano de la Facultad de Arquitectura, Dise\u00f1o y Estudios Urbanos (FADEU), Mario Ubilla.","og_url":"https:\/\/fadeu.urantiacos.cl\/en\/2022\/08\/29\/arquitecto-enrique-browne-formalizo-donacion-al-archivo-de-originales-fadeu\/","og_site_name":"Facultad de Arquitectura, Dise\u00f1o y Estudios Urbanos","article_published_time":"2022-08-30T00:45:00+00:00","article_modified_time":"2023-09-04T00:50:51+00:00","og_image":[{"width":350,"height":250,"url":"https:\/\/fadeu.urantiacos.cl\/wp-content\/uploads\/2023\/09\/web-WhatsApp_Image_2022-08-25_at_2.55.26_PM.jpg","type":"image\/jpeg"}],"author":"manadmin","twitter_card":"summary_large_image","twitter_misc":{"Written by":"manadmin","Est. reading time":"4 minutes"},"schema":{"@context":"https:\/\/schema.org","@graph":[{"@type":"Article","@id":"https:\/\/fadeu.urantiacos.cl\/en\/2022\/08\/29\/arquitecto-enrique-browne-formalizo-donacion-al-archivo-de-originales-fadeu\/#article","isPartOf":{"@id":"https:\/\/fadeu.urantiacos.cl\/en\/2022\/08\/29\/arquitecto-enrique-browne-formalizo-donacion-al-archivo-de-originales-fadeu\/"},"author":{"name":"manadmin","@id":"https:\/\/fadeu.urantiacos.cl\/en\/#\/schema\/person\/d203e2e84b1c40275eac77b3061a19a2"},"headline":"Arquitecto Enrique Browne formaliz\u00f3 donaci\u00f3n al Archivo de Originales FADEU","datePublished":"2022-08-30T00:45:00+00:00","dateModified":"2023-09-04T00:50:51+00:00","mainEntityOfPage":{"@id":"https:\/\/fadeu.urantiacos.cl\/en\/2022\/08\/29\/arquitecto-enrique-browne-formalizo-donacion-al-archivo-de-originales-fadeu\/"},"wordCount":867,"commentCount":0,"image":{"@id":"https:\/\/fadeu.urantiacos.cl\/en\/2022\/08\/29\/arquitecto-enrique-browne-formalizo-donacion-al-archivo-de-originales-fadeu\/#primaryimage"},"thumbnailUrl":"https:\/\/fadeu.urantiacos.cl\/wp-content\/uploads\/2023\/09\/web-WhatsApp_Image_2022-08-25_at_2.55.26_PM.jpg","articleSection":["Sin categorizar"],"inLanguage":"en-US","potentialAction":[{"@type":"CommentAction","name":"Comment","target":["https:\/\/fadeu.urantiacos.cl\/en\/2022\/08\/29\/arquitecto-enrique-browne-formalizo-donacion-al-archivo-de-originales-fadeu\/#respond"]}]},{"@type":"WebPage","@id":"https:\/\/fadeu.urantiacos.cl\/en\/2022\/08\/29\/arquitecto-enrique-browne-formalizo-donacion-al-archivo-de-originales-fadeu\/","url":"https:\/\/fadeu.urantiacos.cl\/en\/2022\/08\/29\/arquitecto-enrique-browne-formalizo-donacion-al-archivo-de-originales-fadeu\/","name":"Arquitecto Enrique Browne formaliz\u00f3 donaci\u00f3n al Archivo de Originales FADEU - Facultad de Arquitectura, Dise\u00f1o y Estudios Urbanos","isPartOf":{"@id":"https:\/\/fadeu.urantiacos.cl\/en\/#website"},"primaryImageOfPage":{"@id":"https:\/\/fadeu.urantiacos.cl\/en\/2022\/08\/29\/arquitecto-enrique-browne-formalizo-donacion-al-archivo-de-originales-fadeu\/#primaryimage"},"image":{"@id":"https:\/\/fadeu.urantiacos.cl\/en\/2022\/08\/29\/arquitecto-enrique-browne-formalizo-donacion-al-archivo-de-originales-fadeu\/#primaryimage"},"thumbnailUrl":"https:\/\/fadeu.urantiacos.cl\/wp-content\/uploads\/2023\/09\/web-WhatsApp_Image_2022-08-25_at_2.55.26_PM.jpg","datePublished":"2022-08-30T00:45:00+00:00","dateModified":"2023-09-04T00:50:51+00:00","author":{"@id":"https:\/\/fadeu.urantiacos.cl\/en\/#\/schema\/person\/d203e2e84b1c40275eac77b3061a19a2"},"description":"En una emotiva ceremonia desarrollada en el sal\u00f3n Sergio Larra\u00edn Garc\u00eda-Moreno (campus Lo Contador UC), y acompa\u00f1ado de su familia, el destacado arquitecto y Premio Nacional de Arquitectura (2010), Enrique Browne, formaliz\u00f3 la donaci\u00f3n de su obra al Archivo de Originales FADEU, instancia que fue presidida por el Decano de la Facultad de Arquitectura, Dise\u00f1o y Estudios Urbanos (FADEU), Mario Ubilla.","breadcrumb":{"@id":"https:\/\/fadeu.urantiacos.cl\/en\/2022\/08\/29\/arquitecto-enrique-browne-formalizo-donacion-al-archivo-de-originales-fadeu\/#breadcrumb"},"inLanguage":"en-US","potentialAction":[{"@type":"ReadAction","target":["https:\/\/fadeu.urantiacos.cl\/en\/2022\/08\/29\/arquitecto-enrique-browne-formalizo-donacion-al-archivo-de-originales-fadeu\/"]}]},{"@type":"ImageObject","inLanguage":"en-US","@id":"https:\/\/fadeu.urantiacos.cl\/en\/2022\/08\/29\/arquitecto-enrique-browne-formalizo-donacion-al-archivo-de-originales-fadeu\/#primaryimage","url":"https:\/\/fadeu.urantiacos.cl\/wp-content\/uploads\/2023\/09\/web-WhatsApp_Image_2022-08-25_at_2.55.26_PM.jpg","contentUrl":"https:\/\/fadeu.urantiacos.cl\/wp-content\/uploads\/2023\/09\/web-WhatsApp_Image_2022-08-25_at_2.55.26_PM.jpg","width":350,"height":250},{"@type":"BreadcrumbList","@id":"https:\/\/fadeu.urantiacos.cl\/en\/2022\/08\/29\/arquitecto-enrique-browne-formalizo-donacion-al-archivo-de-originales-fadeu\/#breadcrumb","itemListElement":[{"@type":"ListItem","position":1,"name":"Portada","item":"https:\/\/fadeu.urantiacos.cl\/en\/"},{"@type":"ListItem","position":2,"name":"Arquitecto Enrique Browne formaliz\u00f3 donaci\u00f3n al Archivo de Originales FADEU"}]},{"@type":"WebSite","@id":"https:\/\/fadeu.urantiacos.cl\/en\/#website","url":"https:\/\/fadeu.urantiacos.cl\/en\/","name":"Facultad de Arquitectura, Dise\u00f1o y Estudios Urbanos","description":"Campus Lo Contador","potentialAction":[{"@type":"SearchAction","target":{"@type":"EntryPoint","urlTemplate":"https:\/\/fadeu.urantiacos.cl\/en\/?s={search_term_string}"},"query-input":{"@type":"PropertyValueSpecification","valueRequired":true,"valueName":"search_term_string"}}],"inLanguage":"en-US"},{"@type":"Person","@id":"https:\/\/fadeu.urantiacos.cl\/en\/#\/schema\/person\/d203e2e84b1c40275eac77b3061a19a2","name":"manadmin","image":{"@type":"ImageObject","inLanguage":"en-US","@id":"https:\/\/fadeu.urantiacos.cl\/en\/#\/schema\/person\/image\/","url":"https:\/\/secure.gravatar.com\/avatar\/4b1d8e3303b4a9d8968ac578947d8bc80d9aea359f388cdd4aac15cadc0e8447?s=96&d=mm&r=g","contentUrl":"https:\/\/secure.gravatar.com\/avatar\/4b1d8e3303b4a9d8968ac578947d8bc80d9aea359f388cdd4aac15cadc0e8447?s=96&d=mm&r=g","caption":"manadmin"},"sameAs":["https:\/\/fadeu.urantiacos.cl"]}]}},"_links":{"self":[{"href":"https:\/\/fadeu.urantiacos.cl\/en\/wp-json\/wp\/v2\/posts\/4282","targetHints":{"allow":["GET"]}}],"collection":[{"href":"https:\/\/fadeu.urantiacos.cl\/en\/wp-json\/wp\/v2\/posts"}],"about":[{"href":"https:\/\/fadeu.urantiacos.cl\/en\/wp-json\/wp\/v2\/types\/post"}],"author":[{"embeddable":true,"href":"https:\/\/fadeu.urantiacos.cl\/en\/wp-json\/wp\/v2\/users\/1"}],"replies":[{"embeddable":true,"href":"https:\/\/fadeu.urantiacos.cl\/en\/wp-json\/wp\/v2\/comments?post=4282"}],"version-history":[{"count":1,"href":"https:\/\/fadeu.urantiacos.cl\/en\/wp-json\/wp\/v2\/posts\/4282\/revisions"}],"predecessor-version":[{"id":4289,"href":"https:\/\/fadeu.urantiacos.cl\/en\/wp-json\/wp\/v2\/posts\/4282\/revisions\/4289"}],"wp:featuredmedia":[{"embeddable":true,"href":"https:\/\/fadeu.urantiacos.cl\/en\/wp-json\/wp\/v2\/media\/4283"}],"wp:attachment":[{"href":"https:\/\/fadeu.urantiacos.cl\/en\/wp-json\/wp\/v2\/media?parent=4282"}],"wp:term":[{"taxonomy":"category","embeddable":true,"href":"https:\/\/fadeu.urantiacos.cl\/en\/wp-json\/wp\/v2\/categories?post=4282"},{"taxonomy":"post_tag","embeddable":true,"href":"https:\/\/fadeu.urantiacos.cl\/en\/wp-json\/wp\/v2\/tags?post=4282"}],"curies":[{"name":"wp","href":"https:\/\/api.w.org\/{rel}","templated":true}]}}