{"id":4275,"date":"2022-08-29T21:38:00","date_gmt":"2022-08-30T00:38:00","guid":{"rendered":"https:\/\/fadeu.urantiacos.cl\/?p=4275"},"modified":"2023-09-03T21:41:09","modified_gmt":"2023-09-04T00:41:09","slug":"michael-widener-presento-su-investigacion-acerca-de-el-entorno-alimentario-urbano","status":"publish","type":"post","link":"https:\/\/fadeu.urantiacos.cl\/en\/2022\/08\/29\/michael-widener-presento-su-investigacion-acerca-de-el-entorno-alimentario-urbano\/","title":{"rendered":"Michael Widener present\u00f3 su investigaci\u00f3n acerca de \u201cEl Entorno alimentario urbano&#8221;"},"content":{"rendered":"\n<figure class=\"wp-block-image size-full\"><img decoding=\"async\" width=\"350\" height=\"250\" src=\"https:\/\/fadeu.urantiacos.cl\/wp-content\/uploads\/2023\/09\/web_image_67202561-scaled-1.jpg\" alt=\"\" class=\"wp-image-4276\" srcset=\"https:\/\/fadeu.urantiacos.cl\/wp-content\/uploads\/2023\/09\/web_image_67202561-scaled-1.jpg 350w, https:\/\/fadeu.urantiacos.cl\/wp-content\/uploads\/2023\/09\/web_image_67202561-scaled-1-300x214.jpg 300w\" sizes=\"(max-width: 350px) 100vw, 350px\" \/><\/figure>\n\n\n\n<p>Widener lleva alg\u00fan tiempo trabajando en temas de accesibilidad alimentaria en colaboraci\u00f3n con la profesora Rojas, primero, en el marco del proyecto de investigaci\u00f3n Fondecyt&nbsp;<a href=\"https:\/\/estudiosurbanos.uc.cl\/investigacion\/an-interdependence-social-networks-gender-approach-to-understand-daily-activity-travel-and-mobility-of-care-in-two-chilean-cities\/\" target=\"_blank\" rel=\"noreferrer noopener\">\u201cAn interdependence, social networks, gender approach to understand daily activity-travel and mobility of care in two Chilean cities\u201d<\/a>, donde han elaborada mapas de accesibilidad de viajes no productivos como las compras de comida para la ciudad de Concepci\u00f3n y luego, como colaborador internacional del proyecto&nbsp;<a href=\"https:\/\/estudiosurbanos.uc.cl\/investigacion\/impactos-del-covid-en-la-huella-de-carbono-de-hogares-de-chile\/\" target=\"_blank\" rel=\"noreferrer noopener\">Anid Covid 19 de huella de carbono<\/a>, donde Michael Widener aport\u00f3 en las formas de medir la movilidad por el tranporte y compra de alimentos, por ejemplo sobre el delivery y c\u00f3mo estas nuevas formas impactan los patrones alimentarios de los hogares en la pandemia.<\/p>\n\n\n\n<h3 class=\"wp-block-heading\">\u00bfC\u00f3mo afecta el entorno alimentario urbano en la salud y bienestar de los habitantes?<\/h3>\n\n\n\n<p>Su investigaci\u00f3n busca profundizar en la geograf\u00eda de los comportamientos alimentarios de las personas y c\u00f3mo \u00e9stas se relacionan con el entorno urbano construido a trav\u00e9s de un modelo socio-ecol\u00f3gico.<\/p>\n\n\n\n<p>La tesis de partida es que los alimentos a los que se tiene acceso en el entorno inmediato del hogar o del trabajo, inciden en la dieta y en la salud de las personas. La investigaci\u00f3n vincula la salud f\u00edsica y mental de las personas con las transformaciones del entorno alimentario urbano. Tomando en consideraci\u00f3n el acceso, las formas de compra y venta de productos, las rutinas, tiempos de viaje y dietas alimentarias de las personas. &nbsp;<\/p>\n\n\n\n<p>El estudio se realiz\u00f3 en dos barrios de Toronto, socioecon\u00f3micamente similares, uno con mejor acceso a la movilizaci\u00f3n y al alimento y otro m\u00e1s aislado. Se recogieron datos de 125 personas a trav\u00e9s de una encuesta para entender la dieta, estado de salud, formas de movilizaci\u00f3n, y luego se registr\u00f3 el movimiento y la alimentaci\u00f3n por 7 d\u00edas.<\/p>\n\n\n\n<p>Para la investigadora&nbsp;<a href=\"https:\/\/estudiosurbanos.uc.cl\/academicos\/carolina-rojas-quezada\/\" target=\"_blank\" rel=\"noreferrer noopener\">Carolina Rojas<\/a>, el aporte de la investigaci\u00f3n es muy relevante para \u00abla planificaci\u00f3n de ciudades m\u00e1s sanas que permitan y faciliten a las personas el acceso a modos de vida m\u00e1s saludables y sustentables, debido a que&nbsp;los patrones de movilidad y tambi\u00e9n otros factores como la comida procesada han cambiado la forma en que nos alimentamos; adem\u00e1s esta presenta diferencias, por ingresos y tambi\u00e9n por el g\u00e9nero. Nuestra dieta no s\u00f3lo es relevante en nuestro hogar, tambi\u00e9n lo es en nuestros trayectos a la escuela, universidad, trabajo entre otros, incluso en nuestra consciencia sobre el impacto ambiental que provocamos\u00bb.<\/p>\n\n\n\n<figure class=\"wp-block-embed is-type-video is-provider-youtube wp-block-embed-youtube wp-embed-aspect-16-9 wp-has-aspect-ratio\"><div class=\"wp-block-embed__wrapper\">\n<iframe loading=\"lazy\" title=\"CHARLA INTERNACIONAL | Urban Food Environment Research | Michael Widener\" width=\"500\" height=\"281\" src=\"https:\/\/www.youtube.com\/embed\/Dz6dxvoKuc4?feature=oembed\" frameborder=\"0\" allow=\"accelerometer; autoplay; clipboard-write; encrypted-media; gyroscope; picture-in-picture; web-share\" referrerpolicy=\"strict-origin-when-cross-origin\" allowfullscreen><\/iframe>\n<\/div><\/figure>\n\n\n\n<p>INFORMACI\u00d3N PERIOD\u00cdSTICA<br>INSTITUTO DE ESTUDIOS\u00a0 URBANOS\u00a0<\/p>\n","protected":false},"excerpt":{"rendered":"<p>La actividad se realiz\u00f3 el viernes 26 de Agosto y fue organizada por el proyecto Fondecyt N\u00b01201362, en el que participa la investigadora Carolina Rojas, y CEDEUS . La exposici\u00f3n se titul\u00f3 \u00abUrban Food Environment Research: How time, movement, and (sometimes) big data are transforming the study of food shopping in cities\u00bb y fue dictada por el acad\u00e9mico Michael Widener, miembro del departamento de Geograf\u00eda y Planificaci\u00f3n en la Universidad de Toronto.<\/p>\n","protected":false},"author":1,"featured_media":4276,"comment_status":"open","ping_status":"open","sticky":false,"template":"","format":"standard","meta":{"_acf_changed":false,"footnotes":""},"categories":[1],"tags":[],"class_list":["post-4275","post","type-post","status-publish","format-standard","has-post-thumbnail","hentry","category-sin-categorizar"],"acf":[],"yoast_head":"<!-- This site is optimized with the Yoast SEO plugin v27.1.1 - https:\/\/yoast.com\/product\/yoast-seo-wordpress\/ -->\n<title>Michael Widener present\u00f3 su investigaci\u00f3n acerca de \u201cEl Entorno alimentario urbano&quot; - Facultad de Arquitectura, Dise\u00f1o y Estudios Urbanos<\/title>\n<meta name=\"description\" content=\"La actividad se realiz\u00f3 el viernes 26 de Agosto y fue organizada por el proyecto Fondecyt N\u00b01201362, en el que participa la investigadora Carolina Rojas, y CEDEUS . La exposici\u00f3n se titul\u00f3 \u00abUrban Food Environment Research: How time, movement, and (sometimes) big data are transforming the study of food shopping in cities\u00bb y fue dictada por el acad\u00e9mico Michael Widener, miembro del departamento de Geograf\u00eda y Planificaci\u00f3n en la Universidad de Toronto.\" \/>\n<meta name=\"robots\" content=\"index, follow, max-snippet:-1, max-image-preview:large, max-video-preview:-1\" \/>\n<link rel=\"canonical\" href=\"https:\/\/fadeu.urantiacos.cl\/en\/2022\/08\/29\/michael-widener-presento-su-investigacion-acerca-de-el-entorno-alimentario-urbano\/\" \/>\n<meta property=\"og:locale\" content=\"en_US\" \/>\n<meta property=\"og:type\" content=\"article\" \/>\n<meta property=\"og:title\" content=\"Michael Widener present\u00f3 su investigaci\u00f3n acerca de \u201cEl Entorno alimentario urbano&quot; - Facultad de Arquitectura, Dise\u00f1o y Estudios Urbanos\" \/>\n<meta property=\"og:description\" content=\"La actividad se realiz\u00f3 el viernes 26 de Agosto y fue organizada por el proyecto Fondecyt N\u00b01201362, en el que participa la investigadora Carolina Rojas, y CEDEUS . La exposici\u00f3n se titul\u00f3 \u00abUrban Food Environment Research: How time, movement, and (sometimes) big data are transforming the study of food shopping in cities\u00bb y fue dictada por el acad\u00e9mico Michael Widener, miembro del departamento de Geograf\u00eda y Planificaci\u00f3n en la Universidad de Toronto.\" \/>\n<meta property=\"og:url\" content=\"https:\/\/fadeu.urantiacos.cl\/en\/2022\/08\/29\/michael-widener-presento-su-investigacion-acerca-de-el-entorno-alimentario-urbano\/\" \/>\n<meta property=\"og:site_name\" content=\"Facultad de Arquitectura, Dise\u00f1o y Estudios Urbanos\" \/>\n<meta property=\"article:published_time\" content=\"2022-08-30T00:38:00+00:00\" \/>\n<meta property=\"article:modified_time\" content=\"2023-09-04T00:41:09+00:00\" \/>\n<meta property=\"og:image\" content=\"https:\/\/fadeu.urantiacos.cl\/wp-content\/uploads\/2023\/09\/web_image_67202561-scaled-1.jpg\" \/>\n\t<meta property=\"og:image:width\" content=\"350\" \/>\n\t<meta property=\"og:image:height\" content=\"250\" \/>\n\t<meta property=\"og:image:type\" content=\"image\/jpeg\" \/>\n<meta name=\"author\" content=\"manadmin\" \/>\n<meta name=\"twitter:card\" content=\"summary_large_image\" \/>\n<meta name=\"twitter:label1\" content=\"Written by\" \/>\n\t<meta name=\"twitter:data1\" content=\"manadmin\" \/>\n\t<meta name=\"twitter:label2\" content=\"Est. reading time\" \/>\n\t<meta name=\"twitter:data2\" content=\"2 minutes\" \/>\n<script type=\"application\/ld+json\" class=\"yoast-schema-graph\">{\"@context\":\"https:\/\/schema.org\",\"@graph\":[{\"@type\":\"Article\",\"@id\":\"https:\/\/fadeu.urantiacos.cl\/en\/2022\/08\/29\/michael-widener-presento-su-investigacion-acerca-de-el-entorno-alimentario-urbano\/#article\",\"isPartOf\":{\"@id\":\"https:\/\/fadeu.urantiacos.cl\/en\/2022\/08\/29\/michael-widener-presento-su-investigacion-acerca-de-el-entorno-alimentario-urbano\/\"},\"author\":{\"name\":\"manadmin\",\"@id\":\"https:\/\/fadeu.urantiacos.cl\/en\/#\/schema\/person\/d203e2e84b1c40275eac77b3061a19a2\"},\"headline\":\"Michael Widener present\u00f3 su investigaci\u00f3n acerca de \u201cEl Entorno alimentario urbano&#8221;\",\"datePublished\":\"2022-08-30T00:38:00+00:00\",\"dateModified\":\"2023-09-04T00:41:09+00:00\",\"mainEntityOfPage\":{\"@id\":\"https:\/\/fadeu.urantiacos.cl\/en\/2022\/08\/29\/michael-widener-presento-su-investigacion-acerca-de-el-entorno-alimentario-urbano\/\"},\"wordCount\":453,\"commentCount\":0,\"image\":{\"@id\":\"https:\/\/fadeu.urantiacos.cl\/en\/2022\/08\/29\/michael-widener-presento-su-investigacion-acerca-de-el-entorno-alimentario-urbano\/#primaryimage\"},\"thumbnailUrl\":\"https:\/\/fadeu.urantiacos.cl\/wp-content\/uploads\/2023\/09\/web_image_67202561-scaled-1.jpg\",\"articleSection\":[\"Sin categorizar\"],\"inLanguage\":\"en-US\",\"potentialAction\":[{\"@type\":\"CommentAction\",\"name\":\"Comment\",\"target\":[\"https:\/\/fadeu.urantiacos.cl\/en\/2022\/08\/29\/michael-widener-presento-su-investigacion-acerca-de-el-entorno-alimentario-urbano\/#respond\"]}]},{\"@type\":\"WebPage\",\"@id\":\"https:\/\/fadeu.urantiacos.cl\/en\/2022\/08\/29\/michael-widener-presento-su-investigacion-acerca-de-el-entorno-alimentario-urbano\/\",\"url\":\"https:\/\/fadeu.urantiacos.cl\/en\/2022\/08\/29\/michael-widener-presento-su-investigacion-acerca-de-el-entorno-alimentario-urbano\/\",\"name\":\"Michael Widener present\u00f3 su investigaci\u00f3n acerca de \u201cEl Entorno alimentario urbano\\\" - Facultad de Arquitectura, Dise\u00f1o y Estudios Urbanos\",\"isPartOf\":{\"@id\":\"https:\/\/fadeu.urantiacos.cl\/en\/#website\"},\"primaryImageOfPage\":{\"@id\":\"https:\/\/fadeu.urantiacos.cl\/en\/2022\/08\/29\/michael-widener-presento-su-investigacion-acerca-de-el-entorno-alimentario-urbano\/#primaryimage\"},\"image\":{\"@id\":\"https:\/\/fadeu.urantiacos.cl\/en\/2022\/08\/29\/michael-widener-presento-su-investigacion-acerca-de-el-entorno-alimentario-urbano\/#primaryimage\"},\"thumbnailUrl\":\"https:\/\/fadeu.urantiacos.cl\/wp-content\/uploads\/2023\/09\/web_image_67202561-scaled-1.jpg\",\"datePublished\":\"2022-08-30T00:38:00+00:00\",\"dateModified\":\"2023-09-04T00:41:09+00:00\",\"author\":{\"@id\":\"https:\/\/fadeu.urantiacos.cl\/en\/#\/schema\/person\/d203e2e84b1c40275eac77b3061a19a2\"},\"description\":\"La actividad se realiz\u00f3 el viernes 26 de Agosto y fue organizada por el proyecto Fondecyt N\u00b01201362, en el que participa la investigadora Carolina Rojas, y CEDEUS . La exposici\u00f3n se titul\u00f3 \u00abUrban Food Environment Research: How time, movement, and (sometimes) big data are transforming the study of food shopping in cities\u00bb y fue dictada por el acad\u00e9mico Michael Widener, miembro del departamento de Geograf\u00eda y Planificaci\u00f3n en la Universidad de Toronto.\",\"breadcrumb\":{\"@id\":\"https:\/\/fadeu.urantiacos.cl\/en\/2022\/08\/29\/michael-widener-presento-su-investigacion-acerca-de-el-entorno-alimentario-urbano\/#breadcrumb\"},\"inLanguage\":\"en-US\",\"potentialAction\":[{\"@type\":\"ReadAction\",\"target\":[\"https:\/\/fadeu.urantiacos.cl\/en\/2022\/08\/29\/michael-widener-presento-su-investigacion-acerca-de-el-entorno-alimentario-urbano\/\"]}]},{\"@type\":\"ImageObject\",\"inLanguage\":\"en-US\",\"@id\":\"https:\/\/fadeu.urantiacos.cl\/en\/2022\/08\/29\/michael-widener-presento-su-investigacion-acerca-de-el-entorno-alimentario-urbano\/#primaryimage\",\"url\":\"https:\/\/fadeu.urantiacos.cl\/wp-content\/uploads\/2023\/09\/web_image_67202561-scaled-1.jpg\",\"contentUrl\":\"https:\/\/fadeu.urantiacos.cl\/wp-content\/uploads\/2023\/09\/web_image_67202561-scaled-1.jpg\",\"width\":350,\"height\":250},{\"@type\":\"BreadcrumbList\",\"@id\":\"https:\/\/fadeu.urantiacos.cl\/en\/2022\/08\/29\/michael-widener-presento-su-investigacion-acerca-de-el-entorno-alimentario-urbano\/#breadcrumb\",\"itemListElement\":[{\"@type\":\"ListItem\",\"position\":1,\"name\":\"Portada\",\"item\":\"https:\/\/fadeu.urantiacos.cl\/en\/\"},{\"@type\":\"ListItem\",\"position\":2,\"name\":\"Michael Widener present\u00f3 su investigaci\u00f3n acerca de \u201cEl Entorno alimentario urbano&#8221;\"}]},{\"@type\":\"WebSite\",\"@id\":\"https:\/\/fadeu.urantiacos.cl\/en\/#website\",\"url\":\"https:\/\/fadeu.urantiacos.cl\/en\/\",\"name\":\"Facultad de Arquitectura, Dise\u00f1o y Estudios Urbanos\",\"description\":\"Campus Lo Contador\",\"potentialAction\":[{\"@type\":\"SearchAction\",\"target\":{\"@type\":\"EntryPoint\",\"urlTemplate\":\"https:\/\/fadeu.urantiacos.cl\/en\/?s={search_term_string}\"},\"query-input\":{\"@type\":\"PropertyValueSpecification\",\"valueRequired\":true,\"valueName\":\"search_term_string\"}}],\"inLanguage\":\"en-US\"},{\"@type\":\"Person\",\"@id\":\"https:\/\/fadeu.urantiacos.cl\/en\/#\/schema\/person\/d203e2e84b1c40275eac77b3061a19a2\",\"name\":\"manadmin\",\"image\":{\"@type\":\"ImageObject\",\"inLanguage\":\"en-US\",\"@id\":\"https:\/\/fadeu.urantiacos.cl\/en\/#\/schema\/person\/image\/\",\"url\":\"https:\/\/secure.gravatar.com\/avatar\/4b1d8e3303b4a9d8968ac578947d8bc80d9aea359f388cdd4aac15cadc0e8447?s=96&d=mm&r=g\",\"contentUrl\":\"https:\/\/secure.gravatar.com\/avatar\/4b1d8e3303b4a9d8968ac578947d8bc80d9aea359f388cdd4aac15cadc0e8447?s=96&d=mm&r=g\",\"caption\":\"manadmin\"},\"sameAs\":[\"https:\/\/fadeu.urantiacos.cl\"]}]}<\/script>\n<!-- \/ Yoast SEO plugin. -->","yoast_head_json":{"title":"Michael Widener present\u00f3 su investigaci\u00f3n acerca de \u201cEl Entorno alimentario urbano\" - Facultad de Arquitectura, Dise\u00f1o y Estudios Urbanos","description":"La actividad se realiz\u00f3 el viernes 26 de Agosto y fue organizada por el proyecto Fondecyt N\u00b01201362, en el que participa la investigadora Carolina Rojas, y CEDEUS . La exposici\u00f3n se titul\u00f3 \u00abUrban Food Environment Research: How time, movement, and (sometimes) big data are transforming the study of food shopping in cities\u00bb y fue dictada por el acad\u00e9mico Michael Widener, miembro del departamento de Geograf\u00eda y Planificaci\u00f3n en la Universidad de Toronto.","robots":{"index":"index","follow":"follow","max-snippet":"max-snippet:-1","max-image-preview":"max-image-preview:large","max-video-preview":"max-video-preview:-1"},"canonical":"https:\/\/fadeu.urantiacos.cl\/en\/2022\/08\/29\/michael-widener-presento-su-investigacion-acerca-de-el-entorno-alimentario-urbano\/","og_locale":"en_US","og_type":"article","og_title":"Michael Widener present\u00f3 su investigaci\u00f3n acerca de \u201cEl Entorno alimentario urbano\" - Facultad de Arquitectura, Dise\u00f1o y Estudios Urbanos","og_description":"La actividad se realiz\u00f3 el viernes 26 de Agosto y fue organizada por el proyecto Fondecyt N\u00b01201362, en el que participa la investigadora Carolina Rojas, y CEDEUS . La exposici\u00f3n se titul\u00f3 \u00abUrban Food Environment Research: How time, movement, and (sometimes) big data are transforming the study of food shopping in cities\u00bb y fue dictada por el acad\u00e9mico Michael Widener, miembro del departamento de Geograf\u00eda y Planificaci\u00f3n en la Universidad de Toronto.","og_url":"https:\/\/fadeu.urantiacos.cl\/en\/2022\/08\/29\/michael-widener-presento-su-investigacion-acerca-de-el-entorno-alimentario-urbano\/","og_site_name":"Facultad de Arquitectura, Dise\u00f1o y Estudios Urbanos","article_published_time":"2022-08-30T00:38:00+00:00","article_modified_time":"2023-09-04T00:41:09+00:00","og_image":[{"width":350,"height":250,"url":"https:\/\/fadeu.urantiacos.cl\/wp-content\/uploads\/2023\/09\/web_image_67202561-scaled-1.jpg","type":"image\/jpeg"}],"author":"manadmin","twitter_card":"summary_large_image","twitter_misc":{"Written by":"manadmin","Est. reading time":"2 minutes"},"schema":{"@context":"https:\/\/schema.org","@graph":[{"@type":"Article","@id":"https:\/\/fadeu.urantiacos.cl\/en\/2022\/08\/29\/michael-widener-presento-su-investigacion-acerca-de-el-entorno-alimentario-urbano\/#article","isPartOf":{"@id":"https:\/\/fadeu.urantiacos.cl\/en\/2022\/08\/29\/michael-widener-presento-su-investigacion-acerca-de-el-entorno-alimentario-urbano\/"},"author":{"name":"manadmin","@id":"https:\/\/fadeu.urantiacos.cl\/en\/#\/schema\/person\/d203e2e84b1c40275eac77b3061a19a2"},"headline":"Michael Widener present\u00f3 su investigaci\u00f3n acerca de \u201cEl Entorno alimentario urbano&#8221;","datePublished":"2022-08-30T00:38:00+00:00","dateModified":"2023-09-04T00:41:09+00:00","mainEntityOfPage":{"@id":"https:\/\/fadeu.urantiacos.cl\/en\/2022\/08\/29\/michael-widener-presento-su-investigacion-acerca-de-el-entorno-alimentario-urbano\/"},"wordCount":453,"commentCount":0,"image":{"@id":"https:\/\/fadeu.urantiacos.cl\/en\/2022\/08\/29\/michael-widener-presento-su-investigacion-acerca-de-el-entorno-alimentario-urbano\/#primaryimage"},"thumbnailUrl":"https:\/\/fadeu.urantiacos.cl\/wp-content\/uploads\/2023\/09\/web_image_67202561-scaled-1.jpg","articleSection":["Sin categorizar"],"inLanguage":"en-US","potentialAction":[{"@type":"CommentAction","name":"Comment","target":["https:\/\/fadeu.urantiacos.cl\/en\/2022\/08\/29\/michael-widener-presento-su-investigacion-acerca-de-el-entorno-alimentario-urbano\/#respond"]}]},{"@type":"WebPage","@id":"https:\/\/fadeu.urantiacos.cl\/en\/2022\/08\/29\/michael-widener-presento-su-investigacion-acerca-de-el-entorno-alimentario-urbano\/","url":"https:\/\/fadeu.urantiacos.cl\/en\/2022\/08\/29\/michael-widener-presento-su-investigacion-acerca-de-el-entorno-alimentario-urbano\/","name":"Michael Widener present\u00f3 su investigaci\u00f3n acerca de \u201cEl Entorno alimentario urbano\" - Facultad de Arquitectura, Dise\u00f1o y Estudios Urbanos","isPartOf":{"@id":"https:\/\/fadeu.urantiacos.cl\/en\/#website"},"primaryImageOfPage":{"@id":"https:\/\/fadeu.urantiacos.cl\/en\/2022\/08\/29\/michael-widener-presento-su-investigacion-acerca-de-el-entorno-alimentario-urbano\/#primaryimage"},"image":{"@id":"https:\/\/fadeu.urantiacos.cl\/en\/2022\/08\/29\/michael-widener-presento-su-investigacion-acerca-de-el-entorno-alimentario-urbano\/#primaryimage"},"thumbnailUrl":"https:\/\/fadeu.urantiacos.cl\/wp-content\/uploads\/2023\/09\/web_image_67202561-scaled-1.jpg","datePublished":"2022-08-30T00:38:00+00:00","dateModified":"2023-09-04T00:41:09+00:00","author":{"@id":"https:\/\/fadeu.urantiacos.cl\/en\/#\/schema\/person\/d203e2e84b1c40275eac77b3061a19a2"},"description":"La actividad se realiz\u00f3 el viernes 26 de Agosto y fue organizada por el proyecto Fondecyt N\u00b01201362, en el que participa la investigadora Carolina Rojas, y CEDEUS . La exposici\u00f3n se titul\u00f3 \u00abUrban Food Environment Research: How time, movement, and (sometimes) big data are transforming the study of food shopping in cities\u00bb y fue dictada por el acad\u00e9mico Michael Widener, miembro del departamento de Geograf\u00eda y Planificaci\u00f3n en la Universidad de Toronto.","breadcrumb":{"@id":"https:\/\/fadeu.urantiacos.cl\/en\/2022\/08\/29\/michael-widener-presento-su-investigacion-acerca-de-el-entorno-alimentario-urbano\/#breadcrumb"},"inLanguage":"en-US","potentialAction":[{"@type":"ReadAction","target":["https:\/\/fadeu.urantiacos.cl\/en\/2022\/08\/29\/michael-widener-presento-su-investigacion-acerca-de-el-entorno-alimentario-urbano\/"]}]},{"@type":"ImageObject","inLanguage":"en-US","@id":"https:\/\/fadeu.urantiacos.cl\/en\/2022\/08\/29\/michael-widener-presento-su-investigacion-acerca-de-el-entorno-alimentario-urbano\/#primaryimage","url":"https:\/\/fadeu.urantiacos.cl\/wp-content\/uploads\/2023\/09\/web_image_67202561-scaled-1.jpg","contentUrl":"https:\/\/fadeu.urantiacos.cl\/wp-content\/uploads\/2023\/09\/web_image_67202561-scaled-1.jpg","width":350,"height":250},{"@type":"BreadcrumbList","@id":"https:\/\/fadeu.urantiacos.cl\/en\/2022\/08\/29\/michael-widener-presento-su-investigacion-acerca-de-el-entorno-alimentario-urbano\/#breadcrumb","itemListElement":[{"@type":"ListItem","position":1,"name":"Portada","item":"https:\/\/fadeu.urantiacos.cl\/en\/"},{"@type":"ListItem","position":2,"name":"Michael Widener present\u00f3 su investigaci\u00f3n acerca de \u201cEl Entorno alimentario urbano&#8221;"}]},{"@type":"WebSite","@id":"https:\/\/fadeu.urantiacos.cl\/en\/#website","url":"https:\/\/fadeu.urantiacos.cl\/en\/","name":"Facultad de Arquitectura, Dise\u00f1o y Estudios Urbanos","description":"Campus Lo Contador","potentialAction":[{"@type":"SearchAction","target":{"@type":"EntryPoint","urlTemplate":"https:\/\/fadeu.urantiacos.cl\/en\/?s={search_term_string}"},"query-input":{"@type":"PropertyValueSpecification","valueRequired":true,"valueName":"search_term_string"}}],"inLanguage":"en-US"},{"@type":"Person","@id":"https:\/\/fadeu.urantiacos.cl\/en\/#\/schema\/person\/d203e2e84b1c40275eac77b3061a19a2","name":"manadmin","image":{"@type":"ImageObject","inLanguage":"en-US","@id":"https:\/\/fadeu.urantiacos.cl\/en\/#\/schema\/person\/image\/","url":"https:\/\/secure.gravatar.com\/avatar\/4b1d8e3303b4a9d8968ac578947d8bc80d9aea359f388cdd4aac15cadc0e8447?s=96&d=mm&r=g","contentUrl":"https:\/\/secure.gravatar.com\/avatar\/4b1d8e3303b4a9d8968ac578947d8bc80d9aea359f388cdd4aac15cadc0e8447?s=96&d=mm&r=g","caption":"manadmin"},"sameAs":["https:\/\/fadeu.urantiacos.cl"]}]}},"_links":{"self":[{"href":"https:\/\/fadeu.urantiacos.cl\/en\/wp-json\/wp\/v2\/posts\/4275","targetHints":{"allow":["GET"]}}],"collection":[{"href":"https:\/\/fadeu.urantiacos.cl\/en\/wp-json\/wp\/v2\/posts"}],"about":[{"href":"https:\/\/fadeu.urantiacos.cl\/en\/wp-json\/wp\/v2\/types\/post"}],"author":[{"embeddable":true,"href":"https:\/\/fadeu.urantiacos.cl\/en\/wp-json\/wp\/v2\/users\/1"}],"replies":[{"embeddable":true,"href":"https:\/\/fadeu.urantiacos.cl\/en\/wp-json\/wp\/v2\/comments?post=4275"}],"version-history":[{"count":1,"href":"https:\/\/fadeu.urantiacos.cl\/en\/wp-json\/wp\/v2\/posts\/4275\/revisions"}],"predecessor-version":[{"id":4277,"href":"https:\/\/fadeu.urantiacos.cl\/en\/wp-json\/wp\/v2\/posts\/4275\/revisions\/4277"}],"wp:featuredmedia":[{"embeddable":true,"href":"https:\/\/fadeu.urantiacos.cl\/en\/wp-json\/wp\/v2\/media\/4276"}],"wp:attachment":[{"href":"https:\/\/fadeu.urantiacos.cl\/en\/wp-json\/wp\/v2\/media?parent=4275"}],"wp:term":[{"taxonomy":"category","embeddable":true,"href":"https:\/\/fadeu.urantiacos.cl\/en\/wp-json\/wp\/v2\/categories?post=4275"},{"taxonomy":"post_tag","embeddable":true,"href":"https:\/\/fadeu.urantiacos.cl\/en\/wp-json\/wp\/v2\/tags?post=4275"}],"curies":[{"name":"wp","href":"https:\/\/api.w.org\/{rel}","templated":true}]}}