{"id":4271,"date":"2022-08-29T21:36:00","date_gmt":"2022-08-30T00:36:00","guid":{"rendered":"https:\/\/fadeu.urantiacos.cl\/?p=4271"},"modified":"2023-09-03T21:38:44","modified_gmt":"2023-09-04T00:38:44","slug":"patricia-de-los-rios-y-sebastian-rodriguez-participan-de-biopolimerica","status":"publish","type":"post","link":"https:\/\/fadeu.urantiacos.cl\/en\/2022\/08\/29\/patricia-de-los-rios-y-sebastian-rodriguez-participan-de-biopolimerica\/","title":{"rendered":"Patricia de los R\u00edos y Sebasti\u00e1n Rodriguez participan de Biopolim\u00e9rica"},"content":{"rendered":"\n<figure class=\"wp-block-image size-full\"><img decoding=\"async\" width=\"350\" height=\"250\" src=\"https:\/\/fadeu.urantiacos.cl\/wp-content\/uploads\/2023\/09\/WEB_WhatsApp-Image-2022-08-25-at-6.11.31-PM.jpg\" alt=\"\" class=\"wp-image-4272\" srcset=\"https:\/\/fadeu.urantiacos.cl\/wp-content\/uploads\/2023\/09\/WEB_WhatsApp-Image-2022-08-25-at-6.11.31-PM.jpg 350w, https:\/\/fadeu.urantiacos.cl\/wp-content\/uploads\/2023\/09\/WEB_WhatsApp-Image-2022-08-25-at-6.11.31-PM-300x214.jpg 300w\" sizes=\"(max-width: 350px) 100vw, 350px\" \/><\/figure>\n\n\n\n<p>BIOPOLIM\u00c9RICA es un programa enfocado en el trabajo de biomateriales locales desde una perspectiva sustentable. El programa estuvo compuesto por charlas, mesas de di\u00e1logo, talleres y el panel: \u201cFuture Materials\u201d.<br><br>Adem\u00e1s, se llev\u00f3 a cabo una exposici\u00f3n de materiales sostenibles que incluye el trabajo de biomateriales locales que cont\u00f3 con desarrollos materiales de&nbsp;<a href=\"https:\/\/fadeu.urantiacos.cl\/lo-contador\/laboratorios\/2319-laboratorio-de-biofabricacion-uc\">Biofab UC<\/a>&nbsp;a cargo de Sebasti\u00e1n Rodr\u00edguez y el proyecto&nbsp;<a href=\"https:\/\/www.caropacheco.work\/calcareo\">C\u00e1lcareo<\/a>&nbsp;de la dise\u00f1adora Carolina Pacheco .<\/p>\n\n\n\n<p>El programa se desarroll\u00f3 en Guadalajara, M\u00e9xico a trav\u00e9s de la Plataforma Activa de Dise\u00f1o (PAD) de la Jefatura de Multidisciplina y Dise\u00f1o de la Secretar\u00eda de Cultura del Estado de Jalisco en conjunto con la empresa RADIAL Biomateriales y la&nbsp;<a href=\"https:\/\/blogs.iteso.mx\/materioteca\/\">Materioteca ITESO<\/a>&nbsp;de la Universidad Jesuita de Guadalajara, en su labor de promover alternativas en materiales sustentables.<\/p>\n\n\n\n<figure class=\"wp-block-image size-full\"><img decoding=\"async\" width=\"704\" height=\"703\" src=\"https:\/\/fadeu.urantiacos.cl\/wp-content\/uploads\/2023\/09\/Captura-de-Pantalla-2022-08-24-a-las-16.37.50.png\" alt=\"\" class=\"wp-image-4273\" srcset=\"https:\/\/fadeu.urantiacos.cl\/wp-content\/uploads\/2023\/09\/Captura-de-Pantalla-2022-08-24-a-las-16.37.50.png 704w, https:\/\/fadeu.urantiacos.cl\/wp-content\/uploads\/2023\/09\/Captura-de-Pantalla-2022-08-24-a-las-16.37.50-300x300.png 300w, https:\/\/fadeu.urantiacos.cl\/wp-content\/uploads\/2023\/09\/Captura-de-Pantalla-2022-08-24-a-las-16.37.50-150x150.png 150w\" sizes=\"(max-width: 704px) 100vw, 704px\" \/><\/figure>\n\n\n\n<p>INFORMACI\u00d3N PERIOD\u00cdSTICA<br>ESCUELA DE DISE\u00d1O UC<\/p>\n","protected":false},"excerpt":{"rendered":"<p>Los acad\u00e9micos Patricia de los R\u00edos y Sebasti\u00e1n Rodr\u00edguez, participaron del encuentro Biopolim\u00e9rica: Metodolog\u00edas Biomateriales desde Latinoam\u00e9rica con la charla Biofuturos, en la que profundizaron en el trabajo que los docentes desarrollan en Taller Producto, incorporando metodolog\u00eda de biomateriales, dise\u00f1o especulativo y futuros posibles.<\/p>\n","protected":false},"author":1,"featured_media":4272,"comment_status":"open","ping_status":"open","sticky":false,"template":"","format":"standard","meta":{"_acf_changed":false,"footnotes":""},"categories":[1],"tags":[],"class_list":["post-4271","post","type-post","status-publish","format-standard","has-post-thumbnail","hentry","category-sin-categorizar"],"acf":[],"yoast_head":"<!-- This site is optimized with the Yoast SEO plugin v27.1.1 - https:\/\/yoast.com\/product\/yoast-seo-wordpress\/ -->\n<title>Patricia de los R\u00edos y Sebasti\u00e1n Rodriguez participan de Biopolim\u00e9rica - Facultad de Arquitectura, Dise\u00f1o y Estudios Urbanos<\/title>\n<meta name=\"description\" content=\"Los acad\u00e9micos Patricia de los R\u00edos y Sebasti\u00e1n Rodr\u00edguez, participaron del encuentro Biopolim\u00e9rica: Metodolog\u00edas Biomateriales desde Latinoam\u00e9rica con la charla Biofuturos, en la que profundizaron en el trabajo que los docentes desarrollan en Taller Producto, incorporando metodolog\u00eda de biomateriales, dise\u00f1o especulativo y futuros posibles.\" \/>\n<meta name=\"robots\" content=\"index, follow, max-snippet:-1, max-image-preview:large, max-video-preview:-1\" \/>\n<link rel=\"canonical\" href=\"https:\/\/fadeu.urantiacos.cl\/en\/2022\/08\/29\/patricia-de-los-rios-y-sebastian-rodriguez-participan-de-biopolimerica\/\" \/>\n<meta property=\"og:locale\" content=\"en_US\" \/>\n<meta property=\"og:type\" content=\"article\" \/>\n<meta property=\"og:title\" content=\"Patricia de los R\u00edos y Sebasti\u00e1n Rodriguez participan de Biopolim\u00e9rica - Facultad de Arquitectura, Dise\u00f1o y Estudios Urbanos\" \/>\n<meta property=\"og:description\" content=\"Los acad\u00e9micos Patricia de los R\u00edos y Sebasti\u00e1n Rodr\u00edguez, participaron del encuentro Biopolim\u00e9rica: Metodolog\u00edas Biomateriales desde Latinoam\u00e9rica con la charla Biofuturos, en la que profundizaron en el trabajo que los docentes desarrollan en Taller Producto, incorporando metodolog\u00eda de biomateriales, dise\u00f1o especulativo y futuros posibles.\" \/>\n<meta property=\"og:url\" content=\"https:\/\/fadeu.urantiacos.cl\/en\/2022\/08\/29\/patricia-de-los-rios-y-sebastian-rodriguez-participan-de-biopolimerica\/\" \/>\n<meta property=\"og:site_name\" content=\"Facultad de Arquitectura, Dise\u00f1o y Estudios Urbanos\" \/>\n<meta property=\"article:published_time\" content=\"2022-08-30T00:36:00+00:00\" \/>\n<meta property=\"article:modified_time\" content=\"2023-09-04T00:38:44+00:00\" \/>\n<meta property=\"og:image\" content=\"https:\/\/fadeu.urantiacos.cl\/wp-content\/uploads\/2023\/09\/WEB_WhatsApp-Image-2022-08-25-at-6.11.31-PM.jpg\" \/>\n\t<meta property=\"og:image:width\" content=\"350\" \/>\n\t<meta property=\"og:image:height\" content=\"250\" \/>\n\t<meta property=\"og:image:type\" content=\"image\/jpeg\" \/>\n<meta name=\"author\" content=\"manadmin\" \/>\n<meta name=\"twitter:card\" content=\"summary_large_image\" \/>\n<meta name=\"twitter:label1\" content=\"Written by\" \/>\n\t<meta name=\"twitter:data1\" content=\"manadmin\" \/>\n\t<meta name=\"twitter:label2\" content=\"Est. reading time\" \/>\n\t<meta name=\"twitter:data2\" content=\"1 minute\" \/>\n<script type=\"application\/ld+json\" class=\"yoast-schema-graph\">{\"@context\":\"https:\/\/schema.org\",\"@graph\":[{\"@type\":\"Article\",\"@id\":\"https:\/\/fadeu.urantiacos.cl\/en\/2022\/08\/29\/patricia-de-los-rios-y-sebastian-rodriguez-participan-de-biopolimerica\/#article\",\"isPartOf\":{\"@id\":\"https:\/\/fadeu.urantiacos.cl\/en\/2022\/08\/29\/patricia-de-los-rios-y-sebastian-rodriguez-participan-de-biopolimerica\/\"},\"author\":{\"name\":\"manadmin\",\"@id\":\"https:\/\/fadeu.urantiacos.cl\/en\/#\/schema\/person\/d203e2e84b1c40275eac77b3061a19a2\"},\"headline\":\"Patricia de los R\u00edos y Sebasti\u00e1n Rodriguez participan de Biopolim\u00e9rica\",\"datePublished\":\"2022-08-30T00:36:00+00:00\",\"dateModified\":\"2023-09-04T00:38:44+00:00\",\"mainEntityOfPage\":{\"@id\":\"https:\/\/fadeu.urantiacos.cl\/en\/2022\/08\/29\/patricia-de-los-rios-y-sebastian-rodriguez-participan-de-biopolimerica\/\"},\"wordCount\":167,\"commentCount\":0,\"image\":{\"@id\":\"https:\/\/fadeu.urantiacos.cl\/en\/2022\/08\/29\/patricia-de-los-rios-y-sebastian-rodriguez-participan-de-biopolimerica\/#primaryimage\"},\"thumbnailUrl\":\"https:\/\/fadeu.urantiacos.cl\/wp-content\/uploads\/2023\/09\/WEB_WhatsApp-Image-2022-08-25-at-6.11.31-PM.jpg\",\"articleSection\":[\"Sin categorizar\"],\"inLanguage\":\"en-US\",\"potentialAction\":[{\"@type\":\"CommentAction\",\"name\":\"Comment\",\"target\":[\"https:\/\/fadeu.urantiacos.cl\/en\/2022\/08\/29\/patricia-de-los-rios-y-sebastian-rodriguez-participan-de-biopolimerica\/#respond\"]}]},{\"@type\":\"WebPage\",\"@id\":\"https:\/\/fadeu.urantiacos.cl\/en\/2022\/08\/29\/patricia-de-los-rios-y-sebastian-rodriguez-participan-de-biopolimerica\/\",\"url\":\"https:\/\/fadeu.urantiacos.cl\/en\/2022\/08\/29\/patricia-de-los-rios-y-sebastian-rodriguez-participan-de-biopolimerica\/\",\"name\":\"Patricia de los R\u00edos y Sebasti\u00e1n Rodriguez participan de Biopolim\u00e9rica - Facultad de Arquitectura, Dise\u00f1o y Estudios Urbanos\",\"isPartOf\":{\"@id\":\"https:\/\/fadeu.urantiacos.cl\/en\/#website\"},\"primaryImageOfPage\":{\"@id\":\"https:\/\/fadeu.urantiacos.cl\/en\/2022\/08\/29\/patricia-de-los-rios-y-sebastian-rodriguez-participan-de-biopolimerica\/#primaryimage\"},\"image\":{\"@id\":\"https:\/\/fadeu.urantiacos.cl\/en\/2022\/08\/29\/patricia-de-los-rios-y-sebastian-rodriguez-participan-de-biopolimerica\/#primaryimage\"},\"thumbnailUrl\":\"https:\/\/fadeu.urantiacos.cl\/wp-content\/uploads\/2023\/09\/WEB_WhatsApp-Image-2022-08-25-at-6.11.31-PM.jpg\",\"datePublished\":\"2022-08-30T00:36:00+00:00\",\"dateModified\":\"2023-09-04T00:38:44+00:00\",\"author\":{\"@id\":\"https:\/\/fadeu.urantiacos.cl\/en\/#\/schema\/person\/d203e2e84b1c40275eac77b3061a19a2\"},\"description\":\"Los acad\u00e9micos Patricia de los R\u00edos y Sebasti\u00e1n Rodr\u00edguez, participaron del encuentro Biopolim\u00e9rica: Metodolog\u00edas Biomateriales desde Latinoam\u00e9rica con la charla Biofuturos, en la que profundizaron en el trabajo que los docentes desarrollan en Taller Producto, incorporando metodolog\u00eda de biomateriales, dise\u00f1o especulativo y futuros posibles.\",\"breadcrumb\":{\"@id\":\"https:\/\/fadeu.urantiacos.cl\/en\/2022\/08\/29\/patricia-de-los-rios-y-sebastian-rodriguez-participan-de-biopolimerica\/#breadcrumb\"},\"inLanguage\":\"en-US\",\"potentialAction\":[{\"@type\":\"ReadAction\",\"target\":[\"https:\/\/fadeu.urantiacos.cl\/en\/2022\/08\/29\/patricia-de-los-rios-y-sebastian-rodriguez-participan-de-biopolimerica\/\"]}]},{\"@type\":\"ImageObject\",\"inLanguage\":\"en-US\",\"@id\":\"https:\/\/fadeu.urantiacos.cl\/en\/2022\/08\/29\/patricia-de-los-rios-y-sebastian-rodriguez-participan-de-biopolimerica\/#primaryimage\",\"url\":\"https:\/\/fadeu.urantiacos.cl\/wp-content\/uploads\/2023\/09\/WEB_WhatsApp-Image-2022-08-25-at-6.11.31-PM.jpg\",\"contentUrl\":\"https:\/\/fadeu.urantiacos.cl\/wp-content\/uploads\/2023\/09\/WEB_WhatsApp-Image-2022-08-25-at-6.11.31-PM.jpg\",\"width\":350,\"height\":250},{\"@type\":\"BreadcrumbList\",\"@id\":\"https:\/\/fadeu.urantiacos.cl\/en\/2022\/08\/29\/patricia-de-los-rios-y-sebastian-rodriguez-participan-de-biopolimerica\/#breadcrumb\",\"itemListElement\":[{\"@type\":\"ListItem\",\"position\":1,\"name\":\"Portada\",\"item\":\"https:\/\/fadeu.urantiacos.cl\/en\/\"},{\"@type\":\"ListItem\",\"position\":2,\"name\":\"Patricia de los R\u00edos y Sebasti\u00e1n Rodriguez participan de Biopolim\u00e9rica\"}]},{\"@type\":\"WebSite\",\"@id\":\"https:\/\/fadeu.urantiacos.cl\/en\/#website\",\"url\":\"https:\/\/fadeu.urantiacos.cl\/en\/\",\"name\":\"Facultad de Arquitectura, Dise\u00f1o y Estudios Urbanos\",\"description\":\"Campus Lo Contador\",\"potentialAction\":[{\"@type\":\"SearchAction\",\"target\":{\"@type\":\"EntryPoint\",\"urlTemplate\":\"https:\/\/fadeu.urantiacos.cl\/en\/?s={search_term_string}\"},\"query-input\":{\"@type\":\"PropertyValueSpecification\",\"valueRequired\":true,\"valueName\":\"search_term_string\"}}],\"inLanguage\":\"en-US\"},{\"@type\":\"Person\",\"@id\":\"https:\/\/fadeu.urantiacos.cl\/en\/#\/schema\/person\/d203e2e84b1c40275eac77b3061a19a2\",\"name\":\"manadmin\",\"image\":{\"@type\":\"ImageObject\",\"inLanguage\":\"en-US\",\"@id\":\"https:\/\/fadeu.urantiacos.cl\/en\/#\/schema\/person\/image\/\",\"url\":\"https:\/\/secure.gravatar.com\/avatar\/4b1d8e3303b4a9d8968ac578947d8bc80d9aea359f388cdd4aac15cadc0e8447?s=96&d=mm&r=g\",\"contentUrl\":\"https:\/\/secure.gravatar.com\/avatar\/4b1d8e3303b4a9d8968ac578947d8bc80d9aea359f388cdd4aac15cadc0e8447?s=96&d=mm&r=g\",\"caption\":\"manadmin\"},\"sameAs\":[\"https:\/\/fadeu.urantiacos.cl\"]}]}<\/script>\n<!-- \/ Yoast SEO plugin. -->","yoast_head_json":{"title":"Patricia de los R\u00edos y Sebasti\u00e1n Rodriguez participan de Biopolim\u00e9rica - Facultad de Arquitectura, Dise\u00f1o y Estudios Urbanos","description":"Los acad\u00e9micos Patricia de los R\u00edos y Sebasti\u00e1n Rodr\u00edguez, participaron del encuentro Biopolim\u00e9rica: Metodolog\u00edas Biomateriales desde Latinoam\u00e9rica con la charla Biofuturos, en la que profundizaron en el trabajo que los docentes desarrollan en Taller Producto, incorporando metodolog\u00eda de biomateriales, dise\u00f1o especulativo y futuros posibles.","robots":{"index":"index","follow":"follow","max-snippet":"max-snippet:-1","max-image-preview":"max-image-preview:large","max-video-preview":"max-video-preview:-1"},"canonical":"https:\/\/fadeu.urantiacos.cl\/en\/2022\/08\/29\/patricia-de-los-rios-y-sebastian-rodriguez-participan-de-biopolimerica\/","og_locale":"en_US","og_type":"article","og_title":"Patricia de los R\u00edos y Sebasti\u00e1n Rodriguez participan de Biopolim\u00e9rica - Facultad de Arquitectura, Dise\u00f1o y Estudios Urbanos","og_description":"Los acad\u00e9micos Patricia de los R\u00edos y Sebasti\u00e1n Rodr\u00edguez, participaron del encuentro Biopolim\u00e9rica: Metodolog\u00edas Biomateriales desde Latinoam\u00e9rica con la charla Biofuturos, en la que profundizaron en el trabajo que los docentes desarrollan en Taller Producto, incorporando metodolog\u00eda de biomateriales, dise\u00f1o especulativo y futuros posibles.","og_url":"https:\/\/fadeu.urantiacos.cl\/en\/2022\/08\/29\/patricia-de-los-rios-y-sebastian-rodriguez-participan-de-biopolimerica\/","og_site_name":"Facultad de Arquitectura, Dise\u00f1o y Estudios Urbanos","article_published_time":"2022-08-30T00:36:00+00:00","article_modified_time":"2023-09-04T00:38:44+00:00","og_image":[{"width":350,"height":250,"url":"https:\/\/fadeu.urantiacos.cl\/wp-content\/uploads\/2023\/09\/WEB_WhatsApp-Image-2022-08-25-at-6.11.31-PM.jpg","type":"image\/jpeg"}],"author":"manadmin","twitter_card":"summary_large_image","twitter_misc":{"Written by":"manadmin","Est. reading time":"1 minute"},"schema":{"@context":"https:\/\/schema.org","@graph":[{"@type":"Article","@id":"https:\/\/fadeu.urantiacos.cl\/en\/2022\/08\/29\/patricia-de-los-rios-y-sebastian-rodriguez-participan-de-biopolimerica\/#article","isPartOf":{"@id":"https:\/\/fadeu.urantiacos.cl\/en\/2022\/08\/29\/patricia-de-los-rios-y-sebastian-rodriguez-participan-de-biopolimerica\/"},"author":{"name":"manadmin","@id":"https:\/\/fadeu.urantiacos.cl\/en\/#\/schema\/person\/d203e2e84b1c40275eac77b3061a19a2"},"headline":"Patricia de los R\u00edos y Sebasti\u00e1n Rodriguez participan de Biopolim\u00e9rica","datePublished":"2022-08-30T00:36:00+00:00","dateModified":"2023-09-04T00:38:44+00:00","mainEntityOfPage":{"@id":"https:\/\/fadeu.urantiacos.cl\/en\/2022\/08\/29\/patricia-de-los-rios-y-sebastian-rodriguez-participan-de-biopolimerica\/"},"wordCount":167,"commentCount":0,"image":{"@id":"https:\/\/fadeu.urantiacos.cl\/en\/2022\/08\/29\/patricia-de-los-rios-y-sebastian-rodriguez-participan-de-biopolimerica\/#primaryimage"},"thumbnailUrl":"https:\/\/fadeu.urantiacos.cl\/wp-content\/uploads\/2023\/09\/WEB_WhatsApp-Image-2022-08-25-at-6.11.31-PM.jpg","articleSection":["Sin categorizar"],"inLanguage":"en-US","potentialAction":[{"@type":"CommentAction","name":"Comment","target":["https:\/\/fadeu.urantiacos.cl\/en\/2022\/08\/29\/patricia-de-los-rios-y-sebastian-rodriguez-participan-de-biopolimerica\/#respond"]}]},{"@type":"WebPage","@id":"https:\/\/fadeu.urantiacos.cl\/en\/2022\/08\/29\/patricia-de-los-rios-y-sebastian-rodriguez-participan-de-biopolimerica\/","url":"https:\/\/fadeu.urantiacos.cl\/en\/2022\/08\/29\/patricia-de-los-rios-y-sebastian-rodriguez-participan-de-biopolimerica\/","name":"Patricia de los R\u00edos y Sebasti\u00e1n Rodriguez participan de Biopolim\u00e9rica - Facultad de Arquitectura, Dise\u00f1o y Estudios Urbanos","isPartOf":{"@id":"https:\/\/fadeu.urantiacos.cl\/en\/#website"},"primaryImageOfPage":{"@id":"https:\/\/fadeu.urantiacos.cl\/en\/2022\/08\/29\/patricia-de-los-rios-y-sebastian-rodriguez-participan-de-biopolimerica\/#primaryimage"},"image":{"@id":"https:\/\/fadeu.urantiacos.cl\/en\/2022\/08\/29\/patricia-de-los-rios-y-sebastian-rodriguez-participan-de-biopolimerica\/#primaryimage"},"thumbnailUrl":"https:\/\/fadeu.urantiacos.cl\/wp-content\/uploads\/2023\/09\/WEB_WhatsApp-Image-2022-08-25-at-6.11.31-PM.jpg","datePublished":"2022-08-30T00:36:00+00:00","dateModified":"2023-09-04T00:38:44+00:00","author":{"@id":"https:\/\/fadeu.urantiacos.cl\/en\/#\/schema\/person\/d203e2e84b1c40275eac77b3061a19a2"},"description":"Los acad\u00e9micos Patricia de los R\u00edos y Sebasti\u00e1n Rodr\u00edguez, participaron del encuentro Biopolim\u00e9rica: Metodolog\u00edas Biomateriales desde Latinoam\u00e9rica con la charla Biofuturos, en la que profundizaron en el trabajo que los docentes desarrollan en Taller Producto, incorporando metodolog\u00eda de biomateriales, dise\u00f1o especulativo y futuros posibles.","breadcrumb":{"@id":"https:\/\/fadeu.urantiacos.cl\/en\/2022\/08\/29\/patricia-de-los-rios-y-sebastian-rodriguez-participan-de-biopolimerica\/#breadcrumb"},"inLanguage":"en-US","potentialAction":[{"@type":"ReadAction","target":["https:\/\/fadeu.urantiacos.cl\/en\/2022\/08\/29\/patricia-de-los-rios-y-sebastian-rodriguez-participan-de-biopolimerica\/"]}]},{"@type":"ImageObject","inLanguage":"en-US","@id":"https:\/\/fadeu.urantiacos.cl\/en\/2022\/08\/29\/patricia-de-los-rios-y-sebastian-rodriguez-participan-de-biopolimerica\/#primaryimage","url":"https:\/\/fadeu.urantiacos.cl\/wp-content\/uploads\/2023\/09\/WEB_WhatsApp-Image-2022-08-25-at-6.11.31-PM.jpg","contentUrl":"https:\/\/fadeu.urantiacos.cl\/wp-content\/uploads\/2023\/09\/WEB_WhatsApp-Image-2022-08-25-at-6.11.31-PM.jpg","width":350,"height":250},{"@type":"BreadcrumbList","@id":"https:\/\/fadeu.urantiacos.cl\/en\/2022\/08\/29\/patricia-de-los-rios-y-sebastian-rodriguez-participan-de-biopolimerica\/#breadcrumb","itemListElement":[{"@type":"ListItem","position":1,"name":"Portada","item":"https:\/\/fadeu.urantiacos.cl\/en\/"},{"@type":"ListItem","position":2,"name":"Patricia de los R\u00edos y Sebasti\u00e1n Rodriguez participan de Biopolim\u00e9rica"}]},{"@type":"WebSite","@id":"https:\/\/fadeu.urantiacos.cl\/en\/#website","url":"https:\/\/fadeu.urantiacos.cl\/en\/","name":"Facultad de Arquitectura, Dise\u00f1o y Estudios Urbanos","description":"Campus Lo Contador","potentialAction":[{"@type":"SearchAction","target":{"@type":"EntryPoint","urlTemplate":"https:\/\/fadeu.urantiacos.cl\/en\/?s={search_term_string}"},"query-input":{"@type":"PropertyValueSpecification","valueRequired":true,"valueName":"search_term_string"}}],"inLanguage":"en-US"},{"@type":"Person","@id":"https:\/\/fadeu.urantiacos.cl\/en\/#\/schema\/person\/d203e2e84b1c40275eac77b3061a19a2","name":"manadmin","image":{"@type":"ImageObject","inLanguage":"en-US","@id":"https:\/\/fadeu.urantiacos.cl\/en\/#\/schema\/person\/image\/","url":"https:\/\/secure.gravatar.com\/avatar\/4b1d8e3303b4a9d8968ac578947d8bc80d9aea359f388cdd4aac15cadc0e8447?s=96&d=mm&r=g","contentUrl":"https:\/\/secure.gravatar.com\/avatar\/4b1d8e3303b4a9d8968ac578947d8bc80d9aea359f388cdd4aac15cadc0e8447?s=96&d=mm&r=g","caption":"manadmin"},"sameAs":["https:\/\/fadeu.urantiacos.cl"]}]}},"_links":{"self":[{"href":"https:\/\/fadeu.urantiacos.cl\/en\/wp-json\/wp\/v2\/posts\/4271","targetHints":{"allow":["GET"]}}],"collection":[{"href":"https:\/\/fadeu.urantiacos.cl\/en\/wp-json\/wp\/v2\/posts"}],"about":[{"href":"https:\/\/fadeu.urantiacos.cl\/en\/wp-json\/wp\/v2\/types\/post"}],"author":[{"embeddable":true,"href":"https:\/\/fadeu.urantiacos.cl\/en\/wp-json\/wp\/v2\/users\/1"}],"replies":[{"embeddable":true,"href":"https:\/\/fadeu.urantiacos.cl\/en\/wp-json\/wp\/v2\/comments?post=4271"}],"version-history":[{"count":1,"href":"https:\/\/fadeu.urantiacos.cl\/en\/wp-json\/wp\/v2\/posts\/4271\/revisions"}],"predecessor-version":[{"id":4274,"href":"https:\/\/fadeu.urantiacos.cl\/en\/wp-json\/wp\/v2\/posts\/4271\/revisions\/4274"}],"wp:featuredmedia":[{"embeddable":true,"href":"https:\/\/fadeu.urantiacos.cl\/en\/wp-json\/wp\/v2\/media\/4272"}],"wp:attachment":[{"href":"https:\/\/fadeu.urantiacos.cl\/en\/wp-json\/wp\/v2\/media?parent=4271"}],"wp:term":[{"taxonomy":"category","embeddable":true,"href":"https:\/\/fadeu.urantiacos.cl\/en\/wp-json\/wp\/v2\/categories?post=4271"},{"taxonomy":"post_tag","embeddable":true,"href":"https:\/\/fadeu.urantiacos.cl\/en\/wp-json\/wp\/v2\/tags?post=4271"}],"curies":[{"name":"wp","href":"https:\/\/api.w.org\/{rel}","templated":true}]}}