{"id":4264,"date":"2022-08-29T21:31:00","date_gmt":"2022-08-30T00:31:00","guid":{"rendered":"https:\/\/fadeu.urantiacos.cl\/?p=4264"},"modified":"2023-09-03T21:34:11","modified_gmt":"2023-09-04T00:34:11","slug":"profesores-paz-cox-y-horacio-torrent-fueron-reconocidos-por-la-uc-por-sus-anos-de-labor-academica","status":"publish","type":"post","link":"https:\/\/fadeu.urantiacos.cl\/en\/2022\/08\/29\/profesores-paz-cox-y-horacio-torrent-fueron-reconocidos-por-la-uc-por-sus-anos-de-labor-academica\/","title":{"rendered":"Profesores Paz Cox y Horacio Torrent fueron reconocidos por la UC por sus a\u00f1os de labor acad\u00e9mica"},"content":{"rendered":"\n<figure class=\"wp-block-image size-full\"><img decoding=\"async\" width=\"350\" height=\"250\" src=\"https:\/\/fadeu.urantiacos.cl\/wp-content\/uploads\/2023\/09\/WEB_WhatsApp_Image_2022-08-29_at_1.46.26_PM_2.jpg\" alt=\"\" class=\"wp-image-4265\" srcset=\"https:\/\/fadeu.urantiacos.cl\/wp-content\/uploads\/2023\/09\/WEB_WhatsApp_Image_2022-08-29_at_1.46.26_PM_2.jpg 350w, https:\/\/fadeu.urantiacos.cl\/wp-content\/uploads\/2023\/09\/WEB_WhatsApp_Image_2022-08-29_at_1.46.26_PM_2-300x214.jpg 300w\" sizes=\"(max-width: 350px) 100vw, 350px\" \/><\/figure>\n\n\n\n<p>El reconocimiento comenz\u00f3 con una misa oficiada por el Vice Gran Canciller de la universidad, padre Tom\u00e1s Scherz, para luego dar paso a la ceremonia donde se les entreg\u00f3 un reconocimiento a docentes que cumplen 25, 30, 35, 40, 45 y 50 a\u00f1os, y que fue seguida por la Direcci\u00f3n Superior e integrantes del Honorable Consejo Superior.<\/p>\n\n\n\n<p>Junto con agradecer y valorar el sostenido aporte del cuerpo docente, el rector Ignacio S\u00e1nchez destac\u00f3 en su discurso el hecho de que la Universidad Cat\u00f3lica cuenta con muchos acad\u00e9micos y acad\u00e9micas que han permanecido trabajando en la instituci\u00f3n por varias d\u00e9cadas. \u201cNo son muchas las instituciones universitarias en Chile y el mundo que mantienen en su cuerpo acad\u00e9mico a personas que realizan hasta 50 a\u00f1os de trabajo universitario. Hay un acervo cultural y cient\u00edfico que est\u00e1 presente y que nos llena de alegr\u00eda y reconocimiento\u201d, afirm\u00f3.<\/p>\n\n\n\n<p>Calific\u00f3 tambi\u00e9n como una \u201cmaravilla intergeneracional y colegiada, bajo la b\u00fasqueda de valores comunes\u201d, el hecho de que muchos acad\u00e9micos y acad\u00e9micas han sido \u201cprofesores nuestros, compa\u00f1eros de curso, de trabajo, y tambi\u00e9n estudiantes\u201d.<\/p>\n\n\n\n<p>El rector S\u00e1nchez record\u00f3 que el cuerpo acad\u00e9mico cumple un destacado papel en la misi\u00f3n universitaria, tanto en lo que dice relaci\u00f3n con la formaci\u00f3n integral de personas, como en la creaci\u00f3n de nuevo conocimiento y su transferencia a la sociedad, convirti\u00e9ndose as\u00ed la instituci\u00f3n en un verdadero patrimonio de Chile.<\/p>\n\n\n\n<p>\u201cYa lo dec\u00eda Juan de Dios Vial Correa, recordado rector: Chile ser\u00eda muy distinto sin la Universidad Cat\u00f3lica, no se comprende el desarrollo nuestro sin el desarrollo y aporte de nuestra universidad y de sus profesores y profesoras\u201d, dijo y enfatiz\u00f3 el liderazgo regional que tiene la casa de estudios y que se expresa, adem\u00e1s, en 84 premios nacionales en variados \u00e1mbitos.<\/p>\n\n\n\n<p><strong>Profesores FADEU<\/strong><\/p>\n\n\n\n<p>La profesora de la escuela de Dise\u00f1o, Paz Cox, fue reconocida por una trayectoria de 30 a\u00f1os como docente, mientras que el profesor de la escuela de Arquitectura, Horacio Torrent, recibi\u00f3 el galard\u00f3n por 25 a\u00f1os de labor.<\/p>\n\n\n\n<p>El Decano Mario Ubilla felicit\u00f3 a ambos profesores y elogi\u00f3 su trayectoria, destacando \u201cd\u00e9cadas de abnegada labor acad\u00e9mica que significa no solo investigar y generar nuevo conocimiento para ense\u00f1ar, sino tambi\u00e9n para formar personas y profesionales que aportar\u00e1n a la sociedad, desde el dise\u00f1o y la arquitectura, con bases s\u00f3lidas y fundadas en un profundo compromiso con el amor a la disciplina\u201d.<\/p>\n\n\n\n<p><strong>Trayectoria<\/strong><\/p>\n\n\n\n<p>Paz Cox es profesora asociada de la escuela de Dise\u00f1o y representante de los acad\u00e9micos ante el Honorable Consejo Superior. Es dise\u00f1adora de la Universidad Cat\u00f3lica de Chile y Mag\u00edster en Humanidades, menci\u00f3n en Historia, Universidad Adolfo Ib\u00e1\u00f1ez.<\/p>\n\n\n\n<p>Ha realizado docencia ininterrumpida en la Facultad de Arquitectura, Dise\u00f1o y Estudios Urbanos y principalmente en la Escuela de Dise\u00f1o desde 1992. Desde su inicio como ayudante del profesor Alberto Piwonka, y luego en categor\u00eda de profesor Auxiliar (actual Asistente) dict\u00f3 clases en el taller inicial, Taller Preliminar y como ayudante de la profesora Isabel Baixas en el curso de Color.<\/p>\n\n\n\n<p>Ha conformado un grupo de trabajo en torno a tem\u00e1ticas relativas al color, Estudios del Color, y presidi\u00f3 la Asociaci\u00f3n Chilena del Color, Asociada a la Asociaci\u00f3n Internacional del Color (AIC) entre los a\u00f1os 2010 a 2018, per\u00edodo en que se organiz\u00f3 y realiz\u00f3 en Chile el Congreso Internacional AIC2016, en el Centro de Extensi\u00f3n UC, con la participaci\u00f3n de m\u00e1s de 350 especialistas provenientes de 35 pa\u00edses.<\/p>\n\n\n\n<p>En la actualidad participa en el equipo de docentes del curso Introducci\u00f3n al Proyecto (Taller de primer semestre) y dicta el curso Manejo y aplicaci\u00f3n del Color, adem\u00e1s de recibir estudiantes de Seminario de T\u00edtulo y Titulaci\u00f3n.<\/p>\n\n\n\n<p>Ha sido Investigadora principal en Proyecto de Creaci\u00f3n y Cultura Art\u00edstica 2016-7377, \u201cRECICLARTE: un proyecto Humano\u201d de la Direcci\u00f3n de Artes y Cultura de la Vicerrector\u00eda de Investigaci\u00f3n, Pontificia Universidad Cat\u00f3lica de Chile, desarrollado en 2017-2018 y cuyos resultados se expusieron en el Museo Nacional de Bellas Artes en noviembre 2018. Tambi\u00e9n ha sido co-investigadora en Proyecto Fondecyt N\u00ba 1100914 \u201cEl color en los textiles precolombinos del norte de Chile\u201d: Estudio y Propuesta metodol\u00f3gica para la clasificaci\u00f3n y comunicaci\u00f3n de c\u00f3digos crom\u00e1ticos como elementos representacionales identitarios\u201d Investigadora responsable: Soledad Hoces de la Guardia.<\/p>\n\n\n\n<p><strong>Horacio Torrent<\/strong>&nbsp;es arquitecto de la Universidad Nacional de Rosario, Argentina; Mag\u00edster en Arquitectura UC; y Doctor, por la Universidad Nacional de Rosario.<\/p>\n\n\n\n<p>Ha sido profesor titular de la Universidad Nacional del Litoral (Argentina) entre 1990 y 1997, e Investigador del CIUNR 1990-2002. Ha sido Director del Centro Universitario Rosario de Investigaciones Urbanas y Regionales entre 1990 y 1994; y coordinador del proyecto de desarrollo del Centro de Informaci\u00f3n y Documentaci\u00f3n Sergio Larra\u00edn Garc\u00eda-Moreno de la PUC entre 1996 y 2001.<\/p>\n\n\n\n<p>Ha sido profesor en programas de postgrado de la Universidad Central de Venezuela, Universidade Federal de Rio Grande do Sul, Universidad Nacional Aut\u00f3noma de M\u00e9xico, Universidad Nacional de Rosario, Argentina.<\/p>\n\n\n\n<p>Ha desarrollado investigaciones sobre los inicios de la arquitectura moderna y ha publicado trabajos sobre la cultura arquitect\u00f3nica chilena y latinoamericana en diversos libros y revistas nacionales y extranjeros.<\/p>\n\n\n\n<figure class=\"wp-block-image size-full\"><img decoding=\"async\" width=\"1024\" height=\"768\" src=\"https:\/\/fadeu.urantiacos.cl\/wp-content\/uploads\/2023\/09\/WhatsApp_Image_2022-08-29_at_1.46.26_PM_1.jpeg\" alt=\"\" class=\"wp-image-4266\" srcset=\"https:\/\/fadeu.urantiacos.cl\/wp-content\/uploads\/2023\/09\/WhatsApp_Image_2022-08-29_at_1.46.26_PM_1.jpeg 1024w, https:\/\/fadeu.urantiacos.cl\/wp-content\/uploads\/2023\/09\/WhatsApp_Image_2022-08-29_at_1.46.26_PM_1-300x225.jpeg 300w, https:\/\/fadeu.urantiacos.cl\/wp-content\/uploads\/2023\/09\/WhatsApp_Image_2022-08-29_at_1.46.26_PM_1-768x576.jpeg 768w\" sizes=\"(max-width: 1024px) 100vw, 1024px\" \/><\/figure>\n\n\n\n<p>INFORMACI\u00d3N PERIOD\u00cdSTICA<br>Extracto informaci\u00f3n Prensa: Casa Central UC<\/p>\n\n\n\n<p>Juan Andr\u00e9s Inzunza<\/p>\n","protected":false},"excerpt":{"rendered":"<p>Con la presencia de autoridades y profesores, en el Sal\u00f3n Fresno del Centro de Extensi\u00f3n, este viernes 26 de agosto se celebr\u00f3 el D\u00eda de la Trayectoria Acad\u00e9mica UC (antes llamado D\u00eda del Acad\u00e9mico y Acad\u00e9mica UC), que adem\u00e1s fue transmitido por el canal oficial de la instituci\u00f3n en Youtube.<\/p>\n","protected":false},"author":1,"featured_media":4265,"comment_status":"open","ping_status":"open","sticky":false,"template":"","format":"standard","meta":{"_acf_changed":false,"footnotes":""},"categories":[1],"tags":[],"class_list":["post-4264","post","type-post","status-publish","format-standard","has-post-thumbnail","hentry","category-sin-categorizar"],"acf":[],"yoast_head":"<!-- This site is optimized with the Yoast SEO plugin v27.1.1 - https:\/\/yoast.com\/product\/yoast-seo-wordpress\/ -->\n<title>Profesores Paz Cox y Horacio Torrent fueron reconocidos por la UC por sus a\u00f1os de labor acad\u00e9mica - Facultad de Arquitectura, Dise\u00f1o y Estudios Urbanos<\/title>\n<meta name=\"description\" content=\"Con la presencia de autoridades y profesores, en el Sal\u00f3n Fresno del Centro de Extensi\u00f3n, este viernes 26 de agosto se celebr\u00f3 el D\u00eda de la Trayectoria Acad\u00e9mica UC (antes llamado D\u00eda del Acad\u00e9mico y Acad\u00e9mica UC), que adem\u00e1s fue transmitido por el canal oficial de la instituci\u00f3n en Youtube.\" \/>\n<meta name=\"robots\" content=\"index, follow, max-snippet:-1, max-image-preview:large, max-video-preview:-1\" \/>\n<link rel=\"canonical\" href=\"https:\/\/fadeu.urantiacos.cl\/en\/2022\/08\/29\/profesores-paz-cox-y-horacio-torrent-fueron-reconocidos-por-la-uc-por-sus-anos-de-labor-academica\/\" \/>\n<meta property=\"og:locale\" content=\"en_US\" \/>\n<meta property=\"og:type\" content=\"article\" \/>\n<meta property=\"og:title\" content=\"Profesores Paz Cox y Horacio Torrent fueron reconocidos por la UC por sus a\u00f1os de labor acad\u00e9mica - Facultad de Arquitectura, Dise\u00f1o y Estudios Urbanos\" \/>\n<meta property=\"og:description\" content=\"Con la presencia de autoridades y profesores, en el Sal\u00f3n Fresno del Centro de Extensi\u00f3n, este viernes 26 de agosto se celebr\u00f3 el D\u00eda de la Trayectoria Acad\u00e9mica UC (antes llamado D\u00eda del Acad\u00e9mico y Acad\u00e9mica UC), que adem\u00e1s fue transmitido por el canal oficial de la instituci\u00f3n en Youtube.\" \/>\n<meta property=\"og:url\" content=\"https:\/\/fadeu.urantiacos.cl\/en\/2022\/08\/29\/profesores-paz-cox-y-horacio-torrent-fueron-reconocidos-por-la-uc-por-sus-anos-de-labor-academica\/\" \/>\n<meta property=\"og:site_name\" content=\"Facultad de Arquitectura, Dise\u00f1o y Estudios Urbanos\" \/>\n<meta property=\"article:published_time\" content=\"2022-08-30T00:31:00+00:00\" \/>\n<meta property=\"article:modified_time\" content=\"2023-09-04T00:34:11+00:00\" \/>\n<meta property=\"og:image\" content=\"https:\/\/fadeu.urantiacos.cl\/wp-content\/uploads\/2023\/09\/WEB_WhatsApp_Image_2022-08-29_at_1.46.26_PM_2.jpg\" \/>\n\t<meta property=\"og:image:width\" content=\"350\" \/>\n\t<meta property=\"og:image:height\" content=\"250\" \/>\n\t<meta property=\"og:image:type\" content=\"image\/jpeg\" \/>\n<meta name=\"author\" content=\"manadmin\" \/>\n<meta name=\"twitter:card\" content=\"summary_large_image\" \/>\n<meta name=\"twitter:label1\" content=\"Written by\" \/>\n\t<meta name=\"twitter:data1\" content=\"manadmin\" \/>\n\t<meta name=\"twitter:label2\" content=\"Est. reading time\" \/>\n\t<meta name=\"twitter:data2\" content=\"5 minutes\" \/>\n<script type=\"application\/ld+json\" class=\"yoast-schema-graph\">{\"@context\":\"https:\/\/schema.org\",\"@graph\":[{\"@type\":\"Article\",\"@id\":\"https:\/\/fadeu.urantiacos.cl\/en\/2022\/08\/29\/profesores-paz-cox-y-horacio-torrent-fueron-reconocidos-por-la-uc-por-sus-anos-de-labor-academica\/#article\",\"isPartOf\":{\"@id\":\"https:\/\/fadeu.urantiacos.cl\/en\/2022\/08\/29\/profesores-paz-cox-y-horacio-torrent-fueron-reconocidos-por-la-uc-por-sus-anos-de-labor-academica\/\"},\"author\":{\"name\":\"manadmin\",\"@id\":\"https:\/\/fadeu.urantiacos.cl\/en\/#\/schema\/person\/d203e2e84b1c40275eac77b3061a19a2\"},\"headline\":\"Profesores Paz Cox y Horacio Torrent fueron reconocidos por la UC por sus a\u00f1os de labor acad\u00e9mica\",\"datePublished\":\"2022-08-30T00:31:00+00:00\",\"dateModified\":\"2023-09-04T00:34:11+00:00\",\"mainEntityOfPage\":{\"@id\":\"https:\/\/fadeu.urantiacos.cl\/en\/2022\/08\/29\/profesores-paz-cox-y-horacio-torrent-fueron-reconocidos-por-la-uc-por-sus-anos-de-labor-academica\/\"},\"wordCount\":928,\"commentCount\":0,\"image\":{\"@id\":\"https:\/\/fadeu.urantiacos.cl\/en\/2022\/08\/29\/profesores-paz-cox-y-horacio-torrent-fueron-reconocidos-por-la-uc-por-sus-anos-de-labor-academica\/#primaryimage\"},\"thumbnailUrl\":\"https:\/\/fadeu.urantiacos.cl\/wp-content\/uploads\/2023\/09\/WEB_WhatsApp_Image_2022-08-29_at_1.46.26_PM_2.jpg\",\"articleSection\":[\"Sin categorizar\"],\"inLanguage\":\"en-US\",\"potentialAction\":[{\"@type\":\"CommentAction\",\"name\":\"Comment\",\"target\":[\"https:\/\/fadeu.urantiacos.cl\/en\/2022\/08\/29\/profesores-paz-cox-y-horacio-torrent-fueron-reconocidos-por-la-uc-por-sus-anos-de-labor-academica\/#respond\"]}]},{\"@type\":\"WebPage\",\"@id\":\"https:\/\/fadeu.urantiacos.cl\/en\/2022\/08\/29\/profesores-paz-cox-y-horacio-torrent-fueron-reconocidos-por-la-uc-por-sus-anos-de-labor-academica\/\",\"url\":\"https:\/\/fadeu.urantiacos.cl\/en\/2022\/08\/29\/profesores-paz-cox-y-horacio-torrent-fueron-reconocidos-por-la-uc-por-sus-anos-de-labor-academica\/\",\"name\":\"Profesores Paz Cox y Horacio Torrent fueron reconocidos por la UC por sus a\u00f1os de labor acad\u00e9mica - Facultad de Arquitectura, Dise\u00f1o y Estudios Urbanos\",\"isPartOf\":{\"@id\":\"https:\/\/fadeu.urantiacos.cl\/en\/#website\"},\"primaryImageOfPage\":{\"@id\":\"https:\/\/fadeu.urantiacos.cl\/en\/2022\/08\/29\/profesores-paz-cox-y-horacio-torrent-fueron-reconocidos-por-la-uc-por-sus-anos-de-labor-academica\/#primaryimage\"},\"image\":{\"@id\":\"https:\/\/fadeu.urantiacos.cl\/en\/2022\/08\/29\/profesores-paz-cox-y-horacio-torrent-fueron-reconocidos-por-la-uc-por-sus-anos-de-labor-academica\/#primaryimage\"},\"thumbnailUrl\":\"https:\/\/fadeu.urantiacos.cl\/wp-content\/uploads\/2023\/09\/WEB_WhatsApp_Image_2022-08-29_at_1.46.26_PM_2.jpg\",\"datePublished\":\"2022-08-30T00:31:00+00:00\",\"dateModified\":\"2023-09-04T00:34:11+00:00\",\"author\":{\"@id\":\"https:\/\/fadeu.urantiacos.cl\/en\/#\/schema\/person\/d203e2e84b1c40275eac77b3061a19a2\"},\"description\":\"Con la presencia de autoridades y profesores, en el Sal\u00f3n Fresno del Centro de Extensi\u00f3n, este viernes 26 de agosto se celebr\u00f3 el D\u00eda de la Trayectoria Acad\u00e9mica UC (antes llamado D\u00eda del Acad\u00e9mico y Acad\u00e9mica UC), que adem\u00e1s fue transmitido por el canal oficial de la instituci\u00f3n en Youtube.\",\"breadcrumb\":{\"@id\":\"https:\/\/fadeu.urantiacos.cl\/en\/2022\/08\/29\/profesores-paz-cox-y-horacio-torrent-fueron-reconocidos-por-la-uc-por-sus-anos-de-labor-academica\/#breadcrumb\"},\"inLanguage\":\"en-US\",\"potentialAction\":[{\"@type\":\"ReadAction\",\"target\":[\"https:\/\/fadeu.urantiacos.cl\/en\/2022\/08\/29\/profesores-paz-cox-y-horacio-torrent-fueron-reconocidos-por-la-uc-por-sus-anos-de-labor-academica\/\"]}]},{\"@type\":\"ImageObject\",\"inLanguage\":\"en-US\",\"@id\":\"https:\/\/fadeu.urantiacos.cl\/en\/2022\/08\/29\/profesores-paz-cox-y-horacio-torrent-fueron-reconocidos-por-la-uc-por-sus-anos-de-labor-academica\/#primaryimage\",\"url\":\"https:\/\/fadeu.urantiacos.cl\/wp-content\/uploads\/2023\/09\/WEB_WhatsApp_Image_2022-08-29_at_1.46.26_PM_2.jpg\",\"contentUrl\":\"https:\/\/fadeu.urantiacos.cl\/wp-content\/uploads\/2023\/09\/WEB_WhatsApp_Image_2022-08-29_at_1.46.26_PM_2.jpg\",\"width\":350,\"height\":250},{\"@type\":\"BreadcrumbList\",\"@id\":\"https:\/\/fadeu.urantiacos.cl\/en\/2022\/08\/29\/profesores-paz-cox-y-horacio-torrent-fueron-reconocidos-por-la-uc-por-sus-anos-de-labor-academica\/#breadcrumb\",\"itemListElement\":[{\"@type\":\"ListItem\",\"position\":1,\"name\":\"Portada\",\"item\":\"https:\/\/fadeu.urantiacos.cl\/en\/\"},{\"@type\":\"ListItem\",\"position\":2,\"name\":\"Profesores Paz Cox y Horacio Torrent fueron reconocidos por la UC por sus a\u00f1os de labor acad\u00e9mica\"}]},{\"@type\":\"WebSite\",\"@id\":\"https:\/\/fadeu.urantiacos.cl\/en\/#website\",\"url\":\"https:\/\/fadeu.urantiacos.cl\/en\/\",\"name\":\"Facultad de Arquitectura, Dise\u00f1o y Estudios Urbanos\",\"description\":\"Campus Lo Contador\",\"potentialAction\":[{\"@type\":\"SearchAction\",\"target\":{\"@type\":\"EntryPoint\",\"urlTemplate\":\"https:\/\/fadeu.urantiacos.cl\/en\/?s={search_term_string}\"},\"query-input\":{\"@type\":\"PropertyValueSpecification\",\"valueRequired\":true,\"valueName\":\"search_term_string\"}}],\"inLanguage\":\"en-US\"},{\"@type\":\"Person\",\"@id\":\"https:\/\/fadeu.urantiacos.cl\/en\/#\/schema\/person\/d203e2e84b1c40275eac77b3061a19a2\",\"name\":\"manadmin\",\"image\":{\"@type\":\"ImageObject\",\"inLanguage\":\"en-US\",\"@id\":\"https:\/\/fadeu.urantiacos.cl\/en\/#\/schema\/person\/image\/\",\"url\":\"https:\/\/secure.gravatar.com\/avatar\/4b1d8e3303b4a9d8968ac578947d8bc80d9aea359f388cdd4aac15cadc0e8447?s=96&d=mm&r=g\",\"contentUrl\":\"https:\/\/secure.gravatar.com\/avatar\/4b1d8e3303b4a9d8968ac578947d8bc80d9aea359f388cdd4aac15cadc0e8447?s=96&d=mm&r=g\",\"caption\":\"manadmin\"},\"sameAs\":[\"https:\/\/fadeu.urantiacos.cl\"]}]}<\/script>\n<!-- \/ Yoast SEO plugin. -->","yoast_head_json":{"title":"Profesores Paz Cox y Horacio Torrent fueron reconocidos por la UC por sus a\u00f1os de labor acad\u00e9mica - Facultad de Arquitectura, Dise\u00f1o y Estudios Urbanos","description":"Con la presencia de autoridades y profesores, en el Sal\u00f3n Fresno del Centro de Extensi\u00f3n, este viernes 26 de agosto se celebr\u00f3 el D\u00eda de la Trayectoria Acad\u00e9mica UC (antes llamado D\u00eda del Acad\u00e9mico y Acad\u00e9mica UC), que adem\u00e1s fue transmitido por el canal oficial de la instituci\u00f3n en Youtube.","robots":{"index":"index","follow":"follow","max-snippet":"max-snippet:-1","max-image-preview":"max-image-preview:large","max-video-preview":"max-video-preview:-1"},"canonical":"https:\/\/fadeu.urantiacos.cl\/en\/2022\/08\/29\/profesores-paz-cox-y-horacio-torrent-fueron-reconocidos-por-la-uc-por-sus-anos-de-labor-academica\/","og_locale":"en_US","og_type":"article","og_title":"Profesores Paz Cox y Horacio Torrent fueron reconocidos por la UC por sus a\u00f1os de labor acad\u00e9mica - Facultad de Arquitectura, Dise\u00f1o y Estudios Urbanos","og_description":"Con la presencia de autoridades y profesores, en el Sal\u00f3n Fresno del Centro de Extensi\u00f3n, este viernes 26 de agosto se celebr\u00f3 el D\u00eda de la Trayectoria Acad\u00e9mica UC (antes llamado D\u00eda del Acad\u00e9mico y Acad\u00e9mica UC), que adem\u00e1s fue transmitido por el canal oficial de la instituci\u00f3n en Youtube.","og_url":"https:\/\/fadeu.urantiacos.cl\/en\/2022\/08\/29\/profesores-paz-cox-y-horacio-torrent-fueron-reconocidos-por-la-uc-por-sus-anos-de-labor-academica\/","og_site_name":"Facultad de Arquitectura, Dise\u00f1o y Estudios Urbanos","article_published_time":"2022-08-30T00:31:00+00:00","article_modified_time":"2023-09-04T00:34:11+00:00","og_image":[{"width":350,"height":250,"url":"https:\/\/fadeu.urantiacos.cl\/wp-content\/uploads\/2023\/09\/WEB_WhatsApp_Image_2022-08-29_at_1.46.26_PM_2.jpg","type":"image\/jpeg"}],"author":"manadmin","twitter_card":"summary_large_image","twitter_misc":{"Written by":"manadmin","Est. reading time":"5 minutes"},"schema":{"@context":"https:\/\/schema.org","@graph":[{"@type":"Article","@id":"https:\/\/fadeu.urantiacos.cl\/en\/2022\/08\/29\/profesores-paz-cox-y-horacio-torrent-fueron-reconocidos-por-la-uc-por-sus-anos-de-labor-academica\/#article","isPartOf":{"@id":"https:\/\/fadeu.urantiacos.cl\/en\/2022\/08\/29\/profesores-paz-cox-y-horacio-torrent-fueron-reconocidos-por-la-uc-por-sus-anos-de-labor-academica\/"},"author":{"name":"manadmin","@id":"https:\/\/fadeu.urantiacos.cl\/en\/#\/schema\/person\/d203e2e84b1c40275eac77b3061a19a2"},"headline":"Profesores Paz Cox y Horacio Torrent fueron reconocidos por la UC por sus a\u00f1os de labor acad\u00e9mica","datePublished":"2022-08-30T00:31:00+00:00","dateModified":"2023-09-04T00:34:11+00:00","mainEntityOfPage":{"@id":"https:\/\/fadeu.urantiacos.cl\/en\/2022\/08\/29\/profesores-paz-cox-y-horacio-torrent-fueron-reconocidos-por-la-uc-por-sus-anos-de-labor-academica\/"},"wordCount":928,"commentCount":0,"image":{"@id":"https:\/\/fadeu.urantiacos.cl\/en\/2022\/08\/29\/profesores-paz-cox-y-horacio-torrent-fueron-reconocidos-por-la-uc-por-sus-anos-de-labor-academica\/#primaryimage"},"thumbnailUrl":"https:\/\/fadeu.urantiacos.cl\/wp-content\/uploads\/2023\/09\/WEB_WhatsApp_Image_2022-08-29_at_1.46.26_PM_2.jpg","articleSection":["Sin categorizar"],"inLanguage":"en-US","potentialAction":[{"@type":"CommentAction","name":"Comment","target":["https:\/\/fadeu.urantiacos.cl\/en\/2022\/08\/29\/profesores-paz-cox-y-horacio-torrent-fueron-reconocidos-por-la-uc-por-sus-anos-de-labor-academica\/#respond"]}]},{"@type":"WebPage","@id":"https:\/\/fadeu.urantiacos.cl\/en\/2022\/08\/29\/profesores-paz-cox-y-horacio-torrent-fueron-reconocidos-por-la-uc-por-sus-anos-de-labor-academica\/","url":"https:\/\/fadeu.urantiacos.cl\/en\/2022\/08\/29\/profesores-paz-cox-y-horacio-torrent-fueron-reconocidos-por-la-uc-por-sus-anos-de-labor-academica\/","name":"Profesores Paz Cox y Horacio Torrent fueron reconocidos por la UC por sus a\u00f1os de labor acad\u00e9mica - Facultad de Arquitectura, Dise\u00f1o y Estudios Urbanos","isPartOf":{"@id":"https:\/\/fadeu.urantiacos.cl\/en\/#website"},"primaryImageOfPage":{"@id":"https:\/\/fadeu.urantiacos.cl\/en\/2022\/08\/29\/profesores-paz-cox-y-horacio-torrent-fueron-reconocidos-por-la-uc-por-sus-anos-de-labor-academica\/#primaryimage"},"image":{"@id":"https:\/\/fadeu.urantiacos.cl\/en\/2022\/08\/29\/profesores-paz-cox-y-horacio-torrent-fueron-reconocidos-por-la-uc-por-sus-anos-de-labor-academica\/#primaryimage"},"thumbnailUrl":"https:\/\/fadeu.urantiacos.cl\/wp-content\/uploads\/2023\/09\/WEB_WhatsApp_Image_2022-08-29_at_1.46.26_PM_2.jpg","datePublished":"2022-08-30T00:31:00+00:00","dateModified":"2023-09-04T00:34:11+00:00","author":{"@id":"https:\/\/fadeu.urantiacos.cl\/en\/#\/schema\/person\/d203e2e84b1c40275eac77b3061a19a2"},"description":"Con la presencia de autoridades y profesores, en el Sal\u00f3n Fresno del Centro de Extensi\u00f3n, este viernes 26 de agosto se celebr\u00f3 el D\u00eda de la Trayectoria Acad\u00e9mica UC (antes llamado D\u00eda del Acad\u00e9mico y Acad\u00e9mica UC), que adem\u00e1s fue transmitido por el canal oficial de la instituci\u00f3n en Youtube.","breadcrumb":{"@id":"https:\/\/fadeu.urantiacos.cl\/en\/2022\/08\/29\/profesores-paz-cox-y-horacio-torrent-fueron-reconocidos-por-la-uc-por-sus-anos-de-labor-academica\/#breadcrumb"},"inLanguage":"en-US","potentialAction":[{"@type":"ReadAction","target":["https:\/\/fadeu.urantiacos.cl\/en\/2022\/08\/29\/profesores-paz-cox-y-horacio-torrent-fueron-reconocidos-por-la-uc-por-sus-anos-de-labor-academica\/"]}]},{"@type":"ImageObject","inLanguage":"en-US","@id":"https:\/\/fadeu.urantiacos.cl\/en\/2022\/08\/29\/profesores-paz-cox-y-horacio-torrent-fueron-reconocidos-por-la-uc-por-sus-anos-de-labor-academica\/#primaryimage","url":"https:\/\/fadeu.urantiacos.cl\/wp-content\/uploads\/2023\/09\/WEB_WhatsApp_Image_2022-08-29_at_1.46.26_PM_2.jpg","contentUrl":"https:\/\/fadeu.urantiacos.cl\/wp-content\/uploads\/2023\/09\/WEB_WhatsApp_Image_2022-08-29_at_1.46.26_PM_2.jpg","width":350,"height":250},{"@type":"BreadcrumbList","@id":"https:\/\/fadeu.urantiacos.cl\/en\/2022\/08\/29\/profesores-paz-cox-y-horacio-torrent-fueron-reconocidos-por-la-uc-por-sus-anos-de-labor-academica\/#breadcrumb","itemListElement":[{"@type":"ListItem","position":1,"name":"Portada","item":"https:\/\/fadeu.urantiacos.cl\/en\/"},{"@type":"ListItem","position":2,"name":"Profesores Paz Cox y Horacio Torrent fueron reconocidos por la UC por sus a\u00f1os de labor acad\u00e9mica"}]},{"@type":"WebSite","@id":"https:\/\/fadeu.urantiacos.cl\/en\/#website","url":"https:\/\/fadeu.urantiacos.cl\/en\/","name":"Facultad de Arquitectura, Dise\u00f1o y Estudios Urbanos","description":"Campus Lo Contador","potentialAction":[{"@type":"SearchAction","target":{"@type":"EntryPoint","urlTemplate":"https:\/\/fadeu.urantiacos.cl\/en\/?s={search_term_string}"},"query-input":{"@type":"PropertyValueSpecification","valueRequired":true,"valueName":"search_term_string"}}],"inLanguage":"en-US"},{"@type":"Person","@id":"https:\/\/fadeu.urantiacos.cl\/en\/#\/schema\/person\/d203e2e84b1c40275eac77b3061a19a2","name":"manadmin","image":{"@type":"ImageObject","inLanguage":"en-US","@id":"https:\/\/fadeu.urantiacos.cl\/en\/#\/schema\/person\/image\/","url":"https:\/\/secure.gravatar.com\/avatar\/4b1d8e3303b4a9d8968ac578947d8bc80d9aea359f388cdd4aac15cadc0e8447?s=96&d=mm&r=g","contentUrl":"https:\/\/secure.gravatar.com\/avatar\/4b1d8e3303b4a9d8968ac578947d8bc80d9aea359f388cdd4aac15cadc0e8447?s=96&d=mm&r=g","caption":"manadmin"},"sameAs":["https:\/\/fadeu.urantiacos.cl"]}]}},"_links":{"self":[{"href":"https:\/\/fadeu.urantiacos.cl\/en\/wp-json\/wp\/v2\/posts\/4264","targetHints":{"allow":["GET"]}}],"collection":[{"href":"https:\/\/fadeu.urantiacos.cl\/en\/wp-json\/wp\/v2\/posts"}],"about":[{"href":"https:\/\/fadeu.urantiacos.cl\/en\/wp-json\/wp\/v2\/types\/post"}],"author":[{"embeddable":true,"href":"https:\/\/fadeu.urantiacos.cl\/en\/wp-json\/wp\/v2\/users\/1"}],"replies":[{"embeddable":true,"href":"https:\/\/fadeu.urantiacos.cl\/en\/wp-json\/wp\/v2\/comments?post=4264"}],"version-history":[{"count":1,"href":"https:\/\/fadeu.urantiacos.cl\/en\/wp-json\/wp\/v2\/posts\/4264\/revisions"}],"predecessor-version":[{"id":4267,"href":"https:\/\/fadeu.urantiacos.cl\/en\/wp-json\/wp\/v2\/posts\/4264\/revisions\/4267"}],"wp:featuredmedia":[{"embeddable":true,"href":"https:\/\/fadeu.urantiacos.cl\/en\/wp-json\/wp\/v2\/media\/4265"}],"wp:attachment":[{"href":"https:\/\/fadeu.urantiacos.cl\/en\/wp-json\/wp\/v2\/media?parent=4264"}],"wp:term":[{"taxonomy":"category","embeddable":true,"href":"https:\/\/fadeu.urantiacos.cl\/en\/wp-json\/wp\/v2\/categories?post=4264"},{"taxonomy":"post_tag","embeddable":true,"href":"https:\/\/fadeu.urantiacos.cl\/en\/wp-json\/wp\/v2\/tags?post=4264"}],"curies":[{"name":"wp","href":"https:\/\/api.w.org\/{rel}","templated":true}]}}