{"id":4257,"date":"2022-08-29T21:24:00","date_gmt":"2022-08-30T00:24:00","guid":{"rendered":"https:\/\/fadeu.urantiacos.cl\/?p=4257"},"modified":"2023-09-03T21:31:06","modified_gmt":"2023-09-04T00:31:06","slug":"imaginarios-de-la-sal-la-nueva-exposicion-recientemente-inaugurada-en-galeria-gallo","status":"publish","type":"post","link":"https:\/\/fadeu.urantiacos.cl\/en\/2022\/08\/29\/imaginarios-de-la-sal-la-nueva-exposicion-recientemente-inaugurada-en-galeria-gallo\/","title":{"rendered":"Imaginarios de la Sal: la nueva exposici\u00f3n recientemente inaugurada en Galer\u00eda GALLO"},"content":{"rendered":"\n<p>Imaginarios de la Sal es la continuaci\u00f3n del proyecto de I+D investigaci\u00f3n y desarrollo material iniciado en el Design Museum de Londres, a partir de la resignificaci\u00f3n de minerales procesados y devaluados por la industria minera para construir nuevas narrativas en torno a nuestros recursos geol\u00f3gicos. El proyecto invita a reimaginar el valor de las sales descartadas como producto de distintas revoluciones y procesos tecnol\u00f3gico-culturales que han ido construyendo din\u00e1micos y fr\u00e1giles sistemas de valor en distintos momentos hist\u00f3ricos del mundo, desde la era del nitrato a la era del litio. En Gallo, se enfoca en experimentar con las sales de descarte que se producen como subproductos del litio del salar de Atacama, componentes de la rica y \u00fanica salmuera que hoy son desechos apilados sin ning\u00fan uso o potencial material.<\/p>\n\n\n\n<p>El proyecto es dirigido por M\u00e1le Uribe y desarrollado en colaboraci\u00f3n con Dr. \u00c1lvaro Videla y equipo del Laboratorio Tecnol\u00f3gico Avanzado para la Miner\u00eda de la Facultad de Ingenier\u00eda UC &#8211; Dictuc, con la colaboraci\u00f3n de las empresas Albemarle y Salmag, programaci\u00f3n audiovisual de braintechRM, dise\u00f1o gr\u00e1fico de Constanza Gaggero (UK), m\u00fasica de Debit (M\u00e9xico\/USA) y montaje de N.O.T.El Decano Mario Ubilla destac\u00f3 la tercera exposici\u00f3n de Galer\u00eda Gallo, y sostuvo que \u201ces emocionante y prometedor ver c\u00f3mo Galer\u00eda GALLO ha ido consolid\u00e1ndose como un espacio de difusi\u00f3n art\u00edstica y disciplinar, principalmente en materias de Arquitectura, Dise\u00f1o y estudios de la Ciudad, y en ese sentido me interesa reconocer la labor de los directores de nuestra Galer\u00eda: Macarena Cort\u00e9s y Patricio Pozo, quienes han dedicado tiempo y esfuerzos en la gestaci\u00f3n y crecimiento de este proyecto\u201d.\u201cEs muy interesante el proyecto de M\u00e1le Uribe en cuanto a proponer el re-uso de los materiales de descarte del rubro de la miner\u00eda, lo que abre un abanico de posibilidades que tienen expresi\u00f3n en una relaci\u00f3n m\u00e1s amigable con el medio ambiente, en la creaci\u00f3n de nuevas formas de uso de materiales, fortalecer el reciclaje y hacer hincapi\u00e9 respecto de temas tan relevantes como \u00e9stos\u201d, agreg\u00f3 Ubilla.<\/p>\n\n\n\n<p>En la ocasi\u00f3n tambi\u00e9n hizo uso de la palabra Ignacio Ignacio Mehech, Country Manager de Albemarle, empresa qu\u00edmica de las mayores productoras de litio del mundo. \u201cAl ser pioneros en el desarrollo de la industria del litio junto a CORFO, tenemos el compromiso de producir litio sostenible, mineral clave para la revoluci\u00f3n tecnol\u00f3gica en marcha y fundamental para la electromovilidad que reducir\u00e1 de manera significativa la emisi\u00f3n de gases efecto invernadero para as\u00ed hacer frente al cambio clim\u00e1tico\u201d, dijo.M\u00e1le Uribe<\/p>\n\n\n\n<p>M\u00e1le Uribe es arquitecta en la Universidad Cat\u00f3lica de Chile y master en Information Experience Design Royal College of Art de Londres. Su trabajo se centra en comunicar narrativas en torno a nuestra cultura material y recursos naturales a distintas escalas y formatos del arte y el dise\u00f1o, como arquitectura, mobiliario, dise\u00f1o de exhibiciones, instalaciones multimedia, dise\u00f1o de productos y superificies escult\u00f3ricas de gran escala. En 2019 fue seleccionada como designer in residence en el Design Museum, donde desarroll\u00f3 la primera parte de su investigaci\u00f3n en torno a reimaginar las sales de descarte en las regiones de Antofagasta y Tarapac\u00e1. Su obra ha sido publicada en influyentes medios internacionales como Dezeen, London Design Festival, Virtual Design Festival, Design Week Magazine.<\/p>\n\n\n\n<p>Su exposici\u00f3n estar\u00e1 disponible en la Galer\u00eda GALLO del campus Lo Contador hasta el 14 de octubre.<\/p>\n\n\n\n<p>Galer\u00eda GALLO GALLO es auspiciada por Swatch.<\/p>\n\n\n\n<p>Imaginarios de la Sal cuenta, adem\u00e1s, con la colaboraci\u00f3n y auspicio de Albemarle, Salmag, Epson, Centro de Nacional de Pilotaje y Dictuc.<\/p>\n\n\n\n<figure class=\"wp-block-image size-large\"><img decoding=\"async\" width=\"1024\" height=\"819\" src=\"https:\/\/fadeu.urantiacos.cl\/wp-content\/uploads\/2023\/09\/20220827_Male_Uribe_galeria_Gallo_low_res_1080px-1-1024x819.jpg\" alt=\"\" class=\"wp-image-4258\" srcset=\"https:\/\/fadeu.urantiacos.cl\/wp-content\/uploads\/2023\/09\/20220827_Male_Uribe_galeria_Gallo_low_res_1080px-1-1024x819.jpg 1024w, https:\/\/fadeu.urantiacos.cl\/wp-content\/uploads\/2023\/09\/20220827_Male_Uribe_galeria_Gallo_low_res_1080px-1-300x240.jpg 300w, https:\/\/fadeu.urantiacos.cl\/wp-content\/uploads\/2023\/09\/20220827_Male_Uribe_galeria_Gallo_low_res_1080px-1-768x614.jpg 768w, https:\/\/fadeu.urantiacos.cl\/wp-content\/uploads\/2023\/09\/20220827_Male_Uribe_galeria_Gallo_low_res_1080px-1.jpg 1080w\" sizes=\"(max-width: 1024px) 100vw, 1024px\" \/><\/figure>\n\n\n\n<p>por Francisco Ib\u00e1\u00f1ez<\/p>\n\n\n\n<p>@estudioibanez<\/p>\n\n\n\n<figure class=\"wp-block-image size-large\"><img decoding=\"async\" width=\"768\" height=\"1024\" src=\"https:\/\/fadeu.urantiacos.cl\/wp-content\/uploads\/2023\/09\/20220827_Male_Uribe_galeria_Gallo_low_res_1080px-4-768x1024.jpg\" alt=\"\" class=\"wp-image-4259\" srcset=\"https:\/\/fadeu.urantiacos.cl\/wp-content\/uploads\/2023\/09\/20220827_Male_Uribe_galeria_Gallo_low_res_1080px-4-768x1024.jpg 768w, https:\/\/fadeu.urantiacos.cl\/wp-content\/uploads\/2023\/09\/20220827_Male_Uribe_galeria_Gallo_low_res_1080px-4-225x300.jpg 225w, https:\/\/fadeu.urantiacos.cl\/wp-content\/uploads\/2023\/09\/20220827_Male_Uribe_galeria_Gallo_low_res_1080px-4.jpg 810w\" sizes=\"(max-width: 768px) 100vw, 768px\" \/><\/figure>\n\n\n\n<p>por Francisco Ib\u00e1\u00f1ez<\/p>\n\n\n\n<p>@estudioibanez<\/p>\n\n\n\n<figure class=\"wp-block-image size-large\"><img decoding=\"async\" width=\"1024\" height=\"768\" src=\"https:\/\/fadeu.urantiacos.cl\/wp-content\/uploads\/2023\/09\/20220827_Male_Uribe_galeria_Gallo_low_res_1080px-9-1024x768.jpg\" alt=\"\" class=\"wp-image-4260\" srcset=\"https:\/\/fadeu.urantiacos.cl\/wp-content\/uploads\/2023\/09\/20220827_Male_Uribe_galeria_Gallo_low_res_1080px-9-1024x768.jpg 1024w, https:\/\/fadeu.urantiacos.cl\/wp-content\/uploads\/2023\/09\/20220827_Male_Uribe_galeria_Gallo_low_res_1080px-9-300x225.jpg 300w, https:\/\/fadeu.urantiacos.cl\/wp-content\/uploads\/2023\/09\/20220827_Male_Uribe_galeria_Gallo_low_res_1080px-9-768x576.jpg 768w, https:\/\/fadeu.urantiacos.cl\/wp-content\/uploads\/2023\/09\/20220827_Male_Uribe_galeria_Gallo_low_res_1080px-9.jpg 1080w\" sizes=\"(max-width: 1024px) 100vw, 1024px\" \/><\/figure>\n\n\n\n<p>por Francisco Ib\u00e1\u00f1ez<\/p>\n\n\n\n<p>@estudioibanez<\/p>\n\n\n\n<figure class=\"wp-block-image size-large\"><img decoding=\"async\" width=\"1024\" height=\"731\" src=\"https:\/\/fadeu.urantiacos.cl\/wp-content\/uploads\/2023\/09\/20220827_Male_Uribe_galeria_Gallo_low_res_1080px-10-1024x731.jpg\" alt=\"\" class=\"wp-image-4261\" srcset=\"https:\/\/fadeu.urantiacos.cl\/wp-content\/uploads\/2023\/09\/20220827_Male_Uribe_galeria_Gallo_low_res_1080px-10-1024x731.jpg 1024w, https:\/\/fadeu.urantiacos.cl\/wp-content\/uploads\/2023\/09\/20220827_Male_Uribe_galeria_Gallo_low_res_1080px-10-300x214.jpg 300w, https:\/\/fadeu.urantiacos.cl\/wp-content\/uploads\/2023\/09\/20220827_Male_Uribe_galeria_Gallo_low_res_1080px-10-768x548.jpg 768w, https:\/\/fadeu.urantiacos.cl\/wp-content\/uploads\/2023\/09\/20220827_Male_Uribe_galeria_Gallo_low_res_1080px-10.jpg 1080w\" sizes=\"(max-width: 1024px) 100vw, 1024px\" \/><\/figure>\n\n\n\n<p>INFORMACI\u00d3N PERIOD\u00cdSTICA<br>JUAN ANDR\u00c9S INZUNZA<\/p>\n","protected":false},"excerpt":{"rendered":"<p>Imaginarios de la Sal, de Studio M\u00e1le, es la exposici\u00f3n que actualmente est\u00e1 montada en la Galer\u00eda GALLO, del campus Lo Contador, y que fue recientemente inaugurada por el Decano de la Facultad de Arquitectura, Dise\u00f1o y Estudios Urbanos, Mario Ubilla, junto a los directores de la galer\u00eda, Macarena Cort\u00e9s y Patricio Pozo, en una instancia desarrollada en el Patio de Madera, amenizada por la DJ Mariana Montenegro.<\/p>\n","protected":false},"author":1,"featured_media":4262,"comment_status":"open","ping_status":"open","sticky":false,"template":"","format":"standard","meta":{"_acf_changed":false,"footnotes":""},"categories":[1],"tags":[],"class_list":["post-4257","post","type-post","status-publish","format-standard","has-post-thumbnail","hentry","category-sin-categorizar"],"acf":[],"yoast_head":"<!-- This site is optimized with the Yoast SEO plugin v27.1.1 - https:\/\/yoast.com\/product\/yoast-seo-wordpress\/ -->\n<title>Imaginarios de la Sal: la nueva exposici\u00f3n recientemente inaugurada en Galer\u00eda GALLO - Facultad de Arquitectura, Dise\u00f1o y Estudios Urbanos<\/title>\n<meta name=\"description\" content=\"Imaginarios de la Sal, de Studio M\u00e1le, es la exposici\u00f3n que actualmente est\u00e1 montada en la Galer\u00eda GALLO, del campus Lo Contador, y que fue recientemente inaugurada por el Decano de la Facultad de Arquitectura, Dise\u00f1o y Estudios Urbanos, Mario Ubilla, junto a los directores de la galer\u00eda, Macarena Cort\u00e9s y Patricio Pozo, en una instancia desarrollada en el Patio de Madera, amenizada por la DJ Mariana Montenegro.\" \/>\n<meta name=\"robots\" content=\"index, follow, max-snippet:-1, max-image-preview:large, max-video-preview:-1\" \/>\n<link rel=\"canonical\" href=\"https:\/\/fadeu.urantiacos.cl\/en\/2022\/08\/29\/imaginarios-de-la-sal-la-nueva-exposicion-recientemente-inaugurada-en-galeria-gallo\/\" \/>\n<meta property=\"og:locale\" content=\"en_US\" \/>\n<meta property=\"og:type\" content=\"article\" \/>\n<meta property=\"og:title\" content=\"Imaginarios de la Sal: la nueva exposici\u00f3n recientemente inaugurada en Galer\u00eda GALLO - Facultad de Arquitectura, Dise\u00f1o y Estudios Urbanos\" \/>\n<meta property=\"og:description\" content=\"Imaginarios de la Sal, de Studio M\u00e1le, es la exposici\u00f3n que actualmente est\u00e1 montada en la Galer\u00eda GALLO, del campus Lo Contador, y que fue recientemente inaugurada por el Decano de la Facultad de Arquitectura, Dise\u00f1o y Estudios Urbanos, Mario Ubilla, junto a los directores de la galer\u00eda, Macarena Cort\u00e9s y Patricio Pozo, en una instancia desarrollada en el Patio de Madera, amenizada por la DJ Mariana Montenegro.\" \/>\n<meta property=\"og:url\" content=\"https:\/\/fadeu.urantiacos.cl\/en\/2022\/08\/29\/imaginarios-de-la-sal-la-nueva-exposicion-recientemente-inaugurada-en-galeria-gallo\/\" \/>\n<meta property=\"og:site_name\" content=\"Facultad de Arquitectura, Dise\u00f1o y Estudios Urbanos\" \/>\n<meta property=\"article:published_time\" content=\"2022-08-30T00:24:00+00:00\" \/>\n<meta property=\"article:modified_time\" content=\"2023-09-04T00:31:06+00:00\" \/>\n<meta property=\"og:image\" content=\"https:\/\/fadeu.urantiacos.cl\/wp-content\/uploads\/2023\/09\/web_20220827_Male_Uribe_galeria_Gallo_low_res_1080px-9.jpg\" \/>\n\t<meta property=\"og:image:width\" content=\"350\" \/>\n\t<meta property=\"og:image:height\" content=\"250\" \/>\n\t<meta property=\"og:image:type\" content=\"image\/jpeg\" \/>\n<meta name=\"author\" content=\"manadmin\" \/>\n<meta name=\"twitter:card\" content=\"summary_large_image\" \/>\n<meta name=\"twitter:label1\" content=\"Written by\" \/>\n\t<meta name=\"twitter:data1\" content=\"manadmin\" \/>\n\t<meta name=\"twitter:label2\" content=\"Est. reading time\" \/>\n\t<meta name=\"twitter:data2\" content=\"3 minutes\" \/>\n<script type=\"application\/ld+json\" class=\"yoast-schema-graph\">{\"@context\":\"https:\/\/schema.org\",\"@graph\":[{\"@type\":\"Article\",\"@id\":\"https:\/\/fadeu.urantiacos.cl\/en\/2022\/08\/29\/imaginarios-de-la-sal-la-nueva-exposicion-recientemente-inaugurada-en-galeria-gallo\/#article\",\"isPartOf\":{\"@id\":\"https:\/\/fadeu.urantiacos.cl\/en\/2022\/08\/29\/imaginarios-de-la-sal-la-nueva-exposicion-recientemente-inaugurada-en-galeria-gallo\/\"},\"author\":{\"name\":\"manadmin\",\"@id\":\"https:\/\/fadeu.urantiacos.cl\/en\/#\/schema\/person\/d203e2e84b1c40275eac77b3061a19a2\"},\"headline\":\"Imaginarios de la Sal: la nueva exposici\u00f3n recientemente inaugurada en Galer\u00eda GALLO\",\"datePublished\":\"2022-08-30T00:24:00+00:00\",\"dateModified\":\"2023-09-04T00:31:06+00:00\",\"mainEntityOfPage\":{\"@id\":\"https:\/\/fadeu.urantiacos.cl\/en\/2022\/08\/29\/imaginarios-de-la-sal-la-nueva-exposicion-recientemente-inaugurada-en-galeria-gallo\/\"},\"wordCount\":678,\"commentCount\":0,\"image\":{\"@id\":\"https:\/\/fadeu.urantiacos.cl\/en\/2022\/08\/29\/imaginarios-de-la-sal-la-nueva-exposicion-recientemente-inaugurada-en-galeria-gallo\/#primaryimage\"},\"thumbnailUrl\":\"https:\/\/fadeu.urantiacos.cl\/wp-content\/uploads\/2023\/09\/web_20220827_Male_Uribe_galeria_Gallo_low_res_1080px-9.jpg\",\"articleSection\":[\"Sin categorizar\"],\"inLanguage\":\"en-US\",\"potentialAction\":[{\"@type\":\"CommentAction\",\"name\":\"Comment\",\"target\":[\"https:\/\/fadeu.urantiacos.cl\/en\/2022\/08\/29\/imaginarios-de-la-sal-la-nueva-exposicion-recientemente-inaugurada-en-galeria-gallo\/#respond\"]}]},{\"@type\":\"WebPage\",\"@id\":\"https:\/\/fadeu.urantiacos.cl\/en\/2022\/08\/29\/imaginarios-de-la-sal-la-nueva-exposicion-recientemente-inaugurada-en-galeria-gallo\/\",\"url\":\"https:\/\/fadeu.urantiacos.cl\/en\/2022\/08\/29\/imaginarios-de-la-sal-la-nueva-exposicion-recientemente-inaugurada-en-galeria-gallo\/\",\"name\":\"Imaginarios de la Sal: la nueva exposici\u00f3n recientemente inaugurada en Galer\u00eda GALLO - Facultad de Arquitectura, Dise\u00f1o y Estudios Urbanos\",\"isPartOf\":{\"@id\":\"https:\/\/fadeu.urantiacos.cl\/en\/#website\"},\"primaryImageOfPage\":{\"@id\":\"https:\/\/fadeu.urantiacos.cl\/en\/2022\/08\/29\/imaginarios-de-la-sal-la-nueva-exposicion-recientemente-inaugurada-en-galeria-gallo\/#primaryimage\"},\"image\":{\"@id\":\"https:\/\/fadeu.urantiacos.cl\/en\/2022\/08\/29\/imaginarios-de-la-sal-la-nueva-exposicion-recientemente-inaugurada-en-galeria-gallo\/#primaryimage\"},\"thumbnailUrl\":\"https:\/\/fadeu.urantiacos.cl\/wp-content\/uploads\/2023\/09\/web_20220827_Male_Uribe_galeria_Gallo_low_res_1080px-9.jpg\",\"datePublished\":\"2022-08-30T00:24:00+00:00\",\"dateModified\":\"2023-09-04T00:31:06+00:00\",\"author\":{\"@id\":\"https:\/\/fadeu.urantiacos.cl\/en\/#\/schema\/person\/d203e2e84b1c40275eac77b3061a19a2\"},\"description\":\"Imaginarios de la Sal, de Studio M\u00e1le, es la exposici\u00f3n que actualmente est\u00e1 montada en la Galer\u00eda GALLO, del campus Lo Contador, y que fue recientemente inaugurada por el Decano de la Facultad de Arquitectura, Dise\u00f1o y Estudios Urbanos, Mario Ubilla, junto a los directores de la galer\u00eda, Macarena Cort\u00e9s y Patricio Pozo, en una instancia desarrollada en el Patio de Madera, amenizada por la DJ Mariana Montenegro.\",\"breadcrumb\":{\"@id\":\"https:\/\/fadeu.urantiacos.cl\/en\/2022\/08\/29\/imaginarios-de-la-sal-la-nueva-exposicion-recientemente-inaugurada-en-galeria-gallo\/#breadcrumb\"},\"inLanguage\":\"en-US\",\"potentialAction\":[{\"@type\":\"ReadAction\",\"target\":[\"https:\/\/fadeu.urantiacos.cl\/en\/2022\/08\/29\/imaginarios-de-la-sal-la-nueva-exposicion-recientemente-inaugurada-en-galeria-gallo\/\"]}]},{\"@type\":\"ImageObject\",\"inLanguage\":\"en-US\",\"@id\":\"https:\/\/fadeu.urantiacos.cl\/en\/2022\/08\/29\/imaginarios-de-la-sal-la-nueva-exposicion-recientemente-inaugurada-en-galeria-gallo\/#primaryimage\",\"url\":\"https:\/\/fadeu.urantiacos.cl\/wp-content\/uploads\/2023\/09\/web_20220827_Male_Uribe_galeria_Gallo_low_res_1080px-9.jpg\",\"contentUrl\":\"https:\/\/fadeu.urantiacos.cl\/wp-content\/uploads\/2023\/09\/web_20220827_Male_Uribe_galeria_Gallo_low_res_1080px-9.jpg\",\"width\":350,\"height\":250},{\"@type\":\"BreadcrumbList\",\"@id\":\"https:\/\/fadeu.urantiacos.cl\/en\/2022\/08\/29\/imaginarios-de-la-sal-la-nueva-exposicion-recientemente-inaugurada-en-galeria-gallo\/#breadcrumb\",\"itemListElement\":[{\"@type\":\"ListItem\",\"position\":1,\"name\":\"Portada\",\"item\":\"https:\/\/fadeu.urantiacos.cl\/en\/\"},{\"@type\":\"ListItem\",\"position\":2,\"name\":\"Imaginarios de la Sal: la nueva exposici\u00f3n recientemente inaugurada en Galer\u00eda GALLO\"}]},{\"@type\":\"WebSite\",\"@id\":\"https:\/\/fadeu.urantiacos.cl\/en\/#website\",\"url\":\"https:\/\/fadeu.urantiacos.cl\/en\/\",\"name\":\"Facultad de Arquitectura, Dise\u00f1o y Estudios Urbanos\",\"description\":\"Campus Lo Contador\",\"potentialAction\":[{\"@type\":\"SearchAction\",\"target\":{\"@type\":\"EntryPoint\",\"urlTemplate\":\"https:\/\/fadeu.urantiacos.cl\/en\/?s={search_term_string}\"},\"query-input\":{\"@type\":\"PropertyValueSpecification\",\"valueRequired\":true,\"valueName\":\"search_term_string\"}}],\"inLanguage\":\"en-US\"},{\"@type\":\"Person\",\"@id\":\"https:\/\/fadeu.urantiacos.cl\/en\/#\/schema\/person\/d203e2e84b1c40275eac77b3061a19a2\",\"name\":\"manadmin\",\"image\":{\"@type\":\"ImageObject\",\"inLanguage\":\"en-US\",\"@id\":\"https:\/\/fadeu.urantiacos.cl\/en\/#\/schema\/person\/image\/\",\"url\":\"https:\/\/secure.gravatar.com\/avatar\/4b1d8e3303b4a9d8968ac578947d8bc80d9aea359f388cdd4aac15cadc0e8447?s=96&d=mm&r=g\",\"contentUrl\":\"https:\/\/secure.gravatar.com\/avatar\/4b1d8e3303b4a9d8968ac578947d8bc80d9aea359f388cdd4aac15cadc0e8447?s=96&d=mm&r=g\",\"caption\":\"manadmin\"},\"sameAs\":[\"https:\/\/fadeu.urantiacos.cl\"]}]}<\/script>\n<!-- \/ Yoast SEO plugin. -->","yoast_head_json":{"title":"Imaginarios de la Sal: la nueva exposici\u00f3n recientemente inaugurada en Galer\u00eda GALLO - Facultad de Arquitectura, Dise\u00f1o y Estudios Urbanos","description":"Imaginarios de la Sal, de Studio M\u00e1le, es la exposici\u00f3n que actualmente est\u00e1 montada en la Galer\u00eda GALLO, del campus Lo Contador, y que fue recientemente inaugurada por el Decano de la Facultad de Arquitectura, Dise\u00f1o y Estudios Urbanos, Mario Ubilla, junto a los directores de la galer\u00eda, Macarena Cort\u00e9s y Patricio Pozo, en una instancia desarrollada en el Patio de Madera, amenizada por la DJ Mariana Montenegro.","robots":{"index":"index","follow":"follow","max-snippet":"max-snippet:-1","max-image-preview":"max-image-preview:large","max-video-preview":"max-video-preview:-1"},"canonical":"https:\/\/fadeu.urantiacos.cl\/en\/2022\/08\/29\/imaginarios-de-la-sal-la-nueva-exposicion-recientemente-inaugurada-en-galeria-gallo\/","og_locale":"en_US","og_type":"article","og_title":"Imaginarios de la Sal: la nueva exposici\u00f3n recientemente inaugurada en Galer\u00eda GALLO - Facultad de Arquitectura, Dise\u00f1o y Estudios Urbanos","og_description":"Imaginarios de la Sal, de Studio M\u00e1le, es la exposici\u00f3n que actualmente est\u00e1 montada en la Galer\u00eda GALLO, del campus Lo Contador, y que fue recientemente inaugurada por el Decano de la Facultad de Arquitectura, Dise\u00f1o y Estudios Urbanos, Mario Ubilla, junto a los directores de la galer\u00eda, Macarena Cort\u00e9s y Patricio Pozo, en una instancia desarrollada en el Patio de Madera, amenizada por la DJ Mariana Montenegro.","og_url":"https:\/\/fadeu.urantiacos.cl\/en\/2022\/08\/29\/imaginarios-de-la-sal-la-nueva-exposicion-recientemente-inaugurada-en-galeria-gallo\/","og_site_name":"Facultad de Arquitectura, Dise\u00f1o y Estudios Urbanos","article_published_time":"2022-08-30T00:24:00+00:00","article_modified_time":"2023-09-04T00:31:06+00:00","og_image":[{"width":350,"height":250,"url":"https:\/\/fadeu.urantiacos.cl\/wp-content\/uploads\/2023\/09\/web_20220827_Male_Uribe_galeria_Gallo_low_res_1080px-9.jpg","type":"image\/jpeg"}],"author":"manadmin","twitter_card":"summary_large_image","twitter_misc":{"Written by":"manadmin","Est. reading time":"3 minutes"},"schema":{"@context":"https:\/\/schema.org","@graph":[{"@type":"Article","@id":"https:\/\/fadeu.urantiacos.cl\/en\/2022\/08\/29\/imaginarios-de-la-sal-la-nueva-exposicion-recientemente-inaugurada-en-galeria-gallo\/#article","isPartOf":{"@id":"https:\/\/fadeu.urantiacos.cl\/en\/2022\/08\/29\/imaginarios-de-la-sal-la-nueva-exposicion-recientemente-inaugurada-en-galeria-gallo\/"},"author":{"name":"manadmin","@id":"https:\/\/fadeu.urantiacos.cl\/en\/#\/schema\/person\/d203e2e84b1c40275eac77b3061a19a2"},"headline":"Imaginarios de la Sal: la nueva exposici\u00f3n recientemente inaugurada en Galer\u00eda GALLO","datePublished":"2022-08-30T00:24:00+00:00","dateModified":"2023-09-04T00:31:06+00:00","mainEntityOfPage":{"@id":"https:\/\/fadeu.urantiacos.cl\/en\/2022\/08\/29\/imaginarios-de-la-sal-la-nueva-exposicion-recientemente-inaugurada-en-galeria-gallo\/"},"wordCount":678,"commentCount":0,"image":{"@id":"https:\/\/fadeu.urantiacos.cl\/en\/2022\/08\/29\/imaginarios-de-la-sal-la-nueva-exposicion-recientemente-inaugurada-en-galeria-gallo\/#primaryimage"},"thumbnailUrl":"https:\/\/fadeu.urantiacos.cl\/wp-content\/uploads\/2023\/09\/web_20220827_Male_Uribe_galeria_Gallo_low_res_1080px-9.jpg","articleSection":["Sin categorizar"],"inLanguage":"en-US","potentialAction":[{"@type":"CommentAction","name":"Comment","target":["https:\/\/fadeu.urantiacos.cl\/en\/2022\/08\/29\/imaginarios-de-la-sal-la-nueva-exposicion-recientemente-inaugurada-en-galeria-gallo\/#respond"]}]},{"@type":"WebPage","@id":"https:\/\/fadeu.urantiacos.cl\/en\/2022\/08\/29\/imaginarios-de-la-sal-la-nueva-exposicion-recientemente-inaugurada-en-galeria-gallo\/","url":"https:\/\/fadeu.urantiacos.cl\/en\/2022\/08\/29\/imaginarios-de-la-sal-la-nueva-exposicion-recientemente-inaugurada-en-galeria-gallo\/","name":"Imaginarios de la Sal: la nueva exposici\u00f3n recientemente inaugurada en Galer\u00eda GALLO - Facultad de Arquitectura, Dise\u00f1o y Estudios Urbanos","isPartOf":{"@id":"https:\/\/fadeu.urantiacos.cl\/en\/#website"},"primaryImageOfPage":{"@id":"https:\/\/fadeu.urantiacos.cl\/en\/2022\/08\/29\/imaginarios-de-la-sal-la-nueva-exposicion-recientemente-inaugurada-en-galeria-gallo\/#primaryimage"},"image":{"@id":"https:\/\/fadeu.urantiacos.cl\/en\/2022\/08\/29\/imaginarios-de-la-sal-la-nueva-exposicion-recientemente-inaugurada-en-galeria-gallo\/#primaryimage"},"thumbnailUrl":"https:\/\/fadeu.urantiacos.cl\/wp-content\/uploads\/2023\/09\/web_20220827_Male_Uribe_galeria_Gallo_low_res_1080px-9.jpg","datePublished":"2022-08-30T00:24:00+00:00","dateModified":"2023-09-04T00:31:06+00:00","author":{"@id":"https:\/\/fadeu.urantiacos.cl\/en\/#\/schema\/person\/d203e2e84b1c40275eac77b3061a19a2"},"description":"Imaginarios de la Sal, de Studio M\u00e1le, es la exposici\u00f3n que actualmente est\u00e1 montada en la Galer\u00eda GALLO, del campus Lo Contador, y que fue recientemente inaugurada por el Decano de la Facultad de Arquitectura, Dise\u00f1o y Estudios Urbanos, Mario Ubilla, junto a los directores de la galer\u00eda, Macarena Cort\u00e9s y Patricio Pozo, en una instancia desarrollada en el Patio de Madera, amenizada por la DJ Mariana Montenegro.","breadcrumb":{"@id":"https:\/\/fadeu.urantiacos.cl\/en\/2022\/08\/29\/imaginarios-de-la-sal-la-nueva-exposicion-recientemente-inaugurada-en-galeria-gallo\/#breadcrumb"},"inLanguage":"en-US","potentialAction":[{"@type":"ReadAction","target":["https:\/\/fadeu.urantiacos.cl\/en\/2022\/08\/29\/imaginarios-de-la-sal-la-nueva-exposicion-recientemente-inaugurada-en-galeria-gallo\/"]}]},{"@type":"ImageObject","inLanguage":"en-US","@id":"https:\/\/fadeu.urantiacos.cl\/en\/2022\/08\/29\/imaginarios-de-la-sal-la-nueva-exposicion-recientemente-inaugurada-en-galeria-gallo\/#primaryimage","url":"https:\/\/fadeu.urantiacos.cl\/wp-content\/uploads\/2023\/09\/web_20220827_Male_Uribe_galeria_Gallo_low_res_1080px-9.jpg","contentUrl":"https:\/\/fadeu.urantiacos.cl\/wp-content\/uploads\/2023\/09\/web_20220827_Male_Uribe_galeria_Gallo_low_res_1080px-9.jpg","width":350,"height":250},{"@type":"BreadcrumbList","@id":"https:\/\/fadeu.urantiacos.cl\/en\/2022\/08\/29\/imaginarios-de-la-sal-la-nueva-exposicion-recientemente-inaugurada-en-galeria-gallo\/#breadcrumb","itemListElement":[{"@type":"ListItem","position":1,"name":"Portada","item":"https:\/\/fadeu.urantiacos.cl\/en\/"},{"@type":"ListItem","position":2,"name":"Imaginarios de la Sal: la nueva exposici\u00f3n recientemente inaugurada en Galer\u00eda GALLO"}]},{"@type":"WebSite","@id":"https:\/\/fadeu.urantiacos.cl\/en\/#website","url":"https:\/\/fadeu.urantiacos.cl\/en\/","name":"Facultad de Arquitectura, Dise\u00f1o y Estudios Urbanos","description":"Campus Lo Contador","potentialAction":[{"@type":"SearchAction","target":{"@type":"EntryPoint","urlTemplate":"https:\/\/fadeu.urantiacos.cl\/en\/?s={search_term_string}"},"query-input":{"@type":"PropertyValueSpecification","valueRequired":true,"valueName":"search_term_string"}}],"inLanguage":"en-US"},{"@type":"Person","@id":"https:\/\/fadeu.urantiacos.cl\/en\/#\/schema\/person\/d203e2e84b1c40275eac77b3061a19a2","name":"manadmin","image":{"@type":"ImageObject","inLanguage":"en-US","@id":"https:\/\/fadeu.urantiacos.cl\/en\/#\/schema\/person\/image\/","url":"https:\/\/secure.gravatar.com\/avatar\/4b1d8e3303b4a9d8968ac578947d8bc80d9aea359f388cdd4aac15cadc0e8447?s=96&d=mm&r=g","contentUrl":"https:\/\/secure.gravatar.com\/avatar\/4b1d8e3303b4a9d8968ac578947d8bc80d9aea359f388cdd4aac15cadc0e8447?s=96&d=mm&r=g","caption":"manadmin"},"sameAs":["https:\/\/fadeu.urantiacos.cl"]}]}},"_links":{"self":[{"href":"https:\/\/fadeu.urantiacos.cl\/en\/wp-json\/wp\/v2\/posts\/4257","targetHints":{"allow":["GET"]}}],"collection":[{"href":"https:\/\/fadeu.urantiacos.cl\/en\/wp-json\/wp\/v2\/posts"}],"about":[{"href":"https:\/\/fadeu.urantiacos.cl\/en\/wp-json\/wp\/v2\/types\/post"}],"author":[{"embeddable":true,"href":"https:\/\/fadeu.urantiacos.cl\/en\/wp-json\/wp\/v2\/users\/1"}],"replies":[{"embeddable":true,"href":"https:\/\/fadeu.urantiacos.cl\/en\/wp-json\/wp\/v2\/comments?post=4257"}],"version-history":[{"count":1,"href":"https:\/\/fadeu.urantiacos.cl\/en\/wp-json\/wp\/v2\/posts\/4257\/revisions"}],"predecessor-version":[{"id":4263,"href":"https:\/\/fadeu.urantiacos.cl\/en\/wp-json\/wp\/v2\/posts\/4257\/revisions\/4263"}],"wp:featuredmedia":[{"embeddable":true,"href":"https:\/\/fadeu.urantiacos.cl\/en\/wp-json\/wp\/v2\/media\/4262"}],"wp:attachment":[{"href":"https:\/\/fadeu.urantiacos.cl\/en\/wp-json\/wp\/v2\/media?parent=4257"}],"wp:term":[{"taxonomy":"category","embeddable":true,"href":"https:\/\/fadeu.urantiacos.cl\/en\/wp-json\/wp\/v2\/categories?post=4257"},{"taxonomy":"post_tag","embeddable":true,"href":"https:\/\/fadeu.urantiacos.cl\/en\/wp-json\/wp\/v2\/tags?post=4257"}],"curies":[{"name":"wp","href":"https:\/\/api.w.org\/{rel}","templated":true}]}}